{"id":90902,"date":"2026-09-01T15:04:13","date_gmt":"2026-09-01T18:04:13","guid":{"rendered":"https:\/\/noticiasribeiraopreto.com.br\/index.php\/2026\/09\/01\/cascavel-e-encontrada-por-trabalhadores-durante-obra-de-galeria-de-esgoto-video\/"},"modified":"2026-09-01T15:04:13","modified_gmt":"2026-09-01T18:04:13","slug":"cascavel-e-encontrada-por-trabalhadores-durante-obra-de-galeria-de-esgoto-video","status":"publish","type":"post","link":"https:\/\/noticiasribeiraopreto.com.br\/index.php\/2026\/09\/01\/cascavel-e-encontrada-por-trabalhadores-durante-obra-de-galeria-de-esgoto-video\/","title":{"rendered":"Cascavel \u00e9 encontrada por trabalhadores durante obra de galeria de esgoto; V\u00cdDEO"},"content":{"rendered":"<div class='code-block code-block-1' style='margin: 8px 0 8px auto; text-align: right; display: block; clear: both;'>\n<p><a href=\"https:\/\/wa.link\/vpicfd\"><img data-recalc-dims=\"1\" class=\"wp-image-4922\" style=\"aspect-ratio: 2.0253164556962027; width: 561px; height: auto;\" src=\"https:\/\/i0.wp.com\/ismaelcolosi.com.br\/wp-content\/uploads\/2023\/11\/grupo-de-empregos-whatsapp-e-facebook-ismael-colosi-vagas.jpg?ssl=1\" alt=\"\" \/><\/a><\/p>\n<!-- \/wp:image -->\n<\/div>\n<p> <br \/>\n<\/p>\n<p>Uma<strong> cascavel foi encontrada por trabalhadores durante uma obra para a passagem de uma galeria <\/strong>de esgoto em Sales Oliveira, no interior de S\u00e3o Paulo, nesta ter\u00e7a-feira (1\u00ba).<\/p>\n<p>O animal pertence \u00e0 esp\u00e9cie <em>Crotalus durissus<\/em>, conhecida popularmente como cascavel. Ap\u00f3s a localiza\u00e7\u00e3o da serpente, uma equipe realizou o resgate e retirou o animal da \u00e1rea da obra.<\/p>\n<figure class=\"wp-block-gallery has-nested-images columns-default is-cropped wp-block-gallery-1 is-layout-flex wp-block-gallery-is-layout-flex\">\n<figure class=\"wp-block-image size-large\"><\/figure>\n<figure class=\"wp-block-image size-large\"><img data-recalc-dims=\"1\" loading=\"lazy\" decoding=\"async\" width=\"393\" height=\"607\" data-id=\"173235\" src=\"https:\/\/i0.wp.com\/www.acidadeon.com\/ribeiraopreto\/wp-content\/uploads\/sites\/3\/2026\/09\/image-1.png?resize=393%2C607&#038;ssl=1\" alt=\"image 1\" class=\"wp-image-173235\" title=\"Cascavel \u00e9 encontrada por trabalhadores durante obra de galeria de esgoto; V\u00cdDEO 2\"><\/figure>\n<figure class=\"wp-block-image size-large\"><img data-recalc-dims=\"1\" loading=\"lazy\" decoding=\"async\" width=\"789\" height=\"1024\" data-id=\"173237\" src=\"https:\/\/i0.wp.com\/www.acidadeon.com\/ribeiraopreto\/wp-content\/uploads\/sites\/3\/2026\/09\/WhatsApp-Image-2026-09-01-at-12.52.20-789x1024.jpeg?resize=789%2C1024&#038;ssl=1\" alt=\"WhatsApp Image 2026 09 01 at 12.52.20\" class=\"wp-image-173237\" title=\"Cascavel \u00e9 encontrada por trabalhadores durante obra de galeria de esgoto; V\u00cdDEO 3\"><\/figure>\n<\/figure>\n<p class=\"has-text-align-center has-small-font-size\"><em>Receba not\u00edcias do\u00a0<strong>acidade on Ribeir\u00e3o\u00a0<\/strong>no WhatsApp e fique por dentro de tudo! Basta acessar o link<a href=\"https:\/\/chat.whatsapp.com\/DfXwcjKVIddHUT3BvnQuPZ?mode=hqctshi\" target=\"_blank\" rel=\"noreferrer noopener\">\u00a0aqui<\/a>!<\/em><\/p>\n<p>De acordo com o bi\u00f3logo Isaac Roque, respons\u00e1vel pelo resgate, a cascavel ser\u00e1 posteriormente encaminhada para uma \u00e1rea apropriada.<\/p>\n<figure class=\"wp-block-video aligncenter\"><video height=\"1920\" width=\"1080\" controls src=\"https:\/\/www.acidadeon.com\/ribeiraopreto\/wp-content\/uploads\/sites\/3\/2026\/09\/Opcao-1-2026-09-01T145028.261-1.mp4\"><\/video><\/figure>\n<p><strong>Ningu\u00e9m ficou ferido.<\/strong><\/p>\n<h2 class=\"wp-block-heading\">Conhe\u00e7a a cascavel<\/h2>\n<p>Isaac contou, em conversa com o <em>acidade on<\/em>, que a cobra cascavel (<em>Crotalus durissus<\/em>) \u00e9 uma esp\u00e9cie de serpente encontrada na Am\u00e9rica do Sul, principalmente em \u00e1reas de Cerrado. O animal costuma viver em campos abertos, com vegeta\u00e7\u00e3o rasteira baixa ou m\u00e9dia, al\u00e9m de locais com pedras e tocas que servem como abrigo.<\/p>\n<figure class=\"wp-block-gallery has-nested-images columns-default is-cropped wp-block-gallery-2 is-layout-flex wp-block-gallery-is-layout-flex\">\n<figure class=\"wp-block-image size-large\"><img data-recalc-dims=\"1\" loading=\"lazy\" decoding=\"async\" width=\"1024\" height=\"683\" data-id=\"173245\" src=\"https:\/\/i0.wp.com\/www.acidadeon.com\/ribeiraopreto\/wp-content\/uploads\/sites\/3\/2026\/09\/WhatsApp-Image-2026-09-01-at-14.40.28-1024x683.jpeg?resize=1024%2C683&#038;ssl=1\" alt=\"WhatsApp Image 2026 09 01 at 14.40.28\" class=\"wp-image-173245\" title=\"Cascavel \u00e9 encontrada por trabalhadores durante obra de galeria de esgoto; V\u00cdDEO 4\"><figcaption class=\"wp-element-caption\">Foto: Isaac Roque<\/figcaption><\/figure>\n<figure class=\"wp-block-image size-large\"><img data-recalc-dims=\"1\" loading=\"lazy\" decoding=\"async\" width=\"1024\" height=\"683\" data-id=\"173246\" src=\"https:\/\/i0.wp.com\/www.acidadeon.com\/ribeiraopreto\/wp-content\/uploads\/sites\/3\/2026\/09\/WhatsApp-Image-2026-09-01-at-14.40.31-1024x683.jpeg?resize=1024%2C683&#038;ssl=1\" alt=\"WhatsApp Image 2026 09 01 at 14.40.31\" class=\"wp-image-173246\" title=\"Cascavel \u00e9 encontrada por trabalhadores durante obra de galeria de esgoto; V\u00cdDEO 5\"><figcaption class=\"wp-element-caption\">Foto: Isaac Roque<\/figcaption><\/figure>\n<\/figure>\n<p>A esp\u00e9cie tem import\u00e2ncia m\u00e9dica por possuir denti\u00e7\u00e3o solen\u00f3glifa e veneno com a\u00e7\u00e3o neurot\u00f3xica. Segundo o bi\u00f3logo, apesar dessas caracter\u00edsticas, a cobra costuma tentar se afastar ao perceber a presen\u00e7a de pessoas e pode morder quando se sente amea\u00e7ada.<\/p>\n<hr class=\"wp-block-separator has-alpha-channel-opacity\">\n<p class=\"has-text-align-center has-small-font-size\"><em>Fa\u00e7a uma den\u00fancia ou sugira uma reportagem sobre\u00a0<strong>Ribeir\u00e3o Preto\u00a0<\/strong>e regi\u00e3o por meio do WhatsApp do\u00a0<strong>acidade on Ribeir\u00e3o<\/strong>: (16) 99117-7802.<\/em><\/p>\n<p>O post Cascavel \u00e9 encontrada por trabalhadores durante obra de galeria de esgoto; V\u00cdDEO apareceu primeiro em ACidade ON Ribeir\u00e3o Preto.<\/p>\n<p><br \/>\n<br \/><a href=\"https:\/\/www.acidadeon.com\/ribeiraopreto\/cotidiano\/cascavel-e-encontrada-por-trabalhadores-durante-obra-de-galeria-de-esgoto-video\/\">Link para o texto original aqui <\/a><\/p>\n<!-- CONTENT END 1 -->\n","protected":false},"excerpt":{"rendered":"<p>Uma cascavel foi encontrada por trabalhadores durante uma obra para a passagem de uma galeria de esgoto em Sales Oliveira, no interior de S\u00e3o Paulo,&#8230;<\/p>\n","protected":false},"author":1,"featured_media":90903,"comment_status":"","ping_status":"","sticky":false,"template":"","format":"standard","meta":{"advanced_seo_description":"","jetpack_seo_html_title":"","jetpack_seo_noindex":false,"jetpack_seo_schema_type":"","_jetpack_newsletter_access":"","_jetpack_dont_email_post_to_subs":false,"_jetpack_newsletter_tier_id":0,"_jetpack_memberships_contains_paywalled_content":false,"_jetpack_feature_clip_id":0,"_jetpack_memberships_contains_paid_content":false,"footnotes":"","jetpack_publicize_message":"","jetpack_publicize_feature_enabled":true,"jetpack_social_post_already_shared":true,"jetpack_social_options":{"image_generator_settings":{"template":"highway","default_image_id":0,"font":"","enabled":false},"version":2},"jetpack_post_was_ever_published":false},"categories":[11],"tags":[8857,324,331,1222,4165,169,134,6137,67],"class_list":["post-90902","post","type-post","status-publish","format-standard","has-post-thumbnail","hentry","category-noticias-de-ribeirao-preto-sp-e-regiao-ismael-colosi","tag-cascavel","tag-durante","tag-encontrada","tag-esgoto","tag-galeria","tag-obra","tag-por","tag-trabalhadores","tag-video"],"jetpack_publicize_connections":[],"jetpack-related-posts":[{"id":58995,"url":"https:\/\/noticiasribeiraopreto.com.br\/index.php\/2024\/10\/11\/bombeiros-resgatam-cobra-cascavel-em-calcada-de-ribeirao-preto-video\/","url_meta":{"origin":90902,"position":0},"title":"Bombeiros resgatam cobra cascavel em cal\u00e7ada de Ribeir\u00e3o Preto; V\u00eddeo","author":"noticiasribeiraopreto.com.br","date":"11 de October de 2024","format":false,"excerpt":"O Corpo de Bombeiros foi mobilizado para o resgate de uma cobra cascavel na manh\u00e3 desta sexta-feira (11), em uma cal\u00e7ada no Jardim Palmares, zona Leste de Ribeir\u00e3o Preto. A cobra foi encontrada por uma pessoa que passava pela rua Salvador Di F\u00e1zio Filho. Nas proximidades h\u00e1 uma \u00e1rea com\u2026","rel":"","context":"In &quot;Not\u00edcias de Ribeir\u00e3o Preto-SP e Regi\u00e3o&quot;","block_context":{"text":"Not\u00edcias de Ribeir\u00e3o Preto-SP e Regi\u00e3o","link":"https:\/\/noticiasribeiraopreto.com.br\/index.php\/category\/noticias-de-ribeirao-preto-sp-e-regiao-ismael-colosi\/"},"img":{"alt_text":"","src":"https:\/\/i0.wp.com\/noticiasribeiraopreto.com.br\/wp-content\/uploads\/2024\/10\/WhatsApp-Image-2024-10-11-at-11.56.09_2024-10-11_14-58-06_jpeg_2024-10-11_14-58-07.webp.webp?fit=461%2C443&ssl=1&resize=350%2C200","width":350,"height":200},"classes":[]},{"id":9380,"url":"https:\/\/noticiasribeiraopreto.com.br\/index.php\/2023\/12\/01\/rio-de-esgoto-incomoda-no-jardim-palmares\/","url_meta":{"origin":90902,"position":1},"title":"V\u00cdDEOS &#8211; Rio de esgoto incomoda no Jardim Palmares","author":"noticiasribeiraopreto.com.br","date":"1 de December de 2023","format":false,"excerpt":"Esgoto vazando a c\u00e9u aberto causa transtornos para moradores do bairro e pode causar danos ambientais em \u00e1rea onde h\u00e1 v\u00e1rias nascentes 1 de dezembro de 2023 | 12:491 de dezembro de 2023 | 17:31 2Por: Adalberto LuqueMoradores do Jardim Palmares, zona Leste de Ribeir\u00e3o Preto, est\u00e3o reclamando do vazamento\u2026","rel":"","context":"In &quot;Not\u00edcias de Ribeir\u00e3o Preto-SP e Regi\u00e3o&quot;","block_context":{"text":"Not\u00edcias de Ribeir\u00e3o Preto-SP e Regi\u00e3o","link":"https:\/\/noticiasribeiraopreto.com.br\/index.php\/category\/noticias-de-ribeirao-preto-sp-e-regiao-ismael-colosi\/"},"img":{"alt_text":"","src":"https:\/\/i0.wp.com\/noticiasribeiraopreto.com.br\/wp-content\/uploads\/2023\/12\/00-01-dez-2023-esgoto-palmares-03-foto-max-gallao-mesquita-scaled.jpg?fit=967%2C645&ssl=1&resize=350%2C200","width":350,"height":200,"srcset":"https:\/\/i0.wp.com\/noticiasribeiraopreto.com.br\/wp-content\/uploads\/2023\/12\/00-01-dez-2023-esgoto-palmares-03-foto-max-gallao-mesquita-scaled.jpg?fit=967%2C645&ssl=1&resize=350%2C200 1x, https:\/\/i0.wp.com\/noticiasribeiraopreto.com.br\/wp-content\/uploads\/2023\/12\/00-01-dez-2023-esgoto-palmares-03-foto-max-gallao-mesquita-scaled.jpg?fit=967%2C645&ssl=1&resize=525%2C300 1.5x, https:\/\/i0.wp.com\/noticiasribeiraopreto.com.br\/wp-content\/uploads\/2023\/12\/00-01-dez-2023-esgoto-palmares-03-foto-max-gallao-mesquita-scaled.jpg?fit=967%2C645&ssl=1&resize=700%2C400 2x"},"classes":[]},{"id":2300,"url":"https:\/\/noticiasribeiraopreto.com.br\/index.php\/2023\/11\/15\/nove-de-julho-segunda-colocada-pode-assumir-obras\/","url_meta":{"origin":90902,"position":2},"title":"Nove de Julho: segunda colocada pode assumir obras \u00a0","author":"noticiasribeiraopreto.com.br","date":"15 de November de 2023","format":false,"excerpt":"15 de novembro de 2023 | 9:0314 de novembro de 2023 | 19:28 0Levantamento do Tribuna junto a fontes ligadas ao governo Duarte Nogueira (PSDB) indica que a prefeitura de Ribeir\u00e3o Preto tem um \u201cPlano B\u201d para as obras de revitaliza\u00e7\u00e3o, restauro e constru\u00e7\u00e3o de corredor de \u00f4nibus na centen\u00e1ria\u2026","rel":"","context":"In &quot;Not\u00edcias de Ribeir\u00e3o Preto-SP e Regi\u00e3o&quot;","block_context":{"text":"Not\u00edcias de Ribeir\u00e3o Preto-SP e Regi\u00e3o","link":"https:\/\/noticiasribeiraopreto.com.br\/index.php\/category\/noticias-de-ribeirao-preto-sp-e-regiao-ismael-colosi\/"},"img":{"alt_text":"","src":"https:\/\/i0.wp.com\/noticiasribeiraopreto.com.br\/wp-content\/uploads\/2023\/11\/nove-scaled.jpg?fit=1000%2C560&ssl=1&resize=350%2C200","width":350,"height":200,"srcset":"https:\/\/i0.wp.com\/noticiasribeiraopreto.com.br\/wp-content\/uploads\/2023\/11\/nove-scaled.jpg?fit=1000%2C560&ssl=1&resize=350%2C200 1x, https:\/\/i0.wp.com\/noticiasribeiraopreto.com.br\/wp-content\/uploads\/2023\/11\/nove-scaled.jpg?fit=1000%2C560&ssl=1&resize=525%2C300 1.5x, https:\/\/i0.wp.com\/noticiasribeiraopreto.com.br\/wp-content\/uploads\/2023\/11\/nove-scaled.jpg?fit=1000%2C560&ssl=1&resize=700%2C400 2x"},"classes":[]},{"id":90775,"url":"https:\/\/noticiasribeiraopreto.com.br\/index.php\/2026\/08\/31\/saerp-faz-reparo-na-rede-de-esgoto\/","url_meta":{"origin":90902,"position":3},"title":"Saerp faz reparo na rede de esgoto","author":"noticiasribeiraopreto.com.br","date":"31 de August de 2026","format":false,"excerpt":"\r \r \r \r \r 29 de agosto de 2026 10:3029 de agosto de 2026 01:02 \r Compartilhar0 \r A Secretaria de \u00c1gua e Esgoto de Ribeir\u00e3o Preto (Saerp), realiza neste s\u00e1bado, 29 de agosto, uma obra emergencial de manuten\u00e7\u00e3o e substitui\u00e7\u00e3o da rede de esgoto na rua Lafaiete, nas\u2026","rel":"","context":"In &quot;Not\u00edcias de Ribeir\u00e3o Preto-SP e Regi\u00e3o&quot;","block_context":{"text":"Not\u00edcias de Ribeir\u00e3o Preto-SP e Regi\u00e3o","link":"https:\/\/noticiasribeiraopreto.com.br\/index.php\/category\/noticias-de-ribeirao-preto-sp-e-regiao-ismael-colosi\/"},"img":{"alt_text":"","src":"https:\/\/i0.wp.com\/noticiasribeiraopreto.com.br\/wp-content\/uploads\/2026\/08\/Saerp-Guilherme-Sircili-scaled.jpg?fit=1040%2C780&ssl=1&resize=350%2C200","width":350,"height":200,"srcset":"https:\/\/i0.wp.com\/noticiasribeiraopreto.com.br\/wp-content\/uploads\/2026\/08\/Saerp-Guilherme-Sircili-scaled.jpg?fit=1040%2C780&ssl=1&resize=350%2C200 1x, https:\/\/i0.wp.com\/noticiasribeiraopreto.com.br\/wp-content\/uploads\/2026\/08\/Saerp-Guilherme-Sircili-scaled.jpg?fit=1040%2C780&ssl=1&resize=525%2C300 1.5x, https:\/\/i0.wp.com\/noticiasribeiraopreto.com.br\/wp-content\/uploads\/2026\/08\/Saerp-Guilherme-Sircili-scaled.jpg?fit=1040%2C780&ssl=1&resize=700%2C400 2x"},"classes":[]},{"id":88914,"url":"https:\/\/noticiasribeiraopreto.com.br\/index.php\/2026\/07\/27\/exposicao-com-entrada-gratuita-reune-obras-e-lancamento-literario-em-galeria-de-ribeirao-preto\/","url_meta":{"origin":90902,"position":4},"title":"Exposi\u00e7\u00e3o com entrada gratuita re\u00fane obras e lan\u00e7amento liter\u00e1rio em galeria de Ribeir\u00e3o Preto","author":"noticiasribeiraopreto.com.br","date":"27 de July de 2026","format":false,"excerpt":"A Galeria Casa Cotrim sedia em Ribeir\u00e3o Preto a exposi\u00e7\u00e3o e o evento de lan\u00e7amento \u201cCr\u00f4nicas & Colagens\u201d, dos artistas Piti Meinberg e Renato Andrade. A visita\u00e7\u00e3o p\u00fablica acontece at\u00e9 o dia 4 de agosto, com entrada gratuita. O hor\u00e1rio de funcionamento \u00e9 da ter\u00e7a-feira a sexta, das 14h \u00e0s\u2026","rel":"","context":"In &quot;Not\u00edcias de Ribeir\u00e3o Preto-SP e Regi\u00e3o&quot;","block_context":{"text":"Not\u00edcias de Ribeir\u00e3o Preto-SP e Regi\u00e3o","link":"https:\/\/noticiasribeiraopreto.com.br\/index.php\/category\/noticias-de-ribeirao-preto-sp-e-regiao-ismael-colosi\/"},"img":{"alt_text":"","src":"https:\/\/i0.wp.com\/noticiasribeiraopreto.com.br\/wp-content\/uploads\/2026\/07\/Exposicao-reune-obras-e-lancamento-literario-em-Ribeirao-Preto.jpeg?fit=1200%2C655&ssl=1&resize=350%2C200","width":350,"height":200,"srcset":"https:\/\/i0.wp.com\/noticiasribeiraopreto.com.br\/wp-content\/uploads\/2026\/07\/Exposicao-reune-obras-e-lancamento-literario-em-Ribeirao-Preto.jpeg?fit=1200%2C655&ssl=1&resize=350%2C200 1x, https:\/\/i0.wp.com\/noticiasribeiraopreto.com.br\/wp-content\/uploads\/2026\/07\/Exposicao-reune-obras-e-lancamento-literario-em-Ribeirao-Preto.jpeg?fit=1200%2C655&ssl=1&resize=525%2C300 1.5x, https:\/\/i0.wp.com\/noticiasribeiraopreto.com.br\/wp-content\/uploads\/2026\/07\/Exposicao-reune-obras-e-lancamento-literario-em-Ribeirao-Preto.jpeg?fit=1200%2C655&ssl=1&resize=700%2C400 2x, https:\/\/i0.wp.com\/noticiasribeiraopreto.com.br\/wp-content\/uploads\/2026\/07\/Exposicao-reune-obras-e-lancamento-literario-em-Ribeirao-Preto.jpeg?fit=1200%2C655&ssl=1&resize=1050%2C600 3x"},"classes":[]},{"id":73711,"url":"https:\/\/noticiasribeiraopreto.com.br\/index.php\/2025\/07\/08\/morador-encontra-cobra-cascavel-em-casa-na-regiao-de-ribeirao-preto-video\/","url_meta":{"origin":90902,"position":5},"title":"Morador encontra cobra cascavel\u00a0em casa na regi\u00e3o de Ribeir\u00e3o Preto; V\u00eddeo","author":"noticiasribeiraopreto.com.br","date":"8 de July de 2025","format":false,"excerpt":"Um morador encontrou uma cobra cascavel em casa nesta segunda-feira (7), no bairro Eldorado, em Pontal, a aproximadamente 30 quil\u00f4metros de Ribeir\u00e3o Preto. Assista ao v\u00eddeo abaixo. O Corpo de Bombeiros foi chamado e capturou o r\u00e9ptil no im\u00f3vel. Em seguida, a cobra foi levada at\u00e9 uma \u00e1rea de habitat\u2026","rel":"","context":"In &quot;Not\u00edcias de Ribeir\u00e3o Preto-SP e Regi\u00e3o&quot;","block_context":{"text":"Not\u00edcias de Ribeir\u00e3o Preto-SP e Regi\u00e3o","link":"https:\/\/noticiasribeiraopreto.com.br\/index.php\/category\/noticias-de-ribeirao-preto-sp-e-regiao-ismael-colosi\/"},"img":{"alt_text":"","src":"https:\/\/i0.wp.com\/noticiasribeiraopreto.com.br\/wp-content\/uploads\/2025\/07\/COBRA_2025-07-08_13-47-41.webp.webp?fit=1200%2C800&ssl=1&resize=350%2C200","width":350,"height":200,"srcset":"https:\/\/i0.wp.com\/noticiasribeiraopreto.com.br\/wp-content\/uploads\/2025\/07\/COBRA_2025-07-08_13-47-41.webp.webp?fit=1200%2C800&ssl=1&resize=350%2C200 1x, https:\/\/i0.wp.com\/noticiasribeiraopreto.com.br\/wp-content\/uploads\/2025\/07\/COBRA_2025-07-08_13-47-41.webp.webp?fit=1200%2C800&ssl=1&resize=525%2C300 1.5x, https:\/\/i0.wp.com\/noticiasribeiraopreto.com.br\/wp-content\/uploads\/2025\/07\/COBRA_2025-07-08_13-47-41.webp.webp?fit=1200%2C800&ssl=1&resize=700%2C400 2x, https:\/\/i0.wp.com\/noticiasribeiraopreto.com.br\/wp-content\/uploads\/2025\/07\/COBRA_2025-07-08_13-47-41.webp.webp?fit=1200%2C800&ssl=1&resize=1050%2C600 3x"},"classes":[]}],"jetpack_sharing_enabled":true,"jetpack_shortlink":"https:\/\/wp.me\/peQAOb-nEa","jetpack_featured_media_url":"https:\/\/i0.wp.com\/noticiasribeiraopreto.com.br\/wp-content\/uploads\/2026\/09\/cascavel.jpg?fit=1200%2C675&ssl=1","_links":{"self":[{"href":"https:\/\/noticiasribeiraopreto.com.br\/index.php\/wp-json\/wp\/v2\/posts\/90902","targetHints":{"allow":["GET"]}}],"collection":[{"href":"https:\/\/noticiasribeiraopreto.com.br\/index.php\/wp-json\/wp\/v2\/posts"}],"about":[{"href":"https:\/\/noticiasribeiraopreto.com.br\/index.php\/wp-json\/wp\/v2\/types\/post"}],"author":[{"embeddable":true,"href":"https:\/\/noticiasribeiraopreto.com.br\/index.php\/wp-json\/wp\/v2\/users\/1"}],"replies":[{"embeddable":true,"href":"https:\/\/noticiasribeiraopreto.com.br\/index.php\/wp-json\/wp\/v2\/comments?post=90902"}],"version-history":[{"count":0,"href":"https:\/\/noticiasribeiraopreto.com.br\/index.php\/wp-json\/wp\/v2\/posts\/90902\/revisions"}],"wp:featuredmedia":[{"embeddable":true,"href":"https:\/\/noticiasribeiraopreto.com.br\/index.php\/wp-json\/wp\/v2\/media\/90903"}],"wp:attachment":[{"href":"https:\/\/noticiasribeiraopreto.com.br\/index.php\/wp-json\/wp\/v2\/media?parent=90902"}],"wp:term":[{"taxonomy":"category","embeddable":true,"href":"https:\/\/noticiasribeiraopreto.com.br\/index.php\/wp-json\/wp\/v2\/categories?post=90902"},{"taxonomy":"post_tag","embeddable":true,"href":"https:\/\/noticiasribeiraopreto.com.br\/index.php\/wp-json\/wp\/v2\/tags?post=90902"}],"curies":[{"name":"wp","href":"https:\/\/api.w.org\/{rel}","templated":true}]}}