{"id":90904,"date":"2026-09-01T15:22:38","date_gmt":"2026-09-01T18:22:38","guid":{"rendered":"https:\/\/noticiasribeiraopreto.com.br\/index.php\/2026\/09\/01\/feira-do-livro-de-ribeirao-preto-celebra-25-anos\/"},"modified":"2026-09-01T15:22:38","modified_gmt":"2026-09-01T18:22:38","slug":"feira-do-livro-de-ribeirao-preto-celebra-25-anos","status":"publish","type":"post","link":"https:\/\/noticiasribeiraopreto.com.br\/index.php\/2026\/09\/01\/feira-do-livro-de-ribeirao-preto-celebra-25-anos\/","title":{"rendered":"Feira do Livro de Ribeir\u00e3o Preto celebra 25 anos"},"content":{"rendered":"<div class='code-block code-block-1' style='margin: 8px 0 8px auto; text-align: right; display: block; clear: both;'>\n<p><a href=\"https:\/\/wa.link\/vpicfd\"><img data-recalc-dims=\"1\" class=\"wp-image-4922\" style=\"aspect-ratio: 2.0253164556962027; width: 561px; height: auto;\" src=\"https:\/\/i0.wp.com\/ismaelcolosi.com.br\/wp-content\/uploads\/2023\/11\/grupo-de-empregos-whatsapp-e-facebook-ismael-colosi-vagas.jpg?ssl=1\" alt=\"\" \/><\/a><\/p>\n<!-- \/wp:image -->\n<\/div>\n<p> <br \/>\n<\/p>\n<h2 class=\"wp-block-heading\">Feira Internacional do Livro de Ribeir\u00e3o Preto celebra 25 anos com mais de 350 atividades<\/h2>\n<p>A <strong>Feira Internacional do Livro de Ribeir\u00e3o Preto<\/strong> chega \u00e0 sua 25\u00aa edi\u00e7\u00e3o celebrando uma trajet\u00f3ria marcada pela literatura, cultura, educa\u00e7\u00e3o e forma\u00e7\u00e3o de novos leitores. Em entrevista ao <strong>Momento da Fam\u00edlia<\/strong>, Adriana Silva, curadora e presidente da Funda\u00e7\u00e3o Feira do Livro, falou sobre a programa\u00e7\u00e3o especial e convidou toda a popula\u00e7\u00e3o a participar gratuitamente.<\/p>\n<p>Segundo Adriana, a edi\u00e7\u00e3o de 25 anos tem um significado especial para a organiza\u00e7\u00e3o. Al\u00e9m de celebrar a hist\u00f3ria do evento, a proposta \u00e9 receber tanto quem ainda n\u00e3o conhece a feira quanto aqueles que cresceram frequentando suas atividades.<\/p>\n<p>Ao longo dos anos, o evento ajudou a formar uma verdadeira gera\u00e7\u00e3o de leitores. Pessoas que conheceram a feira quando eram estudantes, levadas por seus professores, hoje retornam espontaneamente para acompanhar a programa\u00e7\u00e3o e apresentar o universo da literatura \u00e0s novas gera\u00e7\u00f5es.<\/p>\n<p>Nesta edi\u00e7\u00e3o, est\u00e3o programados <strong>mais de 350 eventos<\/strong>, todos gratuitos, com atividades voltadas a diferentes p\u00fablicos.<\/p>\n<p>Um dos destaques \u00e9 o projeto <strong>Combinando Palavras<\/strong>, que promove o encontro entre estudantes e autores. Antes da feira, os alunos trabalham as obras em sala de aula com seus professores e, durante o evento, t\u00eam a oportunidade de conversar diretamente com os escritores.<\/p>\n<p>A expectativa \u00e9 receber <strong>mais de 15 mil estudantes<\/strong> por meio do projeto, organizados em diferentes espa\u00e7os da programa\u00e7\u00e3o. A iniciativa tamb\u00e9m contempla alunos mais novos da rede municipal, que participam de encontros com autores homenageados.<\/p>\n<p>Para Adriana Silva, cada dia oferece uma nova experi\u00eancia aos visitantes. O p\u00fablico pode consultar a programa\u00e7\u00e3o, escolher as atividades de interesse e retornar \u00e0 feira quantas vezes desejar.<\/p>\n<p>Durante a entrevista, Andr\u00e9a Vitaliano tamb\u00e9m refor\u00e7ou o convite para que as fam\u00edlias aproveitem a programa\u00e7\u00e3o e destacou a import\u00e2ncia da leitura como instrumento de conhecimento e desenvolvimento.<\/p>\n<p>Com 25 anos de hist\u00f3ria, a Feira Internacional do Livro de Ribeir\u00e3o Preto reafirma seu papel de aproximar livros, autores e leitores, al\u00e9m de incentivar o contato de crian\u00e7as e jovens com a literatura.<\/p>\n<h3 class=\"wp-block-heading\"><strong>Toda a programa\u00e7\u00e3o da feira \u00e9 gratuita e aberta ao p\u00fablico.<\/strong><\/h3>\n<figure class=\"wp-block-embed is-type-video is-provider-youtube wp-block-embed-youtube wp-embed-aspect-16-9 wp-has-aspect-ratio\">\n<div class=\"wp-block-embed__wrapper\">\n<\/div>\n<\/figure>\n<p>Site <a href=\"https:\/\/www.youtube.com\/redirect?event=channel_description&amp;redir_token=QUFFLUhqbWJqOVJ4MXBubXIyQ0dtc0JVc0FDVUZNRE9ZZ3xBQ3Jtc0tuLXNPR1VEN3VRRV84dzV6RkpUSmMzUzV1cXZUNUhoUkJ4VHNVYXZZU01uZWt3d0d5NzlxTXVwanpiblpCa1JfamhaWGJGeVNRMmpWMnh2aHlFU1RfZ3RlcU43ZjFEcThfN0dZelg1Wi0tVWtJbTdjTQ&amp;q=https%3A%2F%2Fwww.familiaprever.com.br%2F\" target=\"_blank\" rel=\"noreferrer noopener\">familiaprever.com.br<\/a><\/p>\n<p>Instagram <a href=\"https:\/\/www.youtube.com\/redirect?event=channel_description&amp;redir_token=QUFFLUhqbVo3MjRWcWlMbHNNSWMzdkZsS3NOQXVlTkNBUXxBQ3Jtc0ttWDVCOTlNTkh1MHVpNzMwQ29BUXoyMDlwNkQ0LUtJUGJVUTF2Q0E4Wjk1NTk1c0hxbk80d0VyRE1FUEtmZEpucjNhaDE4bFA1ZGljdHpqRWRBcWFtOFEwalRlbzcwYmxXY2JOZ0RSNm1rTEo1NjRrRQ&amp;q=https%3A%2F%2Fwww.instagram.com%2Fprevercamposeliseos%2F\" target=\"_blank\" rel=\"noreferrer noopener\">instagram.com\/prevercamposeliseos<\/a><\/p>\n<p>Twitter <a href=\"https:\/\/www.youtube.com\/redirect?event=channel_description&amp;redir_token=QUFFLUhqbGEzWTBYTnRSLXFMSzl6NVZDSE41Y0xYNzZwd3xBQ3Jtc0trdHlDajNpaUswYnp3T3RyZkw2Ujd0OUJFLWNrcktvX05PeFNpWVk2QTVFNHVpTzM3U3RiQjFhU2tHTUZWbGxBMlZsc2V5WTUyaklpWFRXM0E2cFRNZ0xYUG1tQllWYVo2azU1S3NNVlRVS3JteGNZZw&amp;q=https%3A%2F%2Ftwitter.com%2Ffamiliaprever\" target=\"_blank\" rel=\"noreferrer noopener\">twitter.com\/familiaprever<\/a><\/p>\n<p>Facebook <a href=\"https:\/\/www.youtube.com\/redirect?event=channel_description&amp;redir_token=QUFFLUhqa2luQnFib0VieXpYNXBEQWVwWmwwWlRZZjRmZ3xBQ3Jtc0trTHp3ZTU2dFh1dzRWZEd0SHpnQXhjMjVnSUd0X0ZRQTFqTDBJVU04Njc4b1oxeml0NzJSdG1JVHVnM3kwdFU0UlllQmdzc0x3ZEdvbXNYTUxyeUZtUlVvcU50eUJOUko1VUJKZF9tLXhNWUQxTzZkUQ&amp;q=https%3A%2F%2Fwww.facebook.com%2FFamiliaPrever%2F\" target=\"_blank\" rel=\"noreferrer noopener\">facebook.com\/FamiliaPrever<\/a><\/p>\n<p>Linkedin <a href=\"https:\/\/www.youtube.com\/redirect?event=channel_description&amp;redir_token=QUFFLUhqbjBnWl9JRnZsSDMzWUVfMmlJcmJ4aXJHWmhJZ3xBQ3Jtc0tuYlpYMVM2TFZ6ZnJnMElsVGhFazd3UEItWEduSldIOFQyVVFWemdxQUVGSWhQTW9ZMzlON005dDl6T2NUNUtFamNpSURSUUZJeXRPanZxWlV6aDVFcFNLOWlUQlR0SGJ2SC1VeE5KS19xRVhlV0V5dw&amp;q=https%3A%2F%2Fwww.linkedin.com%2Fcompany%2Ffamiliaprever%2F\" target=\"_blank\" rel=\"noreferrer noopener\">linkedin.com\/company\/familiaprever<\/a><\/p>\n<h3 class=\"wp-block-heading\">Leia Mais \u2013 Vamos falar sobre bullying<\/h3>\n<p>O post Feira do Livro de Ribeir\u00e3o Preto celebra 25 anos apareceu primeiro em ACidade ON Ribeir\u00e3o Preto.<\/p>\n<p><script async src=\"https:\/\/platform.twitter.com\/widgets.js\" charset=\"utf-8\"><\/script><script async src=\"\/\/www.instagram.com\/embed.js\"><\/script><br \/>\n<br \/><br \/>\n<br \/><a href=\"https:\/\/www.acidadeon.com\/ribeiraopreto\/conteudo-patrocinado\/momento-da-familia\/feira-do-livro-de-ribeirao-preto-celebra-25-anos\/\">Link para o texto original aqui <\/a><\/p>\n<!-- CONTENT END 1 -->\n","protected":false},"excerpt":{"rendered":"<p>Feira Internacional do Livro de Ribeir\u00e3o Preto celebra 25 anos com mais de 350 atividades A Feira Internacional do Livro de Ribeir\u00e3o Preto chega \u00e0&#8230;<\/p>\n","protected":false},"author":1,"featured_media":90905,"comment_status":"","ping_status":"","sticky":false,"template":"","format":"standard","meta":{"advanced_seo_description":"","jetpack_seo_html_title":"","jetpack_seo_noindex":false,"jetpack_seo_schema_type":"","_jetpack_newsletter_access":"","_jetpack_dont_email_post_to_subs":false,"_jetpack_newsletter_tier_id":0,"_jetpack_memberships_contains_paywalled_content":false,"_jetpack_feature_clip_id":0,"_jetpack_memberships_contains_paid_content":false,"footnotes":"","jetpack_publicize_message":"","jetpack_publicize_feature_enabled":true,"jetpack_social_post_already_shared":true,"jetpack_social_options":{"image_generator_settings":{"template":"highway","default_image_id":0,"font":"","enabled":false},"version":2},"jetpack_post_was_ever_published":false},"categories":[11],"tags":[84,1921,202,508,27,26],"class_list":["post-90904","post","type-post","status-publish","format-standard","has-post-thumbnail","hentry","category-noticias-de-ribeirao-preto-sp-e-regiao-ismael-colosi","tag-anos","tag-celebra","tag-feira","tag-livro","tag-preto","tag-ribeirao"],"jetpack_publicize_connections":[],"jetpack-related-posts":[{"id":89559,"url":"https:\/\/noticiasribeiraopreto.com.br\/index.php\/2026\/08\/07\/feira-do-livro-anuncia-programacao-da-25a-edicao-com-mais-de-350-atividades-gratuitas-em-ribeirao\/","url_meta":{"origin":90904,"position":0},"title":"Feira do Livro anuncia programa\u00e7\u00e3o da 25\u00aa edi\u00e7\u00e3o com mais de 350 atividades gratuitas em Ribeir\u00e3o","author":"noticiasribeiraopreto.com.br","date":"7 de August de 2026","format":false,"excerpt":"O lan\u00e7amento oficial da programa\u00e7\u00e3o da 25\u00aa edi\u00e7\u00e3o da Feira Internacional do Livro (FIL) de Ribeir\u00e3o Preto aconteceu nesta quinta-feira (7), em um hotel no Centro da cidade, e reuniu autoridades, organizadores e convidados. Neste ano, o evento ter\u00e1 mais de 350 atividades gratuitas, distribu\u00eddas em 20 espa\u00e7os culturais, entre\u2026","rel":"","context":"In &quot;Not\u00edcias de Ribeir\u00e3o Preto-SP e Regi\u00e3o&quot;","block_context":{"text":"Not\u00edcias de Ribeir\u00e3o Preto-SP e Regi\u00e3o","link":"https:\/\/noticiasribeiraopreto.com.br\/index.php\/category\/noticias-de-ribeirao-preto-sp-e-regiao-ismael-colosi\/"},"img":{"alt_text":"","src":"https:\/\/i0.wp.com\/noticiasribeiraopreto.com.br\/wp-content\/uploads\/2026\/08\/feira-do-livro.jpg?fit=1200%2C675&ssl=1&resize=350%2C200","width":350,"height":200,"srcset":"https:\/\/i0.wp.com\/noticiasribeiraopreto.com.br\/wp-content\/uploads\/2026\/08\/feira-do-livro.jpg?fit=1200%2C675&ssl=1&resize=350%2C200 1x, https:\/\/i0.wp.com\/noticiasribeiraopreto.com.br\/wp-content\/uploads\/2026\/08\/feira-do-livro.jpg?fit=1200%2C675&ssl=1&resize=525%2C300 1.5x, https:\/\/i0.wp.com\/noticiasribeiraopreto.com.br\/wp-content\/uploads\/2026\/08\/feira-do-livro.jpg?fit=1200%2C675&ssl=1&resize=700%2C400 2x, https:\/\/i0.wp.com\/noticiasribeiraopreto.com.br\/wp-content\/uploads\/2026\/08\/feira-do-livro.jpg?fit=1200%2C675&ssl=1&resize=1050%2C600 3x"},"classes":[]},{"id":76302,"url":"https:\/\/noticiasribeiraopreto.com.br\/index.php\/2025\/08\/26\/feira-internacional-do-livro-de-ribeirao-preto-anuncia-tema-da-edicao-de-2026\/","url_meta":{"origin":90904,"position":1},"title":"Feira Internacional do Livro de Ribeir\u00e3o Preto anuncia tema da edi\u00e7\u00e3o de 2026","author":"noticiasribeiraopreto.com.br","date":"26 de August de 2025","format":false,"excerpt":"Ap\u00f3s encerrar sua 24\u00aa edi\u00e7\u00e3o com p\u00fablico de 274 mil pessoas e mais de 500 atividades em Ribeir\u00e3o Preto, a Feira Internacional do Livro anunciou o tema da pr\u00f3xima edi\u00e7\u00e3o, que marcar\u00e1 os 25 anos do evento. Em 2026, a feira ter\u00e1 como tema \u201cX, Y, Z, Alpha, Beta \u2013\u2026","rel":"","context":"In &quot;Not\u00edcias de Ribeir\u00e3o Preto-SP e Regi\u00e3o&quot;","block_context":{"text":"Not\u00edcias de Ribeir\u00e3o Preto-SP e Regi\u00e3o","link":"https:\/\/noticiasribeiraopreto.com.br\/index.php\/category\/noticias-de-ribeirao-preto-sp-e-regiao-ismael-colosi\/"},"img":{"alt_text":"","src":"https:\/\/i0.wp.com\/noticiasribeiraopreto.com.br\/wp-content\/uploads\/2025\/08\/johnny-mars-1_2025-08-26_14-46-01.webp.webp?fit=1200%2C675&ssl=1&resize=350%2C200","width":350,"height":200,"srcset":"https:\/\/i0.wp.com\/noticiasribeiraopreto.com.br\/wp-content\/uploads\/2025\/08\/johnny-mars-1_2025-08-26_14-46-01.webp.webp?fit=1200%2C675&ssl=1&resize=350%2C200 1x, https:\/\/i0.wp.com\/noticiasribeiraopreto.com.br\/wp-content\/uploads\/2025\/08\/johnny-mars-1_2025-08-26_14-46-01.webp.webp?fit=1200%2C675&ssl=1&resize=525%2C300 1.5x, https:\/\/i0.wp.com\/noticiasribeiraopreto.com.br\/wp-content\/uploads\/2025\/08\/johnny-mars-1_2025-08-26_14-46-01.webp.webp?fit=1200%2C675&ssl=1&resize=700%2C400 2x, https:\/\/i0.wp.com\/noticiasribeiraopreto.com.br\/wp-content\/uploads\/2025\/08\/johnny-mars-1_2025-08-26_14-46-01.webp.webp?fit=1200%2C675&ssl=1&resize=1050%2C600 3x"},"classes":[]},{"id":89373,"url":"https:\/\/noticiasribeiraopreto.com.br\/index.php\/2026\/08\/04\/programacao-da-feira-internacional-do-livro-de-ribeirao-preto-tem-data-marcada-para-ser-apresentada-veja-quando\/","url_meta":{"origin":90904,"position":2},"title":"Programa\u00e7\u00e3o da Feira Internacional do Livro de Ribeir\u00e3o Preto tem data marcada para ser apresentada; Veja quando","author":"noticiasribeiraopreto.com.br","date":"4 de August de 2026","format":false,"excerpt":"A Funda\u00e7\u00e3o do Livro e Leitura de Ribeir\u00e3o Preto apresenta a programa\u00e7\u00e3o oficial da 25\u00aa edi\u00e7\u00e3o da FIL (Feira Internacional do Livro), que tem como tema central \u201cX, Y, Z, Alpha, Beta \u2013 Gera\u00e7\u00f5es Liter\u00e1rias\u201d. O evento acontece nesta sexta-feira (7), \u00e0s 9h, no Stream Hot\u00e9is e re\u00fane imprensa, patrocinadores,\u2026","rel":"","context":"In &quot;Not\u00edcias de Ribeir\u00e3o Preto-SP e Regi\u00e3o&quot;","block_context":{"text":"Not\u00edcias de Ribeir\u00e3o Preto-SP e Regi\u00e3o","link":"https:\/\/noticiasribeiraopreto.com.br\/index.php\/category\/noticias-de-ribeirao-preto-sp-e-regiao-ismael-colosi\/"},"img":{"alt_text":"","src":"https:\/\/i0.wp.com\/noticiasribeiraopreto.com.br\/wp-content\/uploads\/2026\/08\/Lancamento-Oficial-da-Programacao-acontece-07-de-agosto-de-2026-sexta-feira-as-9h.jpeg?fit=960%2C461&ssl=1&resize=350%2C200","width":350,"height":200,"srcset":"https:\/\/i0.wp.com\/noticiasribeiraopreto.com.br\/wp-content\/uploads\/2026\/08\/Lancamento-Oficial-da-Programacao-acontece-07-de-agosto-de-2026-sexta-feira-as-9h.jpeg?fit=960%2C461&ssl=1&resize=350%2C200 1x, https:\/\/i0.wp.com\/noticiasribeiraopreto.com.br\/wp-content\/uploads\/2026\/08\/Lancamento-Oficial-da-Programacao-acontece-07-de-agosto-de-2026-sexta-feira-as-9h.jpeg?fit=960%2C461&ssl=1&resize=525%2C300 1.5x, https:\/\/i0.wp.com\/noticiasribeiraopreto.com.br\/wp-content\/uploads\/2026\/08\/Lancamento-Oficial-da-Programacao-acontece-07-de-agosto-de-2026-sexta-feira-as-9h.jpeg?fit=960%2C461&ssl=1&resize=700%2C400 2x"},"classes":[]},{"id":75911,"url":"https:\/\/noticiasribeiraopreto.com.br\/index.php\/2025\/08\/18\/museu-casa-da-memoria-italiana-celebra-centenario-com-lancamento-de-livro-em-ribeirao\/","url_meta":{"origin":90904,"position":3},"title":"Museu Casa da Mem\u00f3ria Italiana celebra centen\u00e1rio com lan\u00e7amento de livro em Ribeir\u00e3o","author":"noticiasribeiraopreto.com.br","date":"18 de August de 2025","format":false,"excerpt":"Em comemora\u00e7\u00e3o ao centen\u00e1rio da constru\u00e7\u00e3o do pr\u00e9dio onde funciona o Museu Casa da Mem\u00f3ria Italiana, a institui\u00e7\u00e3o lan\u00e7a em parceria com a Funda\u00e7\u00e3o do Livro e Leitura de Ribeir\u00e3o Preto o livro \u201cMem\u00f3rias de uma Casa: Cem Anos de Hist\u00f3rias\u201d, nesta ter\u00e7a-feira (19). O evento ser\u00e1 realizado no Museu\u2026","rel":"","context":"In &quot;Not\u00edcias de Ribeir\u00e3o Preto-SP e Regi\u00e3o&quot;","block_context":{"text":"Not\u00edcias de Ribeir\u00e3o Preto-SP e Regi\u00e3o","link":"https:\/\/noticiasribeiraopreto.com.br\/index.php\/category\/noticias-de-ribeirao-preto-sp-e-regiao-ismael-colosi\/"},"img":{"alt_text":"","src":"https:\/\/i0.wp.com\/noticiasribeiraopreto.com.br\/wp-content\/uploads\/2025\/08\/IMG-1349_2025-08-18_12-00-58.webp.webp?fit=1200%2C800&ssl=1&resize=350%2C200","width":350,"height":200,"srcset":"https:\/\/i0.wp.com\/noticiasribeiraopreto.com.br\/wp-content\/uploads\/2025\/08\/IMG-1349_2025-08-18_12-00-58.webp.webp?fit=1200%2C800&ssl=1&resize=350%2C200 1x, https:\/\/i0.wp.com\/noticiasribeiraopreto.com.br\/wp-content\/uploads\/2025\/08\/IMG-1349_2025-08-18_12-00-58.webp.webp?fit=1200%2C800&ssl=1&resize=525%2C300 1.5x, https:\/\/i0.wp.com\/noticiasribeiraopreto.com.br\/wp-content\/uploads\/2025\/08\/IMG-1349_2025-08-18_12-00-58.webp.webp?fit=1200%2C800&ssl=1&resize=700%2C400 2x, https:\/\/i0.wp.com\/noticiasribeiraopreto.com.br\/wp-content\/uploads\/2025\/08\/IMG-1349_2025-08-18_12-00-58.webp.webp?fit=1200%2C800&ssl=1&resize=1050%2C600 3x"},"classes":[]},{"id":73604,"url":"https:\/\/noticiasribeiraopreto.com.br\/index.php\/2025\/07\/05\/feira-do-livro-de-ribeirao-preto-celebra-60-anos-de-carreira-de-ignacio-de-loyola-brandao\/","url_meta":{"origin":90904,"position":4},"title":"Feira do Livro de Ribeir\u00e3o Preto celebra 60 anos de carreira de Ign\u00e1cio de Loyola Brand\u00e3o","author":"noticiasribeiraopreto.com.br","date":"5 de July de 2025","format":false,"excerpt":"A programa\u00e7\u00e3o da 24\u00aa edi\u00e7\u00e3o da Feira Internacional do Livro (FIL) de Ribeir\u00e3o Preto, que acontece entre os dias 15 e 24 de agosto, ir\u00e1 homenagear a trajet\u00f3ria liter\u00e1ria de 60 anos de Ign\u00e1cio de Loyola Brand\u00e3o com exposi\u00e7\u00e3o, espet\u00e1culo teatral e palestra. Nascido em Araraquara, Loyola Brand\u00e3o \u00e9 autor\u2026","rel":"","context":"In &quot;Not\u00edcias de Ribeir\u00e3o Preto-SP e Regi\u00e3o&quot;","block_context":{"text":"Not\u00edcias de Ribeir\u00e3o Preto-SP e Regi\u00e3o","link":"https:\/\/noticiasribeiraopreto.com.br\/index.php\/category\/noticias-de-ribeirao-preto-sp-e-regiao-ismael-colosi\/"},"img":{"alt_text":"","src":"https:\/\/i0.wp.com\/noticiasribeiraopreto.com.br\/wp-content\/uploads\/2025\/07\/IgnacioDeLoyollaBrandao_2025-07-05_15-33-15.webp.webp?fit=1200%2C800&ssl=1&resize=350%2C200","width":350,"height":200,"srcset":"https:\/\/i0.wp.com\/noticiasribeiraopreto.com.br\/wp-content\/uploads\/2025\/07\/IgnacioDeLoyollaBrandao_2025-07-05_15-33-15.webp.webp?fit=1200%2C800&ssl=1&resize=350%2C200 1x, https:\/\/i0.wp.com\/noticiasribeiraopreto.com.br\/wp-content\/uploads\/2025\/07\/IgnacioDeLoyollaBrandao_2025-07-05_15-33-15.webp.webp?fit=1200%2C800&ssl=1&resize=525%2C300 1.5x, https:\/\/i0.wp.com\/noticiasribeiraopreto.com.br\/wp-content\/uploads\/2025\/07\/IgnacioDeLoyollaBrandao_2025-07-05_15-33-15.webp.webp?fit=1200%2C800&ssl=1&resize=700%2C400 2x, https:\/\/i0.wp.com\/noticiasribeiraopreto.com.br\/wp-content\/uploads\/2025\/07\/IgnacioDeLoyollaBrandao_2025-07-05_15-33-15.webp.webp?fit=1200%2C800&ssl=1&resize=1050%2C600 3x"},"classes":[]},{"id":63223,"url":"https:\/\/noticiasribeiraopreto.com.br\/index.php\/2025\/02\/06\/saiba-qual-e-o-tema-da-feira-internacional-do-livro-de-ribeirao-preto-de-2025\/","url_meta":{"origin":90904,"position":5},"title":"Saiba qual \u00e9 o tema da Feira Internacional do Livro de Ribeir\u00e3o Preto de 2025","author":"noticiasribeiraopreto.com.br","date":"6 de February de 2025","format":false,"excerpt":"A 24\u00aa FIL \u2013 Feira Internacional do Livro de Ribeir\u00e3o Preto, que vai acontecer de 15 a 24 de agosto, ter\u00e1 como tema central \u2018Futuros Poss\u00edveis: entre linhas e par\u00e1grafos\u2019, inspirado no trabalho do soci\u00f3logo e escritor italiano Domenico de Masi, especialmente sua obra Caminhos da Cultura no Brasil: Um\u2026","rel":"","context":"In &quot;Not\u00edcias de Ribeir\u00e3o Preto-SP e Regi\u00e3o&quot;","block_context":{"text":"Not\u00edcias de Ribeir\u00e3o Preto-SP e Regi\u00e3o","link":"https:\/\/noticiasribeiraopreto.com.br\/index.php\/category\/noticias-de-ribeirao-preto-sp-e-regiao-ismael-colosi\/"},"img":{"alt_text":"","src":"https:\/\/i0.wp.com\/noticiasribeiraopreto.com.br\/wp-content\/uploads\/2025\/02\/Copia-de-Copia-de-Copia-de-TAMANHO-EXATO-PARA-FOTOS-NO-SISTEMA-NOVO-2025-02-06T150906.341_2025-02-06_18-09-43_png_2025-02-06_18-09-43.webp.webp?fit=1200%2C675&ssl=1&resize=350%2C200","width":350,"height":200,"srcset":"https:\/\/i0.wp.com\/noticiasribeiraopreto.com.br\/wp-content\/uploads\/2025\/02\/Copia-de-Copia-de-Copia-de-TAMANHO-EXATO-PARA-FOTOS-NO-SISTEMA-NOVO-2025-02-06T150906.341_2025-02-06_18-09-43_png_2025-02-06_18-09-43.webp.webp?fit=1200%2C675&ssl=1&resize=350%2C200 1x, https:\/\/i0.wp.com\/noticiasribeiraopreto.com.br\/wp-content\/uploads\/2025\/02\/Copia-de-Copia-de-Copia-de-TAMANHO-EXATO-PARA-FOTOS-NO-SISTEMA-NOVO-2025-02-06T150906.341_2025-02-06_18-09-43_png_2025-02-06_18-09-43.webp.webp?fit=1200%2C675&ssl=1&resize=525%2C300 1.5x, https:\/\/i0.wp.com\/noticiasribeiraopreto.com.br\/wp-content\/uploads\/2025\/02\/Copia-de-Copia-de-Copia-de-TAMANHO-EXATO-PARA-FOTOS-NO-SISTEMA-NOVO-2025-02-06T150906.341_2025-02-06_18-09-43_png_2025-02-06_18-09-43.webp.webp?fit=1200%2C675&ssl=1&resize=700%2C400 2x, https:\/\/i0.wp.com\/noticiasribeiraopreto.com.br\/wp-content\/uploads\/2025\/02\/Copia-de-Copia-de-Copia-de-TAMANHO-EXATO-PARA-FOTOS-NO-SISTEMA-NOVO-2025-02-06T150906.341_2025-02-06_18-09-43_png_2025-02-06_18-09-43.webp.webp?fit=1200%2C675&ssl=1&resize=1050%2C600 3x"},"classes":[]}],"jetpack_sharing_enabled":true,"jetpack_shortlink":"https:\/\/wp.me\/peQAOb-nEc","jetpack_featured_media_url":"https:\/\/i0.wp.com\/noticiasribeiraopreto.com.br\/wp-content\/uploads\/2026\/09\/Foto-1-1.png?fit=1200%2C675&ssl=1","_links":{"self":[{"href":"https:\/\/noticiasribeiraopreto.com.br\/index.php\/wp-json\/wp\/v2\/posts\/90904","targetHints":{"allow":["GET"]}}],"collection":[{"href":"https:\/\/noticiasribeiraopreto.com.br\/index.php\/wp-json\/wp\/v2\/posts"}],"about":[{"href":"https:\/\/noticiasribeiraopreto.com.br\/index.php\/wp-json\/wp\/v2\/types\/post"}],"author":[{"embeddable":true,"href":"https:\/\/noticiasribeiraopreto.com.br\/index.php\/wp-json\/wp\/v2\/users\/1"}],"replies":[{"embeddable":true,"href":"https:\/\/noticiasribeiraopreto.com.br\/index.php\/wp-json\/wp\/v2\/comments?post=90904"}],"version-history":[{"count":0,"href":"https:\/\/noticiasribeiraopreto.com.br\/index.php\/wp-json\/wp\/v2\/posts\/90904\/revisions"}],"wp:featuredmedia":[{"embeddable":true,"href":"https:\/\/noticiasribeiraopreto.com.br\/index.php\/wp-json\/wp\/v2\/media\/90905"}],"wp:attachment":[{"href":"https:\/\/noticiasribeiraopreto.com.br\/index.php\/wp-json\/wp\/v2\/media?parent=90904"}],"wp:term":[{"taxonomy":"category","embeddable":true,"href":"https:\/\/noticiasribeiraopreto.com.br\/index.php\/wp-json\/wp\/v2\/categories?post=90904"},{"taxonomy":"post_tag","embeddable":true,"href":"https:\/\/noticiasribeiraopreto.com.br\/index.php\/wp-json\/wp\/v2\/tags?post=90904"}],"curies":[{"name":"wp","href":"https:\/\/api.w.org\/{rel}","templated":true}]}}