{"id":90906,"date":"2026-09-01T15:26:50","date_gmt":"2026-09-01T18:26:50","guid":{"rendered":"https:\/\/noticiasribeiraopreto.com.br\/index.php\/2026\/09\/01\/exposicao-inspirada-em-frida-kahlo-chega-a-ribeirao-preto\/"},"modified":"2026-09-01T15:26:50","modified_gmt":"2026-09-01T18:26:50","slug":"exposicao-inspirada-em-frida-kahlo-chega-a-ribeirao-preto","status":"publish","type":"post","link":"https:\/\/noticiasribeiraopreto.com.br\/index.php\/2026\/09\/01\/exposicao-inspirada-em-frida-kahlo-chega-a-ribeirao-preto\/","title":{"rendered":"Exposi\u00e7\u00e3o inspirada em Frida Kahlo chega a Ribeir\u00e3o Preto"},"content":{"rendered":"<div class='code-block code-block-1' style='margin: 8px 0 8px auto; text-align: right; display: block; clear: both;'>\n<p><a href=\"https:\/\/wa.link\/vpicfd\"><img data-recalc-dims=\"1\" class=\"wp-image-4922\" style=\"aspect-ratio: 2.0253164556962027; width: 561px; height: auto;\" src=\"https:\/\/i0.wp.com\/ismaelcolosi.com.br\/wp-content\/uploads\/2023\/11\/grupo-de-empregos-whatsapp-e-facebook-ismael-colosi-vagas.jpg?ssl=1\" alt=\"\" \/><\/a><\/p>\n<!-- \/wp:image -->\n<\/div>\n<p> <br \/>\n<\/p>\n<p>Uma <strong>exposi\u00e7\u00e3o inspirada na obra e na personalidade da pintora mexicana Frida Kahlo <\/strong>chega a Ribeir\u00e3o Preto. A mostra, assinada pela artista Nice Forti, re\u00fane pinturas que reinterpretam elementos marcantes da trajet\u00f3ria de Frida por meio de cores, flores, s\u00edmbolos e refer\u00eancias da cultura mexicana.<\/p>\n<p>A exposi\u00e7\u00e3o tem <strong>entrada gratuita<\/strong> e fica aberta ao p\u00fablico at\u00e9 <strong>30 de setembro<\/strong>. A visita\u00e7\u00e3o ocorre diariamente, das <strong>10h \u00e0s 22h<\/strong>, durante o hor\u00e1rio de funcionamento do Novo Shopping.<\/p>\n<figure class=\"wp-block-gallery has-nested-images columns-default is-cropped wp-block-gallery-1 is-layout-flex wp-block-gallery-is-layout-flex\">\n<figure class=\"wp-block-image size-large\"><figcaption class=\"wp-element-caption\">Foto: Divulga\u00e7\u00e3o<\/figcaption><\/figure>\n<figure class=\"wp-block-image size-large\"><img data-recalc-dims=\"1\" loading=\"lazy\" decoding=\"async\" width=\"899\" height=\"1024\" data-id=\"173260\" src=\"https:\/\/i0.wp.com\/www.acidadeon.com\/ribeiraopreto\/wp-content\/uploads\/sites\/3\/2026\/09\/link-3-899x1024.jpg?resize=899%2C1024&#038;ssl=1\" alt=\"link 3\" class=\"wp-image-173260\" title=\"Exposi\u00e7\u00e3o inspirada em Frida Kahlo chega a Ribeir\u00e3o Preto 2\"><figcaption class=\"wp-element-caption\">Foto: Divulga\u00e7\u00e3o<\/figcaption><\/figure>\n<\/figure>\n<p>A exposi\u00e7\u00e3o integra a programa\u00e7\u00e3o do <strong>Novo Ateli\u00ea \u2013 Espa\u00e7o das Artes<\/strong>, iniciativa do Novo Shopping voltada \u00e0 valoriza\u00e7\u00e3o da produ\u00e7\u00e3o art\u00edstica e \u00e0 aproxima\u00e7\u00e3o do p\u00fablico com as artes.<\/p>\n<p class=\"has-text-align-center has-small-font-size\"><em>Receba not\u00edcias do\u00a0<strong>acidade on Ribeir\u00e3o\u00a0<\/strong>no WhatsApp e fique por dentro de tudo! Basta acessar o link<a href=\"https:\/\/chat.whatsapp.com\/DfXwcjKVIddHUT3BvnQuPZ?mode=hqctshi\" target=\"_blank\" rel=\"noreferrer noopener\">\u00a0aqui<\/a>!<\/em><\/p>\n<div class=\"wp-block-image\">\n<figure class=\"aligncenter size-large\"><img data-recalc-dims=\"1\" loading=\"lazy\" decoding=\"async\" width=\"1024\" height=\"576\" src=\"https:\/\/i0.wp.com\/www.acidadeon.com\/ribeiraopreto\/wp-content\/uploads\/sites\/3\/2026\/06\/Novo-Shopping-Fachada-2_2026-06-02_18-43-08-1024x576.webp?resize=1024%2C576&#038;ssl=1\" alt=\"Novo Shopping de Ribeir\u00e3o Preto - Foto: divulga\u00e7\u00e3o.\" class=\"wp-image-159232\" title=\"Exposi\u00e7\u00e3o inspirada em Frida Kahlo chega a Ribeir\u00e3o Preto 3\"><figcaption class=\"wp-element-caption\">Novo Shopping de Ribeir\u00e3o Preto \u2013 Foto: divulga\u00e7\u00e3o.<\/figcaption><\/figure>\n<\/div>\n<h2 class=\"wp-block-heading\">Obras fazem refer\u00eancia \u00e0 trajet\u00f3ria de Frida Kahlo<\/h2>\n<p>Com uma trajet\u00f3ria ligada \u00e0 pintura figurativa, Nice Forti trabalha com refer\u00eancias acad\u00eamicas e contempor\u00e2neas e aborda temas como mem\u00f3ria, cultura e sentimentos. Nesta s\u00e9rie, a artista direciona o trabalho para a obra e a personalidade de Frida Kahlo.<\/p>\n<p>As pinturas exploram aspectos relacionados \u00e0 identidade, \u00e0 for\u00e7a e \u00e0 rela\u00e7\u00e3o entre vida e arte presentes na trajet\u00f3ria da artista mexicana. A proposta estabelece um di\u00e1logo entre as refer\u00eancias de Frida e o olhar contempor\u00e2neo de Nice Forti, que atua na cena cultural de Ribeir\u00e3o Preto.<\/p>\n<h2 class=\"wp-block-heading\">Artista participa da produ\u00e7\u00e3o cultural de Ribeir\u00e3o Preto<\/h2>\n<p>Nice Forti \u00e9 membro da <strong>Academia de Letras e Artes de Ribeir\u00e3o Preto (Alarp)<\/strong>, da Casa do Poeta de Ribeir\u00e3o Preto e da Uni\u00e3o dos Escritores Independentes.<\/p>\n<p>Al\u00e9m da produ\u00e7\u00e3o art\u00edstica, ela atua na forma\u00e7\u00e3o de novos talentos em seu ateli\u00ea e participa de iniciativas voltadas \u00e0 produ\u00e7\u00e3o cultural da cidade.<\/p>\n<hr class=\"wp-block-separator has-alpha-channel-opacity\">\n<p class=\"has-text-align-center has-small-font-size\"><em>Fa\u00e7a uma den\u00fancia ou sugira uma reportagem sobre\u00a0<strong>Ribeir\u00e3o Preto\u00a0<\/strong>e regi\u00e3o por meio do WhatsApp do\u00a0<strong>acidade on Ribeir\u00e3o<\/strong>: (16) 99117-7802.<\/em><\/p>\n<h2 class=\"wp-block-heading\"><strong><mark class=\"has-inline-color has-white-color\">Exposi\u00e7\u00e3o<\/mark><\/strong><\/h2>\n<\/p>\n<p>O post Exposi\u00e7\u00e3o inspirada em Frida Kahlo chega a Ribeir\u00e3o Preto apareceu primeiro em ACidade ON Ribeir\u00e3o Preto.<\/p>\n<p><br \/>\n<br \/><a href=\"https:\/\/www.acidadeon.com\/ribeiraopreto\/lazer-e-cultura\/exposicao-inspirada-em-frida-kahlo-chega-a-ribeirao-preto\/\">Link para o texto original aqui <\/a><\/p>\n<!-- CONTENT END 1 -->\n","protected":false},"excerpt":{"rendered":"<p>Uma exposi\u00e7\u00e3o inspirada na obra e na personalidade da pintora mexicana Frida Kahlo chega a Ribeir\u00e3o Preto. A mostra, assinada pela artista Nice Forti, re\u00fane&#8230;<\/p>\n","protected":false},"author":1,"featured_media":90907,"comment_status":"","ping_status":"","sticky":false,"template":"","format":"standard","meta":{"advanced_seo_description":"","jetpack_seo_html_title":"","jetpack_seo_noindex":false,"jetpack_seo_schema_type":"","_jetpack_newsletter_access":"","_jetpack_dont_email_post_to_subs":false,"_jetpack_newsletter_tier_id":0,"_jetpack_memberships_contains_paywalled_content":false,"_jetpack_feature_clip_id":0,"_jetpack_memberships_contains_paid_content":false,"footnotes":"","jetpack_publicize_message":"","jetpack_publicize_feature_enabled":true,"jetpack_social_post_already_shared":true,"jetpack_social_options":{"image_generator_settings":{"template":"highway","default_image_id":0,"font":"","enabled":false},"version":2},"jetpack_post_was_ever_published":false},"categories":[11],"tags":[531,3189,8858,7942,8859,27,26],"class_list":["post-90906","post","type-post","status-publish","format-standard","has-post-thumbnail","hentry","category-noticias-de-ribeirao-preto-sp-e-regiao-ismael-colosi","tag-chega","tag-exposicao","tag-frida","tag-inspirada","tag-kahlo","tag-preto","tag-ribeirao"],"jetpack_publicize_connections":[],"jetpack-related-posts":[{"id":90626,"url":"https:\/\/noticiasribeiraopreto.com.br\/index.php\/2026\/08\/26\/cine-cauim-exibe-sessao-de-cinema-gratuita-dedicada-a-artistas-plasticos-em-ribeirao-preto-confira-quando-sera\/","url_meta":{"origin":90906,"position":0},"title":"Cine Cauim exibe sess\u00e3o de cinema gratuita dedicada a artistas pl\u00e1sticos em Ribeir\u00e3o Preto; Confira quando ser\u00e1","author":"noticiasribeiraopreto.com.br","date":"26 de August de 2026","format":false,"excerpt":"O Cineclube Cauim promove nesta quinta-feira (27), a partir das 19h30, uma sess\u00e3o de cinema voltada para as artes visuais em Ribeir\u00e3o Preto. A iniciativa traz exibi\u00e7\u00f5es gratuitas de produ\u00e7\u00f5es cinematogr\u00e1ficas que retratam a vida e a trajet\u00f3ria dos artistas pl\u00e1sticos Macal\u00e9 e Frida Kahlo. Cine Cauim exibe document\u00e1rio sobre\u2026","rel":"","context":"In &quot;Not\u00edcias de Ribeir\u00e3o Preto-SP e Regi\u00e3o&quot;","block_context":{"text":"Not\u00edcias de Ribeir\u00e3o Preto-SP e Regi\u00e3o","link":"https:\/\/noticiasribeiraopreto.com.br\/index.php\/category\/noticias-de-ribeirao-preto-sp-e-regiao-ismael-colosi\/"},"img":{"alt_text":"","src":"https:\/\/i0.wp.com\/noticiasribeiraopreto.com.br\/wp-content\/uploads\/2026\/08\/Cine-Cauim-exibe-sessao-especial-gratuita-dedicada-a-artistas-plasticos.jpeg?fit=1176%2C660&ssl=1&resize=350%2C200","width":350,"height":200,"srcset":"https:\/\/i0.wp.com\/noticiasribeiraopreto.com.br\/wp-content\/uploads\/2026\/08\/Cine-Cauim-exibe-sessao-especial-gratuita-dedicada-a-artistas-plasticos.jpeg?fit=1176%2C660&ssl=1&resize=350%2C200 1x, https:\/\/i0.wp.com\/noticiasribeiraopreto.com.br\/wp-content\/uploads\/2026\/08\/Cine-Cauim-exibe-sessao-especial-gratuita-dedicada-a-artistas-plasticos.jpeg?fit=1176%2C660&ssl=1&resize=525%2C300 1.5x, https:\/\/i0.wp.com\/noticiasribeiraopreto.com.br\/wp-content\/uploads\/2026\/08\/Cine-Cauim-exibe-sessao-especial-gratuita-dedicada-a-artistas-plasticos.jpeg?fit=1176%2C660&ssl=1&resize=700%2C400 2x, https:\/\/i0.wp.com\/noticiasribeiraopreto.com.br\/wp-content\/uploads\/2026\/08\/Cine-Cauim-exibe-sessao-especial-gratuita-dedicada-a-artistas-plasticos.jpeg?fit=1176%2C660&ssl=1&resize=1050%2C600 3x"},"classes":[]},{"id":89583,"url":"https:\/\/noticiasribeiraopreto.com.br\/index.php\/2026\/08\/07\/chaves-a-exposicao-chega-a-shopping-de-ribeirao-preto-veja-quando\/","url_meta":{"origin":90906,"position":1},"title":"\u2018Chaves: A Exposi\u00e7\u00e3o\u2019 chega a shopping de Ribeir\u00e3o Preto; veja quando","author":"noticiasribeiraopreto.com.br","date":"7 de August de 2026","format":false,"excerpt":"Os f\u00e3s de \u201cChaves\u201d v\u00e3o ter a oportunidade de conhecer uma das maiores exposi\u00e7\u00f5es dedicadas ao seriado na Am\u00e9rica Latina. O Iguatemi Ribeir\u00e3o Preto confirmou a chegada de \u201cChaves: A Exposi\u00e7\u00e3o\u201d, atra\u00e7\u00e3o in\u00e9dita na cidade e na regi\u00e3o, com abertura prevista para o fim de agosto de 2026, no Piso\u2026","rel":"","context":"In &quot;Not\u00edcias de Ribeir\u00e3o Preto-SP e Regi\u00e3o&quot;","block_context":{"text":"Not\u00edcias de Ribeir\u00e3o Preto-SP e Regi\u00e3o","link":"https:\/\/noticiasribeiraopreto.com.br\/index.php\/category\/noticias-de-ribeirao-preto-sp-e-regiao-ismael-colosi\/"},"img":{"alt_text":"","src":"https:\/\/i0.wp.com\/noticiasribeiraopreto.com.br\/wp-content\/uploads\/2026\/08\/WhatsApp-Image-2026-08-07-at-16.02.40.jpeg?fit=1200%2C800&ssl=1&resize=350%2C200","width":350,"height":200,"srcset":"https:\/\/i0.wp.com\/noticiasribeiraopreto.com.br\/wp-content\/uploads\/2026\/08\/WhatsApp-Image-2026-08-07-at-16.02.40.jpeg?fit=1200%2C800&ssl=1&resize=350%2C200 1x, https:\/\/i0.wp.com\/noticiasribeiraopreto.com.br\/wp-content\/uploads\/2026\/08\/WhatsApp-Image-2026-08-07-at-16.02.40.jpeg?fit=1200%2C800&ssl=1&resize=525%2C300 1.5x, https:\/\/i0.wp.com\/noticiasribeiraopreto.com.br\/wp-content\/uploads\/2026\/08\/WhatsApp-Image-2026-08-07-at-16.02.40.jpeg?fit=1200%2C800&ssl=1&resize=700%2C400 2x, https:\/\/i0.wp.com\/noticiasribeiraopreto.com.br\/wp-content\/uploads\/2026\/08\/WhatsApp-Image-2026-08-07-at-16.02.40.jpeg?fit=1200%2C800&ssl=1&resize=1050%2C600 3x"},"classes":[]},{"id":77959,"url":"https:\/\/noticiasribeiraopreto.com.br\/index.php\/2025\/09\/29\/shopping-de-ribeirao-preto-recebe-exposicao-de-halloween-com-entrada-gratuita\/","url_meta":{"origin":90906,"position":2},"title":"Shopping de Ribeir\u00e3o Preto recebe exposi\u00e7\u00e3o de Halloween com entrada gratuita","author":"noticiasribeiraopreto.com.br","date":"29 de September de 2025","format":false,"excerpt":"O Shopping Santa \u00darsula, localizado no Centro de Ribeir\u00e3o Preto, recebe at\u00e9 o dia 2 de novembro a exposi\u00e7\u00e3o \u201cMonstrinhos\u201d, inspirada na tem\u00e1tica de Halloween. A entrada \u00e9 gratuita. A mostra re\u00fane 19 personagens de at\u00e9 1,5 metro, distribu\u00eddos em quatro cen\u00e1rios interativos que prometem encantar o p\u00fablico. Al\u00e9m dos\u2026","rel":"","context":"In &quot;Not\u00edcias de Ribeir\u00e3o Preto-SP e Regi\u00e3o&quot;","block_context":{"text":"Not\u00edcias de Ribeir\u00e3o Preto-SP e Regi\u00e3o","link":"https:\/\/noticiasribeiraopreto.com.br\/index.php\/category\/noticias-de-ribeirao-preto-sp-e-regiao-ismael-colosi\/"},"img":{"alt_text":"","src":"https:\/\/i0.wp.com\/noticiasribeiraopreto.com.br\/wp-content\/uploads\/2025\/09\/WhatsApp-Image-2025-09-29-at-10.27.43_2025-09-29_15-30-45.webp.webp?fit=1200%2C900&ssl=1&resize=350%2C200","width":350,"height":200,"srcset":"https:\/\/i0.wp.com\/noticiasribeiraopreto.com.br\/wp-content\/uploads\/2025\/09\/WhatsApp-Image-2025-09-29-at-10.27.43_2025-09-29_15-30-45.webp.webp?fit=1200%2C900&ssl=1&resize=350%2C200 1x, https:\/\/i0.wp.com\/noticiasribeiraopreto.com.br\/wp-content\/uploads\/2025\/09\/WhatsApp-Image-2025-09-29-at-10.27.43_2025-09-29_15-30-45.webp.webp?fit=1200%2C900&ssl=1&resize=525%2C300 1.5x, https:\/\/i0.wp.com\/noticiasribeiraopreto.com.br\/wp-content\/uploads\/2025\/09\/WhatsApp-Image-2025-09-29-at-10.27.43_2025-09-29_15-30-45.webp.webp?fit=1200%2C900&ssl=1&resize=700%2C400 2x, https:\/\/i0.wp.com\/noticiasribeiraopreto.com.br\/wp-content\/uploads\/2025\/09\/WhatsApp-Image-2025-09-29-at-10.27.43_2025-09-29_15-30-45.webp.webp?fit=1200%2C900&ssl=1&resize=1050%2C600 3x"},"classes":[]},{"id":63713,"url":"https:\/\/noticiasribeiraopreto.com.br\/index.php\/2025\/02\/19\/exposicao-imersiva-do-pintor-van-gogh-chega-a-reta-final-na-regiao-de-ribeirao\/","url_meta":{"origin":90906,"position":3},"title":"Exposi\u00e7\u00e3o imersiva do pintor Van Gogh chega \u00e0 reta final na regi\u00e3o de Ribeir\u00e3o","author":"noticiasribeiraopreto.com.br","date":"19 de February de 2025","format":false,"excerpt":"Est\u00e1 chegando ao fim a exposi\u00e7\u00e3o imersiva do pintor holand\u00eas Van Gogh, no Santa Maria Outlet, empreendimento localizado em Cravinhos, cidade na regi\u00e3o de Ribeir\u00e3o Preto. A atra\u00e7\u00e3o est\u00e1 em cartaz desde novembro de 2024 e para marcar essa reta final, todos os visitantes ter\u00e3o direito \u00e0 meia-entrada em qualquer\u2026","rel":"","context":"In &quot;Not\u00edcias de Ribeir\u00e3o Preto-SP e Regi\u00e3o&quot;","block_context":{"text":"Not\u00edcias de Ribeir\u00e3o Preto-SP e Regi\u00e3o","link":"https:\/\/noticiasribeiraopreto.com.br\/index.php\/category\/noticias-de-ribeirao-preto-sp-e-regiao-ismael-colosi\/"},"img":{"alt_text":"","src":"https:\/\/i0.wp.com\/noticiasribeiraopreto.com.br\/wp-content\/uploads\/2025\/02\/Copia-de-Copia-de-Copia-de-TAMANHO-EXATO-PARA-FOTOS-NO-SISTEMA-NOVO-2025-02-19T173628.782_2025-02-19_20-36-35_png_2025-02-19_20-36-35.webp.webp?fit=1200%2C675&ssl=1&resize=350%2C200","width":350,"height":200,"srcset":"https:\/\/i0.wp.com\/noticiasribeiraopreto.com.br\/wp-content\/uploads\/2025\/02\/Copia-de-Copia-de-Copia-de-TAMANHO-EXATO-PARA-FOTOS-NO-SISTEMA-NOVO-2025-02-19T173628.782_2025-02-19_20-36-35_png_2025-02-19_20-36-35.webp.webp?fit=1200%2C675&ssl=1&resize=350%2C200 1x, https:\/\/i0.wp.com\/noticiasribeiraopreto.com.br\/wp-content\/uploads\/2025\/02\/Copia-de-Copia-de-Copia-de-TAMANHO-EXATO-PARA-FOTOS-NO-SISTEMA-NOVO-2025-02-19T173628.782_2025-02-19_20-36-35_png_2025-02-19_20-36-35.webp.webp?fit=1200%2C675&ssl=1&resize=525%2C300 1.5x, https:\/\/i0.wp.com\/noticiasribeiraopreto.com.br\/wp-content\/uploads\/2025\/02\/Copia-de-Copia-de-Copia-de-TAMANHO-EXATO-PARA-FOTOS-NO-SISTEMA-NOVO-2025-02-19T173628.782_2025-02-19_20-36-35_png_2025-02-19_20-36-35.webp.webp?fit=1200%2C675&ssl=1&resize=700%2C400 2x, https:\/\/i0.wp.com\/noticiasribeiraopreto.com.br\/wp-content\/uploads\/2025\/02\/Copia-de-Copia-de-Copia-de-TAMANHO-EXATO-PARA-FOTOS-NO-SISTEMA-NOVO-2025-02-19T173628.782_2025-02-19_20-36-35_png_2025-02-19_20-36-35.webp.webp?fit=1200%2C675&ssl=1&resize=1050%2C600 3x"},"classes":[]},{"id":79457,"url":"https:\/\/noticiasribeiraopreto.com.br\/index.php\/2025\/11\/01\/exposicao-paisagem-mero-artificio-chega-ao-museu-de-arte-de-ribeirao-preto-veja-quando\/","url_meta":{"origin":90906,"position":4},"title":"Exposi\u00e7\u00e3o \u2018Paisagem, mero artif\u00edcio\u2019 chega ao Museu de Arte de Ribeir\u00e3o Preto; veja quando","author":"noticiasribeiraopreto.com.br","date":"1 de November de 2025","format":false,"excerpt":"O Museu de Arte de Ribeir\u00e3o Preto (MARP) recebe a exposi\u00e7\u00e3o \u201cPaisagem, mero art\u00edficio\u201d no pr\u00f3ximo dia 7 de novembro, a partir das 19h30, com entrada gratuita. O projeto segue em cartaz at\u00e9 o dia 19 de dezembro, com reabertura de 6 a 16 de janeiro de 2026.\u00a0 A mostra\u2026","rel":"","context":"In &quot;Not\u00edcias de Ribeir\u00e3o Preto-SP e Regi\u00e3o&quot;","block_context":{"text":"Not\u00edcias de Ribeir\u00e3o Preto-SP e Regi\u00e3o","link":"https:\/\/noticiasribeiraopreto.com.br\/index.php\/category\/noticias-de-ribeirao-preto-sp-e-regiao-ismael-colosi\/"},"img":{"alt_text":"","src":"https:\/\/i0.wp.com\/noticiasribeiraopreto.com.br\/wp-content\/uploads\/2025\/11\/marp_2024-08-10_21-10-15_png_2024-08-10_21-10-15.webp.webp?fit=1092%2C733&ssl=1&resize=350%2C200","width":350,"height":200,"srcset":"https:\/\/i0.wp.com\/noticiasribeiraopreto.com.br\/wp-content\/uploads\/2025\/11\/marp_2024-08-10_21-10-15_png_2024-08-10_21-10-15.webp.webp?fit=1092%2C733&ssl=1&resize=350%2C200 1x, https:\/\/i0.wp.com\/noticiasribeiraopreto.com.br\/wp-content\/uploads\/2025\/11\/marp_2024-08-10_21-10-15_png_2024-08-10_21-10-15.webp.webp?fit=1092%2C733&ssl=1&resize=525%2C300 1.5x, https:\/\/i0.wp.com\/noticiasribeiraopreto.com.br\/wp-content\/uploads\/2025\/11\/marp_2024-08-10_21-10-15_png_2024-08-10_21-10-15.webp.webp?fit=1092%2C733&ssl=1&resize=700%2C400 2x, https:\/\/i0.wp.com\/noticiasribeiraopreto.com.br\/wp-content\/uploads\/2025\/11\/marp_2024-08-10_21-10-15_png_2024-08-10_21-10-15.webp.webp?fit=1092%2C733&ssl=1&resize=1050%2C600 3x"},"classes":[]},{"id":81683,"url":"https:\/\/noticiasribeiraopreto.com.br\/index.php\/2026\/01\/14\/exposicao-repressao-e-resistencia-chega-ao-memorial-madre-maurina-em-ribeirao-preto\/","url_meta":{"origin":90906,"position":5},"title":"Exposi\u00e7\u00e3o &#8216;Repress\u00e3o e Resist\u00eancia&#8217; chega ao Memorial Madre Maurina, em Ribeir\u00e3o Preto","author":"noticiasribeiraopreto.com.br","date":"14 de January de 2026","format":false,"excerpt":"A exposi\u00e7\u00e3o \u201cRepress\u00e3o e Resist\u00eancia\u201d ser\u00e1 inaugurada no pr\u00f3ximo domingo (18), a partir das 15h, no Memorial da Resist\u00eancia Madre Maurina Borges, em Ribeir\u00e3o Preto. A mostra apresenta hist\u00f3rias de resist\u00eancia popular no interior do Estado de S\u00e3o Paulo, com foco em a\u00e7\u00f5es coletivas e trajet\u00f3rias ligadas \u00e0 defesa de\u2026","rel":"","context":"In &quot;Not\u00edcias de Ribeir\u00e3o Preto-SP e Regi\u00e3o&quot;","block_context":{"text":"Not\u00edcias de Ribeir\u00e3o Preto-SP e Regi\u00e3o","link":"https:\/\/noticiasribeiraopreto.com.br\/index.php\/category\/noticias-de-ribeirao-preto-sp-e-regiao-ismael-colosi\/"},"img":{"alt_text":"","src":"https:\/\/i0.wp.com\/noticiasribeiraopreto.com.br\/wp-content\/uploads\/2026\/01\/image_2026-01-13_22-11-42.webp.webp?fit=984%2C616&ssl=1&resize=350%2C200","width":350,"height":200,"srcset":"https:\/\/i0.wp.com\/noticiasribeiraopreto.com.br\/wp-content\/uploads\/2026\/01\/image_2026-01-13_22-11-42.webp.webp?fit=984%2C616&ssl=1&resize=350%2C200 1x, https:\/\/i0.wp.com\/noticiasribeiraopreto.com.br\/wp-content\/uploads\/2026\/01\/image_2026-01-13_22-11-42.webp.webp?fit=984%2C616&ssl=1&resize=525%2C300 1.5x, https:\/\/i0.wp.com\/noticiasribeiraopreto.com.br\/wp-content\/uploads\/2026\/01\/image_2026-01-13_22-11-42.webp.webp?fit=984%2C616&ssl=1&resize=700%2C400 2x"},"classes":[]}],"jetpack_sharing_enabled":true,"jetpack_shortlink":"https:\/\/wp.me\/peQAOb-nEe","jetpack_featured_media_url":"https:\/\/i0.wp.com\/noticiasribeiraopreto.com.br\/wp-content\/uploads\/2026\/09\/frida.jpg?fit=1200%2C675&ssl=1","_links":{"self":[{"href":"https:\/\/noticiasribeiraopreto.com.br\/index.php\/wp-json\/wp\/v2\/posts\/90906","targetHints":{"allow":["GET"]}}],"collection":[{"href":"https:\/\/noticiasribeiraopreto.com.br\/index.php\/wp-json\/wp\/v2\/posts"}],"about":[{"href":"https:\/\/noticiasribeiraopreto.com.br\/index.php\/wp-json\/wp\/v2\/types\/post"}],"author":[{"embeddable":true,"href":"https:\/\/noticiasribeiraopreto.com.br\/index.php\/wp-json\/wp\/v2\/users\/1"}],"replies":[{"embeddable":true,"href":"https:\/\/noticiasribeiraopreto.com.br\/index.php\/wp-json\/wp\/v2\/comments?post=90906"}],"version-history":[{"count":0,"href":"https:\/\/noticiasribeiraopreto.com.br\/index.php\/wp-json\/wp\/v2\/posts\/90906\/revisions"}],"wp:featuredmedia":[{"embeddable":true,"href":"https:\/\/noticiasribeiraopreto.com.br\/index.php\/wp-json\/wp\/v2\/media\/90907"}],"wp:attachment":[{"href":"https:\/\/noticiasribeiraopreto.com.br\/index.php\/wp-json\/wp\/v2\/media?parent=90906"}],"wp:term":[{"taxonomy":"category","embeddable":true,"href":"https:\/\/noticiasribeiraopreto.com.br\/index.php\/wp-json\/wp\/v2\/categories?post=90906"},{"taxonomy":"post_tag","embeddable":true,"href":"https:\/\/noticiasribeiraopreto.com.br\/index.php\/wp-json\/wp\/v2\/tags?post=90906"}],"curies":[{"name":"wp","href":"https:\/\/api.w.org\/{rel}","templated":true}]}}