{"id":90908,"date":"2026-09-01T15:31:36","date_gmt":"2026-09-01T18:31:36","guid":{"rendered":"https:\/\/noticiasribeiraopreto.com.br\/index.php\/2026\/09\/01\/motorista-de-caminhonete-que-atingiu-carro-estacionado-em-alta-velocidade-e-identificado\/"},"modified":"2026-09-01T15:31:36","modified_gmt":"2026-09-01T18:31:36","slug":"motorista-de-caminhonete-que-atingiu-carro-estacionado-em-alta-velocidade-e-identificado","status":"publish","type":"post","link":"https:\/\/noticiasribeiraopreto.com.br\/index.php\/2026\/09\/01\/motorista-de-caminhonete-que-atingiu-carro-estacionado-em-alta-velocidade-e-identificado\/","title":{"rendered":"Identificado motorista de caminhonete em alta velocidade que atingiu carro estacionado"},"content":{"rendered":"<div class='code-block code-block-1' style='margin: 8px 0 8px auto; text-align: right; display: block; clear: both;'>\n<p><a href=\"https:\/\/wa.link\/vpicfd\"><img data-recalc-dims=\"1\" class=\"wp-image-4922\" style=\"aspect-ratio: 2.0253164556962027; width: 561px; height: auto;\" src=\"https:\/\/i0.wp.com\/ismaelcolosi.com.br\/wp-content\/uploads\/2023\/11\/grupo-de-empregos-whatsapp-e-facebook-ismael-colosi-vagas.jpg?ssl=1\" alt=\"\" \/><\/a><\/p>\n<!-- \/wp:image -->\n<\/div>\n<p> <br \/>\n<\/p>\n<p>O motorista da caminhonete que estava em alta velocidade e atingiu um carro estacionado em <strong>Batatais<\/strong>, na <strong>regi\u00e3o de Ribeir\u00e3o Preto<\/strong>, no \u00faltimo s\u00e1bado (29), foi identificado como <strong>Marcelo Costa Gomes<\/strong>.<\/p>\n<p>Segundo as investiga\u00e7\u00f5es, <strong>o farmac\u00eautico \u00e9 o homem que aparece inicialmente gesticulando ao lado de um carro branco estacionado<\/strong>. Em seguida, ele deixa o local, faz o retorno pela rua e volta em alta velocidade, atingindo o ve\u00edculo \u2013 veja o v\u00eddeo logo abaixo.<\/p>\n<figure class=\"wp-block-image size-large\"><figcaption class=\"wp-element-caption\">Motorista envolvido no acidente foi identificado \u2013 Foto: C\u00e2mera de seguran\u00e7a<\/figcaption><\/figure>\n<p class=\"has-text-align-center has-cyan-bluish-gray-background-color has-background\"><em>Receba not\u00edcias do\u00a0<strong>acidade on Ribeir\u00e3o\u00a0<\/strong>no WhatsApp e fique por dentro de tudo! Basta acessar o link<a href=\"https:\/\/chat.whatsapp.com\/DfXwcjKVIddHUT3BvnQuPZ?mode=hqctshi\" target=\"_blank\" rel=\"noreferrer noopener\">\u00a0aqui<\/a>!<\/em><\/p>\n<h2 class=\"wp-block-heading\"><strong>O que disse o motorista?<\/strong><\/h2>\n<p>\u00c0 <strong>Pol\u00edcia Militar<\/strong>, o motorista da caminhonete informou que <strong>perdeu o controle da dire\u00e7\u00e3o<\/strong> antes de atingir o ve\u00edculo estacionado. Ele se recusou a fazer o teste do baf\u00f4metro. \u00c0 <strong>EPTV <\/strong>tentou contato com o envolvido, mas n\u00e3o obteve retorno. <strong>A defesa tamb\u00e9m n\u00e3o foi localizada<\/strong>.<\/p>\n<p>J\u00e1 o propriet\u00e1rio do carro atingido relatou que <strong>estava dormindo em casa no momento da batida<\/strong>. Com a for\u00e7a do impacto, o ve\u00edculo estacionado foi arrastado por v\u00e1rios metros.<\/p>\n<p>Apesar dos danos materiais e do susto provocado, ningu\u00e9m ficou ferido. A ocorr\u00eancia foi registrada pela <strong>Pol\u00edcia Civil<\/strong>, que segue investigando o caso.<\/p>\n<figure class=\"wp-block-gallery has-nested-images columns-default is-cropped wp-block-gallery-1 is-layout-flex wp-block-gallery-is-layout-flex\">\n<figure class=\"wp-block-image size-large\"><img data-recalc-dims=\"1\" loading=\"lazy\" decoding=\"async\" width=\"620\" height=\"426\" data-id=\"172992\" src=\"https:\/\/i0.wp.com\/www.acidadeon.com\/ribeiraopreto\/wp-content\/uploads\/sites\/3\/2026\/08\/image-193.png?resize=620%2C426&#038;ssl=1\" alt=\"Motorista de caminhonete envolvido em colis\u00e3o foi identificado - Foto: c\u00e2mera de seguran\u00e7a.\" class=\"wp-image-172992\" title=\"Identificado motorista de caminhonete em alta velocidade que atingiu carro estacionado 2\"><figcaption class=\"wp-element-caption\">Motorista de caminhonete envolvido em colis\u00e3o foi identificado \u2013 Foto: c\u00e2mera de seguran\u00e7a.<\/figcaption><\/figure>\n<figure class=\"wp-block-image size-large\"><img data-recalc-dims=\"1\" loading=\"lazy\" decoding=\"async\" width=\"637\" height=\"367\" data-id=\"172993\" src=\"https:\/\/i0.wp.com\/www.acidadeon.com\/ribeiraopreto\/wp-content\/uploads\/sites\/3\/2026\/08\/image-194.png?resize=637%2C367&#038;ssl=1\" alt=\"Motorista de caminhonete envolvido em colis\u00e3o foi identificado - Foto: c\u00e2mera de seguran\u00e7a.\" class=\"wp-image-172993\" title=\"Identificado motorista de caminhonete em alta velocidade que atingiu carro estacionado 3\"><figcaption class=\"wp-element-caption\">Motorista de caminhonete envolvido em colis\u00e3o foi identificado \u2013 Foto: c\u00e2mera de seguran\u00e7a.<\/figcaption><\/figure>\n<\/figure>\n<h2 class=\"wp-block-heading\"><strong>O caso<\/strong><\/h2>\n<p><strong>C\u00e2meras de seguran\u00e7a<\/strong> registraram o acidente por volta das 6h20, na rua Therezinha Previde Antonelli, no bairro Jardim dos Ip\u00eas, em Batatais. Conforme o registro, \u00e0s 6h23 a caminhonete aparece parada ao lado do carro branco.<\/p>\n<p>\u00c9 poss\u00edvel observar que o motorista envolvido apoia o bra\u00e7o na janela da caminhonete e observa o interior do ve\u00edculo que estava estacionado.<strong> Na sequ\u00eancia, realiza alguns gestos como se estivesse conversando com outra pessoa no carro.<\/strong><\/p>\n<p>Pouco depois a caminhonete acelera e se aproxima carro, contudo, o motorista sai, faz um retorno na mesma rua e bate com for\u00e7a na traseira do ve\u00edculos estacionado. <strong>Com o impacto, ele foi arrastado por v\u00e1rios metros at\u00e9 a rua Ant\u00f4nio Carlos Alves.<\/strong><\/p>\n<p><em>*Com informa\u00e7\u00f5es da EPTV<\/em><\/p>\n<blockquote class=\"instagram-media\" data-instgrm-permalink=\"https:\/\/www.instagram.com\/reel\/DcrPpCYkz6G\/?utm_source=ig_embed&amp;utm_campaign=loading\" data-instgrm-version=\"14\">\n<div> <a href=\"https:\/\/www.instagram.com\/reel\/DcrPpCYkz6G\/?utm_source=ig_embed&amp;utm_campaign=loading\" target=\"_blank\" rel=\"noopener\"> <\/p>\n<div>\n<div><\/div>\n<div>\n<div><\/div>\n<div><\/div>\n<\/div>\n<\/div>\n<div><\/div>\n<div><\/div>\n<div>\n<div>Ver essa foto no Instagram<\/div>\n<\/div>\n<div><\/div>\n<div>\n<div>\n<div><\/div>\n<div><\/div>\n<div><\/div>\n<\/div>\n<div>\n<div><\/div>\n<div><\/div>\n<\/div>\n<div>\n<div><\/div>\n<div><\/div>\n<div><\/div>\n<\/div>\n<\/div>\n<div>\n<div><\/div>\n<div><\/div>\n<\/div>\n<p><\/a><\/p>\n<p><a href=\"https:\/\/www.instagram.com\/reel\/DcrPpCYkz6G\/?utm_source=ig_embed&amp;utm_campaign=loading\" target=\"_blank\" rel=\"noopener\">Um post compartilhado por acidade on Ribeir\u00e3o (@acidadeonribeirao)<\/a><\/p>\n<\/div>\n<\/blockquote>\n<p class=\"has-text-align-center has-cyan-bluish-gray-background-color has-background\"><em>Fa\u00e7a uma den\u00fancia ou sugira uma reportagem sobre\u00a0<strong>Ribeir\u00e3o Preto\u00a0<\/strong>e regi\u00e3o por meio do WhatsApp do\u00a0<strong>acidade on Ribeir\u00e3o<\/strong>: (16) 99117-7802.<\/em><\/p>\n<p>O post Identificado motorista de caminhonete em alta velocidade que atingiu carro estacionado apareceu primeiro em ACidade ON Ribeir\u00e3o Preto.<\/p>\n<p><script async src=\"\/\/www.instagram.com\/embed.js\"><\/script><br \/>\n<br \/><br \/>\n<br \/><a href=\"https:\/\/www.acidadeon.com\/ribeiraopreto\/cotidiano\/motorista-de-caminhonete-que-atingiu-carro-estacionado-em-alta-velocidade-e-identificado\/\">Link para o texto original aqui <\/a><\/p>\n<!-- CONTENT END 1 -->\n","protected":false},"excerpt":{"rendered":"<p>O motorista da caminhonete que estava em alta velocidade e atingiu um carro estacionado em Batatais, na regi\u00e3o de Ribeir\u00e3o Preto, no \u00faltimo s\u00e1bado (29),&#8230;<\/p>\n","protected":false},"author":1,"featured_media":90909,"comment_status":"","ping_status":"","sticky":false,"template":"","format":"standard","meta":{"advanced_seo_description":"","jetpack_seo_html_title":"","jetpack_seo_noindex":false,"jetpack_seo_schema_type":"","_jetpack_newsletter_access":"","_jetpack_dont_email_post_to_subs":false,"_jetpack_newsletter_tier_id":0,"_jetpack_memberships_contains_paywalled_content":false,"_jetpack_feature_clip_id":0,"_jetpack_memberships_contains_paid_content":false,"footnotes":"","jetpack_publicize_message":"","jetpack_publicize_feature_enabled":true,"jetpack_social_post_already_shared":true,"jetpack_social_options":{"image_generator_settings":{"template":"highway","default_image_id":0,"font":"","enabled":false},"version":2},"jetpack_post_was_ever_published":false},"categories":[11],"tags":[898,3682,2035,295,663,7350,319,3094],"class_list":["post-90908","post","type-post","status-publish","format-standard","has-post-thumbnail","hentry","category-noticias-de-ribeirao-preto-sp-e-regiao-ismael-colosi","tag-alta","tag-atingiu","tag-caminhonete","tag-carro","tag-estacionado","tag-identificado","tag-motorista","tag-velocidade"],"jetpack_publicize_connections":[],"jetpack-related-posts":[{"id":90759,"url":"https:\/\/noticiasribeiraopreto.com.br\/index.php\/2026\/08\/31\/video-caminhonete-em-alta-velocidade-atinge-carro-estacionado\/","url_meta":{"origin":90908,"position":0},"title":"V\u00cdDEO: Caminhonete em alta velocidade atinge carro estacionado","author":"noticiasribeiraopreto.com.br","date":"31 de August de 2026","format":false,"excerpt":"Uma caminhonete em alta velocidade atingiu um carro estacionado na manh\u00e3 deste domingo (29), em Batatais, na regi\u00e3o de Ribeir\u00e3o Preto. C\u00e2meras de seguran\u00e7a registraram os momentos antes e durante a colis\u00e3o (veja no v\u00eddeo abaixo). Momentos antes da batida As imagens mostram que, minutos antes da batida, o motorista\u2026","rel":"","context":"In &quot;Not\u00edcias de Ribeir\u00e3o Preto-SP e Regi\u00e3o&quot;","block_context":{"text":"Not\u00edcias de Ribeir\u00e3o Preto-SP e Regi\u00e3o","link":"https:\/\/noticiasribeiraopreto.com.br\/index.php\/category\/noticias-de-ribeirao-preto-sp-e-regiao-ismael-colosi\/"},"img":{"alt_text":"","src":"https:\/\/i0.wp.com\/noticiasribeiraopreto.com.br\/wp-content\/uploads\/2026\/08\/acidente-batatais-1-1.jpg?fit=1200%2C675&ssl=1&resize=350%2C200","width":350,"height":200,"srcset":"https:\/\/i0.wp.com\/noticiasribeiraopreto.com.br\/wp-content\/uploads\/2026\/08\/acidente-batatais-1-1.jpg?fit=1200%2C675&ssl=1&resize=350%2C200 1x, https:\/\/i0.wp.com\/noticiasribeiraopreto.com.br\/wp-content\/uploads\/2026\/08\/acidente-batatais-1-1.jpg?fit=1200%2C675&ssl=1&resize=525%2C300 1.5x, https:\/\/i0.wp.com\/noticiasribeiraopreto.com.br\/wp-content\/uploads\/2026\/08\/acidente-batatais-1-1.jpg?fit=1200%2C675&ssl=1&resize=700%2C400 2x, https:\/\/i0.wp.com\/noticiasribeiraopreto.com.br\/wp-content\/uploads\/2026\/08\/acidente-batatais-1-1.jpg?fit=1200%2C675&ssl=1&resize=1050%2C600 3x"},"classes":[]},{"id":90813,"url":"https:\/\/noticiasribeiraopreto.com.br\/index.php\/2026\/08\/31\/caminhonete-bate-violentamente-em-carro-estacionado-na-regiao\/","url_meta":{"origin":90908,"position":1},"title":"Caminhonete bate violentamente em carro estacionado na regi\u00e3o","author":"noticiasribeiraopreto.com.br","date":"31 de August de 2026","format":false,"excerpt":"\r Condutor da caminhonete parece ter conversado com pessoa no outro carro antes do acidente, mas dono do ve\u00edculo disse estar em casa dormindo\r \r 31 de agosto de 2026 10:42 \r Compartilhar2 | Por: Adalberto Luque | Uma violenta colis\u00e3o, registrada na manh\u00e3 deste domingo (30), deixou d\u00favidas sobre\u2026","rel":"","context":"In &quot;Not\u00edcias de Ribeir\u00e3o Preto-SP e Regi\u00e3o&quot;","block_context":{"text":"Not\u00edcias de Ribeir\u00e3o Preto-SP e Regi\u00e3o","link":"https:\/\/noticiasribeiraopreto.com.br\/index.php\/category\/noticias-de-ribeirao-preto-sp-e-regiao-ismael-colosi\/"},"img":{"alt_text":"","src":"https:\/\/i0.wp.com\/noticiasribeiraopreto.com.br\/wp-content\/uploads\/2026\/08\/31-ago-2026-batidabatarais-scaled.jpg?fit=1027%2C780&ssl=1&resize=350%2C200","width":350,"height":200,"srcset":"https:\/\/i0.wp.com\/noticiasribeiraopreto.com.br\/wp-content\/uploads\/2026\/08\/31-ago-2026-batidabatarais-scaled.jpg?fit=1027%2C780&ssl=1&resize=350%2C200 1x, https:\/\/i0.wp.com\/noticiasribeiraopreto.com.br\/wp-content\/uploads\/2026\/08\/31-ago-2026-batidabatarais-scaled.jpg?fit=1027%2C780&ssl=1&resize=525%2C300 1.5x, https:\/\/i0.wp.com\/noticiasribeiraopreto.com.br\/wp-content\/uploads\/2026\/08\/31-ago-2026-batidabatarais-scaled.jpg?fit=1027%2C780&ssl=1&resize=700%2C400 2x"},"classes":[]},{"id":86833,"url":"https:\/\/noticiasribeiraopreto.com.br\/index.php\/2026\/06\/22\/motorista-na-contramao-bate-em-dois-carros-estacionados-em-ribeirao-preto\/","url_meta":{"origin":90908,"position":2},"title":"Motorista na contram\u00e3o bate em dois carros estacionados em Ribeir\u00e3o Preto","author":"noticiasribeiraopreto.com.br","date":"22 de June de 2026","format":false,"excerpt":"C\u00e2meras de seguran\u00e7a registraram o momento em que o motorista de um carro seguia pela contram\u00e3o na rua Sergipe, no bairro Campos El\u00edsios, zona Norte de Ribeir\u00e3o Preto, quando atingiu dois ve\u00edculos que estavam estacionados na tarde deste domingo (21). Nas imagens \u00e9 poss\u00edvel ver o condutor descendo a via\u2026","rel":"","context":"In &quot;Not\u00edcias de Ribeir\u00e3o Preto-SP e Regi\u00e3o&quot;","block_context":{"text":"Not\u00edcias de Ribeir\u00e3o Preto-SP e Regi\u00e3o","link":"https:\/\/noticiasribeiraopreto.com.br\/index.php\/category\/noticias-de-ribeirao-preto-sp-e-regiao-ismael-colosi\/"},"img":{"alt_text":"","src":"https:\/\/i0.wp.com\/noticiasribeiraopreto.com.br\/wp-content\/uploads\/2026\/06\/carro-contramao-3_2026-06-22_16-48-57.webp.webp?fit=1200%2C675&ssl=1&resize=350%2C200","width":350,"height":200,"srcset":"https:\/\/i0.wp.com\/noticiasribeiraopreto.com.br\/wp-content\/uploads\/2026\/06\/carro-contramao-3_2026-06-22_16-48-57.webp.webp?fit=1200%2C675&ssl=1&resize=350%2C200 1x, https:\/\/i0.wp.com\/noticiasribeiraopreto.com.br\/wp-content\/uploads\/2026\/06\/carro-contramao-3_2026-06-22_16-48-57.webp.webp?fit=1200%2C675&ssl=1&resize=525%2C300 1.5x, https:\/\/i0.wp.com\/noticiasribeiraopreto.com.br\/wp-content\/uploads\/2026\/06\/carro-contramao-3_2026-06-22_16-48-57.webp.webp?fit=1200%2C675&ssl=1&resize=700%2C400 2x, https:\/\/i0.wp.com\/noticiasribeiraopreto.com.br\/wp-content\/uploads\/2026\/06\/carro-contramao-3_2026-06-22_16-48-57.webp.webp?fit=1200%2C675&ssl=1&resize=1050%2C600 3x"},"classes":[]},{"id":5907,"url":"https:\/\/noticiasribeiraopreto.com.br\/index.php\/2023\/11\/24\/motorista-morre-apos-bater-carro-em-caminhao-bau-estacionado-na-regiao-de-ribeirao\/","url_meta":{"origin":90908,"position":3},"title":"Motorista morre ap\u00f3s bater carro em caminh\u00e3o-ba\u00fa estacionado na regi\u00e3o de Ribeir\u00e3o","author":"noticiasribeiraopreto.com.br","date":"24 de November de 2023","format":false,"excerpt":"O motorista de carro morreu\u00a0na madrugada desta sexta-feira (24), depois de bater o ve\u00edculo na traseira de um caminh\u00e3o-ba\u00fa estacionado em uma avenida de Sert\u00e3ozinho, na regi\u00e3o de Ribeir\u00e3o Preto. Segundo o boletim de ocorr\u00eancia (BO), Bruno Aparecido Ferreira Lopes, de 27 anos, seguia com um Fiat Pr\u00eamio pela avenida\u2026","rel":"","context":"In &quot;Not\u00edcias de Ribeir\u00e3o Preto-SP e Regi\u00e3o&quot;","block_context":{"text":"Not\u00edcias de Ribeir\u00e3o Preto-SP e Regi\u00e3o","link":"https:\/\/noticiasribeiraopreto.com.br\/index.php\/category\/noticias-de-ribeirao-preto-sp-e-regiao-ismael-colosi\/"},"img":{"alt_text":"","src":"https:\/\/i0.wp.com\/noticiasribeiraopreto.com.br\/wp-content\/uploads\/2023\/11\/samu_1024x576_06032020094007.jpg?fit=1024%2C576&ssl=1&resize=350%2C200","width":350,"height":200,"srcset":"https:\/\/i0.wp.com\/noticiasribeiraopreto.com.br\/wp-content\/uploads\/2023\/11\/samu_1024x576_06032020094007.jpg?fit=1024%2C576&ssl=1&resize=350%2C200 1x, https:\/\/i0.wp.com\/noticiasribeiraopreto.com.br\/wp-content\/uploads\/2023\/11\/samu_1024x576_06032020094007.jpg?fit=1024%2C576&ssl=1&resize=525%2C300 1.5x, https:\/\/i0.wp.com\/noticiasribeiraopreto.com.br\/wp-content\/uploads\/2023\/11\/samu_1024x576_06032020094007.jpg?fit=1024%2C576&ssl=1&resize=700%2C400 2x"},"classes":[]},{"id":44920,"url":"https:\/\/noticiasribeiraopreto.com.br\/index.php\/2024\/04\/01\/motorista-atropela-cachorro-e-foge\/","url_meta":{"origin":90908,"position":4},"title":"Motorista atropela cachorro e foge","author":"noticiasribeiraopreto.com.br","date":"1 de April de 2024","format":false,"excerpt":"1 de abril de 2024 | 11:211 de abril de 2024 | 11:24 0 Um motorista atropelou e matou um cachorro, na noite deste domingo (31), na Thomaz Alberto Whately em Ribeir\u00e3o Preto. Segundo informa\u00e7\u00f5es, o motorista estava em alta velocidade quando atingiu o animal. Depois do acidente ele fugiu\u2026","rel":"","context":"In &quot;Not\u00edcias de Ribeir\u00e3o Preto-SP e Regi\u00e3o&quot;","block_context":{"text":"Not\u00edcias de Ribeir\u00e3o Preto-SP e Regi\u00e3o","link":"https:\/\/noticiasribeiraopreto.com.br\/index.php\/category\/noticias-de-ribeirao-preto-sp-e-regiao-ismael-colosi\/"},"img":{"alt_text":"","src":"https:\/\/i0.wp.com\/noticiasribeiraopreto.com.br\/wp-content\/uploads\/2024\/04\/0ac1a25a-2b01-43f0-bba9-ac5b3f74690b.jpg?fit=750%2C500&ssl=1&resize=350%2C200","width":350,"height":200,"srcset":"https:\/\/i0.wp.com\/noticiasribeiraopreto.com.br\/wp-content\/uploads\/2024\/04\/0ac1a25a-2b01-43f0-bba9-ac5b3f74690b.jpg?fit=750%2C500&ssl=1&resize=350%2C200 1x, https:\/\/i0.wp.com\/noticiasribeiraopreto.com.br\/wp-content\/uploads\/2024\/04\/0ac1a25a-2b01-43f0-bba9-ac5b3f74690b.jpg?fit=750%2C500&ssl=1&resize=525%2C300 1.5x, https:\/\/i0.wp.com\/noticiasribeiraopreto.com.br\/wp-content\/uploads\/2024\/04\/0ac1a25a-2b01-43f0-bba9-ac5b3f74690b.jpg?fit=750%2C500&ssl=1&resize=700%2C400 2x"},"classes":[]},{"id":87148,"url":"https:\/\/noticiasribeiraopreto.com.br\/index.php\/2026\/06\/28\/motorista-bate-caminhonete-em-muro-de-condominio-e-estrutura-cai-sobre-cinco-carros\/","url_meta":{"origin":90908,"position":5},"title":"Motorista bate caminhonete em muro de condom\u00ednio e estrutura cai sobre cinco carros","author":"noticiasribeiraopreto.com.br","date":"28 de June de 2026","format":false,"excerpt":"Um motorista de 51 anos se envolveu em um acidente de tr\u00e2nsito e bateu uma caminhonete contra o muro de um condom\u00ednio na noite deste s\u00e1bado (27), no Jardim Nova Alian\u00e7a Sul, zona Sul de Ribeir\u00e3o Preto. Com a for\u00e7a do impacto, a estrutura desabou e atingiu cinco ve\u00edculos que\u2026","rel":"","context":"In &quot;Not\u00edcias de Ribeir\u00e3o Preto-SP e Regi\u00e3o&quot;","block_context":{"text":"Not\u00edcias de Ribeir\u00e3o Preto-SP e Regi\u00e3o","link":"https:\/\/noticiasribeiraopreto.com.br\/index.php\/category\/noticias-de-ribeirao-preto-sp-e-regiao-ismael-colosi\/"},"img":{"alt_text":"","src":"https:\/\/i0.wp.com\/noticiasribeiraopreto.com.br\/wp-content\/uploads\/2026\/06\/acidente-ribeirao_2026-06-28_19-11-14.webp.webp?fit=1200%2C675&ssl=1&resize=350%2C200","width":350,"height":200,"srcset":"https:\/\/i0.wp.com\/noticiasribeiraopreto.com.br\/wp-content\/uploads\/2026\/06\/acidente-ribeirao_2026-06-28_19-11-14.webp.webp?fit=1200%2C675&ssl=1&resize=350%2C200 1x, https:\/\/i0.wp.com\/noticiasribeiraopreto.com.br\/wp-content\/uploads\/2026\/06\/acidente-ribeirao_2026-06-28_19-11-14.webp.webp?fit=1200%2C675&ssl=1&resize=525%2C300 1.5x, https:\/\/i0.wp.com\/noticiasribeiraopreto.com.br\/wp-content\/uploads\/2026\/06\/acidente-ribeirao_2026-06-28_19-11-14.webp.webp?fit=1200%2C675&ssl=1&resize=700%2C400 2x, https:\/\/i0.wp.com\/noticiasribeiraopreto.com.br\/wp-content\/uploads\/2026\/06\/acidente-ribeirao_2026-06-28_19-11-14.webp.webp?fit=1200%2C675&ssl=1&resize=1050%2C600 3x"},"classes":[]}],"jetpack_sharing_enabled":true,"jetpack_shortlink":"https:\/\/wp.me\/peQAOb-nEg","jetpack_featured_media_url":"https:\/\/i0.wp.com\/noticiasribeiraopreto.com.br\/wp-content\/uploads\/2026\/09\/acidente-batatais-1-1.jpg?fit=1200%2C675&ssl=1","_links":{"self":[{"href":"https:\/\/noticiasribeiraopreto.com.br\/index.php\/wp-json\/wp\/v2\/posts\/90908","targetHints":{"allow":["GET"]}}],"collection":[{"href":"https:\/\/noticiasribeiraopreto.com.br\/index.php\/wp-json\/wp\/v2\/posts"}],"about":[{"href":"https:\/\/noticiasribeiraopreto.com.br\/index.php\/wp-json\/wp\/v2\/types\/post"}],"author":[{"embeddable":true,"href":"https:\/\/noticiasribeiraopreto.com.br\/index.php\/wp-json\/wp\/v2\/users\/1"}],"replies":[{"embeddable":true,"href":"https:\/\/noticiasribeiraopreto.com.br\/index.php\/wp-json\/wp\/v2\/comments?post=90908"}],"version-history":[{"count":0,"href":"https:\/\/noticiasribeiraopreto.com.br\/index.php\/wp-json\/wp\/v2\/posts\/90908\/revisions"}],"wp:featuredmedia":[{"embeddable":true,"href":"https:\/\/noticiasribeiraopreto.com.br\/index.php\/wp-json\/wp\/v2\/media\/90909"}],"wp:attachment":[{"href":"https:\/\/noticiasribeiraopreto.com.br\/index.php\/wp-json\/wp\/v2\/media?parent=90908"}],"wp:term":[{"taxonomy":"category","embeddable":true,"href":"https:\/\/noticiasribeiraopreto.com.br\/index.php\/wp-json\/wp\/v2\/categories?post=90908"},{"taxonomy":"post_tag","embeddable":true,"href":"https:\/\/noticiasribeiraopreto.com.br\/index.php\/wp-json\/wp\/v2\/tags?post=90908"}],"curies":[{"name":"wp","href":"https:\/\/api.w.org\/{rel}","templated":true}]}}