{"id":90910,"date":"2026-09-01T15:44:24","date_gmt":"2026-09-01T18:44:24","guid":{"rendered":"https:\/\/noticiasribeiraopreto.com.br\/index.php\/2026\/09\/01\/planejamento-previdenciario-quando-comecar-a-fazer\/"},"modified":"2026-09-01T15:44:24","modified_gmt":"2026-09-01T18:44:24","slug":"planejamento-previdenciario-quando-comecar-a-fazer","status":"publish","type":"post","link":"https:\/\/noticiasribeiraopreto.com.br\/index.php\/2026\/09\/01\/planejamento-previdenciario-quando-comecar-a-fazer\/","title":{"rendered":"Planejamento previdenci\u00e1rio: quando come\u00e7ar a fazer?"},"content":{"rendered":"<div class='code-block code-block-1' style='margin: 8px 0 8px auto; text-align: right; display: block; clear: both;'>\n<p><a href=\"https:\/\/wa.link\/vpicfd\"><img data-recalc-dims=\"1\" class=\"wp-image-4922\" style=\"aspect-ratio: 2.0253164556962027; width: 561px; height: auto;\" src=\"https:\/\/i0.wp.com\/ismaelcolosi.com.br\/wp-content\/uploads\/2023\/11\/grupo-de-empregos-whatsapp-e-facebook-ismael-colosi-vagas.jpg?ssl=1\" alt=\"\" \/><\/a><\/p>\n<!-- \/wp:image -->\n<\/div>\n<p> <br \/>\n<\/p>\n<h2 class=\"wp-block-heading\">Planejamento previdenci\u00e1rio: quando \u00e9 a hora certa de come\u00e7ar?<\/h2>\n<p>Pensar na aposentadoria com anteced\u00eancia pode fazer diferen\u00e7a n\u00e3o apenas para a vida financeira, mas tamb\u00e9m para a tranquilidade de quem deseja chegar ao futuro com mais seguran\u00e7a. Em bate-papo com Andr\u00e9a Vitaliano no <strong>Momento da Fam\u00edlia<\/strong>, a Dra. Rafaele Ferreira falou sobre a import\u00e2ncia do planejamento previdenci\u00e1rio e explicou quando come\u00e7ar a organizar documentos e contribui\u00e7\u00f5es.<\/p>\n<p>Segundo a especialista, o ideal \u00e9 come\u00e7ar a olhar com mais aten\u00e7\u00e3o para o hist\u00f3rico previdenci\u00e1rio por volta dos <strong>50 anos<\/strong>. Nessa fase, \u00e9 importante levantar documentos, conferir as contribui\u00e7\u00f5es realizadas ao longo da vida profissional e analisar quais regras de aposentadoria podem ser aplicadas a cada situa\u00e7\u00e3o.<\/p>\n<p>A anteced\u00eancia \u00e9 importante porque pequenas diferen\u00e7as de tempo podem interferir no planejamento. Em alguns casos, tr\u00eas ou quatro meses de contribui\u00e7\u00e3o podem fazer diferen\u00e7a na defini\u00e7\u00e3o do melhor momento para solicitar a aposentadoria.<\/p>\n<h3 class=\"wp-block-heading\">Cada hist\u00f3rico previdenci\u00e1rio \u00e9 \u00fanico<\/h3>\n<p>Durante a conversa, Dra. Rafaele refor\u00e7ou que n\u00e3o \u00e9 recomendado comparar a pr\u00f3pria aposentadoria com a de amigos, familiares ou colegas de trabalho.<\/p>\n<p>Cada pessoa possui uma trajet\u00f3ria profissional diferente, com per\u00edodos de contribui\u00e7\u00e3o, atividades e condi\u00e7\u00f5es espec\u00edficas. Por isso, o c\u00e1lculo deve ser realizado individualmente para identificar as regras que melhor se aplicam a cada hist\u00f3rico.<\/p>\n<h3 class=\"wp-block-heading\">Organiza\u00e7\u00e3o financeira tamb\u00e9m merece aten\u00e7\u00e3o<\/h3>\n<p>Outro ponto abordado foi a rela\u00e7\u00e3o entre planejamento financeiro e bem-estar. A falta de organiza\u00e7\u00e3o, o endividamento e a preocupa\u00e7\u00e3o constante com o futuro podem trazer impactos emocionais.<\/p>\n<p>Planejar a aposentadoria \u00e9, portanto, uma maneira de come\u00e7ar a organizar o futuro e reduzir incertezas sobre essa etapa da vida.<\/p>\n<h3 class=\"wp-block-heading\">Documenta\u00e7\u00e3o pode fazer a diferen\u00e7a<\/h3>\n<p>A especialista tamb\u00e9m destacou a import\u00e2ncia de guardar documentos relacionados \u00e0 sa\u00fade, principalmente para quem enfrenta condi\u00e7\u00f5es que possam comprometer a capacidade para o trabalho.<\/p>\n<p>Laudos m\u00e9dicos, prontu\u00e1rios, receitas, exames e comprovantes de tratamento podem ser necess\u00e1rios em solicita\u00e7\u00f5es de benef\u00edcios por incapacidade junto ao INSS. Por isso, a recomenda\u00e7\u00e3o \u00e9 manter um arquivo organizado e guardar c\u00f3pias desses documentos.<\/p>\n<p>No caso de condi\u00e7\u00f5es relacionadas \u00e0 sa\u00fade mental, como ansiedade, depress\u00e3o e burnout, o acompanhamento profissional e a documenta\u00e7\u00e3o do tratamento tamb\u00e9m s\u00e3o importantes para demonstrar o hist\u00f3rico e a evolu\u00e7\u00e3o do quadro.<\/p>\n<p>A principal orienta\u00e7\u00e3o \u00e9 n\u00e3o deixar o planejamento para a \u00faltima hora. Conhecer o pr\u00f3prio hist\u00f3rico, reunir documentos e buscar orienta\u00e7\u00e3o com anteced\u00eancia permite tomar decis\u00f5es mais conscientes e chegar ao momento da aposentadoria com mais informa\u00e7\u00e3o e seguran\u00e7a.<\/p>\n<figure class=\"wp-block-embed is-type-video is-provider-youtube wp-block-embed-youtube wp-embed-aspect-16-9 wp-has-aspect-ratio\">\n<div class=\"wp-block-embed__wrapper\">\n<\/div>\n<\/figure>\n<p>Site <a href=\"https:\/\/www.youtube.com\/redirect?event=channel_description&amp;redir_token=QUFFLUhqbWJqOVJ4MXBubXIyQ0dtc0JVc0FDVUZNRE9ZZ3xBQ3Jtc0tuLXNPR1VEN3VRRV84dzV6RkpUSmMzUzV1cXZUNUhoUkJ4VHNVYXZZU01uZWt3d0d5NzlxTXVwanpiblpCa1JfamhaWGJGeVNRMmpWMnh2aHlFU1RfZ3RlcU43ZjFEcThfN0dZelg1Wi0tVWtJbTdjTQ&amp;q=https%3A%2F%2Fwww.familiaprever.com.br%2F\" target=\"_blank\" rel=\"noreferrer noopener\">familiaprever.com.br<\/a><\/p>\n<p>Instagram <a href=\"https:\/\/www.youtube.com\/redirect?event=channel_description&amp;redir_token=QUFFLUhqbVo3MjRWcWlMbHNNSWMzdkZsS3NOQXVlTkNBUXxBQ3Jtc0ttWDVCOTlNTkh1MHVpNzMwQ29BUXoyMDlwNkQ0LUtJUGJVUTF2Q0E4Wjk1NTk1c0hxbk80d0VyRE1FUEtmZEpucjNhaDE4bFA1ZGljdHpqRWRBcWFtOFEwalRlbzcwYmxXY2JOZ0RSNm1rTEo1NjRrRQ&amp;q=https%3A%2F%2Fwww.instagram.com%2Fprevercamposeliseos%2F\" target=\"_blank\" rel=\"noreferrer noopener\">instagram.com\/prevercamposeliseos<\/a><\/p>\n<p>Twitter <a href=\"https:\/\/www.youtube.com\/redirect?event=channel_description&amp;redir_token=QUFFLUhqbGEzWTBYTnRSLXFMSzl6NVZDSE41Y0xYNzZwd3xBQ3Jtc0trdHlDajNpaUswYnp3T3RyZkw2Ujd0OUJFLWNrcktvX05PeFNpWVk2QTVFNHVpTzM3U3RiQjFhU2tHTUZWbGxBMlZsc2V5WTUyaklpWFRXM0E2cFRNZ0xYUG1tQllWYVo2azU1S3NNVlRVS3JteGNZZw&amp;q=https%3A%2F%2Ftwitter.com%2Ffamiliaprever\" target=\"_blank\" rel=\"noreferrer noopener\">twitter.com\/familiaprever<\/a><\/p>\n<p>Facebook <a href=\"https:\/\/www.youtube.com\/redirect?event=channel_description&amp;redir_token=QUFFLUhqa2luQnFib0VieXpYNXBEQWVwWmwwWlRZZjRmZ3xBQ3Jtc0trTHp3ZTU2dFh1dzRWZEd0SHpnQXhjMjVnSUd0X0ZRQTFqTDBJVU04Njc4b1oxeml0NzJSdG1JVHVnM3kwdFU0UlllQmdzc0x3ZEdvbXNYTUxyeUZtUlVvcU50eUJOUko1VUJKZF9tLXhNWUQxTzZkUQ&amp;q=https%3A%2F%2Fwww.facebook.com%2FFamiliaPrever%2F\" target=\"_blank\" rel=\"noreferrer noopener\">facebook.com\/FamiliaPrever<\/a><\/p>\n<p>Linkedin <a href=\"https:\/\/www.youtube.com\/redirect?event=channel_description&amp;redir_token=QUFFLUhqbjBnWl9JRnZsSDMzWUVfMmlJcmJ4aXJHWmhJZ3xBQ3Jtc0tuYlpYMVM2TFZ6ZnJnMElsVGhFazd3UEItWEduSldIOFQyVVFWemdxQUVGSWhQTW9ZMzlON005dDl6T2NUNUtFamNpSURSUUZJeXRPanZxWlV6aDVFcFNLOWlUQlR0SGJ2SC1VeE5KS19xRVhlV0V5dw&amp;q=https%3A%2F%2Fwww.linkedin.com%2Fcompany%2Ffamiliaprever%2F\" target=\"_blank\" rel=\"noreferrer noopener\">linkedin.com\/company\/familiaprever<\/a><\/p>\n<h3 class=\"wp-block-heading\">Leia Mais \u2013 Adotar \u00e9 transformar: conhe\u00e7a o trabalho do Dr. C\u00e3opaix\u00e3o<\/h3>\n<p>O post Planejamento previdenci\u00e1rio: quando come\u00e7ar a fazer? apareceu primeiro em ACidade ON Ribeir\u00e3o Preto.<\/p>\n<p><script async src=\"https:\/\/platform.twitter.com\/widgets.js\" charset=\"utf-8\"><\/script><script async src=\"\/\/www.instagram.com\/embed.js\"><\/script><br \/>\n<br \/><br \/>\n<br \/><a href=\"https:\/\/www.acidadeon.com\/ribeiraopreto\/conteudo-patrocinado\/momento-da-familia\/planejamento-previdenciario-quando-comecar-a-fazer\/\">Link para o texto original aqui <\/a><\/p>\n<!-- CONTENT END 1 -->\n","protected":false},"excerpt":{"rendered":"<p>Planejamento previdenci\u00e1rio: quando \u00e9 a hora certa de come\u00e7ar? Pensar na aposentadoria com anteced\u00eancia pode fazer diferen\u00e7a n\u00e3o apenas para a vida financeira, mas tamb\u00e9m&#8230;<\/p>\n","protected":false},"author":1,"featured_media":90911,"comment_status":"","ping_status":"","sticky":false,"template":"","format":"standard","meta":{"advanced_seo_description":"","jetpack_seo_html_title":"","jetpack_seo_noindex":false,"jetpack_seo_schema_type":"","_jetpack_newsletter_access":"","_jetpack_dont_email_post_to_subs":false,"_jetpack_newsletter_tier_id":0,"_jetpack_memberships_contains_paywalled_content":false,"_jetpack_feature_clip_id":0,"_jetpack_memberships_contains_paid_content":false,"footnotes":"","jetpack_publicize_message":"","jetpack_publicize_feature_enabled":true,"jetpack_social_post_already_shared":true,"jetpack_social_options":{"image_generator_settings":{"template":"highway","default_image_id":0,"font":"","enabled":false},"version":2},"jetpack_post_was_ever_published":false},"categories":[11],"tags":[5114,284,3852,8860,620],"class_list":["post-90910","post","type-post","status-publish","format-standard","has-post-thumbnail","hentry","category-noticias-de-ribeirao-preto-sp-e-regiao-ismael-colosi","tag-comecar","tag-fazer","tag-planejamento","tag-previdenciario","tag-quando"],"jetpack_publicize_connections":[],"jetpack-related-posts":[{"id":88291,"url":"https:\/\/noticiasribeiraopreto.com.br\/index.php\/2026\/07\/17\/aposentadoria-o-que-mudou-e-como-se-planejar\/","url_meta":{"origin":90910,"position":0},"title":"Aposentadoria: o que mudou e como se planejar","author":"noticiasribeiraopreto.com.br","date":"17 de July de 2026","format":false,"excerpt":"As regras da aposentadoria no Brasil continuam passando por mudan\u00e7as graduais desde a Reforma da Previd\u00eancia de 2019. Por isso, manter o planejamento previdenci\u00e1rio atualizado tornou-se uma etapa cada vez mais importante para quem deseja se aposentar com tranquilidade, evitar preju\u00edzos e garantir o melhor benef\u00edcio poss\u00edvel no momento da\u2026","rel":"","context":"In &quot;Not\u00edcias de Ribeir\u00e3o Preto-SP e Regi\u00e3o&quot;","block_context":{"text":"Not\u00edcias de Ribeir\u00e3o Preto-SP e Regi\u00e3o","link":"https:\/\/noticiasribeiraopreto.com.br\/index.php\/category\/noticias-de-ribeirao-preto-sp-e-regiao-ismael-colosi\/"},"img":{"alt_text":"","src":"https:\/\/i0.wp.com\/noticiasribeiraopreto.com.br\/wp-content\/uploads\/2026\/07\/capa-aposentadoria-dra-rafaele-ferreira.png?fit=1052%2C592&ssl=1&resize=350%2C200","width":350,"height":200,"srcset":"https:\/\/i0.wp.com\/noticiasribeiraopreto.com.br\/wp-content\/uploads\/2026\/07\/capa-aposentadoria-dra-rafaele-ferreira.png?fit=1052%2C592&ssl=1&resize=350%2C200 1x, https:\/\/i0.wp.com\/noticiasribeiraopreto.com.br\/wp-content\/uploads\/2026\/07\/capa-aposentadoria-dra-rafaele-ferreira.png?fit=1052%2C592&ssl=1&resize=525%2C300 1.5x, https:\/\/i0.wp.com\/noticiasribeiraopreto.com.br\/wp-content\/uploads\/2026\/07\/capa-aposentadoria-dra-rafaele-ferreira.png?fit=1052%2C592&ssl=1&resize=700%2C400 2x, https:\/\/i0.wp.com\/noticiasribeiraopreto.com.br\/wp-content\/uploads\/2026\/07\/capa-aposentadoria-dra-rafaele-ferreira.png?fit=1052%2C592&ssl=1&resize=1050%2C600 3x"},"classes":[]},{"id":90912,"url":"https:\/\/noticiasribeiraopreto.com.br\/index.php\/2026\/09\/01\/saude-mental-e-aposentadoria-entenda-seus-direitos\/","url_meta":{"origin":90910,"position":1},"title":"Sa\u00fade mental e aposentadoria: entenda seus direitos","author":"noticiasribeiraopreto.com.br","date":"1 de September de 2026","format":false,"excerpt":"Sa\u00fade mental e aposentadoria: especialista explica direitos e benef\u00edcios Depress\u00e3o, burnout e outras condi\u00e7\u00f5es relacionadas \u00e0 sa\u00fade mental podem impactar diretamente a capacidade de uma pessoa para trabalhar. Mas quais s\u00e3o os direitos de quem precisa se afastar das atividades profissionais por motivos de sa\u00fade? Em bate-papo com Andr\u00e9a Vitaliano\u2026","rel":"","context":"In &quot;Not\u00edcias de Ribeir\u00e3o Preto-SP e Regi\u00e3o&quot;","block_context":{"text":"Not\u00edcias de Ribeir\u00e3o Preto-SP e Regi\u00e3o","link":"https:\/\/noticiasribeiraopreto.com.br\/index.php\/category\/noticias-de-ribeirao-preto-sp-e-regiao-ismael-colosi\/"},"img":{"alt_text":"","src":"https:\/\/i0.wp.com\/noticiasribeiraopreto.com.br\/wp-content\/uploads\/2026\/09\/Foto-1-3.png?fit=1200%2C675&ssl=1&resize=350%2C200","width":350,"height":200,"srcset":"https:\/\/i0.wp.com\/noticiasribeiraopreto.com.br\/wp-content\/uploads\/2026\/09\/Foto-1-3.png?fit=1200%2C675&ssl=1&resize=350%2C200 1x, https:\/\/i0.wp.com\/noticiasribeiraopreto.com.br\/wp-content\/uploads\/2026\/09\/Foto-1-3.png?fit=1200%2C675&ssl=1&resize=525%2C300 1.5x, https:\/\/i0.wp.com\/noticiasribeiraopreto.com.br\/wp-content\/uploads\/2026\/09\/Foto-1-3.png?fit=1200%2C675&ssl=1&resize=700%2C400 2x, https:\/\/i0.wp.com\/noticiasribeiraopreto.com.br\/wp-content\/uploads\/2026\/09\/Foto-1-3.png?fit=1200%2C675&ssl=1&resize=1050%2C600 3x"},"classes":[]},{"id":23318,"url":"https:\/\/noticiasribeiraopreto.com.br\/index.php\/2024\/01\/01\/entenda-por-que-o-cadastro-do-mei-nao-deve-ser-exclusivamente-associado-a-aposentadoria\/","url_meta":{"origin":90910,"position":2},"title":"Entenda por que o cadastro do MEI n\u00e3o deve ser exclusivamente associado \u00e0 aposentadoria","author":"noticiasribeiraopreto.com.br","date":"1 de January de 2024","format":false,"excerpt":"Os Microempreendedores Individuais (MEI) t\u00eam acesso aos benef\u00edcios da Previd\u00eancia Social mediante o pagamento de impostos ao Instituto Nacional do Seguro Social (INSS). Contudo, surge uma indaga\u00e7\u00e3o comum: \u00e9 poss\u00edvel se cadastrar como MEI para obter uma aposentadoria mais acess\u00edvel? Especialistas advertem que essa pr\u00e1tica pode configurar fraude. Os MEIs\u2026","rel":"","context":"In &quot;Vagas de Emprego em Ribeir\u00e3o Preto-SP&quot;","block_context":{"text":"Vagas de Emprego em Ribeir\u00e3o Preto-SP","link":"https:\/\/noticiasribeiraopreto.com.br\/index.php\/category\/empregos-classificados-vagas-trabalho\/vagas-de-empregos-em-ribeirao-preto-regiao-brasil\/"},"img":{"alt_text":"","src":"https:\/\/i0.wp.com\/noticiasribeiraopreto.com.br\/wp-content\/uploads\/2024\/01\/noticiasconcursos.com_.br-entenda-por-que-o-cadastro-do-mei-nao-deve-ser-exclusivamente-associado-a-aposentadoria-mei.jpg?fit=857%2C507&ssl=1&resize=350%2C200","width":350,"height":200,"srcset":"https:\/\/i0.wp.com\/noticiasribeiraopreto.com.br\/wp-content\/uploads\/2024\/01\/noticiasconcursos.com_.br-entenda-por-que-o-cadastro-do-mei-nao-deve-ser-exclusivamente-associado-a-aposentadoria-mei.jpg?fit=857%2C507&ssl=1&resize=350%2C200 1x, https:\/\/i0.wp.com\/noticiasribeiraopreto.com.br\/wp-content\/uploads\/2024\/01\/noticiasconcursos.com_.br-entenda-por-que-o-cadastro-do-mei-nao-deve-ser-exclusivamente-associado-a-aposentadoria-mei.jpg?fit=857%2C507&ssl=1&resize=525%2C300 1.5x, https:\/\/i0.wp.com\/noticiasribeiraopreto.com.br\/wp-content\/uploads\/2024\/01\/noticiasconcursos.com_.br-entenda-por-que-o-cadastro-do-mei-nao-deve-ser-exclusivamente-associado-a-aposentadoria-mei.jpg?fit=857%2C507&ssl=1&resize=700%2C400 2x"},"classes":[]},{"id":44782,"url":"https:\/\/noticiasribeiraopreto.com.br\/index.php\/2024\/03\/30\/ducha-de-agua-fria-para-os-aposentados\/","url_meta":{"origin":90910,"position":3},"title":"Ducha de \u00e1gua fria para os aposentados\u00a0","author":"noticiasribeiraopreto.com.br","date":"30 de March de 2024","format":false,"excerpt":"No \u00faltimo dia 21 de mar\u00e7o uma decis\u00e3o do Supremo Tribunal Federal (STF) foi uma verdadeira ducha de \u00e1gua fria para aposentados do Instituto Nacional do Seguro Social (INSS). Os ministros decidiram, por 7 votos contra 4, derrubar o entendimento da pr\u00f3pria Corte que havia autorizado a revis\u00e3o da vida\u2026","rel":"","context":"In &quot;Not\u00edcias de Ribeir\u00e3o Preto-SP e Regi\u00e3o&quot;","block_context":{"text":"Not\u00edcias de Ribeir\u00e3o Preto-SP e Regi\u00e3o","link":"https:\/\/noticiasribeiraopreto.com.br\/index.php\/category\/noticias-de-ribeirao-preto-sp-e-regiao-ismael-colosi\/"},"img":{"alt_text":"","src":"https:\/\/i0.wp.com\/noticiasribeiraopreto.com.br\/wp-content\/uploads\/2024\/03\/2-aposentada-1024x670.png?fit=1024%2C670&ssl=1&resize=350%2C200","width":350,"height":200,"srcset":"https:\/\/i0.wp.com\/noticiasribeiraopreto.com.br\/wp-content\/uploads\/2024\/03\/2-aposentada-1024x670.png?fit=1024%2C670&ssl=1&resize=350%2C200 1x, https:\/\/i0.wp.com\/noticiasribeiraopreto.com.br\/wp-content\/uploads\/2024\/03\/2-aposentada-1024x670.png?fit=1024%2C670&ssl=1&resize=525%2C300 1.5x, https:\/\/i0.wp.com\/noticiasribeiraopreto.com.br\/wp-content\/uploads\/2024\/03\/2-aposentada-1024x670.png?fit=1024%2C670&ssl=1&resize=700%2C400 2x"},"classes":[]},{"id":20316,"url":"https:\/\/noticiasribeiraopreto.com.br\/index.php\/2023\/12\/25\/havera-novos-beneficios-para-o-empreendedor\/","url_meta":{"origin":90910,"position":4},"title":"haver\u00e1 novos benef\u00edcios para o empreendedor?","author":"noticiasribeiraopreto.com.br","date":"25 de December de 2023","format":false,"excerpt":"Cr\u00e9ditos: Istock\/JLco - Julia AmaralGoverno promete facilitar a vida do MEI com estas medidas O ano de 2024 se apresenta como um per\u00edodo de poss\u00edveis mudan\u00e7as significativas para o Microempreendedor Individual (MEI), especialmente no que diz respeito \u00e0 previd\u00eancia do empreendedor. Recentemente, o governo anunciou uma proposta que visa ampliar\u2026","rel":"","context":"In &quot;Variedades&quot;","block_context":{"text":"Variedades","link":"https:\/\/noticiasribeiraopreto.com.br\/index.php\/category\/variedades\/"},"img":{"alt_text":"","src":"https:\/\/i0.wp.com\/noticiasribeiraopreto.com.br\/wp-content\/uploads\/2023\/12\/1703474238_istock-1416831637.jpg?fit=1200%2C638&ssl=1&resize=350%2C200","width":350,"height":200,"srcset":"https:\/\/i0.wp.com\/noticiasribeiraopreto.com.br\/wp-content\/uploads\/2023\/12\/1703474238_istock-1416831637.jpg?fit=1200%2C638&ssl=1&resize=350%2C200 1x, https:\/\/i0.wp.com\/noticiasribeiraopreto.com.br\/wp-content\/uploads\/2023\/12\/1703474238_istock-1416831637.jpg?fit=1200%2C638&ssl=1&resize=525%2C300 1.5x, https:\/\/i0.wp.com\/noticiasribeiraopreto.com.br\/wp-content\/uploads\/2023\/12\/1703474238_istock-1416831637.jpg?fit=1200%2C638&ssl=1&resize=700%2C400 2x, https:\/\/i0.wp.com\/noticiasribeiraopreto.com.br\/wp-content\/uploads\/2023\/12\/1703474238_istock-1416831637.jpg?fit=1200%2C638&ssl=1&resize=1050%2C600 3x"},"classes":[]},{"id":9451,"url":"https:\/\/noticiasribeiraopreto.com.br\/index.php\/2023\/12\/02\/descubra-quem-tem-direito-e-como-solicitar\/","url_meta":{"origin":90910,"position":5},"title":"Descubra Quem Tem Direito e Como Solicitar","author":"noticiasribeiraopreto.com.br","date":"2 de December de 2023","format":false,"excerpt":"A aposentadoria antecipada \u00e9 um recurso indispens\u00e1vel para quem busca desvendar os caminhos que levam \u00e0 t\u00e3o almejada liberdade financeira. Se voc\u00ea j\u00e1 se perguntou sobre a possibilidade de se aposentar antes do tempo e como isso pode impactar positivamente sua vida, est\u00e1 no lugar certo. Entendemos que a decis\u00e3o\u2026","rel":"","context":"In &quot;Dinheiro e Investimento&quot;","block_context":{"text":"Dinheiro e Investimento","link":"https:\/\/noticiasribeiraopreto.com.br\/index.php\/category\/dinheiro-e-investimento-como-fazer-como-ganhar\/"},"img":{"alt_text":"","src":"https:\/\/i0.wp.com\/noticiasribeiraopreto.com.br\/wp-content\/uploads\/2023\/12\/concentrated-female-pensioner-wearing-eyeglasses-focused-financial-papers-while-paying-bills-online-using-laptop-holding-pencil-making-notes-people-technology-finances-domestic-budget.jpg?fit=1000%2C667&ssl=1&resize=350%2C200","width":350,"height":200,"srcset":"https:\/\/i0.wp.com\/noticiasribeiraopreto.com.br\/wp-content\/uploads\/2023\/12\/concentrated-female-pensioner-wearing-eyeglasses-focused-financial-papers-while-paying-bills-online-using-laptop-holding-pencil-making-notes-people-technology-finances-domestic-budget.jpg?fit=1000%2C667&ssl=1&resize=350%2C200 1x, https:\/\/i0.wp.com\/noticiasribeiraopreto.com.br\/wp-content\/uploads\/2023\/12\/concentrated-female-pensioner-wearing-eyeglasses-focused-financial-papers-while-paying-bills-online-using-laptop-holding-pencil-making-notes-people-technology-finances-domestic-budget.jpg?fit=1000%2C667&ssl=1&resize=525%2C300 1.5x, https:\/\/i0.wp.com\/noticiasribeiraopreto.com.br\/wp-content\/uploads\/2023\/12\/concentrated-female-pensioner-wearing-eyeglasses-focused-financial-papers-while-paying-bills-online-using-laptop-holding-pencil-making-notes-people-technology-finances-domestic-budget.jpg?fit=1000%2C667&ssl=1&resize=700%2C400 2x"},"classes":[]}],"jetpack_sharing_enabled":true,"jetpack_shortlink":"https:\/\/wp.me\/peQAOb-nEi","jetpack_featured_media_url":"https:\/\/i0.wp.com\/noticiasribeiraopreto.com.br\/wp-content\/uploads\/2026\/09\/Foto-1-2.png?fit=1200%2C675&ssl=1","_links":{"self":[{"href":"https:\/\/noticiasribeiraopreto.com.br\/index.php\/wp-json\/wp\/v2\/posts\/90910","targetHints":{"allow":["GET"]}}],"collection":[{"href":"https:\/\/noticiasribeiraopreto.com.br\/index.php\/wp-json\/wp\/v2\/posts"}],"about":[{"href":"https:\/\/noticiasribeiraopreto.com.br\/index.php\/wp-json\/wp\/v2\/types\/post"}],"author":[{"embeddable":true,"href":"https:\/\/noticiasribeiraopreto.com.br\/index.php\/wp-json\/wp\/v2\/users\/1"}],"replies":[{"embeddable":true,"href":"https:\/\/noticiasribeiraopreto.com.br\/index.php\/wp-json\/wp\/v2\/comments?post=90910"}],"version-history":[{"count":0,"href":"https:\/\/noticiasribeiraopreto.com.br\/index.php\/wp-json\/wp\/v2\/posts\/90910\/revisions"}],"wp:featuredmedia":[{"embeddable":true,"href":"https:\/\/noticiasribeiraopreto.com.br\/index.php\/wp-json\/wp\/v2\/media\/90911"}],"wp:attachment":[{"href":"https:\/\/noticiasribeiraopreto.com.br\/index.php\/wp-json\/wp\/v2\/media?parent=90910"}],"wp:term":[{"taxonomy":"category","embeddable":true,"href":"https:\/\/noticiasribeiraopreto.com.br\/index.php\/wp-json\/wp\/v2\/categories?post=90910"},{"taxonomy":"post_tag","embeddable":true,"href":"https:\/\/noticiasribeiraopreto.com.br\/index.php\/wp-json\/wp\/v2\/tags?post=90910"}],"curies":[{"name":"wp","href":"https:\/\/api.w.org\/{rel}","templated":true}]}}