{"id":90912,"date":"2026-09-01T15:56:45","date_gmt":"2026-09-01T18:56:45","guid":{"rendered":"https:\/\/noticiasribeiraopreto.com.br\/index.php\/2026\/09\/01\/saude-mental-e-aposentadoria-entenda-seus-direitos\/"},"modified":"2026-09-01T15:56:45","modified_gmt":"2026-09-01T18:56:45","slug":"saude-mental-e-aposentadoria-entenda-seus-direitos","status":"publish","type":"post","link":"https:\/\/noticiasribeiraopreto.com.br\/index.php\/2026\/09\/01\/saude-mental-e-aposentadoria-entenda-seus-direitos\/","title":{"rendered":"Sa\u00fade mental e aposentadoria: entenda seus direitos"},"content":{"rendered":"<div class='code-block code-block-1' style='margin: 8px 0 8px auto; text-align: right; display: block; clear: both;'>\n<p><a href=\"https:\/\/wa.link\/vpicfd\"><img data-recalc-dims=\"1\" class=\"wp-image-4922\" style=\"aspect-ratio: 2.0253164556962027; width: 561px; height: auto;\" src=\"https:\/\/i0.wp.com\/ismaelcolosi.com.br\/wp-content\/uploads\/2023\/11\/grupo-de-empregos-whatsapp-e-facebook-ismael-colosi-vagas.jpg?ssl=1\" alt=\"\" \/><\/a><\/p>\n<!-- \/wp:image -->\n<\/div>\n<p> <br \/>\n<\/p>\n<h2 class=\"wp-block-heading\">Sa\u00fade mental e aposentadoria: especialista explica direitos e benef\u00edcios<\/h2>\n<p>Depress\u00e3o, burnout e outras condi\u00e7\u00f5es relacionadas \u00e0 sa\u00fade mental podem impactar diretamente a capacidade de uma pessoa para trabalhar. Mas quais s\u00e3o os direitos de quem precisa se afastar das atividades profissionais por motivos de sa\u00fade?<\/p>\n<p>Em bate-papo com Andr\u00e9a Vitaliano no <strong>Momento da Fam\u00edlia<\/strong>, a Dra. Rafaele explicou como funcionam os benef\u00edcios por incapacidade e destacou a import\u00e2ncia da documenta\u00e7\u00e3o e do planejamento previdenci\u00e1rio.<\/p>\n<p>Segundo a especialista, cada caso deve ser analisado individualmente. Dependendo da condi\u00e7\u00e3o de sa\u00fade e da incapacidade para o trabalho, a pessoa pode ter direito ao benef\u00edcio por incapacidade tempor\u00e1ria, antigo aux\u00edlio-doen\u00e7a, ou ao benef\u00edcio por incapacidade permanente, conhecido popularmente como aposentadoria por invalidez.<\/p>\n<p>Para solicitar esses benef\u00edcios, \u00e9 fundamental comprovar a condi\u00e7\u00e3o por meio de documentos, como laudos m\u00e9dicos, exames, prontu\u00e1rios e comprovantes de acompanhamento profissional. No caso de doen\u00e7as relacionadas \u00e0 sa\u00fade mental, a documenta\u00e7\u00e3o ganha ainda mais import\u00e2ncia, j\u00e1 que os sintomas podem variar ao longo do tempo e nem sempre s\u00e3o vis\u00edveis fisicamente.<\/p>\n<p>A especialista tamb\u00e9m explicou que \u00e9 importante n\u00e3o confundir a aposentadoria da Pessoa com Defici\u00eancia (PCD) com os benef\u00edcios por incapacidade. Enquanto a aposentadoria por incapacidade est\u00e1 relacionada \u00e0 impossibilidade de continuar trabalhando em raz\u00e3o de uma condi\u00e7\u00e3o de sa\u00fade, a aposentadoria PCD possui requisitos espec\u00edficos e exige a comprova\u00e7\u00e3o da defici\u00eancia durante o per\u00edodo de atividade profissional.<\/p>\n<p>Al\u00e9m dos direitos previdenci\u00e1rios, o planejamento financeiro tamb\u00e9m foi apontado como um fator importante para a preven\u00e7\u00e3o e o cuidado com a sa\u00fade mental.<\/p>\n<p>De acordo com a conversa, organizar a vida financeira e planejar a aposentadoria pode trazer mais seguran\u00e7a para o futuro e reduzir preocupa\u00e7\u00f5es relacionadas \u00e0 falta de renda. Por isso, buscar orienta\u00e7\u00e3o e conhecer os pr\u00f3prios direitos \u00e9 um passo importante para cuidar n\u00e3o apenas da aposentadoria, mas tamb\u00e9m do bem-estar e da tranquilidade da fam\u00edlia.<\/p>\n<p><strong>A orienta\u00e7\u00e3o \u00e9 que cada situa\u00e7\u00e3o seja avaliada individualmente, com aten\u00e7\u00e3o ao hist\u00f3rico de contribui\u00e7\u00f5es, \u00e0 documenta\u00e7\u00e3o e \u00e0s condi\u00e7\u00f5es de sa\u00fade de cada pessoa.<\/strong><\/p>\n<figure class=\"wp-block-embed is-type-video is-provider-youtube wp-block-embed-youtube wp-embed-aspect-16-9 wp-has-aspect-ratio\">\n<div class=\"wp-block-embed__wrapper\">\n<\/div>\n<\/figure>\n<p>Site <a href=\"https:\/\/www.youtube.com\/redirect?event=channel_description&amp;redir_token=QUFFLUhqbWJqOVJ4MXBubXIyQ0dtc0JVc0FDVUZNRE9ZZ3xBQ3Jtc0tuLXNPR1VEN3VRRV84dzV6RkpUSmMzUzV1cXZUNUhoUkJ4VHNVYXZZU01uZWt3d0d5NzlxTXVwanpiblpCa1JfamhaWGJGeVNRMmpWMnh2aHlFU1RfZ3RlcU43ZjFEcThfN0dZelg1Wi0tVWtJbTdjTQ&amp;q=https%3A%2F%2Fwww.familiaprever.com.br%2F\" target=\"_blank\" rel=\"noreferrer noopener\">familiaprever.com.br<\/a><\/p>\n<p>Instagram <a href=\"https:\/\/www.youtube.com\/redirect?event=channel_description&amp;redir_token=QUFFLUhqbVo3MjRWcWlMbHNNSWMzdkZsS3NOQXVlTkNBUXxBQ3Jtc0ttWDVCOTlNTkh1MHVpNzMwQ29BUXoyMDlwNkQ0LUtJUGJVUTF2Q0E4Wjk1NTk1c0hxbk80d0VyRE1FUEtmZEpucjNhaDE4bFA1ZGljdHpqRWRBcWFtOFEwalRlbzcwYmxXY2JOZ0RSNm1rTEo1NjRrRQ&amp;q=https%3A%2F%2Fwww.instagram.com%2Fprevercamposeliseos%2F\" target=\"_blank\" rel=\"noreferrer noopener\">instagram.com\/prevercamposeliseos<\/a><\/p>\n<p>Twitter <a href=\"https:\/\/www.youtube.com\/redirect?event=channel_description&amp;redir_token=QUFFLUhqbGEzWTBYTnRSLXFMSzl6NVZDSE41Y0xYNzZwd3xBQ3Jtc0trdHlDajNpaUswYnp3T3RyZkw2Ujd0OUJFLWNrcktvX05PeFNpWVk2QTVFNHVpTzM3U3RiQjFhU2tHTUZWbGxBMlZsc2V5WTUyaklpWFRXM0E2cFRNZ0xYUG1tQllWYVo2azU1S3NNVlRVS3JteGNZZw&amp;q=https%3A%2F%2Ftwitter.com%2Ffamiliaprever\" target=\"_blank\" rel=\"noreferrer noopener\">twitter.com\/familiaprever<\/a><\/p>\n<p>Facebook <a href=\"https:\/\/www.youtube.com\/redirect?event=channel_description&amp;redir_token=QUFFLUhqa2luQnFib0VieXpYNXBEQWVwWmwwWlRZZjRmZ3xBQ3Jtc0trTHp3ZTU2dFh1dzRWZEd0SHpnQXhjMjVnSUd0X0ZRQTFqTDBJVU04Njc4b1oxeml0NzJSdG1JVHVnM3kwdFU0UlllQmdzc0x3ZEdvbXNYTUxyeUZtUlVvcU50eUJOUko1VUJKZF9tLXhNWUQxTzZkUQ&amp;q=https%3A%2F%2Fwww.facebook.com%2FFamiliaPrever%2F\" target=\"_blank\" rel=\"noreferrer noopener\">facebook.com\/FamiliaPrever<\/a><\/p>\n<p>Linkedin <a href=\"https:\/\/www.youtube.com\/redirect?event=channel_description&amp;redir_token=QUFFLUhqbjBnWl9JRnZsSDMzWUVfMmlJcmJ4aXJHWmhJZ3xBQ3Jtc0tuYlpYMVM2TFZ6ZnJnMElsVGhFazd3UEItWEduSldIOFQyVVFWemdxQUVGSWhQTW9ZMzlON005dDl6T2NUNUtFamNpSURSUUZJeXRPanZxWlV6aDVFcFNLOWlUQlR0SGJ2SC1VeE5KS19xRVhlV0V5dw&amp;q=https%3A%2F%2Fwww.linkedin.com%2Fcompany%2Ffamiliaprever%2F\" target=\"_blank\" rel=\"noreferrer noopener\">linkedin.com\/company\/familiaprever<\/a><\/p>\n<h3 class=\"wp-block-heading\">Leia Mais \u2013 Aprenda a fazer um chocolate quente cremoso<\/h3>\n<p>O post Sa\u00fade mental e aposentadoria: entenda seus direitos apareceu primeiro em ACidade ON Ribeir\u00e3o Preto.<\/p>\n<p><script async src=\"https:\/\/platform.twitter.com\/widgets.js\" charset=\"utf-8\"><\/script><script async src=\"\/\/www.instagram.com\/embed.js\"><\/script><br \/>\n<br \/><br \/>\n<br \/><a href=\"https:\/\/www.acidadeon.com\/ribeiraopreto\/conteudo-patrocinado\/momento-da-familia\/saude-mental-e-aposentadoria-entenda-seus-direitos\/\">Link para o texto original aqui <\/a><\/p>\n<!-- CONTENT END 1 -->\n","protected":false},"excerpt":{"rendered":"<p>Sa\u00fade mental e aposentadoria: especialista explica direitos e benef\u00edcios Depress\u00e3o, burnout e outras condi\u00e7\u00f5es relacionadas \u00e0 sa\u00fade mental podem impactar diretamente a capacidade de uma&#8230;<\/p>\n","protected":false},"author":1,"featured_media":90913,"comment_status":"","ping_status":"","sticky":false,"template":"","format":"standard","meta":{"advanced_seo_description":"","jetpack_seo_html_title":"","jetpack_seo_noindex":false,"jetpack_seo_schema_type":"","_jetpack_newsletter_access":"","_jetpack_dont_email_post_to_subs":false,"_jetpack_newsletter_tier_id":0,"_jetpack_memberships_contains_paywalled_content":false,"_jetpack_feature_clip_id":0,"_jetpack_memberships_contains_paid_content":false,"footnotes":"","jetpack_publicize_message":"","jetpack_publicize_feature_enabled":true,"jetpack_social_post_already_shared":true,"jetpack_social_options":{"image_generator_settings":{"template":"highway","default_image_id":0,"font":"","enabled":false},"version":2},"jetpack_post_was_ever_published":false},"categories":[11],"tags":[2809,2159,33,2980,158,5514],"class_list":["post-90912","post","type-post","status-publish","format-standard","has-post-thumbnail","hentry","category-noticias-de-ribeirao-preto-sp-e-regiao-ismael-colosi","tag-aposentadoria","tag-direitos","tag-entenda","tag-mental","tag-saude","tag-seus"],"jetpack_publicize_connections":[],"jetpack-related-posts":[{"id":47303,"url":"https:\/\/noticiasribeiraopreto.com.br\/index.php\/2024\/04\/25\/inss-aposentadoria-por-problemas-de-coracao-entenda-seus-direitos-e-veja-como-requerer-os-beneficios\/","url_meta":{"origin":90912,"position":0},"title":"INSS: Aposentadoria por problemas de cora\u00e7\u00e3o; Entenda seus direitos e veja como requerer os benef\u00edcios","author":"noticiasribeiraopreto.com.br","date":"25 de April de 2024","format":false,"excerpt":"\u00c9 poss\u00edvel se aposentar s\u00f3 porque tem problemas card\u00edacos? Doen\u00e7as card\u00edacas graves, como insufici\u00eancia card\u00edaca, arritmia grave e cardiopatia isqu\u00eamica, podem levar \u00e0 incapacidade para o trabalho e resultar em demiss\u00e3o pelo INSS. Essas condi\u00e7\u00f5es s\u00e3o avaliadas por per\u00edcia m\u00e9dica que examina a gravidade dos sintomas e seu impacto na\u2026","rel":"","context":"In &quot;Dinheiro e Investimento&quot;","block_context":{"text":"Dinheiro e Investimento","link":"https:\/\/noticiasribeiraopreto.com.br\/index.php\/category\/dinheiro-e-investimento-como-fazer-como-ganhar\/"},"img":{"alt_text":"","src":"https:\/\/i0.wp.com\/noticiasribeiraopreto.com.br\/wp-content\/uploads\/2024\/04\/pispasep-2.webp.webp?fit=1200%2C630&ssl=1&resize=350%2C200","width":350,"height":200,"srcset":"https:\/\/i0.wp.com\/noticiasribeiraopreto.com.br\/wp-content\/uploads\/2024\/04\/pispasep-2.webp.webp?fit=1200%2C630&ssl=1&resize=350%2C200 1x, https:\/\/i0.wp.com\/noticiasribeiraopreto.com.br\/wp-content\/uploads\/2024\/04\/pispasep-2.webp.webp?fit=1200%2C630&ssl=1&resize=525%2C300 1.5x, https:\/\/i0.wp.com\/noticiasribeiraopreto.com.br\/wp-content\/uploads\/2024\/04\/pispasep-2.webp.webp?fit=1200%2C630&ssl=1&resize=700%2C400 2x, https:\/\/i0.wp.com\/noticiasribeiraopreto.com.br\/wp-content\/uploads\/2024\/04\/pispasep-2.webp.webp?fit=1200%2C630&ssl=1&resize=1050%2C600 3x"},"classes":[]},{"id":9769,"url":"https:\/\/noticiasribeiraopreto.com.br\/index.php\/2023\/12\/02\/inss-anuncia-criterios-para-aposentadoria-por-invalidez\/","url_meta":{"origin":90912,"position":1},"title":"INSS anuncia crit\u00e9rios para aposentadoria por invalidez","author":"noticiasribeiraopreto.com.br","date":"2 de December de 2023","format":false,"excerpt":"Cr\u00e9ditos: iStock\/rmcarvalhobsbMudan\u00e7as na aposentadoria para 2024 A aposentadoria por invalidez \u00e9 uma forma crucial de amparo oferecida pelo INSS, proporcionando suporte financeiro a indiv\u00edduos que, por raz\u00f5es de sa\u00fade, tornam-se permanentemente incapazes de trabalhar. Com o ano de 2024 \u00e0 vista, \u00e9 fundamental compreender os crit\u00e9rios estabelecidos pelo Instituto Nacional\u2026","rel":"","context":"In &quot;Variedades&quot;","block_context":{"text":"Variedades","link":"https:\/\/noticiasribeiraopreto.com.br\/index.php\/category\/variedades\/"},"img":{"alt_text":"","src":"https:\/\/i0.wp.com\/noticiasribeiraopreto.com.br\/wp-content\/uploads\/2023\/12\/novos-valores-das-pensoes-e-aposentadorias-pegam-todos-de-surpresa.jpg?fit=1200%2C638&ssl=1&resize=350%2C200","width":350,"height":200,"srcset":"https:\/\/i0.wp.com\/noticiasribeiraopreto.com.br\/wp-content\/uploads\/2023\/12\/novos-valores-das-pensoes-e-aposentadorias-pegam-todos-de-surpresa.jpg?fit=1200%2C638&ssl=1&resize=350%2C200 1x, https:\/\/i0.wp.com\/noticiasribeiraopreto.com.br\/wp-content\/uploads\/2023\/12\/novos-valores-das-pensoes-e-aposentadorias-pegam-todos-de-surpresa.jpg?fit=1200%2C638&ssl=1&resize=525%2C300 1.5x, https:\/\/i0.wp.com\/noticiasribeiraopreto.com.br\/wp-content\/uploads\/2023\/12\/novos-valores-das-pensoes-e-aposentadorias-pegam-todos-de-surpresa.jpg?fit=1200%2C638&ssl=1&resize=700%2C400 2x, https:\/\/i0.wp.com\/noticiasribeiraopreto.com.br\/wp-content\/uploads\/2023\/12\/novos-valores-das-pensoes-e-aposentadorias-pegam-todos-de-surpresa.jpg?fit=1200%2C638&ssl=1&resize=1050%2C600 3x"},"classes":[]},{"id":47337,"url":"https:\/\/noticiasribeiraopreto.com.br\/index.php\/2024\/04\/25\/liberado-inss-autoriza-aposentadoria-por-invalidez-para-portador-de-diabetes-veja-como-solicitar\/","url_meta":{"origin":90912,"position":2},"title":"LIBERADO! INSS autoriza aposentadoria por invalidez para portador de diabetes; Veja como solicitar","author":"noticiasribeiraopreto.com.br","date":"25 de April de 2024","format":false,"excerpt":"Os benef\u00edcios de aposentadoria por invalidez s\u00e3o pagos a pessoas que t\u00eam problemas de sa\u00fade ou que tiveram um acidente que as impede de trabalhar. E agora o INSS (Instituto Nacional do Seguro Social) aprovou a libera\u00e7\u00e3o desse tipo de aposentadoria para casos mais graves de diabetes. Para que um\u2026","rel":"","context":"In &quot;Dinheiro e Investimento&quot;","block_context":{"text":"Dinheiro e Investimento","link":"https:\/\/noticiasribeiraopreto.com.br\/index.php\/category\/dinheiro-e-investimento-como-fazer-como-ganhar\/"},"img":{"alt_text":"","src":"https:\/\/i0.wp.com\/noticiasribeiraopreto.com.br\/wp-content\/uploads\/2024\/04\/INSS-autoriza-aposentadoria-por-invalidez.webp.webp?fit=1200%2C630&ssl=1&resize=350%2C200","width":350,"height":200,"srcset":"https:\/\/i0.wp.com\/noticiasribeiraopreto.com.br\/wp-content\/uploads\/2024\/04\/INSS-autoriza-aposentadoria-por-invalidez.webp.webp?fit=1200%2C630&ssl=1&resize=350%2C200 1x, https:\/\/i0.wp.com\/noticiasribeiraopreto.com.br\/wp-content\/uploads\/2024\/04\/INSS-autoriza-aposentadoria-por-invalidez.webp.webp?fit=1200%2C630&ssl=1&resize=525%2C300 1.5x, https:\/\/i0.wp.com\/noticiasribeiraopreto.com.br\/wp-content\/uploads\/2024\/04\/INSS-autoriza-aposentadoria-por-invalidez.webp.webp?fit=1200%2C630&ssl=1&resize=700%2C400 2x, https:\/\/i0.wp.com\/noticiasribeiraopreto.com.br\/wp-content\/uploads\/2024\/04\/INSS-autoriza-aposentadoria-por-invalidez.webp.webp?fit=1200%2C630&ssl=1&resize=1050%2C600 3x"},"classes":[]},{"id":88291,"url":"https:\/\/noticiasribeiraopreto.com.br\/index.php\/2026\/07\/17\/aposentadoria-o-que-mudou-e-como-se-planejar\/","url_meta":{"origin":90912,"position":3},"title":"Aposentadoria: o que mudou e como se planejar","author":"noticiasribeiraopreto.com.br","date":"17 de July de 2026","format":false,"excerpt":"As regras da aposentadoria no Brasil continuam passando por mudan\u00e7as graduais desde a Reforma da Previd\u00eancia de 2019. Por isso, manter o planejamento previdenci\u00e1rio atualizado tornou-se uma etapa cada vez mais importante para quem deseja se aposentar com tranquilidade, evitar preju\u00edzos e garantir o melhor benef\u00edcio poss\u00edvel no momento da\u2026","rel":"","context":"In &quot;Not\u00edcias de Ribeir\u00e3o Preto-SP e Regi\u00e3o&quot;","block_context":{"text":"Not\u00edcias de Ribeir\u00e3o Preto-SP e Regi\u00e3o","link":"https:\/\/noticiasribeiraopreto.com.br\/index.php\/category\/noticias-de-ribeirao-preto-sp-e-regiao-ismael-colosi\/"},"img":{"alt_text":"","src":"https:\/\/i0.wp.com\/noticiasribeiraopreto.com.br\/wp-content\/uploads\/2026\/07\/capa-aposentadoria-dra-rafaele-ferreira.png?fit=1052%2C592&ssl=1&resize=350%2C200","width":350,"height":200,"srcset":"https:\/\/i0.wp.com\/noticiasribeiraopreto.com.br\/wp-content\/uploads\/2026\/07\/capa-aposentadoria-dra-rafaele-ferreira.png?fit=1052%2C592&ssl=1&resize=350%2C200 1x, https:\/\/i0.wp.com\/noticiasribeiraopreto.com.br\/wp-content\/uploads\/2026\/07\/capa-aposentadoria-dra-rafaele-ferreira.png?fit=1052%2C592&ssl=1&resize=525%2C300 1.5x, https:\/\/i0.wp.com\/noticiasribeiraopreto.com.br\/wp-content\/uploads\/2026\/07\/capa-aposentadoria-dra-rafaele-ferreira.png?fit=1052%2C592&ssl=1&resize=700%2C400 2x, https:\/\/i0.wp.com\/noticiasribeiraopreto.com.br\/wp-content\/uploads\/2026\/07\/capa-aposentadoria-dra-rafaele-ferreira.png?fit=1052%2C592&ssl=1&resize=1050%2C600 3x"},"classes":[]},{"id":15054,"url":"https:\/\/noticiasribeiraopreto.com.br\/index.php\/2023\/12\/13\/lista-com-doencas-que-garantem-aposentadoria-inss\/","url_meta":{"origin":90912,"position":4},"title":"Lista com doen\u00e7as que GARANTEM aposentadoria INSS","author":"noticiasribeiraopreto.com.br","date":"13 de December de 2023","format":false,"excerpt":"Uma nova fase traz consigo atualiza\u00e7\u00f5es para os benefici\u00e1rios do Instituto Nacional do Seguro Social. O Governo Federal divulgou uma modifica\u00e7\u00e3o na rela\u00e7\u00e3o de enfermidades que conferem o direito \u00e0 aposentadoria por invalidez do INSS. Esse processo n\u00e3o ocorre regularmente e a lista de comorbidades \u00e9 extensa, portanto, requer aten\u00e7\u00e3o\u2026","rel":"","context":"In &quot;Vagas de Emprego em Ribeir\u00e3o Preto-SP&quot;","block_context":{"text":"Vagas de Emprego em Ribeir\u00e3o Preto-SP","link":"https:\/\/noticiasribeiraopreto.com.br\/index.php\/category\/empregos-classificados-vagas-trabalho\/vagas-de-empregos-em-ribeirao-preto-regiao-brasil\/"},"img":{"alt_text":"","src":"https:\/\/i0.wp.com\/noticiasribeiraopreto.com.br\/wp-content\/uploads\/2023\/12\/noticiasconcursos.com_.br-3-56.jpg?fit=1200%2C800&ssl=1&resize=350%2C200","width":350,"height":200,"srcset":"https:\/\/i0.wp.com\/noticiasribeiraopreto.com.br\/wp-content\/uploads\/2023\/12\/noticiasconcursos.com_.br-3-56.jpg?fit=1200%2C800&ssl=1&resize=350%2C200 1x, https:\/\/i0.wp.com\/noticiasribeiraopreto.com.br\/wp-content\/uploads\/2023\/12\/noticiasconcursos.com_.br-3-56.jpg?fit=1200%2C800&ssl=1&resize=525%2C300 1.5x, https:\/\/i0.wp.com\/noticiasribeiraopreto.com.br\/wp-content\/uploads\/2023\/12\/noticiasconcursos.com_.br-3-56.jpg?fit=1200%2C800&ssl=1&resize=700%2C400 2x, https:\/\/i0.wp.com\/noticiasribeiraopreto.com.br\/wp-content\/uploads\/2023\/12\/noticiasconcursos.com_.br-3-56.jpg?fit=1200%2C800&ssl=1&resize=1050%2C600 3x"},"classes":[]},{"id":24216,"url":"https:\/\/noticiasribeiraopreto.com.br\/index.php\/2024\/01\/03\/campanha-janeiro-branco-alerta-para-saude-mental-e-emocional\/","url_meta":{"origin":90912,"position":5},"title":"Campanha Janeiro Branco alerta para sa\u00fade mental e emocional","author":"noticiasribeiraopreto.com.br","date":"3 de January de 2024","format":false,"excerpt":"Criar uma cultura de cuidado emocional, proporcionando informa\u00e7\u00f5es e apoio para indiv\u00edduos, fam\u00edlias, institui\u00e7\u00f5es e comunidades em geral, \u00e9 a proposta da campanha Janeiro Branco, que visa a alertar para os cuidados com a sa\u00fade mental e emocional da popula\u00e7\u00e3o a partir da preven\u00e7\u00e3o de doen\u00e7as decorrentes do estresse, como\u2026","rel":"","context":"In &quot;Not\u00edcias de Ribeir\u00e3o Preto-SP e Regi\u00e3o&quot;","block_context":{"text":"Not\u00edcias de Ribeir\u00e3o Preto-SP e Regi\u00e3o","link":"https:\/\/noticiasribeiraopreto.com.br\/index.php\/category\/noticias-de-ribeirao-preto-sp-e-regiao-ismael-colosi\/"},"img":{"alt_text":"","src":"https:\/\/i0.wp.com\/noticiasribeiraopreto.com.br\/wp-content\/uploads\/2024\/01\/f3dc03a3-3239-4452-aabb-6da029e5e486-scaled.jpg?fit=967%2C645&ssl=1&resize=350%2C200","width":350,"height":200,"srcset":"https:\/\/i0.wp.com\/noticiasribeiraopreto.com.br\/wp-content\/uploads\/2024\/01\/f3dc03a3-3239-4452-aabb-6da029e5e486-scaled.jpg?fit=967%2C645&ssl=1&resize=350%2C200 1x, https:\/\/i0.wp.com\/noticiasribeiraopreto.com.br\/wp-content\/uploads\/2024\/01\/f3dc03a3-3239-4452-aabb-6da029e5e486-scaled.jpg?fit=967%2C645&ssl=1&resize=525%2C300 1.5x, https:\/\/i0.wp.com\/noticiasribeiraopreto.com.br\/wp-content\/uploads\/2024\/01\/f3dc03a3-3239-4452-aabb-6da029e5e486-scaled.jpg?fit=967%2C645&ssl=1&resize=700%2C400 2x"},"classes":[]}],"jetpack_sharing_enabled":true,"jetpack_shortlink":"https:\/\/wp.me\/peQAOb-nEk","jetpack_featured_media_url":"https:\/\/i0.wp.com\/noticiasribeiraopreto.com.br\/wp-content\/uploads\/2026\/09\/Foto-1-3.png?fit=1200%2C675&ssl=1","_links":{"self":[{"href":"https:\/\/noticiasribeiraopreto.com.br\/index.php\/wp-json\/wp\/v2\/posts\/90912","targetHints":{"allow":["GET"]}}],"collection":[{"href":"https:\/\/noticiasribeiraopreto.com.br\/index.php\/wp-json\/wp\/v2\/posts"}],"about":[{"href":"https:\/\/noticiasribeiraopreto.com.br\/index.php\/wp-json\/wp\/v2\/types\/post"}],"author":[{"embeddable":true,"href":"https:\/\/noticiasribeiraopreto.com.br\/index.php\/wp-json\/wp\/v2\/users\/1"}],"replies":[{"embeddable":true,"href":"https:\/\/noticiasribeiraopreto.com.br\/index.php\/wp-json\/wp\/v2\/comments?post=90912"}],"version-history":[{"count":0,"href":"https:\/\/noticiasribeiraopreto.com.br\/index.php\/wp-json\/wp\/v2\/posts\/90912\/revisions"}],"wp:featuredmedia":[{"embeddable":true,"href":"https:\/\/noticiasribeiraopreto.com.br\/index.php\/wp-json\/wp\/v2\/media\/90913"}],"wp:attachment":[{"href":"https:\/\/noticiasribeiraopreto.com.br\/index.php\/wp-json\/wp\/v2\/media?parent=90912"}],"wp:term":[{"taxonomy":"category","embeddable":true,"href":"https:\/\/noticiasribeiraopreto.com.br\/index.php\/wp-json\/wp\/v2\/categories?post=90912"},{"taxonomy":"post_tag","embeddable":true,"href":"https:\/\/noticiasribeiraopreto.com.br\/index.php\/wp-json\/wp\/v2\/tags?post=90912"}],"curies":[{"name":"wp","href":"https:\/\/api.w.org\/{rel}","templated":true}]}}