{"id":90914,"date":"2026-09-01T16:01:04","date_gmt":"2026-09-01T19:01:04","guid":{"rendered":"https:\/\/noticiasribeiraopreto.com.br\/index.php\/2026\/09\/01\/setembro-previsao-frentes-frias-aumento-chuvas-estado-sao-paulo\/"},"modified":"2026-09-01T16:01:04","modified_gmt":"2026-09-01T19:01:04","slug":"setembro-previsao-frentes-frias-aumento-chuvas-estado-sao-paulo","status":"publish","type":"post","link":"https:\/\/noticiasribeiraopreto.com.br\/index.php\/2026\/09\/01\/setembro-previsao-frentes-frias-aumento-chuvas-estado-sao-paulo\/","title":{"rendered":"Setembro tem previs\u00e3o de frentes frias e aumento de chuvas no estado de S\u00e3o Paulo"},"content":{"rendered":"<div class='code-block code-block-1' style='margin: 8px 0 8px auto; text-align: right; display: block; clear: both;'>\n<p><a href=\"https:\/\/wa.link\/vpicfd\"><img data-recalc-dims=\"1\" class=\"wp-image-4922\" style=\"aspect-ratio: 2.0253164556962027; width: 561px; height: auto;\" src=\"https:\/\/i0.wp.com\/ismaelcolosi.com.br\/wp-content\/uploads\/2023\/11\/grupo-de-empregos-whatsapp-e-facebook-ismael-colosi-vagas.jpg?ssl=1\" alt=\"\" \/><\/a><\/p>\n<!-- \/wp:image -->\n<\/div>\n<p> <br \/>\n<\/p>\n<p>O m\u00eas de setembro de 2026 marca a transi\u00e7\u00e3o entre o inverno e a primavera em territ\u00f3rio brasileiro. No <strong>estado de S\u00e3o Paulo<\/strong>, o comportamento do tempo ao longo do per\u00edodo ser\u00e1 determinado pela atua\u00e7\u00e3o do fen\u00f4meno<strong> El Ni\u00f1o<\/strong> e pela eleva\u00e7\u00e3o de temperatura observada nas \u00e1guas do Oceano Atl\u00e2ntico, conforme dados divulgados pela<strong><a href=\"https:\/\/www.climatempo.com.br\/noticia\/inverno\/clima-em-setembro-de-2026-previsao-para-todo-o-brasil\" data-type=\"link\" data-id=\"https:\/\/www.climatempo.com.br\/noticia\/inverno\/clima-em-setembro-de-2026-previsao-para-todo-o-brasil\" target=\"_blank\" rel=\"noopener\"> Climatempo<\/a><\/strong>.<\/p>\n<p class=\"has-cyan-bluish-gray-background-color has-background\"><em>Receba not\u00edcias do\u00a0<strong>acidade on Ribeir\u00e3o\u00a0<\/strong>no WhatsApp e fique por dentro de tudo! Basta acessar o link<a href=\"https:\/\/chat.whatsapp.com\/DfXwcjKVIddHUT3BvnQuPZ?mode=hqctshi\" target=\"_blank\" rel=\"noreferrer noopener\">\u00a0aqui<\/a>!<\/em><\/p>\n<p>O per\u00edodo de setembro costuma registrar aus\u00eancia de precipita\u00e7\u00e3o, \u00edndices reduzidos de umidade no ar e eleva\u00e7\u00e3o de temperatura no interior. Neste ano, as medi\u00e7\u00f5es indicam a presen\u00e7a de chuvas em intervalos menores e volumes acumulados maiores em compara\u00e7\u00e3o aos registros do mesmo per\u00edodo de 2025 no estado de S\u00e3o Paulo.<\/p>\n<p><strong>Viu essa?<\/strong><br \/>Haddad prop\u00f5e cria\u00e7\u00e3o de \u2018BO por Zap\u2019 e gabinete integrado contra fac\u00e7\u00f5es; confira a entrevista<\/p>\n<div class=\"wp-block-rank-math-toc-block\" id=\"rank-math-toc\">\n<nav>\n<ul>\n<li class=\"\">Atua\u00e7\u00e3o do El Ni\u00f1o\u00a0<\/li>\n<li class=\"\">Primeira metade do m\u00eas com registros de chuva<\/li>\n<li class=\"\">Temperaturas\u00a0<\/li>\n<li class=\"\">In\u00edcio da primavera<\/li>\n<\/ul>\n<\/nav>\n<\/div>\n<h2 class=\"wp-block-heading\" id=\"atuacao-do-el-nino\"><strong>Atua\u00e7\u00e3o do El Ni\u00f1o\u00a0<\/strong><\/h2>\n<p>A presen\u00e7a do fen\u00f4meno El Ni\u00f1o no Oceano Pac\u00edfico atua sobre a movimenta\u00e7\u00e3o do ar na Am\u00e9rica do Sul. Ao mesmo tempo, as \u00e1guas do Oceano Atl\u00e2ntico na costa das regi\u00f5es Sul e Sudeste mant\u00eam valores t\u00e9rmicos acima da m\u00e9dia.<\/p>\n<p>Essa condi\u00e7\u00e3o no oceano possibilita a forma\u00e7\u00e3o e o deslocamento de <strong>frentes frias <\/strong>e \u00e1reas de baixa press\u00e3o atmosf\u00e9rica em dire\u00e7\u00e3o ao continente. A umidade \u00e9 transportada para as regi\u00f5es do estado de S\u00e3o Paulo, resultando na forma\u00e7\u00e3o de nuvens e na ocorr\u00eancia de precipita\u00e7\u00f5es em diferentes munic\u00edpios paulistas.<\/p>\n<h2 class=\"wp-block-heading\" id=\"primeira-metade-do-mes-com-registros-de-chuva\"><strong>Primeira metade do m\u00eas com registros de chuva<\/strong><\/h2>\n<p>Nos primeiros dez dias do m\u00eas, o territ\u00f3rio paulista registra instabilidades com a passagem de frentes frias. Por isso, h\u00e1 previs\u00e3o de chuva, trovoadas e ventos durante o per\u00edodo. A ocorr\u00eancia dessas precipita\u00e7\u00f5es nos primeiros dias de setembro eleva a umidade presente no ar e no solo. Esse fator atua na redu\u00e7\u00e3o de registros de focos de fogo em vegeta\u00e7\u00e3o, ocorr\u00eancia comum no estado durante os meses finais do inverno.<\/p>\n<figure class=\"wp-block-image size-full\"><img data-recalc-dims=\"1\" loading=\"lazy\" decoding=\"async\" width=\"750\" height=\"444\" src=\"https:\/\/i0.wp.com\/www.acidadeon.com\/ribeiraopreto\/wp-content\/uploads\/sites\/3\/2026\/09\/previsao-chuva-setembro-climatempo.webp?resize=750%2C444&#038;ssl=1\" alt=\"setembro\n\" class=\"wp-image-173272\" title=\"Setembro tem previs\u00e3o de frentes frias e aumento de chuvas no estado de S\u00e3o Paulo 1\"><figcaption class=\"wp-element-caption\"><a href=\"https:\/\/www.climatempo.com.br\/\" target=\"_blank\" rel=\"noreferrer noopener\">Previs\u00e3o<\/a>\u00a0da anomalia de precipita\u00e7\u00e3o no Brasil para setembro de 2026: tons em verde indicam volume precipita\u00e7\u00e3o m\u00e9dio acima do normal; tons em marrom indicam precipita\u00e7\u00e3o m\u00e9dia abaixo do normal para setemnbro (Fonte: Climatempo)<\/figcaption><\/figure>\n<h2 class=\"wp-block-heading\" id=\"temperaturas\"><strong>Temperaturas\u00a0<\/strong><\/h2>\n<p>A presen\u00e7a de nebulosidade e a frequ\u00eancia de precipita\u00e7\u00f5es limitam a eleva\u00e7\u00e3o cont\u00ednua das temperaturas m\u00e9dias na faixa leste, no litoral e na Regi\u00e3o Metropolitana de S\u00e3o Paulo. Nessas \u00e1reas, os valores m\u00e9dios registrados permanecem mais baixos do que a m\u00e9dia habitual para o m\u00eas de setembro.<\/p>\n<p>Nas regi\u00f5es norte, noroeste e oeste do estado de S\u00e3o Paulo, o transporte de ar vindo da regi\u00e3o Centro-Oeste mant\u00e9m registros de calor nos per\u00edodos da tarde durante os dias sem chuva, com os term\u00f4metros alcan\u00e7ando marcas de 35 \u00b0C.<\/p>\n<p>Ap\u00f3s o deslocamento das frentes frias pelo estado, a entrada de massas de ar frio provoca redu\u00e7\u00e3o tempor\u00e1ria nos valores de temperatura, registrando m\u00ednimas pr\u00f3ximas a 12 \u00b0C durante a madrugada e o in\u00edcio da manh\u00e3 em pontos do sul paulista e em locais de relevo mais alto.<\/p>\n<figure class=\"wp-block-image size-full\"><figcaption class=\"wp-element-caption\">Previs\u00e3o da anomalia de temperatura no Brasil para setembro de 2026: tons em azul indicam temperatura m\u00e9dia abaixo do normal; tons em vermelho indicam temperatura m\u00e9dia acima do normal para setemnbro (Fonte: Climatempo)<br \/><\/figcaption><\/figure>\n<h2 class=\"wp-block-heading\" id=\"inicio-da-primavera\"><strong>In\u00edcio da primavera<\/strong><\/h2>\n<p>A chegada da primavera ocorre no dia 22 de setembro, \u00e0s 21h05. A partir da segunda metade do m\u00eas, a transi\u00e7\u00e3o entre os per\u00edodos do ano estabelece o aumento gradual nas m\u00e9dias de temperatura di\u00e1rias e a altera\u00e7\u00e3o na dire\u00e7\u00e3o dos ventos no estado de S\u00e3o Paulo, antecedendo o per\u00edodo chuvoso que se estabelece nos meses seguintes.<\/p>\n<figure class=\"wp-block-gallery has-nested-images columns-default is-cropped wp-block-gallery-1 is-layout-flex wp-block-gallery-is-layout-flex\">\n<figure class=\"wp-block-image size-large\"><img data-recalc-dims=\"1\" loading=\"lazy\" decoding=\"async\" width=\"1024\" height=\"802\" data-id=\"173274\" src=\"https:\/\/i0.wp.com\/www.acidadeon.com\/ribeiraopreto\/wp-content\/uploads\/sites\/3\/2026\/09\/chegada-primavera-1-1024x802.jpg?resize=1024%2C802&#038;ssl=1\" alt=\"chegada primavera 1\" class=\"wp-image-173274\" title=\"Setembro tem previs\u00e3o de frentes frias e aumento de chuvas no estado de S\u00e3o Paulo 3\"><figcaption class=\"wp-element-caption\">Foto: reprodu\u00e7\u00e3o\/Magnific<\/figcaption><\/figure>\n<figure class=\"wp-block-image size-large\"><img data-recalc-dims=\"1\" loading=\"lazy\" decoding=\"async\" width=\"1024\" height=\"682\" data-id=\"173275\" src=\"https:\/\/i0.wp.com\/www.acidadeon.com\/ribeiraopreto\/wp-content\/uploads\/sites\/3\/2026\/09\/chegada-primavera-2-1024x682.jpg?resize=1024%2C682&#038;ssl=1\" alt=\"chegada primavera 2\" class=\"wp-image-173275\" title=\"Setembro tem previs\u00e3o de frentes frias e aumento de chuvas no estado de S\u00e3o Paulo 4\"><figcaption class=\"wp-element-caption\">Foto: reprodu\u00e7\u00e3o\/Magnific<\/figcaption><\/figure>\n<\/figure>\n<p class=\"has-cyan-bluish-gray-background-color has-background\"><em>Fa\u00e7a uma den\u00fancia ou sugira uma reportagem sobre\u00a0<strong>Ribeir\u00e3o Preto\u00a0<\/strong>e regi\u00e3o por meio do WhatsApp do\u00a0<strong>acidade on Ribeir\u00e3o<\/strong>: (16) 99117-7802.<\/em><\/p>\n<p>O post Setembro tem previs\u00e3o de frentes frias e aumento de chuvas no estado de S\u00e3o Paulo apareceu primeiro em ACidade ON Ribeir\u00e3o Preto.<\/p>\n<p><br \/>\n<br \/><a href=\"https:\/\/www.acidadeon.com\/ribeiraopreto\/cotidiano\/setembro-previsao-frentes-frias-aumento-chuvas-estado-sao-paulo\/\">Link para o texto original aqui <\/a><\/p>\n<!-- CONTENT END 1 -->\n","protected":false},"excerpt":{"rendered":"<p>O m\u00eas de setembro de 2026 marca a transi\u00e7\u00e3o entre o inverno e a primavera em territ\u00f3rio brasileiro. No estado de S\u00e3o Paulo, o comportamento&#8230;<\/p>\n","protected":false},"author":1,"featured_media":90915,"comment_status":"","ping_status":"","sticky":false,"template":"","format":"standard","meta":{"advanced_seo_description":"","jetpack_seo_html_title":"","jetpack_seo_noindex":false,"jetpack_seo_schema_type":"","_jetpack_newsletter_access":"","_jetpack_dont_email_post_to_subs":false,"_jetpack_newsletter_tier_id":0,"_jetpack_memberships_contains_paywalled_content":false,"_jetpack_feature_clip_id":0,"_jetpack_memberships_contains_paid_content":false,"footnotes":"","jetpack_publicize_message":"","jetpack_publicize_feature_enabled":true,"jetpack_social_post_already_shared":true,"jetpack_social_options":{"image_generator_settings":{"template":"highway","default_image_id":0,"font":"","enabled":false},"version":2},"jetpack_post_was_ever_published":false},"categories":[11],"tags":[1270,164,160,8861,8862,161,350,50,3398,162],"class_list":["post-90914","post","type-post","status-publish","format-standard","has-post-thumbnail","hentry","category-noticias-de-ribeirao-preto-sp-e-regiao-ismael-colosi","tag-aumento","tag-chuvas","tag-estado","tag-frentes","tag-frias","tag-paulo","tag-previsao","tag-sao","tag-setembro","tag-tem"],"jetpack_publicize_connections":[],"jetpack-related-posts":[{"id":73586,"url":"https:\/\/noticiasribeiraopreto.com.br\/index.php\/2025\/07\/05\/nova-frente-fria-no-estado-de-sp-confira-se-vem-chuva-e-frio\/","url_meta":{"origin":90914,"position":0},"title":"Nova frente fria no estado de SP? Confira se vem chuva e frio","author":"noticiasribeiraopreto.com.br","date":"5 de July de 2025","format":false,"excerpt":"Uma frente fria deve se deslocar pela costa da regi\u00e3o Sudeste neste domingo (6). Segundo a Climatempo, esse sistema favorece o aumento de nebulosidade sobre o leste do estado de\u00a0S\u00e3o Paulo\u00a0e pancadas de chuva sobre o litoral paulista. Essa nova frente fria deve manter os ventos mais frescos no interior\u2026","rel":"","context":"In &quot;Not\u00edcias de Ribeir\u00e3o Preto-SP e Regi\u00e3o&quot;","block_context":{"text":"Not\u00edcias de Ribeir\u00e3o Preto-SP e Regi\u00e3o","link":"https:\/\/noticiasribeiraopreto.com.br\/index.php\/category\/noticias-de-ribeirao-preto-sp-e-regiao-ismael-colosi\/"},"img":{"alt_text":"","src":"https:\/\/i0.wp.com\/noticiasribeiraopreto.com.br\/wp-content\/uploads\/2025\/07\/WhatsApp-Image-2025-05-08-at-06.45.03_2025-05-08_09-48-38.webp.webp?fit=1200%2C540&ssl=1&resize=350%2C200","width":350,"height":200,"srcset":"https:\/\/i0.wp.com\/noticiasribeiraopreto.com.br\/wp-content\/uploads\/2025\/07\/WhatsApp-Image-2025-05-08-at-06.45.03_2025-05-08_09-48-38.webp.webp?fit=1200%2C540&ssl=1&resize=350%2C200 1x, https:\/\/i0.wp.com\/noticiasribeiraopreto.com.br\/wp-content\/uploads\/2025\/07\/WhatsApp-Image-2025-05-08-at-06.45.03_2025-05-08_09-48-38.webp.webp?fit=1200%2C540&ssl=1&resize=525%2C300 1.5x, https:\/\/i0.wp.com\/noticiasribeiraopreto.com.br\/wp-content\/uploads\/2025\/07\/WhatsApp-Image-2025-05-08-at-06.45.03_2025-05-08_09-48-38.webp.webp?fit=1200%2C540&ssl=1&resize=700%2C400 2x, https:\/\/i0.wp.com\/noticiasribeiraopreto.com.br\/wp-content\/uploads\/2025\/07\/WhatsApp-Image-2025-05-08-at-06.45.03_2025-05-08_09-48-38.webp.webp?fit=1200%2C540&ssl=1&resize=1050%2C600 3x"},"classes":[]},{"id":57938,"url":"https:\/\/noticiasribeiraopreto.com.br\/index.php\/2024\/09\/14\/frente-fria-avanca-e-traz-chuva-ao-estado-de-sp-veja-previsao\/","url_meta":{"origin":90914,"position":1},"title":"Frente fria avan\u00e7a e traz chuva ao estado de SP; Veja previs\u00e3o","author":"noticiasribeiraopreto.com.br","date":"14 de September de 2024","format":false,"excerpt":"Uma frente fria avan\u00e7a em dire\u00e7\u00e3o ao Sudeste neste \u00faltimo fim de semana do inverno 2024. Segundo a Climatempo, este sistema alcan\u00e7a o litoral paulista neste domingo (15) e pode causar chuva forte nesta regi\u00e3o. \u201cTamb\u00e9m h\u00e1 previs\u00e3o de nebulosidade, garoa e ventos mais fresco sobre o estado de S\u00e3o\u2026","rel":"","context":"In &quot;Not\u00edcias de Ribeir\u00e3o Preto-SP e Regi\u00e3o&quot;","block_context":{"text":"Not\u00edcias de Ribeir\u00e3o Preto-SP e Regi\u00e3o","link":"https:\/\/noticiasribeiraopreto.com.br\/index.php\/category\/noticias-de-ribeirao-preto-sp-e-regiao-ismael-colosi\/"},"img":{"alt_text":"","src":"https:\/\/i0.wp.com\/noticiasribeiraopreto.com.br\/wp-content\/uploads\/2024\/09\/WhatsApp-Image-2024-04-09-at-07.20.27.jpeg?fit=1200%2C541&ssl=1&resize=350%2C200","width":350,"height":200,"srcset":"https:\/\/i0.wp.com\/noticiasribeiraopreto.com.br\/wp-content\/uploads\/2024\/09\/WhatsApp-Image-2024-04-09-at-07.20.27.jpeg?fit=1200%2C541&ssl=1&resize=350%2C200 1x, https:\/\/i0.wp.com\/noticiasribeiraopreto.com.br\/wp-content\/uploads\/2024\/09\/WhatsApp-Image-2024-04-09-at-07.20.27.jpeg?fit=1200%2C541&ssl=1&resize=525%2C300 1.5x, https:\/\/i0.wp.com\/noticiasribeiraopreto.com.br\/wp-content\/uploads\/2024\/09\/WhatsApp-Image-2024-04-09-at-07.20.27.jpeg?fit=1200%2C541&ssl=1&resize=700%2C400 2x, https:\/\/i0.wp.com\/noticiasribeiraopreto.com.br\/wp-content\/uploads\/2024\/09\/WhatsApp-Image-2024-04-09-at-07.20.27.jpeg?fit=1200%2C541&ssl=1&resize=1050%2C600 3x"},"classes":[]},{"id":87279,"url":"https:\/\/noticiasribeiraopreto.com.br\/index.php\/2026\/06\/30\/frente-fria-e-ar-polar-mudam-o-tempo-e-derrubam-as-temperaturas\/","url_meta":{"origin":90914,"position":2},"title":"Frente fria e ar polar mudam o tempo e derrubam as temperaturas","author":"noticiasribeiraopreto.com.br","date":"30 de June de 2026","format":false,"excerpt":"Uma nova frente fria deve mudar o tempo no estado de S\u00e3o Paulo a partir desta sexta-feira (3), trazendo aumento da nebulosidade, chuva e uma nova queda nas temperaturas. De acordo com os meteorologistas, esse sistema ser\u00e1 formado ap\u00f3s o aprofundamento de uma \u00e1rea de baixa press\u00e3o sobre o oceano,\u2026","rel":"","context":"In &quot;Not\u00edcias de Ribeir\u00e3o Preto-SP e Regi\u00e3o&quot;","block_context":{"text":"Not\u00edcias de Ribeir\u00e3o Preto-SP e Regi\u00e3o","link":"https:\/\/noticiasribeiraopreto.com.br\/index.php\/category\/noticias-de-ribeirao-preto-sp-e-regiao-ismael-colosi\/"},"img":{"alt_text":"","src":"https:\/\/i0.wp.com\/noticiasribeiraopreto.com.br\/wp-content\/uploads\/2026\/06\/Mirage-Circus_2026-06-30_20-43-29.webp.webp?fit=1200%2C675&ssl=1&resize=350%2C200","width":350,"height":200,"srcset":"https:\/\/i0.wp.com\/noticiasribeiraopreto.com.br\/wp-content\/uploads\/2026\/06\/Mirage-Circus_2026-06-30_20-43-29.webp.webp?fit=1200%2C675&ssl=1&resize=350%2C200 1x, https:\/\/i0.wp.com\/noticiasribeiraopreto.com.br\/wp-content\/uploads\/2026\/06\/Mirage-Circus_2026-06-30_20-43-29.webp.webp?fit=1200%2C675&ssl=1&resize=525%2C300 1.5x, https:\/\/i0.wp.com\/noticiasribeiraopreto.com.br\/wp-content\/uploads\/2026\/06\/Mirage-Circus_2026-06-30_20-43-29.webp.webp?fit=1200%2C675&ssl=1&resize=700%2C400 2x, https:\/\/i0.wp.com\/noticiasribeiraopreto.com.br\/wp-content\/uploads\/2026\/06\/Mirage-Circus_2026-06-30_20-43-29.webp.webp?fit=1200%2C675&ssl=1&resize=1050%2C600 3x"},"classes":[]},{"id":88637,"url":"https:\/\/noticiasribeiraopreto.com.br\/index.php\/2026\/07\/23\/frente-fria-muda-o-tempo-no-estado-de-sp-veja-previsao\/","url_meta":{"origin":90914,"position":3},"title":"Frente fria muda o tempo no estado de SP; Veja previs\u00e3o","author":"noticiasribeiraopreto.com.br","date":"23 de July de 2026","format":false,"excerpt":"O avan\u00e7o de uma frente fria pelo estado de S\u00e3o Paulo come\u00e7a a mudar as condi\u00e7\u00f5es do tempo nesta quinta-feira (23). Segundo a Climatempo, a previs\u00e3o \u00e9 de chuva pela manh\u00e3 entre o oeste, sudoeste, sul e tamb\u00e9m em \u00e1reas centrais, parte do litoral e Regi\u00e3o Metropolitana de S\u00e3o Paulo\u2026","rel":"","context":"In &quot;Not\u00edcias de Ribeir\u00e3o Preto-SP e Regi\u00e3o&quot;","block_context":{"text":"Not\u00edcias de Ribeir\u00e3o Preto-SP e Regi\u00e3o","link":"https:\/\/noticiasribeiraopreto.com.br\/index.php\/category\/noticias-de-ribeirao-preto-sp-e-regiao-ismael-colosi\/"},"img":{"alt_text":"","src":"https:\/\/i0.wp.com\/noticiasribeiraopreto.com.br\/wp-content\/uploads\/2026\/07\/WhatsApp-Image-2025-11-23-at-09.17.43_2025-11-23_12-31-46-e1763901141919.webp.webp?fit=1200%2C722&ssl=1&resize=350%2C200","width":350,"height":200,"srcset":"https:\/\/i0.wp.com\/noticiasribeiraopreto.com.br\/wp-content\/uploads\/2026\/07\/WhatsApp-Image-2025-11-23-at-09.17.43_2025-11-23_12-31-46-e1763901141919.webp.webp?fit=1200%2C722&ssl=1&resize=350%2C200 1x, https:\/\/i0.wp.com\/noticiasribeiraopreto.com.br\/wp-content\/uploads\/2026\/07\/WhatsApp-Image-2025-11-23-at-09.17.43_2025-11-23_12-31-46-e1763901141919.webp.webp?fit=1200%2C722&ssl=1&resize=525%2C300 1.5x, https:\/\/i0.wp.com\/noticiasribeiraopreto.com.br\/wp-content\/uploads\/2026\/07\/WhatsApp-Image-2025-11-23-at-09.17.43_2025-11-23_12-31-46-e1763901141919.webp.webp?fit=1200%2C722&ssl=1&resize=700%2C400 2x, https:\/\/i0.wp.com\/noticiasribeiraopreto.com.br\/wp-content\/uploads\/2026\/07\/WhatsApp-Image-2025-11-23-at-09.17.43_2025-11-23_12-31-46-e1763901141919.webp.webp?fit=1200%2C722&ssl=1&resize=1050%2C600 3x"},"classes":[]},{"id":62085,"url":"https:\/\/noticiasribeiraopreto.com.br\/index.php\/2025\/01\/03\/frente-fria-chega-com-mais-chuva-ao-estado-de-sp-veja-a-previsao-do-tempo\/","url_meta":{"origin":90914,"position":4},"title":"Frente fria chega com mais chuva ao Estado de SP; Veja a previs\u00e3o do tempo","author":"noticiasribeiraopreto.com.br","date":"3 de January de 2025","format":false,"excerpt":"Primeira frente fria de 2025 chega ao Estado de S\u00e3o Paulo nesta sexta-feira (3) e traz mais chuva para Ribeir\u00e3o Preto neste final de semana. Segundo a Climatempo, o dia deve permanecer nublado, com possibilidade de garoa pela manh\u00e3 e chuva no per\u00edodo da noite. As temperaturas devem ficar entre\u2026","rel":"","context":"In &quot;Not\u00edcias de Ribeir\u00e3o Preto-SP e Regi\u00e3o&quot;","block_context":{"text":"Not\u00edcias de Ribeir\u00e3o Preto-SP e Regi\u00e3o","link":"https:\/\/noticiasribeiraopreto.com.br\/index.php\/category\/noticias-de-ribeirao-preto-sp-e-regiao-ismael-colosi\/"},"img":{"alt_text":"","src":"https:\/\/i0.wp.com\/noticiasribeiraopreto.com.br\/wp-content\/uploads\/2025\/01\/ribeirao-preto-nublado_2025-01-03_10-43-51_jpeg_2025-01-03_10-43-51.webp.webp?fit=1200%2C900&ssl=1&resize=350%2C200","width":350,"height":200,"srcset":"https:\/\/i0.wp.com\/noticiasribeiraopreto.com.br\/wp-content\/uploads\/2025\/01\/ribeirao-preto-nublado_2025-01-03_10-43-51_jpeg_2025-01-03_10-43-51.webp.webp?fit=1200%2C900&ssl=1&resize=350%2C200 1x, https:\/\/i0.wp.com\/noticiasribeiraopreto.com.br\/wp-content\/uploads\/2025\/01\/ribeirao-preto-nublado_2025-01-03_10-43-51_jpeg_2025-01-03_10-43-51.webp.webp?fit=1200%2C900&ssl=1&resize=525%2C300 1.5x, https:\/\/i0.wp.com\/noticiasribeiraopreto.com.br\/wp-content\/uploads\/2025\/01\/ribeirao-preto-nublado_2025-01-03_10-43-51_jpeg_2025-01-03_10-43-51.webp.webp?fit=1200%2C900&ssl=1&resize=700%2C400 2x, https:\/\/i0.wp.com\/noticiasribeiraopreto.com.br\/wp-content\/uploads\/2025\/01\/ribeirao-preto-nublado_2025-01-03_10-43-51_jpeg_2025-01-03_10-43-51.webp.webp?fit=1200%2C900&ssl=1&resize=1050%2C600 3x"},"classes":[]},{"id":57327,"url":"https:\/\/noticiasribeiraopreto.com.br\/index.php\/2024\/08\/28\/vai-ter-frente-fria-em-setembro-veja-previsao-para-o-interior-de-sp\/","url_meta":{"origin":90914,"position":5},"title":"Vai ter frente fria em setembro? Veja previs\u00e3o para o interior de SP","author":"noticiasribeiraopreto.com.br","date":"28 de August de 2024","format":false,"excerpt":"Agosto foi um m\u00eas marcado pelos extremos clim\u00e1ticos no interior de S\u00e3o Paulo e, com a chegada de setembro, neste domingo (1\u00ba), muito se especula sobre a previs\u00e3o do tempo para o novo per\u00edodo. De acordo com os meteorologistas, com o retorno do tempo seco na maior parte do pa\u00eds,\u2026","rel":"","context":"In &quot;Not\u00edcias de Ribeir\u00e3o Preto-SP e Regi\u00e3o&quot;","block_context":{"text":"Not\u00edcias de Ribeir\u00e3o Preto-SP e Regi\u00e3o","link":"https:\/\/noticiasribeiraopreto.com.br\/index.php\/category\/noticias-de-ribeirao-preto-sp-e-regiao-ismael-colosi\/"},"img":{"alt_text":"","src":"https:\/\/i0.wp.com\/noticiasribeiraopreto.com.br\/wp-content\/uploads\/2024\/08\/marcelo-fontes-1.jpg?fit=1200%2C790&ssl=1&resize=350%2C200","width":350,"height":200,"srcset":"https:\/\/i0.wp.com\/noticiasribeiraopreto.com.br\/wp-content\/uploads\/2024\/08\/marcelo-fontes-1.jpg?fit=1200%2C790&ssl=1&resize=350%2C200 1x, https:\/\/i0.wp.com\/noticiasribeiraopreto.com.br\/wp-content\/uploads\/2024\/08\/marcelo-fontes-1.jpg?fit=1200%2C790&ssl=1&resize=525%2C300 1.5x, https:\/\/i0.wp.com\/noticiasribeiraopreto.com.br\/wp-content\/uploads\/2024\/08\/marcelo-fontes-1.jpg?fit=1200%2C790&ssl=1&resize=700%2C400 2x, https:\/\/i0.wp.com\/noticiasribeiraopreto.com.br\/wp-content\/uploads\/2024\/08\/marcelo-fontes-1.jpg?fit=1200%2C790&ssl=1&resize=1050%2C600 3x"},"classes":[]}],"jetpack_sharing_enabled":true,"jetpack_shortlink":"https:\/\/wp.me\/peQAOb-nEm","jetpack_featured_media_url":"https:\/\/i0.wp.com\/noticiasribeiraopreto.com.br\/wp-content\/uploads\/2026\/09\/CHUVA-RIBEIRAO-PRETO_2025-03-23_20-40-26_jpg_2025-03-23_20-40-26.webp.webp?fit=1030%2C644&ssl=1","_links":{"self":[{"href":"https:\/\/noticiasribeiraopreto.com.br\/index.php\/wp-json\/wp\/v2\/posts\/90914","targetHints":{"allow":["GET"]}}],"collection":[{"href":"https:\/\/noticiasribeiraopreto.com.br\/index.php\/wp-json\/wp\/v2\/posts"}],"about":[{"href":"https:\/\/noticiasribeiraopreto.com.br\/index.php\/wp-json\/wp\/v2\/types\/post"}],"author":[{"embeddable":true,"href":"https:\/\/noticiasribeiraopreto.com.br\/index.php\/wp-json\/wp\/v2\/users\/1"}],"replies":[{"embeddable":true,"href":"https:\/\/noticiasribeiraopreto.com.br\/index.php\/wp-json\/wp\/v2\/comments?post=90914"}],"version-history":[{"count":0,"href":"https:\/\/noticiasribeiraopreto.com.br\/index.php\/wp-json\/wp\/v2\/posts\/90914\/revisions"}],"wp:featuredmedia":[{"embeddable":true,"href":"https:\/\/noticiasribeiraopreto.com.br\/index.php\/wp-json\/wp\/v2\/media\/90915"}],"wp:attachment":[{"href":"https:\/\/noticiasribeiraopreto.com.br\/index.php\/wp-json\/wp\/v2\/media?parent=90914"}],"wp:term":[{"taxonomy":"category","embeddable":true,"href":"https:\/\/noticiasribeiraopreto.com.br\/index.php\/wp-json\/wp\/v2\/categories?post=90914"},{"taxonomy":"post_tag","embeddable":true,"href":"https:\/\/noticiasribeiraopreto.com.br\/index.php\/wp-json\/wp\/v2\/tags?post=90914"}],"curies":[{"name":"wp","href":"https:\/\/api.w.org\/{rel}","templated":true}]}}