{"id":90916,"date":"2026-09-01T16:38:06","date_gmt":"2026-09-01T19:38:06","guid":{"rendered":"https:\/\/noticiasribeiraopreto.com.br\/index.php\/2026\/09\/01\/casacor-ribeirao-preto-2026-recebe-exposicao-com-obras-de-artistas-ligados-a-cidade\/"},"modified":"2026-09-01T16:38:06","modified_gmt":"2026-09-01T19:38:06","slug":"casacor-ribeirao-preto-2026-recebe-exposicao-com-obras-de-artistas-ligados-a-cidade","status":"publish","type":"post","link":"https:\/\/noticiasribeiraopreto.com.br\/index.php\/2026\/09\/01\/casacor-ribeirao-preto-2026-recebe-exposicao-com-obras-de-artistas-ligados-a-cidade\/","title":{"rendered":"Casacor Ribeir\u00e3o Preto 2026 recebe exposi\u00e7\u00e3o com obras de artistas ligados \u00e0 cidade"},"content":{"rendered":"<div class='code-block code-block-1' style='margin: 8px 0 8px auto; text-align: right; display: block; clear: both;'>\n<p><a href=\"https:\/\/wa.link\/vpicfd\"><img data-recalc-dims=\"1\" class=\"wp-image-4922\" style=\"aspect-ratio: 2.0253164556962027; width: 561px; height: auto;\" src=\"https:\/\/i0.wp.com\/ismaelcolosi.com.br\/wp-content\/uploads\/2023\/11\/grupo-de-empregos-whatsapp-e-facebook-ismael-colosi-vagas.jpg?ssl=1\" alt=\"\" \/><\/a><\/p>\n<!-- \/wp:image -->\n<\/div>\n<p> <br \/>\n<\/p>\n<p>A <strong>Casacor Ribeir\u00e3o Preto 2026<\/strong> recebe uma exposi\u00e7\u00e3o coletiva organizada pela Casa Cotrim Galeria, com obras de artistas ligados \u00e0 cidade e trabalhos que exploram diferentes linguagens, materiais e t\u00e9cnicas.<strong> A mostra integra a programa\u00e7\u00e3o da 8\u00aa edi\u00e7\u00e3o da Casacor Ribeir\u00e3o Preto e segue at\u00e9 12 de outubro.<\/strong><\/p>\n<p>A Casa Cotrim ocupa um dos 30 ambientes da edi\u00e7\u00e3o deste ano e apresenta uma proposta que coloca a arte no centro da composi\u00e7\u00e3o do espa\u00e7o. O projeto aproxima obras de arte, arquitetura e design e acompanha o tema da Casacor 2026, \u201cMente e Cora\u00e7\u00e3o\u201d.<\/p>\n<figure class=\"wp-block-gallery has-nested-images columns-default is-cropped wp-block-gallery-1 is-layout-flex wp-block-gallery-is-layout-flex\">\n<figure class=\"wp-block-image size-large\"><figcaption class=\"wp-element-caption\">Foto: Leonardo Cotrim<\/figcaption><\/figure>\n<figure class=\"wp-block-image size-large\"><img data-recalc-dims=\"1\" loading=\"lazy\" decoding=\"async\" width=\"576\" height=\"1024\" data-id=\"173292\" src=\"https:\/\/i0.wp.com\/www.acidadeon.com\/ribeiraopreto\/wp-content\/uploads\/sites\/3\/2026\/09\/1000134710.jpg-576x1024.jpeg?resize=576%2C1024&#038;ssl=1\" alt=\"1000134710.jpg\" class=\"wp-image-173292\" title=\"Casacor Ribeir\u00e3o Preto 2026 recebe exposi\u00e7\u00e3o com obras de artistas ligados \u00e0 cidade 2\"><figcaption class=\"wp-element-caption\">Foto: Leonardo Cotrim<\/figcaption><\/figure>\n<figure class=\"wp-block-image size-large\"><img data-recalc-dims=\"1\" loading=\"lazy\" decoding=\"async\" width=\"699\" height=\"1024\" data-id=\"173293\" src=\"https:\/\/i0.wp.com\/www.acidadeon.com\/ribeiraopreto\/wp-content\/uploads\/sites\/3\/2026\/09\/1000134708.jpg-699x1024.jpeg?resize=699%2C1024&#038;ssl=1\" alt=\"1000134708.jpg\" class=\"wp-image-173293\" title=\"Casacor Ribeir\u00e3o Preto 2026 recebe exposi\u00e7\u00e3o com obras de artistas ligados \u00e0 cidade 3\"><figcaption class=\"wp-element-caption\">Foto: Leonardo Cotrim<\/figcaption><\/figure>\n<\/figure>\n<p class=\"has-text-align-center has-small-font-size\"><em>Receba not\u00edcias do\u00a0<strong>acidade on Ribeir\u00e3o\u00a0<\/strong>no WhatsApp e fique por dentro de tudo! Basta acessar o link<a href=\"https:\/\/chat.whatsapp.com\/DfXwcjKVIddHUT3BvnQuPZ?mode=hqctshi\" target=\"_blank\" rel=\"noreferrer noopener\">\u00a0aqui<\/a>!<\/em><\/p>\n<h2 class=\"wp-block-heading\">Exposi\u00e7\u00e3o re\u00fane diferentes linguagens<\/h2>\n<p>O espa\u00e7o re\u00fane trabalhos que exploram rela\u00e7\u00f5es entre cor, mat\u00e9ria e forma. Entre as obras est\u00e3o o tr\u00edptico <em>Solo de Celo<\/em>, de Ruy Marques Ferreira, esculturas de Marcelo Dias e trabalhos de Cenimar Soares.<\/p>\n<p>A exposi\u00e7\u00e3o tamb\u00e9m apresenta metacrilatos de Jos\u00e9 Maria Morgade, produzidos com materiais pl\u00e1sticos reutilizados, al\u00e9m de colagens de Piti Meinberg.<\/p>\n<p>O conjunto inclui ainda o Cabideiro Tarsila, de Aristeu Pires; a Cadeira Baqueta, de Marcelo Stefanovicz; e a linha Toys, de Barbara Bianchi e Nat\u00e1lia Heten.<\/p>\n<p>A disposi\u00e7\u00e3o das pe\u00e7as acompanha a circula\u00e7\u00e3o pelo ambiente e cria uma rela\u00e7\u00e3o entre os trabalhos e os elementos de arquitetura e design. Dessa forma, o visitante percorre o espa\u00e7o enquanto observa obras com diferentes t\u00e9cnicas e materiais.<\/p>\n<figure class=\"wp-block-gallery has-nested-images columns-default is-cropped wp-block-gallery-2 is-layout-flex wp-block-gallery-is-layout-flex\">\n<figure class=\"wp-block-image size-large\"><img data-recalc-dims=\"1\" loading=\"lazy\" decoding=\"async\" width=\"1024\" height=\"769\" data-id=\"173294\" src=\"https:\/\/i0.wp.com\/www.acidadeon.com\/ribeiraopreto\/wp-content\/uploads\/sites\/3\/2026\/09\/1000134713.jpg-1024x769.jpeg?resize=1024%2C769&#038;ssl=1\" alt=\"1000134713.jpg\" class=\"wp-image-173294\" title=\"Casacor Ribeir\u00e3o Preto 2026 recebe exposi\u00e7\u00e3o com obras de artistas ligados \u00e0 cidade 4\"><figcaption class=\"wp-element-caption\">Foto: Leonardo Cotrim<\/figcaption><\/figure>\n<figure class=\"wp-block-image size-large\"><img data-recalc-dims=\"1\" loading=\"lazy\" decoding=\"async\" width=\"1024\" height=\"964\" data-id=\"173295\" src=\"https:\/\/i0.wp.com\/www.acidadeon.com\/ribeiraopreto\/wp-content\/uploads\/sites\/3\/2026\/09\/1000134881.jpg-1024x964.jpeg?resize=1024%2C964&#038;ssl=1\" alt=\"1000134881.jpg\" class=\"wp-image-173295\" title=\"Casacor Ribeir\u00e3o Preto 2026 recebe exposi\u00e7\u00e3o com obras de artistas ligados \u00e0 cidade 5\"><figcaption class=\"wp-element-caption\">Foto: Leonardo Cotrim<\/figcaption><\/figure>\n<figure class=\"wp-block-image size-large\"><img data-recalc-dims=\"1\" loading=\"lazy\" decoding=\"async\" width=\"1024\" height=\"771\" data-id=\"173296\" src=\"https:\/\/i0.wp.com\/www.acidadeon.com\/ribeiraopreto\/wp-content\/uploads\/sites\/3\/2026\/09\/1000134716.jpg-1024x771.jpeg?resize=1024%2C771&#038;ssl=1\" alt=\"1000134716.jpg\" class=\"wp-image-173296\" title=\"Casacor Ribeir\u00e3o Preto 2026 recebe exposi\u00e7\u00e3o com obras de artistas ligados \u00e0 cidade 6\"><figcaption class=\"wp-element-caption\">Foto: Leonardo Cotrim<\/figcaption><\/figure>\n<\/figure>\n<hr class=\"wp-block-separator has-alpha-channel-opacity\">\n<p class=\"has-text-align-center has-small-font-size\"><em>Fa\u00e7a uma den\u00fancia ou sugira uma reportagem sobre\u00a0<strong>Ribeir\u00e3o Preto\u00a0<\/strong>e regi\u00e3o por meio do WhatsApp do\u00a0<strong>acidade on Ribeir\u00e3o<\/strong>: (16) 99117-7802.<\/em><\/p>\n<h2 class=\"wp-block-heading\"><strong><mark class=\"has-inline-color has-white-color\">Casacor<\/mark><\/strong><\/h2>\n<p>O post Casacor Ribeir\u00e3o Preto 2026 recebe exposi\u00e7\u00e3o com obras de artistas ligados \u00e0 cidade apareceu primeiro em ACidade ON Ribeir\u00e3o Preto.<\/p>\n<p><br \/>\n<br \/><a href=\"https:\/\/www.acidadeon.com\/ribeiraopreto\/lazer-e-cultura\/casacor-ribeirao-preto-2026-recebe-exposicao-com-obras-de-artistas-ligados-a-cidade\/\">Link para o texto original aqui <\/a><\/p>\n<!-- CONTENT END 1 -->\n","protected":false},"excerpt":{"rendered":"<p>A Casacor Ribeir\u00e3o Preto 2026 recebe uma exposi\u00e7\u00e3o coletiva organizada pela Casa Cotrim Galeria, com obras de artistas ligados \u00e0 cidade e trabalhos que exploram&#8230;<\/p>\n","protected":false},"author":1,"featured_media":90917,"comment_status":"","ping_status":"","sticky":false,"template":"","format":"standard","meta":{"advanced_seo_description":"","jetpack_seo_html_title":"","jetpack_seo_noindex":false,"jetpack_seo_schema_type":"","_jetpack_newsletter_access":"","_jetpack_dont_email_post_to_subs":false,"_jetpack_newsletter_tier_id":0,"_jetpack_memberships_contains_paywalled_content":false,"_jetpack_feature_clip_id":0,"_jetpack_memberships_contains_paid_content":false,"footnotes":"","jetpack_publicize_message":"","jetpack_publicize_feature_enabled":true,"jetpack_social_post_already_shared":true,"jetpack_social_options":{"image_generator_settings":{"template":"highway","default_image_id":0,"font":"","enabled":false},"version":2},"jetpack_post_was_ever_published":false},"categories":[11],"tags":[3416,289,8863,273,3189,8864,1059,27,407,26],"class_list":["post-90916","post","type-post","status-publish","format-standard","has-post-thumbnail","hentry","category-noticias-de-ribeirao-preto-sp-e-regiao-ismael-colosi","tag-artistas","tag-casa","tag-casacor","tag-cidade","tag-exposicao","tag-ligados","tag-obras","tag-preto","tag-recebe","tag-ribeirao"],"jetpack_publicize_connections":[],"jetpack-related-posts":[{"id":73549,"url":"https:\/\/noticiasribeiraopreto.com.br\/index.php\/2025\/07\/04\/casacor-antecipa-programacao-e-inaugura-exposicao-gratuita-em-ribeirao-preto\/","url_meta":{"origin":90916,"position":0},"title":"Casacor antecipa programa\u00e7\u00e3o e inaugura exposi\u00e7\u00e3o gratuita em Ribeir\u00e3o Preto","author":"noticiasribeiraopreto.com.br","date":"4 de July de 2025","format":false,"excerpt":"A 7\u00aa edi\u00e7\u00e3o da Casacor Ribeir\u00e3o Preto ainda n\u00e3o come\u00e7ou oficialmente, contudo, j\u00e1 movimenta o cen\u00e1rio cultural do munic\u00edpio. Como parte das a\u00e7\u00f5es que antecedem o evento, a exposi\u00e7\u00e3o \u201cCaminho se conhece andando\u201d segue acontecendo no lobby do Hotel Tryp, localizado no Jardim Nova Alian\u00e7a. A visita\u00e7\u00e3o \u00e9 gratuita e\u2026","rel":"","context":"In &quot;Not\u00edcias de Ribeir\u00e3o Preto-SP e Regi\u00e3o&quot;","block_context":{"text":"Not\u00edcias de Ribeir\u00e3o Preto-SP e Regi\u00e3o","link":"https:\/\/noticiasribeiraopreto.com.br\/index.php\/category\/noticias-de-ribeirao-preto-sp-e-regiao-ismael-colosi\/"},"img":{"alt_text":"","src":"https:\/\/i0.wp.com\/noticiasribeiraopreto.com.br\/wp-content\/uploads\/2025\/07\/Copia-de-Copia-de-Copia-de-TAMANHO-EXATO-PARA-FOTOS-NO-SISTEMA-NOVO-2025-07-04T111912.635_2025-07-04_14-19-19.webp.webp?fit=1200%2C675&ssl=1&resize=350%2C200","width":350,"height":200,"srcset":"https:\/\/i0.wp.com\/noticiasribeiraopreto.com.br\/wp-content\/uploads\/2025\/07\/Copia-de-Copia-de-Copia-de-TAMANHO-EXATO-PARA-FOTOS-NO-SISTEMA-NOVO-2025-07-04T111912.635_2025-07-04_14-19-19.webp.webp?fit=1200%2C675&ssl=1&resize=350%2C200 1x, https:\/\/i0.wp.com\/noticiasribeiraopreto.com.br\/wp-content\/uploads\/2025\/07\/Copia-de-Copia-de-Copia-de-TAMANHO-EXATO-PARA-FOTOS-NO-SISTEMA-NOVO-2025-07-04T111912.635_2025-07-04_14-19-19.webp.webp?fit=1200%2C675&ssl=1&resize=525%2C300 1.5x, https:\/\/i0.wp.com\/noticiasribeiraopreto.com.br\/wp-content\/uploads\/2025\/07\/Copia-de-Copia-de-Copia-de-TAMANHO-EXATO-PARA-FOTOS-NO-SISTEMA-NOVO-2025-07-04T111912.635_2025-07-04_14-19-19.webp.webp?fit=1200%2C675&ssl=1&resize=700%2C400 2x, https:\/\/i0.wp.com\/noticiasribeiraopreto.com.br\/wp-content\/uploads\/2025\/07\/Copia-de-Copia-de-Copia-de-TAMANHO-EXATO-PARA-FOTOS-NO-SISTEMA-NOVO-2025-07-04T111912.635_2025-07-04_14-19-19.webp.webp?fit=1200%2C675&ssl=1&resize=1050%2C600 3x"},"classes":[]},{"id":73430,"url":"https:\/\/noticiasribeiraopreto.com.br\/index.php\/2025\/07\/02\/ribeirao-preto-recebe-exposicao-gratuita-sobre-a-arte-e-poesia-de-gastao-debreix-veja-quando\/","url_meta":{"origin":90916,"position":1},"title":"Ribeir\u00e3o Preto recebe exposi\u00e7\u00e3o gratuita sobre a arte e poesia de Gast\u00e3o Debreix; veja quando","author":"noticiasribeiraopreto.com.br","date":"2 de July de 2025","format":false,"excerpt":"A Casa Cotrim Belas Artes, em Ribeir\u00e3o Preto, abre as portas a partir desta ter\u00e7a-feira (2), \u00e0s 19h, para receber a exposi\u00e7\u00e3o \u201cFACT\u00d3TUM\u201d, do poeta visual e multiartista Gast\u00e3o Debreix. A entrada \u00e9 gratuita e a mostra permanece em cartaz at\u00e9 o dia 25 de julho. Quem \u00e9 o artista?\u2026","rel":"","context":"In &quot;Not\u00edcias de Ribeir\u00e3o Preto-SP e Regi\u00e3o&quot;","block_context":{"text":"Not\u00edcias de Ribeir\u00e3o Preto-SP e Regi\u00e3o","link":"https:\/\/noticiasribeiraopreto.com.br\/index.php\/category\/noticias-de-ribeirao-preto-sp-e-regiao-ismael-colosi\/"},"img":{"alt_text":"","src":"https:\/\/i0.wp.com\/noticiasribeiraopreto.com.br\/wp-content\/uploads\/2025\/07\/Retrato-Gastao-foto-Aline-Furlanetto-_2025-07-02_12-39-46.webp.webp?fit=1200%2C800&ssl=1&resize=350%2C200","width":350,"height":200,"srcset":"https:\/\/i0.wp.com\/noticiasribeiraopreto.com.br\/wp-content\/uploads\/2025\/07\/Retrato-Gastao-foto-Aline-Furlanetto-_2025-07-02_12-39-46.webp.webp?fit=1200%2C800&ssl=1&resize=350%2C200 1x, https:\/\/i0.wp.com\/noticiasribeiraopreto.com.br\/wp-content\/uploads\/2025\/07\/Retrato-Gastao-foto-Aline-Furlanetto-_2025-07-02_12-39-46.webp.webp?fit=1200%2C800&ssl=1&resize=525%2C300 1.5x, https:\/\/i0.wp.com\/noticiasribeiraopreto.com.br\/wp-content\/uploads\/2025\/07\/Retrato-Gastao-foto-Aline-Furlanetto-_2025-07-02_12-39-46.webp.webp?fit=1200%2C800&ssl=1&resize=700%2C400 2x, https:\/\/i0.wp.com\/noticiasribeiraopreto.com.br\/wp-content\/uploads\/2025\/07\/Retrato-Gastao-foto-Aline-Furlanetto-_2025-07-02_12-39-46.webp.webp?fit=1200%2C800&ssl=1&resize=1050%2C600 3x"},"classes":[]},{"id":82746,"url":"https:\/\/noticiasribeiraopreto.com.br\/index.php\/2026\/02\/25\/casacor-ribeirao-preto-anuncia-novo-endereco-em-imovel-no-jardim-sumare\/","url_meta":{"origin":90916,"position":2},"title":"Casacor Ribeir\u00e3o Preto anuncia novo endere\u00e7o em im\u00f3vel no Jardim Sumar\u00e9","author":"noticiasribeiraopreto.com.br","date":"25 de February de 2026","format":false,"excerpt":"A Casacor Ribeir\u00e3o Preto definiu o im\u00f3vel que receber\u00e1 sua 8\u00aa edi\u00e7\u00e3o. A casa que vai receber a mostra, entre 25 de agosto e 12 de outubro, fica na avenida Sumar\u00e9, 590, no Jardim Sumar\u00e9. Projetada na d\u00e9cada de 1980 pelo arquiteto Marcos Tomanik, a casa tem cerca de 2\u2026","rel":"","context":"In &quot;Not\u00edcias de Ribeir\u00e3o Preto-SP e Regi\u00e3o&quot;","block_context":{"text":"Not\u00edcias de Ribeir\u00e3o Preto-SP e Regi\u00e3o","link":"https:\/\/noticiasribeiraopreto.com.br\/index.php\/category\/noticias-de-ribeirao-preto-sp-e-regiao-ismael-colosi\/"},"img":{"alt_text":"","src":"https:\/\/i0.wp.com\/noticiasribeiraopreto.com.br\/wp-content\/uploads\/2026\/02\/casacor-2026_2026-02-24_19-21-27.webp.webp?fit=960%2C576&ssl=1&resize=350%2C200","width":350,"height":200,"srcset":"https:\/\/i0.wp.com\/noticiasribeiraopreto.com.br\/wp-content\/uploads\/2026\/02\/casacor-2026_2026-02-24_19-21-27.webp.webp?fit=960%2C576&ssl=1&resize=350%2C200 1x, https:\/\/i0.wp.com\/noticiasribeiraopreto.com.br\/wp-content\/uploads\/2026\/02\/casacor-2026_2026-02-24_19-21-27.webp.webp?fit=960%2C576&ssl=1&resize=525%2C300 1.5x, https:\/\/i0.wp.com\/noticiasribeiraopreto.com.br\/wp-content\/uploads\/2026\/02\/casacor-2026_2026-02-24_19-21-27.webp.webp?fit=960%2C576&ssl=1&resize=700%2C400 2x"},"classes":[]},{"id":56973,"url":"https:\/\/noticiasribeiraopreto.com.br\/index.php\/2024\/08\/19\/mostra-casacor-ribeirao-preto-2024-comeca-nesta-terca-feira\/","url_meta":{"origin":90916,"position":3},"title":"Mostra Casacor Ribeir\u00e3o Preto 2024 come\u00e7a nesta ter\u00e7a-feira","author":"noticiasribeiraopreto.com.br","date":"19 de August de 2024","format":false,"excerpt":"Expondo mais de 30 ambientes com tend\u00eancias de arquitetura, design de interiores e paisagismo, a edi\u00e7\u00e3o 2024 da Casacor Ribeir\u00e3o Preto ser\u00e1 aberta nesta ter\u00e7a-feira (20). A mostra, que tem como tema \u201cDe Presente o Agora\u201d, segue at\u00e9 o dia 20 de outubro. Solu\u00e7\u00f5es sustent\u00e1veis, tecnol\u00f3gicas, arte e paisagismo tamb\u00e9m\u2026","rel":"","context":"In &quot;Not\u00edcias de Ribeir\u00e3o Preto-SP e Regi\u00e3o&quot;","block_context":{"text":"Not\u00edcias de Ribeir\u00e3o Preto-SP e Regi\u00e3o","link":"https:\/\/noticiasribeiraopreto.com.br\/index.php\/category\/noticias-de-ribeirao-preto-sp-e-regiao-ismael-colosi\/"},"img":{"alt_text":"","src":"https:\/\/i0.wp.com\/noticiasribeiraopreto.com.br\/wp-content\/uploads\/2024\/08\/casacor_2024-08-19_20-15-08_jpeg_2024-08-19_20-15-08.webp.webp?fit=1200%2C800&ssl=1&resize=350%2C200","width":350,"height":200,"srcset":"https:\/\/i0.wp.com\/noticiasribeiraopreto.com.br\/wp-content\/uploads\/2024\/08\/casacor_2024-08-19_20-15-08_jpeg_2024-08-19_20-15-08.webp.webp?fit=1200%2C800&ssl=1&resize=350%2C200 1x, https:\/\/i0.wp.com\/noticiasribeiraopreto.com.br\/wp-content\/uploads\/2024\/08\/casacor_2024-08-19_20-15-08_jpeg_2024-08-19_20-15-08.webp.webp?fit=1200%2C800&ssl=1&resize=525%2C300 1.5x, https:\/\/i0.wp.com\/noticiasribeiraopreto.com.br\/wp-content\/uploads\/2024\/08\/casacor_2024-08-19_20-15-08_jpeg_2024-08-19_20-15-08.webp.webp?fit=1200%2C800&ssl=1&resize=700%2C400 2x, https:\/\/i0.wp.com\/noticiasribeiraopreto.com.br\/wp-content\/uploads\/2024\/08\/casacor_2024-08-19_20-15-08_jpeg_2024-08-19_20-15-08.webp.webp?fit=1200%2C800&ssl=1&resize=1050%2C600 3x"},"classes":[]},{"id":78562,"url":"https:\/\/noticiasribeiraopreto.com.br\/index.php\/2025\/10\/13\/casacor-ribeirao-preto-encerra-edicao-com-premiacao-dos-melhores-ambientes-e-profissionais-confira\/","url_meta":{"origin":90916,"position":4},"title":"Casacor Ribeir\u00e3o Preto encerra edi\u00e7\u00e3o com premia\u00e7\u00e3o dos melhores ambientes e profissionais; Confira","author":"noticiasribeiraopreto.com.br","date":"13 de October de 2025","format":false,"excerpt":"A 7\u00aa edi\u00e7\u00e3o da Casacor Ribeir\u00e3o Preto terminou neste final e reuniu cerca de 15 mil visitantes, segundo a organiza\u00e7\u00e3o. O evento aconteceu em dois im\u00f3veis integrados no bairro Alto da Boa Vista, na zona Sul da cidade. A mostra apresentou o tema \u201cSemear Sonhos\u201d, reunindo mais de 45 profissionais\u2026","rel":"","context":"In &quot;Not\u00edcias de Ribeir\u00e3o Preto-SP e Regi\u00e3o&quot;","block_context":{"text":"Not\u00edcias de Ribeir\u00e3o Preto-SP e Regi\u00e3o","link":"https:\/\/noticiasribeiraopreto.com.br\/index.php\/category\/noticias-de-ribeirao-preto-sp-e-regiao-ismael-colosi\/"},"img":{"alt_text":"","src":"https:\/\/i0.wp.com\/noticiasribeiraopreto.com.br\/wp-content\/uploads\/2025\/10\/d85aa5fa4f75d62098d4cde53283db42_2025-10-13_20-32-35.webp.webp?fit=1200%2C800&ssl=1&resize=350%2C200","width":350,"height":200,"srcset":"https:\/\/i0.wp.com\/noticiasribeiraopreto.com.br\/wp-content\/uploads\/2025\/10\/d85aa5fa4f75d62098d4cde53283db42_2025-10-13_20-32-35.webp.webp?fit=1200%2C800&ssl=1&resize=350%2C200 1x, https:\/\/i0.wp.com\/noticiasribeiraopreto.com.br\/wp-content\/uploads\/2025\/10\/d85aa5fa4f75d62098d4cde53283db42_2025-10-13_20-32-35.webp.webp?fit=1200%2C800&ssl=1&resize=525%2C300 1.5x, https:\/\/i0.wp.com\/noticiasribeiraopreto.com.br\/wp-content\/uploads\/2025\/10\/d85aa5fa4f75d62098d4cde53283db42_2025-10-13_20-32-35.webp.webp?fit=1200%2C800&ssl=1&resize=700%2C400 2x, https:\/\/i0.wp.com\/noticiasribeiraopreto.com.br\/wp-content\/uploads\/2025\/10\/d85aa5fa4f75d62098d4cde53283db42_2025-10-13_20-32-35.webp.webp?fit=1200%2C800&ssl=1&resize=1050%2C600 3x"},"classes":[]},{"id":88914,"url":"https:\/\/noticiasribeiraopreto.com.br\/index.php\/2026\/07\/27\/exposicao-com-entrada-gratuita-reune-obras-e-lancamento-literario-em-galeria-de-ribeirao-preto\/","url_meta":{"origin":90916,"position":5},"title":"Exposi\u00e7\u00e3o com entrada gratuita re\u00fane obras e lan\u00e7amento liter\u00e1rio em galeria de Ribeir\u00e3o Preto","author":"noticiasribeiraopreto.com.br","date":"27 de July de 2026","format":false,"excerpt":"A Galeria Casa Cotrim sedia em Ribeir\u00e3o Preto a exposi\u00e7\u00e3o e o evento de lan\u00e7amento \u201cCr\u00f4nicas & Colagens\u201d, dos artistas Piti Meinberg e Renato Andrade. A visita\u00e7\u00e3o p\u00fablica acontece at\u00e9 o dia 4 de agosto, com entrada gratuita. O hor\u00e1rio de funcionamento \u00e9 da ter\u00e7a-feira a sexta, das 14h \u00e0s\u2026","rel":"","context":"In &quot;Not\u00edcias de Ribeir\u00e3o Preto-SP e Regi\u00e3o&quot;","block_context":{"text":"Not\u00edcias de Ribeir\u00e3o Preto-SP e Regi\u00e3o","link":"https:\/\/noticiasribeiraopreto.com.br\/index.php\/category\/noticias-de-ribeirao-preto-sp-e-regiao-ismael-colosi\/"},"img":{"alt_text":"","src":"https:\/\/i0.wp.com\/noticiasribeiraopreto.com.br\/wp-content\/uploads\/2026\/07\/Exposicao-reune-obras-e-lancamento-literario-em-Ribeirao-Preto.jpeg?fit=1200%2C655&ssl=1&resize=350%2C200","width":350,"height":200,"srcset":"https:\/\/i0.wp.com\/noticiasribeiraopreto.com.br\/wp-content\/uploads\/2026\/07\/Exposicao-reune-obras-e-lancamento-literario-em-Ribeirao-Preto.jpeg?fit=1200%2C655&ssl=1&resize=350%2C200 1x, https:\/\/i0.wp.com\/noticiasribeiraopreto.com.br\/wp-content\/uploads\/2026\/07\/Exposicao-reune-obras-e-lancamento-literario-em-Ribeirao-Preto.jpeg?fit=1200%2C655&ssl=1&resize=525%2C300 1.5x, https:\/\/i0.wp.com\/noticiasribeiraopreto.com.br\/wp-content\/uploads\/2026\/07\/Exposicao-reune-obras-e-lancamento-literario-em-Ribeirao-Preto.jpeg?fit=1200%2C655&ssl=1&resize=700%2C400 2x, https:\/\/i0.wp.com\/noticiasribeiraopreto.com.br\/wp-content\/uploads\/2026\/07\/Exposicao-reune-obras-e-lancamento-literario-em-Ribeirao-Preto.jpeg?fit=1200%2C655&ssl=1&resize=1050%2C600 3x"},"classes":[]}],"jetpack_sharing_enabled":true,"jetpack_shortlink":"https:\/\/wp.me\/peQAOb-nEo","jetpack_featured_media_url":"https:\/\/i0.wp.com\/noticiasribeiraopreto.com.br\/wp-content\/uploads\/2026\/09\/casacor-2026.jpg?fit=1200%2C675&ssl=1","_links":{"self":[{"href":"https:\/\/noticiasribeiraopreto.com.br\/index.php\/wp-json\/wp\/v2\/posts\/90916","targetHints":{"allow":["GET"]}}],"collection":[{"href":"https:\/\/noticiasribeiraopreto.com.br\/index.php\/wp-json\/wp\/v2\/posts"}],"about":[{"href":"https:\/\/noticiasribeiraopreto.com.br\/index.php\/wp-json\/wp\/v2\/types\/post"}],"author":[{"embeddable":true,"href":"https:\/\/noticiasribeiraopreto.com.br\/index.php\/wp-json\/wp\/v2\/users\/1"}],"replies":[{"embeddable":true,"href":"https:\/\/noticiasribeiraopreto.com.br\/index.php\/wp-json\/wp\/v2\/comments?post=90916"}],"version-history":[{"count":0,"href":"https:\/\/noticiasribeiraopreto.com.br\/index.php\/wp-json\/wp\/v2\/posts\/90916\/revisions"}],"wp:featuredmedia":[{"embeddable":true,"href":"https:\/\/noticiasribeiraopreto.com.br\/index.php\/wp-json\/wp\/v2\/media\/90917"}],"wp:attachment":[{"href":"https:\/\/noticiasribeiraopreto.com.br\/index.php\/wp-json\/wp\/v2\/media?parent=90916"}],"wp:term":[{"taxonomy":"category","embeddable":true,"href":"https:\/\/noticiasribeiraopreto.com.br\/index.php\/wp-json\/wp\/v2\/categories?post=90916"},{"taxonomy":"post_tag","embeddable":true,"href":"https:\/\/noticiasribeiraopreto.com.br\/index.php\/wp-json\/wp\/v2\/tags?post=90916"}],"curies":[{"name":"wp","href":"https:\/\/api.w.org\/{rel}","templated":true}]}}