{"id":90919,"date":"2026-09-01T16:47:05","date_gmt":"2026-09-01T19:47:05","guid":{"rendered":"https:\/\/noticiasribeiraopreto.com.br\/index.php\/2026\/09\/01\/fe-e-esperanca-podem-fortalecer-a-saude-mental\/"},"modified":"2026-09-01T16:47:05","modified_gmt":"2026-09-01T19:47:05","slug":"fe-e-esperanca-podem-fortalecer-a-saude-mental","status":"publish","type":"post","link":"https:\/\/noticiasribeiraopreto.com.br\/index.php\/2026\/09\/01\/fe-e-esperanca-podem-fortalecer-a-saude-mental\/","title":{"rendered":"F\u00e9 e esperan\u00e7a podem fortalecer a sa\u00fade mental"},"content":{"rendered":"<div class='code-block code-block-1' style='margin: 8px 0 8px auto; text-align: right; display: block; clear: both;'>\n<p><a href=\"https:\/\/wa.link\/vpicfd\"><img data-recalc-dims=\"1\" class=\"wp-image-4922\" style=\"aspect-ratio: 2.0253164556962027; width: 561px; height: auto;\" src=\"https:\/\/i0.wp.com\/ismaelcolosi.com.br\/wp-content\/uploads\/2023\/11\/grupo-de-empregos-whatsapp-e-facebook-ismael-colosi-vagas.jpg?ssl=1\" alt=\"\" \/><\/a><\/p>\n<!-- \/wp:image -->\n<\/div>\n<p> <br \/>\n<\/p>\n<p>Qual \u00e9 o papel da f\u00e9 nos momentos de ansiedade, sofrimento e dificuldade? E como diferenciar uma quest\u00e3o espiritual de uma condi\u00e7\u00e3o que precisa de acompanhamento psicol\u00f3gico ou psiqui\u00e1trico? Esses foram alguns dos temas do <strong>Pod Falar Fam\u00edlia<\/strong>, apresentado por Andr\u00e9a Vitaliano, que recebeu o Padre Kl\u00e9ber para uma conversa sobre espiritualidade, sa\u00fade mental, esperan\u00e7a e prop\u00f3sito.<\/p>\n<p>Durante o bate-papo, Padre Kl\u00e9ber compartilhou sua trajet\u00f3ria religiosa e contou que percebeu sua voca\u00e7\u00e3o para o sacerd\u00f3cio aos 18 anos. Ap\u00f3s um per\u00edodo de discernimento, ingressou no semin\u00e1rio em 1996 e passou pela forma\u00e7\u00e3o em Filosofia e Teologia. Hoje, soma mais de 23 anos de sacerd\u00f3cio.<\/p>\n<h2 class=\"wp-block-heading\">M\u00fasica como instrumento de f\u00e9<\/h2>\n<p>A m\u00fasica tamb\u00e9m ocupa um espa\u00e7o importante em sua trajet\u00f3ria. Padre Kl\u00e9ber contou que canta desde a inf\u00e2ncia e que buscou aperfei\u00e7oamento por meio de anos de aulas de t\u00e9cnica vocal.<\/p>\n<p>Para ele, cantar durante momentos de ora\u00e7\u00e3o vai al\u00e9m de uma apresenta\u00e7\u00e3o musical. A escolha das can\u00e7\u00f5es e a forma de conduzi-las fazem parte de sua experi\u00eancia de f\u00e9 e de seu trabalho junto \u00e0 comunidade.<\/p>\n<p>Na conversa, Andr\u00e9a relacionou a m\u00fasica ao bem-estar emocional e \u00e0 capacidade de determinadas experi\u00eancias contribu\u00edrem para mudan\u00e7as no estado de humor.<\/p>\n<h3 class=\"wp-block-heading\">Sa\u00fade mental e espiritualidade precisam ser diferenciadas<\/h3>\n<p>Um dos pontos centrais da entrevista foi a necessidade de distinguir quest\u00f5es relacionadas \u00e0 sa\u00fade mental de experi\u00eancias interpretadas como espirituais.<\/p>\n<p>Padre Kl\u00e9ber, que est\u00e1 assumindo uma nova miss\u00e3o como exorcista na Arquidiocese, explicou que o trabalho come\u00e7a pelo acolhimento, pela escuta e pelo acompanhamento. Segundo ele, situa\u00e7\u00f5es consideradas extraordin\u00e1rias dentro da f\u00e9 s\u00e3o raras e \u00e9 necess\u00e1rio avaliar cada caso com cuidado.<\/p>\n<p>Quando existem sinais de que a demanda pode estar relacionada \u00e0 sa\u00fade emocional ou mental, a orienta\u00e7\u00e3o \u00e9 procurar profissionais especializados, como psic\u00f3logos e psiquiatras.<\/p>\n<p>O religioso destacou que o acompanhamento espiritual n\u00e3o deve substituir os cuidados de sa\u00fade. Pelo contr\u00e1rio: cada \u00e1rea deve atuar dentro de sua compet\u00eancia para ajudar a pessoa a encontrar o suporte adequado.<\/p>\n<h3 class=\"wp-block-heading\">Ansiedade exige aten\u00e7\u00e3o e cuidado<\/h3>\n<p>A entrevista tamb\u00e9m abordou as crises de ansiedade e o risco de interpretar sintomas de sa\u00fade mental exclusivamente como quest\u00f5es espirituais.<\/p>\n<p>Padre Kl\u00e9ber refor\u00e7ou que, quando percebe situa\u00e7\u00f5es que podem demandar outro tipo de acompanhamento, procura orientar a pessoa a buscar ajuda profissional, enquanto o trabalho pastoral continua voltado \u00e0 espiritualidade.<\/p>\n<p>A conversa destaca, assim, a import\u00e2ncia de compreender que <strong>f\u00e9 e cuidado com a sa\u00fade mental podem caminhar juntos<\/strong>, respeitando os limites e a atua\u00e7\u00e3o de cada \u00e1rea.<\/p>\n<h3 class=\"wp-block-heading\">Perd\u00e3o e o processo de seguir em frente<\/h3>\n<p>Outro tema abordado foi o perd\u00e3o. Para Padre Kl\u00e9ber, perdoar n\u00e3o significa considerar correto aquilo que causou sofrimento, mas fazer uma escolha para n\u00e3o permanecer preso ao ressentimento, \u00e0 raiva ou ao desejo de vingan\u00e7a.<\/p>\n<p>O religioso ressaltou ainda que as feridas emocionais possuem tempos diferentes de recupera\u00e7\u00e3o. Por isso, \u00e9 necess\u00e1rio respeitar os processos individuais e compreender que determinadas dores n\u00e3o desaparecem imediatamente.<\/p>\n<h3 class=\"wp-block-heading\">F\u00e9 e esperan\u00e7a diante das dificuldades<\/h3>\n<p>Ao falar sobre sofrimento e frustra\u00e7\u00f5es, Padre Kl\u00e9ber destacou que a f\u00e9 crist\u00e3 n\u00e3o significa uma vida sem dificuldades. Para ele, a espiritualidade pode ajudar a encontrar sentido e for\u00e7a para atravessar momentos desafiadores.<\/p>\n<p>F\u00e9, esperan\u00e7a e caridade foram apresentadas durante a conversa como virtudes que podem ser cultivadas ao longo da vida e tamb\u00e9m ensinadas desde a inf\u00e2ncia.<\/p>\n<p>O religioso ressaltou a import\u00e2ncia da participa\u00e7\u00e3o das crian\u00e7as na comunidade e citou pequenas atitudes, como aprender a compartilhar, como formas de trabalhar valores desde cedo.<\/p>\n<h3 class=\"wp-block-heading\">Cuidar do corpo, da mente e da espiritualidade<\/h3>\n<p>Padre Kl\u00e9ber tamb\u00e9m falou sobre sua pr\u00f3pria rotina de autocuidado. Al\u00e9m da espiritualidade, procura manter uma boa alimenta\u00e7\u00e3o, praticar atividades f\u00edsicas, cultivar hobbies, fazer boas leituras e respeitar momentos de descanso.<\/p>\n<p>Para ele, reconhecer a necessidade de fazer pausas \u00e9 fundamental diante de uma rotina exigente.<\/p>\n<p>A mensagem deixada pela conversa \u00e9 de cuidado integral: olhar para a sa\u00fade f\u00edsica, emocional e espiritual, respeitar os pr\u00f3prios processos e n\u00e3o ter receio de procurar ajuda quando necess\u00e1rio.<\/p>\n<p>No encerramento do programa, Padre Kl\u00e9ber fez uma ora\u00e7\u00e3o pelas fam\u00edlias e deixou uma mensagem de f\u00e9 e esperan\u00e7a para quem enfrenta dificuldades, refor\u00e7ando a import\u00e2ncia do acolhimento e da busca por apoio nos momentos de maior vulnerabilidade.<\/p>\n<figure class=\"wp-block-embed is-type-video is-provider-youtube wp-block-embed-youtube wp-embed-aspect-16-9 wp-has-aspect-ratio\">\n<div class=\"wp-block-embed__wrapper\">\n<\/div>\n<\/figure>\n<p>Links<\/p>\n<p>Site <a href=\"https:\/\/www.youtube.com\/redirect?event=channel_description&amp;redir_token=QUFFLUhqbWJqOVJ4MXBubXIyQ0dtc0JVc0FDVUZNRE9ZZ3xBQ3Jtc0tuLXNPR1VEN3VRRV84dzV6RkpUSmMzUzV1cXZUNUhoUkJ4VHNVYXZZU01uZWt3d0d5NzlxTXVwanpiblpCa1JfamhaWGJGeVNRMmpWMnh2aHlFU1RfZ3RlcU43ZjFEcThfN0dZelg1Wi0tVWtJbTdjTQ&amp;q=https%3A%2F%2Fwww.familiaprever.com.br%2F\" target=\"_blank\" rel=\"noreferrer noopener\">familiaprever.com.br<\/a><\/p>\n<p>Instagram <a href=\"https:\/\/www.youtube.com\/redirect?event=channel_description&amp;redir_token=QUFFLUhqbVo3MjRWcWlMbHNNSWMzdkZsS3NOQXVlTkNBUXxBQ3Jtc0ttWDVCOTlNTkh1MHVpNzMwQ29BUXoyMDlwNkQ0LUtJUGJVUTF2Q0E4Wjk1NTk1c0hxbk80d0VyRE1FUEtmZEpucjNhaDE4bFA1ZGljdHpqRWRBcWFtOFEwalRlbzcwYmxXY2JOZ0RSNm1rTEo1NjRrRQ&amp;q=https%3A%2F%2Fwww.instagram.com%2Fprevercamposeliseos%2F\" target=\"_blank\" rel=\"noreferrer noopener\">instagram.com\/prevercamposeliseos<\/a><\/p>\n<p>Twitter <a href=\"https:\/\/www.youtube.com\/redirect?event=channel_description&amp;redir_token=QUFFLUhqbGEzWTBYTnRSLXFMSzl6NVZDSE41Y0xYNzZwd3xBQ3Jtc0trdHlDajNpaUswYnp3T3RyZkw2Ujd0OUJFLWNrcktvX05PeFNpWVk2QTVFNHVpTzM3U3RiQjFhU2tHTUZWbGxBMlZsc2V5WTUyaklpWFRXM0E2cFRNZ0xYUG1tQllWYVo2azU1S3NNVlRVS3JteGNZZw&amp;q=https%3A%2F%2Ftwitter.com%2Ffamiliaprever\" target=\"_blank\" rel=\"noreferrer noopener\">twitter.com\/familiaprever<\/a><\/p>\n<p>Facebook <a href=\"https:\/\/www.youtube.com\/redirect?event=channel_description&amp;redir_token=QUFFLUhqa2luQnFib0VieXpYNXBEQWVwWmwwWlRZZjRmZ3xBQ3Jtc0trTHp3ZTU2dFh1dzRWZEd0SHpnQXhjMjVnSUd0X0ZRQTFqTDBJVU04Njc4b1oxeml0NzJSdG1JVHVnM3kwdFU0UlllQmdzc0x3ZEdvbXNYTUxyeUZtUlVvcU50eUJOUko1VUJKZF9tLXhNWUQxTzZkUQ&amp;q=https%3A%2F%2Fwww.facebook.com%2FFamiliaPrever%2F\" target=\"_blank\" rel=\"noreferrer noopener\">facebook.com\/FamiliaPrever<\/a><\/p>\n<p>Linkedin <a href=\"https:\/\/www.youtube.com\/redirect?event=channel_description&amp;redir_token=QUFFLUhqbjBnWl9JRnZsSDMzWUVfMmlJcmJ4aXJHWmhJZ3xBQ3Jtc0tuYlpYMVM2TFZ6ZnJnMElsVGhFazd3UEItWEduSldIOFQyVVFWemdxQUVGSWhQTW9ZMzlON005dDl6T2NUNUtFamNpSURSUUZJeXRPanZxWlV6aDVFcFNLOWlUQlR0SGJ2SC1VeE5KS19xRVhlV0V5dw&amp;q=https%3A%2F%2Fwww.linkedin.com%2Fcompany%2Ffamiliaprever%2F\" target=\"_blank\" rel=\"noreferrer noopener\">linkedin.com\/company\/familiaprever<\/a><\/p>\n<h3 class=\"wp-block-heading\">Leia Mais \u2013 Sa\u00fade mental e aposentadoria: entenda seus direitos<\/h3>\n<p>O post F\u00e9 e esperan\u00e7a podem fortalecer a sa\u00fade mental apareceu primeiro em ACidade ON Ribeir\u00e3o Preto.<\/p>\n<p><script async src=\"https:\/\/platform.twitter.com\/widgets.js\" charset=\"utf-8\"><\/script><script async src=\"\/\/www.instagram.com\/embed.js\"><\/script><br \/>\n<br \/><br \/>\n<br \/><a href=\"https:\/\/www.acidadeon.com\/ribeiraopreto\/conteudo-patrocinado\/momento-da-familia\/fe-e-esperanca-podem-fortalecer-a-saude-mental\/\">Link para o texto original aqui <\/a><\/p>\n<!-- CONTENT END 1 -->\n","protected":false},"excerpt":{"rendered":"<p>Qual \u00e9 o papel da f\u00e9 nos momentos de ansiedade, sofrimento e dificuldade? E como diferenciar uma quest\u00e3o espiritual de uma condi\u00e7\u00e3o que precisa de&#8230;<\/p>\n","protected":false},"author":1,"featured_media":90920,"comment_status":"","ping_status":"","sticky":false,"template":"","format":"standard","meta":{"advanced_seo_description":"","jetpack_seo_html_title":"","jetpack_seo_noindex":false,"jetpack_seo_schema_type":"","_jetpack_newsletter_access":"","_jetpack_dont_email_post_to_subs":false,"_jetpack_newsletter_tier_id":0,"_jetpack_memberships_contains_paywalled_content":false,"_jetpack_feature_clip_id":0,"_jetpack_memberships_contains_paid_content":false,"footnotes":"","jetpack_publicize_message":"","jetpack_publicize_feature_enabled":true,"jetpack_social_post_already_shared":true,"jetpack_social_options":{"image_generator_settings":{"template":"highway","default_image_id":0,"font":"","enabled":false},"version":2},"jetpack_post_was_ever_published":false},"categories":[11],"tags":[5790,1926,8865,2980,1214,158],"class_list":["post-90919","post","type-post","status-publish","format-standard","has-post-thumbnail","hentry","category-noticias-de-ribeirao-preto-sp-e-regiao-ismael-colosi","tag-esperanca","tag-fe","tag-fortalecer","tag-mental","tag-podem","tag-saude"],"jetpack_publicize_connections":[],"jetpack-related-posts":[{"id":88957,"url":"https:\/\/noticiasribeiraopreto.com.br\/index.php\/2026\/07\/28\/exorcista\/","url_meta":{"origin":90919,"position":0},"title":"Nomeado exorcista: Padre Kleber Explica os Novos Desafios","author":"noticiasribeiraopreto.com.br","date":"28 de July de 2026","format":false,"excerpt":"A Arquidiocese de Ribeir\u00e3o Preto passou a contar oficialmente com um padre exorcista para atuar no acompanhamento de casos que necessitam de discernimento espiritual. A miss\u00e3o foi confiada ao padre Kl\u00e9ber Tostes, nomeado pelo arcebispo Dom Moacir para exercer esse servi\u00e7o em toda a arquidiocese, que re\u00fane mais de 100\u2026","rel":"","context":"In &quot;Not\u00edcias de Ribeir\u00e3o Preto-SP e Regi\u00e3o&quot;","block_context":{"text":"Not\u00edcias de Ribeir\u00e3o Preto-SP e Regi\u00e3o","link":"https:\/\/noticiasribeiraopreto.com.br\/index.php\/category\/noticias-de-ribeirao-preto-sp-e-regiao-ismael-colosi\/"},"img":{"alt_text":"","src":"https:\/\/i0.wp.com\/noticiasribeiraopreto.com.br\/wp-content\/uploads\/2026\/07\/INFORME-ONTUDO-EP-INFORME-17.png?fit=1200%2C800&ssl=1&resize=350%2C200","width":350,"height":200,"srcset":"https:\/\/i0.wp.com\/noticiasribeiraopreto.com.br\/wp-content\/uploads\/2026\/07\/INFORME-ONTUDO-EP-INFORME-17.png?fit=1200%2C800&ssl=1&resize=350%2C200 1x, https:\/\/i0.wp.com\/noticiasribeiraopreto.com.br\/wp-content\/uploads\/2026\/07\/INFORME-ONTUDO-EP-INFORME-17.png?fit=1200%2C800&ssl=1&resize=525%2C300 1.5x, https:\/\/i0.wp.com\/noticiasribeiraopreto.com.br\/wp-content\/uploads\/2026\/07\/INFORME-ONTUDO-EP-INFORME-17.png?fit=1200%2C800&ssl=1&resize=700%2C400 2x, https:\/\/i0.wp.com\/noticiasribeiraopreto.com.br\/wp-content\/uploads\/2026\/07\/INFORME-ONTUDO-EP-INFORME-17.png?fit=1200%2C800&ssl=1&resize=1050%2C600 3x"},"classes":[]},{"id":89551,"url":"https:\/\/noticiasribeiraopreto.com.br\/index.php\/2026\/08\/07\/113a-festa-do-senhor-bom-jesus-da-lapa-reune-milhares-de-fieis\/","url_meta":{"origin":90919,"position":1},"title":"113\u00aa Festa do Senhor Bom Jesus da Lapa re\u00fane milhares de fi\u00e9is","author":"noticiasribeiraopreto.com.br","date":"7 de August de 2026","format":false,"excerpt":"A f\u00e9 que renova a esperan\u00e7a marcou a 113\u00aa Festa do Senhor Bom Jesus da Lapa, realizada em Jardin\u00f3polis (SP). Em mais uma edi\u00e7\u00e3o de uma das celebra\u00e7\u00f5es religiosas mais tradicionais da regi\u00e3o, milhares de peregrinos passaram pelo santu\u00e1rio ao longo dos dias de programa\u00e7\u00e3o para agradecer gra\u00e7as alcan\u00e7adas, fazer\u2026","rel":"","context":"In &quot;Not\u00edcias de Ribeir\u00e3o Preto-SP e Regi\u00e3o&quot;","block_context":{"text":"Not\u00edcias de Ribeir\u00e3o Preto-SP e Regi\u00e3o","link":"https:\/\/noticiasribeiraopreto.com.br\/index.php\/category\/noticias-de-ribeirao-preto-sp-e-regiao-ismael-colosi\/"},"img":{"alt_text":"","src":"https:\/\/i0.wp.com\/noticiasribeiraopreto.com.br\/wp-content\/uploads\/2026\/08\/Foto-1.jpeg?fit=1200%2C670&ssl=1&resize=350%2C200","width":350,"height":200,"srcset":"https:\/\/i0.wp.com\/noticiasribeiraopreto.com.br\/wp-content\/uploads\/2026\/08\/Foto-1.jpeg?fit=1200%2C670&ssl=1&resize=350%2C200 1x, https:\/\/i0.wp.com\/noticiasribeiraopreto.com.br\/wp-content\/uploads\/2026\/08\/Foto-1.jpeg?fit=1200%2C670&ssl=1&resize=525%2C300 1.5x, https:\/\/i0.wp.com\/noticiasribeiraopreto.com.br\/wp-content\/uploads\/2026\/08\/Foto-1.jpeg?fit=1200%2C670&ssl=1&resize=700%2C400 2x, https:\/\/i0.wp.com\/noticiasribeiraopreto.com.br\/wp-content\/uploads\/2026\/08\/Foto-1.jpeg?fit=1200%2C670&ssl=1&resize=1050%2C600 3x"},"classes":[]},{"id":49886,"url":"https:\/\/noticiasribeiraopreto.com.br\/index.php\/2024\/05\/13\/estrelado-por-hilary-swank-e-baseado-em-uma-historia-real-uma-vida-de-esperanca-ganha-trailer\/","url_meta":{"origin":90919,"position":2},"title":"Estrelado por Hilary Swank e baseado em uma hist\u00f3ria real, &#8216;Uma Vida de Esperan\u00e7a&#8217; ganha trailer","author":"noticiasribeiraopreto.com.br","date":"13 de May de 2024","format":false,"excerpt":"Casa \/ Cinema \/ Estrelado por Hilary Swank e baseado em uma hist\u00f3ria real, \u2018Uma Vida de Esperan\u00e7a\u2019 ganha trailerEstrelado por Hilary Swank e baseado em uma hist\u00f3ria real, \u2018Uma Vida de Esperan\u00e7a\u2019 ganha trailerSucesso nos Estados Unidos, filme chega aos cinemas brasileiros em 13 de junho A Sony Pictures\u2026","rel":"","context":"In &quot;Not\u00edcias de Ribeir\u00e3o Preto-SP e Regi\u00e3o&quot;","block_context":{"text":"Not\u00edcias de Ribeir\u00e3o Preto-SP e Regi\u00e3o","link":"https:\/\/noticiasribeiraopreto.com.br\/index.php\/category\/noticias-de-ribeirao-preto-sp-e-regiao-ismael-colosi\/"},"img":{"alt_text":"","src":"https:\/\/i0.wp.com\/noticiasribeiraopreto.com.br\/wp-content\/uploads\/2024\/05\/uma-vida-de-esperanca.jpg?fit=1200%2C675&ssl=1&resize=350%2C200","width":350,"height":200,"srcset":"https:\/\/i0.wp.com\/noticiasribeiraopreto.com.br\/wp-content\/uploads\/2024\/05\/uma-vida-de-esperanca.jpg?fit=1200%2C675&ssl=1&resize=350%2C200 1x, https:\/\/i0.wp.com\/noticiasribeiraopreto.com.br\/wp-content\/uploads\/2024\/05\/uma-vida-de-esperanca.jpg?fit=1200%2C675&ssl=1&resize=525%2C300 1.5x, https:\/\/i0.wp.com\/noticiasribeiraopreto.com.br\/wp-content\/uploads\/2024\/05\/uma-vida-de-esperanca.jpg?fit=1200%2C675&ssl=1&resize=700%2C400 2x, https:\/\/i0.wp.com\/noticiasribeiraopreto.com.br\/wp-content\/uploads\/2024\/05\/uma-vida-de-esperanca.jpg?fit=1200%2C675&ssl=1&resize=1050%2C600 3x"},"classes":[]},{"id":73964,"url":"https:\/\/noticiasribeiraopreto.com.br\/index.php\/2025\/07\/13\/inspirada-no-caminho-da-fe-rota-liga-regiao-de-ribeirao-preto-a-tambau\/","url_meta":{"origin":90919,"position":3},"title":"Inspirada no Caminho da F\u00e9, rota liga regi\u00e3o de Ribeir\u00e3o Preto a Tamba\u00fa","author":"noticiasribeiraopreto.com.br","date":"13 de July de 2025","format":false,"excerpt":"A regi\u00e3o de Ribeir\u00e3o Preto conta com uma rota de 105 quil\u00f4metros em meio \u00e0 zona rural no interior de S\u00e3o Paulo, que leva de Serrana, na regi\u00e3o de Ribeir\u00e3o Preto, at\u00e9 a cidade de Tamba\u00fa, conhecida por ser o centro da devo\u00e7\u00e3o ao Beato Padre Donizetti Tavares de Lima.\u2026","rel":"","context":"In &quot;Not\u00edcias de Ribeir\u00e3o Preto-SP e Regi\u00e3o&quot;","block_context":{"text":"Not\u00edcias de Ribeir\u00e3o Preto-SP e Regi\u00e3o","link":"https:\/\/noticiasribeiraopreto.com.br\/index.php\/category\/noticias-de-ribeirao-preto-sp-e-regiao-ismael-colosi\/"},"img":{"alt_text":"","src":"https:\/\/i0.wp.com\/noticiasribeiraopreto.com.br\/wp-content\/uploads\/2025\/07\/WhatsApp-Image-2025-07-10-at-13.34.04_2025-07-11_15-33-19.webp.webp?fit=1200%2C961&ssl=1&resize=350%2C200","width":350,"height":200,"srcset":"https:\/\/i0.wp.com\/noticiasribeiraopreto.com.br\/wp-content\/uploads\/2025\/07\/WhatsApp-Image-2025-07-10-at-13.34.04_2025-07-11_15-33-19.webp.webp?fit=1200%2C961&ssl=1&resize=350%2C200 1x, https:\/\/i0.wp.com\/noticiasribeiraopreto.com.br\/wp-content\/uploads\/2025\/07\/WhatsApp-Image-2025-07-10-at-13.34.04_2025-07-11_15-33-19.webp.webp?fit=1200%2C961&ssl=1&resize=525%2C300 1.5x, https:\/\/i0.wp.com\/noticiasribeiraopreto.com.br\/wp-content\/uploads\/2025\/07\/WhatsApp-Image-2025-07-10-at-13.34.04_2025-07-11_15-33-19.webp.webp?fit=1200%2C961&ssl=1&resize=700%2C400 2x, https:\/\/i0.wp.com\/noticiasribeiraopreto.com.br\/wp-content\/uploads\/2025\/07\/WhatsApp-Image-2025-07-10-at-13.34.04_2025-07-11_15-33-19.webp.webp?fit=1200%2C961&ssl=1&resize=1050%2C600 3x"},"classes":[]},{"id":47791,"url":"https:\/\/noticiasribeiraopreto.com.br\/index.php\/2024\/04\/28\/mc-marks-abraca-o-pagode-e-a-fe-em-novo-disco\/","url_meta":{"origin":90919,"position":4},"title":"MC Marks abra\u00e7a o pagode e a f\u00e9 em novo disco","author":"noticiasribeiraopreto.com.br","date":"28 de April de 2024","format":false,"excerpt":"Casa \/ M\u00fasica \/ MC Marks abra\u00e7a o pagode e a f\u00e9 em novo discoMC Marks abra\u00e7a o pagode e a f\u00e9 em novo disco\u201cMenino de F\u00e9\u201d conta com participa\u00e7\u00f5es de Xande de Pilares, Ferrugem, Marvvila, Belo e outros artistas Se o corpo \u00e9 uma tela por onde a vida\u2026","rel":"","context":"In &quot;Not\u00edcias de Ribeir\u00e3o Preto-SP e Regi\u00e3o&quot;","block_context":{"text":"Not\u00edcias de Ribeir\u00e3o Preto-SP e Regi\u00e3o","link":"https:\/\/noticiasribeiraopreto.com.br\/index.php\/category\/noticias-de-ribeirao-preto-sp-e-regiao-ismael-colosi\/"},"img":{"alt_text":"","src":"","width":0,"height":0},"classes":[]},{"id":31329,"url":"https:\/\/noticiasribeiraopreto.com.br\/index.php\/2024\/01\/21\/top-10-paises-mais-cristaos-do-mundo-mundo-top-10\/","url_meta":{"origin":90919,"position":5},"title":"Top 10 pa\u00edses mais crist\u00e3os do mundo \u2022 Mundo Top 10","author":"noticiasribeiraopreto.com.br","date":"21 de January de 2024","format":false,"excerpt":"O cristianismo tem aproximadamente 2,4 bilh\u00f5es de adeptos, representando assim um ter\u00e7o da popula\u00e7\u00e3o mundial. \u00c9 a maior religi\u00e3o do mundo sendo os tr\u00eas maiores grupos a Igreja Cat\u00f3lica, o Protestantismo e a Igreja Ortodoxa Oriental. Nessa lista top 10, divulgamos os pa\u00edses mais crist\u00e3os do mundo em n\u00famero de\u2026","rel":"","context":"In &quot;Blog&quot;","block_context":{"text":"Blog","link":"https:\/\/noticiasribeiraopreto.com.br\/index.php\/category\/blog\/"},"img":{"alt_text":"","src":"https:\/\/i0.wp.com\/noticiasribeiraopreto.com.br\/wp-content\/uploads\/2024\/01\/Paises-mais-cristaos-do-mundo.jpg?fit=1200%2C799&ssl=1&resize=350%2C200","width":350,"height":200,"srcset":"https:\/\/i0.wp.com\/noticiasribeiraopreto.com.br\/wp-content\/uploads\/2024\/01\/Paises-mais-cristaos-do-mundo.jpg?fit=1200%2C799&ssl=1&resize=350%2C200 1x, https:\/\/i0.wp.com\/noticiasribeiraopreto.com.br\/wp-content\/uploads\/2024\/01\/Paises-mais-cristaos-do-mundo.jpg?fit=1200%2C799&ssl=1&resize=525%2C300 1.5x, https:\/\/i0.wp.com\/noticiasribeiraopreto.com.br\/wp-content\/uploads\/2024\/01\/Paises-mais-cristaos-do-mundo.jpg?fit=1200%2C799&ssl=1&resize=700%2C400 2x, https:\/\/i0.wp.com\/noticiasribeiraopreto.com.br\/wp-content\/uploads\/2024\/01\/Paises-mais-cristaos-do-mundo.jpg?fit=1200%2C799&ssl=1&resize=1050%2C600 3x"},"classes":[]}],"jetpack_sharing_enabled":true,"jetpack_shortlink":"https:\/\/wp.me\/peQAOb-nEr","jetpack_featured_media_url":"https:\/\/i0.wp.com\/noticiasribeiraopreto.com.br\/wp-content\/uploads\/2026\/09\/Foto-1-1.jpg?fit=1280%2C720&ssl=1","_links":{"self":[{"href":"https:\/\/noticiasribeiraopreto.com.br\/index.php\/wp-json\/wp\/v2\/posts\/90919","targetHints":{"allow":["GET"]}}],"collection":[{"href":"https:\/\/noticiasribeiraopreto.com.br\/index.php\/wp-json\/wp\/v2\/posts"}],"about":[{"href":"https:\/\/noticiasribeiraopreto.com.br\/index.php\/wp-json\/wp\/v2\/types\/post"}],"author":[{"embeddable":true,"href":"https:\/\/noticiasribeiraopreto.com.br\/index.php\/wp-json\/wp\/v2\/users\/1"}],"replies":[{"embeddable":true,"href":"https:\/\/noticiasribeiraopreto.com.br\/index.php\/wp-json\/wp\/v2\/comments?post=90919"}],"version-history":[{"count":0,"href":"https:\/\/noticiasribeiraopreto.com.br\/index.php\/wp-json\/wp\/v2\/posts\/90919\/revisions"}],"wp:featuredmedia":[{"embeddable":true,"href":"https:\/\/noticiasribeiraopreto.com.br\/index.php\/wp-json\/wp\/v2\/media\/90920"}],"wp:attachment":[{"href":"https:\/\/noticiasribeiraopreto.com.br\/index.php\/wp-json\/wp\/v2\/media?parent=90919"}],"wp:term":[{"taxonomy":"category","embeddable":true,"href":"https:\/\/noticiasribeiraopreto.com.br\/index.php\/wp-json\/wp\/v2\/categories?post=90919"},{"taxonomy":"post_tag","embeddable":true,"href":"https:\/\/noticiasribeiraopreto.com.br\/index.php\/wp-json\/wp\/v2\/tags?post=90919"}],"curies":[{"name":"wp","href":"https:\/\/api.w.org\/{rel}","templated":true}]}}