{"id":90921,"date":"2026-09-01T17:19:03","date_gmt":"2026-09-01T20:19:03","guid":{"rendered":"https:\/\/noticiasribeiraopreto.com.br\/index.php\/2026\/09\/01\/ribeirao-preto-oferece-atendimento-psicologico-24h-para-vicio-em-apostas-online\/"},"modified":"2026-09-01T17:19:03","modified_gmt":"2026-09-01T20:19:03","slug":"ribeirao-preto-oferece-atendimento-psicologico-24h-para-vicio-em-apostas-online","status":"publish","type":"post","link":"https:\/\/noticiasribeiraopreto.com.br\/index.php\/2026\/09\/01\/ribeirao-preto-oferece-atendimento-psicologico-24h-para-vicio-em-apostas-online\/","title":{"rendered":"Ribeir\u00e3o Preto oferece atendimento psicol\u00f3gico 24h para v\u00edcio em apostas online"},"content":{"rendered":"<div class='code-block code-block-1' style='margin: 8px 0 8px auto; text-align: right; display: block; clear: both;'>\n<p><a href=\"https:\/\/wa.link\/vpicfd\"><img data-recalc-dims=\"1\" class=\"wp-image-4922\" style=\"aspect-ratio: 2.0253164556962027; width: 561px; height: auto;\" src=\"https:\/\/i0.wp.com\/ismaelcolosi.com.br\/wp-content\/uploads\/2023\/11\/grupo-de-empregos-whatsapp-e-facebook-ismael-colosi-vagas.jpg?ssl=1\" alt=\"\" \/><\/a><\/p>\n<!-- \/wp:image -->\n<\/div>\n<p> <br \/>\n<\/p>\n<p><strong>Ribeir\u00e3o Preto passou a oferecer atendimento psicol\u00f3gico <\/strong>para pessoas com <strong>depend\u00eancia de jogos de azar e apostas online <\/strong>por meio do aplicativo <strong>Cuidar Mais On<\/strong>, da Prefeitura. O servi\u00e7o funciona 24 horas por dia e permite iniciar o atendimento sem agendamento.<\/p>\n<p>O acesso ocorre pelo pr\u00f3prio aplicativo. O usu\u00e1rio deve selecionar a op\u00e7\u00e3o <strong>\u201cTeleconsulta\u201d<\/strong> e, depois, <strong>\u201cPronto Atendimento Emocional\u201d<\/strong>. O servi\u00e7o \u00e9 gratuito e est\u00e1 dispon\u00edvel para moradores de Ribeir\u00e3o Preto que possuem cadastro atualizado em uma Unidade B\u00e1sica de Sa\u00fade (UBS).<\/p>\n<p>Para utilizar a nova funcionalidade, \u00e9 necess\u00e1rio atualizar o aplicativo na loja de aplicativos e fazer login novamente.<\/p>\n<div class=\"wp-block-image\">\n<figure class=\"aligncenter size-large\"><figcaption class=\"wp-element-caption\">Foto: Fernando Gonzaga<\/figcaption><\/figure>\n<\/div>\n<p class=\"has-text-align-center\"><em>Receba not\u00edcias do\u00a0<strong>acidade on Ribeir\u00e3o\u00a0<\/strong>no WhatsApp e fique por dentro de tudo! Basta acessar o link<a href=\"https:\/\/chat.whatsapp.com\/DfXwcjKVIddHUT3BvnQuPZ?mode=hqctshi\" target=\"_blank\" rel=\"noreferrer noopener\">\u00a0aqui<\/a>!<\/em><\/p>\n<h2 class=\"wp-block-heading\">Atendimento psicol\u00f3gico<\/h2>\n<p>O acompanhamento em psicologia pode acontecer por at\u00e9 <strong>12 sess\u00f5es<\/strong>, com possibilidade de prorroga\u00e7\u00e3o.<\/p>\n<p>A <strong>Organiza\u00e7\u00e3o Mundial da Sa\u00fade (OMS) <\/strong>reconhece a depend\u00eancia de jogos como um transtorno de sa\u00fade mental na Classifica\u00e7\u00e3o Internacional de Doen\u00e7as (CID-11). A classifica\u00e7\u00e3o inclui transtornos relacionados a jogos digitais e videogames e a ludopatia, relacionada \u00e0 depend\u00eancia de jogos de azar e apostas.<\/p>\n<figure class=\"wp-block-gallery has-nested-images columns-default is-cropped wp-block-gallery-1 is-layout-flex wp-block-gallery-is-layout-flex\">\n<figure class=\"wp-block-image size-large\"><img data-recalc-dims=\"1\" loading=\"lazy\" decoding=\"async\" width=\"1000\" height=\"667\" data-id=\"167215\" src=\"https:\/\/i0.wp.com\/www.acidadeon.com\/ribeiraopreto\/wp-content\/uploads\/sites\/3\/2026\/07\/1727812640.jpg?resize=1000%2C667&#038;ssl=1\" alt=\"1727812640\" class=\"wp-image-167215\" title=\"Ribeir\u00e3o Preto oferece atendimento psicol\u00f3gico 24h para v\u00edcio em apostas online 2\"><figcaption class=\"wp-element-caption\">Foto: Ag\u00eancia Brasil<\/figcaption><\/figure>\n<figure class=\"wp-block-image size-large\"><img data-recalc-dims=\"1\" loading=\"lazy\" decoding=\"async\" width=\"1024\" height=\"613\" data-id=\"95147\" src=\"https:\/\/i0.wp.com\/www.acidadeon.com\/ribeiraopreto\/wp-content\/uploads\/sites\/3\/2024\/10\/ja_7547_2024-10-03_01-01-18-1024x613.webp?resize=1024%2C613&#038;ssl=1\" alt=\"ja 7547 2024 10 03 01 01 18\" class=\"wp-image-95147\" title=\"Ribeir\u00e3o Preto oferece atendimento psicol\u00f3gico 24h para v\u00edcio em apostas online 3\"><figcaption class=\"wp-element-caption\">(Jo\u00e9dson Alves\/ Ag\u00eancia Brasil)<\/figcaption><\/figure>\n<\/figure>\n<p>O uso compulsivo pode estar associado a ansiedade, depress\u00e3o, isolamento social e preju\u00edzos no desempenho escolar e profissional.<\/p>\n<p>Segundo o secret\u00e1rio municipal de Sa\u00fade, Mauricio Godinho, o atendimento remoto pode facilitar a busca por ajuda.<\/p>\n<blockquote class=\"wp-block-quote is-layout-flow wp-block-quote-is-layout-flow\">\n<p><em>\u201cA teleconsulta tem um papel importante de quebrar barreiras. Quando algu\u00e9m percebe que tem um problema com jogos, \u00e9 comum que sinta vergonha de procurar ajuda presencialmente. No conforto e na privacidade de casa, em um ambiente em que se sinta seguro, essa pessoa consegue dar o primeiro passo e fazer a chamada\u201d, <\/em>afirma<em>.<\/em><\/p>\n<\/blockquote>\n<h2 class=\"wp-block-heading\">PAM atende casos de sa\u00fade mental 24 horas<\/h2>\n<p>Al\u00e9m do atendimento por teleconsulta, Ribeir\u00e3o Preto oferece atendimento presencial de urg\u00eancia e emerg\u00eancia em sa\u00fade mental no <strong>PAM (Pronto Atendimento em Sa\u00fade Mental)<\/strong>.<\/p>\n<p>A unidade funciona 24 horas por dia e n\u00e3o exige agendamento. Nos dois primeiros meses de funcionamento, o servi\u00e7o atendeu <strong>3.957 pacientes distintos<\/strong>.<\/p>\n<p>Do total, <strong>62 eram crian\u00e7as de at\u00e9 9 anos<\/strong> e <strong>444 tinham entre 10 e 19 anos<\/strong>. Entre os pacientes dessa faixa et\u00e1ria, os casos mais relatados envolvem TDAH, TOD e TEA.<\/p>\n<p>Entre adultos de 20 a 49 anos, o PAM registrou <strong>2.462 atendimentos<\/strong>, com predomin\u00e2ncia de casos de ansiedade e depress\u00e3o.<\/p>\n<h2 class=\"wp-block-heading\">Cuidar Mais On<\/h2>\n<p>Desde o lan\u00e7amento do Cuidar Mais On, em agosto de 2025, o servi\u00e7o registrou <strong>25.150 atendimentos com psic\u00f3logos<\/strong>.<\/p>\n<p>A faixa et\u00e1ria de 20 a 49 anos concentra a maior utiliza\u00e7\u00e3o do servi\u00e7o. Em agosto, o aplicativo registrou <strong>1.636 consultas<\/strong> entre pacientes desse grupo. Mulheres representaram <strong>81% dos atendimentos<\/strong>.<\/p>\n<div class=\"wp-block-image\">\n<figure class=\"aligncenter size-large\"><img data-recalc-dims=\"1\" loading=\"lazy\" decoding=\"async\" width=\"1024\" height=\"683\" src=\"https:\/\/i0.wp.com\/www.acidadeon.com\/ribeiraopreto\/wp-content\/uploads\/sites\/3\/2026\/09\/image-6-1024x683.png?resize=1024%2C683&#038;ssl=1\" alt=\"ribeir\u00e3o\" class=\"wp-image-173317\" title=\"Ribeir\u00e3o Preto oferece atendimento psicol\u00f3gico 24h para v\u00edcio em apostas online 4\"><figcaption class=\"wp-element-caption\">Foto: Fernando Gonzaga<\/figcaption><\/figure>\n<\/div>\n<p>O Cuidar Mais On est\u00e1 dispon\u00edvel gratuitamente para celulares Android e iOS.<\/p>\n<p class=\"has-text-align-center has-small-font-size\"><em>Fa\u00e7a uma den\u00fancia ou sugira uma reportagem sobre\u00a0<strong>Ribeir\u00e3o Preto\u00a0<\/strong>e regi\u00e3o por meio do WhatsApp do\u00a0<strong>acidade on Ribeir\u00e3o<\/strong>: (16) 99117-7802.<\/em><\/p>\n<p>O post Ribeir\u00e3o Preto oferece atendimento psicol\u00f3gico 24h para v\u00edcio em apostas online apareceu primeiro em ACidade ON Ribeir\u00e3o Preto.<\/p>\n<p><br \/>\n<br \/><a href=\"https:\/\/www.acidadeon.com\/ribeiraopreto\/cotidiano\/ribeirao-preto-oferece-atendimento-psicologico-24h-para-vicio-em-apostas-online\/\">Link para o texto original aqui <\/a><\/p>\n<!-- CONTENT END 1 -->\n","protected":false},"excerpt":{"rendered":"<p>Ribeir\u00e3o Preto passou a oferecer atendimento psicol\u00f3gico para pessoas com depend\u00eancia de jogos de azar e apostas online por meio do aplicativo Cuidar Mais On,&#8230;<\/p>\n","protected":false},"author":1,"featured_media":90922,"comment_status":"","ping_status":"","sticky":false,"template":"","format":"standard","meta":{"advanced_seo_description":"","jetpack_seo_html_title":"","jetpack_seo_noindex":false,"jetpack_seo_schema_type":"","_jetpack_newsletter_access":"","_jetpack_dont_email_post_to_subs":false,"_jetpack_newsletter_tier_id":0,"_jetpack_memberships_contains_paywalled_content":false,"_jetpack_feature_clip_id":0,"_jetpack_memberships_contains_paid_content":false,"footnotes":"","jetpack_publicize_message":"","jetpack_publicize_feature_enabled":true,"jetpack_social_post_already_shared":true,"jetpack_social_options":{"image_generator_settings":{"template":"highway","default_image_id":0,"font":"","enabled":false},"version":2},"jetpack_post_was_ever_published":false},"categories":[11],"tags":[6550,2054,983,548,550,71,27,8866,26,8239],"class_list":["post-90921","post","type-post","status-publish","format-standard","has-post-thumbnail","hentry","category-noticias-de-ribeirao-preto-sp-e-regiao-ismael-colosi","tag-24h","tag-apostas","tag-atendimento","tag-oferece","tag-online","tag-para","tag-preto","tag-psicologico","tag-ribeirao","tag-vicio"],"jetpack_publicize_connections":[],"jetpack-related-posts":[{"id":89395,"url":"https:\/\/noticiasribeiraopreto.com.br\/index.php\/2026\/08\/04\/sus-passa-a-oferecer-100-mil-teleatendimentos-mensais-para-tratamento-de-vicio-em-bets\/","url_meta":{"origin":90921,"position":0},"title":"SUS passa a oferecer 100 mil teleatendimentos mensais para tratamento de v\u00edcio em bets","author":"noticiasribeiraopreto.com.br","date":"4 de August de 2026","format":false,"excerpt":"O Sistema \u00danico de Sa\u00fade (SUS) ampliou para at\u00e9 100 mil o n\u00famero de teleatendimentos mensais destinados a pessoas com problemas relacionados a jogos e apostas online. A expans\u00e3o entrou em vigor nesta ter\u00e7a-feira (4). O atendimento remoto come\u00e7ou em mar\u00e7o deste ano, com uma m\u00e9dia de 600 consultas mensais.\u2026","rel":"","context":"In &quot;Not\u00edcias de Ribeir\u00e3o Preto-SP e Regi\u00e3o&quot;","block_context":{"text":"Not\u00edcias de Ribeir\u00e3o Preto-SP e Regi\u00e3o","link":"https:\/\/noticiasribeiraopreto.com.br\/index.php\/category\/noticias-de-ribeirao-preto-sp-e-regiao-ismael-colosi\/"},"img":{"alt_text":"","src":"https:\/\/i0.wp.com\/noticiasribeiraopreto.com.br\/wp-content\/uploads\/2026\/08\/WhatsApp-Image-2026-08-04-at-16.24.03-1.jpeg?fit=1200%2C675&ssl=1&resize=350%2C200","width":350,"height":200,"srcset":"https:\/\/i0.wp.com\/noticiasribeiraopreto.com.br\/wp-content\/uploads\/2026\/08\/WhatsApp-Image-2026-08-04-at-16.24.03-1.jpeg?fit=1200%2C675&ssl=1&resize=350%2C200 1x, https:\/\/i0.wp.com\/noticiasribeiraopreto.com.br\/wp-content\/uploads\/2026\/08\/WhatsApp-Image-2026-08-04-at-16.24.03-1.jpeg?fit=1200%2C675&ssl=1&resize=525%2C300 1.5x, https:\/\/i0.wp.com\/noticiasribeiraopreto.com.br\/wp-content\/uploads\/2026\/08\/WhatsApp-Image-2026-08-04-at-16.24.03-1.jpeg?fit=1200%2C675&ssl=1&resize=700%2C400 2x, https:\/\/i0.wp.com\/noticiasribeiraopreto.com.br\/wp-content\/uploads\/2026\/08\/WhatsApp-Image-2026-08-04-at-16.24.03-1.jpeg?fit=1200%2C675&ssl=1&resize=1050%2C600 3x"},"classes":[]},{"id":53621,"url":"https:\/\/noticiasribeiraopreto.com.br\/index.php\/2024\/06\/21\/saerp-passa-a-oferecer-atendimento-atraves-do-whatsapp-veja-quando-comeca\/","url_meta":{"origin":90921,"position":1},"title":"Saerp passa a oferecer atendimento atrav\u00e9s do WhatsApp; Veja quando come\u00e7a","author":"noticiasribeiraopreto.com.br","date":"21 de June de 2024","format":false,"excerpt":"A Secretaria de \u00c1gua e Esgoto de Ribeir\u00e3o Preto (Saerp) informou, nesta sexta-feira (21), que o \u00f3rg\u00e3o passar\u00e1 a oferecer atendimento ao p\u00fablico atrav\u00e9s do WhatsApp. Esse \u00e9 o primeiro tipo de atendimento da Prefeitura a ser realizado pelo aplicativo. O novo canal come\u00e7a a funcionar na segunda-feira (24) e\u2026","rel":"","context":"In &quot;Not\u00edcias de Ribeir\u00e3o Preto-SP e Regi\u00e3o&quot;","block_context":{"text":"Not\u00edcias de Ribeir\u00e3o Preto-SP e Regi\u00e3o","link":"https:\/\/noticiasribeiraopreto.com.br\/index.php\/category\/noticias-de-ribeirao-preto-sp-e-regiao-ismael-colosi\/"},"img":{"alt_text":"","src":"https:\/\/i0.wp.com\/noticiasribeiraopreto.com.br\/wp-content\/uploads\/2024\/06\/AnyConv.com__hands-1851218_1280.webp.webp?fit=1200%2C800&ssl=1&resize=350%2C200","width":350,"height":200,"srcset":"https:\/\/i0.wp.com\/noticiasribeiraopreto.com.br\/wp-content\/uploads\/2024\/06\/AnyConv.com__hands-1851218_1280.webp.webp?fit=1200%2C800&ssl=1&resize=350%2C200 1x, https:\/\/i0.wp.com\/noticiasribeiraopreto.com.br\/wp-content\/uploads\/2024\/06\/AnyConv.com__hands-1851218_1280.webp.webp?fit=1200%2C800&ssl=1&resize=525%2C300 1.5x, https:\/\/i0.wp.com\/noticiasribeiraopreto.com.br\/wp-content\/uploads\/2024\/06\/AnyConv.com__hands-1851218_1280.webp.webp?fit=1200%2C800&ssl=1&resize=700%2C400 2x, https:\/\/i0.wp.com\/noticiasribeiraopreto.com.br\/wp-content\/uploads\/2024\/06\/AnyConv.com__hands-1851218_1280.webp.webp?fit=1200%2C800&ssl=1&resize=1050%2C600 3x"},"classes":[]},{"id":60572,"url":"https:\/\/noticiasribeiraopreto.com.br\/index.php\/2024\/11\/18\/entenda-como-funciona-o-servico-de-telemedicina-na-rede-publica-de-ribeirao-preto\/","url_meta":{"origin":90921,"position":2},"title":"Entenda como funciona o servi\u00e7o de telemedicina na rede p\u00fablica de Ribeir\u00e3o Preto","author":"noticiasribeiraopreto.com.br","date":"18 de November de 2024","format":false,"excerpt":"O \u201cConecta SUS Ribeir\u00e3o\u201d, servi\u00e7o que oferece telemedicina, telenfermagem e atendimento de psicologia digital gratuitamente para usu\u00e1rios do Sistema \u00danico de Sa\u00fade (SUS), em Ribeir\u00e3o Preto, foi lan\u00e7ado oficialmente na manh\u00e3 desta segunda-feira (18). O Servi\u00e7o de Pronto Atendimento Digital (PAD) est\u00e1 dispon\u00edvel 24 horas, sete dias por semana, incluindo\u2026","rel":"","context":"In &quot;Not\u00edcias de Ribeir\u00e3o Preto-SP e Regi\u00e3o&quot;","block_context":{"text":"Not\u00edcias de Ribeir\u00e3o Preto-SP e Regi\u00e3o","link":"https:\/\/noticiasribeiraopreto.com.br\/index.php\/category\/noticias-de-ribeirao-preto-sp-e-regiao-ismael-colosi\/"},"img":{"alt_text":"","src":"https:\/\/i0.wp.com\/noticiasribeiraopreto.com.br\/wp-content\/uploads\/2024\/08\/hospital_2024-08-20_14-06-39_jpg_2024-08-20_14-06-39.webp.webp?fit=1200%2C800&ssl=1&resize=350%2C200","width":350,"height":200,"srcset":"https:\/\/i0.wp.com\/noticiasribeiraopreto.com.br\/wp-content\/uploads\/2024\/08\/hospital_2024-08-20_14-06-39_jpg_2024-08-20_14-06-39.webp.webp?fit=1200%2C800&ssl=1&resize=350%2C200 1x, https:\/\/i0.wp.com\/noticiasribeiraopreto.com.br\/wp-content\/uploads\/2024\/08\/hospital_2024-08-20_14-06-39_jpg_2024-08-20_14-06-39.webp.webp?fit=1200%2C800&ssl=1&resize=525%2C300 1.5x, https:\/\/i0.wp.com\/noticiasribeiraopreto.com.br\/wp-content\/uploads\/2024\/08\/hospital_2024-08-20_14-06-39_jpg_2024-08-20_14-06-39.webp.webp?fit=1200%2C800&ssl=1&resize=700%2C400 2x, https:\/\/i0.wp.com\/noticiasribeiraopreto.com.br\/wp-content\/uploads\/2024\/08\/hospital_2024-08-20_14-06-39_jpg_2024-08-20_14-06-39.webp.webp?fit=1200%2C800&ssl=1&resize=1050%2C600 3x"},"classes":[]},{"id":84819,"url":"https:\/\/noticiasribeiraopreto.com.br\/index.php\/2026\/04\/16\/uma-fiel-homenagem-e-cuidado-em-todos-os-momentos\/","url_meta":{"origin":90921,"position":3},"title":"Uma fiel homenagem e cuidado em todos os momentos.","author":"noticiasribeiraopreto.com.br","date":"16 de April de 2026","format":false,"excerpt":"Ler o resumo da not\u00edcia Grupo UniPrev - Prever, ativo desde 1961, lan\u00e7a Cremat\u00f3rio Pet Prever para oferecer homenagem e cuidado a animais de estima\u00e7\u00e3o. Servi\u00e7o inclui Clube de Benef\u00edcios com descontos em atendimento veterin\u00e1rio 24h, exames, medicamentos, banho, tosa e ra\u00e7\u00e3o. No falecimento, oferece atendimento 24h com remo\u00e7\u00e3o em\u2026","rel":"","context":"In &quot;Not\u00edcias de Ribeir\u00e3o Preto-SP e Regi\u00e3o&quot;","block_context":{"text":"Not\u00edcias de Ribeir\u00e3o Preto-SP e Regi\u00e3o","link":"https:\/\/noticiasribeiraopreto.com.br\/index.php\/category\/noticias-de-ribeirao-preto-sp-e-regiao-ismael-colosi\/"},"img":{"alt_text":"","src":"https:\/\/i0.wp.com\/noticiasribeiraopreto.com.br\/wp-content\/uploads\/2026\/04\/capa-crematorio-pet-01_2026-04-16_13-23-35.webp.webp?fit=1200%2C675&ssl=1&resize=350%2C200","width":350,"height":200,"srcset":"https:\/\/i0.wp.com\/noticiasribeiraopreto.com.br\/wp-content\/uploads\/2026\/04\/capa-crematorio-pet-01_2026-04-16_13-23-35.webp.webp?fit=1200%2C675&ssl=1&resize=350%2C200 1x, https:\/\/i0.wp.com\/noticiasribeiraopreto.com.br\/wp-content\/uploads\/2026\/04\/capa-crematorio-pet-01_2026-04-16_13-23-35.webp.webp?fit=1200%2C675&ssl=1&resize=525%2C300 1.5x, https:\/\/i0.wp.com\/noticiasribeiraopreto.com.br\/wp-content\/uploads\/2026\/04\/capa-crematorio-pet-01_2026-04-16_13-23-35.webp.webp?fit=1200%2C675&ssl=1&resize=700%2C400 2x, https:\/\/i0.wp.com\/noticiasribeiraopreto.com.br\/wp-content\/uploads\/2026\/04\/capa-crematorio-pet-01_2026-04-16_13-23-35.webp.webp?fit=1200%2C675&ssl=1&resize=1050%2C600 3x"},"classes":[]},{"id":84823,"url":"https:\/\/noticiasribeiraopreto.com.br\/index.php\/2026\/04\/16\/crematorio-pet-prever-uma-fiel-homenagem\/","url_meta":{"origin":90921,"position":4},"title":"Cremat\u00f3rio Pet Prever &#8211; Uma Fiel Homenagem","author":"noticiasribeiraopreto.com.br","date":"16 de April de 2026","format":false,"excerpt":"Ler o resumo da not\u00edcia Grupo UniPrev - Prever, ativo desde 1961, lan\u00e7a servi\u00e7o de cremat\u00f3rio para pets em Ribeir\u00e3o Preto. Servi\u00e7o inclui Clube de Benef\u00edcios Pet com descontos em veterin\u00e1rio 24h, exames, medicamentos, banho, tosa e ra\u00e7\u00e3o. No falecimento, oferece atendimento 24h, remo\u00e7\u00e3o, prepara\u00e7\u00e3o em urna pr\u00f3pria e salas\u2026","rel":"","context":"In &quot;Not\u00edcias de Ribeir\u00e3o Preto-SP e Regi\u00e3o&quot;","block_context":{"text":"Not\u00edcias de Ribeir\u00e3o Preto-SP e Regi\u00e3o","link":"https:\/\/noticiasribeiraopreto.com.br\/index.php\/category\/noticias-de-ribeirao-preto-sp-e-regiao-ismael-colosi\/"},"img":{"alt_text":"","src":"https:\/\/i0.wp.com\/noticiasribeiraopreto.com.br\/wp-content\/uploads\/2026\/04\/capa-crematorio-pet-02_2026-04-16_13-32-33.webp.webp?fit=1200%2C675&ssl=1&resize=350%2C200","width":350,"height":200,"srcset":"https:\/\/i0.wp.com\/noticiasribeiraopreto.com.br\/wp-content\/uploads\/2026\/04\/capa-crematorio-pet-02_2026-04-16_13-32-33.webp.webp?fit=1200%2C675&ssl=1&resize=350%2C200 1x, https:\/\/i0.wp.com\/noticiasribeiraopreto.com.br\/wp-content\/uploads\/2026\/04\/capa-crematorio-pet-02_2026-04-16_13-32-33.webp.webp?fit=1200%2C675&ssl=1&resize=525%2C300 1.5x, https:\/\/i0.wp.com\/noticiasribeiraopreto.com.br\/wp-content\/uploads\/2026\/04\/capa-crematorio-pet-02_2026-04-16_13-32-33.webp.webp?fit=1200%2C675&ssl=1&resize=700%2C400 2x, https:\/\/i0.wp.com\/noticiasribeiraopreto.com.br\/wp-content\/uploads\/2026\/04\/capa-crematorio-pet-02_2026-04-16_13-32-33.webp.webp?fit=1200%2C675&ssl=1&resize=1050%2C600 3x"},"classes":[]},{"id":75738,"url":"https:\/\/noticiasribeiraopreto.com.br\/index.php\/2025\/08\/14\/ribeirao-preto-lanca-ambulatorio-de-saude-voltado-a-populacao-lgbtqiapn\/","url_meta":{"origin":90921,"position":5},"title":"Ribeir\u00e3o Preto lan\u00e7a ambulat\u00f3rio de sa\u00fade voltado \u00e0 popula\u00e7\u00e3o LGBTQIAPN+","author":"noticiasribeiraopreto.com.br","date":"14 de August de 2025","format":false,"excerpt":"A Secretaria da Sa\u00fade de Ribeir\u00e3o Preto lan\u00e7ou na \u00faltima quarta-feira (13), um novo servi\u00e7o de sa\u00fade voltado \u00e0 popula\u00e7\u00e3o LGBTQIAPN+. A proposta \u00e9 oferecer um atendimento acolhedor e especializado para pessoas l\u00e9sbicas, gays, bissexuais, trans e n\u00e3o-bin\u00e1rias. O Ambulat\u00f3rio de Diversidade Sexual funcionar\u00e1 \u00e0s quartas-feiras no HEB (Hospital Electro\u2026","rel":"","context":"In &quot;Not\u00edcias de Ribeir\u00e3o Preto-SP e Regi\u00e3o&quot;","block_context":{"text":"Not\u00edcias de Ribeir\u00e3o Preto-SP e Regi\u00e3o","link":"https:\/\/noticiasribeiraopreto.com.br\/index.php\/category\/noticias-de-ribeirao-preto-sp-e-regiao-ismael-colosi\/"},"img":{"alt_text":"","src":"https:\/\/i0.wp.com\/noticiasribeiraopreto.com.br\/wp-content\/uploads\/2025\/08\/ambulatorio-lgbt_2025-08-14_16-08-33.webp.webp?fit=1200%2C800&ssl=1&resize=350%2C200","width":350,"height":200,"srcset":"https:\/\/i0.wp.com\/noticiasribeiraopreto.com.br\/wp-content\/uploads\/2025\/08\/ambulatorio-lgbt_2025-08-14_16-08-33.webp.webp?fit=1200%2C800&ssl=1&resize=350%2C200 1x, https:\/\/i0.wp.com\/noticiasribeiraopreto.com.br\/wp-content\/uploads\/2025\/08\/ambulatorio-lgbt_2025-08-14_16-08-33.webp.webp?fit=1200%2C800&ssl=1&resize=525%2C300 1.5x, https:\/\/i0.wp.com\/noticiasribeiraopreto.com.br\/wp-content\/uploads\/2025\/08\/ambulatorio-lgbt_2025-08-14_16-08-33.webp.webp?fit=1200%2C800&ssl=1&resize=700%2C400 2x, https:\/\/i0.wp.com\/noticiasribeiraopreto.com.br\/wp-content\/uploads\/2025\/08\/ambulatorio-lgbt_2025-08-14_16-08-33.webp.webp?fit=1200%2C800&ssl=1&resize=1050%2C600 3x"},"classes":[]}],"jetpack_sharing_enabled":true,"jetpack_shortlink":"https:\/\/wp.me\/peQAOb-nEt","jetpack_featured_media_url":"https:\/\/i0.wp.com\/noticiasribeiraopreto.com.br\/wp-content\/uploads\/2026\/09\/marco-aurelio.png?fit=1200%2C675&ssl=1","_links":{"self":[{"href":"https:\/\/noticiasribeiraopreto.com.br\/index.php\/wp-json\/wp\/v2\/posts\/90921","targetHints":{"allow":["GET"]}}],"collection":[{"href":"https:\/\/noticiasribeiraopreto.com.br\/index.php\/wp-json\/wp\/v2\/posts"}],"about":[{"href":"https:\/\/noticiasribeiraopreto.com.br\/index.php\/wp-json\/wp\/v2\/types\/post"}],"author":[{"embeddable":true,"href":"https:\/\/noticiasribeiraopreto.com.br\/index.php\/wp-json\/wp\/v2\/users\/1"}],"replies":[{"embeddable":true,"href":"https:\/\/noticiasribeiraopreto.com.br\/index.php\/wp-json\/wp\/v2\/comments?post=90921"}],"version-history":[{"count":0,"href":"https:\/\/noticiasribeiraopreto.com.br\/index.php\/wp-json\/wp\/v2\/posts\/90921\/revisions"}],"wp:featuredmedia":[{"embeddable":true,"href":"https:\/\/noticiasribeiraopreto.com.br\/index.php\/wp-json\/wp\/v2\/media\/90922"}],"wp:attachment":[{"href":"https:\/\/noticiasribeiraopreto.com.br\/index.php\/wp-json\/wp\/v2\/media?parent=90921"}],"wp:term":[{"taxonomy":"category","embeddable":true,"href":"https:\/\/noticiasribeiraopreto.com.br\/index.php\/wp-json\/wp\/v2\/categories?post=90921"},{"taxonomy":"post_tag","embeddable":true,"href":"https:\/\/noticiasribeiraopreto.com.br\/index.php\/wp-json\/wp\/v2\/tags?post=90921"}],"curies":[{"name":"wp","href":"https:\/\/api.w.org\/{rel}","templated":true}]}}