{"id":90923,"date":"2026-09-01T17:23:01","date_gmt":"2026-09-01T20:23:01","guid":{"rendered":"https:\/\/noticiasribeiraopreto.com.br\/index.php\/2026\/09\/01\/aprenda-a-fazer-uma-deliciosa-broa-de-fuba\/"},"modified":"2026-09-01T17:23:01","modified_gmt":"2026-09-01T20:23:01","slug":"aprenda-a-fazer-uma-deliciosa-broa-de-fuba","status":"publish","type":"post","link":"https:\/\/noticiasribeiraopreto.com.br\/index.php\/2026\/09\/01\/aprenda-a-fazer-uma-deliciosa-broa-de-fuba\/","title":{"rendered":"Aprenda a fazer uma deliciosa broa de fub\u00e1"},"content":{"rendered":"<div class='code-block code-block-1' style='margin: 8px 0 8px auto; text-align: right; display: block; clear: both;'>\n<p><a href=\"https:\/\/wa.link\/vpicfd\"><img data-recalc-dims=\"1\" class=\"wp-image-4922\" style=\"aspect-ratio: 2.0253164556962027; width: 561px; height: auto;\" src=\"https:\/\/i0.wp.com\/ismaelcolosi.com.br\/wp-content\/uploads\/2023\/11\/grupo-de-empregos-whatsapp-e-facebook-ismael-colosi-vagas.jpg?ssl=1\" alt=\"\" \/><\/a><\/p>\n<!-- \/wp:image -->\n<\/div>\n<p> <br \/>\n<\/p>\n<h2 class=\"wp-block-heading\">Broa de fub\u00e1: aprenda uma receita simples para o caf\u00e9 em fam\u00edlia<\/h2>\n<p>Cheirinho de broa de fub\u00e1 e caf\u00e9 fresquinho \u00e9 uma combina\u00e7\u00e3o que desperta mem\u00f3rias afetivas e lembra receitas de fam\u00edlia. No <strong>Momento da Fam\u00edlia<\/strong>, Andr\u00e9a Vitaliano recebe Vanuza Moura para ensinar o passo a passo de uma deliciosa broa de fub\u00e1.<\/p>\n<p>Durante o preparo, Andr\u00e9a relembra que a receita faz parte de suas lembran\u00e7as de inf\u00e2ncia, j\u00e1 que sua m\u00e3e tamb\u00e9m preparava broinhas de fub\u00e1.<\/p>\n<p>A receita leva ingredientes simples: leite, fub\u00e1, polvilho doce, ovos, a\u00e7\u00facar, \u00f3leo, fermento qu\u00edmico, uma pitada de sal e, para quem gosta, erva-doce.<\/p>\n<h3 class=\"wp-block-heading\">Ingredientes<\/h3>\n<ul class=\"wp-block-list\">\n<li>3 copos e meio de leite<\/li>\n<li>2 copos e meio de fub\u00e1<\/li>\n<li>1 copo de polvilho doce<\/li>\n<li>4 ovos<\/li>\n<li>A\u00e7\u00facar<\/li>\n<li>\u00d3leo<\/li>\n<li>Fermento qu\u00edmico em p\u00f3<\/li>\n<li>Uma pitada de sal<\/li>\n<li>Erva-doce a gosto (opcional)<\/li>\n<\/ul>\n<h3 class=\"wp-block-heading\">Como preparar a broa de fub\u00e1<\/h3>\n<p>O primeiro passo \u00e9 levar ao fogo os ingredientes da massa, com exce\u00e7\u00e3o dos ovos, do fermento e da erva-doce, que devem ser reservados para uma etapa posterior.<\/p>\n<p>A mistura deve cozinhar at\u00e9 adquirir uma consist\u00eancia mais firme, semelhante a um angu. Depois de atingir o ponto, a massa \u00e9 transferida para outro recipiente e deve esfriar antes de receber os ingredientes restantes.<\/p>\n<p>Com a massa j\u00e1 fria, s\u00e3o acrescentados os ovos, o fermento em p\u00f3 e, se desejar, a erva-doce.<\/p>\n<p>Para modelar as broinhas, a dica \u00e9 retirar pequenas por\u00e7\u00f5es da massa com uma colher e coloc\u00e1-las em um recipiente com fub\u00e1, ajudando a dar o formato caracter\u00edstico da receita.<\/p>\n<p>Depois, \u00e9 s\u00f3 levar as broas ao forno e aguardar at\u00e9 ficarem prontas.<\/p>\n<p>Para completar, a sugest\u00e3o de Andr\u00e9a e Vanuza \u00e9 servir a broa de fub\u00e1 acompanhada de um cafezinho, criando uma combina\u00e7\u00e3o simples e especial para compartilhar com toda a fam\u00edlia.<\/p>\n<figure class=\"wp-block-embed is-type-video is-provider-youtube wp-block-embed-youtube wp-embed-aspect-16-9 wp-has-aspect-ratio\">\n<div class=\"wp-block-embed__wrapper\">\n<\/div>\n<\/figure>\n<p>Links<\/p>\n<p>Site <a href=\"https:\/\/www.youtube.com\/redirect?event=channel_description&amp;redir_token=QUFFLUhqbWJqOVJ4MXBubXIyQ0dtc0JVc0FDVUZNRE9ZZ3xBQ3Jtc0tuLXNPR1VEN3VRRV84dzV6RkpUSmMzUzV1cXZUNUhoUkJ4VHNVYXZZU01uZWt3d0d5NzlxTXVwanpiblpCa1JfamhaWGJGeVNRMmpWMnh2aHlFU1RfZ3RlcU43ZjFEcThfN0dZelg1Wi0tVWtJbTdjTQ&amp;q=https%3A%2F%2Fwww.familiaprever.com.br%2F\" target=\"_blank\" rel=\"noreferrer noopener\">familiaprever.com.br<\/a><\/p>\n<p>Instagram <a href=\"https:\/\/www.youtube.com\/redirect?event=channel_description&amp;redir_token=QUFFLUhqbVo3MjRWcWlMbHNNSWMzdkZsS3NOQXVlTkNBUXxBQ3Jtc0ttWDVCOTlNTkh1MHVpNzMwQ29BUXoyMDlwNkQ0LUtJUGJVUTF2Q0E4Wjk1NTk1c0hxbk80d0VyRE1FUEtmZEpucjNhaDE4bFA1ZGljdHpqRWRBcWFtOFEwalRlbzcwYmxXY2JOZ0RSNm1rTEo1NjRrRQ&amp;q=https%3A%2F%2Fwww.instagram.com%2Fprevercamposeliseos%2F\" target=\"_blank\" rel=\"noreferrer noopener\">instagram.com\/prevercamposeliseos<\/a><\/p>\n<p>Twitter <a href=\"https:\/\/www.youtube.com\/redirect?event=channel_description&amp;redir_token=QUFFLUhqbGEzWTBYTnRSLXFMSzl6NVZDSE41Y0xYNzZwd3xBQ3Jtc0trdHlDajNpaUswYnp3T3RyZkw2Ujd0OUJFLWNrcktvX05PeFNpWVk2QTVFNHVpTzM3U3RiQjFhU2tHTUZWbGxBMlZsc2V5WTUyaklpWFRXM0E2cFRNZ0xYUG1tQllWYVo2azU1S3NNVlRVS3JteGNZZw&amp;q=https%3A%2F%2Ftwitter.com%2Ffamiliaprever\" target=\"_blank\" rel=\"noreferrer noopener\">twitter.com\/familiaprever<\/a><\/p>\n<p>Facebook <a href=\"https:\/\/www.youtube.com\/redirect?event=channel_description&amp;redir_token=QUFFLUhqa2luQnFib0VieXpYNXBEQWVwWmwwWlRZZjRmZ3xBQ3Jtc0trTHp3ZTU2dFh1dzRWZEd0SHpnQXhjMjVnSUd0X0ZRQTFqTDBJVU04Njc4b1oxeml0NzJSdG1JVHVnM3kwdFU0UlllQmdzc0x3ZEdvbXNYTUxyeUZtUlVvcU50eUJOUko1VUJKZF9tLXhNWUQxTzZkUQ&amp;q=https%3A%2F%2Fwww.facebook.com%2FFamiliaPrever%2F\" target=\"_blank\" rel=\"noreferrer noopener\">facebook.com\/FamiliaPrever<\/a><\/p>\n<p>Linkedin <a href=\"https:\/\/www.youtube.com\/redirect?event=channel_description&amp;redir_token=QUFFLUhqbjBnWl9JRnZsSDMzWUVfMmlJcmJ4aXJHWmhJZ3xBQ3Jtc0tuYlpYMVM2TFZ6ZnJnMElsVGhFazd3UEItWEduSldIOFQyVVFWemdxQUVGSWhQTW9ZMzlON005dDl6T2NUNUtFamNpSURSUUZJeXRPanZxWlV6aDVFcFNLOWlUQlR0SGJ2SC1VeE5KS19xRVhlV0V5dw&amp;q=https%3A%2F%2Fwww.linkedin.com%2Fcompany%2Ffamiliaprever%2F\" target=\"_blank\" rel=\"noreferrer noopener\">linkedin.com\/company\/familiaprever<\/a><\/p>\n<h3 class=\"wp-block-heading\">Leia Mais \u2013 Feira do Livro de Ribeir\u00e3o Preto celebra 25 anos<\/h3>\n<\/p>\n<p>O post Aprenda a fazer uma deliciosa broa de fub\u00e1 apareceu primeiro em ACidade ON Ribeir\u00e3o Preto.<\/p>\n<p><script async src=\"https:\/\/platform.twitter.com\/widgets.js\" charset=\"utf-8\"><\/script><script async src=\"\/\/www.instagram.com\/embed.js\"><\/script><br \/>\n<br \/><br \/>\n<br \/><a href=\"https:\/\/www.acidadeon.com\/ribeiraopreto\/conteudo-patrocinado\/momento-da-familia\/aprenda-a-fazer-uma-deliciosa-broa-de-fuba\/\">Link para o texto original aqui <\/a><\/p>\n<!-- CONTENT END 1 -->\n","protected":false},"excerpt":{"rendered":"<p>Broa de fub\u00e1: aprenda uma receita simples para o caf\u00e9 em fam\u00edlia Cheirinho de broa de fub\u00e1 e caf\u00e9 fresquinho \u00e9 uma combina\u00e7\u00e3o que desperta&#8230;<\/p>\n","protected":false},"author":1,"featured_media":90924,"comment_status":"","ping_status":"","sticky":false,"template":"","format":"standard","meta":{"advanced_seo_description":"","jetpack_seo_html_title":"","jetpack_seo_noindex":false,"jetpack_seo_schema_type":"","_jetpack_newsletter_access":"","_jetpack_dont_email_post_to_subs":false,"_jetpack_newsletter_tier_id":0,"_jetpack_memberships_contains_paywalled_content":false,"_jetpack_feature_clip_id":0,"_jetpack_memberships_contains_paid_content":false,"footnotes":"","jetpack_publicize_message":"","jetpack_publicize_feature_enabled":true,"jetpack_social_post_already_shared":true,"jetpack_social_options":{"image_generator_settings":{"template":"highway","default_image_id":0,"font":"","enabled":false},"version":2},"jetpack_post_was_ever_published":false},"categories":[11],"tags":[7784,8338,8867,284,8339,85],"class_list":["post-90923","post","type-post","status-publish","format-standard","has-post-thumbnail","hentry","category-noticias-de-ribeirao-preto-sp-e-regiao-ismael-colosi","tag-aprenda","tag-broa","tag-deliciosa","tag-fazer","tag-fuba","tag-uma"],"jetpack_publicize_connections":[],"jetpack-related-posts":[{"id":89565,"url":"https:\/\/noticiasribeiraopreto.com.br\/index.php\/2026\/08\/07\/broa-de-fuba-sabor-tradicional-que-traz-lembrancas\/","url_meta":{"origin":90923,"position":0},"title":"Broa de Fub\u00e1: sabor tradicional que traz lembran\u00e7as","author":"noticiasribeiraopreto.com.br","date":"7 de August de 2026","format":false,"excerpt":"O cheirinho de broa de fub\u00e1 saindo do forno tem o poder de despertar lembran\u00e7as, reunir a fam\u00edlia e aquecer o cora\u00e7\u00e3o. Com seu sabor caseiro, textura macia e aquele aroma que toma conta da cozinha, a receita \u00e9 daquelas que atravessam gera\u00e7\u00f5es e permanecem presentes na mem\u00f3ria afetiva de\u2026","rel":"","context":"In &quot;Not\u00edcias de Ribeir\u00e3o Preto-SP e Regi\u00e3o&quot;","block_context":{"text":"Not\u00edcias de Ribeir\u00e3o Preto-SP e Regi\u00e3o","link":"https:\/\/noticiasribeiraopreto.com.br\/index.php\/category\/noticias-de-ribeirao-preto-sp-e-regiao-ismael-colosi\/"},"img":{"alt_text":"","src":"https:\/\/i0.wp.com\/noticiasribeiraopreto.com.br\/wp-content\/uploads\/2026\/08\/CAPA-RECEITA-BROINHA-DE-FUBA-ALTA.jpeg?fit=1200%2C670&ssl=1&resize=350%2C200","width":350,"height":200,"srcset":"https:\/\/i0.wp.com\/noticiasribeiraopreto.com.br\/wp-content\/uploads\/2026\/08\/CAPA-RECEITA-BROINHA-DE-FUBA-ALTA.jpeg?fit=1200%2C670&ssl=1&resize=350%2C200 1x, https:\/\/i0.wp.com\/noticiasribeiraopreto.com.br\/wp-content\/uploads\/2026\/08\/CAPA-RECEITA-BROINHA-DE-FUBA-ALTA.jpeg?fit=1200%2C670&ssl=1&resize=525%2C300 1.5x, https:\/\/i0.wp.com\/noticiasribeiraopreto.com.br\/wp-content\/uploads\/2026\/08\/CAPA-RECEITA-BROINHA-DE-FUBA-ALTA.jpeg?fit=1200%2C670&ssl=1&resize=700%2C400 2x, https:\/\/i0.wp.com\/noticiasribeiraopreto.com.br\/wp-content\/uploads\/2026\/08\/CAPA-RECEITA-BROINHA-DE-FUBA-ALTA.jpeg?fit=1200%2C670&ssl=1&resize=1050%2C600 3x"},"classes":[]},{"id":65247,"url":"https:\/\/noticiasribeiraopreto.com.br\/index.php\/2025\/03\/18\/jornal-da-franca-sabe-fazer-pao-caseiro-aprenda-uma-receita-que-e-facil-e-fica-uma-delicia\/","url_meta":{"origin":90923,"position":1},"title":"Jornal da Franca &#8211; Sabe fazer p\u00e3o caseiro? Aprenda uma receita que \u00e9 f\u00e1cil e fica uma del\u00edcia","author":"noticiasribeiraopreto.com.br","date":"18 de March de 2025","format":false,"excerpt":"compartilhar no whatsapp compartilhar no telegram compartilhar no facebook compartilhar no linkedin P\u00e3ezinhos ficam leves e combinam com recheios salgados e doces P\u00e3ezinhos ficam leves e combinam com recheios salgados e doces Aprenda agora mesmo a fazer essa maravilha de P\u00e3o de Frigideira que eu, Chef Delicatessen, deixei bem explicado,\u2026","rel":"","context":"In &quot;Not\u00edcias de Franca-SP&quot;","block_context":{"text":"Not\u00edcias de Franca-SP","link":"https:\/\/noticiasribeiraopreto.com.br\/index.php\/category\/noticias-de-ribeirao-preto-sp-e-regiao-ismael-colosi\/noticias-franca-sp\/"},"img":{"alt_text":"","src":"https:\/\/i0.wp.com\/noticiasribeiraopreto.com.br\/wp-content\/uploads\/2025\/03\/pao-de-frigideira-pronto-1.jpg?fit=1200%2C630&ssl=1&resize=350%2C200","width":350,"height":200,"srcset":"https:\/\/i0.wp.com\/noticiasribeiraopreto.com.br\/wp-content\/uploads\/2025\/03\/pao-de-frigideira-pronto-1.jpg?fit=1200%2C630&ssl=1&resize=350%2C200 1x, https:\/\/i0.wp.com\/noticiasribeiraopreto.com.br\/wp-content\/uploads\/2025\/03\/pao-de-frigideira-pronto-1.jpg?fit=1200%2C630&ssl=1&resize=525%2C300 1.5x, https:\/\/i0.wp.com\/noticiasribeiraopreto.com.br\/wp-content\/uploads\/2025\/03\/pao-de-frigideira-pronto-1.jpg?fit=1200%2C630&ssl=1&resize=700%2C400 2x, https:\/\/i0.wp.com\/noticiasribeiraopreto.com.br\/wp-content\/uploads\/2025\/03\/pao-de-frigideira-pronto-1.jpg?fit=1200%2C630&ssl=1&resize=1050%2C600 3x"},"classes":[]},{"id":61823,"url":"https:\/\/noticiasribeiraopreto.com.br\/index.php\/2024\/12\/23\/prato-tipico-de-natal-esta-na-lista-das-10-piores-comidas-brasileiras-veja-qual\/","url_meta":{"origin":90923,"position":2},"title":"Prato t\u00edpico de Natal est\u00e1 na lista das 10 piores comidas brasileiras; veja qual","author":"noticiasribeiraopreto.com.br","date":"23 de December de 2024","format":false,"excerpt":"O salpic\u00e3o de frango, receita muito popular para os brasileiros e comum no per\u00edodo natalino, foi considerado o 7\u00ba pior prato feito no Brasil. \u00c9 o que diz uma pesquisa feita pelo Taste Atlas, site americano conhecido por dar dicas de viagem para o p\u00fablico. A culin\u00e1ria brasileira foi avaliada\u2026","rel":"","context":"In &quot;Not\u00edcias de Ribeir\u00e3o Preto-SP e Regi\u00e3o&quot;","block_context":{"text":"Not\u00edcias de Ribeir\u00e3o Preto-SP e Regi\u00e3o","link":"https:\/\/noticiasribeiraopreto.com.br\/index.php\/category\/noticias-de-ribeirao-preto-sp-e-regiao-ismael-colosi\/"},"img":{"alt_text":"","src":"https:\/\/i0.wp.com\/noticiasribeiraopreto.com.br\/wp-content\/uploads\/2024\/12\/Copia-de-Copia-de-Copia-de-TAMANHO-EXATO-PARA-FOTOS-NO-SISTEMA-NOVO-2024-12-23T161726.596_2024-12-23_19-17-40_png_2024-12-23_19-17-40.webp.webp?fit=1200%2C675&ssl=1&resize=350%2C200","width":350,"height":200,"srcset":"https:\/\/i0.wp.com\/noticiasribeiraopreto.com.br\/wp-content\/uploads\/2024\/12\/Copia-de-Copia-de-Copia-de-TAMANHO-EXATO-PARA-FOTOS-NO-SISTEMA-NOVO-2024-12-23T161726.596_2024-12-23_19-17-40_png_2024-12-23_19-17-40.webp.webp?fit=1200%2C675&ssl=1&resize=350%2C200 1x, https:\/\/i0.wp.com\/noticiasribeiraopreto.com.br\/wp-content\/uploads\/2024\/12\/Copia-de-Copia-de-Copia-de-TAMANHO-EXATO-PARA-FOTOS-NO-SISTEMA-NOVO-2024-12-23T161726.596_2024-12-23_19-17-40_png_2024-12-23_19-17-40.webp.webp?fit=1200%2C675&ssl=1&resize=525%2C300 1.5x, https:\/\/i0.wp.com\/noticiasribeiraopreto.com.br\/wp-content\/uploads\/2024\/12\/Copia-de-Copia-de-Copia-de-TAMANHO-EXATO-PARA-FOTOS-NO-SISTEMA-NOVO-2024-12-23T161726.596_2024-12-23_19-17-40_png_2024-12-23_19-17-40.webp.webp?fit=1200%2C675&ssl=1&resize=700%2C400 2x, https:\/\/i0.wp.com\/noticiasribeiraopreto.com.br\/wp-content\/uploads\/2024\/12\/Copia-de-Copia-de-Copia-de-TAMANHO-EXATO-PARA-FOTOS-NO-SISTEMA-NOVO-2024-12-23T161726.596_2024-12-23_19-17-40_png_2024-12-23_19-17-40.webp.webp?fit=1200%2C675&ssl=1&resize=1050%2C600 3x"},"classes":[]},{"id":89563,"url":"https:\/\/noticiasribeiraopreto.com.br\/index.php\/2026\/08\/07\/arroz-doce-receita-cremosa-fica-pronta-em-apenas-5-minutos\/","url_meta":{"origin":90923,"position":3},"title":"Arroz doce: receita cremosa fica pronta em apenas 5 minutos","author":"noticiasribeiraopreto.com.br","date":"7 de August de 2026","format":false,"excerpt":"Uma receita simples, r\u00e1pida e cheia de lembran\u00e7as afetivas. No Momento da Fam\u00edlia, Andr\u00e9a Vitaliano mostrou como preparar um arroz doce super cremoso utilizando a panela de press\u00e3o, com apenas cinco minutos de cozimento ap\u00f3s pegar press\u00e3o. A receita \u00e9 uma op\u00e7\u00e3o pr\u00e1tica para quem deseja preparar uma sobremesa tradicional\u2026","rel":"","context":"In &quot;Not\u00edcias de Ribeir\u00e3o Preto-SP e Regi\u00e3o&quot;","block_context":{"text":"Not\u00edcias de Ribeir\u00e3o Preto-SP e Regi\u00e3o","link":"https:\/\/noticiasribeiraopreto.com.br\/index.php\/category\/noticias-de-ribeirao-preto-sp-e-regiao-ismael-colosi\/"},"img":{"alt_text":"","src":"https:\/\/i0.wp.com\/noticiasribeiraopreto.com.br\/wp-content\/uploads\/2026\/08\/Foto-1-1.jpeg?fit=1200%2C670&ssl=1&resize=350%2C200","width":350,"height":200,"srcset":"https:\/\/i0.wp.com\/noticiasribeiraopreto.com.br\/wp-content\/uploads\/2026\/08\/Foto-1-1.jpeg?fit=1200%2C670&ssl=1&resize=350%2C200 1x, https:\/\/i0.wp.com\/noticiasribeiraopreto.com.br\/wp-content\/uploads\/2026\/08\/Foto-1-1.jpeg?fit=1200%2C670&ssl=1&resize=525%2C300 1.5x, https:\/\/i0.wp.com\/noticiasribeiraopreto.com.br\/wp-content\/uploads\/2026\/08\/Foto-1-1.jpeg?fit=1200%2C670&ssl=1&resize=700%2C400 2x, https:\/\/i0.wp.com\/noticiasribeiraopreto.com.br\/wp-content\/uploads\/2026\/08\/Foto-1-1.jpeg?fit=1200%2C670&ssl=1&resize=1050%2C600 3x"},"classes":[]},{"id":88308,"url":"https:\/\/noticiasribeiraopreto.com.br\/index.php\/2026\/07\/17\/aprenda-a-fazer-caldo-de-palmito-com-frango\/","url_meta":{"origin":90923,"position":4},"title":"Aprenda a fazer caldo de palmito com frango","author":"noticiasribeiraopreto.com.br","date":"17 de July de 2026","format":false,"excerpt":"Os dias mais frios do ano s\u00e3o um convite para preparar receitas que proporcionam aconchego, sabor e momentos especiais ao lado de quem se ama. Pensando nisso, a s\u00e9rie especial de caldos do Momento da Fam\u00edlia apresenta mais uma op\u00e7\u00e3o pr\u00e1tica e deliciosa para o inverno: o caldo de palmito\u2026","rel":"","context":"In &quot;Not\u00edcias de Ribeir\u00e3o Preto-SP e Regi\u00e3o&quot;","block_context":{"text":"Not\u00edcias de Ribeir\u00e3o Preto-SP e Regi\u00e3o","link":"https:\/\/noticiasribeiraopreto.com.br\/index.php\/category\/noticias-de-ribeirao-preto-sp-e-regiao-ismael-colosi\/"},"img":{"alt_text":"","src":"https:\/\/i0.wp.com\/noticiasribeiraopreto.com.br\/wp-content\/uploads\/2026\/07\/capa-CALDO-DE-PALMITO.png?fit=902%2C508&ssl=1&resize=350%2C200","width":350,"height":200,"srcset":"https:\/\/i0.wp.com\/noticiasribeiraopreto.com.br\/wp-content\/uploads\/2026\/07\/capa-CALDO-DE-PALMITO.png?fit=902%2C508&ssl=1&resize=350%2C200 1x, https:\/\/i0.wp.com\/noticiasribeiraopreto.com.br\/wp-content\/uploads\/2026\/07\/capa-CALDO-DE-PALMITO.png?fit=902%2C508&ssl=1&resize=525%2C300 1.5x, https:\/\/i0.wp.com\/noticiasribeiraopreto.com.br\/wp-content\/uploads\/2026\/07\/capa-CALDO-DE-PALMITO.png?fit=902%2C508&ssl=1&resize=700%2C400 2x"},"classes":[]},{"id":88306,"url":"https:\/\/noticiasribeiraopreto.com.br\/index.php\/2026\/07\/17\/aprenda-a-fazer-um-chocolate-quente-cremoso\/","url_meta":{"origin":90923,"position":5},"title":"Aprenda a fazer um chocolate quente cremoso","author":"noticiasribeiraopreto.com.br","date":"17 de July de 2026","format":false,"excerpt":"As f\u00e9rias escolares e as baixas temperaturas s\u00e3o o convite perfeito para desacelerar a rotina e aproveitar momentos especiais ao lado da fam\u00edlia. E poucas coisas combinam tanto com esse clima quanto uma caneca de chocolate quente bem cremoso, capaz de aquecer o corpo e deixar qualquer tarde ou noite\u2026","rel":"","context":"In &quot;Not\u00edcias de Ribeir\u00e3o Preto-SP e Regi\u00e3o&quot;","block_context":{"text":"Not\u00edcias de Ribeir\u00e3o Preto-SP e Regi\u00e3o","link":"https:\/\/noticiasribeiraopreto.com.br\/index.php\/category\/noticias-de-ribeirao-preto-sp-e-regiao-ismael-colosi\/"},"img":{"alt_text":"","src":"https:\/\/i0.wp.com\/noticiasribeiraopreto.com.br\/wp-content\/uploads\/2026\/07\/capa-CHOCOLATE-QUENTE.png?fit=902%2C508&ssl=1&resize=350%2C200","width":350,"height":200,"srcset":"https:\/\/i0.wp.com\/noticiasribeiraopreto.com.br\/wp-content\/uploads\/2026\/07\/capa-CHOCOLATE-QUENTE.png?fit=902%2C508&ssl=1&resize=350%2C200 1x, https:\/\/i0.wp.com\/noticiasribeiraopreto.com.br\/wp-content\/uploads\/2026\/07\/capa-CHOCOLATE-QUENTE.png?fit=902%2C508&ssl=1&resize=525%2C300 1.5x, https:\/\/i0.wp.com\/noticiasribeiraopreto.com.br\/wp-content\/uploads\/2026\/07\/capa-CHOCOLATE-QUENTE.png?fit=902%2C508&ssl=1&resize=700%2C400 2x"},"classes":[]}],"jetpack_sharing_enabled":true,"jetpack_shortlink":"https:\/\/wp.me\/peQAOb-nEv","jetpack_featured_media_url":"https:\/\/i0.wp.com\/noticiasribeiraopreto.com.br\/wp-content\/uploads\/2026\/09\/Foto-1-7.jpg?fit=1280%2C720&ssl=1","_links":{"self":[{"href":"https:\/\/noticiasribeiraopreto.com.br\/index.php\/wp-json\/wp\/v2\/posts\/90923","targetHints":{"allow":["GET"]}}],"collection":[{"href":"https:\/\/noticiasribeiraopreto.com.br\/index.php\/wp-json\/wp\/v2\/posts"}],"about":[{"href":"https:\/\/noticiasribeiraopreto.com.br\/index.php\/wp-json\/wp\/v2\/types\/post"}],"author":[{"embeddable":true,"href":"https:\/\/noticiasribeiraopreto.com.br\/index.php\/wp-json\/wp\/v2\/users\/1"}],"replies":[{"embeddable":true,"href":"https:\/\/noticiasribeiraopreto.com.br\/index.php\/wp-json\/wp\/v2\/comments?post=90923"}],"version-history":[{"count":0,"href":"https:\/\/noticiasribeiraopreto.com.br\/index.php\/wp-json\/wp\/v2\/posts\/90923\/revisions"}],"wp:featuredmedia":[{"embeddable":true,"href":"https:\/\/noticiasribeiraopreto.com.br\/index.php\/wp-json\/wp\/v2\/media\/90924"}],"wp:attachment":[{"href":"https:\/\/noticiasribeiraopreto.com.br\/index.php\/wp-json\/wp\/v2\/media?parent=90923"}],"wp:term":[{"taxonomy":"category","embeddable":true,"href":"https:\/\/noticiasribeiraopreto.com.br\/index.php\/wp-json\/wp\/v2\/categories?post=90923"},{"taxonomy":"post_tag","embeddable":true,"href":"https:\/\/noticiasribeiraopreto.com.br\/index.php\/wp-json\/wp\/v2\/tags?post=90923"}],"curies":[{"name":"wp","href":"https:\/\/api.w.org\/{rel}","templated":true}]}}