{"id":90925,"date":"2026-09-01T17:27:26","date_gmt":"2026-09-01T20:27:26","guid":{"rendered":"https:\/\/noticiasribeiraopreto.com.br\/index.php\/2026\/09\/01\/aprenda-a-fazer-um-chocolate-branco-quente-cremoso\/"},"modified":"2026-09-01T17:27:26","modified_gmt":"2026-09-01T20:27:26","slug":"aprenda-a-fazer-um-chocolate-branco-quente-cremoso","status":"publish","type":"post","link":"https:\/\/noticiasribeiraopreto.com.br\/index.php\/2026\/09\/01\/aprenda-a-fazer-um-chocolate-branco-quente-cremoso\/","title":{"rendered":"Aprenda a fazer um chocolate branco quente cremoso"},"content":{"rendered":"<div class='code-block code-block-1' style='margin: 8px 0 8px auto; text-align: right; display: block; clear: both;'>\n<p><a href=\"https:\/\/wa.link\/vpicfd\"><img data-recalc-dims=\"1\" class=\"wp-image-4922\" style=\"aspect-ratio: 2.0253164556962027; width: 561px; height: auto;\" src=\"https:\/\/i0.wp.com\/ismaelcolosi.com.br\/wp-content\/uploads\/2023\/11\/grupo-de-empregos-whatsapp-e-facebook-ismael-colosi-vagas.jpg?ssl=1\" alt=\"\" \/><\/a><\/p>\n<!-- \/wp:image -->\n<\/div>\n<p> <br \/>\n<\/p>\n<h2 class=\"wp-block-heading\">Chocolate branco quente: aprenda uma receita cremosa para o inverno<\/h2>\n<p>Nos dias mais frios, uma bebida quente e cremosa \u00e9 uma \u00f3tima op\u00e7\u00e3o para reunir a fam\u00edlia. No <strong>Momento da Fam\u00edlia<\/strong>, Andr\u00e9a Vitaliano ensina uma receita de chocolate branco quente feita com poucos ingredientes e de preparo simples.<\/p>\n<p>A receita combina leite integral, leite em p\u00f3 e creme de leite para criar uma bebida encorpada e cremosa. Na hora de servir, o creme de avel\u00e3 e um pouco mais de leite em p\u00f3 d\u00e3o o toque final.<\/p>\n<h3 class=\"wp-block-heading\">Ingredientes<\/h3>\n<ul class=\"wp-block-list\">\n<li>Creme de leite<\/li>\n<li>Leite em p\u00f3<\/li>\n<li>Leite integral<\/li>\n<li>Creme de avel\u00e3 para finalizar<\/li>\n<li>Leite em p\u00f3 para finalizar<\/li>\n<\/ul>\n<h3 class=\"wp-block-heading\">Como fazer o chocolate branco quente<\/h3>\n<p>Em uma panela, coloque o creme de leite, o leite em p\u00f3 e o leite integral. Misture os ingredientes e leve ao fogo.<\/p>\n<p>Durante o preparo, \u00e9 importante continuar mexendo para evitar que a mistura empelote. Mantenha no fogo at\u00e9 ferver e atingir uma consist\u00eancia cremosa.<\/p>\n<p>Enquanto a bebida fica pronta, prepare a x\u00edcara colocando creme de avel\u00e3. Andr\u00e9a tamb\u00e9m sugere pulverizar um pouco de leite em p\u00f3 para complementar a apresenta\u00e7\u00e3o e o sabor.<\/p>\n<p>Assim que a bebida estiver quente e cremosa, despeje na x\u00edcara preparada e sirva em seguida.<\/p>\n<p>F\u00e1cil de preparar, o chocolate branco quente \u00e9 uma sugest\u00e3o para aquecer as noites mais frias e compartilhar um momento especial com toda a fam\u00edlia.<\/p>\n<figure class=\"wp-block-embed is-type-video is-provider-youtube wp-block-embed-youtube wp-embed-aspect-16-9 wp-has-aspect-ratio\">\n<div class=\"wp-block-embed__wrapper\">\n<\/div>\n<\/figure>\n<p>Links<\/p>\n<p>Site <a href=\"https:\/\/www.youtube.com\/redirect?event=channel_description&amp;redir_token=QUFFLUhqbWJqOVJ4MXBubXIyQ0dtc0JVc0FDVUZNRE9ZZ3xBQ3Jtc0tuLXNPR1VEN3VRRV84dzV6RkpUSmMzUzV1cXZUNUhoUkJ4VHNVYXZZU01uZWt3d0d5NzlxTXVwanpiblpCa1JfamhaWGJGeVNRMmpWMnh2aHlFU1RfZ3RlcU43ZjFEcThfN0dZelg1Wi0tVWtJbTdjTQ&amp;q=https%3A%2F%2Fwww.familiaprever.com.br%2F\" target=\"_blank\" rel=\"noreferrer noopener\">familiaprever.com.br<\/a><\/p>\n<p>Instagram <a href=\"https:\/\/www.youtube.com\/redirect?event=channel_description&amp;redir_token=QUFFLUhqbVo3MjRWcWlMbHNNSWMzdkZsS3NOQXVlTkNBUXxBQ3Jtc0ttWDVCOTlNTkh1MHVpNzMwQ29BUXoyMDlwNkQ0LUtJUGJVUTF2Q0E4Wjk1NTk1c0hxbk80d0VyRE1FUEtmZEpucjNhaDE4bFA1ZGljdHpqRWRBcWFtOFEwalRlbzcwYmxXY2JOZ0RSNm1rTEo1NjRrRQ&amp;q=https%3A%2F%2Fwww.instagram.com%2Fprevercamposeliseos%2F\" target=\"_blank\" rel=\"noreferrer noopener\">instagram.com\/prevercamposeliseos<\/a><\/p>\n<p>Twitter <a href=\"https:\/\/www.youtube.com\/redirect?event=channel_description&amp;redir_token=QUFFLUhqbGEzWTBYTnRSLXFMSzl6NVZDSE41Y0xYNzZwd3xBQ3Jtc0trdHlDajNpaUswYnp3T3RyZkw2Ujd0OUJFLWNrcktvX05PeFNpWVk2QTVFNHVpTzM3U3RiQjFhU2tHTUZWbGxBMlZsc2V5WTUyaklpWFRXM0E2cFRNZ0xYUG1tQllWYVo2azU1S3NNVlRVS3JteGNZZw&amp;q=https%3A%2F%2Ftwitter.com%2Ffamiliaprever\" target=\"_blank\" rel=\"noreferrer noopener\">twitter.com\/familiaprever<\/a><\/p>\n<p>Facebook <a href=\"https:\/\/www.youtube.com\/redirect?event=channel_description&amp;redir_token=QUFFLUhqa2luQnFib0VieXpYNXBEQWVwWmwwWlRZZjRmZ3xBQ3Jtc0trTHp3ZTU2dFh1dzRWZEd0SHpnQXhjMjVnSUd0X0ZRQTFqTDBJVU04Njc4b1oxeml0NzJSdG1JVHVnM3kwdFU0UlllQmdzc0x3ZEdvbXNYTUxyeUZtUlVvcU50eUJOUko1VUJKZF9tLXhNWUQxTzZkUQ&amp;q=https%3A%2F%2Fwww.facebook.com%2FFamiliaPrever%2F\" target=\"_blank\" rel=\"noreferrer noopener\">facebook.com\/FamiliaPrever<\/a><\/p>\n<p>Linkedin <a href=\"https:\/\/www.youtube.com\/redirect?event=channel_description&amp;redir_token=QUFFLUhqbjBnWl9JRnZsSDMzWUVfMmlJcmJ4aXJHWmhJZ3xBQ3Jtc0tuYlpYMVM2TFZ6ZnJnMElsVGhFazd3UEItWEduSldIOFQyVVFWemdxQUVGSWhQTW9ZMzlON005dDl6T2NUNUtFamNpSURSUUZJeXRPanZxWlV6aDVFcFNLOWlUQlR0SGJ2SC1VeE5KS19xRVhlV0V5dw&amp;q=https%3A%2F%2Fwww.linkedin.com%2Fcompany%2Ffamiliaprever%2F\" target=\"_blank\" rel=\"noreferrer noopener\">linkedin.com\/company\/familiaprever<\/a><\/p>\n<p>O post Aprenda a fazer um chocolate branco quente cremoso apareceu primeiro em ACidade ON Ribeir\u00e3o Preto.<\/p>\n<p><script async src=\"https:\/\/platform.twitter.com\/widgets.js\" charset=\"utf-8\"><\/script><script async src=\"\/\/www.instagram.com\/embed.js\"><\/script><br \/>\n<br \/><br \/>\n<br \/><a href=\"https:\/\/www.acidadeon.com\/ribeiraopreto\/conteudo-patrocinado\/momento-da-familia\/aprenda-a-fazer-um-chocolate-branco-quente-cremoso\/\">Link para o texto original aqui <\/a><\/p>\n<!-- CONTENT END 1 -->\n","protected":false},"excerpt":{"rendered":"<p>Chocolate branco quente: aprenda uma receita cremosa para o inverno Nos dias mais frios, uma bebida quente e cremosa \u00e9 uma \u00f3tima op\u00e7\u00e3o para reunir&#8230;<\/p>\n","protected":false},"author":1,"featured_media":90926,"comment_status":"","ping_status":"","sticky":false,"template":"","format":"standard","meta":{"advanced_seo_description":"","jetpack_seo_html_title":"","jetpack_seo_noindex":false,"jetpack_seo_schema_type":"","_jetpack_newsletter_access":"","_jetpack_dont_email_post_to_subs":false,"_jetpack_newsletter_tier_id":0,"_jetpack_memberships_contains_paywalled_content":false,"_jetpack_feature_clip_id":0,"_jetpack_memberships_contains_paid_content":false,"footnotes":"","jetpack_publicize_message":"","jetpack_publicize_feature_enabled":true,"jetpack_social_post_already_shared":true,"jetpack_social_options":{"image_generator_settings":{"template":"highway","default_image_id":0,"font":"","enabled":false},"version":2},"jetpack_post_was_ever_published":false},"categories":[11],"tags":[7784,1446,3272,7785,284,1294],"class_list":["post-90925","post","type-post","status-publish","format-standard","has-post-thumbnail","hentry","category-noticias-de-ribeirao-preto-sp-e-regiao-ismael-colosi","tag-aprenda","tag-branco","tag-chocolate","tag-cremoso","tag-fazer","tag-quente"],"jetpack_publicize_connections":[],"jetpack-related-posts":[{"id":88306,"url":"https:\/\/noticiasribeiraopreto.com.br\/index.php\/2026\/07\/17\/aprenda-a-fazer-um-chocolate-quente-cremoso\/","url_meta":{"origin":90925,"position":0},"title":"Aprenda a fazer um chocolate quente cremoso","author":"noticiasribeiraopreto.com.br","date":"17 de July de 2026","format":false,"excerpt":"As f\u00e9rias escolares e as baixas temperaturas s\u00e3o o convite perfeito para desacelerar a rotina e aproveitar momentos especiais ao lado da fam\u00edlia. E poucas coisas combinam tanto com esse clima quanto uma caneca de chocolate quente bem cremoso, capaz de aquecer o corpo e deixar qualquer tarde ou noite\u2026","rel":"","context":"In &quot;Not\u00edcias de Ribeir\u00e3o Preto-SP e Regi\u00e3o&quot;","block_context":{"text":"Not\u00edcias de Ribeir\u00e3o Preto-SP e Regi\u00e3o","link":"https:\/\/noticiasribeiraopreto.com.br\/index.php\/category\/noticias-de-ribeirao-preto-sp-e-regiao-ismael-colosi\/"},"img":{"alt_text":"","src":"https:\/\/i0.wp.com\/noticiasribeiraopreto.com.br\/wp-content\/uploads\/2026\/07\/capa-CHOCOLATE-QUENTE.png?fit=902%2C508&ssl=1&resize=350%2C200","width":350,"height":200,"srcset":"https:\/\/i0.wp.com\/noticiasribeiraopreto.com.br\/wp-content\/uploads\/2026\/07\/capa-CHOCOLATE-QUENTE.png?fit=902%2C508&ssl=1&resize=350%2C200 1x, https:\/\/i0.wp.com\/noticiasribeiraopreto.com.br\/wp-content\/uploads\/2026\/07\/capa-CHOCOLATE-QUENTE.png?fit=902%2C508&ssl=1&resize=525%2C300 1.5x, https:\/\/i0.wp.com\/noticiasribeiraopreto.com.br\/wp-content\/uploads\/2026\/07\/capa-CHOCOLATE-QUENTE.png?fit=902%2C508&ssl=1&resize=700%2C400 2x"},"classes":[]},{"id":18768,"url":"https:\/\/noticiasribeiraopreto.com.br\/index.php\/2023\/12\/21\/5-sobremesas-que-nao-podem-faltar-na-ceia-de-natal-meu-valor-digital\/","url_meta":{"origin":90925,"position":1},"title":"5 sobremesas que n\u00e3o podem faltar na ceia de Natal &#8211; Meu Valor Digital","author":"noticiasribeiraopreto.com.br","date":"21 de December de 2023","format":false,"excerpt":"Natal \u00e9 uma \u00e9poca em que todo mundo esquece a dieta e n\u00e3o resiste \u00e0s gostosuras da ceia. S\u00e3o os pratos e as maravilhosas sobremesas que nos deixam com \u00e1gua na boca. Ningu\u00e9m consegue ficar sem comer o pav\u00ea de chocolate, o pudim de leite condensado ou a torta alem\u00e3.\u00a0\u2026","rel":"","context":"In &quot;Vagas de Emprego em Ribeir\u00e3o Preto-SP&quot;","block_context":{"text":"Vagas de Emprego em Ribeir\u00e3o Preto-SP","link":"https:\/\/noticiasribeiraopreto.com.br\/index.php\/category\/empregos-classificados-vagas-trabalho\/vagas-de-empregos-em-ribeirao-preto-regiao-brasil\/"},"img":{"alt_text":"","src":"https:\/\/i0.wp.com\/noticiasribeiraopreto.com.br\/wp-content\/uploads\/2023\/12\/Sobremesas-Natal.jpg?fit=1200%2C773&ssl=1&resize=350%2C200","width":350,"height":200,"srcset":"https:\/\/i0.wp.com\/noticiasribeiraopreto.com.br\/wp-content\/uploads\/2023\/12\/Sobremesas-Natal.jpg?fit=1200%2C773&ssl=1&resize=350%2C200 1x, https:\/\/i0.wp.com\/noticiasribeiraopreto.com.br\/wp-content\/uploads\/2023\/12\/Sobremesas-Natal.jpg?fit=1200%2C773&ssl=1&resize=525%2C300 1.5x, https:\/\/i0.wp.com\/noticiasribeiraopreto.com.br\/wp-content\/uploads\/2023\/12\/Sobremesas-Natal.jpg?fit=1200%2C773&ssl=1&resize=700%2C400 2x, https:\/\/i0.wp.com\/noticiasribeiraopreto.com.br\/wp-content\/uploads\/2023\/12\/Sobremesas-Natal.jpg?fit=1200%2C773&ssl=1&resize=1050%2C600 3x"},"classes":[]},{"id":89563,"url":"https:\/\/noticiasribeiraopreto.com.br\/index.php\/2026\/08\/07\/arroz-doce-receita-cremosa-fica-pronta-em-apenas-5-minutos\/","url_meta":{"origin":90925,"position":2},"title":"Arroz doce: receita cremosa fica pronta em apenas 5 minutos","author":"noticiasribeiraopreto.com.br","date":"7 de August de 2026","format":false,"excerpt":"Uma receita simples, r\u00e1pida e cheia de lembran\u00e7as afetivas. No Momento da Fam\u00edlia, Andr\u00e9a Vitaliano mostrou como preparar um arroz doce super cremoso utilizando a panela de press\u00e3o, com apenas cinco minutos de cozimento ap\u00f3s pegar press\u00e3o. A receita \u00e9 uma op\u00e7\u00e3o pr\u00e1tica para quem deseja preparar uma sobremesa tradicional\u2026","rel":"","context":"In &quot;Not\u00edcias de Ribeir\u00e3o Preto-SP e Regi\u00e3o&quot;","block_context":{"text":"Not\u00edcias de Ribeir\u00e3o Preto-SP e Regi\u00e3o","link":"https:\/\/noticiasribeiraopreto.com.br\/index.php\/category\/noticias-de-ribeirao-preto-sp-e-regiao-ismael-colosi\/"},"img":{"alt_text":"","src":"https:\/\/i0.wp.com\/noticiasribeiraopreto.com.br\/wp-content\/uploads\/2026\/08\/Foto-1-1.jpeg?fit=1200%2C670&ssl=1&resize=350%2C200","width":350,"height":200,"srcset":"https:\/\/i0.wp.com\/noticiasribeiraopreto.com.br\/wp-content\/uploads\/2026\/08\/Foto-1-1.jpeg?fit=1200%2C670&ssl=1&resize=350%2C200 1x, https:\/\/i0.wp.com\/noticiasribeiraopreto.com.br\/wp-content\/uploads\/2026\/08\/Foto-1-1.jpeg?fit=1200%2C670&ssl=1&resize=525%2C300 1.5x, https:\/\/i0.wp.com\/noticiasribeiraopreto.com.br\/wp-content\/uploads\/2026\/08\/Foto-1-1.jpeg?fit=1200%2C670&ssl=1&resize=700%2C400 2x, https:\/\/i0.wp.com\/noticiasribeiraopreto.com.br\/wp-content\/uploads\/2026\/08\/Foto-1-1.jpeg?fit=1200%2C670&ssl=1&resize=1050%2C600 3x"},"classes":[]},{"id":88321,"url":"https:\/\/noticiasribeiraopreto.com.br\/index.php\/2026\/07\/17\/aprenda-a-fazer-um-delicioso-caldo-de-cabotia\/","url_meta":{"origin":90925,"position":3},"title":"Aprenda a fazer um delicioso caldo de caboti\u00e1","author":"noticiasribeiraopreto.com.br","date":"17 de July de 2026","format":false,"excerpt":"A s\u00e9rie especial de caldos do Momento da Fam\u00edlia chega ao fim com uma receita que re\u00fane sabor, praticidade e aquele toque de aconchego t\u00edpico dos dias frios. Para encerrar essa sele\u00e7\u00e3o de pratos preparados especialmente para o inverno, a apresentadora escolheu um de seus favoritos: o tradicional caldo de\u2026","rel":"","context":"In &quot;Not\u00edcias de Ribeir\u00e3o Preto-SP e Regi\u00e3o&quot;","block_context":{"text":"Not\u00edcias de Ribeir\u00e3o Preto-SP e Regi\u00e3o","link":"https:\/\/noticiasribeiraopreto.com.br\/index.php\/category\/noticias-de-ribeirao-preto-sp-e-regiao-ismael-colosi\/"},"img":{"alt_text":"","src":"https:\/\/i0.wp.com\/noticiasribeiraopreto.com.br\/wp-content\/uploads\/2026\/07\/Foto-2-3.png?fit=1200%2C675&ssl=1&resize=350%2C200","width":350,"height":200,"srcset":"https:\/\/i0.wp.com\/noticiasribeiraopreto.com.br\/wp-content\/uploads\/2026\/07\/Foto-2-3.png?fit=1200%2C675&ssl=1&resize=350%2C200 1x, https:\/\/i0.wp.com\/noticiasribeiraopreto.com.br\/wp-content\/uploads\/2026\/07\/Foto-2-3.png?fit=1200%2C675&ssl=1&resize=525%2C300 1.5x, https:\/\/i0.wp.com\/noticiasribeiraopreto.com.br\/wp-content\/uploads\/2026\/07\/Foto-2-3.png?fit=1200%2C675&ssl=1&resize=700%2C400 2x, https:\/\/i0.wp.com\/noticiasribeiraopreto.com.br\/wp-content\/uploads\/2026\/07\/Foto-2-3.png?fit=1200%2C675&ssl=1&resize=1050%2C600 3x"},"classes":[]},{"id":88308,"url":"https:\/\/noticiasribeiraopreto.com.br\/index.php\/2026\/07\/17\/aprenda-a-fazer-caldo-de-palmito-com-frango\/","url_meta":{"origin":90925,"position":4},"title":"Aprenda a fazer caldo de palmito com frango","author":"noticiasribeiraopreto.com.br","date":"17 de July de 2026","format":false,"excerpt":"Os dias mais frios do ano s\u00e3o um convite para preparar receitas que proporcionam aconchego, sabor e momentos especiais ao lado de quem se ama. Pensando nisso, a s\u00e9rie especial de caldos do Momento da Fam\u00edlia apresenta mais uma op\u00e7\u00e3o pr\u00e1tica e deliciosa para o inverno: o caldo de palmito\u2026","rel":"","context":"In &quot;Not\u00edcias de Ribeir\u00e3o Preto-SP e Regi\u00e3o&quot;","block_context":{"text":"Not\u00edcias de Ribeir\u00e3o Preto-SP e Regi\u00e3o","link":"https:\/\/noticiasribeiraopreto.com.br\/index.php\/category\/noticias-de-ribeirao-preto-sp-e-regiao-ismael-colosi\/"},"img":{"alt_text":"","src":"https:\/\/i0.wp.com\/noticiasribeiraopreto.com.br\/wp-content\/uploads\/2026\/07\/capa-CALDO-DE-PALMITO.png?fit=902%2C508&ssl=1&resize=350%2C200","width":350,"height":200,"srcset":"https:\/\/i0.wp.com\/noticiasribeiraopreto.com.br\/wp-content\/uploads\/2026\/07\/capa-CALDO-DE-PALMITO.png?fit=902%2C508&ssl=1&resize=350%2C200 1x, https:\/\/i0.wp.com\/noticiasribeiraopreto.com.br\/wp-content\/uploads\/2026\/07\/capa-CALDO-DE-PALMITO.png?fit=902%2C508&ssl=1&resize=525%2C300 1.5x, https:\/\/i0.wp.com\/noticiasribeiraopreto.com.br\/wp-content\/uploads\/2026\/07\/capa-CALDO-DE-PALMITO.png?fit=902%2C508&ssl=1&resize=700%2C400 2x"},"classes":[]},{"id":84416,"url":"https:\/\/noticiasribeiraopreto.com.br\/index.php\/2026\/04\/09\/sobremesa-gluten-free-com-andrea-vitaliano\/","url_meta":{"origin":90925,"position":5},"title":"Sobremesa Gluten Free com Andr\u00e9a Vitaliano","author":"noticiasribeiraopreto.com.br","date":"9 de April de 2026","format":false,"excerpt":"Ler o resumo da not\u00edcia Andr\u00e9a Vitaliano apresentou receita de sobremesa sem gl\u00faten no programa Momento da Fam\u00edlia. A proposta consiste em cestinhas nutritivas feitas com banana, chocolate 70%, \u00f3leo de coco, chia e aveia sem gl\u00faten. A massa \u00e9 modelada em forminhas de silicone e rechada com doce de\u2026","rel":"","context":"In &quot;Not\u00edcias de Ribeir\u00e3o Preto-SP e Regi\u00e3o&quot;","block_context":{"text":"Not\u00edcias de Ribeir\u00e3o Preto-SP e Regi\u00e3o","link":"https:\/\/noticiasribeiraopreto.com.br\/index.php\/category\/noticias-de-ribeirao-preto-sp-e-regiao-ismael-colosi\/"},"img":{"alt_text":"","src":"https:\/\/i0.wp.com\/noticiasribeiraopreto.com.br\/wp-content\/uploads\/2026\/04\/capa-RECEITA-GLUTEN-FREE-ALTA_2026-04-09_13-14-51.webp.webp?fit=1114%2C628&ssl=1&resize=350%2C200","width":350,"height":200,"srcset":"https:\/\/i0.wp.com\/noticiasribeiraopreto.com.br\/wp-content\/uploads\/2026\/04\/capa-RECEITA-GLUTEN-FREE-ALTA_2026-04-09_13-14-51.webp.webp?fit=1114%2C628&ssl=1&resize=350%2C200 1x, https:\/\/i0.wp.com\/noticiasribeiraopreto.com.br\/wp-content\/uploads\/2026\/04\/capa-RECEITA-GLUTEN-FREE-ALTA_2026-04-09_13-14-51.webp.webp?fit=1114%2C628&ssl=1&resize=525%2C300 1.5x, https:\/\/i0.wp.com\/noticiasribeiraopreto.com.br\/wp-content\/uploads\/2026\/04\/capa-RECEITA-GLUTEN-FREE-ALTA_2026-04-09_13-14-51.webp.webp?fit=1114%2C628&ssl=1&resize=700%2C400 2x, https:\/\/i0.wp.com\/noticiasribeiraopreto.com.br\/wp-content\/uploads\/2026\/04\/capa-RECEITA-GLUTEN-FREE-ALTA_2026-04-09_13-14-51.webp.webp?fit=1114%2C628&ssl=1&resize=1050%2C600 3x"},"classes":[]}],"jetpack_sharing_enabled":true,"jetpack_shortlink":"https:\/\/wp.me\/peQAOb-nEx","jetpack_featured_media_url":"https:\/\/i0.wp.com\/noticiasribeiraopreto.com.br\/wp-content\/uploads\/2026\/09\/Foto-1-8.jpg?fit=1280%2C720&ssl=1","_links":{"self":[{"href":"https:\/\/noticiasribeiraopreto.com.br\/index.php\/wp-json\/wp\/v2\/posts\/90925","targetHints":{"allow":["GET"]}}],"collection":[{"href":"https:\/\/noticiasribeiraopreto.com.br\/index.php\/wp-json\/wp\/v2\/posts"}],"about":[{"href":"https:\/\/noticiasribeiraopreto.com.br\/index.php\/wp-json\/wp\/v2\/types\/post"}],"author":[{"embeddable":true,"href":"https:\/\/noticiasribeiraopreto.com.br\/index.php\/wp-json\/wp\/v2\/users\/1"}],"replies":[{"embeddable":true,"href":"https:\/\/noticiasribeiraopreto.com.br\/index.php\/wp-json\/wp\/v2\/comments?post=90925"}],"version-history":[{"count":0,"href":"https:\/\/noticiasribeiraopreto.com.br\/index.php\/wp-json\/wp\/v2\/posts\/90925\/revisions"}],"wp:featuredmedia":[{"embeddable":true,"href":"https:\/\/noticiasribeiraopreto.com.br\/index.php\/wp-json\/wp\/v2\/media\/90926"}],"wp:attachment":[{"href":"https:\/\/noticiasribeiraopreto.com.br\/index.php\/wp-json\/wp\/v2\/media?parent=90925"}],"wp:term":[{"taxonomy":"category","embeddable":true,"href":"https:\/\/noticiasribeiraopreto.com.br\/index.php\/wp-json\/wp\/v2\/categories?post=90925"},{"taxonomy":"post_tag","embeddable":true,"href":"https:\/\/noticiasribeiraopreto.com.br\/index.php\/wp-json\/wp\/v2\/tags?post=90925"}],"curies":[{"name":"wp","href":"https:\/\/api.w.org\/{rel}","templated":true}]}}