{"id":90927,"date":"2026-09-01T18:03:11","date_gmt":"2026-09-01T21:03:11","guid":{"rendered":"https:\/\/noticiasribeiraopreto.com.br\/index.php\/2026\/09\/01\/acidente-entre-carro-e-trem-deixa-motorista-ferido-no-interior-de-sp-video\/"},"modified":"2026-09-01T18:03:11","modified_gmt":"2026-09-01T21:03:11","slug":"acidente-entre-carro-e-trem-deixa-motorista-ferido-no-interior-de-sp-video","status":"publish","type":"post","link":"https:\/\/noticiasribeiraopreto.com.br\/index.php\/2026\/09\/01\/acidente-entre-carro-e-trem-deixa-motorista-ferido-no-interior-de-sp-video\/","title":{"rendered":"Acidente entre carro e trem deixa motorista ferido no interior de SP; V\u00cdDEO"},"content":{"rendered":"<div class='code-block code-block-1' style='margin: 8px 0 8px auto; text-align: right; display: block; clear: both;'>\n<p><a href=\"https:\/\/wa.link\/vpicfd\"><img data-recalc-dims=\"1\" class=\"wp-image-4922\" style=\"aspect-ratio: 2.0253164556962027; width: 561px; height: auto;\" src=\"https:\/\/i0.wp.com\/ismaelcolosi.com.br\/wp-content\/uploads\/2023\/11\/grupo-de-empregos-whatsapp-e-facebook-ismael-colosi-vagas.jpg?ssl=1\" alt=\"\" \/><\/a><\/p>\n<!-- \/wp:image -->\n<\/div>\n<p> <br \/>\n<\/p>\n<p>Um motorista de 53 anos ficou ferido ap\u00f3s o carro que dirigia ser atingido por um trem na noite de domingo (30), em Santa Ernestina, no interior de S\u00e3o Paulo.<\/p>\n<p>O acidente aconteceu na rua Vinte e Um de Mar\u00e7o. Segundo a <strong>Secretaria da Seguran\u00e7a P\u00fablica (SSP)<\/strong>, policiais foram acionados para atender a ocorr\u00eancia e apuraram que o motorista n\u00e3o conseguiu parar no cruzamento, quando o ve\u00edculo acabou atingido pela composi\u00e7\u00e3o ferrovi\u00e1ria.<\/p>\n<div class=\"wp-block-image\">\n<figure class=\"aligncenter size-large\"><figcaption class=\"wp-element-caption\">Carro \u00e9 atingido por trem em Santa Ernestina, SP \u2014 Foto: Reprodu\u00e7\u00e3o\/Trains Live Brasil<\/figcaption><\/figure>\n<\/div>\n<p class=\"has-text-align-center\"><em>Receba not\u00edcias do\u00a0<strong>acidade on Ribeir\u00e3o\u00a0<\/strong>no WhatsApp e fique por dentro de tudo! Basta acessar o link<a href=\"https:\/\/chat.whatsapp.com\/DfXwcjKVIddHUT3BvnQuPZ?mode=hqctshi\" target=\"_blank\" rel=\"noreferrer noopener\">\u00a0aqui<\/a>!<\/em><\/p>\n<p>A v\u00edtima recebeu atendimento e foi levada ao Pronto-Socorro de Taquaritinga, onde permaneceu sob cuidados m\u00e9dicos. O estado de sa\u00fade n\u00e3o foi divulgado.<\/p>\n<div class=\"wp-block-image\">\n<figure class=\"aligncenter size-full\"><img data-recalc-dims=\"1\" loading=\"lazy\" decoding=\"async\" width=\"984\" height=\"550\" src=\"https:\/\/i0.wp.com\/www.acidadeon.com\/ribeiraopreto\/wp-content\/uploads\/sites\/3\/2026\/09\/image-8.png?resize=984%2C550&#038;ssl=1\" alt=\"image 8\" class=\"wp-image-173332\" title=\"Acidente entre carro e trem deixa motorista ferido no interior de SP; V\u00cdDEO 2\"><figcaption class=\"wp-element-caption\">Carro \u00e9 atingido por trem em Santa Ernestina, SP \u2014 Foto: Reprodu\u00e7\u00e3o\/Trains Live Brasil<\/figcaption><\/figure>\n<\/div>\n<p>Ainda segundo a SSP, o ve\u00edculo foi apreendido por apresentar irregularidades. O caso foi registrado como les\u00e3o corporal culposa na dire\u00e7\u00e3o de ve\u00edculo automotor na Delegacia de Taquaritinga, que mant\u00e9m dilig\u00eancias para esclarecer as circunst\u00e2ncias do acidente.<\/p>\n<figure class=\"wp-block-image size-large\"><img data-recalc-dims=\"1\" loading=\"lazy\" decoding=\"async\" width=\"1024\" height=\"544\" src=\"https:\/\/i0.wp.com\/www.acidadeon.com\/ribeiraopreto\/wp-content\/uploads\/sites\/3\/2026\/09\/image-10-1024x544.png?resize=1024%2C544&#038;ssl=1\" alt=\"image 10\" class=\"wp-image-173335\" title=\"Acidente entre carro e trem deixa motorista ferido no interior de SP; V\u00cdDEO 3\"><figcaption class=\"wp-element-caption\">Carro \u00e9 atingido por trem em Santa Ernestina, SP \u2014 Foto: Reprodu\u00e7\u00e3o\/Trains Live Brasil<\/figcaption><\/figure>\n<h2 class=\"wp-block-heading\">V\u00eddeo mostra momento do acidente<\/h2>\n<p>Imagens de uma c\u00e2mera de seguran\u00e7a registraram o momento em que a locomotiva atingiu a parte da frente do carro na passagem em n\u00edvel.<\/p>\n<p>Em nota, a Rumo, concession\u00e1ria respons\u00e1vel pela linha f\u00e9rrea, informou que o acidente aconteceu por volta das 20h20, durante a aproxima\u00e7\u00e3o de uma composi\u00e7\u00e3o ferrovi\u00e1ria.<\/p>\n<p>Segundo a empresa, o ve\u00edculo parou sobre a passagem em n\u00edvel e o motorista n\u00e3o respeitou a sinaliza\u00e7\u00e3o existente no local.<\/p>\n<figure class=\"wp-block-video aligncenter\"><video height=\"1065\" width=\"1700\" controls src=\"https:\/\/www.acidadeon.com\/ribeiraopreto\/wp-content\/uploads\/sites\/3\/2026\/09\/Copia-de-Copia-de-MOLDURAS-G1-.mp4\"><\/video><\/figure>\n<p>A concession\u00e1ria informou que o maquinista acionou os protocolos de seguran\u00e7a, incluindo a buzina e o freio de emerg\u00eancia. No entanto, segundo a Rumo, o peso e o tamanho da composi\u00e7\u00e3o ferrovi\u00e1ria impediram que o impacto fosse evitado.<\/p>\n<p>Equipes de atendimento e autoridades foram acionadas para prestar assist\u00eancia e adotar as provid\u00eancias necess\u00e1rias no local. Ap\u00f3s o atendimento da ocorr\u00eancia, a circula\u00e7\u00e3o ferrovi\u00e1ria foi restabelecida.<\/p>\n<p>A Rumo refor\u00e7ou que o trem tem prefer\u00eancia de passagem e destacou que, conforme o C\u00f3digo de Tr\u00e2nsito Brasileiro, deixar de parar o ve\u00edculo antes de transpor uma linha f\u00e9rrea configura infra\u00e7\u00e3o grav\u00edssima.<\/p>\n<p><em>Com informa\u00e7\u00f5es do G1 Ribeir\u00e3o<\/em><\/p>\n<hr class=\"wp-block-separator has-alpha-channel-opacity\">\n<p><em>Fa\u00e7a uma den\u00fancia ou sugira uma reportagem sobre\u00a0<strong>Ribeir\u00e3o Preto\u00a0<\/strong>e regi\u00e3o por meio do WhatsApp do\u00a0<strong>acidade on Ribeir\u00e3o<\/strong>: (16) 99117-7802.<\/em><\/p>\n<p>O post Acidente entre carro e trem deixa motorista ferido no interior de SP; V\u00cdDEO apareceu primeiro em ACidade ON Ribeir\u00e3o Preto.<\/p>\n<p><br \/>\n<br \/><a href=\"https:\/\/www.acidadeon.com\/ribeiraopreto\/cotidiano\/acidente-entre-carro-e-trem-deixa-motorista-ferido-no-interior-de-sp-video\/\">Link para o texto original aqui <\/a><\/p>\n<!-- CONTENT END 1 -->\n","protected":false},"excerpt":{"rendered":"<p>Um motorista de 53 anos ficou ferido ap\u00f3s o carro que dirigia ser atingido por um trem na noite de domingo (30), em Santa Ernestina,&#8230;<\/p>\n","protected":false},"author":1,"featured_media":90928,"comment_status":"","ping_status":"","sticky":false,"template":"","format":"standard","meta":{"advanced_seo_description":"","jetpack_seo_html_title":"","jetpack_seo_noindex":false,"jetpack_seo_schema_type":"","_jetpack_newsletter_access":"","_jetpack_dont_email_post_to_subs":false,"_jetpack_newsletter_tier_id":0,"_jetpack_memberships_contains_paywalled_content":false,"_jetpack_feature_clip_id":0,"_jetpack_memberships_contains_paid_content":false,"footnotes":"","jetpack_publicize_message":"","jetpack_publicize_feature_enabled":true,"jetpack_social_post_already_shared":true,"jetpack_social_options":{"image_generator_settings":{"template":"highway","default_image_id":0,"font":"","enabled":false},"version":2},"jetpack_post_was_ever_published":false},"categories":[11],"tags":[74,295,77,389,79,237,319,901,67],"class_list":["post-90927","post","type-post","status-publish","format-standard","has-post-thumbnail","hentry","category-noticias-de-ribeirao-preto-sp-e-regiao-ismael-colosi","tag-acidente","tag-carro","tag-deixa","tag-entre","tag-ferido","tag-interior","tag-motorista","tag-trem","tag-video"],"jetpack_publicize_connections":[],"jetpack-related-posts":[{"id":86258,"url":"https:\/\/noticiasribeiraopreto.com.br\/index.php\/2026\/06\/09\/video-carro-e-atingido-por-trem-na-regiao\/","url_meta":{"origin":90927,"position":0},"title":"V\u00cdDEO &#8211; Carro \u00e9 atingido por trem na regi\u00e3o","author":"noticiasribeiraopreto.com.br","date":"9 de June de 2026","format":false,"excerpt":"\r \r \r Ve\u00edculo n\u00e3o teria respeitado sinaliza\u00e7\u00e3o sonora e visual e avan\u00e7ou sobre a passagem de n\u00edvel\r \r 9 de junho de 2026 07:199 de junho de 2026 07:01 \r Compartilhar1 \r | Por: Adalberto Luque | Um motorista ficou ferido, na noite desta segunda-feira (8), ap\u00f3s colidir com\u2026","rel":"","context":"In &quot;Not\u00edcias de Ribeir\u00e3o Preto-SP e Regi\u00e3o&quot;","block_context":{"text":"Not\u00edcias de Ribeir\u00e3o Preto-SP e Regi\u00e3o","link":"https:\/\/noticiasribeiraopreto.com.br\/index.php\/category\/noticias-de-ribeirao-preto-sp-e-regiao-ismael-colosi\/"},"img":{"alt_text":"","src":"https:\/\/i0.wp.com\/noticiasribeiraopreto.com.br\/wp-content\/uploads\/2026\/06\/09-jun-2026-tremcruzamento-scaled.jpg?fit=1200%2C673&ssl=1&resize=350%2C200","width":350,"height":200,"srcset":"https:\/\/i0.wp.com\/noticiasribeiraopreto.com.br\/wp-content\/uploads\/2026\/06\/09-jun-2026-tremcruzamento-scaled.jpg?fit=1200%2C673&ssl=1&resize=350%2C200 1x, https:\/\/i0.wp.com\/noticiasribeiraopreto.com.br\/wp-content\/uploads\/2026\/06\/09-jun-2026-tremcruzamento-scaled.jpg?fit=1200%2C673&ssl=1&resize=525%2C300 1.5x, https:\/\/i0.wp.com\/noticiasribeiraopreto.com.br\/wp-content\/uploads\/2026\/06\/09-jun-2026-tremcruzamento-scaled.jpg?fit=1200%2C673&ssl=1&resize=700%2C400 2x, https:\/\/i0.wp.com\/noticiasribeiraopreto.com.br\/wp-content\/uploads\/2026\/06\/09-jun-2026-tremcruzamento-scaled.jpg?fit=1200%2C673&ssl=1&resize=1050%2C600 3x"},"classes":[]},{"id":90821,"url":"https:\/\/noticiasribeiraopreto.com.br\/index.php\/2026\/08\/31\/video-trem-atinge-carro-na-regiao\/","url_meta":{"origin":90927,"position":1},"title":"V\u00cdDEO &#8211; Trem atinge carro na regi\u00e3o","author":"noticiasribeiraopreto.com.br","date":"31 de August de 2026","format":false,"excerpt":"\r \r \r Motorista ficou ferido e precisou ser socorrido; ve\u00edculo estava com documenta\u00e7\u00e3o irregular e tentou cruzar a linha f\u00e9rrea \u00e0 frente do trem\r \r 31 de agosto de 2026 11:43 \r Compartilhar1 \r | Por: Adalberto Luque | Um homem de 53 anos ficou ferido depois que o\u2026","rel":"","context":"In &quot;Not\u00edcias de Ribeir\u00e3o Preto-SP e Regi\u00e3o&quot;","block_context":{"text":"Not\u00edcias de Ribeir\u00e3o Preto-SP e Regi\u00e3o","link":"https:\/\/noticiasribeiraopreto.com.br\/index.php\/category\/noticias-de-ribeirao-preto-sp-e-regiao-ismael-colosi\/"},"img":{"alt_text":"","src":"https:\/\/i0.wp.com\/noticiasribeiraopreto.com.br\/wp-content\/uploads\/2026\/08\/31-ago-2026-tremmatao-scaled.jpg?fit=1200%2C672&ssl=1&resize=350%2C200","width":350,"height":200,"srcset":"https:\/\/i0.wp.com\/noticiasribeiraopreto.com.br\/wp-content\/uploads\/2026\/08\/31-ago-2026-tremmatao-scaled.jpg?fit=1200%2C672&ssl=1&resize=350%2C200 1x, https:\/\/i0.wp.com\/noticiasribeiraopreto.com.br\/wp-content\/uploads\/2026\/08\/31-ago-2026-tremmatao-scaled.jpg?fit=1200%2C672&ssl=1&resize=525%2C300 1.5x, https:\/\/i0.wp.com\/noticiasribeiraopreto.com.br\/wp-content\/uploads\/2026\/08\/31-ago-2026-tremmatao-scaled.jpg?fit=1200%2C672&ssl=1&resize=700%2C400 2x, https:\/\/i0.wp.com\/noticiasribeiraopreto.com.br\/wp-content\/uploads\/2026\/08\/31-ago-2026-tremmatao-scaled.jpg?fit=1200%2C672&ssl=1&resize=1050%2C600 3x"},"classes":[]},{"id":85017,"url":"https:\/\/noticiasribeiraopreto.com.br\/index.php\/2026\/04\/20\/trem-atinge-carro-na-regiao\/","url_meta":{"origin":90927,"position":2},"title":"Trem atinge carro na regi\u00e3o","author":"noticiasribeiraopreto.com.br","date":"20 de April de 2026","format":false,"excerpt":"\r Ve\u00edculo ficou parado sobre trilhos e motorista n\u00e3o conseguiu empurrar a tempo da colis\u00e3o\r \r 20 de abril de 2026 10:43 \r Compartilhar2 | Por: Adalberto Luque | Um carro foi atingido por um trem, no final da manh\u00e3 deste domingo (19). O acidente ocorreu em uma passagem de\u2026","rel":"","context":"In &quot;Not\u00edcias de Ribeir\u00e3o Preto-SP e Regi\u00e3o&quot;","block_context":{"text":"Not\u00edcias de Ribeir\u00e3o Preto-SP e Regi\u00e3o","link":"https:\/\/noticiasribeiraopreto.com.br\/index.php\/category\/noticias-de-ribeirao-preto-sp-e-regiao-ismael-colosi\/"},"img":{"alt_text":"","src":"https:\/\/i0.wp.com\/noticiasribeiraopreto.com.br\/wp-content\/uploads\/2026\/04\/20-abr-2026-olhaotrem-scaled.jpg?fit=1200%2C687&ssl=1&resize=350%2C200","width":350,"height":200,"srcset":"https:\/\/i0.wp.com\/noticiasribeiraopreto.com.br\/wp-content\/uploads\/2026\/04\/20-abr-2026-olhaotrem-scaled.jpg?fit=1200%2C687&ssl=1&resize=350%2C200 1x, https:\/\/i0.wp.com\/noticiasribeiraopreto.com.br\/wp-content\/uploads\/2026\/04\/20-abr-2026-olhaotrem-scaled.jpg?fit=1200%2C687&ssl=1&resize=525%2C300 1.5x, https:\/\/i0.wp.com\/noticiasribeiraopreto.com.br\/wp-content\/uploads\/2026\/04\/20-abr-2026-olhaotrem-scaled.jpg?fit=1200%2C687&ssl=1&resize=700%2C400 2x, https:\/\/i0.wp.com\/noticiasribeiraopreto.com.br\/wp-content\/uploads\/2026\/04\/20-abr-2026-olhaotrem-scaled.jpg?fit=1200%2C687&ssl=1&resize=1050%2C600 3x"},"classes":[]},{"id":90126,"url":"https:\/\/noticiasribeiraopreto.com.br\/index.php\/2026\/08\/17\/acidente-entre-carro-e-caminhao-deixa-idoso-ferido-em-cruzamento-de-ribeirao-preto-video\/","url_meta":{"origin":90927,"position":3},"title":"Acidente entre carro e caminh\u00e3o deixa idoso ferido em cruzamento de Ribeir\u00e3o Preto; v\u00eddeo","author":"noticiasribeiraopreto.com.br","date":"17 de August de 2026","format":false,"excerpt":"Um idoso, de 74 anos, ficou ferido ap\u00f3s a caminhonete que dirigia ser atingida por um carro na rua Amparo, no cruzamento com a avenida Thomaz Alberto Whately, em Ribeir\u00e3o Preto, na tarde desta segunda-feira (17). O acidente foi registrado por uma c\u00e2mera de seguran\u00e7a. O aposentado recebeu atendimento m\u00e9dico\u2026","rel":"","context":"In &quot;Not\u00edcias de Ribeir\u00e3o Preto-SP e Regi\u00e3o&quot;","block_context":{"text":"Not\u00edcias de Ribeir\u00e3o Preto-SP e Regi\u00e3o","link":"https:\/\/noticiasribeiraopreto.com.br\/index.php\/category\/noticias-de-ribeirao-preto-sp-e-regiao-ismael-colosi\/"},"img":{"alt_text":"","src":"https:\/\/i0.wp.com\/noticiasribeiraopreto.com.br\/wp-content\/uploads\/2026\/08\/baixa-umidade-2.png?fit=1200%2C675&ssl=1&resize=350%2C200","width":350,"height":200,"srcset":"https:\/\/i0.wp.com\/noticiasribeiraopreto.com.br\/wp-content\/uploads\/2026\/08\/baixa-umidade-2.png?fit=1200%2C675&ssl=1&resize=350%2C200 1x, https:\/\/i0.wp.com\/noticiasribeiraopreto.com.br\/wp-content\/uploads\/2026\/08\/baixa-umidade-2.png?fit=1200%2C675&ssl=1&resize=525%2C300 1.5x, https:\/\/i0.wp.com\/noticiasribeiraopreto.com.br\/wp-content\/uploads\/2026\/08\/baixa-umidade-2.png?fit=1200%2C675&ssl=1&resize=700%2C400 2x, https:\/\/i0.wp.com\/noticiasribeiraopreto.com.br\/wp-content\/uploads\/2026\/08\/baixa-umidade-2.png?fit=1200%2C675&ssl=1&resize=1050%2C600 3x"},"classes":[]},{"id":89587,"url":"https:\/\/noticiasribeiraopreto.com.br\/index.php\/2026\/08\/07\/acidente-entre-dois-caminhoes-e-carro-deixa-quatro-feridos-no-interior-de-sp\/","url_meta":{"origin":90927,"position":4},"title":"Acidente entre dois caminh\u00f5es e carro deixa quatro feridos no interior de SP","author":"noticiasribeiraopreto.com.br","date":"7 de August de 2026","format":false,"excerpt":"Um acidente envolvendo dois caminh\u00f5es e um carro deixou quatro pessoas feridas na manh\u00e3 desta sexta-feira (7), na altura do km 467 da rodovia Brigadeiro Faria Lima (SP-326), em Col\u00f4mbia, no interior de S\u00e3o Paulo. Segundo o Departamento de Estradas de Rodagem (DER-SP), o acidente aconteceu por volta das 10h40,\u2026","rel":"","context":"In &quot;Not\u00edcias de Ribeir\u00e3o Preto-SP e Regi\u00e3o&quot;","block_context":{"text":"Not\u00edcias de Ribeir\u00e3o Preto-SP e Regi\u00e3o","link":"https:\/\/noticiasribeiraopreto.com.br\/index.php\/category\/noticias-de-ribeirao-preto-sp-e-regiao-ismael-colosi\/"},"img":{"alt_text":"","src":"https:\/\/i0.wp.com\/noticiasribeiraopreto.com.br\/wp-content\/uploads\/2026\/08\/previsao-1.png?fit=1200%2C675&ssl=1&resize=350%2C200","width":350,"height":200,"srcset":"https:\/\/i0.wp.com\/noticiasribeiraopreto.com.br\/wp-content\/uploads\/2026\/08\/previsao-1.png?fit=1200%2C675&ssl=1&resize=350%2C200 1x, https:\/\/i0.wp.com\/noticiasribeiraopreto.com.br\/wp-content\/uploads\/2026\/08\/previsao-1.png?fit=1200%2C675&ssl=1&resize=525%2C300 1.5x, https:\/\/i0.wp.com\/noticiasribeiraopreto.com.br\/wp-content\/uploads\/2026\/08\/previsao-1.png?fit=1200%2C675&ssl=1&resize=700%2C400 2x, https:\/\/i0.wp.com\/noticiasribeiraopreto.com.br\/wp-content\/uploads\/2026\/08\/previsao-1.png?fit=1200%2C675&ssl=1&resize=1050%2C600 3x"},"classes":[]},{"id":90587,"url":"https:\/\/noticiasribeiraopreto.com.br\/index.php\/2026\/08\/25\/video-acidente-deixa-tres-feridos-na-zona-sul\/","url_meta":{"origin":90927,"position":5},"title":"V\u00cdDEO &#8211; Acidente deixa tr\u00eas feridos na zona Sul","author":"noticiasribeiraopreto.com.br","date":"25 de August de 2026","format":false,"excerpt":"\r \r \r Colis\u00e3o ocorreu porque um dos ve\u00edculos n\u00e3o respeitou a preferencial; tr\u00eas carros e duas motos se envolveram no acidente\r \r 25 de agosto de 2026 11:46 \r Compartilhar1 \r | Por: Adalberto Luque | Um acidente envolvendo cinco ve\u00edculos, sendo tr\u00eas carros e duas motocicletas, deixou tr\u00eas\u2026","rel":"","context":"In &quot;Not\u00edcias de Ribeir\u00e3o Preto-SP e Regi\u00e3o&quot;","block_context":{"text":"Not\u00edcias de Ribeir\u00e3o Preto-SP e Regi\u00e3o","link":"https:\/\/noticiasribeiraopreto.com.br\/index.php\/category\/noticias-de-ribeirao-preto-sp-e-regiao-ismael-colosi\/"},"img":{"alt_text":"","src":"https:\/\/i0.wp.com\/noticiasribeiraopreto.com.br\/wp-content\/uploads\/2026\/08\/25-ago-2026-acidentevseixas-scaled.jpg?fit=1200%2C638&ssl=1&resize=350%2C200","width":350,"height":200,"srcset":"https:\/\/i0.wp.com\/noticiasribeiraopreto.com.br\/wp-content\/uploads\/2026\/08\/25-ago-2026-acidentevseixas-scaled.jpg?fit=1200%2C638&ssl=1&resize=350%2C200 1x, https:\/\/i0.wp.com\/noticiasribeiraopreto.com.br\/wp-content\/uploads\/2026\/08\/25-ago-2026-acidentevseixas-scaled.jpg?fit=1200%2C638&ssl=1&resize=525%2C300 1.5x, https:\/\/i0.wp.com\/noticiasribeiraopreto.com.br\/wp-content\/uploads\/2026\/08\/25-ago-2026-acidentevseixas-scaled.jpg?fit=1200%2C638&ssl=1&resize=700%2C400 2x, https:\/\/i0.wp.com\/noticiasribeiraopreto.com.br\/wp-content\/uploads\/2026\/08\/25-ago-2026-acidentevseixas-scaled.jpg?fit=1200%2C638&ssl=1&resize=1050%2C600 3x"},"classes":[]}],"jetpack_sharing_enabled":true,"jetpack_shortlink":"https:\/\/wp.me\/peQAOb-nEz","jetpack_featured_media_url":"https:\/\/i0.wp.com\/noticiasribeiraopreto.com.br\/wp-content\/uploads\/2026\/09\/image-11.png?fit=1685%2C899&ssl=1","_links":{"self":[{"href":"https:\/\/noticiasribeiraopreto.com.br\/index.php\/wp-json\/wp\/v2\/posts\/90927","targetHints":{"allow":["GET"]}}],"collection":[{"href":"https:\/\/noticiasribeiraopreto.com.br\/index.php\/wp-json\/wp\/v2\/posts"}],"about":[{"href":"https:\/\/noticiasribeiraopreto.com.br\/index.php\/wp-json\/wp\/v2\/types\/post"}],"author":[{"embeddable":true,"href":"https:\/\/noticiasribeiraopreto.com.br\/index.php\/wp-json\/wp\/v2\/users\/1"}],"replies":[{"embeddable":true,"href":"https:\/\/noticiasribeiraopreto.com.br\/index.php\/wp-json\/wp\/v2\/comments?post=90927"}],"version-history":[{"count":0,"href":"https:\/\/noticiasribeiraopreto.com.br\/index.php\/wp-json\/wp\/v2\/posts\/90927\/revisions"}],"wp:featuredmedia":[{"embeddable":true,"href":"https:\/\/noticiasribeiraopreto.com.br\/index.php\/wp-json\/wp\/v2\/media\/90928"}],"wp:attachment":[{"href":"https:\/\/noticiasribeiraopreto.com.br\/index.php\/wp-json\/wp\/v2\/media?parent=90927"}],"wp:term":[{"taxonomy":"category","embeddable":true,"href":"https:\/\/noticiasribeiraopreto.com.br\/index.php\/wp-json\/wp\/v2\/categories?post=90927"},{"taxonomy":"post_tag","embeddable":true,"href":"https:\/\/noticiasribeiraopreto.com.br\/index.php\/wp-json\/wp\/v2\/tags?post=90927"}],"curies":[{"name":"wp","href":"https:\/\/api.w.org\/{rel}","templated":true}]}}