{"id":90931,"date":"2026-09-01T18:58:51","date_gmt":"2026-09-01T21:58:51","guid":{"rendered":"https:\/\/noticiasribeiraopreto.com.br\/index.php\/2026\/09\/01\/bebe-de-1-mes-e-salva-por-pms-em-ribeirao-preto-apos-engasgar-video\/"},"modified":"2026-09-01T18:58:51","modified_gmt":"2026-09-01T21:58:51","slug":"bebe-de-1-mes-e-salva-por-pms-em-ribeirao-preto-apos-engasgar-video","status":"publish","type":"post","link":"https:\/\/noticiasribeiraopreto.com.br\/index.php\/2026\/09\/01\/bebe-de-1-mes-e-salva-por-pms-em-ribeirao-preto-apos-engasgar-video\/","title":{"rendered":"Beb\u00ea de 1 m\u00eas \u00e9 salva por PMs em Ribeir\u00e3o Preto ap\u00f3s engasgar; V\u00cdDEO"},"content":{"rendered":"<div class='code-block code-block-1' style='margin: 8px 0 8px auto; text-align: right; display: block; clear: both;'>\n<p><a href=\"https:\/\/wa.link\/vpicfd\"><img data-recalc-dims=\"1\" class=\"wp-image-4922\" style=\"aspect-ratio: 2.0253164556962027; width: 561px; height: auto;\" src=\"https:\/\/i0.wp.com\/ismaelcolosi.com.br\/wp-content\/uploads\/2023\/11\/grupo-de-empregos-whatsapp-e-facebook-ismael-colosi-vagas.jpg?ssl=1\" alt=\"\" \/><\/a><\/p>\n<!-- \/wp:image -->\n<\/div>\n<p> <br \/>\n<\/p>\n<p>Uma <strong>beb\u00ea de 1 m\u00eas foi socorrida por policiais militares<\/strong> ap\u00f3s se engasgar na noite deste domingo (30), em Ribeir\u00e3o Preto.<\/p>\n<p>Segundo a Pol\u00edcia Militar, uma<strong> equipe do 3\u00ba Batalh\u00e3o de Pol\u00edcia Militar do Interior (BPM\/I) fazia patrulhamento pelo bairro Ipiranga<\/strong> quando foi abordada pela m\u00e3e da crian\u00e7a. A <strong>mulher estava em um carro e pediu ajuda aos policiais<\/strong>, que encontraram a filha dela engasgada no colo.<\/p>\n<p class=\"has-text-align-center has-small-font-size\"><em>Receba not\u00edcias do\u00a0<strong>acidade on Ribeir\u00e3o\u00a0<\/strong>no WhatsApp e fique por dentro de tudo! Basta acessar o link<a href=\"https:\/\/chat.whatsapp.com\/DfXwcjKVIddHUT3BvnQuPZ?mode=hqctshi\" target=\"_blank\" rel=\"noreferrer noopener\">\u00a0aqui<\/a>!<\/em><\/p>\n<div class=\"wp-block-image\">\n<figure class=\"aligncenter size-full\"><figcaption class=\"wp-element-caption\">\u00a0Foto: Divulga\u00e7\u00e3o\/3\u00ba BPMI<\/figcaption><\/figure>\n<\/div>\n<h2 class=\"wp-block-heading\">Policiais realizam manobras de desengasgo<\/h2>\n<p>Os soldados Borges e Michel iniciaram os procedimentos de primeiros socorros para desobstruir as vias a\u00e9reas da beb\u00ea.<\/p>\n<p>Ap\u00f3s algumas tentativas, os policiais conseguiram reverter o engasgo e a crian\u00e7a voltou a respirar. Na sequ\u00eancia, a beb\u00ea recebeu atendimento m\u00e9dico e foi liberada.<\/p>\n<figure class=\"wp-block-video\"><video height=\"1920\" width=\"1080\" controls src=\"https:\/\/www.acidadeon.com\/ribeiraopreto\/wp-content\/uploads\/sites\/3\/2026\/09\/Opcao-1-2026-09-01T185113.571.mp4\"><\/video><\/figure>\n<p>A ocorr\u00eancia foi registrada durante o patrulhamento da equipe na regi\u00e3o do bairro Ipiranga.<\/p>\n<h2 class=\"wp-block-heading\">Como agir em caso de engasgo em beb\u00eas?<\/h2>\n<p>Beb\u00eas menores de 1 ano precisam de uma t\u00e9cnica espec\u00edfica para casos de obstru\u00e7\u00e3o grave das vias a\u00e9reas. As orienta\u00e7\u00f5es de primeiros socorros indicam a altern\u00e2ncia entre cinco golpes nas costas e cinco compress\u00f5es tor\u00e1cicas.<\/p>\n<p>O <strong>beb\u00ea deve ficar de bru\u00e7os sobre o bra\u00e7o do socorrista<\/strong>, com a <strong>cabe\u00e7a apoiada e posicionada abaixo do n\u00edvel do corpo<\/strong>. Em seguida, devem ser aplicados <strong>cinco golpes firmes entre as esc\u00e1pulas.<\/strong><\/p>\n<figure class=\"wp-block-gallery has-nested-images columns-default is-cropped wp-block-gallery-1 is-layout-flex wp-block-gallery-is-layout-flex\">\n<figure class=\"wp-block-image size-large\"><img data-recalc-dims=\"1\" loading=\"lazy\" decoding=\"async\" width=\"1024\" height=\"615\" data-id=\"173348\" src=\"https:\/\/i0.wp.com\/www.acidadeon.com\/ribeiraopreto\/wp-content\/uploads\/sites\/3\/2026\/09\/image-17-1024x615.png?resize=1024%2C615&#038;ssl=1\" alt=\"image 17\" class=\"wp-image-173348\" title=\"Beb\u00ea de 1 m\u00eas \u00e9 salva por PMs em Ribeir\u00e3o Preto ap\u00f3s engasgar; V\u00cdDEO 2\"><figcaption class=\"wp-element-caption\">\u00a0Foto: Divulga\u00e7\u00e3o\/3\u00ba BPMI<\/figcaption><\/figure>\n<figure class=\"wp-block-image size-large\"><img data-recalc-dims=\"1\" loading=\"lazy\" decoding=\"async\" width=\"984\" height=\"616\" data-id=\"173345\" src=\"https:\/\/i0.wp.com\/www.acidadeon.com\/ribeiraopreto\/wp-content\/uploads\/sites\/3\/2026\/09\/image-14.png?resize=984%2C616&#038;ssl=1\" alt=\"image 14\" class=\"wp-image-173345\" title=\"Beb\u00ea de 1 m\u00eas \u00e9 salva por PMs em Ribeir\u00e3o Preto ap\u00f3s engasgar; V\u00cdDEO 3\"><figcaption class=\"wp-element-caption\">\u00a0Foto: Divulga\u00e7\u00e3o\/3\u00ba BPMI<\/figcaption><\/figure>\n<\/figure>\n<p>Depois, o <strong>beb\u00ea deve ser virado de barriga para cima<\/strong>,<strong> mantendo o apoio da cabe\u00e7a e do pesco\u00e7o<\/strong>, para a realiza\u00e7\u00e3o de <strong>cinco compress\u00f5es no t\u00f3rax.<\/strong> O ciclo deve continuar at\u00e9 a <strong>desobstru\u00e7\u00e3o ou at\u00e9 a perda de consci\u00eancia.<\/strong><\/p>\n<p>Em uma situa\u00e7\u00e3o de emerg\u00eancia, o Samu deve ser acionado pelo telefone <strong>192<\/strong>. O Corpo de Bombeiros atende pelo <strong>193<\/strong>.<\/p>\n<p><strong>Importante:<\/strong> n\u00e3o se deve tentar retirar um objeto da boca do beb\u00ea sem conseguir visualiz\u00e1-lo, pois a a\u00e7\u00e3o pode empurr\u00e1-lo ainda mais para dentro das vias a\u00e9reas.<\/p>\n<hr class=\"wp-block-separator has-alpha-channel-opacity\">\n<p class=\"has-text-align-center has-small-font-size\"><em>Fa\u00e7a uma den\u00fancia ou sugira uma reportagem sobre\u00a0<strong>Ribeir\u00e3o Preto\u00a0<\/strong>e regi\u00e3o por meio do WhatsApp do\u00a0<strong>acidade on Ribeir\u00e3o<\/strong>: (16) 99117-7802.<\/em><\/p>\n<\/p>\n<p>O post Beb\u00ea de 1 m\u00eas \u00e9 salva por PMs em Ribeir\u00e3o Preto ap\u00f3s engasgar; V\u00cdDEO apareceu primeiro em ACidade ON Ribeir\u00e3o Preto.<\/p>\n<p><br \/>\n<br \/><a href=\"https:\/\/www.acidadeon.com\/ribeiraopreto\/cotidiano\/bebe-de-1-mes-e-salva-por-pms-em-ribeirao-preto-apos-engasgar-video\/\">Link para o texto original aqui <\/a><\/p>\n<!-- CONTENT END 1 -->\n","protected":false},"excerpt":{"rendered":"<p>Uma beb\u00ea de 1 m\u00eas foi socorrida por policiais militares ap\u00f3s se engasgar na noite deste domingo (30), em Ribeir\u00e3o Preto. Segundo a Pol\u00edcia Militar,&#8230;<\/p>\n","protected":false},"author":1,"featured_media":90932,"comment_status":"","ping_status":"","sticky":false,"template":"","format":"standard","meta":{"advanced_seo_description":"","jetpack_seo_html_title":"","jetpack_seo_noindex":false,"jetpack_seo_schema_type":"","_jetpack_newsletter_access":"","_jetpack_dont_email_post_to_subs":false,"_jetpack_newsletter_tier_id":0,"_jetpack_memberships_contains_paywalled_content":false,"_jetpack_feature_clip_id":0,"_jetpack_memberships_contains_paid_content":false,"footnotes":"","jetpack_publicize_message":"","jetpack_publicize_feature_enabled":true,"jetpack_social_post_already_shared":true,"jetpack_social_options":{"image_generator_settings":{"template":"highway","default_image_id":0,"font":"","enabled":false},"version":2},"jetpack_post_was_ever_published":false},"categories":[11],"tags":[37,270,272,670,3185,134,27,26,8852,67],"class_list":["post-90931","post","type-post","status-publish","format-standard","has-post-thumbnail","hentry","category-noticias-de-ribeirao-preto-sp-e-regiao-ismael-colosi","tag-apos","tag-bebe","tag-engasgar","tag-mes","tag-pms","tag-por","tag-preto","tag-ribeirao","tag-salva","tag-video"],"jetpack_publicize_connections":[],"jetpack-related-posts":[{"id":68895,"url":"https:\/\/noticiasribeiraopreto.com.br\/index.php\/2025\/04\/30\/bebe-e-salva-pela-gcm-apos-se-engasgar-na-regiao-de-ribeirao-preto\/","url_meta":{"origin":90931,"position":0},"title":"Beb\u00ea \u00e9 salva pela GCM ap\u00f3s se engasgar na regi\u00e3o de Ribeir\u00e3o Preto","author":"noticiasribeiraopreto.com.br","date":"30 de April de 2025","format":false,"excerpt":"Uma beb\u00ea de um m\u00eas foi salva nesta ter\u00e7a-feira (29), ap\u00f3s se engasgar com leite materno em Batatais, cidade a aproximadamente 40 quil\u00f4metros de Ribeir\u00e3o Preto. A av\u00f3 da crian\u00e7a foi at\u00e9 a sede da corpora\u00e7\u00e3o em busca de socorro. Imediatamente, foi realizada a manobra de Heimlich adaptada para beb\u00eas,\u2026","rel":"","context":"In &quot;Not\u00edcias de Ribeir\u00e3o Preto-SP e Regi\u00e3o&quot;","block_context":{"text":"Not\u00edcias de Ribeir\u00e3o Preto-SP e Regi\u00e3o","link":"https:\/\/noticiasribeiraopreto.com.br\/index.php\/category\/noticias-de-ribeirao-preto-sp-e-regiao-ismael-colosi\/"},"img":{"alt_text":"","src":"https:\/\/i0.wp.com\/noticiasribeiraopreto.com.br\/wp-content\/uploads\/2025\/04\/BEBE_2025-04-30_09-50-08.webp.webp?fit=1200%2C813&ssl=1&resize=350%2C200","width":350,"height":200,"srcset":"https:\/\/i0.wp.com\/noticiasribeiraopreto.com.br\/wp-content\/uploads\/2025\/04\/BEBE_2025-04-30_09-50-08.webp.webp?fit=1200%2C813&ssl=1&resize=350%2C200 1x, https:\/\/i0.wp.com\/noticiasribeiraopreto.com.br\/wp-content\/uploads\/2025\/04\/BEBE_2025-04-30_09-50-08.webp.webp?fit=1200%2C813&ssl=1&resize=525%2C300 1.5x, https:\/\/i0.wp.com\/noticiasribeiraopreto.com.br\/wp-content\/uploads\/2025\/04\/BEBE_2025-04-30_09-50-08.webp.webp?fit=1200%2C813&ssl=1&resize=700%2C400 2x, https:\/\/i0.wp.com\/noticiasribeiraopreto.com.br\/wp-content\/uploads\/2025\/04\/BEBE_2025-04-30_09-50-08.webp.webp?fit=1200%2C813&ssl=1&resize=1050%2C600 3x"},"classes":[]},{"id":3279,"url":"https:\/\/noticiasribeiraopreto.com.br\/index.php\/2023\/11\/17\/utm_sourcerssutm_mediumrssutm_campaignbebe-morre-apos-se-engasgar-na-cidade-de-araraquara\/","url_meta":{"origin":90931,"position":1},"title":"Beb\u00ea morre ap\u00f3s se engasgar na cidade de Araraquara \u2013 X Tudo Ribeir\u00e3o","author":"noticiasribeiraopreto.com.br","date":"17 de November de 2023","format":false,"excerpt":"Uma beb\u00ea de 7 meses faleceu na tarde desta sexta-feira (17), na cidade de Araraquara, ap\u00f3s engasgar com o leite. A crian\u00e7a estava sendo amamentada quando vomitou, engasgou-se com o pr\u00f3prio v\u00f4mito e foi socorrida por familiares at\u00e9 a UPA central, onde chegou em parada cardiorrespirat\u00f3ria, a equipe realizou todas\u2026","rel":"","context":"In &quot;Not\u00edcias de Ribeir\u00e3o Preto-SP e Regi\u00e3o&quot;","block_context":{"text":"Not\u00edcias de Ribeir\u00e3o Preto-SP e Regi\u00e3o","link":"https:\/\/noticiasribeiraopreto.com.br\/index.php\/category\/noticias-de-ribeirao-preto-sp-e-regiao-ismael-colosi\/"},"img":{"alt_text":"","src":"https:\/\/i0.wp.com\/noticiasribeiraopreto.com.br\/wp-content\/uploads\/2023\/11\/bebe-Pixabay.jpg?fit=960%2C640&ssl=1&resize=350%2C200","width":350,"height":200,"srcset":"https:\/\/i0.wp.com\/noticiasribeiraopreto.com.br\/wp-content\/uploads\/2023\/11\/bebe-Pixabay.jpg?fit=960%2C640&ssl=1&resize=350%2C200 1x, https:\/\/i0.wp.com\/noticiasribeiraopreto.com.br\/wp-content\/uploads\/2023\/11\/bebe-Pixabay.jpg?fit=960%2C640&ssl=1&resize=525%2C300 1.5x, https:\/\/i0.wp.com\/noticiasribeiraopreto.com.br\/wp-content\/uploads\/2023\/11\/bebe-Pixabay.jpg?fit=960%2C640&ssl=1&resize=700%2C400 2x"},"classes":[]},{"id":68915,"url":"https:\/\/noticiasribeiraopreto.com.br\/index.php\/2025\/04\/30\/homem-tenta-vender-espingarda-artesanal-e-acaba-preso-em-ribeirao-preto\/","url_meta":{"origin":90931,"position":2},"title":"Homem tenta vender espingarda artesanal e acaba preso em Ribeir\u00e3o Preto","author":"noticiasribeiraopreto.com.br","date":"30 de April de 2025","format":false,"excerpt":"Um homem de 25 anos foi preso nesta ter\u00e7a-feira (29) com uma espingarda artesanal calibre 12, no Parque Ribeir\u00e3o, zona Oeste de Ribeir\u00e3o Preto. Segundo o boletim de ocorr\u00eancia (BO), policiais militares da For\u00e7a T\u00e1tica receberam den\u00fancia de que o homem tentava vender a arma. Ele foi encontrado na frente\u2026","rel":"","context":"In &quot;Not\u00edcias de Ribeir\u00e3o Preto-SP e Regi\u00e3o&quot;","block_context":{"text":"Not\u00edcias de Ribeir\u00e3o Preto-SP e Regi\u00e3o","link":"https:\/\/noticiasribeiraopreto.com.br\/index.php\/category\/noticias-de-ribeirao-preto-sp-e-regiao-ismael-colosi\/"},"img":{"alt_text":"","src":"https:\/\/i0.wp.com\/noticiasribeiraopreto.com.br\/wp-content\/uploads\/2025\/04\/policia_qru_1024x576_05012021161940.jpg?fit=1024%2C576&ssl=1&resize=350%2C200","width":350,"height":200,"srcset":"https:\/\/i0.wp.com\/noticiasribeiraopreto.com.br\/wp-content\/uploads\/2025\/04\/policia_qru_1024x576_05012021161940.jpg?fit=1024%2C576&ssl=1&resize=350%2C200 1x, https:\/\/i0.wp.com\/noticiasribeiraopreto.com.br\/wp-content\/uploads\/2025\/04\/policia_qru_1024x576_05012021161940.jpg?fit=1024%2C576&ssl=1&resize=525%2C300 1.5x, https:\/\/i0.wp.com\/noticiasribeiraopreto.com.br\/wp-content\/uploads\/2025\/04\/policia_qru_1024x576_05012021161940.jpg?fit=1024%2C576&ssl=1&resize=700%2C400 2x"},"classes":[]},{"id":90880,"url":"https:\/\/noticiasribeiraopreto.com.br\/index.php\/2026\/09\/01\/video-pm-salva-bebe-de-30-dias-engasgada-em-rp\/","url_meta":{"origin":90931,"position":3},"title":"V\u00cdDEO &#8211; PM salva beb\u00ea de 30 dias engasgada em RP","author":"noticiasribeiraopreto.com.br","date":"1 de September de 2026","format":false,"excerpt":"\r \r \r Rec\u00e9m-nascida n\u00e3o respondia a est\u00edmulos e estava com o rosto e as unhas arroxeados quando a m\u00e3e encontrou uma viatura policial e pediu ajuda\r \r 1 de setembro de 2026 11:07 \r Compartilhar2 \r | Por: Adalberto Luque | Uma equipe da Pol\u00edcia Militar seguia pela zona\u2026","rel":"","context":"In &quot;Not\u00edcias de Ribeir\u00e3o Preto-SP e Regi\u00e3o&quot;","block_context":{"text":"Not\u00edcias de Ribeir\u00e3o Preto-SP e Regi\u00e3o","link":"https:\/\/noticiasribeiraopreto.com.br\/index.php\/category\/noticias-de-ribeirao-preto-sp-e-regiao-ismael-colosi\/"},"img":{"alt_text":"","src":"https:\/\/i0.wp.com\/noticiasribeiraopreto.com.br\/wp-content\/uploads\/2026\/09\/01-set-2026-bebeengasgado.jpg?fit=933%2C525&ssl=1&resize=350%2C200","width":350,"height":200,"srcset":"https:\/\/i0.wp.com\/noticiasribeiraopreto.com.br\/wp-content\/uploads\/2026\/09\/01-set-2026-bebeengasgado.jpg?fit=933%2C525&ssl=1&resize=350%2C200 1x, https:\/\/i0.wp.com\/noticiasribeiraopreto.com.br\/wp-content\/uploads\/2026\/09\/01-set-2026-bebeengasgado.jpg?fit=933%2C525&ssl=1&resize=525%2C300 1.5x, https:\/\/i0.wp.com\/noticiasribeiraopreto.com.br\/wp-content\/uploads\/2026\/09\/01-set-2026-bebeengasgado.jpg?fit=933%2C525&ssl=1&resize=700%2C400 2x"},"classes":[]},{"id":81207,"url":"https:\/\/noticiasribeiraopreto.com.br\/index.php\/2025\/12\/28\/pm-salva-crianca-engasgada-durante-patrulhamento-na-regiao-de-ribeirao\/","url_meta":{"origin":90931,"position":4},"title":"PM salva crian\u00e7a engasgada durante patrulhamento na regi\u00e3o de Ribeir\u00e3o","author":"noticiasribeiraopreto.com.br","date":"28 de December de 2025","format":false,"excerpt":"Uma crian\u00e7a foi salva por um agente da Pol\u00edcia Militar (PM) ap\u00f3s se engasgar em Prad\u00f3polis, cidade na regi\u00e3o de Ribeir\u00e3o Preto, neste s\u00e1bado (27). De acordo com as informa\u00e7\u00f5es, uma equipe fazia patrulhamento preventivo pela cidade quando foi abordada por um casal pedindo ajuda. Segundo a PM, a filha\u2026","rel":"","context":"In &quot;Not\u00edcias de Ribeir\u00e3o Preto-SP e Regi\u00e3o&quot;","block_context":{"text":"Not\u00edcias de Ribeir\u00e3o Preto-SP e Regi\u00e3o","link":"https:\/\/noticiasribeiraopreto.com.br\/index.php\/category\/noticias-de-ribeirao-preto-sp-e-regiao-ismael-colosi\/"},"img":{"alt_text":"","src":"https:\/\/i0.wp.com\/noticiasribeiraopreto.com.br\/wp-content\/uploads\/2025\/12\/WhatsApp-Image-2025-12-27-at-16.05.27_2025-12-27_19-36-44.webp.webp?fit=1200%2C900&ssl=1&resize=350%2C200","width":350,"height":200,"srcset":"https:\/\/i0.wp.com\/noticiasribeiraopreto.com.br\/wp-content\/uploads\/2025\/12\/WhatsApp-Image-2025-12-27-at-16.05.27_2025-12-27_19-36-44.webp.webp?fit=1200%2C900&ssl=1&resize=350%2C200 1x, https:\/\/i0.wp.com\/noticiasribeiraopreto.com.br\/wp-content\/uploads\/2025\/12\/WhatsApp-Image-2025-12-27-at-16.05.27_2025-12-27_19-36-44.webp.webp?fit=1200%2C900&ssl=1&resize=525%2C300 1.5x, https:\/\/i0.wp.com\/noticiasribeiraopreto.com.br\/wp-content\/uploads\/2025\/12\/WhatsApp-Image-2025-12-27-at-16.05.27_2025-12-27_19-36-44.webp.webp?fit=1200%2C900&ssl=1&resize=700%2C400 2x, https:\/\/i0.wp.com\/noticiasribeiraopreto.com.br\/wp-content\/uploads\/2025\/12\/WhatsApp-Image-2025-12-27-at-16.05.27_2025-12-27_19-36-44.webp.webp?fit=1200%2C900&ssl=1&resize=1050%2C600 3x"},"classes":[]},{"id":57465,"url":"https:\/\/noticiasribeiraopreto.com.br\/index.php\/2024\/09\/02\/homem-morre-em-ribeirao-apos-se-engasgar-com-pedaco-de-carne\/","url_meta":{"origin":90931,"position":5},"title":"Homem morre em Ribeir\u00e3o ap\u00f3s se engasgar com peda\u00e7o de carne","author":"noticiasribeiraopreto.com.br","date":"2 de September de 2024","format":false,"excerpt":"Um homem de 45 anos morreu na \u00faltima sexta-feira (30), em Ribeir\u00e3o Preto, ap\u00f3s se engasgar com um peda\u00e7o de carne. Segundo o boletim de ocorr\u00eancia (BO), a v\u00edtima, indentificada como Jeferson Estevam Ferreira, sofreu o esgasgamento em casa durante o jantar, na noite da \u00faltima ter\u00e7a-feira (27). O Resgate\u2026","rel":"","context":"In &quot;Not\u00edcias de Ribeir\u00e3o Preto-SP e Regi\u00e3o&quot;","block_context":{"text":"Not\u00edcias de Ribeir\u00e3o Preto-SP e Regi\u00e3o","link":"https:\/\/noticiasribeiraopreto.com.br\/index.php\/category\/noticias-de-ribeirao-preto-sp-e-regiao-ismael-colosi\/"},"img":{"alt_text":"","src":"https:\/\/i0.wp.com\/noticiasribeiraopreto.com.br\/wp-content\/uploads\/2024\/09\/resgate_socorro_1024x576_02062020084132.jpg?fit=1024%2C575&ssl=1&resize=350%2C200","width":350,"height":200,"srcset":"https:\/\/i0.wp.com\/noticiasribeiraopreto.com.br\/wp-content\/uploads\/2024\/09\/resgate_socorro_1024x576_02062020084132.jpg?fit=1024%2C575&ssl=1&resize=350%2C200 1x, https:\/\/i0.wp.com\/noticiasribeiraopreto.com.br\/wp-content\/uploads\/2024\/09\/resgate_socorro_1024x576_02062020084132.jpg?fit=1024%2C575&ssl=1&resize=525%2C300 1.5x, https:\/\/i0.wp.com\/noticiasribeiraopreto.com.br\/wp-content\/uploads\/2024\/09\/resgate_socorro_1024x576_02062020084132.jpg?fit=1024%2C575&ssl=1&resize=700%2C400 2x"},"classes":[]}],"jetpack_sharing_enabled":true,"jetpack_shortlink":"https:\/\/wp.me\/peQAOb-nED","jetpack_featured_media_url":"https:\/\/i0.wp.com\/noticiasribeiraopreto.com.br\/wp-content\/uploads\/2026\/09\/image-13.png?fit=984%2C616&ssl=1","_links":{"self":[{"href":"https:\/\/noticiasribeiraopreto.com.br\/index.php\/wp-json\/wp\/v2\/posts\/90931","targetHints":{"allow":["GET"]}}],"collection":[{"href":"https:\/\/noticiasribeiraopreto.com.br\/index.php\/wp-json\/wp\/v2\/posts"}],"about":[{"href":"https:\/\/noticiasribeiraopreto.com.br\/index.php\/wp-json\/wp\/v2\/types\/post"}],"author":[{"embeddable":true,"href":"https:\/\/noticiasribeiraopreto.com.br\/index.php\/wp-json\/wp\/v2\/users\/1"}],"replies":[{"embeddable":true,"href":"https:\/\/noticiasribeiraopreto.com.br\/index.php\/wp-json\/wp\/v2\/comments?post=90931"}],"version-history":[{"count":0,"href":"https:\/\/noticiasribeiraopreto.com.br\/index.php\/wp-json\/wp\/v2\/posts\/90931\/revisions"}],"wp:featuredmedia":[{"embeddable":true,"href":"https:\/\/noticiasribeiraopreto.com.br\/index.php\/wp-json\/wp\/v2\/media\/90932"}],"wp:attachment":[{"href":"https:\/\/noticiasribeiraopreto.com.br\/index.php\/wp-json\/wp\/v2\/media?parent=90931"}],"wp:term":[{"taxonomy":"category","embeddable":true,"href":"https:\/\/noticiasribeiraopreto.com.br\/index.php\/wp-json\/wp\/v2\/categories?post=90931"},{"taxonomy":"post_tag","embeddable":true,"href":"https:\/\/noticiasribeiraopreto.com.br\/index.php\/wp-json\/wp\/v2\/tags?post=90931"}],"curies":[{"name":"wp","href":"https:\/\/api.w.org\/{rel}","templated":true}]}}