{"id":90933,"date":"2026-09-01T20:28:19","date_gmt":"2026-09-01T23:28:19","guid":{"rendered":"https:\/\/noticiasribeiraopreto.com.br\/index.php\/2026\/09\/01\/prefeitura-multa-empresa-por-irregularidades-em-obras-da-nove-de-julho-em-r-28-milhoes\/"},"modified":"2026-09-01T20:28:19","modified_gmt":"2026-09-01T23:28:19","slug":"prefeitura-multa-empresa-por-irregularidades-em-obras-da-nove-de-julho-em-r-28-milhoes","status":"publish","type":"post","link":"https:\/\/noticiasribeiraopreto.com.br\/index.php\/2026\/09\/01\/prefeitura-multa-empresa-por-irregularidades-em-obras-da-nove-de-julho-em-r-28-milhoes\/","title":{"rendered":"Prefeitura multa empresa por irregularidades em obras da Nove de Julho em R$ 2,8 milh\u00f5es"},"content":{"rendered":"<div class='code-block code-block-1' style='margin: 8px 0 8px auto; text-align: right; display: block; clear: both;'>\n<p><a href=\"https:\/\/wa.link\/vpicfd\"><img data-recalc-dims=\"1\" class=\"wp-image-4922\" style=\"aspect-ratio: 2.0253164556962027; width: 561px; height: auto;\" src=\"https:\/\/i0.wp.com\/ismaelcolosi.com.br\/wp-content\/uploads\/2023\/11\/grupo-de-empregos-whatsapp-e-facebook-ismael-colosi-vagas.jpg?ssl=1\" alt=\"\" \/><\/a><\/p>\n<!-- \/wp:image -->\n<\/div>\n<p> <br \/>\n<\/p>\n<p>A Prefeitura de Ribeir\u00e3o Preto aplicou uma multa de <strong>R$ 2,86 milh\u00f5es<\/strong> \u00e0 Construtora Metropolitana S.A., respons\u00e1vel pelas obras do corredor de \u00f4nibus da avenida Nove de Julho e da rua S\u00e3o Jos\u00e9. A penalidade acontece ap\u00f3s o munic\u00edpio retomar um processo administrativo relacionado a irregularidades e atrasos registrados durante a execu\u00e7\u00e3o do contrato, em 2023.<\/p>\n<figure class=\"wp-block-gallery has-nested-images columns-default is-cropped wp-block-gallery-1 is-layout-flex wp-block-gallery-is-layout-flex\">\n<figure class=\"wp-block-image size-large\"><figcaption class=\"wp-element-caption\"> Foto: Reprodu\u00e7\u00e3o\/EPTV<\/figcaption><\/figure>\n<figure class=\"wp-block-image size-large\"><img data-recalc-dims=\"1\" loading=\"lazy\" decoding=\"async\" width=\"1024\" height=\"768\" data-id=\"100947\" src=\"https:\/\/i0.wp.com\/www.acidadeon.com\/ribeiraopreto\/wp-content\/uploads\/sites\/3\/2024\/11\/avenida-nove-de-julho_2024-11-27_21-14-21_jpeg_2024-11-27_21-14-21-1024x768.webp?resize=1024%2C768&#038;ssl=1\" alt=\"Avenida Nove de Julho, em Ribeir\u00e3o Preto - Foto: Fernando Gonzaga\/ CCS Ribeir\u00e3o Preto.\" class=\"wp-image-100947\" title=\"Prefeitura multa empresa por irregularidades em obras da Nove de Julho em R$ 2,8 milh\u00f5es 2\"><figcaption class=\"wp-element-caption\">Foto: Fernando Gonzaga\/ CCS Ribeir\u00e3o Preto.<\/figcaption><\/figure>\n<\/figure>\n<p>Al\u00e9m da multa de <strong>R$ 2.861.442,58<\/strong>, a Prefeitura determinou a <strong>suspens\u00e3o da empresa de participar de licita\u00e7\u00f5es e o impedimento de contratar com a Administra\u00e7\u00e3o P\u00fablica pelo prazo de dois anos<\/strong>.<\/p>\n<h2 class=\"wp-block-heading\">Contrato rompido em 2023<\/h2>\n<p>A Prefeitura de Ribeir\u00e3o Preto, por meio da Secretaria Municipal de Obras P\u00fablicas, rompeu o contrato com a Construtora Metropolitana em dezembro de 2023. Segundo o munic\u00edpio, a empresa n\u00e3o cumpriu as obriga\u00e7\u00f5es previstas no contrato para execu\u00e7\u00e3o das obras da avenida Nove de Julho e da Rua S\u00e3o Jos\u00e9.<\/p>\n<p>Ap\u00f3s o rompimento, a Prefeitura realizou uma nova licita\u00e7\u00e3o para dar continuidade aos trabalhos. A Era-T\u00e9cnica Engenharia, Constru\u00e7\u00f5es e Servi\u00e7os Ltda. venceu o processo e assumiu a execu\u00e7\u00e3o das obras a partir de abril de 2024.<\/p>\n<p class=\"has-text-align-center has-small-font-size\"><em>Receba not\u00edcias do\u00a0<strong>acidade on Ribeir\u00e3o\u00a0<\/strong>no WhatsApp e fique por dentro de tudo! Basta acessar o link<a href=\"https:\/\/chat.whatsapp.com\/DfXwcjKVIddHUT3BvnQuPZ?mode=hqctshi\" target=\"_blank\" rel=\"noreferrer noopener\">\u00a0aqui<\/a>!<\/em><\/p>\n<h2 class=\"wp-block-heading\">Processo foi retomado<\/h2>\n<p>A empresa j\u00e1 havia recebido uma penalidade da Prefeitura em 2023, mas recorreu \u00e0 Justi\u00e7a. Na ocasi\u00e3o, o Tribunal de Justi\u00e7a de S\u00e3o Paulo anulou o processo administrativo por entender que n\u00e3o havia sido garantido \u00e0 empresa o direito de defesa.<\/p>\n<p>A decis\u00e3o judicial n\u00e3o analisou se a multa era devida ou n\u00e3o. Em nota, a atual gest\u00e3o informou que retomou o processo e fez uma nova an\u00e1lise das informa\u00e7\u00f5es e documentos.<\/p>\n<div class=\"wp-block-image\">\n<figure class=\"aligncenter size-full\"><img data-recalc-dims=\"1\" loading=\"lazy\" decoding=\"async\" width=\"1024\" height=\"576\" src=\"https:\/\/i0.wp.com\/www.acidadeon.com\/ribeiraopreto\/wp-content\/uploads\/sites\/3\/2026\/09\/image-18.png?resize=1024%2C576&#038;ssl=1\" alt=\"prefeitura\" class=\"wp-image-173352\" title=\"Prefeitura multa empresa por irregularidades em obras da Nove de Julho em R$ 2,8 milh\u00f5es 3\"><figcaption class=\"wp-element-caption\"><em>Cruzamento da avenida Francisco Junqueira com a rua S\u00e3o Jos\u00e9 em 2023<\/em> \u2013 Foto:<em> Marcelo Fontes<\/em><\/figcaption><\/figure>\n<\/div>\n<p>Ap\u00f3s a avalia\u00e7\u00e3o, a Secretaria Municipal de Administra\u00e7\u00e3o decidiu aplicar novamente a penalidade.<\/p>\n<p>A empresa ser\u00e1 notificada e ter\u00e1 <strong>cinco dias \u00fateis para apresentar recurso administrativo<\/strong>. Caso n\u00e3o haja manifesta\u00e7\u00e3o, a penalidade ser\u00e1 publicada no Di\u00e1rio Oficial do Munic\u00edpio e cadastrada no Tribunal de Contas do Estado de S\u00e3o Paulo (TCE-SP).<\/p>\n<h3 class=\"wp-block-heading\">Nota da Prefeitura<\/h3>\n<p><em>A Prefeitura de Ribeir\u00e3o Preto informa que aplicou nova penalidade \u00e0 empresa Metropolitana, respons\u00e1vel pelas obras na Avenida Nove de Julho e Rua S\u00e3o Jos\u00e9, em raz\u00e3o de irregularidades e atrasos registrados durante a execu\u00e7\u00e3o do contrato, em 2023.<\/em><\/p>\n<p><em>A empresa havia sido penalizada pela Prefeitura naquele ano, mas recorreu \u00e0 Justi\u00e7a. Na \u00e9poca, o Tribunal de Justi\u00e7a anulou o processo administrativo porque entendeu que n\u00e3o havia sido garantido \u00e0 empresa o direito de defesa. <strong>A decis\u00e3o n\u00e3o avaliou se a multa era ou n\u00e3o devida.<\/strong><\/em><\/p>\n<p><em>A atual gest\u00e3o optou por retomar o processo e ap\u00f3s an\u00e1lise das informa\u00e7\u00f5es e documentos, decidiu pela aplica\u00e7\u00e3o da penalidade.<\/em><\/p>\n<p><em>A empresa ser\u00e1 notificada e poder\u00e1 recorrer da decis\u00e3o, conforme prev\u00ea a legisla\u00e7\u00e3o.<\/em><\/p>\n<hr class=\"wp-block-separator has-alpha-channel-opacity\">\n<p class=\"has-text-align-center has-small-font-size\"><em>Fa\u00e7a uma den\u00fancia ou sugira uma reportagem sobre\u00a0<strong>Ribeir\u00e3o Preto\u00a0<\/strong>e regi\u00e3o por meio do WhatsApp do\u00a0<strong>acidade on Ribeir\u00e3o<\/strong>: (16) 99117-7802.<\/em><\/p>\n<p>O post Prefeitura multa empresa por irregularidades em obras da Nove de Julho em R$ 2,8 milh\u00f5es apareceu primeiro em ACidade ON Ribeir\u00e3o Preto.<\/p>\n<p><br \/>\n<br \/><a href=\"https:\/\/www.acidadeon.com\/ribeiraopreto\/politica\/prefeitura-multa-empresa-por-irregularidades-em-obras-da-nove-de-julho-em-r-28-milhoes\/\">Link para o texto original aqui <\/a><\/p>\n<!-- CONTENT END 1 -->\n","protected":false},"excerpt":{"rendered":"<p>A Prefeitura de Ribeir\u00e3o Preto aplicou uma multa de R$ 2,86 milh\u00f5es \u00e0 Construtora Metropolitana S.A., respons\u00e1vel pelas obras do corredor de \u00f4nibus da avenida&#8230;<\/p>\n","protected":false},"author":1,"featured_media":90934,"comment_status":"","ping_status":"","sticky":false,"template":"","format":"standard","meta":{"advanced_seo_description":"","jetpack_seo_html_title":"","jetpack_seo_noindex":false,"jetpack_seo_schema_type":"","_jetpack_newsletter_access":"","_jetpack_dont_email_post_to_subs":false,"_jetpack_newsletter_tier_id":0,"_jetpack_memberships_contains_paywalled_content":false,"_jetpack_feature_clip_id":0,"_jetpack_memberships_contains_paid_content":false,"footnotes":"","jetpack_publicize_message":"","jetpack_publicize_feature_enabled":true,"jetpack_social_post_already_shared":true,"jetpack_social_options":{"image_generator_settings":{"template":"highway","default_image_id":0,"font":"","enabled":false},"version":2},"jetpack_post_was_ever_published":false},"categories":[11],"tags":[1536,6024,1229,262,348,1228,1059,134,244],"class_list":["post-90933","post","type-post","status-publish","format-standard","has-post-thumbnail","hentry","category-noticias-de-ribeirao-preto-sp-e-regiao-ismael-colosi","tag-empresa","tag-irregularidades","tag-julho","tag-milhoes","tag-multa","tag-nove","tag-obras","tag-por","tag-prefeitura"],"jetpack_publicize_connections":[],"jetpack-related-posts":[{"id":16657,"url":"https:\/\/noticiasribeiraopreto.com.br\/index.php\/2023\/12\/16\/nove-de-julho-prefeitura-notifica-oficialmente-construtora-responsavel\/","url_meta":{"origin":90933,"position":0},"title":"Nove de Julho: Prefeitura notifica oficialmente construtora respons\u00e1vel","author":"noticiasribeiraopreto.com.br","date":"16 de December de 2023","format":false,"excerpt":"15 de dezembro de 2023 | 15:4615 de dezembro de 2023 | 16:28 0A secretaria municipal de Obras P\u00fablicas de Ribeir\u00e3o Preto anunciou, nesta sexta-feira, 15 de dezembro, que notificou oficialmente a construtora Metropolitana, sobre a multa que ser\u00e1 aplicada \u00e0 empresa no valor de R$ 2.861.442,58, A multa corresponde\u2026","rel":"","context":"In &quot;Not\u00edcias de Ribeir\u00e3o Preto-SP e Regi\u00e3o&quot;","block_context":{"text":"Not\u00edcias de Ribeir\u00e3o Preto-SP e Regi\u00e3o","link":"https:\/\/noticiasribeiraopreto.com.br\/index.php\/category\/noticias-de-ribeirao-preto-sp-e-regiao-ismael-colosi\/"},"img":{"alt_text":"","src":"https:\/\/i0.wp.com\/noticiasribeiraopreto.com.br\/wp-content\/uploads\/2023\/12\/NoveRP-Alfredo-Risk-Arquivo-1-scaled.jpg?fit=1000%2C523&ssl=1&resize=350%2C200","width":350,"height":200,"srcset":"https:\/\/i0.wp.com\/noticiasribeiraopreto.com.br\/wp-content\/uploads\/2023\/12\/NoveRP-Alfredo-Risk-Arquivo-1-scaled.jpg?fit=1000%2C523&ssl=1&resize=350%2C200 1x, https:\/\/i0.wp.com\/noticiasribeiraopreto.com.br\/wp-content\/uploads\/2023\/12\/NoveRP-Alfredo-Risk-Arquivo-1-scaled.jpg?fit=1000%2C523&ssl=1&resize=525%2C300 1.5x, https:\/\/i0.wp.com\/noticiasribeiraopreto.com.br\/wp-content\/uploads\/2023\/12\/NoveRP-Alfredo-Risk-Arquivo-1-scaled.jpg?fit=1000%2C523&ssl=1&resize=700%2C400 2x"},"classes":[]},{"id":60877,"url":"https:\/\/noticiasribeiraopreto.com.br\/index.php\/2024\/11\/27\/multa-por-rescisao-do-contrato-da-obra-da-nove-de-julho-e-anulada-entenda\/","url_meta":{"origin":90933,"position":1},"title":"Multa por rescis\u00e3o do contrato da obra da Nove de Julho \u00e9 anulada; Entenda","author":"noticiasribeiraopreto.com.br","date":"27 de November de 2024","format":false,"excerpt":"O juiz Gustavo M\u00fcller Lorenzato, da 1\u00aa Vara da Fazenda P\u00fablica de Ribeir\u00e3o Preto, anulou o processo administrativo da Prefeitura de Ribeir\u00e3o Preto contra a Construtora Metropolitana, que rescindiu unilateralmente o contrato das obras para o restauro da avenida Nove de Julho. Atualmente, a obra \u00e9 tocada pela Era-T\u00e9cnica Engenharia\u2026","rel":"","context":"In &quot;Not\u00edcias de Ribeir\u00e3o Preto-SP e Regi\u00e3o&quot;","block_context":{"text":"Not\u00edcias de Ribeir\u00e3o Preto-SP e Regi\u00e3o","link":"https:\/\/noticiasribeiraopreto.com.br\/index.php\/category\/noticias-de-ribeirao-preto-sp-e-regiao-ismael-colosi\/"},"img":{"alt_text":"","src":"https:\/\/i0.wp.com\/noticiasribeiraopreto.com.br\/wp-content\/uploads\/2024\/11\/avenida-nove-de-julho_2024-11-27_21-14-21_jpeg_2024-11-27_21-14-21.webp.webp?fit=1200%2C900&ssl=1&resize=350%2C200","width":350,"height":200,"srcset":"https:\/\/i0.wp.com\/noticiasribeiraopreto.com.br\/wp-content\/uploads\/2024\/11\/avenida-nove-de-julho_2024-11-27_21-14-21_jpeg_2024-11-27_21-14-21.webp.webp?fit=1200%2C900&ssl=1&resize=350%2C200 1x, https:\/\/i0.wp.com\/noticiasribeiraopreto.com.br\/wp-content\/uploads\/2024\/11\/avenida-nove-de-julho_2024-11-27_21-14-21_jpeg_2024-11-27_21-14-21.webp.webp?fit=1200%2C900&ssl=1&resize=525%2C300 1.5x, https:\/\/i0.wp.com\/noticiasribeiraopreto.com.br\/wp-content\/uploads\/2024\/11\/avenida-nove-de-julho_2024-11-27_21-14-21_jpeg_2024-11-27_21-14-21.webp.webp?fit=1200%2C900&ssl=1&resize=700%2C400 2x, https:\/\/i0.wp.com\/noticiasribeiraopreto.com.br\/wp-content\/uploads\/2024\/11\/avenida-nove-de-julho_2024-11-27_21-14-21_jpeg_2024-11-27_21-14-21.webp.webp?fit=1200%2C900&ssl=1&resize=1050%2C600 3x"},"classes":[]},{"id":16495,"url":"https:\/\/noticiasribeiraopreto.com.br\/index.php\/2023\/12\/15\/empresa-e-multada-apos-atraso-nas-obras-da-avenida-nove-de-julho\/","url_meta":{"origin":90933,"position":2},"title":"Empresa \u00e9 multada ap\u00f3s atraso nas obras da avenida Nove de Julho","author":"noticiasribeiraopreto.com.br","date":"15 de December de 2023","format":false,"excerpt":"A Prefeitura de Ribeir\u00e3o Preto informou nesta sexta-feira (15) que multou em R$ 2.861.442,58 a construtora Metropolitana, ap\u00f3s o munic\u00edpio ter rompido o contrato com a empresa para revitaliza\u00e7\u00e3o da avenida Nove de Julho. O acordo foi rescindido por conta do atraso nas obras, j\u00e1 que a Metropolitana realizou apenas\u2026","rel":"","context":"In &quot;Not\u00edcias de Ribeir\u00e3o Preto-SP e Regi\u00e3o&quot;","block_context":{"text":"Not\u00edcias de Ribeir\u00e3o Preto-SP e Regi\u00e3o","link":"https:\/\/noticiasribeiraopreto.com.br\/index.php\/category\/noticias-de-ribeirao-preto-sp-e-regiao-ismael-colosi\/"},"img":{"alt_text":"","src":"https:\/\/i0.wp.com\/noticiasribeiraopreto.com.br\/wp-content\/uploads\/2023\/12\/1702673439_WhatsApp-Image-2023-12-05-at-11.04.13.jpeg?fit=1200%2C764&ssl=1&resize=350%2C200","width":350,"height":200,"srcset":"https:\/\/i0.wp.com\/noticiasribeiraopreto.com.br\/wp-content\/uploads\/2023\/12\/1702673439_WhatsApp-Image-2023-12-05-at-11.04.13.jpeg?fit=1200%2C764&ssl=1&resize=350%2C200 1x, https:\/\/i0.wp.com\/noticiasribeiraopreto.com.br\/wp-content\/uploads\/2023\/12\/1702673439_WhatsApp-Image-2023-12-05-at-11.04.13.jpeg?fit=1200%2C764&ssl=1&resize=525%2C300 1.5x, https:\/\/i0.wp.com\/noticiasribeiraopreto.com.br\/wp-content\/uploads\/2023\/12\/1702673439_WhatsApp-Image-2023-12-05-at-11.04.13.jpeg?fit=1200%2C764&ssl=1&resize=700%2C400 2x, https:\/\/i0.wp.com\/noticiasribeiraopreto.com.br\/wp-content\/uploads\/2023\/12\/1702673439_WhatsApp-Image-2023-12-05-at-11.04.13.jpeg?fit=1200%2C764&ssl=1&resize=1050%2C600 3x"},"classes":[]},{"id":81435,"url":"https:\/\/noticiasribeiraopreto.com.br\/index.php\/2026\/01\/06\/prefeitura-de-ribeirao-preto-notifica-empresa-responsavel-pela-obra-da-nove-de-julho\/","url_meta":{"origin":90933,"position":3},"title":"Prefeitura de Ribeir\u00e3o Preto notifica empresa respons\u00e1vel pela obra da Nove de Julho","author":"noticiasribeiraopreto.com.br","date":"6 de January de 2026","format":false,"excerpt":"A Prefeitura de Ribeir\u00e3o Preto notificou formalmente a empresa respons\u00e1vel pelas obras de revitaliza\u00e7\u00e3o da avenida Nove de Julho ap\u00f3s a identifica\u00e7\u00e3o de falhas no pavimento e problemas de drenagem. A medida ocorre menos de um ano ap\u00f3s a entrega da obra e diante do aumento de reclama\u00e7\u00f5es de motoristas\u2026","rel":"","context":"In &quot;Not\u00edcias de Ribeir\u00e3o Preto-SP e Regi\u00e3o&quot;","block_context":{"text":"Not\u00edcias de Ribeir\u00e3o Preto-SP e Regi\u00e3o","link":"https:\/\/noticiasribeiraopreto.com.br\/index.php\/category\/noticias-de-ribeirao-preto-sp-e-regiao-ismael-colosi\/"},"img":{"alt_text":"","src":"https:\/\/i0.wp.com\/noticiasribeiraopreto.com.br\/wp-content\/uploads\/2026\/01\/image_2026-01-05_20-36-51.webp.webp?fit=984%2C616&ssl=1&resize=350%2C200","width":350,"height":200,"srcset":"https:\/\/i0.wp.com\/noticiasribeiraopreto.com.br\/wp-content\/uploads\/2026\/01\/image_2026-01-05_20-36-51.webp.webp?fit=984%2C616&ssl=1&resize=350%2C200 1x, https:\/\/i0.wp.com\/noticiasribeiraopreto.com.br\/wp-content\/uploads\/2026\/01\/image_2026-01-05_20-36-51.webp.webp?fit=984%2C616&ssl=1&resize=525%2C300 1.5x, https:\/\/i0.wp.com\/noticiasribeiraopreto.com.br\/wp-content\/uploads\/2026\/01\/image_2026-01-05_20-36-51.webp.webp?fit=984%2C616&ssl=1&resize=700%2C400 2x"},"classes":[]},{"id":31352,"url":"https:\/\/noticiasribeiraopreto.com.br\/index.php\/2024\/01\/22\/entenda-a-situacao-obra-na-avenida-nove-de-julho-apos-caso-entrar-na-justica\/","url_meta":{"origin":90933,"position":4},"title":"Entenda a situa\u00e7\u00e3o da obra na avenida Nove de Julho ap\u00f3s caso entrar na Justi\u00e7a","author":"noticiasribeiraopreto.com.br","date":"22 de January de 2024","format":false,"excerpt":"A Construtora Metropolitana conseguiu uma liminar na Justi\u00e7a para suspender a rescis\u00e3o do contrato com a Prefeitura de Ribeir\u00e3o Preto para o restauro da avenida Nove de Julho. A obra est\u00e1 paralisada desde o in\u00edcio de dezembro de 2023, por conta dos atrasos no projeto. Segundo a prefeitura, a decis\u00e3o\u2026","rel":"","context":"In &quot;Not\u00edcias de Ribeir\u00e3o Preto-SP e Regi\u00e3o&quot;","block_context":{"text":"Not\u00edcias de Ribeir\u00e3o Preto-SP e Regi\u00e3o","link":"https:\/\/noticiasribeiraopreto.com.br\/index.php\/category\/noticias-de-ribeirao-preto-sp-e-regiao-ismael-colosi\/"},"img":{"alt_text":"","src":"https:\/\/i0.wp.com\/noticiasribeiraopreto.com.br\/wp-content\/uploads\/2024\/01\/WhatsApp-Image-2023-12-05-at-11.04.13.jpeg?fit=1200%2C764&ssl=1&resize=350%2C200","width":350,"height":200,"srcset":"https:\/\/i0.wp.com\/noticiasribeiraopreto.com.br\/wp-content\/uploads\/2024\/01\/WhatsApp-Image-2023-12-05-at-11.04.13.jpeg?fit=1200%2C764&ssl=1&resize=350%2C200 1x, https:\/\/i0.wp.com\/noticiasribeiraopreto.com.br\/wp-content\/uploads\/2024\/01\/WhatsApp-Image-2023-12-05-at-11.04.13.jpeg?fit=1200%2C764&ssl=1&resize=525%2C300 1.5x, https:\/\/i0.wp.com\/noticiasribeiraopreto.com.br\/wp-content\/uploads\/2024\/01\/WhatsApp-Image-2023-12-05-at-11.04.13.jpeg?fit=1200%2C764&ssl=1&resize=700%2C400 2x, https:\/\/i0.wp.com\/noticiasribeiraopreto.com.br\/wp-content\/uploads\/2024\/01\/WhatsApp-Image-2023-12-05-at-11.04.13.jpeg?fit=1200%2C764&ssl=1&resize=1050%2C600 3x"},"classes":[]},{"id":35745,"url":"https:\/\/noticiasribeiraopreto.com.br\/index.php\/2024\/02\/07\/obra-na-nove-de-julho-custara-mais-r-32-mi\/","url_meta":{"origin":90933,"position":5},"title":"Obra na Nove de Julho custar\u00e1 mais R$ 3,2 mi\u00a0","author":"noticiasribeiraopreto.com.br","date":"7 de February de 2024","format":false,"excerpt":"7 de fevereiro de 2024 | 11:006 de fevereiro de 2024 | 21:35 0O valor estimado pela prefeitura de Ribeir\u00e3o Preto para a conclus\u00e3o das obras de restaura\u00e7\u00e3o, revitaliza\u00e7\u00e3o e de constru\u00e7\u00e3o de corredor de \u00f4nibus na avenida Nove de Julho, no novo processo licitat\u00f3rio que est\u00e1 sendo finalizado pela\u2026","rel":"","context":"In &quot;Not\u00edcias de Ribeir\u00e3o Preto-SP e Regi\u00e3o&quot;","block_context":{"text":"Not\u00edcias de Ribeir\u00e3o Preto-SP e Regi\u00e3o","link":"https:\/\/noticiasribeiraopreto.com.br\/index.php\/category\/noticias-de-ribeirao-preto-sp-e-regiao-ismael-colosi\/"},"img":{"alt_text":"","src":"https:\/\/i0.wp.com\/noticiasribeiraopreto.com.br\/wp-content\/uploads\/2024\/02\/NoveRP-Alfredo-Risk-Arquivo-1-scaled.jpg?fit=967%2C645&ssl=1&resize=350%2C200","width":350,"height":200,"srcset":"https:\/\/i0.wp.com\/noticiasribeiraopreto.com.br\/wp-content\/uploads\/2024\/02\/NoveRP-Alfredo-Risk-Arquivo-1-scaled.jpg?fit=967%2C645&ssl=1&resize=350%2C200 1x, https:\/\/i0.wp.com\/noticiasribeiraopreto.com.br\/wp-content\/uploads\/2024\/02\/NoveRP-Alfredo-Risk-Arquivo-1-scaled.jpg?fit=967%2C645&ssl=1&resize=525%2C300 1.5x, https:\/\/i0.wp.com\/noticiasribeiraopreto.com.br\/wp-content\/uploads\/2024\/02\/NoveRP-Alfredo-Risk-Arquivo-1-scaled.jpg?fit=967%2C645&ssl=1&resize=700%2C400 2x"},"classes":[]}],"jetpack_sharing_enabled":true,"jetpack_shortlink":"https:\/\/wp.me\/peQAOb-nEF","jetpack_featured_media_url":"https:\/\/i0.wp.com\/noticiasribeiraopreto.com.br\/wp-content\/uploads\/2026\/09\/avenida-nove-de-julho_2025-07-18_19-28-18.webp.webp?fit=1200%2C800&ssl=1","_links":{"self":[{"href":"https:\/\/noticiasribeiraopreto.com.br\/index.php\/wp-json\/wp\/v2\/posts\/90933","targetHints":{"allow":["GET"]}}],"collection":[{"href":"https:\/\/noticiasribeiraopreto.com.br\/index.php\/wp-json\/wp\/v2\/posts"}],"about":[{"href":"https:\/\/noticiasribeiraopreto.com.br\/index.php\/wp-json\/wp\/v2\/types\/post"}],"author":[{"embeddable":true,"href":"https:\/\/noticiasribeiraopreto.com.br\/index.php\/wp-json\/wp\/v2\/users\/1"}],"replies":[{"embeddable":true,"href":"https:\/\/noticiasribeiraopreto.com.br\/index.php\/wp-json\/wp\/v2\/comments?post=90933"}],"version-history":[{"count":0,"href":"https:\/\/noticiasribeiraopreto.com.br\/index.php\/wp-json\/wp\/v2\/posts\/90933\/revisions"}],"wp:featuredmedia":[{"embeddable":true,"href":"https:\/\/noticiasribeiraopreto.com.br\/index.php\/wp-json\/wp\/v2\/media\/90934"}],"wp:attachment":[{"href":"https:\/\/noticiasribeiraopreto.com.br\/index.php\/wp-json\/wp\/v2\/media?parent=90933"}],"wp:term":[{"taxonomy":"category","embeddable":true,"href":"https:\/\/noticiasribeiraopreto.com.br\/index.php\/wp-json\/wp\/v2\/categories?post=90933"},{"taxonomy":"post_tag","embeddable":true,"href":"https:\/\/noticiasribeiraopreto.com.br\/index.php\/wp-json\/wp\/v2\/tags?post=90933"}],"curies":[{"name":"wp","href":"https:\/\/api.w.org\/{rel}","templated":true}]}}