{"id":90949,"date":"2026-09-02T05:23:22","date_gmt":"2026-09-02T08:23:22","guid":{"rendered":"https:\/\/noticiasribeiraopreto.com.br\/index.php\/2026\/09\/02\/mia-couto-e-ale-santos-sao-destaques-da-quarta-feira-na-25a-fil-de-ribeirao-preto-confira-a-programacao\/"},"modified":"2026-09-02T05:23:22","modified_gmt":"2026-09-02T08:23:22","slug":"mia-couto-e-ale-santos-sao-destaques-da-quarta-feira-na-25a-fil-de-ribeirao-preto-confira-a-programacao","status":"publish","type":"post","link":"https:\/\/noticiasribeiraopreto.com.br\/index.php\/2026\/09\/02\/mia-couto-e-ale-santos-sao-destaques-da-quarta-feira-na-25a-fil-de-ribeirao-preto-confira-a-programacao\/","title":{"rendered":"Mia Couto e Ale Santos s\u00e3o destaques da quarta-feira na 25\u00aa FIL de Ribeir\u00e3o Preto; Confira a programa\u00e7\u00e3o"},"content":{"rendered":"<div class='code-block code-block-1' style='margin: 8px 0 8px auto; text-align: right; display: block; clear: both;'>\n<p><a href=\"https:\/\/wa.link\/vpicfd\"><img data-recalc-dims=\"1\" class=\"wp-image-4922\" style=\"aspect-ratio: 2.0253164556962027; width: 561px; height: auto;\" src=\"https:\/\/i0.wp.com\/ismaelcolosi.com.br\/wp-content\/uploads\/2023\/11\/grupo-de-empregos-whatsapp-e-facebook-ismael-colosi-vagas.jpg?ssl=1\" alt=\"\" \/><\/a><\/p>\n<!-- \/wp:image -->\n<\/div>\n<p> <br \/>\n<\/p>\n<p>A <strong>25\u00aa Feira Internacional do Livro (FIL) de Ribeir\u00e3o Preto<\/strong> prossegue nesta <strong>quarta-feira (2) <\/strong>com confer\u00eancia do escritor mo\u00e7ambicano <strong>Mia Couto<\/strong>, marcada para as <strong>20h30<\/strong> na Sala Principal do<strong> Theatro Pedro II<\/strong>, e a palestra <strong>\u201cSess\u00e3o Abayomi: escrita ancestral futurista\u201d<\/strong>, ministrada por <strong>Ale Santos<\/strong> com media\u00e7\u00e3o de Lorena Evangelista, \u00e0s <strong>19h<\/strong> no <strong>Audit\u00f3rio Meira Junior<\/strong>.<\/p>\n<p>Espalhada por pontos da cidade como a Pra\u00e7a XV de Novembro, o Theatro Pedro II e a Biblioteca Sinh\u00e1 Junqueira, a programa\u00e7\u00e3o do evento abrange conta\u00e7\u00f5es de hist\u00f3rias, oficinas criativas, viv\u00eancias liter\u00e1rias e interven\u00e7\u00f5es art\u00edsticas gratuitas voltadas a todos os p\u00fablicos ao longo do dia.<\/p>\n<figure class=\"wp-block-gallery has-nested-images columns-default is-cropped wp-block-gallery-1 is-layout-flex wp-block-gallery-is-layout-flex\">\n<figure class=\"wp-block-image\"><figcaption class=\"wp-element-caption\">Mia Couto \u2013 Imagem: reprodu\u00e7\u00e3o)<\/figcaption><\/figure>\n<figure class=\"wp-block-image size-large\"><img data-recalc-dims=\"1\" loading=\"lazy\" decoding=\"async\" width=\"916\" height=\"423\" data-id=\"173188\" src=\"https:\/\/i0.wp.com\/www.acidadeon.com\/ribeiraopreto\/wp-content\/uploads\/sites\/3\/2026\/09\/Ale-Santos-2.jpeg?resize=916%2C423&#038;ssl=1\" alt=\"Ale Santos  - Foto: redes sociais \/ @Savagefiction\" class=\"wp-image-173188\" title=\"Mia Couto e Ale Santos s\u00e3o destaques da quarta-feira na 25\u00aa FIL de Ribeir\u00e3o Preto; Confira a programa\u00e7\u00e3o 2\"><figcaption class=\"wp-element-caption\">Ale Santos  \u2013 Foto: redes sociais \/ @Savagefiction<\/figcaption><\/figure>\n<\/figure>\n<p class=\"has-very-light-gray-to-cyan-bluish-gray-gradient-background has-background\"><em>Receba not\u00edcias do\u00a0<strong>acidade on Ribeir\u00e3o\u00a0<\/strong>no WhatsApp e fique por dentro de tudo! Basta acessar o link<a href=\"https:\/\/chat.whatsapp.com\/DfXwcjKVIddHUT3BvnQuPZ?mode=hqctshi\" target=\"_blank\" rel=\"noreferrer noopener\">\u00a0aqui<\/a>!<\/em><\/p>\n<p>Para participar das atividades no Theatro Pedro II \u00e9 necess\u00e1rio <strong>retirar a senha de acesso com uma hora de anteced\u00eancia<\/strong>. A distribui\u00e7\u00e3o das senhas ocorre na Central de Informa\u00e7\u00f5es da FIL, localizada na <mark class=\"has-inline-color\">Esplanada do Theatro Pedro II<\/mark>. <\/p>\n<p>Para o <strong>Espa\u00e7o de Oficinas Sesc Senac<\/strong>, \u00e9 necess\u00e1rio <strong>retirar as senhas 30 minutos<\/strong> antes de cada atividade no pr\u00f3prio espa\u00e7o. <mark class=\"has-inline-color\">Nos demais locais, a entrada ser\u00e1 por ordem de chegada<\/mark>, respeitando a capacidade de cada espa\u00e7o. Programa\u00e7\u00e3o completa e agendamento escolar no\u00a0<a href=\"https:\/\/www.fundacaodolivroeleiturarp.com\/\" target=\"_blank\" rel=\"noreferrer noopener\">site oficial da Funda\u00e7\u00e3o do Livro e Leitura de Ribeir\u00e3o Preto<\/a>.<\/p>\n<h2 class=\"wp-block-heading\" id=\"confira-a-programacao-desta-quarta-2\"><strong>Confira a programa\u00e7\u00e3o desta quarta (2)<\/strong><\/h2>\n<p><strong>8H \u2013<\/strong> Viv\u00eancia \u2022 Tecendo hist\u00f3rias: da maquete \u00e0 poesia<br \/>COM TIAGO SPOKEN, ALINE ROCHA \u2022 MEDIA\u00c7\u00c3O DE L\u00cdDIA QUARESMA<br \/>Um encontro que une arquitetura e literatura. De um lado, os alunos do Corassol mostram suas maquetes de casas imaginadas, constru\u00eddas com inspira\u00e7\u00e3o em viv\u00eancias pr\u00f3prias. Do outro, Tiago Spoken cria poesias a partir dessas hist\u00f3rias. O resultado \u00e9 uma conex\u00e3o entre o processo criativo das maquetes, a for\u00e7a das palavras e o p\u00fablico, estimulando a imagina\u00e7\u00e3o, a express\u00e3o e o pertencimento.<br \/>LOCAL Coreto Pra\u00e7a XV de Novembro \u2022 Espa\u00e7o Favela<\/p>\n<p><strong>8H30 \u2013 <\/strong>Interven\u00e7\u00e3o \u2022 Preven\u00e7\u00e3o combinada de HIV e outras ISTs<br \/>A a\u00e7\u00e3o, realizada pela Secretaria Municipal da Sa\u00fade por meio do Programa Municipal IST\/Aids, Tuberculose e Hepatites Virais, prev\u00ea a distribui\u00e7\u00e3o de folhetos informativos, exposi\u00e7\u00e3o e oferta de insumos de preven\u00e7\u00e3o ao HIV e outras ISTs. A iniciativa promove o di\u00e1logo direto com os visitantes da FIL sobre autocuidado e promo\u00e7\u00e3o da sa\u00fade.<br \/>LOCAL Pra\u00e7a XV de Novembro \u2022 Estande Prefeitura Municipal de Ribeir\u00e3o Preto<\/p>\n<p><strong>8H30 \u2013<\/strong> Teatro educativo \u2022 Os combinados do tr\u00e2nsito<br \/>COM RP MOBI<br \/>Atividade educativa e interativa voltada ao p\u00fablico infantojuvenil, com foco na conscientiza\u00e7\u00e3o, seguran\u00e7a vi\u00e1ria e forma\u00e7\u00e3o cidad\u00e3. L\u00fadica, a a\u00e7\u00e3o aborda travessia segura, uso do cinto de seguran\u00e7a, aten\u00e7\u00e3o no tr\u00e2nsito, import\u00e2ncia das regras, conviv\u00eancia e respeito ao pr\u00f3ximo.<br \/>LOCAL Pra\u00e7a XV de Novembro \u2022 Estande Prefeitura Municipal de Ribeir\u00e3o Preto<br \/><strong><br \/>9H \u2013<\/strong> Oficina \u2022 Automaquiagem<br \/>Entre pinc\u00e9is, cores e descobertas, a oficina convida os participantes a aprender t\u00e9cnicas simples e eficazes de automaquiagem. No processo, pequenos cuidados ganham destaque ao valorizar os tra\u00e7os individuais, refor\u00e7ar a autoestima e transformar a rotina em um momento de bem-estar e express\u00e3o pessoal.<br \/>LOCAL Pra\u00e7a XV de Novembro \u2022 Espa\u00e7o Oficinas Sesc Senac<\/p>\n<p><strong>9H<\/strong> \u2013 Interven\u00e7\u00e3o \u2022 Conhecendo a literatura de cordel<br \/>Realizada pela Secretaria Municipal da Educa\u00e7\u00e3o, a interven\u00e7\u00e3o convida o p\u00fablico a conhecer a literatura de cordel por meio de um varal de poesias, aproximando os visitantes dessa express\u00e3o tradicional da cultura popular brasileira.<br \/>LOCAL Pra\u00e7a XV de Novembro \u2022 Estande Prefeitura Municipal de Ribeir\u00e3o Preto<\/p>\n<p><strong>9H<\/strong> \u2013 Conta\u00e7\u00e3o de hist\u00f3rias \u2022 Cole\u00e7\u00e3o Financinhas<br \/>COM SICOOB COOPERAC<br \/>A partir das hist\u00f3rias da Cole\u00e7\u00e3o Financinhas, do Instituto Sicoob, a atividade aborda temas como sonhos, escolhas, coopera\u00e7\u00e3o, consumo consciente e planejamento, incentivando as crian\u00e7as a refletirem sobre sua rela\u00e7\u00e3o com o dinheiro e com a comunidade onde vivem. De forma l\u00fadica e interativa, a experi\u00eancia une literatura, educa\u00e7\u00e3o financeira e cidadania.<br \/>LOCAL Centro Cultural Palace \u2022 Audit\u00f3rio Pedro Paulo<\/p>\n<p><strong>9H \u2013<\/strong> Conta\u00e7\u00e3o de hist\u00f3ria \u2022 Livre como o vento<br \/>COM MANDINGUEIRAS DA PRACINHA<br \/>Inspirada nas tradi\u00e7\u00f5es da oralidade e nos fundamentos da capoeira, a atividade entrela\u00e7a saberes da cultura popular em hist\u00f3rias que celebram a liberdade e a conex\u00e3o com a natureza, despertando o imagin\u00e1rio infantil e o respeito ao meio ambiente.<br \/>LOCAL Esplanada Theatro Pedro II \u2022 Ambient de Leitura<\/p>\n<p><strong>9H \u2013 <\/strong>Oficina \u2022 Energia e movimento<br \/>COM ISADORA MIAN E MARCO ANT\u00d4NIO VENTURA<br \/>Atividade realizada pela equipe do Supera Parque de Inova\u00e7\u00e3o e Tecnologia, com foco nos estudantes do Ensino Fundamental II e Ensino M\u00e9dio. A proposta une ci\u00eancia, literatura e protagonismo, defende a curiosidade como ponto de partida das grandes transforma\u00e7\u00f5es e descobertas e incentiva o trabalho em equipe na resolu\u00e7\u00e3o de problemas de forma pr\u00e1tica.<br \/>LOCAL Pra\u00e7a XV de Novembro \u2022 Usina do Saber<\/p>\n<p><strong>10H \u2013 <\/strong>Bate-papo \u2022 Profiss\u00f5es do SUS: cuidar das pessoas tamb\u00e9m \u00e9 uma profiss\u00e3o<br \/>Realizada pela Secretaria Municipal da Sa\u00fade e Subsecretaria Municipal de Planejamento, a conversa apresenta diferentes profiss\u00f5es que comp\u00f5em o Sistema \u00danico de Sa\u00fade (SUS), destacando o trabalho de cuidado com as pessoas e a import\u00e2ncia das equipes multiprofissionais na rede p\u00fablica.<br \/>LOCAL Pra\u00e7a XV de Novembro \u2022 Estande Prefeitura Municipal de Ribeir\u00e3o Preto<\/p>\n<p><strong>10H \u2013 <\/strong>Oficina \u2022 Lambe-lambe<br \/>A proposta convida os participantes a explorar a linguagem visual dos cartazes art\u00edsticos e po\u00e9ticos que transformam muros e espa\u00e7os p\u00fablicos em galerias abertas. Em formato livre e interativo, cada pessoa cria seu pr\u00f3prio cartaz, experimenta t\u00e9cnicas simples de colagem e pintura e reflete sobre como a arte urbana comunica ideias, sentimentos e provoca\u00e7\u00f5es.<br \/>LOCAL Pra\u00e7a XV de Novembro \u2022 Espa\u00e7o Oficinas Sesc Senac<\/p>\n<p><strong>10H \u2013<\/strong> Conta\u00e7\u00e3o de hist\u00f3ria \u2022 Banho de samambaia<br \/>COM THAYAME PORTO E CIA PASSARINHO CONTOU<br \/>Por meio de narrativas, brincadeiras interativas e m\u00fasicas, a atividade une a tradi\u00e7\u00e3o oral de transmiss\u00e3o de conhecimentos a um passeio por sensa\u00e7\u00f5es, emo\u00e7\u00f5es e reconex\u00f5es com saberes ancestrais, como o uso de plantas medicinais e banhos de ervas.<br \/>LOCAL Esplanada Theatro Pedro II \u2022 Tenda Sesc Senac<\/p>\n<p><strong>10H15<\/strong> \u2013 Conta\u00e7\u00e3o de hist\u00f3rias \u2022 Cole\u00e7\u00e3o Financinhas<br \/>COM SICOOB COOPERAC<br \/>Mais informa\u00e7\u00f5es na p\u00e1gina 74.<br \/>LOCAL Pra\u00e7a XV de Novembro \u2022 Usina do Saber<\/p>\n<p><strong>10H30 <\/strong>\u2013 Interven\u00e7\u00e3o \u2022 O rocambolesco realejo das raps\u00f3dias revolucion\u00e1rias<br \/>COM CIA MAR<br \/>Uma trupe de mulheres chega neste cortejo musical, misturando o grave da tuba, a leveza da flauta e a cad\u00eancia da percuss\u00e3o. O p\u00fablico \u00e9 convidado a tirar do realejo a sua pr\u00f3pria sorte: um cart\u00e3o com feitos ou cita\u00e7\u00f5es de mulheres reais que marcaram o seu tempo.<br \/>LOCAL Esplanada Theatro Pedro II<\/p>\n<p><strong>11H \u2013 <\/strong>Oficina \u2022 Penteados pr\u00e1ticos para o dia a dia<br \/>Em uma proposta din\u00e2mica e acess\u00edvel, os participantes aprendem t\u00e9cnicas r\u00e1pidas e criativas para mudar a forma de arrumar os cabelos, transformar o visual e valorizar a autoestima.<br \/>LOCAL Pra\u00e7a XV de Novembro \u2022 Espa\u00e7o Oficinas Sesc Senac<\/p>\n<p><strong>12H \u2013<\/strong> Sarau da Abigail<br \/>COM GRUPO ABIGAIL CONTA MAIS DE MIL<br \/>Poesia musicada, significado das palavras, microfone aberto, adivinha\u00e7\u00e3o, poesia coletiva e brinde final est\u00e3o reunidos nesta atividade animada, interativa, divertida e cheia de improvisos.<br \/>LOCAL Esplanada Theatro Pedro II \u2022 Tenda Sesc Senac<\/p>\n<p><strong>13H \u2013<\/strong> Oficina \u2022 Lambe-lambe<br \/>LOCAL Pra\u00e7a XV de Novembro \u2022 Espa\u00e7o Oficinas Sesc Senac<\/p>\n<p><strong>13H30 \u2013<\/strong> Conta\u00e7\u00e3o de hist\u00f3rias \u2022 Cole\u00e7\u00e3o Financinhas<br \/>COM SICOOB COOPERAC<br \/>LOCAL Centro Cultural Palace<\/p>\n<p><strong>13H30 \u2013<\/strong> Interven\u00e7\u00e3o \u2022 Circuito de simula\u00e7\u00e3o de embriaguez<br \/>COM RP MOBI<br \/>A atividade apresenta um circuito de simula\u00e7\u00e3o de embriaguez, que busca conscientizar sobre os riscos da combina\u00e7\u00e3o entre \u00e1lcool e dire\u00e7\u00e3o, por meio de uma experi\u00eancia interativa e educativa.<br \/>LOCAL Pra\u00e7a XV de Novembro \u2022 Estande Prefeitura Municipal de Ribeir\u00e3o Preto<\/p>\n<p><strong>13H30 \u2013<\/strong> Oficina \u2022 Projeto Semeando Trovas<br \/>COM UNI\u00c3O BRASILEIRA DOS TROVADORES (UBT)<br \/>A oficina \u00e9 direcionada a alunos do Ensino Fundamental II e Ensino M\u00e9dio. Conduzido pelo Departamento Juventrovas da UBT- -Ribeir\u00e3o Preto, o workshop apresenta a tradi\u00e7\u00e3o das trovas e estimula a cria\u00e7\u00e3o po\u00e9tica pelos participantes.<br \/>LOCAL Biblioteca Sinh\u00e1 Junqueira \u2022 Audit\u00f3rio<\/p>\n<p><strong>14H \u2013<\/strong> Conta\u00e7\u00e3o de hist\u00f3ria \u2022 Livre como o vento<br \/>COM MANDINGUEIRAS DA PRACINHA<br \/>Mais informa\u00e7\u00f5es na p\u00e1gina 75.<br \/>LOCAL Esplanada Theatro Pedro II \u2022 Ambient de Leitura<\/p>\n<p><strong>14H \u2013<\/strong> Visita mediada \u2022 Biblioteca Sinh\u00e1 Junqueira<br \/>A a\u00e7\u00e3o convida o p\u00fablico a conhecer a hist\u00f3ria e os espa\u00e7os da mais tradicional biblioteca de Ribeir\u00e3o Preto. O roteiro apresenta ambientes, acontecimentos e personagens ligados a Theolina Junqueira, antiga propriet\u00e1ria da casa que se tornou um importante patrim\u00f4nio hist\u00f3rico e cultural da cidade.<br \/>LOCAL Biblioteca Sinh\u00e1 Junqueira<\/p>\n<p><strong>14H \u2013 <\/strong>Viv\u00eancia \u2022 Tecendo hist\u00f3rias: da maquete \u00e0 poesia<br \/>COM TIAGO SPOKEN, ALINE ROCHA \u2022 MEDIA\u00c7\u00c3O DE L\u00cdDIA QUARESMA<br \/>LOCAL Coreto Pra\u00e7a XV de Novembro \u2022 Espa\u00e7o Favela<\/p>\n<p><strong>14H \u2013 <\/strong>Oficina \u2022 Jogos de tabuleiro<br \/>Atividade l\u00fadica e educativa que estimula o racioc\u00ednio l\u00f3gico, a concentra\u00e7\u00e3o e a intera\u00e7\u00e3o entre os participantes. O encontro proporciona momentos de aprendizado, divers\u00e3o e troca entre todos.<br \/>LOCAL Pra\u00e7a XV de Novembro \u2022 Espa\u00e7o Oficinas Sesc Senac<\/p>\n<p><strong>14H30 \u2013 <\/strong>Apresenta\u00e7\u00e3o escolar \u2022 Ribeir\u00e3o Preto 170 anos<br \/>COM CEEEF EGYDIO PEDRESCHI<br \/>O encontro, realizado pela Secretaria Municipal de Educa\u00e7\u00e3o, celebra os 170 anos de Ribeir\u00e3o Preto por meio de uma apresenta\u00e7\u00e3o constru\u00edda no ambiente escolar, destacando identidade e elementos da hist\u00f3ria da cidade.<br \/>LOCAL Pra\u00e7a XV de Novembro \u2022 Estande Prefeitura Municipal de Ribeir\u00e3o Preto<\/p>\n<p><strong>14H30 \u2013 <\/strong>Oficina \u2022 Energia e movimento<br \/>COM ISADORA MIAN E MARCO ANT\u00d4NIO VENTURA<br \/>LOCAL Pra\u00e7a XV de Novembro \u2022 Usina do Saber<\/p>\n<p><strong>14H45 \u2013<\/strong> Conta\u00e7\u00e3o de hist\u00f3rias \u2022 Cole\u00e7\u00e3o Financinhas<br \/>COM SICOOB COOPERAC<br \/>LOCAL Pra\u00e7a XV de Novembro \u2022 Usina do Saber<\/p>\n<p><strong>15H \u2013<\/strong> Conta\u00e7\u00e3o de hist\u00f3ria \u2022 Banho de samambaia<br \/>COM THAYAME PORTO E CIA PASSARINHO CONTOU<br \/>LOCAL Esplanada Theatro Pedro II \u2022 Tenda Sesc Senac<\/p>\n<p><strong>15H \u2013<\/strong> Interven\u00e7\u00e3o \u2022 O rocambolesco realejo das raps\u00f3dias revolucion\u00e1rias<br \/>COM CIA MAR<br \/>LOCAL Esplanada Theatro Pedro II \u2022 Tenda Sesc Senac<\/p>\n<p><strong>15H \u2013 <\/strong>Oficina \u2022 Como escolher e aplicar seu protetor solar<br \/>De forma pr\u00e1tica e leve, esta oficina traz orienta\u00e7\u00f5es sobre como escolher o protetor solar ideal para cada tipo de pele e estilo de vida, al\u00e9m de demonstrar a aplica\u00e7\u00e3o correta para garantir efic\u00e1cia e seguran\u00e7a. A atividade tamb\u00e9m refor\u00e7a a import\u00e2ncia do autocuidado e da prote\u00e7\u00e3o contra os raios UV.<br \/>LOCAL Pra\u00e7a XV de Novembro \u2022 Espa\u00e7o Oficinas Sesc Senac<\/p>\n<p><strong>15H30 \u2013<\/strong> Palestra \u2022 O mundo \u00e9 seu. Mas ser\u00e1 que voc\u00ea sabe o que fazer com ele?<br \/>COM RODRIGO DIB<br \/>O encontro instiga o p\u00fablico a refletir sobre escolhas, prop\u00f3sito e carreira profissional em um mundo de oportunidades, a partir de uma abordagem pr\u00e1tica e inspiradora. Reconhecido como um dos principais especialistas em carreira no pa\u00eds, Rodrigo Dib \u00e9 cofundador da Galena Edupass, plataforma nacional de desenvolvimento profissional, e superintendente do Centro de Integra\u00e7\u00e3o Empresa-Escola (CIEE).<br \/>LOCAL Esplanada Theatro Pedro II \u2022 Tenda Sesc Senac<\/p>\n<p><strong>16H \u2013<\/strong> Oficina \u2022 Sais arom\u00e1ticos<br \/>A oficina convida o p\u00fablico a criar sais arom\u00e1ticos em uma experi\u00eancia que combina cores, fragr\u00e2ncias e imagina\u00e7\u00e3o. A partir de diferentes aromas, os participantes s\u00e3o estimulados a despertar mem\u00f3rias, sensa\u00e7\u00f5es e narrativas, explorando os sentidos como ponto de partida para a cria\u00e7\u00e3o.<br \/>LOCAL Pra\u00e7a XV de Novembro \u2022 Espa\u00e7o Oficinas Sesc Senac<\/p>\n<p><strong>16H \u2013 <\/strong>Visita mediada \u2022 Centro Cultural Palace<br \/>A visita oferece ao p\u00fablico a oportunidade de conhecer o interior do Centro Cultural Palace, pr\u00e9dio hist\u00f3rico de Ribeir\u00e3o Preto que integra o Quarteir\u00e3o Paulista, um dos principais cart\u00f5es-postais da cidade.<br \/>LOCAL Centro Cultural Palace<\/p>\n<p><strong>16H30 \u2013<\/strong> Concerto \u2022 Talento se aprende: toda crian\u00e7a \u00e9 capaz<br \/>COM ACADEMIA LIVRE DE M\u00daSICA E ARTES DE RIBEIR\u00c3O PRETO (ALMA)<br \/>Baseada no princ\u00edpio de que toda crian\u00e7a \u00e9 capaz de aprender, a apresenta\u00e7\u00e3o valoriza a escuta, a pr\u00e1tica cont\u00ednua e o est\u00edmulo familiar, promovendo o desenvolvimento musical, humano e afetivo. A apresenta\u00e7\u00e3o compartilha com o p\u00fablico a ideia central da filosofia do educador e violinista Shinichi Suzuki: talento \u00e9 uma capacidade que pode ser desenvolvida.<br \/>LOCAL Escadarias Theatro Pedro II<\/p>\n<p><strong>16H30 \u2013 <\/strong>Palestra \u2022 Traduzindo humanos: um papo reto sobre a gera\u00e7\u00e3o que vai mudar tudo<br \/>COM ADRIANO ANT\u00d4NIO FERREIRA, CAMILO XAVIER, HELO\u00cdSA ALVES E FILOMENA ASSOLINI<br \/>A conversa aborda os desafios, pot\u00eancias e transforma\u00e7\u00f5es da nova gera\u00e7\u00e3o, tratando de seus modos de se relacionar, aprender, trabalhar e construir futuro em um mundo em constante mudan\u00e7a.<br \/>LOCAL Centro Cultural Palace \u2022 Audit\u00f3rio Pedro Paulo<\/p>\n<p><strong>17H \u2013<\/strong> Bate-papo \u2022 Meu odiado cr\u00edtico<br \/>COM MIGUEL DE ALMEIDA, R\u00d4MULO FR\u00d3ES \u2022 MEDIA\u00c7\u00c3O DE ADRIANA FERREIRA SILVA<br \/>Conversa com o jornalista Miguel de Almeida e o m\u00fasico R\u00f4mulo Fr\u00f3es, sobre m\u00fasica, cr\u00edtica musical e os caminhos da produ\u00e7\u00e3o cultural no Brasil, a partir das trajet\u00f3rias de cr\u00edticos musicais como Ezequiel Neves, J\u00falio Medaglia, S\u00e9rgio Cabral e Zuza Homem de Mello. Adriana Ferreira Silva \u00e9 escritora e jornalista, Fr\u00f3es \u00e9 cantor, compositor e produtor da cena musical independente.<br \/>LOCAL Esplanada Theatro Pedro II \u2022 Tenda Sesc Senac<\/p>\n<p><strong>17H \u2013<\/strong> Oficina \u2022 Confec\u00e7\u00e3o de bonecas Abayomi<br \/>Atividade cultural e educativa que ensina o passo a passo de produ\u00e7\u00e3o da boneca que \u00e9 s\u00edmbolo de afeto, resist\u00eancia e ancestralidade afro-brasileira. Feitas somente com amarra\u00e7\u00f5es, as pe\u00e7as dispensam o uso de costuras e podem ser confeccionadas por pessoas de todas as idades.<br \/>LOCAL Pra\u00e7a XV de Novembro \u2022 Espa\u00e7o Oficinas Sesc Senac<\/p>\n<p><strong>18H \u2013<\/strong> Oficina \u2022 Jogos de tabuleiro<br \/>LOCAL Pra\u00e7a XV de Novembro \u2022 Espa\u00e7o Oficinas Sesc Senac<\/p>\n<p><strong>18H30 \u2013 <\/strong>Viv\u00eancia \u2022 Maracatu Chap\u00e9u de Sol<br \/>O encontro celebra os 18 anos do Maracatu Chap\u00e9u de Sol, reconhecido como o primeiro maracatu de Ribeir\u00e3o Preto, em uma atividade de cultura popular, m\u00fasica e partilha coletiva. A viv\u00eancia apresenta a hist\u00f3ria do grupo e a demonstra\u00e7\u00e3o de instrumentos e das na\u00e7\u00f5es tocadas. O p\u00fablico \u00e9 convidado a participar de uma grande roda, em um espa\u00e7o de troca e acolhimento, que busca reproduzir a energia dos encontros do quintal da UGT e fortalecer essa caminhada coletiva.<br \/>LOCAL Coreto Pra\u00e7a XV de Novembro \u2022 Espa\u00e7o Favela<\/p>\n<p><strong>18H30 \u2013<\/strong> Conta\u00e7\u00e3o de hist\u00f3ria \u2022 Quem conta um conto<br \/>Realizada pela Funda\u00e7\u00e3o Instituto do Livro de Ribeir\u00e3o Preto, a atividade convida o p\u00fablico a um momento de narrativas e imagina\u00e7\u00e3o, em que hist\u00f3rias s\u00e3o compartilhadas de forma oral, estimulando a escuta, a criatividade e o encantamento pela leitura.<br \/>LOCAL Pra\u00e7a XV de Novembro \u2022 Estande Prefeitura Municipal de Ribeir\u00e3o Preto<\/p>\n<p><strong>19H \u2013<\/strong> Espet\u00e1culo \u2022 Corteja Paulo Freire<br \/>COM CIA DO TIJOLO<br \/>Neste espet\u00e1culo musical e po\u00e9tico que homenageia o educador e fil\u00f3sofo Paulo Freire, a trupe teatral utiliza bonecos gigantes e encena\u00e7\u00f5es inspiradas no Carnaval de Olinda (PE) e convida os participantes a seguir em um cortejo de alegria e vibra\u00e7\u00e3o. A atividade tamb\u00e9m lembra a import\u00e2ncia de personagens como Patativa do Assar\u00e9, Federico Garcia Lorca, Ivone Gebara e Dom H\u00e9lder C\u00e2mara, entre outros.<br \/>LOCAL Esplanada Theatro Pedro II<\/p>\n<p><strong>19H \u2013 <\/strong>Palestra<br \/>COM ASSOCIA\u00c7\u00c3O DE SURDOS DE RIBEIR\u00c3O PRETO<br \/>O encontro prop\u00f5e um espa\u00e7o de troca de experi\u00eancias, com foco na viv\u00eancia, na comunica\u00e7\u00e3o e na valoriza\u00e7\u00e3o da comunidade surda.<br \/>LOCAL Centro Cultural Palace \u2022 Audit\u00f3rio Pedro Paulo<\/p>\n<p><strong>19H \u2013<\/strong> Bate-papo \u2022 Mem\u00f3rias sobre dois vaga-lumes<br \/>COM LUIZ PUNTEL E MARCELO DUARTE<br \/>Os escritores que ajudaram a construir a hist\u00f3ria da Cole\u00e7\u00e3o Vaga-Lume, da editora \u00c1tica, compartilham lembran\u00e7as de bastidores, experi\u00eancias com leitores e reflex\u00f5es sobre o impacto da produ\u00e7\u00e3o na forma\u00e7\u00e3o liter\u00e1ria de diferentes gera\u00e7\u00f5es no Brasil. Lan\u00e7ada em 1973, a cole\u00e7\u00e3o reuniu hist\u00f3rias de aventura, mist\u00e9rio, humor e temas do cotidiano juvenil, tornando-se refer\u00eancia nas bibliotecas e aproximando adolescentes da leitura.<br \/>LOCAL Biblioteca Sinh\u00e1 Junqueira \u2022 Audit\u00f3rio<\/p>\n<p><strong>19H \u2013<\/strong> <mark class=\"has-inline-color\">Palestra \u2022 Sess\u00e3o Abayomi: escrita ancestral futurista<\/mark><br \/><mark class=\"has-inline-color\">COM ALE SANTOS \u2022 MEDIA\u00c7\u00c3O DE LORENA EVANGELISTA<\/mark><br \/>A atividade aborda as tecnologias da escrita a partir das experi\u00eancias de povos afro-ind\u00edgenas no passado e suas proje\u00e7\u00f5es para o futuro, propondo uma reflex\u00e3o sobre ancestralidade, linguagem e imagina\u00e7\u00e3o.<br \/><mark class=\"has-inline-color\">LOCAL Theatro Pedro II \u2022 Audit\u00f3rio Meira Junior<\/mark><\/p>\n<p><strong>19H30 \u2013 <\/strong>Lan\u00e7amento de livro \u2022 Colet\u00e2nea Unaerp: Cr\u00f4nicas<br \/>A terceira edi\u00e7\u00e3o do projeto liter\u00e1rio da Unaerp re\u00fane 18 autores em uma colet\u00e2nea de cr\u00f4nicas sobre afetos, dilemas e experi\u00eancias do cotidiano. Alunos, professores, t\u00e9cnicos-administrativos e convidados compartilham narrativas que transformam viv\u00eancias em literatura. S\u00e3o hist\u00f3rias nascidas do dia a dia, escritas por quem acredita que a palavra tem o poder de aproximar pessoas e revelar mundos.<br \/>LOCAL Biblioteca Sinh\u00e1 Junqueira \u2022 Quintal<\/p>\n<p><strong>20H30 \u2013<\/strong> <mark class=\"has-inline-color\">Confer\u00eancia \u2022 Mia Couto<br \/>MEDIA\u00c7\u00c3O DE DULCE NEVES<\/mark><br \/>O escritor mo\u00e7ambicano Mia Couto volta \u00e0 FIL para um encontro em que aborda sua carreira liter\u00e1ria e os caminhos da cria\u00e7\u00e3o narrativa, com foco em temas como linguagem, identidade e imagina\u00e7\u00e3o na literatura contempor\u00e2nea. Bi\u00f3logo de forma\u00e7\u00e3o, Mia Couto \u00e9 um dos mais importantes escritores da l\u00edngua portuguesa, autor de obras como Terra Son\u00e2mbula e O \u00daltimo Voo do Flamingo, reconhecido internacionalmente por sua escrita marcada pela inventividade lingu\u00edstica e pela reinven\u00e7\u00e3o das formas de narrar.<br \/><mark class=\"has-inline-color\">LOCAL Theatro Pedro II \u2022 Sala Principal<\/mark><\/p>\n<figure class=\"wp-block-image size-large\"><img data-recalc-dims=\"1\" loading=\"lazy\" decoding=\"async\" width=\"1024\" height=\"575\" src=\"https:\/\/i0.wp.com\/www.acidadeon.com\/ribeiraopreto\/wp-content\/uploads\/sites\/3\/2026\/09\/Mia-Couto-e-Ale-Santos-1024x575.jpeg?resize=1024%2C575&#038;ssl=1\" alt=\"Mia Couto e Ale Santos - Cr\u00e9ditos: Filipe Araujo\/Estad\u00e3o\/Conteudo\/Arquivo e Divulga\u00e7\u00e3o\" class=\"wp-image-173185\" title=\"Mia Couto e Ale Santos s\u00e3o destaques da quarta-feira na 25\u00aa FIL de Ribeir\u00e3o Preto; Confira a programa\u00e7\u00e3o 3\"><figcaption class=\"wp-element-caption\">Mia Couto e Ale Santos \u2013 Cr\u00e9ditos: Filipe Araujo\/Estad\u00e3o\/Conteudo\/Arquivo e Divulga\u00e7\u00e3o<\/figcaption><\/figure>\n<h2 class=\"wp-block-heading\" id=\"programacao-permanente\"><strong>Programa\u00e7\u00e3o Permanente<\/strong><\/h2>\n<p><strong>(Todos os dias, das 8h \u00e0s 20h, exceto onde indicado o contr\u00e1rio)<\/strong><\/p>\n<p>R\u00e1dio Unaerp (Todos os dias, das 9h \u00e0s 20h): Estudantes de jornalismo realizam cobertura ao vivo com entrevistas, not\u00edcias e reportagens especiais dispon\u00edveis no Facebook, YouTube e site da Unaerp. (Local: Pra\u00e7a XV de Novembro)\u00a0<\/p>\n<p>Exposi\u00e7\u00e3o Educativa Preven\u00e7\u00e3o: escorpi\u00f5es, roedores, morcegos e dengue: Promovida pela Secretaria da Sa\u00fade para orientar o p\u00fablico sobre cuidados e medidas de preven\u00e7\u00e3o no ambiente urbano. (Local: Pra\u00e7a XV de Novembro \u2013 Estande Prefeitura Municipal de Ribeir\u00e3o Preto)\u00a0<\/p>\n<p>Usina do Saber: Ambiente de aprendizado assinado pela Usina Alta Mogiana, com oficinas voltadas a diferentes p\u00fablicos e faixas et\u00e1rias. (Local: Pra\u00e7a XV de Novembro)\u00a0<\/p>\n<p>Exposi\u00e7\u00e3o Palavras que florescem: mem\u00f3rias de afetos e resist\u00eancias (Por ONG Arco-\u00cdris, todos os dias das 9h \u00e0s 18h): Instala\u00e7\u00e3o sensorial com cartazes po\u00e9ticos, fotografias e cores sobre mem\u00f3rias, afetos e resist\u00eancias da comunidade LGBTQIAPN+. (Local: Biblioteca Sinh\u00e1 Junqueira \u2013 Quintal)\u00a0<\/p>\n<p>Exposi\u00e7\u00e3o Asteroide B-612 onde mora o essencial (Por ALARP, todos os dias das 9h \u00e0s 20h): Mostra inspirada em O Pequeno Pr\u00edncipe, explorando sentimentos e v\u00ednculos por meio de linguagem autoral. (Local: Centro Cultural Palace)\u00a0<\/p>\n<p>Painel Interativo: O que \u00e9 inclus\u00e3o para voc\u00ea?: Promovido pela Secretaria da Cidadania, Pessoa com Defici\u00eancia e Inclus\u00e3o Social, convidando o p\u00fablico a fixar post-its em um mural coletivo. (Local: Pra\u00e7a XV de Novembro \u2013 Estande Prefeitura Municipal de Ribeir\u00e3o Preto)\u00a0<\/p>\n<p>Bibliocasa: Espa\u00e7o de doa\u00e7\u00e3o de livros (exceto t\u00e9cnicas, did\u00e1ticas, apostilas e enciclop\u00e9dias) em parceria com a Necta G\u00e1s Natural. (Local: Pra\u00e7a XV de Novembro)\u00a0<\/p>\n<p>Laborat\u00f3rio de Ideias: Espa\u00e7o assinado pela Necta G\u00e1s Natural onde as Dras. Bio e Gia recebem visitantes para experi\u00eancias voltadas \u00e0 sustentabilidade e literatura. (Local: Pra\u00e7a XV de Novembro | Aberto todos os dias das 8h \u00e0s 20h, com hor\u00e1rios espec\u00edficos de segunda a sexta para agendamento escolar)\u00a0<\/p>\n<p>\u00d4nibus Livro Vivo: \u00d4nibus itinerante com acervo de mais de mil t\u00edtulos e atividades culturais para crian\u00e7as. (Local: Pra\u00e7a XV de Novembro)\u00a0<\/p>\n<p>Espa\u00e7o Mude um H\u00e1bito: Ambiente de troca de livros, descanso e leitura assinado pela Unimed Ribeir\u00e3o Preto. (Local: Pra\u00e7a XV de Novembro)\u00a0<\/p>\n<p>Atividades de racioc\u00ednio (Jogos interativos: xadrez e damas): Promovido pela Secretaria de Esportes para incentivar o racioc\u00ednio l\u00f3gico e a conviv\u00eancia. (Local: Pra\u00e7a XV de Novembro \u2013 Estande Prefeitura Municipal de Ribeir\u00e3o Preto)\u00a0<\/p>\n<p>Espa\u00e7o Autores da Casa: Estande de lan\u00e7amentos, sess\u00f5es de aut\u00f3grafos e circula\u00e7\u00e3o de escritores independentes, com comercializa\u00e7\u00e3o em parceria com a livraria A Degustadora de Hist\u00f3rias. (Local: Pra\u00e7a XV de Novembro)\u00a0<\/p>\n<p>Espa\u00e7o Autores Locais (Ribeir\u00e3o em Letras): Ponto de encontro tradicional para autores de Ribeir\u00e3o Preto com apoio de entidades liter\u00e1rias locais (CPERP, UEI, Casa do Poeta, Ordem dos Trovadores e ALARP). (Local: Centro Cultural Palace)\u00a0<\/p>\n<p>Estande da Prefeitura de Ribeir\u00e3o Preto: Espa\u00e7o dedicado \u00e0 valoriza\u00e7\u00e3o da cultura local com programa\u00e7\u00e3o di\u00e1ria de apresenta\u00e7\u00f5es art\u00edsticas. (Local: Pra\u00e7a XV de Novembro)\u00a0<\/p>\n<p>Espa\u00e7o Oficinas Sesc Senac: Oficinas variadas para todas as idades (necess\u00e1ria retirada de senha 30 minutos antes). (Local: Pra\u00e7a XV de Novembro)\u00a0<\/p>\n<p>Ambient de Leitura: Espa\u00e7o da GS Inima Ambient com conta\u00e7\u00f5es de hist\u00f3rias, apresenta\u00e7\u00f5es circenses e shows musicais. (Local: Pra\u00e7a XV de Novembro)\u00a0<\/p>\n<p>Espa\u00e7o Favela: Organizado pela CUFA-RP no Coreto, reunindo exposi\u00e7\u00f5es, debates, rodas de conversa e apresenta\u00e7\u00f5es da cultura perif\u00e9rica. (Local: Pra\u00e7a XV de Novembro)\u00a0<\/p>\n<p>Tenda Sesc Senac: Espa\u00e7o em frente ao Theatro Pedro II com lan\u00e7amentos, conta\u00e7\u00f5es de hist\u00f3ria, bate-papos, debates, apresenta\u00e7\u00f5es musicais e livraria das Edi\u00e7\u00f5es Sesc (com tradu\u00e7\u00e3o em Libras e distribui\u00e7\u00e3o de abafadores). (Local: Pra\u00e7a XV de Novembro)\u00a0<\/p>\n<p>Instala\u00e7\u00e3o M\u00e1quina do Tempo: Uma viagem pela FIL: Percurso interativo pela hist\u00f3ria dos 25 anos da feira (segunda a sexta com hor\u00e1rios espec\u00edficos para agendamento escolar). (Local: Pra\u00e7a XV de Novembro)\u00a0<\/p>\n<p>Oficina IA na pr\u00e1tica: crie personagens de obras liter\u00e1rias com intelig\u00eancia artificial (Com Funtec, dias 30 de agosto e 5 de setembro \u00e0s 18h): Atividade pr\u00e1tica de cria\u00e7\u00e3o de imagens digitais via celular. (Local: Pra\u00e7a XV de Novembro \u2013 Estande Prefeitura Municipal)\u00a0<\/p>\n<p>Feira Coisa Boa (Dias 30 de agosto e 5 de setembro, das 10h \u00e0s 20h): Ocupa\u00e7\u00e3o dedicada \u00e0 economia criativa, produ\u00e7\u00e3o independente e oficinas. (Local: Pra\u00e7a XV de Novembro)<\/p>\n<h2 class=\"wp-block-heading\" id=\"servico\"><strong>Servi\u00e7o<\/strong><\/h2>\n<p><strong>25\u00aa Feira Internacional do Livro de Ribeir\u00e3o Preto<\/strong><\/p>\n<p><strong>Onde:\u00a0<\/strong>Esplanada do Theatro Pedro II, Pra\u00e7a XV de Novembro e diversos pontos culturais de Ribeir\u00e3o Preto (SP).<br \/><strong>Quando:\u00a0<\/strong>Todos os dias at\u00e9 5 de setembro.<br \/><strong>Quanto:\u00a0<\/strong>Entrada gratuita em toda a programa\u00e7\u00e3o.<br \/><strong>Informa\u00e7\u00f5es:\u00a0<\/strong>Para participar das atividades no Theatro Pedro II \u00e9 necess\u00e1rio retirar a senha de acesso com uma hora de anteced\u00eancia. A distribui\u00e7\u00e3o das senhas ocorre na Central de Informa\u00e7\u00f5es da FIL, localizada na Esplanada do Theatro Pedro II. Para o Espa\u00e7o de Oficinas Sesc Senac, \u00e9 necess\u00e1rio retirar as senhas 30 minutos antes de cada atividade no pr\u00f3prio espa\u00e7o. Nos demais locais, a entrada ser\u00e1 por ordem de chegada, respeitando a capacidade de cada espa\u00e7o. Programa\u00e7\u00e3o completa e agendamento escolar no\u00a0<a href=\"https:\/\/www.fundacaodolivroeleiturarp.com\/\" target=\"_blank\" rel=\"noreferrer noopener\">site oficial da Funda\u00e7\u00e3o do Livro e Leitura de Ribeir\u00e3o Preto<\/a>.<\/p>\n<figure class=\"wp-block-gallery has-nested-images columns-default is-cropped wp-block-gallery-2 is-layout-flex wp-block-gallery-is-layout-flex\">\n<figure class=\"wp-block-image\"><img data-recalc-dims=\"1\" decoding=\"async\" data-id=\"6285\" src=\"https:\/\/i0.wp.com\/www.acidadeon.com\/ribeiraopreto\/wp-content\/uploads\/sites\/3\/2023\/07\/FeiraInternacionaldoLivrotrazoescritorMiaCoutoaRibeiroPreto_Tamanho_2_image.jpg?ssl=1\" alt=\"FeiraInternacionaldoLivrotrazoescritorMiaCoutoaRibeiroPreto Tamanho 2 image\" class=\"wp-image-6285\" title=\"Mia Couto e Ale Santos s\u00e3o destaques da quarta-feira na 25\u00aa FIL de Ribeir\u00e3o Preto; Confira a programa\u00e7\u00e3o 1\"><figcaption class=\"wp-element-caption\">Mia Couto \u2013 Imagem: reprodu\u00e7\u00e3o<\/figcaption><\/figure>\n<figure class=\"wp-block-image size-large\"><img data-recalc-dims=\"1\" loading=\"lazy\" decoding=\"async\" width=\"916\" height=\"423\" data-id=\"173188\" src=\"https:\/\/i0.wp.com\/www.acidadeon.com\/ribeiraopreto\/wp-content\/uploads\/sites\/3\/2026\/09\/Ale-Santos-2.jpeg?resize=916%2C423&#038;ssl=1\" alt=\"Ale Santos - Foto: redes sociais \/ @Savagefiction\" class=\"wp-image-173188\" title=\"Mia Couto e Ale Santos s\u00e3o destaques da quarta-feira na 25\u00aa FIL de Ribeir\u00e3o Preto; Confira a programa\u00e7\u00e3o 5\"><figcaption class=\"wp-element-caption\">Ale Santos  \u2013 Foto: redes sociais \/ @Savagefiction<\/figcaption><\/figure>\n<\/figure>\n<p class=\"has-very-light-gray-to-cyan-bluish-gray-gradient-background has-background\"><em>Fa\u00e7a uma den\u00fancia ou sugira uma reportagem sobre\u00a0<strong>Ribeir\u00e3o Preto\u00a0<\/strong>e regi\u00e3o por meio do WhatsApp do\u00a0<strong>acidade on Ribeir\u00e3o<\/strong>: (16) 99117-7802.<\/em><\/p>\n<div class=\"wp-block-rank-math-toc-block\" id=\"rank-math-toc\">\n<nav>\n<ul>\n<li class=\"\">Confira a programa\u00e7\u00e3o desta quarta (2)<\/li>\n<li class=\"\">Programa\u00e7\u00e3o Permanente<\/li>\n<li class=\"\">Servi\u00e7o<\/li>\n<\/ul>\n<\/nav>\n<\/div>\n<p>O post Mia Couto e Ale Santos s\u00e3o destaques da quarta-feira na 25\u00aa FIL de Ribeir\u00e3o Preto; Confira a programa\u00e7\u00e3o apareceu primeiro em ACidade ON Ribeir\u00e3o Preto.<\/p>\n<p><br \/>\n<br \/><a href=\"https:\/\/www.acidadeon.com\/ribeiraopreto\/lazer-e-cultura\/mia-couto-e-ale-santos-sao-destaques-da-quarta-feira-na-25a-fil-de-ribeirao-preto-confira-a-programacao\/\">Link para o texto original aqui <\/a><\/p>\n<!-- CONTENT END 1 -->\n","protected":false},"excerpt":{"rendered":"<p>A 25\u00aa Feira Internacional do Livro (FIL) de Ribeir\u00e3o Preto prossegue nesta quarta-feira (2) com confer\u00eancia do escritor mo\u00e7ambicano Mia Couto, marcada para as 20h30&#8230;<\/p>\n","protected":false},"author":1,"featured_media":90950,"comment_status":"","ping_status":"","sticky":false,"template":"","format":"standard","meta":{"advanced_seo_description":"","jetpack_seo_html_title":"","jetpack_seo_noindex":false,"jetpack_seo_schema_type":"","_jetpack_newsletter_access":"","_jetpack_dont_email_post_to_subs":false,"_jetpack_newsletter_tier_id":0,"_jetpack_memberships_contains_paywalled_content":false,"_jetpack_feature_clip_id":0,"_jetpack_memberships_contains_paid_content":false,"footnotes":"","jetpack_publicize_message":"","jetpack_publicize_feature_enabled":true,"jetpack_social_post_already_shared":true,"jetpack_social_options":{"image_generator_settings":{"template":"highway","default_image_id":0,"font":"","enabled":false},"version":2},"jetpack_post_was_ever_published":false},"categories":[11],"tags":[8248,8872,269,8871,6364,8828,5812,8870,27,70,2457,26,1349,50],"class_list":["post-90949","post","type-post","status-publish","format-standard","has-post-thumbnail","hentry","category-noticias-de-ribeirao-preto-sp-e-regiao-ismael-colosi","tag-25a","tag-ale","tag-confira","tag-couto","tag-destaques","tag-fil","tag-mia","tag-mia-couto","tag-preto","tag-programacao","tag-quartafeira","tag-ribeirao","tag-santos","tag-sao"],"jetpack_publicize_connections":[],"jetpack-related-posts":[{"id":89559,"url":"https:\/\/noticiasribeiraopreto.com.br\/index.php\/2026\/08\/07\/feira-do-livro-anuncia-programacao-da-25a-edicao-com-mais-de-350-atividades-gratuitas-em-ribeirao\/","url_meta":{"origin":90949,"position":0},"title":"Feira do Livro anuncia programa\u00e7\u00e3o da 25\u00aa edi\u00e7\u00e3o com mais de 350 atividades gratuitas em Ribeir\u00e3o","author":"noticiasribeiraopreto.com.br","date":"7 de August de 2026","format":false,"excerpt":"O lan\u00e7amento oficial da programa\u00e7\u00e3o da 25\u00aa edi\u00e7\u00e3o da Feira Internacional do Livro (FIL) de Ribeir\u00e3o Preto aconteceu nesta quinta-feira (7), em um hotel no Centro da cidade, e reuniu autoridades, organizadores e convidados. Neste ano, o evento ter\u00e1 mais de 350 atividades gratuitas, distribu\u00eddas em 20 espa\u00e7os culturais, entre\u2026","rel":"","context":"In &quot;Not\u00edcias de Ribeir\u00e3o Preto-SP e Regi\u00e3o&quot;","block_context":{"text":"Not\u00edcias de Ribeir\u00e3o Preto-SP e Regi\u00e3o","link":"https:\/\/noticiasribeiraopreto.com.br\/index.php\/category\/noticias-de-ribeirao-preto-sp-e-regiao-ismael-colosi\/"},"img":{"alt_text":"","src":"https:\/\/i0.wp.com\/noticiasribeiraopreto.com.br\/wp-content\/uploads\/2026\/08\/feira-do-livro.jpg?fit=1200%2C675&ssl=1&resize=350%2C200","width":350,"height":200,"srcset":"https:\/\/i0.wp.com\/noticiasribeiraopreto.com.br\/wp-content\/uploads\/2026\/08\/feira-do-livro.jpg?fit=1200%2C675&ssl=1&resize=350%2C200 1x, https:\/\/i0.wp.com\/noticiasribeiraopreto.com.br\/wp-content\/uploads\/2026\/08\/feira-do-livro.jpg?fit=1200%2C675&ssl=1&resize=525%2C300 1.5x, https:\/\/i0.wp.com\/noticiasribeiraopreto.com.br\/wp-content\/uploads\/2026\/08\/feira-do-livro.jpg?fit=1200%2C675&ssl=1&resize=700%2C400 2x, https:\/\/i0.wp.com\/noticiasribeiraopreto.com.br\/wp-content\/uploads\/2026\/08\/feira-do-livro.jpg?fit=1200%2C675&ssl=1&resize=1050%2C600 3x"},"classes":[]},{"id":90817,"url":"https:\/\/noticiasribeiraopreto.com.br\/index.php\/2026\/08\/31\/fil-ribeirao-preto-programacao-segunda-feira-31\/","url_meta":{"origin":90949,"position":1},"title":"FIL Ribeir\u00e3o Preto tem programa\u00e7\u00e3o com literatura, m\u00fasica e debates nesta segunda (31)","author":"noticiasribeiraopreto.com.br","date":"31 de August de 2026","format":false,"excerpt":"A programa\u00e7\u00e3o da 25\u00aa FIL \u2013 Feira Internacional do Livro de Ribeir\u00e3o Preto continua nesta segunda-feira (31), com atividades voltadas \u00e0 literatura, \u00e0 educa\u00e7\u00e3o, \u00e0 cultura digital, \u00e0 diversidade, \u00e0 forma\u00e7\u00e3o de leitores e \u00e0s rela\u00e7\u00f5es entre arte e sociedade.Ao longo do dia, a FIL ter\u00e1 confer\u00eancia, conta\u00e7\u00f5es de hist\u00f3rias,\u2026","rel":"","context":"In &quot;Not\u00edcias de Ribeir\u00e3o Preto-SP e Regi\u00e3o&quot;","block_context":{"text":"Not\u00edcias de Ribeir\u00e3o Preto-SP e Regi\u00e3o","link":"https:\/\/noticiasribeiraopreto.com.br\/index.php\/category\/noticias-de-ribeirao-preto-sp-e-regiao-ismael-colosi\/"},"img":{"alt_text":"","src":"https:\/\/i0.wp.com\/noticiasribeiraopreto.com.br\/wp-content\/uploads\/2026\/08\/Feira-do-Livro_2025-2.jpg?fit=1200%2C800&ssl=1&resize=350%2C200","width":350,"height":200,"srcset":"https:\/\/i0.wp.com\/noticiasribeiraopreto.com.br\/wp-content\/uploads\/2026\/08\/Feira-do-Livro_2025-2.jpg?fit=1200%2C800&ssl=1&resize=350%2C200 1x, https:\/\/i0.wp.com\/noticiasribeiraopreto.com.br\/wp-content\/uploads\/2026\/08\/Feira-do-Livro_2025-2.jpg?fit=1200%2C800&ssl=1&resize=525%2C300 1.5x, https:\/\/i0.wp.com\/noticiasribeiraopreto.com.br\/wp-content\/uploads\/2026\/08\/Feira-do-Livro_2025-2.jpg?fit=1200%2C800&ssl=1&resize=700%2C400 2x, https:\/\/i0.wp.com\/noticiasribeiraopreto.com.br\/wp-content\/uploads\/2026\/08\/Feira-do-Livro_2025-2.jpg?fit=1200%2C800&ssl=1&resize=1050%2C600 3x"},"classes":[]},{"id":89373,"url":"https:\/\/noticiasribeiraopreto.com.br\/index.php\/2026\/08\/04\/programacao-da-feira-internacional-do-livro-de-ribeirao-preto-tem-data-marcada-para-ser-apresentada-veja-quando\/","url_meta":{"origin":90949,"position":2},"title":"Programa\u00e7\u00e3o da Feira Internacional do Livro de Ribeir\u00e3o Preto tem data marcada para ser apresentada; Veja quando","author":"noticiasribeiraopreto.com.br","date":"4 de August de 2026","format":false,"excerpt":"A Funda\u00e7\u00e3o do Livro e Leitura de Ribeir\u00e3o Preto apresenta a programa\u00e7\u00e3o oficial da 25\u00aa edi\u00e7\u00e3o da FIL (Feira Internacional do Livro), que tem como tema central \u201cX, Y, Z, Alpha, Beta \u2013 Gera\u00e7\u00f5es Liter\u00e1rias\u201d. O evento acontece nesta sexta-feira (7), \u00e0s 9h, no Stream Hot\u00e9is e re\u00fane imprensa, patrocinadores,\u2026","rel":"","context":"In &quot;Not\u00edcias de Ribeir\u00e3o Preto-SP e Regi\u00e3o&quot;","block_context":{"text":"Not\u00edcias de Ribeir\u00e3o Preto-SP e Regi\u00e3o","link":"https:\/\/noticiasribeiraopreto.com.br\/index.php\/category\/noticias-de-ribeirao-preto-sp-e-regiao-ismael-colosi\/"},"img":{"alt_text":"","src":"https:\/\/i0.wp.com\/noticiasribeiraopreto.com.br\/wp-content\/uploads\/2026\/08\/Lancamento-Oficial-da-Programacao-acontece-07-de-agosto-de-2026-sexta-feira-as-9h.jpeg?fit=960%2C461&ssl=1&resize=350%2C200","width":350,"height":200,"srcset":"https:\/\/i0.wp.com\/noticiasribeiraopreto.com.br\/wp-content\/uploads\/2026\/08\/Lancamento-Oficial-da-Programacao-acontece-07-de-agosto-de-2026-sexta-feira-as-9h.jpeg?fit=960%2C461&ssl=1&resize=350%2C200 1x, https:\/\/i0.wp.com\/noticiasribeiraopreto.com.br\/wp-content\/uploads\/2026\/08\/Lancamento-Oficial-da-Programacao-acontece-07-de-agosto-de-2026-sexta-feira-as-9h.jpeg?fit=960%2C461&ssl=1&resize=525%2C300 1.5x, https:\/\/i0.wp.com\/noticiasribeiraopreto.com.br\/wp-content\/uploads\/2026\/08\/Lancamento-Oficial-da-Programacao-acontece-07-de-agosto-de-2026-sexta-feira-as-9h.jpeg?fit=960%2C461&ssl=1&resize=700%2C400 2x"},"classes":[]},{"id":89427,"url":"https:\/\/noticiasribeiraopreto.com.br\/index.php\/2026\/08\/05\/25a-feira-do-livro-propoe-reflexao-sobre-as-formas-de-ler-e-compartilhar-conhecimento-entre-geracoes\/","url_meta":{"origin":90949,"position":3},"title":"25\u00aa Feira do Livro prop\u00f5e reflex\u00e3o sobre as formas de ler e compartilhar conhecimento entre gera\u00e7\u00f5es","author":"noticiasribeiraopreto.com.br","date":"5 de August de 2026","format":false,"excerpt":"Das pesquisas presenciais em bibliotecas e consultas a enciclop\u00e9dias \u00e0s buscas realizadas em celulares, computadores e outras telas, as formas de acessar informa\u00e7\u00f5es, produzir conhecimento e se relacionar com a leitura passaram por mudan\u00e7as ao longo das \u00faltimas d\u00e9cadas. Essas transforma\u00e7\u00f5es orientam o tema da 25\u00aa Feira Internacional do Livro\u2026","rel":"","context":"In &quot;Not\u00edcias de Ribeir\u00e3o Preto-SP e Regi\u00e3o&quot;","block_context":{"text":"Not\u00edcias de Ribeir\u00e3o Preto-SP e Regi\u00e3o","link":"https:\/\/noticiasribeiraopreto.com.br\/index.php\/category\/noticias-de-ribeirao-preto-sp-e-regiao-ismael-colosi\/"},"img":{"alt_text":"","src":"https:\/\/i0.wp.com\/noticiasribeiraopreto.com.br\/wp-content\/uploads\/2026\/08\/a.ok_.feira_do_livro_-_terca_feira_-_foto_guilherme_sircili_5.jpg?fit=1200%2C800&ssl=1&resize=350%2C200","width":350,"height":200,"srcset":"https:\/\/i0.wp.com\/noticiasribeiraopreto.com.br\/wp-content\/uploads\/2026\/08\/a.ok_.feira_do_livro_-_terca_feira_-_foto_guilherme_sircili_5.jpg?fit=1200%2C800&ssl=1&resize=350%2C200 1x, https:\/\/i0.wp.com\/noticiasribeiraopreto.com.br\/wp-content\/uploads\/2026\/08\/a.ok_.feira_do_livro_-_terca_feira_-_foto_guilherme_sircili_5.jpg?fit=1200%2C800&ssl=1&resize=525%2C300 1.5x, https:\/\/i0.wp.com\/noticiasribeiraopreto.com.br\/wp-content\/uploads\/2026\/08\/a.ok_.feira_do_livro_-_terca_feira_-_foto_guilherme_sircili_5.jpg?fit=1200%2C800&ssl=1&resize=700%2C400 2x, https:\/\/i0.wp.com\/noticiasribeiraopreto.com.br\/wp-content\/uploads\/2026\/08\/a.ok_.feira_do_livro_-_terca_feira_-_foto_guilherme_sircili_5.jpg?fit=1200%2C800&ssl=1&resize=1050%2C600 3x"},"classes":[]},{"id":68478,"url":"https:\/\/noticiasribeiraopreto.com.br\/index.php\/2025\/04\/25\/murilo-couto-apresenta-novo-stand-up-em-ribeirao-preto-veja-quando\/","url_meta":{"origin":90949,"position":4},"title":"Murilo Couto apresenta novo stand-up em Ribeir\u00e3o Preto; veja quando","author":"noticiasribeiraopreto.com.br","date":"25 de April de 2025","format":false,"excerpt":"O humorista Murilo Couto traz para Ribeir\u00e3o Preto o seu stand-up \u201cConstruindo um show sobre Casamento\u201d. A apresenta\u00e7\u00e3o acontece no dia 8 de maio, \u00e0s 20h, no Theatro Pedro II, no Centro de Ribeir\u00e3o Preto. No show, Murilo Couto mergulha de cabe\u00e7a em sua rec\u00e9m-descoberta vida de casado. Ele traz\u2026","rel":"","context":"In &quot;Not\u00edcias de Ribeir\u00e3o Preto-SP e Regi\u00e3o&quot;","block_context":{"text":"Not\u00edcias de Ribeir\u00e3o Preto-SP e Regi\u00e3o","link":"https:\/\/noticiasribeiraopreto.com.br\/index.php\/category\/noticias-de-ribeirao-preto-sp-e-regiao-ismael-colosi\/"},"img":{"alt_text":"","src":"https:\/\/i0.wp.com\/noticiasribeiraopreto.com.br\/wp-content\/uploads\/2025\/04\/murilo-couto-cred-william-abreu-4-.webp.webp?fit=984%2C657&ssl=1&resize=350%2C200","width":350,"height":200,"srcset":"https:\/\/i0.wp.com\/noticiasribeiraopreto.com.br\/wp-content\/uploads\/2025\/04\/murilo-couto-cred-william-abreu-4-.webp.webp?fit=984%2C657&ssl=1&resize=350%2C200 1x, https:\/\/i0.wp.com\/noticiasribeiraopreto.com.br\/wp-content\/uploads\/2025\/04\/murilo-couto-cred-william-abreu-4-.webp.webp?fit=984%2C657&ssl=1&resize=525%2C300 1.5x, https:\/\/i0.wp.com\/noticiasribeiraopreto.com.br\/wp-content\/uploads\/2025\/04\/murilo-couto-cred-william-abreu-4-.webp.webp?fit=984%2C657&ssl=1&resize=700%2C400 2x"},"classes":[]},{"id":55352,"url":"https:\/\/noticiasribeiraopreto.com.br\/index.php\/2024\/08\/01\/veja-a-programacao-do-primeiro-dia-da-feira-do-livro-de-ribeirao-preto\/","url_meta":{"origin":90949,"position":5},"title":"Veja a programa\u00e7\u00e3o do primeiro dia da Feira do Livro de Ribeir\u00e3o Preto","author":"noticiasribeiraopreto.com.br","date":"1 de August de 2024","format":false,"excerpt":"A 23\u00aa edi\u00e7\u00e3o da Feira Internacional do Livro de Ribeir\u00e3o Preto inicia nesta quinta-feira (1\u00ba de agosto) e segue at\u00e9 o dia 11 de agosto, com uma programa\u00e7\u00e3o com mais de 400 atividades gratuitas que acontecem principalmente na Pra\u00e7a XV, Esplanada do Theatro Pedro II e o no Theatro Pedro\u2026","rel":"","context":"In &quot;Not\u00edcias de Ribeir\u00e3o Preto-SP e Regi\u00e3o&quot;","block_context":{"text":"Not\u00edcias de Ribeir\u00e3o Preto-SP e Regi\u00e3o","link":"https:\/\/noticiasribeiraopreto.com.br\/index.php\/category\/noticias-de-ribeirao-preto-sp-e-regiao-ismael-colosi\/"},"img":{"alt_text":"","src":"https:\/\/i0.wp.com\/noticiasribeiraopreto.com.br\/wp-content\/uploads\/2024\/08\/Copia-de-Copia-de-TAMANHO-EXATO-PARA-FOTOS-NO-SISTEMA-NOVO-20_2024-07-31_11-31-49_jpg_2024-07-31_11-31-49.webp.webp?fit=1200%2C675&ssl=1&resize=350%2C200","width":350,"height":200,"srcset":"https:\/\/i0.wp.com\/noticiasribeiraopreto.com.br\/wp-content\/uploads\/2024\/08\/Copia-de-Copia-de-TAMANHO-EXATO-PARA-FOTOS-NO-SISTEMA-NOVO-20_2024-07-31_11-31-49_jpg_2024-07-31_11-31-49.webp.webp?fit=1200%2C675&ssl=1&resize=350%2C200 1x, https:\/\/i0.wp.com\/noticiasribeiraopreto.com.br\/wp-content\/uploads\/2024\/08\/Copia-de-Copia-de-TAMANHO-EXATO-PARA-FOTOS-NO-SISTEMA-NOVO-20_2024-07-31_11-31-49_jpg_2024-07-31_11-31-49.webp.webp?fit=1200%2C675&ssl=1&resize=525%2C300 1.5x, https:\/\/i0.wp.com\/noticiasribeiraopreto.com.br\/wp-content\/uploads\/2024\/08\/Copia-de-Copia-de-TAMANHO-EXATO-PARA-FOTOS-NO-SISTEMA-NOVO-20_2024-07-31_11-31-49_jpg_2024-07-31_11-31-49.webp.webp?fit=1200%2C675&ssl=1&resize=700%2C400 2x, https:\/\/i0.wp.com\/noticiasribeiraopreto.com.br\/wp-content\/uploads\/2024\/08\/Copia-de-Copia-de-TAMANHO-EXATO-PARA-FOTOS-NO-SISTEMA-NOVO-20_2024-07-31_11-31-49_jpg_2024-07-31_11-31-49.webp.webp?fit=1200%2C675&ssl=1&resize=1050%2C600 3x"},"classes":[]}],"jetpack_sharing_enabled":true,"jetpack_shortlink":"https:\/\/wp.me\/peQAOb-nEV","jetpack_featured_media_url":"https:\/\/i0.wp.com\/noticiasribeiraopreto.com.br\/wp-content\/uploads\/2026\/09\/Mia-Couto-e-Ale-Santos.jpeg?fit=1600%2C898&ssl=1","_links":{"self":[{"href":"https:\/\/noticiasribeiraopreto.com.br\/index.php\/wp-json\/wp\/v2\/posts\/90949","targetHints":{"allow":["GET"]}}],"collection":[{"href":"https:\/\/noticiasribeiraopreto.com.br\/index.php\/wp-json\/wp\/v2\/posts"}],"about":[{"href":"https:\/\/noticiasribeiraopreto.com.br\/index.php\/wp-json\/wp\/v2\/types\/post"}],"author":[{"embeddable":true,"href":"https:\/\/noticiasribeiraopreto.com.br\/index.php\/wp-json\/wp\/v2\/users\/1"}],"replies":[{"embeddable":true,"href":"https:\/\/noticiasribeiraopreto.com.br\/index.php\/wp-json\/wp\/v2\/comments?post=90949"}],"version-history":[{"count":0,"href":"https:\/\/noticiasribeiraopreto.com.br\/index.php\/wp-json\/wp\/v2\/posts\/90949\/revisions"}],"wp:featuredmedia":[{"embeddable":true,"href":"https:\/\/noticiasribeiraopreto.com.br\/index.php\/wp-json\/wp\/v2\/media\/90950"}],"wp:attachment":[{"href":"https:\/\/noticiasribeiraopreto.com.br\/index.php\/wp-json\/wp\/v2\/media?parent=90949"}],"wp:term":[{"taxonomy":"category","embeddable":true,"href":"https:\/\/noticiasribeiraopreto.com.br\/index.php\/wp-json\/wp\/v2\/categories?post=90949"},{"taxonomy":"post_tag","embeddable":true,"href":"https:\/\/noticiasribeiraopreto.com.br\/index.php\/wp-json\/wp\/v2\/tags?post=90949"}],"curies":[{"name":"wp","href":"https:\/\/api.w.org\/{rel}","templated":true}]}}