{"id":90951,"date":"2026-09-02T07:33:27","date_gmt":"2026-09-02T10:33:27","guid":{"rendered":"https:\/\/noticiasribeiraopreto.com.br\/index.php\/2026\/09\/02\/prefeitura-retira-projeto-do-distrito\/"},"modified":"2026-09-02T07:33:27","modified_gmt":"2026-09-02T10:33:27","slug":"prefeitura-retira-projeto-do-distrito","status":"publish","type":"post","link":"https:\/\/noticiasribeiraopreto.com.br\/index.php\/2026\/09\/02\/prefeitura-retira-projeto-do-distrito\/","title":{"rendered":"Prefeitura retira \u2028projeto do distrito"},"content":{"rendered":"<div class='code-block code-block-1' style='margin: 8px 0 8px auto; text-align: right; display: block; clear: both;'>\n<p><a href=\"https:\/\/wa.link\/vpicfd\"><img data-recalc-dims=\"1\" class=\"wp-image-4922\" style=\"aspect-ratio: 2.0253164556962027; width: 561px; height: auto;\" src=\"https:\/\/i0.wp.com\/ismaelcolosi.com.br\/wp-content\/uploads\/2023\/11\/grupo-de-empregos-whatsapp-e-facebook-ismael-colosi-vagas.jpg?ssl=1\" alt=\"\" \/><\/a><\/p>\n<!-- \/wp:image -->\n<\/div>\n<p> <br \/>\n<\/p>\n<div id=\"\">&#13;<br \/>\n\t\t\t\t\t\t\t\t&#13;<\/p>\n<p>&#13;<br \/>\n\t\t\t\t\t\t\t\t\t<span class=\"entry-meta-item penci-posted-on\"><i class=\"fa fa-clock-o\"\/><time class=\"entry-date published updated\" datetime=\"2026-09-02T07:32:32-03:00\">2 de setembro de 2026 07:32<\/time><\/span><span class=\"entry-meta-item penci-post-countview\"\/>\t\t\t\t\t\t\t\t<\/p>\n<p><!-- .entry-meta -->&#13;<br \/>\n\t\t\t\t\t\t\t\t<span class=\"penci-social-buttons penci-social-share-footer\"><span class=\"penci-social-share-text\">Compartilhar<\/span><a href=\"#\" class=\"penci-post-like penci_post-meta_item  single-like-button penci-social-item like\" data-post_id=\"475775\" title=\"Like\" data-like=\"Like\" data-unlike=\"Unlike\"><i class=\"fa fa-thumbs-o-up\"\/><span class=\"penci-share-number\">0<\/span><\/a><i class=\"fa fa-facebook\"\/><a class=\"penci-social-item twitter\" target=\"_blank\" rel=\"noopener\" title=\"\" href=\"https:\/\/twitter.com\/intent\/tweet?text=Prefeitura%20retira%20\u2028projeto%20do%20distrito%20-%20https:\/\/www.tribunaribeirao.com.br\/prefeitura-retira-projeto-do-distrito\/\"><i class=\"fa fa-twitter\"\/><\/a><i class=\"fa fa-linkedin\"\/><i class=\"fa fa-whatsapp\"\/><i class=\"fa fa-telegram\"\/><i class=\"fa fa-envelope\"\/><\/span>\t\t\t\t\t\t\t<\/div>\n<div>\n<p class=\"p1\"><i>Projeto de lei que permite a desafeta\u00e7\u00e3o dos terrenos e sua comercializa\u00e7\u00e3o foi retirado da C\u00e2mara de Vereadores<\/i><\/p>\n<p>O prefeito Ricardo Silva (PSD) enviou of\u00edcio \u00e0 C\u00e2mara de Ribeir\u00e3o Preto pedindo a retirada do projeto de lei complementar (n\u00ba 39\/2026) que permite a desafeta\u00e7\u00e3o e aliena\u00e7\u00e3o de seis \u00e1reas no Distrito Empresarial Prefeito Luiz Roberto J\u00e1bali. A proposta havia sido protocolada em 17 de agosto.<\/p>\n<p>O of\u00edcio da retirada chegou ao Legislativo na segunda-feira (31). Diz que o projeto passar\u00e1 por revis\u00e3o e adequa\u00e7\u00e3o a serem feitas pela Secretaria Municipal de Inova\u00e7\u00e3o e Desenvolvimento. A prefeitura n\u00e3o deu mais detalhes.<\/p>\n<p>Segundo o projeto original, juntos os seis terrenos totalizam 34.388,48 metros quadrados, com valor venal de R$ 14.961.205. A comercializa\u00e7\u00e3o seria feita por meio de licita\u00e7\u00e3o ap\u00f3s uma nova avalia\u00e7\u00e3o das \u00e1reas.<\/p>\n<p>Tamb\u00e9m seria exigida dos empres\u00e1rios que vencessem a licita\u00e7\u00e3o a apresenta\u00e7\u00e3o, em at\u00e9 90 dias, de projeto sobre os empreendimentos que far\u00e3o no local. As obras teriam de come\u00e7ar em at\u00e9 24 meses ap\u00f3s a aprova\u00e7\u00e3o pela prefeitura.<\/p>\n<p>A cada 30 dias seria exigida a presta\u00e7\u00e3o de contas \u00e0 prefeitura do que seroia realizado. Inaugurado em 2006, o Distrito Empresarial Luiz Roberto J\u00e1bali, possui 1,48 milh\u00e3o de metros quadrados e 70 empresas instaladas no local. Ainda existem \u00e1reas desocupadas, e muitas delas abandonadas pelo poder p\u00fablico.<\/p>\n<div style=\"background-color: #f4f4f5; border: 1px solid #d4d4d8; padding: 15px; margin: 20px 0; border-radius: 6px; font-family: sans-serif; line-height: 1.5;\">\n    <span style=\"color: #27272a;\">Inscreva-se em nosso Canal no Whatsapp e fique por dentro de tudo que acontece na regi\u00e3o. <\/span><br \/>\n    <a href=\"https:\/\/whatsapp.com\/channel\/0029VanuE2o7z4kYjo0XVS3u\" target=\"_blank\" rel=\"noopener noreferrer\" style=\"color: #16a34a; font-weight: bold; text-decoration: underline;\">Clique Aqui!<\/a>\n<\/div>\n<\/div>\n<p><script async src=\"\/\/platform.twitter.com\/widgets.js\" charset=\"utf-8\"><\/script><br \/>\n<br \/><br \/>\n<br \/><a href=\"https:\/\/www.tribunaribeirao.com.br\/prefeitura-retira-projeto-do-distrito\/\">Texto original daqui <\/a><\/p>\n<!-- CONTENT END 1 -->\n","protected":false},"excerpt":{"rendered":"<p>&#13; &#13; &#13; 2 de setembro de 2026 07:32 &#13; Compartilhar0 Projeto de lei que permite a desafeta\u00e7\u00e3o dos terrenos e sua comercializa\u00e7\u00e3o foi retirado&#8230;<\/p>\n","protected":false},"author":1,"featured_media":90952,"comment_status":"","ping_status":"","sticky":false,"template":"","format":"standard","meta":{"advanced_seo_description":"","jetpack_seo_html_title":"","jetpack_seo_noindex":false,"jetpack_seo_schema_type":"","_jetpack_newsletter_access":"","_jetpack_dont_email_post_to_subs":false,"_jetpack_newsletter_tier_id":0,"_jetpack_memberships_contains_paywalled_content":false,"_jetpack_feature_clip_id":0,"_jetpack_memberships_contains_paid_content":false,"footnotes":"","jetpack_publicize_message":"","jetpack_publicize_feature_enabled":true,"jetpack_social_post_already_shared":true,"jetpack_social_options":{"image_generator_settings":{"template":"highway","default_image_id":0,"font":"","enabled":false},"version":2},"jetpack_post_was_ever_published":false},"categories":[11],"tags":[779,244,685,3119],"class_list":["post-90951","post","type-post","status-publish","format-standard","has-post-thumbnail","hentry","category-noticias-de-ribeirao-preto-sp-e-regiao-ismael-colosi","tag-distrito","tag-prefeitura","tag-projeto","tag-retira"],"jetpack_publicize_connections":[],"jetpack-related-posts":[{"id":87218,"url":"https:\/\/noticiasribeiraopreto.com.br\/index.php\/2026\/06\/30\/governo-retira-projeto-da-lei-cidade-limpa\/","url_meta":{"origin":90951,"position":0},"title":"Governo retira projeto \u2028da Lei Cidade Limpa","author":"noticiasribeiraopreto.com.br","date":"30 de June de 2026","format":false,"excerpt":"\r \r \r 30 de junho de 2026 07:51 \r Compartilhar0 O prefeito Ricardo Silva (PSD) encaminhou oficio, \u00e0 C\u00e2mara de Ribeir\u00e3o Preto, determinando a retirada do projeto que prop\u00f5e a regulamenta\u00e7\u00e3o do artigo 25 da Lei Cidade Limpa (n\u00ba 12.730\/2012). A vota\u00e7\u00e3o seria na sess\u00e3o desta segunda-feira, 29 de\u2026","rel":"","context":"In &quot;Not\u00edcias de Ribeir\u00e3o Preto-SP e Regi\u00e3o&quot;","block_context":{"text":"Not\u00edcias de Ribeir\u00e3o Preto-SP e Regi\u00e3o","link":"https:\/\/noticiasribeiraopreto.com.br\/index.php\/category\/noticias-de-ribeirao-preto-sp-e-regiao-ismael-colosi\/"},"img":{"alt_text":"","src":"https:\/\/i0.wp.com\/noticiasribeiraopreto.com.br\/wp-content\/uploads\/2026\/06\/LimpaRP-Guilherme-Sircili-scaled.jpg?fit=1170%2C780&ssl=1&resize=350%2C200","width":350,"height":200,"srcset":"https:\/\/i0.wp.com\/noticiasribeiraopreto.com.br\/wp-content\/uploads\/2026\/06\/LimpaRP-Guilherme-Sircili-scaled.jpg?fit=1170%2C780&ssl=1&resize=350%2C200 1x, https:\/\/i0.wp.com\/noticiasribeiraopreto.com.br\/wp-content\/uploads\/2026\/06\/LimpaRP-Guilherme-Sircili-scaled.jpg?fit=1170%2C780&ssl=1&resize=525%2C300 1.5x, https:\/\/i0.wp.com\/noticiasribeiraopreto.com.br\/wp-content\/uploads\/2026\/06\/LimpaRP-Guilherme-Sircili-scaled.jpg?fit=1170%2C780&ssl=1&resize=700%2C400 2x, https:\/\/i0.wp.com\/noticiasribeiraopreto.com.br\/wp-content\/uploads\/2026\/06\/LimpaRP-Guilherme-Sircili-scaled.jpg?fit=1170%2C780&ssl=1&resize=1050%2C600 3x"},"classes":[]},{"id":76075,"url":"https:\/\/noticiasribeiraopreto.com.br\/index.php\/2025\/08\/21\/prefeitura-vai-retomar-area-doada-para-corpo-de-bombeiros-no-distrito-empresarial\/","url_meta":{"origin":90951,"position":1},"title":"Prefeitura vai retomar \u00e1rea doada para Corpo de Bombeiros no Distrito empresarial","author":"noticiasribeiraopreto.com.br","date":"21 de August de 2025","format":false,"excerpt":"21 de agosto de 2025 17:301 Compartilhar0 Projeto de lei que revoga a doa\u00e7\u00e3o de um terreno no Distrito Empresarial foi enviado para a C\u00e2mara nesta quarta-feira; Corpora\u00e7\u00e3o n\u00e3o cumpriu o prazo de tr\u00eas anos para fazer uma base no local A prefeitura de Ribeir\u00e3o Preto decidiu revogar a Lei\u2026","rel":"","context":"In &quot;Not\u00edcias de Ribeir\u00e3o Preto-SP e Regi\u00e3o&quot;","block_context":{"text":"Not\u00edcias de Ribeir\u00e3o Preto-SP e Regi\u00e3o","link":"https:\/\/noticiasribeiraopreto.com.br\/index.php\/category\/noticias-de-ribeirao-preto-sp-e-regiao-ismael-colosi\/"},"img":{"alt_text":"","src":"https:\/\/i0.wp.com\/noticiasribeiraopreto.com.br\/wp-content\/uploads\/2025\/08\/DistritoRP-Dis-Alfredo-Risk-scaled.jpg?fit=800%2C413&ssl=1&resize=350%2C200","width":350,"height":200,"srcset":"https:\/\/i0.wp.com\/noticiasribeiraopreto.com.br\/wp-content\/uploads\/2025\/08\/DistritoRP-Dis-Alfredo-Risk-scaled.jpg?fit=800%2C413&ssl=1&resize=350%2C200 1x, https:\/\/i0.wp.com\/noticiasribeiraopreto.com.br\/wp-content\/uploads\/2025\/08\/DistritoRP-Dis-Alfredo-Risk-scaled.jpg?fit=800%2C413&ssl=1&resize=525%2C300 1.5x, https:\/\/i0.wp.com\/noticiasribeiraopreto.com.br\/wp-content\/uploads\/2025\/08\/DistritoRP-Dis-Alfredo-Risk-scaled.jpg?fit=800%2C413&ssl=1&resize=700%2C400 2x"},"classes":[]},{"id":80414,"url":"https:\/\/noticiasribeiraopreto.com.br\/index.php\/2025\/12\/03\/administracao-retira-projeto-de-permuta\/","url_meta":{"origin":90951,"position":2},"title":"Administra\u00e7\u00e3o retira\u2028 projeto de permuta","author":"noticiasribeiraopreto.com.br","date":"3 de December de 2025","format":false,"excerpt":"Decis\u00e3o \u00e9 tempor\u00e1ria; projeto de lei trata de permuta de \u00e0rea p\u00fablica com pr\u00e9dio pertencente ao Col\u00e9gio Marista \u2028\u2028A prefeitura de Ribeir\u00e3o Preto solicitou \u00e0 C\u00e2mara de Vereadores, na tarde desta segunda-feira, 1\u00ba de dezembro, a retirada tempor\u00e1ria da pauta de vota\u00e7\u00f5es do projeto de lei complementar n\u00ba 47\/2025, que\u2026","rel":"","context":"In &quot;Not\u00edcias de Ribeir\u00e3o Preto-SP e Regi\u00e3o&quot;","block_context":{"text":"Not\u00edcias de Ribeir\u00e3o Preto-SP e Regi\u00e3o","link":"https:\/\/noticiasribeiraopreto.com.br\/index.php\/category\/noticias-de-ribeirao-preto-sp-e-regiao-ismael-colosi\/"},"img":{"alt_text":"","src":"https:\/\/i0.wp.com\/noticiasribeiraopreto.com.br\/wp-content\/uploads\/2025\/12\/CentroRP-Google-Street-View.jpg?fit=1047%2C675&ssl=1&resize=350%2C200","width":350,"height":200,"srcset":"https:\/\/i0.wp.com\/noticiasribeiraopreto.com.br\/wp-content\/uploads\/2025\/12\/CentroRP-Google-Street-View.jpg?fit=1047%2C675&ssl=1&resize=350%2C200 1x, https:\/\/i0.wp.com\/noticiasribeiraopreto.com.br\/wp-content\/uploads\/2025\/12\/CentroRP-Google-Street-View.jpg?fit=1047%2C675&ssl=1&resize=525%2C300 1.5x, https:\/\/i0.wp.com\/noticiasribeiraopreto.com.br\/wp-content\/uploads\/2025\/12\/CentroRP-Google-Street-View.jpg?fit=1047%2C675&ssl=1&resize=700%2C400 2x"},"classes":[]},{"id":58414,"url":"https:\/\/noticiasribeiraopreto.com.br\/index.php\/2024\/09\/26\/distrito-empresarial-de-ribeirao-preto-recebera-guaritas-de-seguranca\/","url_meta":{"origin":90951,"position":3},"title":"Distrito Empresarial de Ribeir\u00e3o Preto receber\u00e1 guaritas de seguran\u00e7a","author":"noticiasribeiraopreto.com.br","date":"26 de September de 2024","format":false,"excerpt":"Na manh\u00e3 desta quinta-feira (26), a Prefeitura de Ribeir\u00e3o Preto assinou o termo de concess\u00e3o de \u00e1reas no Distrito Empresarial Prefeito Luiz Roberto J\u00e1bali para a instala\u00e7\u00e3o de guaritas de seguran\u00e7a. Projeto foi articulado pela Associa\u00e7\u00e3o Comercial e Industrial de Ribeir\u00e3o Preto (Acirp). A iniciativa prev\u00ea a constru\u00e7\u00e3o de duas\u2026","rel":"","context":"In &quot;Not\u00edcias de Ribeir\u00e3o Preto-SP e Regi\u00e3o&quot;","block_context":{"text":"Not\u00edcias de Ribeir\u00e3o Preto-SP e Regi\u00e3o","link":"https:\/\/noticiasribeiraopreto.com.br\/index.php\/category\/noticias-de-ribeirao-preto-sp-e-regiao-ismael-colosi\/"},"img":{"alt_text":"","src":"https:\/\/i0.wp.com\/noticiasribeiraopreto.com.br\/wp-content\/uploads\/2024\/09\/PROJETO-GUARITA-2_2024-09-26_20-47-17_jpg_2024-09-26_20-47-17.webp.webp?fit=1200%2C680&ssl=1&resize=350%2C200","width":350,"height":200,"srcset":"https:\/\/i0.wp.com\/noticiasribeiraopreto.com.br\/wp-content\/uploads\/2024\/09\/PROJETO-GUARITA-2_2024-09-26_20-47-17_jpg_2024-09-26_20-47-17.webp.webp?fit=1200%2C680&ssl=1&resize=350%2C200 1x, https:\/\/i0.wp.com\/noticiasribeiraopreto.com.br\/wp-content\/uploads\/2024\/09\/PROJETO-GUARITA-2_2024-09-26_20-47-17_jpg_2024-09-26_20-47-17.webp.webp?fit=1200%2C680&ssl=1&resize=525%2C300 1.5x, https:\/\/i0.wp.com\/noticiasribeiraopreto.com.br\/wp-content\/uploads\/2024\/09\/PROJETO-GUARITA-2_2024-09-26_20-47-17_jpg_2024-09-26_20-47-17.webp.webp?fit=1200%2C680&ssl=1&resize=700%2C400 2x, https:\/\/i0.wp.com\/noticiasribeiraopreto.com.br\/wp-content\/uploads\/2024\/09\/PROJETO-GUARITA-2_2024-09-26_20-47-17_jpg_2024-09-26_20-47-17.webp.webp?fit=1200%2C680&ssl=1&resize=1050%2C600 3x"},"classes":[]},{"id":48217,"url":"https:\/\/noticiasribeiraopreto.com.br\/index.php\/2024\/05\/01\/prefeitura-de-ribeirao-preto-aprova-loteamento-no-distrito-de-bonfim-paulista\/","url_meta":{"origin":90951,"position":4},"title":"Prefeitura de Ribeir\u00e3o Preto aprova loteamento no distrito de Bonfim Paulista","author":"noticiasribeiraopreto.com.br","date":"1 de May de 2024","format":false,"excerpt":"A Prefeitura de Ribeir\u00e3o Preto aprovou a constru\u00e7\u00e3o do loteamento Reserva Romana, no distrito de Bonfim Paulista. O empreendimento ter\u00e1 122,6 mil metros quadrados, dividido em 13 lotes de uso misto, com popula\u00e7\u00e3o estimada de 7.480 moradores. O novo bairro vai ficar na rua Lilian Silvana Perilli de P\u00e1dua, pr\u00f3ximo\u2026","rel":"","context":"In &quot;Not\u00edcias de Ribeir\u00e3o Preto-SP e Regi\u00e3o&quot;","block_context":{"text":"Not\u00edcias de Ribeir\u00e3o Preto-SP e Regi\u00e3o","link":"https:\/\/noticiasribeiraopreto.com.br\/index.php\/category\/noticias-de-ribeirao-preto-sp-e-regiao-ismael-colosi\/"},"img":{"alt_text":"","src":"https:\/\/i0.wp.com\/noticiasribeiraopreto.com.br\/wp-content\/uploads\/2024\/05\/AnyConv.com__loteamento-ribeirao-preto.webp.webp?fit=794%2C678&ssl=1&resize=350%2C200","width":350,"height":200,"srcset":"https:\/\/i0.wp.com\/noticiasribeiraopreto.com.br\/wp-content\/uploads\/2024\/05\/AnyConv.com__loteamento-ribeirao-preto.webp.webp?fit=794%2C678&ssl=1&resize=350%2C200 1x, https:\/\/i0.wp.com\/noticiasribeiraopreto.com.br\/wp-content\/uploads\/2024\/05\/AnyConv.com__loteamento-ribeirao-preto.webp.webp?fit=794%2C678&ssl=1&resize=525%2C300 1.5x, https:\/\/i0.wp.com\/noticiasribeiraopreto.com.br\/wp-content\/uploads\/2024\/05\/AnyConv.com__loteamento-ribeirao-preto.webp.webp?fit=794%2C678&ssl=1&resize=700%2C400 2x"},"classes":[]},{"id":89152,"url":"https:\/\/noticiasribeiraopreto.com.br\/index.php\/2026\/07\/31\/apos-emendas-ccj-emite-parecer-favoravel-a-permuta-entre-prefeitura-e-colegio-marista-texto-sera-votado-na-segunda-feira\/","url_meta":{"origin":90951,"position":5},"title":"Ap\u00f3s emendas, CCJ emite parecer favor\u00e1vel \u00e0 permuta entre prefeitura e Col\u00e9gio Marista; Texto ser\u00e1 votado na segunda-feira","author":"noticiasribeiraopreto.com.br","date":"31 de July de 2026","format":false,"excerpt":"A Comiss\u00e3o de Constitui\u00e7\u00e3o, Justi\u00e7a e Reda\u00e7\u00e3o da C\u00e2mara de Ribeir\u00e3o Preto, sob relatoria do presidente Franco Ferro (PP), emitiu nesta quinta-feira (30) um parecer favor\u00e1vel ao Projeto de Lei Complementar n\u00ba 24\/2026, que autoriza uma permuta de im\u00f3veis entre a prefeitura e o Col\u00e9gio Marista.\u00a0Duas emendas foram adicionadas ao\u2026","rel":"","context":"In &quot;Not\u00edcias de Ribeir\u00e3o Preto-SP e Regi\u00e3o&quot;","block_context":{"text":"Not\u00edcias de Ribeir\u00e3o Preto-SP e Regi\u00e3o","link":"https:\/\/noticiasribeiraopreto.com.br\/index.php\/category\/noticias-de-ribeirao-preto-sp-e-regiao-ismael-colosi\/"},"img":{"alt_text":"","src":"https:\/\/i0.wp.com\/noticiasribeiraopreto.com.br\/wp-content\/uploads\/2026\/07\/1785499133_Captura-de-tela-2025-01-07-084753.png?fit=1130%2C817&ssl=1&resize=350%2C200","width":350,"height":200,"srcset":"https:\/\/i0.wp.com\/noticiasribeiraopreto.com.br\/wp-content\/uploads\/2026\/07\/1785499133_Captura-de-tela-2025-01-07-084753.png?fit=1130%2C817&ssl=1&resize=350%2C200 1x, https:\/\/i0.wp.com\/noticiasribeiraopreto.com.br\/wp-content\/uploads\/2026\/07\/1785499133_Captura-de-tela-2025-01-07-084753.png?fit=1130%2C817&ssl=1&resize=525%2C300 1.5x, https:\/\/i0.wp.com\/noticiasribeiraopreto.com.br\/wp-content\/uploads\/2026\/07\/1785499133_Captura-de-tela-2025-01-07-084753.png?fit=1130%2C817&ssl=1&resize=700%2C400 2x, https:\/\/i0.wp.com\/noticiasribeiraopreto.com.br\/wp-content\/uploads\/2026\/07\/1785499133_Captura-de-tela-2025-01-07-084753.png?fit=1130%2C817&ssl=1&resize=1050%2C600 3x"},"classes":[]}],"jetpack_sharing_enabled":true,"jetpack_shortlink":"https:\/\/wp.me\/peQAOb-nEX","jetpack_featured_media_url":"https:\/\/i0.wp.com\/noticiasribeiraopreto.com.br\/wp-content\/uploads\/2026\/09\/DistritoRP-Alfredo-Risk-Arquivo-scaled.jpg?fit=1200%2C675&ssl=1","_links":{"self":[{"href":"https:\/\/noticiasribeiraopreto.com.br\/index.php\/wp-json\/wp\/v2\/posts\/90951","targetHints":{"allow":["GET"]}}],"collection":[{"href":"https:\/\/noticiasribeiraopreto.com.br\/index.php\/wp-json\/wp\/v2\/posts"}],"about":[{"href":"https:\/\/noticiasribeiraopreto.com.br\/index.php\/wp-json\/wp\/v2\/types\/post"}],"author":[{"embeddable":true,"href":"https:\/\/noticiasribeiraopreto.com.br\/index.php\/wp-json\/wp\/v2\/users\/1"}],"replies":[{"embeddable":true,"href":"https:\/\/noticiasribeiraopreto.com.br\/index.php\/wp-json\/wp\/v2\/comments?post=90951"}],"version-history":[{"count":0,"href":"https:\/\/noticiasribeiraopreto.com.br\/index.php\/wp-json\/wp\/v2\/posts\/90951\/revisions"}],"wp:featuredmedia":[{"embeddable":true,"href":"https:\/\/noticiasribeiraopreto.com.br\/index.php\/wp-json\/wp\/v2\/media\/90952"}],"wp:attachment":[{"href":"https:\/\/noticiasribeiraopreto.com.br\/index.php\/wp-json\/wp\/v2\/media?parent=90951"}],"wp:term":[{"taxonomy":"category","embeddable":true,"href":"https:\/\/noticiasribeiraopreto.com.br\/index.php\/wp-json\/wp\/v2\/categories?post=90951"},{"taxonomy":"post_tag","embeddable":true,"href":"https:\/\/noticiasribeiraopreto.com.br\/index.php\/wp-json\/wp\/v2\/tags?post=90951"}],"curies":[{"name":"wp","href":"https:\/\/api.w.org\/{rel}","templated":true}]}}