{"id":90953,"date":"2026-09-02T07:37:48","date_gmt":"2026-09-02T10:37:48","guid":{"rendered":"https:\/\/noticiasribeiraopreto.com.br\/index.php\/2026\/09\/02\/ferp-pede-ao-stf-que-julgue-recurso\/"},"modified":"2026-09-02T07:37:48","modified_gmt":"2026-09-02T10:37:48","slug":"ferp-pede-ao-stf-que-julgue-recurso","status":"publish","type":"post","link":"https:\/\/noticiasribeiraopreto.com.br\/index.php\/2026\/09\/02\/ferp-pede-ao-stf-que-julgue-recurso\/","title":{"rendered":"Ferp pede ao STF que julgue recurso"},"content":{"rendered":"<div class='code-block code-block-1' style='margin: 8px 0 8px auto; text-align: right; display: block; clear: both;'>\n<p><a href=\"https:\/\/wa.link\/vpicfd\"><img data-recalc-dims=\"1\" class=\"wp-image-4922\" style=\"aspect-ratio: 2.0253164556962027; width: 561px; height: auto;\" src=\"https:\/\/i0.wp.com\/ismaelcolosi.com.br\/wp-content\/uploads\/2023\/11\/grupo-de-empregos-whatsapp-e-facebook-ismael-colosi-vagas.jpg?ssl=1\" alt=\"\" \/><\/a><\/p>\n<!-- \/wp:image -->\n<\/div>\n<p> <br \/>\n<\/p>\n<div>\n<p class=\"p1\"><i>F\u00f3rum de Entidades enviou of\u00edcio dirigido ao ministro Luiz Fux, presidente da Segunda Turma do Supremo Tribunal Federal<\/i><\/p>\n<p>O F\u00f3rum de Entidades de Ribeir\u00e3o Preto (Ferp) \u2013 articula\u00e7\u00e3o de 17 institui\u00e7\u00f5es da sociedade civil organizada da cidade, entre elas o Instituto Ribeir\u00e3o 2030 \u2013 protocolou nesta ter\u00e7a-feira, 1\u00ba de setembro, data em que a Opera\u00e7\u00e3o Sevandija completou dez anos, of\u00edcio dirigido ao ministro Luiz Fux, presidente da Segunda Turma do Supremo Tribunal Federal.<\/p>\n<p>O documento solicita a inclus\u00e3o em pauta do Recurso Extraordin\u00e1rio n\u00ba 1.422.722, de relatoria do ministro Kassio Nunes Marques, parado desde mar\u00e7o de 2026, quando um pedido de destaque do ministro Gilmar Mendes retirou a mat\u00e9ria do julgamento virtual e a remeteu \u00e0 aprecia\u00e7\u00e3o presencial da Segunda Turma.<\/p>\n<p>A Opera\u00e7\u00e3o Sevandija, deflagrada em 1\u00ba de setembro de 2016, \u00e9 considerada o maior esc\u00e2ndalo pol\u00edtico da hist\u00f3ria de Ribeir\u00e3o Preto: a investiga\u00e7\u00e3o apontou desvio de mais de R$ 200 milh\u00f5es dos cofres p\u00fablicos municipais e resultou na condena\u00e7\u00e3o de 32 pessoas \u2013 entre secret\u00e1rios, vereadores, empres\u00e1rios, advogados e a ent\u00e3o prefeita D\u00e1rcy Vera \u2013 por crimes como peculato, associa\u00e7\u00e3o criminosa e lavagem de dinheiro.<\/p>\n<p>Uma d\u00e9cada depois, o processo segue sem desfecho definitivo, com os acusados em liberdade.<span class=\"Apple-converted-space\">\u00a0 <\/span>No of\u00edcio, o Ferp \u00e9 enf\u00e1tico ao afirmar que n\u00e3o pretende opinar sobre o m\u00e9rito do julgamento, mas reivindicar que ele simplesmente aconte\u00e7a:<\/p>\n<p>\u201cO pedido \u00e9 pelo direito da sociedade a uma decis\u00e3o.\u201d A entidade alerta que o tempo, em mat\u00e9ria penal, n\u00e3o \u00e9 neutro \u2013 a demora abre caminho para a prescri\u00e7\u00e3o e para a extin\u00e7\u00e3o da pretens\u00e3o punitiva estatal, prejudicando tanto a responsabiliza\u00e7\u00e3o dos envolvidos quanto a eventual recomposi\u00e7\u00e3o dos recursos p\u00fablicos desviados.<\/p>\n<p>\u201cO Instituto Ribeir\u00e3o 2030 nasceu da preocupa\u00e7\u00e3o com os impactos da Sevandija sobre a cidade, opera\u00e7\u00e3o que escancarou a nossa falta de instrumentos t\u00e9cnicos para fiscalizar e cobrar transpar\u00eancia das autoridades. Oito anos depois, a transpar\u00eancia p\u00fablica segue como um dos grandes desafios do munic\u00edpio\u201d, diz Andr\u00e9 Ali Mere, conselheiro do IR2030, coordenador do Ferp e fundador do Instituto Ribeir\u00e3o 2030.<\/p>\n<p>\u201cPor isso mesmo, uma de nossas frentes de incid\u00eancia junto \u00e0 prefeitura: queremos um governo aberto ao controle popular.<span class=\"Apple-converted-space\">\u00a0 <\/span>A entrega deste of\u00edcio \u00e9 a nossa forma de celebrar uma data que \u00e9 duplamente importante para n\u00f3s: cobrando que o julgamento finalmente se conclua\u201d, conclui Andr\u00e9 Ali Mere.<\/p>\n<p>Atualmente o processo est\u00e1 travado no STF \u00e0 espera do julgamento pela Segunda Turma. O recurso foi interposto pela defesa de um dos acusados, o ex-secret\u00e1rio da Administra\u00e7\u00e3o Marco Antonio dos Santos, que tenta invalidar as escutas telef\u00f4nicas que serviram de prova para a maioria das investiga\u00e7\u00f5es.<\/p>\n<p>Em fevereiro deste ano, o relator do caso, ministro Nunes Marques votou pela valida\u00e7\u00e3o das escutas. No entanto, no come\u00e7o de mar\u00e7o, o ministro Gilmar Mendes \u2013 que havia pedido vistas ao processo \u2013, divergiu do entendimento e pediu destaque no plen\u00e1rio, suspendendo o desfecho da vota\u00e7\u00e3o que era realizada em ambiente virtual.<\/p>\n<p>Com isso, a vota\u00e7\u00e3o ter\u00e1 de ser conclu\u00edda presencialmente pelo plen\u00e1rio da Segunda Turma, que definir\u00e1 se as provas principais do esquema continuam v\u00e1lidas ou se ser\u00e3o anuladas. Ainda faltam votar, os ministros Dias Toffoli, Andr\u00e9 Mendon\u00e7a e Luiz Fux.<\/p>\n<p>Se o STF formar maioria pela validade das escutas os processos continuar\u00e3o e ser\u00e3o julgados pelo juiz da 1\u00aa. Vara Criminal de Sert\u00e3ozinho, Gustavo Abdala de Melo. Ele foi o oitavo juiz a assumir o caso ap\u00f3s outros sete magistrados se declararem suspeitos para conduzir os processos.<\/p>\n<p>J\u00e1 se as escutas forem invalidades e consideradas il\u00edcitas, quase toda Opera\u00e7\u00e3o Sevandija ser\u00e1 extinta. Isso porque, a maioria dos processos teve origem nas escutas telef\u00f4nicas. \u00c9 o chamado princ\u00edpio da Teoria dos Frutos da \u00c1rvore Envenenada. Esse princ\u00edpio estabelece que todas as provas decorrentes de prova il\u00edcita s\u00e3o contaminadas por este v\u00edcio e, portanto, ilegais.<\/p>\n<figure id=\"attachment_475772\" aria-describedby=\"caption-attachment-475772\" style=\"width: 300px\" class=\"wp-caption alignright\"><figcaption id=\"caption-attachment-475772\" class=\"wp-caption-text\">Alfredo Risk\/Arquivo\u2028Gaeco e PF dizem que esquema de corrup\u00e7\u00e3o instalado na prefeitura de Ribeir\u00e3o Preto desviou mais de R$ 200 milh\u00f5es dos cofres p\u00fablicos<\/figcaption><\/figure>\n<p>A opera\u00e7\u00e3o foi deflagrada pelo Grupo de Atua\u00e7\u00e3o Especial de Combate ao Crime Organizado (Gaeco) \u2013 bra\u00e7o do Minist\u00e9rio P\u00fablico de S\u00e3o Paulo (MP) \u2013 e Pol\u00edcia Federal em 1\u00ba de setembro de 2016. Em 2018, a ex-prefeita D\u00e1rcy Vera pegou 18 anos e nove meses de pris\u00e3o. Em novembro de 2020, o Tribunal de Justi\u00e7a de s\u00e3o Paulo (TJSP) aumentou a pena para 26 anos, um m\u00eas e tr\u00eas dias.<\/p>\n<p>O ent\u00e3o juiz das a\u00e7\u00f5es penais da Sevandija, L\u00facio Alberto En\u00e9as da Silva Ferreira, de 4\u00aa Vara Criminal de Ribeir\u00e3o Preto, tamb\u00e9m condenou a ex-prefeita, em julho de 2022, a 19 anos de pris\u00e3o por lavagem de dinheiro para a reforma de um im\u00f3vel e pelo pagamento simulado a um advogado.<\/p>\n<p>Ela passou mais de dois anos e seis meses presas na Penitenci\u00e1ria Feminina de Trememb\u00e9, entre 19 de maio de 2017 e 6 de dezembro de 2019. D\u00e1rcy Vera nega todos os crimes a ela imputados.<\/p>\n<p>Trinta e duas pessoas foram condenadas por crimes como peculato, associa\u00e7\u00e3o criminosa e lavagem de dinheiro. A grande maioria nega a pr\u00e1tica de crimes, entre elas a ex-prefeita. Alguns fecharam acordo de dela\u00e7\u00e3o premiada.<\/p>\n<p>D\u00e1rcy Vera<b> <\/b>deixou a pris\u00e3o gra\u00e7as a um habeas corpus concedido pelo ministro Rog\u00e9rio Schietti Cruz, da Sexta Turma do Superior Tribunal de Justi\u00e7a, a mesma que anulou as escutas telef\u00f4nicas.<\/p>\n<p>Segundo o Gaeco, a anula\u00e7\u00e3o das intercepta\u00e7\u00f5es pode colocar em quest\u00e3o o bloqueio de im\u00f3veis, ve\u00edculos e R$ 71 milh\u00f5es obtidos com empresas e pessoas investigadas por acordos de colabora\u00e7\u00e3o.<\/p>\n<div style=\"background-color: #f4f4f5; border: 1px solid #d4d4d8; padding: 15px; margin: 20px 0; border-radius: 6px; font-family: sans-serif; line-height: 1.5;\">\n    <span style=\"color: #27272a;\">Inscreva-se em nosso Canal no Whatsapp e fique por dentro de tudo que acontece na regi\u00e3o. <\/span><br \/>\n    <a href=\"https:\/\/whatsapp.com\/channel\/0029VanuE2o7z4kYjo0XVS3u\" target=\"_blank\" rel=\"noopener noreferrer\" style=\"color: #16a34a; font-weight: bold; text-decoration: underline;\">Clique Aqui!<\/a>\n<\/div>\n<\/div>\n<p><br \/>\n<br \/><a href=\"https:\/\/www.tribunaribeirao.com.br\/ferp-pede-ao-stf-que-julgue-recurso\/\">Texto original daqui <\/a><\/p>\n<!-- CONTENT END 1 -->\n","protected":false},"excerpt":{"rendered":"<p>F\u00f3rum de Entidades enviou of\u00edcio dirigido ao ministro Luiz Fux, presidente da Segunda Turma do Supremo Tribunal Federal O F\u00f3rum de Entidades de Ribeir\u00e3o Preto&#8230;<\/p>\n","protected":false},"author":1,"featured_media":90954,"comment_status":"","ping_status":"","sticky":false,"template":"","format":"standard","meta":{"advanced_seo_description":"","jetpack_seo_html_title":"","jetpack_seo_noindex":false,"jetpack_seo_schema_type":"","_jetpack_newsletter_access":"","_jetpack_dont_email_post_to_subs":false,"_jetpack_newsletter_tier_id":0,"_jetpack_memberships_contains_paywalled_content":false,"_jetpack_feature_clip_id":0,"_jetpack_memberships_contains_paid_content":false,"footnotes":"","jetpack_publicize_message":"","jetpack_publicize_feature_enabled":true,"jetpack_social_post_already_shared":true,"jetpack_social_options":{"image_generator_settings":{"template":"highway","default_image_id":0,"font":"","enabled":false},"version":2},"jetpack_post_was_ever_published":false},"categories":[11],"tags":[8873,8874,21,5389,892],"class_list":["post-90953","post","type-post","status-publish","format-standard","has-post-thumbnail","hentry","category-noticias-de-ribeirao-preto-sp-e-regiao-ismael-colosi","tag-ferp","tag-julgue","tag-pede","tag-recurso","tag-stf"],"jetpack_publicize_connections":[],"jetpack-related-posts":[{"id":77497,"url":"https:\/\/noticiasribeiraopreto.com.br\/index.php\/2025\/09\/19\/stf-suspende-julgamento-de-escutas-da-operacao-sevandija\/","url_meta":{"origin":90953,"position":0},"title":"STF suspende julgamento de escutas da Opera\u00e7\u00e3o Sevandija","author":"noticiasribeiraopreto.com.br","date":"19 de September de 2025","format":false,"excerpt":"19 de setembro de 2025 16:252 Compartilhar0 Julgamento sobre a legalidade das provas obtidas por meio de intercepta\u00e7\u00f5es telef\u00f4nicas foi suspenso nesta sexta-feira, 19 de setembro, em fun\u00e7\u00e3o de pedido de vistas de Gilmar Mendes; ministro ter\u00e1 prazo de at\u00e9 90 dias para votar O Supremo Tribunal Federal (STF) suspendeu\u2026","rel":"","context":"In &quot;Not\u00edcias de Ribeir\u00e3o Preto-SP e Regi\u00e3o&quot;","block_context":{"text":"Not\u00edcias de Ribeir\u00e3o Preto-SP e Regi\u00e3o","link":"https:\/\/noticiasribeiraopreto.com.br\/index.php\/category\/noticias-de-ribeirao-preto-sp-e-regiao-ismael-colosi\/"},"img":{"alt_text":"","src":"https:\/\/i0.wp.com\/noticiasribeiraopreto.com.br\/wp-content\/uploads\/2025\/09\/seva.webp.webp?fit=984%2C616&ssl=1&resize=350%2C200","width":350,"height":200,"srcset":"https:\/\/i0.wp.com\/noticiasribeiraopreto.com.br\/wp-content\/uploads\/2025\/09\/seva.webp.webp?fit=984%2C616&ssl=1&resize=350%2C200 1x, https:\/\/i0.wp.com\/noticiasribeiraopreto.com.br\/wp-content\/uploads\/2025\/09\/seva.webp.webp?fit=984%2C616&ssl=1&resize=525%2C300 1.5x, https:\/\/i0.wp.com\/noticiasribeiraopreto.com.br\/wp-content\/uploads\/2025\/09\/seva.webp.webp?fit=984%2C616&ssl=1&resize=700%2C400 2x"},"classes":[]},{"id":83001,"url":"https:\/\/noticiasribeiraopreto.com.br\/index.php\/2026\/03\/06\/em-meio-ao-caso-master-2a-turma-do-stf-retoma-julgamento-da-sevandija\/","url_meta":{"origin":90953,"position":1},"title":"Em meio ao caso Master, 2\u00aa Turma do STF retoma julgamento da Sevandija","author":"noticiasribeiraopreto.com.br","date":"6 de March de 2026","format":false,"excerpt":"A 2\u00aa Turma do STF (Supremo Tribunal Federal), a mesma que vai decidir se mant\u00e9m ou n\u00e3o a pris\u00e3o do banqueiro Daniel Vorcaro, dono do Banco Master, retoma nesta sexta-feira (6) o julgamento do processo que analisa a legalidade das escutas telef\u00f4nicas utilizadas na Opera\u00e7\u00e3o Sevandija. O julgamento no plen\u00e1rio\u2026","rel":"","context":"In &quot;Not\u00edcias de Ribeir\u00e3o Preto-SP e Regi\u00e3o&quot;","block_context":{"text":"Not\u00edcias de Ribeir\u00e3o Preto-SP e Regi\u00e3o","link":"https:\/\/noticiasribeiraopreto.com.br\/index.php\/category\/noticias-de-ribeirao-preto-sp-e-regiao-ismael-colosi\/"},"img":{"alt_text":"","src":"https:\/\/i0.wp.com\/noticiasribeiraopreto.com.br\/wp-content\/uploads\/2026\/03\/segunda-turma_2026-03-06_12-54-20.webp.webp?fit=1200%2C674&ssl=1&resize=350%2C200","width":350,"height":200,"srcset":"https:\/\/i0.wp.com\/noticiasribeiraopreto.com.br\/wp-content\/uploads\/2026\/03\/segunda-turma_2026-03-06_12-54-20.webp.webp?fit=1200%2C674&ssl=1&resize=350%2C200 1x, https:\/\/i0.wp.com\/noticiasribeiraopreto.com.br\/wp-content\/uploads\/2026\/03\/segunda-turma_2026-03-06_12-54-20.webp.webp?fit=1200%2C674&ssl=1&resize=525%2C300 1.5x, https:\/\/i0.wp.com\/noticiasribeiraopreto.com.br\/wp-content\/uploads\/2026\/03\/segunda-turma_2026-03-06_12-54-20.webp.webp?fit=1200%2C674&ssl=1&resize=700%2C400 2x, https:\/\/i0.wp.com\/noticiasribeiraopreto.com.br\/wp-content\/uploads\/2026\/03\/segunda-turma_2026-03-06_12-54-20.webp.webp?fit=1200%2C674&ssl=1&resize=1050%2C600 3x"},"classes":[]},{"id":82993,"url":"https:\/\/noticiasribeiraopreto.com.br\/index.php\/2026\/03\/06\/stf-volta-a-julgar-escutas-da-sevandija\/","url_meta":{"origin":90953,"position":2},"title":"STF volta a julgar escutas da Sevandija","author":"noticiasribeiraopreto.com.br","date":"6 de March de 2026","format":false,"excerpt":"Supremo Tribunal Federal (STF) retoma nesta sexta-feira (6) a conclus\u00e3o do julgamento que decidir\u00e1 sobre a legalidade das escutas telef\u00f4nicas da Opera\u00e7\u00e3o Sevandija O Supremo Tribunal Federal (STF) retoma nesta sexta-feira, 6 de mar\u00e7o, a conclus\u00e3o do julgamento que decidir\u00e1 sobre a legalidade das escutas telef\u00f4nicas da Opera\u00e7\u00e3o Sevandija que\u2026","rel":"","context":"In &quot;Not\u00edcias de Ribeir\u00e3o Preto-SP e Regi\u00e3o&quot;","block_context":{"text":"Not\u00edcias de Ribeir\u00e3o Preto-SP e Regi\u00e3o","link":"https:\/\/noticiasribeiraopreto.com.br\/index.php\/category\/noticias-de-ribeirao-preto-sp-e-regiao-ismael-colosi\/"},"img":{"alt_text":"","src":"https:\/\/i0.wp.com\/noticiasribeiraopreto.com.br\/wp-content\/uploads\/2026\/03\/SevandijaDV-Dar-JF-Pimenta-Arquivo-scaled.jpg?fit=1170%2C780&ssl=1&resize=350%2C200","width":350,"height":200,"srcset":"https:\/\/i0.wp.com\/noticiasribeiraopreto.com.br\/wp-content\/uploads\/2026\/03\/SevandijaDV-Dar-JF-Pimenta-Arquivo-scaled.jpg?fit=1170%2C780&ssl=1&resize=350%2C200 1x, https:\/\/i0.wp.com\/noticiasribeiraopreto.com.br\/wp-content\/uploads\/2026\/03\/SevandijaDV-Dar-JF-Pimenta-Arquivo-scaled.jpg?fit=1170%2C780&ssl=1&resize=525%2C300 1.5x, https:\/\/i0.wp.com\/noticiasribeiraopreto.com.br\/wp-content\/uploads\/2026\/03\/SevandijaDV-Dar-JF-Pimenta-Arquivo-scaled.jpg?fit=1170%2C780&ssl=1&resize=700%2C400 2x, https:\/\/i0.wp.com\/noticiasribeiraopreto.com.br\/wp-content\/uploads\/2026\/03\/SevandijaDV-Dar-JF-Pimenta-Arquivo-scaled.jpg?fit=1170%2C780&ssl=1&resize=1050%2C600 3x"},"classes":[]},{"id":75101,"url":"https:\/\/noticiasribeiraopreto.com.br\/index.php\/2025\/08\/03\/entenda-o-que-ministro-do-stf-veio-fazer-em-ribeirao-preto\/","url_meta":{"origin":90953,"position":3},"title":"Entenda o que ministro do STF veio fazer em Ribeir\u00e3o Preto","author":"noticiasribeiraopreto.com.br","date":"3 de August de 2025","format":false,"excerpt":"O ministro Luiz Fux, do STF (Supremo Tribunal Federal), esteve em Ribeir\u00e3o Preto na \u00faltima sexta-feira (1\u00ba de agosto). O ministro participou de uma Aula Magna na sede da OAB (Ordem dos Advogados do Brasil) de Ribeir\u00e3o Preto, junto com ministros do STJ (Superior Tribunal de Justi\u00e7a) e TST (Tribunal\u2026","rel":"","context":"In &quot;Not\u00edcias de Ribeir\u00e3o Preto-SP e Regi\u00e3o&quot;","block_context":{"text":"Not\u00edcias de Ribeir\u00e3o Preto-SP e Regi\u00e3o","link":"https:\/\/noticiasribeiraopreto.com.br\/index.php\/category\/noticias-de-ribeirao-preto-sp-e-regiao-ismael-colosi\/"},"img":{"alt_text":"","src":"https:\/\/i0.wp.com\/noticiasribeiraopreto.com.br\/wp-content\/uploads\/2025\/08\/luiz-fux_2025-08-03_17-25-28.webp.webp?fit=1200%2C800&ssl=1&resize=350%2C200","width":350,"height":200,"srcset":"https:\/\/i0.wp.com\/noticiasribeiraopreto.com.br\/wp-content\/uploads\/2025\/08\/luiz-fux_2025-08-03_17-25-28.webp.webp?fit=1200%2C800&ssl=1&resize=350%2C200 1x, https:\/\/i0.wp.com\/noticiasribeiraopreto.com.br\/wp-content\/uploads\/2025\/08\/luiz-fux_2025-08-03_17-25-28.webp.webp?fit=1200%2C800&ssl=1&resize=525%2C300 1.5x, https:\/\/i0.wp.com\/noticiasribeiraopreto.com.br\/wp-content\/uploads\/2025\/08\/luiz-fux_2025-08-03_17-25-28.webp.webp?fit=1200%2C800&ssl=1&resize=700%2C400 2x, https:\/\/i0.wp.com\/noticiasribeiraopreto.com.br\/wp-content\/uploads\/2025\/08\/luiz-fux_2025-08-03_17-25-28.webp.webp?fit=1200%2C800&ssl=1&resize=1050%2C600 3x"},"classes":[]},{"id":68832,"url":"https:\/\/noticiasribeiraopreto.com.br\/index.php\/2025\/04\/29\/por-6-a-4-stf-mantem-prisao-do-ex-presidente-fernando-collor-veja-votos-dos-ministros\/","url_meta":{"origin":90953,"position":4},"title":"Por 6 a 4, STF mant\u00e9m pris\u00e3o do ex-presidente Fernando Collor; Veja votos dos ministros","author":"noticiasribeiraopreto.com.br","date":"29 de April de 2025","format":false,"excerpt":"O plen\u00e1rio do Supremo Tribunal Federal (STF) decidiu nesta segunda-feira (28), por 6 votos a 4, manter preso o ex-presidente Fernando Collor de Mello. A pris\u00e3o foi ordenada pelo ministro Alexandre de Moraes na quinta-feira (24), ap\u00f3s condena\u00e7\u00e3o a 8 anos e 10 meses de pris\u00e3o por corrup\u00e7\u00e3o e lavagem\u2026","rel":"","context":"In &quot;Not\u00edcias de Ribeir\u00e3o Preto-SP e Regi\u00e3o&quot;","block_context":{"text":"Not\u00edcias de Ribeir\u00e3o Preto-SP e Regi\u00e3o","link":"https:\/\/noticiasribeiraopreto.com.br\/index.php\/category\/noticias-de-ribeirao-preto-sp-e-regiao-ismael-colosi\/"},"img":{"alt_text":"","src":"https:\/\/i0.wp.com\/noticiasribeiraopreto.com.br\/wp-content\/uploads\/2025\/04\/COLLOR_2025-04-25_11-40-40.webp.webp?fit=1200%2C802&ssl=1&resize=350%2C200","width":350,"height":200,"srcset":"https:\/\/i0.wp.com\/noticiasribeiraopreto.com.br\/wp-content\/uploads\/2025\/04\/COLLOR_2025-04-25_11-40-40.webp.webp?fit=1200%2C802&ssl=1&resize=350%2C200 1x, https:\/\/i0.wp.com\/noticiasribeiraopreto.com.br\/wp-content\/uploads\/2025\/04\/COLLOR_2025-04-25_11-40-40.webp.webp?fit=1200%2C802&ssl=1&resize=525%2C300 1.5x, https:\/\/i0.wp.com\/noticiasribeiraopreto.com.br\/wp-content\/uploads\/2025\/04\/COLLOR_2025-04-25_11-40-40.webp.webp?fit=1200%2C802&ssl=1&resize=700%2C400 2x, https:\/\/i0.wp.com\/noticiasribeiraopreto.com.br\/wp-content\/uploads\/2025\/04\/COLLOR_2025-04-25_11-40-40.webp.webp?fit=1200%2C802&ssl=1&resize=1050%2C600 3x"},"classes":[]},{"id":79252,"url":"https:\/\/noticiasribeiraopreto.com.br\/index.php\/2025\/10\/28\/recurso-de-bolsonaro-sera-julgado-em-plenario-virtual-em-novembro\/","url_meta":{"origin":90953,"position":5},"title":"Recurso de Bolsonaro ser\u00e1 julgado em plen\u00e1rio virtual em novembro","author":"noticiasribeiraopreto.com.br","date":"28 de October de 2025","format":false,"excerpt":"A\u00e7\u00e3o penal entrou na pauta da Primeira Turma do STF nesta ter\u00e7a-feira Felipe Pontes \u2013 Rep\u00f3rter da Ag\u00eancia Brasil A Primeira Turma do Supremo Tribunal Federal (STF) vai julgar, de modo virtual, entre os dias 7 e 14 de novembro, o recurso do ex-presidente Jair Bolsonaro contra a decis\u00e3o que\u2026","rel":"","context":"In &quot;Not\u00edcias de Ribeir\u00e3o Preto-SP e Regi\u00e3o&quot;","block_context":{"text":"Not\u00edcias de Ribeir\u00e3o Preto-SP e Regi\u00e3o","link":"https:\/\/noticiasribeiraopreto.com.br\/index.php\/category\/noticias-de-ribeirao-preto-sp-e-regiao-ismael-colosi\/"},"img":{"alt_text":"","src":"https:\/\/i0.wp.com\/noticiasribeiraopreto.com.br\/wp-content\/uploads\/2025\/09\/marques-.webp.webp?fit=1170%2C700&ssl=1&resize=350%2C200","width":350,"height":200,"srcset":"https:\/\/i0.wp.com\/noticiasribeiraopreto.com.br\/wp-content\/uploads\/2025\/09\/marques-.webp.webp?fit=1170%2C700&ssl=1&resize=350%2C200 1x, https:\/\/i0.wp.com\/noticiasribeiraopreto.com.br\/wp-content\/uploads\/2025\/09\/marques-.webp.webp?fit=1170%2C700&ssl=1&resize=525%2C300 1.5x, https:\/\/i0.wp.com\/noticiasribeiraopreto.com.br\/wp-content\/uploads\/2025\/09\/marques-.webp.webp?fit=1170%2C700&ssl=1&resize=700%2C400 2x, https:\/\/i0.wp.com\/noticiasribeiraopreto.com.br\/wp-content\/uploads\/2025\/09\/marques-.webp.webp?fit=1170%2C700&ssl=1&resize=1050%2C600 3x"},"classes":[]}],"jetpack_sharing_enabled":true,"jetpack_shortlink":"https:\/\/wp.me\/peQAOb-nEZ","jetpack_featured_media_url":"https:\/\/i0.wp.com\/noticiasribeiraopreto.com.br\/wp-content\/uploads\/2026\/09\/SevandijaDV-STF-Luiz-Silveira-STF-scaled.jpg?fit=1200%2C773&ssl=1","_links":{"self":[{"href":"https:\/\/noticiasribeiraopreto.com.br\/index.php\/wp-json\/wp\/v2\/posts\/90953","targetHints":{"allow":["GET"]}}],"collection":[{"href":"https:\/\/noticiasribeiraopreto.com.br\/index.php\/wp-json\/wp\/v2\/posts"}],"about":[{"href":"https:\/\/noticiasribeiraopreto.com.br\/index.php\/wp-json\/wp\/v2\/types\/post"}],"author":[{"embeddable":true,"href":"https:\/\/noticiasribeiraopreto.com.br\/index.php\/wp-json\/wp\/v2\/users\/1"}],"replies":[{"embeddable":true,"href":"https:\/\/noticiasribeiraopreto.com.br\/index.php\/wp-json\/wp\/v2\/comments?post=90953"}],"version-history":[{"count":0,"href":"https:\/\/noticiasribeiraopreto.com.br\/index.php\/wp-json\/wp\/v2\/posts\/90953\/revisions"}],"wp:featuredmedia":[{"embeddable":true,"href":"https:\/\/noticiasribeiraopreto.com.br\/index.php\/wp-json\/wp\/v2\/media\/90954"}],"wp:attachment":[{"href":"https:\/\/noticiasribeiraopreto.com.br\/index.php\/wp-json\/wp\/v2\/media?parent=90953"}],"wp:term":[{"taxonomy":"category","embeddable":true,"href":"https:\/\/noticiasribeiraopreto.com.br\/index.php\/wp-json\/wp\/v2\/categories?post=90953"},{"taxonomy":"post_tag","embeddable":true,"href":"https:\/\/noticiasribeiraopreto.com.br\/index.php\/wp-json\/wp\/v2\/tags?post=90953"}],"curies":[{"name":"wp","href":"https:\/\/api.w.org\/{rel}","templated":true}]}}