{"id":90955,"date":"2026-09-02T07:41:58","date_gmt":"2026-09-02T10:41:58","guid":{"rendered":"https:\/\/noticiasribeiraopreto.com.br\/index.php\/2026\/09\/02\/vereadores-rejeitam-veto-a-canetas-emagrecedoras\/"},"modified":"2026-09-02T07:41:58","modified_gmt":"2026-09-02T10:41:58","slug":"vereadores-rejeitam-veto-a-canetas-emagrecedoras","status":"publish","type":"post","link":"https:\/\/noticiasribeiraopreto.com.br\/index.php\/2026\/09\/02\/vereadores-rejeitam-veto-a-canetas-emagrecedoras\/","title":{"rendered":"Vereadores rejeitam veto \u2028a canetas emagrecedoras"},"content":{"rendered":"<div class='code-block code-block-1' style='margin: 8px 0 8px auto; text-align: right; display: block; clear: both;'>\n<p><a href=\"https:\/\/wa.link\/vpicfd\"><img data-recalc-dims=\"1\" class=\"wp-image-4922\" style=\"aspect-ratio: 2.0253164556962027; width: 561px; height: auto;\" src=\"https:\/\/i0.wp.com\/ismaelcolosi.com.br\/wp-content\/uploads\/2023\/11\/grupo-de-empregos-whatsapp-e-facebook-ismael-colosi-vagas.jpg?ssl=1\" alt=\"\" \/><\/a><\/p>\n<!-- \/wp:image -->\n<\/div>\n<p> <br \/>\n<\/p>\n<div id=\"\">&#13;<br \/>\n\t\t\t\t\t\t\t\t&#13;<\/p>\n<p>&#13;<br \/>\n\t\t\t\t\t\t\t\t\t<span class=\"entry-meta-item penci-posted-on\"><i class=\"fa fa-clock-o\"\/><time class=\"entry-date published updated\" datetime=\"2026-09-02T07:39:37-03:00\">2 de setembro de 2026 07:39<\/time><\/span><span class=\"entry-meta-item penci-post-countview\"\/>\t\t\t\t\t\t\t\t<\/p>\n<p><!-- .entry-meta -->&#13;<br \/>\n\t\t\t\t\t\t\t\t<span class=\"penci-social-buttons penci-social-share-footer\"><span class=\"penci-social-share-text\">Compartilhar<\/span><a href=\"#\" class=\"penci-post-like penci_post-meta_item  single-like-button penci-social-item like\" data-post_id=\"475779\" title=\"Like\" data-like=\"Like\" data-unlike=\"Unlike\"><i class=\"fa fa-thumbs-o-up\"\/><span class=\"penci-share-number\">0<\/span><\/a><i class=\"fa fa-facebook\"\/><a class=\"penci-social-item twitter\" target=\"_blank\" rel=\"noopener\" title=\"\" href=\"https:\/\/twitter.com\/intent\/tweet?text=Vereadores%20rejeitam%20veto%20\u2028a%20canetas%20emagrecedoras%20-%20https:\/\/www.tribunaribeirao.com.br\/vereadores-rejeitam-veto-a-canetas-emagrecedoras\/\"><i class=\"fa fa-twitter\"\/><\/a><i class=\"fa fa-linkedin\"\/><i class=\"fa fa-whatsapp\"\/><i class=\"fa fa-telegram\"\/><i class=\"fa fa-envelope\"\/><\/span>\t\t\t\t\t\t\t<\/div>\n<div>\n<p class=\"p1\">Por vinte votos, a C\u00e2mara de Vereadores rejeitou, na sess\u00e3o de segunda-feira, 31 de agosto, o veto do prefeito Ricardo Silva (PSD) ao projeto de lei que institui, em Ribeir\u00e3o Preto, a pol\u00edtica p\u00fablica para atender pacientes com diabetes mellitus tipo 2 e indiv\u00edduos com obesidade grau 2 ou 3, com medicamentos \u00e0 base de subst\u00e2ncias tirzepatida e semaglutida, as populares canetas emagrecedoras.<\/p>\n<p>De autoria do vereador Danilo Scochi (MDB), o projeto de lei foi aprovado pelos parlamentares em 1\u00ba de julho com a justificativa de facilitar o acesso de pacientes sem condi\u00e7\u00f5es financeiras \u00e0 medica\u00e7\u00e3o de alto custo. O autor cita a efic\u00e1cia dos medicamentos no controle glic\u00eamico e redu\u00e7\u00e3o de peso, sendo indicadas por protocolos internacionais e reconhecidas pelo Minist\u00e9rio da Sa\u00fade e sociedades m\u00e9dicas especializadas. <\/p>\n<p>No veto, a prefeitura destaca que o projeto invadiu compet\u00eancia exclusiva da Uni\u00e3o e que a lei federal n\u00ba 12.401, de 2011, atribui ao Minist\u00e9rio da Sa\u00fade, assessorado pela Comiss\u00e3o Nacional de Incorpora\u00e7\u00e3o de Tecnologias no Sistema \u00danico de Sa\u00fade (SUS) a compet\u00eancia exclusiva para decidir sobre a incorpora\u00e7\u00e3o de medicamentos e demais tecnologias ao SUS.<span class=\"Apple-converted-space\">\u00a0 <\/span>No caso das canetas emagrecedoras, isso ainda n\u00e3o ocorreu.<\/p>\n<p>\u201cA aprova\u00e7\u00e3o de norma municipal impondo o fornecimento obrigat\u00f3rio de medicamentos ainda n\u00e3o incorporados ao SUS antecipa decis\u00e3o cuja compet\u00eancia \u00e9 da Uni\u00e3o, em desacordo com o artigo 19-Q da Lei n\u00ba 8.080, de 1990\u201d, afirma a prefeitura no veto.<\/p>\n<p>Com a decis\u00e3o do plen\u00e1rio, o presidente da C\u00e2mara, Daniel Gobbi (PP), ter\u00e1 obrigatoriamente de promulgar a nova lei.<span class=\"Apple-converted-space\">\u00a0 <\/span>A nova legisla\u00e7\u00e3o deve parar no Tribunal de Justi\u00e7a de S\u00e3o Paulo (TJSP), objeto de a\u00e7\u00e3o direta de inconstitucionalidade que ser\u00e1 impetrada pela prefeitura.<\/p>\n<div style=\"background-color: #f4f4f5; border: 1px solid #d4d4d8; padding: 15px; margin: 20px 0; border-radius: 6px; font-family: sans-serif; line-height: 1.5;\">\n    <span style=\"color: #27272a;\">Inscreva-se em nosso Canal no Whatsapp e fique por dentro de tudo que acontece na regi\u00e3o. <\/span><br \/>\n    <a href=\"https:\/\/whatsapp.com\/channel\/0029VanuE2o7z4kYjo0XVS3u\" target=\"_blank\" rel=\"noopener noreferrer\" style=\"color: #16a34a; font-weight: bold; text-decoration: underline;\">Clique Aqui!<\/a>\n<\/div>\n<\/div>\n<p><script async src=\"\/\/platform.twitter.com\/widgets.js\" charset=\"utf-8\"><\/script><br \/>\n<br \/><br \/>\n<br \/><a href=\"https:\/\/www.tribunaribeirao.com.br\/vereadores-rejeitam-veto-a-canetas-emagrecedoras\/\">Texto original daqui <\/a><\/p>\n<!-- CONTENT END 1 -->\n","protected":false},"excerpt":{"rendered":"<p>&#13; &#13; &#13; 2 de setembro de 2026 07:39 &#13; Compartilhar0 Por vinte votos, a C\u00e2mara de Vereadores rejeitou, na sess\u00e3o de segunda-feira, 31 de&#8230;<\/p>\n","protected":false},"author":1,"featured_media":90956,"comment_status":"","ping_status":"","sticky":false,"template":"","format":"standard","meta":{"advanced_seo_description":"","jetpack_seo_html_title":"","jetpack_seo_noindex":false,"jetpack_seo_schema_type":"","_jetpack_newsletter_access":"","_jetpack_dont_email_post_to_subs":false,"_jetpack_newsletter_tier_id":0,"_jetpack_memberships_contains_paywalled_content":false,"_jetpack_feature_clip_id":0,"_jetpack_memberships_contains_paid_content":false,"footnotes":"","jetpack_publicize_message":"","jetpack_publicize_feature_enabled":true,"jetpack_social_post_already_shared":true,"jetpack_social_options":{"image_generator_settings":{"template":"highway","default_image_id":0,"font":"","enabled":false},"version":2},"jetpack_post_was_ever_published":false},"categories":[11],"tags":[8098,8099,8875,1355,2119],"class_list":["post-90955","post","type-post","status-publish","format-standard","has-post-thumbnail","hentry","category-noticias-de-ribeirao-preto-sp-e-regiao-ismael-colosi","tag-canetas","tag-emagrecedoras","tag-rejeitam","tag-vereadores","tag-veto"],"jetpack_publicize_connections":[],"jetpack-related-posts":[{"id":84447,"url":"https:\/\/noticiasribeiraopreto.com.br\/index.php\/2026\/04\/09\/canetas-emagrecedoras-sao-apreendidas-em-apartamento-de-alto-padrao-em-ribeirao-preto\/","url_meta":{"origin":90955,"position":0},"title":"Canetas emagrecedoras s\u00e3o apreendidas em apartamento de alto padr\u00e3o em Ribeir\u00e3o Preto","author":"noticiasribeiraopreto.com.br","date":"9 de April de 2026","format":false,"excerpt":"Ler o resumo da not\u00edcia Pol\u00edcia Civil apreendeu canetas emagrecedoras e cigarros eletr\u00f4nicos em apartamento de alto padr\u00e3o na zona Sul de Ribeir\u00e3o Preto. Um empres\u00e1rio de 46 anos foi preso em flagrante na manh\u00e3 desta quinta-feira (9). As canetas s\u00e3o provenientes do Paraguai e s\u00e3o proibidas no Brasil por\u2026","rel":"","context":"In &quot;Not\u00edcias de Ribeir\u00e3o Preto-SP e Regi\u00e3o&quot;","block_context":{"text":"Not\u00edcias de Ribeir\u00e3o Preto-SP e Regi\u00e3o","link":"https:\/\/noticiasribeiraopreto.com.br\/index.php\/category\/noticias-de-ribeirao-preto-sp-e-regiao-ismael-colosi\/"},"img":{"alt_text":"","src":"https:\/\/i0.wp.com\/noticiasribeiraopreto.com.br\/wp-content\/uploads\/2026\/04\/apreensao-canetas_2026-04-09_16-54-24.webp.webp?fit=1200%2C903&ssl=1&resize=350%2C200","width":350,"height":200,"srcset":"https:\/\/i0.wp.com\/noticiasribeiraopreto.com.br\/wp-content\/uploads\/2026\/04\/apreensao-canetas_2026-04-09_16-54-24.webp.webp?fit=1200%2C903&ssl=1&resize=350%2C200 1x, https:\/\/i0.wp.com\/noticiasribeiraopreto.com.br\/wp-content\/uploads\/2026\/04\/apreensao-canetas_2026-04-09_16-54-24.webp.webp?fit=1200%2C903&ssl=1&resize=525%2C300 1.5x, https:\/\/i0.wp.com\/noticiasribeiraopreto.com.br\/wp-content\/uploads\/2026\/04\/apreensao-canetas_2026-04-09_16-54-24.webp.webp?fit=1200%2C903&ssl=1&resize=700%2C400 2x, https:\/\/i0.wp.com\/noticiasribeiraopreto.com.br\/wp-content\/uploads\/2026\/04\/apreensao-canetas_2026-04-09_16-54-24.webp.webp?fit=1200%2C903&ssl=1&resize=1050%2C600 3x"},"classes":[]},{"id":75022,"url":"https:\/\/noticiasribeiraopreto.com.br\/index.php\/2025\/08\/01\/caneta-emagrecedora-produzida-no-interior-de-sp-chega-as-farmacias-veja-o-preco\/","url_meta":{"origin":90955,"position":1},"title":"Caneta emagrecedora produzida no interior de SP chega \u00e0s farm\u00e1cias; veja o pre\u00e7o","author":"noticiasribeiraopreto.com.br","date":"1 de August de 2025","format":false,"excerpt":"A farmac\u00eautica EMS come\u00e7a a vender na pr\u00f3xima segunda-feira (4) as primeiras canetas produzidas integralmente no Brasil para o tratamento da obesidade e da diabetes tipo 2. A fabrica\u00e7\u00e3o acontece na unidade da empresa em Hortol\u00e2ndia, no interior de S\u00e3o Paulo. O mercado receber\u00e1 duas vers\u00f5es do medicamento: Olire, indicado\u2026","rel":"","context":"In &quot;Not\u00edcias de Ribeir\u00e3o Preto-SP e Regi\u00e3o&quot;","block_context":{"text":"Not\u00edcias de Ribeir\u00e3o Preto-SP e Regi\u00e3o","link":"https:\/\/noticiasribeiraopreto.com.br\/index.php\/category\/noticias-de-ribeirao-preto-sp-e-regiao-ismael-colosi\/"},"img":{"alt_text":"","src":"https:\/\/i0.wp.com\/noticiasribeiraopreto.com.br\/wp-content\/uploads\/2025\/08\/high-angle-diabetic-woman-checking-her-glucose-level_2025-04-16_23-31-08_jpg_2025-04-16_23-31-11-1024x681.webp.webp?fit=1024%2C681&ssl=1&resize=350%2C200","width":350,"height":200,"srcset":"https:\/\/i0.wp.com\/noticiasribeiraopreto.com.br\/wp-content\/uploads\/2025\/08\/high-angle-diabetic-woman-checking-her-glucose-level_2025-04-16_23-31-08_jpg_2025-04-16_23-31-11-1024x681.webp.webp?fit=1024%2C681&ssl=1&resize=350%2C200 1x, https:\/\/i0.wp.com\/noticiasribeiraopreto.com.br\/wp-content\/uploads\/2025\/08\/high-angle-diabetic-woman-checking-her-glucose-level_2025-04-16_23-31-08_jpg_2025-04-16_23-31-11-1024x681.webp.webp?fit=1024%2C681&ssl=1&resize=525%2C300 1.5x, https:\/\/i0.wp.com\/noticiasribeiraopreto.com.br\/wp-content\/uploads\/2025\/08\/high-angle-diabetic-woman-checking-her-glucose-level_2025-04-16_23-31-08_jpg_2025-04-16_23-31-11-1024x681.webp.webp?fit=1024%2C681&ssl=1&resize=700%2C400 2x"},"classes":[]},{"id":78958,"url":"https:\/\/noticiasribeiraopreto.com.br\/index.php\/2025\/10\/21\/policia-prende-cabeleireira-suspeita-de-vender-canetas-emagrecedoras-em-salao-de-beleza\/","url_meta":{"origin":90955,"position":2},"title":"Pol\u00edcia prende cabeleireira suspeita de vender canetas emagrecedoras em sal\u00e3o de beleza","author":"noticiasribeiraopreto.com.br","date":"21 de October de 2025","format":false,"excerpt":"Uma cabeleireira de Jaboticabal, na regi\u00e3o de Ribeir\u00e3o Preto, foi presa em flagrante nesta ter\u00e7a-feira (21) por suspeita de vender canetas emagrecedoras dentro do pr\u00f3prio sal\u00e3o de beleza. A a\u00e7\u00e3o ocorreu ap\u00f3s den\u00fancia an\u00f4nima que levou a pol\u00edcia at\u00e9 o local. Os investigadores apreenderam 14 unidades do produto, prontas para\u2026","rel":"","context":"In &quot;Not\u00edcias de Ribeir\u00e3o Preto-SP e Regi\u00e3o&quot;","block_context":{"text":"Not\u00edcias de Ribeir\u00e3o Preto-SP e Regi\u00e3o","link":"https:\/\/noticiasribeiraopreto.com.br\/index.php\/category\/noticias-de-ribeirao-preto-sp-e-regiao-ismael-colosi\/"},"img":{"alt_text":"","src":"https:\/\/i0.wp.com\/noticiasribeiraopreto.com.br\/wp-content\/uploads\/2025\/10\/Copia-de-Copia-de-Copia-de-TAMANHO-EXATO-PARA-FOTOS-NO-SISTEMA-NOVO-2025-10-21T190418.930_2025-10-21_22-04-26.webp.webp?fit=1200%2C675&ssl=1&resize=350%2C200","width":350,"height":200,"srcset":"https:\/\/i0.wp.com\/noticiasribeiraopreto.com.br\/wp-content\/uploads\/2025\/10\/Copia-de-Copia-de-Copia-de-TAMANHO-EXATO-PARA-FOTOS-NO-SISTEMA-NOVO-2025-10-21T190418.930_2025-10-21_22-04-26.webp.webp?fit=1200%2C675&ssl=1&resize=350%2C200 1x, https:\/\/i0.wp.com\/noticiasribeiraopreto.com.br\/wp-content\/uploads\/2025\/10\/Copia-de-Copia-de-Copia-de-TAMANHO-EXATO-PARA-FOTOS-NO-SISTEMA-NOVO-2025-10-21T190418.930_2025-10-21_22-04-26.webp.webp?fit=1200%2C675&ssl=1&resize=525%2C300 1.5x, https:\/\/i0.wp.com\/noticiasribeiraopreto.com.br\/wp-content\/uploads\/2025\/10\/Copia-de-Copia-de-Copia-de-TAMANHO-EXATO-PARA-FOTOS-NO-SISTEMA-NOVO-2025-10-21T190418.930_2025-10-21_22-04-26.webp.webp?fit=1200%2C675&ssl=1&resize=700%2C400 2x, https:\/\/i0.wp.com\/noticiasribeiraopreto.com.br\/wp-content\/uploads\/2025\/10\/Copia-de-Copia-de-Copia-de-TAMANHO-EXATO-PARA-FOTOS-NO-SISTEMA-NOVO-2025-10-21T190418.930_2025-10-21_22-04-26.webp.webp?fit=1200%2C675&ssl=1&resize=1050%2C600 3x"},"classes":[]},{"id":79024,"url":"https:\/\/noticiasribeiraopreto.com.br\/index.php\/2025\/10\/22\/justica-concede-prisao-domiciliar-a-cabeleireira-investigada-por-venda-de-canetas-para-emagrecer\/","url_meta":{"origin":90955,"position":3},"title":"Justi\u00e7a concede pris\u00e3o domiciliar a cabeleireira investigada por venda de canetas para emagrecer","author":"noticiasribeiraopreto.com.br","date":"22 de October de 2025","format":false,"excerpt":"O Tribunal de Justi\u00e7a do Estado de S\u00e3o Paulo determinou pris\u00e3o domiciliar para a cabeleireira La\u00eds Samara Alonso, presa na ter\u00e7a-feira (21) em Jaboticabal, na regi\u00e3o de Ribeir\u00e3o Preto, por comercializar canetas emagrecedoras em seu pr\u00f3prio sal\u00e3o de beleza. A decis\u00e3o ocorreu ap\u00f3s audi\u00eancia de cust\u00f3dia realizada na quarta-feira (22).\u2026","rel":"","context":"In &quot;Not\u00edcias de Ribeir\u00e3o Preto-SP e Regi\u00e3o&quot;","block_context":{"text":"Not\u00edcias de Ribeir\u00e3o Preto-SP e Regi\u00e3o","link":"https:\/\/noticiasribeiraopreto.com.br\/index.php\/category\/noticias-de-ribeirao-preto-sp-e-regiao-ismael-colosi\/"},"img":{"alt_text":"","src":"https:\/\/i0.wp.com\/noticiasribeiraopreto.com.br\/wp-content\/uploads\/2025\/10\/Copia-de-Copia-de-Copia-de-TAMANHO-EXATO-PARA-FOTOS-NO-SISTEMA-NOVO-2025-10-22T191950.572_2025-10-22_22-20-01.webp.webp?fit=1200%2C675&ssl=1&resize=350%2C200","width":350,"height":200,"srcset":"https:\/\/i0.wp.com\/noticiasribeiraopreto.com.br\/wp-content\/uploads\/2025\/10\/Copia-de-Copia-de-Copia-de-TAMANHO-EXATO-PARA-FOTOS-NO-SISTEMA-NOVO-2025-10-22T191950.572_2025-10-22_22-20-01.webp.webp?fit=1200%2C675&ssl=1&resize=350%2C200 1x, https:\/\/i0.wp.com\/noticiasribeiraopreto.com.br\/wp-content\/uploads\/2025\/10\/Copia-de-Copia-de-Copia-de-TAMANHO-EXATO-PARA-FOTOS-NO-SISTEMA-NOVO-2025-10-22T191950.572_2025-10-22_22-20-01.webp.webp?fit=1200%2C675&ssl=1&resize=525%2C300 1.5x, https:\/\/i0.wp.com\/noticiasribeiraopreto.com.br\/wp-content\/uploads\/2025\/10\/Copia-de-Copia-de-Copia-de-TAMANHO-EXATO-PARA-FOTOS-NO-SISTEMA-NOVO-2025-10-22T191950.572_2025-10-22_22-20-01.webp.webp?fit=1200%2C675&ssl=1&resize=700%2C400 2x, https:\/\/i0.wp.com\/noticiasribeiraopreto.com.br\/wp-content\/uploads\/2025\/10\/Copia-de-Copia-de-Copia-de-TAMANHO-EXATO-PARA-FOTOS-NO-SISTEMA-NOVO-2025-10-22T191950.572_2025-10-22_22-20-01.webp.webp?fit=1200%2C675&ssl=1&resize=1050%2C600 3x"},"classes":[]},{"id":78982,"url":"https:\/\/noticiasribeiraopreto.com.br\/index.php\/2025\/10\/22\/cabeleireira-e-presa-por-vender-canetas-emagrecedoras-em-salao-de-beleza\/","url_meta":{"origin":90955,"position":4},"title":"Cabeleireira \u00e9 presa por vender canetas emagrecedoras em sal\u00e3o de beleza","author":"noticiasribeiraopreto.com.br","date":"22 de October de 2025","format":false,"excerpt":"Ela anunciava os produtos em redes sociais e h\u00e1 suspeitas de que tamb\u00e9m fizesse aplica\u00e7\u00f5es; um dos rem\u00e9dios n\u00e3o tem registro na Anvisa 22 de outubro de 2025 10:392 Compartilhar1 Por: Adalberto Luque Uma mulher foi presa na ter\u00e7a-feira, 21 de outubro, ap\u00f3s ser flagrada com canetas emagrecedoras e seringas\u2026","rel":"","context":"In &quot;Not\u00edcias de Ribeir\u00e3o Preto-SP e Regi\u00e3o&quot;","block_context":{"text":"Not\u00edcias de Ribeir\u00e3o Preto-SP e Regi\u00e3o","link":"https:\/\/noticiasribeiraopreto.com.br\/index.php\/category\/noticias-de-ribeirao-preto-sp-e-regiao-ismael-colosi\/"},"img":{"alt_text":"","src":"https:\/\/i0.wp.com\/noticiasribeiraopreto.com.br\/wp-content\/uploads\/2025\/10\/22-out-2025-canetasfalsas1.jpg?fit=782%2C780&ssl=1&resize=350%2C200","width":350,"height":200,"srcset":"https:\/\/i0.wp.com\/noticiasribeiraopreto.com.br\/wp-content\/uploads\/2025\/10\/22-out-2025-canetasfalsas1.jpg?fit=782%2C780&ssl=1&resize=350%2C200 1x, https:\/\/i0.wp.com\/noticiasribeiraopreto.com.br\/wp-content\/uploads\/2025\/10\/22-out-2025-canetasfalsas1.jpg?fit=782%2C780&ssl=1&resize=525%2C300 1.5x, https:\/\/i0.wp.com\/noticiasribeiraopreto.com.br\/wp-content\/uploads\/2025\/10\/22-out-2025-canetasfalsas1.jpg?fit=782%2C780&ssl=1&resize=700%2C400 2x"},"classes":[]},{"id":89055,"url":"https:\/\/noticiasribeiraopreto.com.br\/index.php\/2026\/07\/29\/anvisa-aprova-5-novas-canetas-emagrecedoras-veja-quais\/","url_meta":{"origin":90955,"position":5},"title":"Anvisa aprova 5 novas canetas emagrecedoras; veja quais","author":"noticiasribeiraopreto.com.br","date":"29 de July de 2026","format":false,"excerpt":"A Anvisa (Ag\u00eancia Nacional de Vigil\u00e2ncia Sanit\u00e1ria) aprovou o registro de cinco novas canetas de semaglutida, indicadas para o tratamento de pacientes adultos com diabetes mellitus tipo 2, sem controle suficiente. Popularmente, esses medicamentos s\u00e3o chamados de canetas emagrecedoras porque ajudam na perda de peso. Receba not\u00edcias do\u00a0acidade on Ribeir\u00e3o\u00a0no\u2026","rel":"","context":"In &quot;Not\u00edcias de Ribeir\u00e3o Preto-SP e Regi\u00e3o&quot;","block_context":{"text":"Not\u00edcias de Ribeir\u00e3o Preto-SP e Regi\u00e3o","link":"https:\/\/noticiasribeiraopreto.com.br\/index.php\/category\/noticias-de-ribeirao-preto-sp-e-regiao-ismael-colosi\/"},"img":{"alt_text":"","src":"https:\/\/i0.wp.com\/noticiasribeiraopreto.com.br\/wp-content\/uploads\/2026\/07\/caneta.jpg?fit=1170%2C700&ssl=1&resize=350%2C200","width":350,"height":200,"srcset":"https:\/\/i0.wp.com\/noticiasribeiraopreto.com.br\/wp-content\/uploads\/2026\/07\/caneta.jpg?fit=1170%2C700&ssl=1&resize=350%2C200 1x, https:\/\/i0.wp.com\/noticiasribeiraopreto.com.br\/wp-content\/uploads\/2026\/07\/caneta.jpg?fit=1170%2C700&ssl=1&resize=525%2C300 1.5x, https:\/\/i0.wp.com\/noticiasribeiraopreto.com.br\/wp-content\/uploads\/2026\/07\/caneta.jpg?fit=1170%2C700&ssl=1&resize=700%2C400 2x, https:\/\/i0.wp.com\/noticiasribeiraopreto.com.br\/wp-content\/uploads\/2026\/07\/caneta.jpg?fit=1170%2C700&ssl=1&resize=1050%2C600 3x"},"classes":[]}],"jetpack_sharing_enabled":true,"jetpack_shortlink":"https:\/\/wp.me\/peQAOb-nF1","jetpack_featured_media_url":"https:\/\/i0.wp.com\/noticiasribeiraopreto.com.br\/wp-content\/uploads\/2026\/09\/CanetasRP-Rafa-Neddermeyer-Ag.Br_.jpg?fit=1170%2C700&ssl=1","_links":{"self":[{"href":"https:\/\/noticiasribeiraopreto.com.br\/index.php\/wp-json\/wp\/v2\/posts\/90955","targetHints":{"allow":["GET"]}}],"collection":[{"href":"https:\/\/noticiasribeiraopreto.com.br\/index.php\/wp-json\/wp\/v2\/posts"}],"about":[{"href":"https:\/\/noticiasribeiraopreto.com.br\/index.php\/wp-json\/wp\/v2\/types\/post"}],"author":[{"embeddable":true,"href":"https:\/\/noticiasribeiraopreto.com.br\/index.php\/wp-json\/wp\/v2\/users\/1"}],"replies":[{"embeddable":true,"href":"https:\/\/noticiasribeiraopreto.com.br\/index.php\/wp-json\/wp\/v2\/comments?post=90955"}],"version-history":[{"count":0,"href":"https:\/\/noticiasribeiraopreto.com.br\/index.php\/wp-json\/wp\/v2\/posts\/90955\/revisions"}],"wp:featuredmedia":[{"embeddable":true,"href":"https:\/\/noticiasribeiraopreto.com.br\/index.php\/wp-json\/wp\/v2\/media\/90956"}],"wp:attachment":[{"href":"https:\/\/noticiasribeiraopreto.com.br\/index.php\/wp-json\/wp\/v2\/media?parent=90955"}],"wp:term":[{"taxonomy":"category","embeddable":true,"href":"https:\/\/noticiasribeiraopreto.com.br\/index.php\/wp-json\/wp\/v2\/categories?post=90955"},{"taxonomy":"post_tag","embeddable":true,"href":"https:\/\/noticiasribeiraopreto.com.br\/index.php\/wp-json\/wp\/v2\/tags?post=90955"}],"curies":[{"name":"wp","href":"https:\/\/api.w.org\/{rel}","templated":true}]}}