{"id":90957,"date":"2026-09-02T07:48:36","date_gmt":"2026-09-02T10:48:36","guid":{"rendered":"https:\/\/noticiasribeiraopreto.com.br\/index.php\/2026\/09\/02\/chuva-da-tregua-em-ribeirao-mas-ja-tem-data-para-voltar\/"},"modified":"2026-09-02T07:48:36","modified_gmt":"2026-09-02T10:48:36","slug":"chuva-da-tregua-em-ribeirao-mas-ja-tem-data-para-voltar","status":"publish","type":"post","link":"https:\/\/noticiasribeiraopreto.com.br\/index.php\/2026\/09\/02\/chuva-da-tregua-em-ribeirao-mas-ja-tem-data-para-voltar\/","title":{"rendered":"Chuva d\u00e1 tr\u00e9gua em Ribeir\u00e3o, mas j\u00e1 tem data para voltar; saiba quando"},"content":{"rendered":"<div class='code-block code-block-1' style='margin: 8px 0 8px auto; text-align: right; display: block; clear: both;'>\n<p><a href=\"https:\/\/wa.link\/vpicfd\"><img data-recalc-dims=\"1\" class=\"wp-image-4922\" style=\"aspect-ratio: 2.0253164556962027; width: 561px; height: auto;\" src=\"https:\/\/i0.wp.com\/ismaelcolosi.com.br\/wp-content\/uploads\/2023\/11\/grupo-de-empregos-whatsapp-e-facebook-ismael-colosi-vagas.jpg?ssl=1\" alt=\"\" \/><\/a><\/p>\n<!-- \/wp:image -->\n<\/div>\n<p> <br \/>\n<\/p>\n<p>Ap\u00f3s a<strong> passagem de uma frente fria<\/strong> que provocou <strong>chuva em Ribeir\u00e3o Preto<\/strong>, a <strong>quarta-feira (2)<\/strong> ser\u00e1 de sol com algumas nuvens e n\u00e9voa ao amanhecer, segundo a previs\u00e3o meteorol\u00f3gica da <strong><a href=\"https:\/\/www.climatempo.com.br\/\" target=\"_blank\" data-type=\"link\" data-id=\"https:\/\/www.climatempo.com.br\/\" rel=\"noreferrer noopener\">Climatempo<\/a><\/strong>.<\/p>\n<p>\u00c0 noite o c\u00e9u deve ficar com poucas nuvens e <strong>n\u00e3o h\u00e1 previs\u00e3o de chuva<\/strong>. <strong><mark class=\"has-inline-color\">As temperaturas variam entre 18\u00baC e 25\u00baC.<\/mark><\/strong><\/p>\n<blockquote class=\"wp-block-quote is-layout-flow wp-block-quote-is-layout-flow\">\n<p>\u201cEm S\u00e3o Paulo, o interior j\u00e1 apresenta maior estabilidade, enquanto o litoral, o leste e o nordeste paulista ainda t\u00eam pancadas de chuva entre fraca e moderada intensidade, com pontos de chuva mais forte no leste do estado\u201d, explica o servi\u00e7o de meteorologia.<\/p>\n<\/blockquote>\n<figure class=\"wp-block-image size-large\"><figcaption class=\"wp-element-caption\">Ap\u00f3s frente fria, sol volta a aparecer em Ribeir\u00e3o Preto \u2013 Foto: Ricarrdo Canaveze.<\/figcaption><\/figure>\n<p class=\"has-text-align-center has-cyan-bluish-gray-background-color has-background\"><em>Receba not\u00edcias do\u00a0<strong>acidade on Ribeir\u00e3o\u00a0<\/strong>no WhatsApp e fique por dentro de tudo! Basta acessar o link<a href=\"https:\/\/chat.whatsapp.com\/DfXwcjKVIddHUT3BvnQuPZ?mode=hqctshi\" target=\"_blank\" rel=\"noreferrer noopener\">\u00a0aqui<\/a>!<\/em><\/p>\n<h2 class=\"wp-block-heading\"><strong>Chuva tem data para retornar<\/strong> <strong>para Ribeir\u00e3o<\/strong><\/h2>\n<p>Apesar do <strong>afastamento da frente fria<\/strong> e da melhora nas condi\u00e7\u00f5es do tempo, a<strong><mark class=\"has-inline-color\"> previs\u00e3o estendida da Climatempo indica que a chuva deve voltar a atingir Ribeir\u00e3o Preto nos pr\u00f3ximos dias.<\/mark><\/strong><\/p>\n<p>Entre quinta-feira (3) e sexta-feira (4), o tempo segue firme em Ribeir\u00e3o Preto. A previs\u00e3o indica dias de sol entre muitas nuvens, mas sem chance de chuva.<\/p>\n<p><strong>No s\u00e1bado (5), por\u00e9m, esse cen\u00e1rio muda<\/strong>. O dia come\u00e7a com sol e muitas nuvens, mas <strong>h\u00e1 previs\u00e3o de per\u00edodos de c\u00e9u nublado e pancadas de chuva durante a noite<\/strong>.<\/p>\n<p><strong>J\u00e1 no domingo (6), o tempo continua inst\u00e1vel, <\/strong>com sol entre algumas nuvens e possibilidade de chuva r\u00e1pida ao longo do dia e tamb\u00e9m \u00e0 noite. <mark class=\"has-inline-color\">As temperaturas no fim de semana variam entre 16\u00b0C e 29\u00b0C.<\/mark><\/p>\n<figure class=\"wp-block-image size-large\"><img data-recalc-dims=\"1\" loading=\"lazy\" decoding=\"async\" width=\"1024\" height=\"576\" src=\"https:\/\/i0.wp.com\/www.acidadeon.com\/ribeiraopreto\/wp-content\/uploads\/sites\/3\/2026\/09\/previsao-estendida-ribeirao-preto-climatempo-1024x576.jpg?resize=1024%2C576&#038;ssl=1\" alt=\"Previs\u00e3o do tempo estendida para Ribeir\u00e3o Preto - Foto: Climatempo.\" class=\"wp-image-173360\" title=\"Chuva d\u00e1 tr\u00e9gua em Ribeir\u00e3o, mas j\u00e1 tem data para voltar; saiba quando 2\"><figcaption class=\"wp-element-caption\">Previs\u00e3o do tempo estendida para Ribeir\u00e3o Preto \u2013 Foto: Climatempo.<\/figcaption><\/figure>\n<h2 class=\"wp-block-heading\"><strong>Qual \u00e9 a previs\u00e3o do tempo para setembro?<\/strong><\/h2>\n<p>O m\u00eas de setembro de 2026 marca a transi\u00e7\u00e3o entre o inverno e a primavera em territ\u00f3rio brasileiro. No\u00a0<strong>estado de S\u00e3o Paulo<\/strong>, o comportamento do tempo ao longo do per\u00edodo ser\u00e1 determinado pela atua\u00e7\u00e3o do fen\u00f4meno<strong>\u00a0El Ni\u00f1o<\/strong>\u00a0e pela eleva\u00e7\u00e3o de temperatura observada nas \u00e1guas do Oceano Atl\u00e2ntico, conforme dados divulgados pela<strong><a href=\"https:\/\/www.climatempo.com.br\/noticia\/inverno\/clima-em-setembro-de-2026-previsao-para-todo-o-brasil\" target=\"_blank\" rel=\"noreferrer noopener\">\u00a0Climatempo<\/a><\/strong>.<\/p>\n<p>O per\u00edodo de setembro costuma registrar aus\u00eancia de precipita\u00e7\u00e3o, \u00edndices reduzidos de umidade no ar e eleva\u00e7\u00e3o de temperatura no interior. Neste ano, as medi\u00e7\u00f5es indicam a presen\u00e7a de chuvas em intervalos menores e volumes acumulados maiores em compara\u00e7\u00e3o aos registros do mesmo per\u00edodo de 2025 no estado de S\u00e3o Paulo.<\/p>\n<figure class=\"wp-block-image size-large\"><img data-recalc-dims=\"1\" loading=\"lazy\" decoding=\"async\" width=\"1024\" height=\"640\" src=\"https:\/\/i0.wp.com\/www.acidadeon.com\/ribeiraopreto\/wp-content\/uploads\/sites\/3\/2025\/03\/CHUVA-RIBEIRAO-PRETO_2025-03-23_20-40-26_jpg_2025-03-23_20-40-26-1024x640.webp?resize=1024%2C640&#038;ssl=1\" alt=\"Chuva deve persistir ao longo da noite e avan\u00e7ar pela madrugada desta ter\u00e7a-feira - Foto: acidade on.\" class=\"wp-image-111380\" title=\"Chuva d\u00e1 tr\u00e9gua em Ribeir\u00e3o, mas j\u00e1 tem data para voltar; saiba quando 3\"><figcaption class=\"wp-element-caption\">Frente fria traz chuva para o interior do estado de S\u00e3o Paulo em setembro \u2013 Foto de arquivo: acidade on.<\/figcaption><\/figure>\n<h3 class=\"wp-block-heading\" id=\"atuacao-do-el-nino\"><strong>Atua\u00e7\u00e3o do El Ni\u00f1o\u00a0<\/strong><\/h3>\n<p>A presen\u00e7a do fen\u00f4meno El Ni\u00f1o no Oceano Pac\u00edfico atua sobre a movimenta\u00e7\u00e3o do ar na Am\u00e9rica do Sul. Ao mesmo tempo, as \u00e1guas do Oceano Atl\u00e2ntico na costa das regi\u00f5es Sul e Sudeste mant\u00eam valores t\u00e9rmicos acima da m\u00e9dia.<\/p>\n<p>Essa condi\u00e7\u00e3o no oceano possibilita a forma\u00e7\u00e3o e o deslocamento de\u00a0<strong>frentes frias\u00a0<\/strong>e \u00e1reas de baixa press\u00e3o atmosf\u00e9rica em dire\u00e7\u00e3o ao continente. A umidade \u00e9 transportada para as regi\u00f5es do estado de S\u00e3o Paulo, resultando na forma\u00e7\u00e3o de nuvens e na ocorr\u00eancia de precipita\u00e7\u00f5es em diferentes munic\u00edpios paulistas.<\/p>\n<h3 class=\"wp-block-heading\" id=\"primeira-metade-do-mes-com-registros-de-chuva\"><strong>Primeira metade do m\u00eas com registros de chuva<\/strong><\/h3>\n<p>Nos primeiros dez dias do m\u00eas, o territ\u00f3rio paulista registra instabilidades com a passagem de frentes frias. Por isso, h\u00e1\u00a0previs\u00e3o de chuva, trovoadas e ventos durante o per\u00edodo. A ocorr\u00eancia dessas precipita\u00e7\u00f5es nos primeiros dias de setembro eleva a umidade presente no ar e no solo. Esse fator atua na redu\u00e7\u00e3o de registros de focos de fogo em vegeta\u00e7\u00e3o, ocorr\u00eancia comum no estado durante os meses finais do inverno.<\/p>\n<figure class=\"wp-block-image size-full\"><img data-recalc-dims=\"1\" loading=\"lazy\" decoding=\"async\" width=\"750\" height=\"444\" src=\"https:\/\/i0.wp.com\/www.acidadeon.com\/ribeiraopreto\/wp-content\/uploads\/sites\/3\/2026\/09\/previsao-chuva-setembro-climatempo.webp?resize=750%2C444&#038;ssl=1\" alt=\"Previs\u00e3o da anomalia de precipita\u00e7\u00e3o no Brasil para setembro de 2026: tons em verde indicam volume precipita\u00e7\u00e3o m\u00e9dio acima do normal; tons em marrom indicam precipita\u00e7\u00e3o m\u00e9dia abaixo do normal para setembro - Fonte: Climatempo.\n\" class=\"wp-image-173272\" title=\"Chuva d\u00e1 tr\u00e9gua em Ribeir\u00e3o, mas j\u00e1 tem data para voltar; saiba quando 4\"><figcaption class=\"wp-element-caption\">Previs\u00e3o da anomalia de precipita\u00e7\u00e3o no Brasil para setembro de 2026: tons em verde indicam volume precipita\u00e7\u00e3o m\u00e9dio acima do normal; tons em marrom indicam precipita\u00e7\u00e3o m\u00e9dia abaixo do normal para setembro \u2013 Fonte: Climatempo.<br \/><\/figcaption><\/figure>\n<h2 class=\"wp-block-heading\" id=\"temperaturas\"><strong>Temperaturas\u00a0<\/strong><\/h2>\n<p>A presen\u00e7a de nebulosidade e a frequ\u00eancia de precipita\u00e7\u00f5es limitam a eleva\u00e7\u00e3o cont\u00ednua das temperaturas m\u00e9dias na faixa leste, no litoral e na Regi\u00e3o Metropolitana de S\u00e3o Paulo. Nessas \u00e1reas, os valores m\u00e9dios registrados permanecem mais baixos do que a m\u00e9dia habitual para o m\u00eas de setembro.<\/p>\n<p>Nas regi\u00f5es norte, noroeste e oeste do estado de S\u00e3o Paulo, o transporte de ar vindo da regi\u00e3o Centro-Oeste mant\u00e9m registros de calor nos per\u00edodos da tarde durante os dias sem chuva, com os term\u00f4metros alcan\u00e7ando marcas de 35 \u00b0C.<\/p>\n<p>Ap\u00f3s o deslocamento das frentes frias pelo estado, a entrada de massas de ar frio provoca redu\u00e7\u00e3o tempor\u00e1ria nos valores de temperatura, registrando m\u00ednimas pr\u00f3ximas a 12 \u00b0C durante a madrugada e o in\u00edcio da manh\u00e3 em pontos do sul paulista e em locais de relevo mais alto.<\/p>\n<figure class=\"wp-block-image size-full\"><img data-recalc-dims=\"1\" loading=\"lazy\" decoding=\"async\" width=\"750\" height=\"444\" src=\"https:\/\/i0.wp.com\/www.acidadeon.com\/ribeiraopreto\/wp-content\/uploads\/sites\/3\/2026\/09\/previsao-temperatura-setembro-climatempo.webp?resize=750%2C444&#038;ssl=1\" alt=\"Previs\u00e3o da anomalia de temperatura no Brasil para setembro de 2026: tons em azul indicam temperatura m\u00e9dia abaixo do normal; tons em vermelho indicam temperatura m\u00e9dia acima do normal para setembro - Fonte: Climatempo.\n\" class=\"wp-image-173273\" title=\"Chuva d\u00e1 tr\u00e9gua em Ribeir\u00e3o, mas j\u00e1 tem data para voltar; saiba quando 5\"><figcaption class=\"wp-element-caption\">Previs\u00e3o da anomalia de temperatura no Brasil para setembro de 2026: tons em azul indicam temperatura m\u00e9dia abaixo do normal; tons em vermelho indicam temperatura m\u00e9dia acima do normal para setembro \u2013 Fonte: Climatempo.<br \/><\/figcaption><\/figure>\n<h2 class=\"wp-block-heading\" id=\"inicio-da-primavera\"><strong>In\u00edcio da primavera<\/strong><\/h2>\n<p>A chegada da primavera ocorre no dia 22 de setembro, \u00e0s 21h05. A partir da segunda metade do m\u00eas, a transi\u00e7\u00e3o entre os per\u00edodos do ano estabelece o aumento gradual nas m\u00e9dias de temperatura di\u00e1rias e a altera\u00e7\u00e3o na dire\u00e7\u00e3o dos ventos no estado de S\u00e3o Paulo, antecedendo o per\u00edodo chuvoso que se estabelece nos meses seguintes.<\/p>\n<p class=\"has-text-align-center has-cyan-bluish-gray-background-color has-background\"><em>Fa\u00e7a uma den\u00fancia ou sugira uma reportagem sobre\u00a0<strong>Ribeir\u00e3o Preto\u00a0<\/strong>e regi\u00e3o por meio do WhatsApp do\u00a0<strong>acidade on Ribeir\u00e3o<\/strong>: (16) 99117-7802.<\/em><\/p>\n<\/p>\n<p>O post Chuva d\u00e1 tr\u00e9gua em Ribeir\u00e3o, mas j\u00e1 tem data para voltar; saiba quando apareceu primeiro em ACidade ON Ribeir\u00e3o Preto.<\/p>\n<p><br \/>\n<br \/><a href=\"https:\/\/www.acidadeon.com\/ribeiraopreto\/cotidiano\/chuva-da-tregua-em-ribeirao-mas-ja-tem-data-para-voltar\/\">Link para o texto original aqui <\/a><\/p>\n<!-- CONTENT END 1 -->\n","protected":false},"excerpt":{"rendered":"<p>Ap\u00f3s a passagem de uma frente fria que provocou chuva em Ribeir\u00e3o Preto, a quarta-feira (2) ser\u00e1 de sol com algumas nuvens e n\u00e9voa ao&#8230;<\/p>\n","protected":false},"author":1,"featured_media":90958,"comment_status":"","ping_status":"","sticky":false,"template":"","format":"standard","meta":{"advanced_seo_description":"","jetpack_seo_html_title":"","jetpack_seo_noindex":false,"jetpack_seo_schema_type":"","_jetpack_newsletter_access":"","_jetpack_dont_email_post_to_subs":false,"_jetpack_newsletter_tier_id":0,"_jetpack_memberships_contains_paywalled_content":false,"_jetpack_feature_clip_id":0,"_jetpack_memberships_contains_paid_content":false,"footnotes":"","jetpack_publicize_message":"","jetpack_publicize_feature_enabled":true,"jetpack_social_post_already_shared":true,"jetpack_social_options":{"image_generator_settings":{"template":"highway","default_image_id":0,"font":"","enabled":false},"version":2},"jetpack_post_was_ever_published":false},"categories":[11],"tags":[224,1632,293,292,2090,71,620,26,123,162,972,1189],"class_list":["post-90957","post","type-post","status-publish","format-standard","has-post-thumbnail","hentry","category-noticias-de-ribeirao-preto-sp-e-regiao-ismael-colosi","tag-chuva","tag-da","tag-data","tag-ja","tag-mas","tag-para","tag-quando","tag-ribeirao","tag-saiba","tag-tem","tag-tregua","tag-voltar"],"jetpack_publicize_connections":[],"jetpack-related-posts":[{"id":87012,"url":"https:\/\/noticiasribeiraopreto.com.br\/index.php\/2026\/06\/25\/chuva-da-tregua-em-sp-mas-nova-mudanca-no-tempo-ja-e-esperada-veja-previsao\/","url_meta":{"origin":90957,"position":0},"title":"Chuva d\u00e1 tr\u00e9gua em SP, mas nova mudan\u00e7a no tempo j\u00e1 \u00e9 esperada; Veja previs\u00e3o","author":"noticiasribeiraopreto.com.br","date":"25 de June de 2026","format":false,"excerpt":"As chuvas que t\u00eam atingido o estado de S\u00e3o Paulo est\u00e3o com os dias contados. De acordo com os meteorologistas da Meteored, elas j\u00e1 come\u00e7aram a reduzir, e, neste fim de semana, o tempo deve voltar a ficar firme na maior parte da regi\u00e3o. Segundo a especialista Fl\u00e1via Rosso, eventualmente\u2026","rel":"","context":"In &quot;Not\u00edcias de Ribeir\u00e3o Preto-SP e Regi\u00e3o&quot;","block_context":{"text":"Not\u00edcias de Ribeir\u00e3o Preto-SP e Regi\u00e3o","link":"https:\/\/noticiasribeiraopreto.com.br\/index.php\/category\/noticias-de-ribeirao-preto-sp-e-regiao-ismael-colosi\/"},"img":{"alt_text":"","src":"https:\/\/i0.wp.com\/noticiasribeiraopreto.com.br\/wp-content\/uploads\/2026\/06\/WhatsApp-Image-2024-02-22-at-10.35.33.jpeg?fit=1200%2C540&ssl=1&resize=350%2C200","width":350,"height":200,"srcset":"https:\/\/i0.wp.com\/noticiasribeiraopreto.com.br\/wp-content\/uploads\/2026\/06\/WhatsApp-Image-2024-02-22-at-10.35.33.jpeg?fit=1200%2C540&ssl=1&resize=350%2C200 1x, https:\/\/i0.wp.com\/noticiasribeiraopreto.com.br\/wp-content\/uploads\/2026\/06\/WhatsApp-Image-2024-02-22-at-10.35.33.jpeg?fit=1200%2C540&ssl=1&resize=525%2C300 1.5x, https:\/\/i0.wp.com\/noticiasribeiraopreto.com.br\/wp-content\/uploads\/2026\/06\/WhatsApp-Image-2024-02-22-at-10.35.33.jpeg?fit=1200%2C540&ssl=1&resize=700%2C400 2x, https:\/\/i0.wp.com\/noticiasribeiraopreto.com.br\/wp-content\/uploads\/2026\/06\/WhatsApp-Image-2024-02-22-at-10.35.33.jpeg?fit=1200%2C540&ssl=1&resize=1050%2C600 3x"},"classes":[]},{"id":76393,"url":"https:\/\/noticiasribeiraopreto.com.br\/index.php\/2025\/08\/28\/ribeirao-preto-tera-sol-e-calor-nesta-quinta-mas-chuva-ja-tem-data-para-voltar\/","url_meta":{"origin":90957,"position":1},"title":"Ribeir\u00e3o Preto ter\u00e1 sol e calor nesta quinta, mas chuva j\u00e1 tem data para voltar","author":"noticiasribeiraopreto.com.br","date":"28 de August de 2025","format":false,"excerpt":"A manh\u00e3 desta quinta-feira (28) ser\u00e1 de sol entre nuvens em Ribeir\u00e3o Preto, segundo a Climatempo. Durante a tarde e \u00e0 noite, a nebulosidade aumenta, mas n\u00e3o h\u00e1 previs\u00e3o de chuva. As temperaturas devem variar entre 18\u00baC e 32\u00baC. Chuva j\u00e1 tem data para chegar a Ribeir\u00e3o Preto Ao longo\u2026","rel":"","context":"In &quot;Not\u00edcias de Ribeir\u00e3o Preto-SP e Regi\u00e3o&quot;","block_context":{"text":"Not\u00edcias de Ribeir\u00e3o Preto-SP e Regi\u00e3o","link":"https:\/\/noticiasribeiraopreto.com.br\/index.php\/category\/noticias-de-ribeirao-preto-sp-e-regiao-ismael-colosi\/"},"img":{"alt_text":"","src":"https:\/\/i0.wp.com\/noticiasribeiraopreto.com.br\/wp-content\/uploads\/2025\/08\/WhatsApp-Image-2025-02-20-at-06.25.53_2025-02-20_09-50-33_jpeg_2025-02-20_09-50-33.webp.webp?fit=1200%2C553&ssl=1&resize=350%2C200","width":350,"height":200,"srcset":"https:\/\/i0.wp.com\/noticiasribeiraopreto.com.br\/wp-content\/uploads\/2025\/08\/WhatsApp-Image-2025-02-20-at-06.25.53_2025-02-20_09-50-33_jpeg_2025-02-20_09-50-33.webp.webp?fit=1200%2C553&ssl=1&resize=350%2C200 1x, https:\/\/i0.wp.com\/noticiasribeiraopreto.com.br\/wp-content\/uploads\/2025\/08\/WhatsApp-Image-2025-02-20-at-06.25.53_2025-02-20_09-50-33_jpeg_2025-02-20_09-50-33.webp.webp?fit=1200%2C553&ssl=1&resize=525%2C300 1.5x, https:\/\/i0.wp.com\/noticiasribeiraopreto.com.br\/wp-content\/uploads\/2025\/08\/WhatsApp-Image-2025-02-20-at-06.25.53_2025-02-20_09-50-33_jpeg_2025-02-20_09-50-33.webp.webp?fit=1200%2C553&ssl=1&resize=700%2C400 2x, https:\/\/i0.wp.com\/noticiasribeiraopreto.com.br\/wp-content\/uploads\/2025\/08\/WhatsApp-Image-2025-02-20-at-06.25.53_2025-02-20_09-50-33_jpeg_2025-02-20_09-50-33.webp.webp?fit=1200%2C553&ssl=1&resize=1050%2C600 3x"},"classes":[]},{"id":60283,"url":"https:\/\/noticiasribeiraopreto.com.br\/index.php\/2024\/11\/10\/calorao-vai-voltar-veja-a-previsao-para-ribeirao-preto\/","url_meta":{"origin":90957,"position":2},"title":"Calor\u00e3o vai voltar? Veja a previs\u00e3o para Ribeir\u00e3o Preto","author":"noticiasribeiraopreto.com.br","date":"10 de November de 2024","format":false,"excerpt":"Ribeir\u00e3o Preto ter\u00e1 um domingo (10) de sol com muitas nuvens durante o dia e per\u00edodos de c\u00e9u nublado, de acordo com os meteorologistas. At\u00e9 o momento, o monitoramento da Cetesb (Companhia Ambiental do Estado de S\u00e3o Paulo) indica que a menor temperatura registrada hoje foi de 19,4\u00baC, \u00e0s 6h.\u2026","rel":"","context":"In &quot;Not\u00edcias de Ribeir\u00e3o Preto-SP e Regi\u00e3o&quot;","block_context":{"text":"Not\u00edcias de Ribeir\u00e3o Preto-SP e Regi\u00e3o","link":"https:\/\/noticiasribeiraopreto.com.br\/index.php\/category\/noticias-de-ribeirao-preto-sp-e-regiao-ismael-colosi\/"},"img":{"alt_text":"","src":"https:\/\/i0.wp.com\/noticiasribeiraopreto.com.br\/wp-content\/uploads\/2024\/11\/praca_xv_1200x675_20092021155111.jpg?fit=1200%2C675&ssl=1&resize=350%2C200","width":350,"height":200,"srcset":"https:\/\/i0.wp.com\/noticiasribeiraopreto.com.br\/wp-content\/uploads\/2024\/11\/praca_xv_1200x675_20092021155111.jpg?fit=1200%2C675&ssl=1&resize=350%2C200 1x, https:\/\/i0.wp.com\/noticiasribeiraopreto.com.br\/wp-content\/uploads\/2024\/11\/praca_xv_1200x675_20092021155111.jpg?fit=1200%2C675&ssl=1&resize=525%2C300 1.5x, https:\/\/i0.wp.com\/noticiasribeiraopreto.com.br\/wp-content\/uploads\/2024\/11\/praca_xv_1200x675_20092021155111.jpg?fit=1200%2C675&ssl=1&resize=700%2C400 2x, https:\/\/i0.wp.com\/noticiasribeiraopreto.com.br\/wp-content\/uploads\/2024\/11\/praca_xv_1200x675_20092021155111.jpg?fit=1200%2C675&ssl=1&resize=1050%2C600 3x"},"classes":[]},{"id":90502,"url":"https:\/\/noticiasribeiraopreto.com.br\/index.php\/2026\/08\/24\/chuva-volta-a-previsao-de-ribeirao-preto-nesta-semana-veja-quando\/","url_meta":{"origin":90957,"position":3},"title":"Semana come\u00e7a com sol, mas chuva pode voltar a Ribeir\u00e3o Preto; Veja quando","author":"noticiasribeiraopreto.com.br","date":"24 de August de 2026","format":false,"excerpt":"A segunda-feira (24) ser\u00e1 de sol e muitas nuvens \u00e0 tarde e \u00e0 noite em Ribeir\u00e3o Preto, de acordo com a Climatempo. A amplitude t\u00e9rmica chama aten\u00e7\u00e3o, j\u00e1 que a previs\u00e3o indica m\u00ednima de 13\u00b0C e m\u00e1xima de 30\u00b0C, uma diferen\u00e7a de 17\u00b0C ao longo do dia. Ainda de acordo\u2026","rel":"","context":"In &quot;Not\u00edcias de Ribeir\u00e3o Preto-SP e Regi\u00e3o&quot;","block_context":{"text":"Not\u00edcias de Ribeir\u00e3o Preto-SP e Regi\u00e3o","link":"https:\/\/noticiasribeiraopreto.com.br\/index.php\/category\/noticias-de-ribeirao-preto-sp-e-regiao-ismael-colosi\/"},"img":{"alt_text":"","src":"https:\/\/i0.wp.com\/noticiasribeiraopreto.com.br\/wp-content\/uploads\/2026\/08\/Previsao-do-tempo.jpg?fit=1200%2C675&ssl=1&resize=350%2C200","width":350,"height":200,"srcset":"https:\/\/i0.wp.com\/noticiasribeiraopreto.com.br\/wp-content\/uploads\/2026\/08\/Previsao-do-tempo.jpg?fit=1200%2C675&ssl=1&resize=350%2C200 1x, https:\/\/i0.wp.com\/noticiasribeiraopreto.com.br\/wp-content\/uploads\/2026\/08\/Previsao-do-tempo.jpg?fit=1200%2C675&ssl=1&resize=525%2C300 1.5x, https:\/\/i0.wp.com\/noticiasribeiraopreto.com.br\/wp-content\/uploads\/2026\/08\/Previsao-do-tempo.jpg?fit=1200%2C675&ssl=1&resize=700%2C400 2x, https:\/\/i0.wp.com\/noticiasribeiraopreto.com.br\/wp-content\/uploads\/2026\/08\/Previsao-do-tempo.jpg?fit=1200%2C675&ssl=1&resize=1050%2C600 3x"},"classes":[]},{"id":76371,"url":"https:\/\/noticiasribeiraopreto.com.br\/index.php\/2025\/08\/27\/chuva-ja-tem-data-para-chegar-a-ribeirao-preto-veja-quando\/","url_meta":{"origin":90957,"position":4},"title":"Chuva j\u00e1 tem data para chegar a Ribeir\u00e3o Preto; veja quando","author":"noticiasribeiraopreto.com.br","date":"27 de August de 2025","format":false,"excerpt":"O calor extremo que assola Ribeir\u00e3o Preto est\u00e1 com os dias contados. De acordo com a Climatempo, a chuva chega nesta sexta-feira (29), com sol entre nuvens e pancadas isoladas durante a manh\u00e3 e a tarde. \u00c0 noite, o clima permanece firme, embora com muitas nuvens. As temperaturas variam entre\u2026","rel":"","context":"In &quot;Not\u00edcias de Ribeir\u00e3o Preto-SP e Regi\u00e3o&quot;","block_context":{"text":"Not\u00edcias de Ribeir\u00e3o Preto-SP e Regi\u00e3o","link":"https:\/\/noticiasribeiraopreto.com.br\/index.php\/category\/noticias-de-ribeirao-preto-sp-e-regiao-ismael-colosi\/"},"img":{"alt_text":"","src":"https:\/\/i0.wp.com\/noticiasribeiraopreto.com.br\/wp-content\/uploads\/2025\/08\/CHUVA-RIBEIRAO-PRETO_2025-03-23_20-40-26_jpg_2025-03-23_20-40-26.webp.webp?fit=1030%2C644&ssl=1&resize=350%2C200","width":350,"height":200,"srcset":"https:\/\/i0.wp.com\/noticiasribeiraopreto.com.br\/wp-content\/uploads\/2025\/08\/CHUVA-RIBEIRAO-PRETO_2025-03-23_20-40-26_jpg_2025-03-23_20-40-26.webp.webp?fit=1030%2C644&ssl=1&resize=350%2C200 1x, https:\/\/i0.wp.com\/noticiasribeiraopreto.com.br\/wp-content\/uploads\/2025\/08\/CHUVA-RIBEIRAO-PRETO_2025-03-23_20-40-26_jpg_2025-03-23_20-40-26.webp.webp?fit=1030%2C644&ssl=1&resize=525%2C300 1.5x, https:\/\/i0.wp.com\/noticiasribeiraopreto.com.br\/wp-content\/uploads\/2025\/08\/CHUVA-RIBEIRAO-PRETO_2025-03-23_20-40-26_jpg_2025-03-23_20-40-26.webp.webp?fit=1030%2C644&ssl=1&resize=700%2C400 2x"},"classes":[]},{"id":87023,"url":"https:\/\/noticiasribeiraopreto.com.br\/index.php\/2026\/06\/26\/chuva-frio-veja-previsao-para-ribeirao-preto-no-fim-de-semana\/","url_meta":{"origin":90957,"position":5},"title":"Chuva, frio? Veja previs\u00e3o para Ribeir\u00e3o Preto no fim de semana","author":"noticiasribeiraopreto.com.br","date":"26 de June de 2026","format":false,"excerpt":"A sexta-feira (26) come\u00e7a com instabilidades na regi\u00e3o de Ribeir\u00e3o Preto, em \u00e1reas mais pr\u00f3ximas \u00e0 divisa com Minas Gerais, onde pode ocorrer chuva de moderada a forte intensidade, segundo a Climatempo. H\u00e1 possibilidade de nevoeiro em algumas \u00e1reas. Receba not\u00edcias do\u00a0acidade on Ribeir\u00e3o\u00a0no WhatsApp e fique por dentro de\u2026","rel":"","context":"In &quot;Not\u00edcias de Ribeir\u00e3o Preto-SP e Regi\u00e3o&quot;","block_context":{"text":"Not\u00edcias de Ribeir\u00e3o Preto-SP e Regi\u00e3o","link":"https:\/\/noticiasribeiraopreto.com.br\/index.php\/category\/noticias-de-ribeirao-preto-sp-e-regiao-ismael-colosi\/"},"img":{"alt_text":"","src":"https:\/\/i0.wp.com\/noticiasribeiraopreto.com.br\/wp-content\/uploads\/2026\/06\/WhatsApp-Image-2024-02-21-at-07.07.05.jpeg?fit=1200%2C623&ssl=1&resize=350%2C200","width":350,"height":200,"srcset":"https:\/\/i0.wp.com\/noticiasribeiraopreto.com.br\/wp-content\/uploads\/2026\/06\/WhatsApp-Image-2024-02-21-at-07.07.05.jpeg?fit=1200%2C623&ssl=1&resize=350%2C200 1x, https:\/\/i0.wp.com\/noticiasribeiraopreto.com.br\/wp-content\/uploads\/2026\/06\/WhatsApp-Image-2024-02-21-at-07.07.05.jpeg?fit=1200%2C623&ssl=1&resize=525%2C300 1.5x, https:\/\/i0.wp.com\/noticiasribeiraopreto.com.br\/wp-content\/uploads\/2026\/06\/WhatsApp-Image-2024-02-21-at-07.07.05.jpeg?fit=1200%2C623&ssl=1&resize=700%2C400 2x, https:\/\/i0.wp.com\/noticiasribeiraopreto.com.br\/wp-content\/uploads\/2026\/06\/WhatsApp-Image-2024-02-21-at-07.07.05.jpeg?fit=1200%2C623&ssl=1&resize=1050%2C600 3x"},"classes":[]}],"jetpack_sharing_enabled":true,"jetpack_shortlink":"https:\/\/wp.me\/peQAOb-nF3","jetpack_featured_media_url":"https:\/\/i0.wp.com\/noticiasribeiraopreto.com.br\/wp-content\/uploads\/2026\/09\/WhatsApp-Image-2026-08-09-at-08.49.04-1024x461.jpeg?fit=1024%2C461&ssl=1","_links":{"self":[{"href":"https:\/\/noticiasribeiraopreto.com.br\/index.php\/wp-json\/wp\/v2\/posts\/90957","targetHints":{"allow":["GET"]}}],"collection":[{"href":"https:\/\/noticiasribeiraopreto.com.br\/index.php\/wp-json\/wp\/v2\/posts"}],"about":[{"href":"https:\/\/noticiasribeiraopreto.com.br\/index.php\/wp-json\/wp\/v2\/types\/post"}],"author":[{"embeddable":true,"href":"https:\/\/noticiasribeiraopreto.com.br\/index.php\/wp-json\/wp\/v2\/users\/1"}],"replies":[{"embeddable":true,"href":"https:\/\/noticiasribeiraopreto.com.br\/index.php\/wp-json\/wp\/v2\/comments?post=90957"}],"version-history":[{"count":0,"href":"https:\/\/noticiasribeiraopreto.com.br\/index.php\/wp-json\/wp\/v2\/posts\/90957\/revisions"}],"wp:featuredmedia":[{"embeddable":true,"href":"https:\/\/noticiasribeiraopreto.com.br\/index.php\/wp-json\/wp\/v2\/media\/90958"}],"wp:attachment":[{"href":"https:\/\/noticiasribeiraopreto.com.br\/index.php\/wp-json\/wp\/v2\/media?parent=90957"}],"wp:term":[{"taxonomy":"category","embeddable":true,"href":"https:\/\/noticiasribeiraopreto.com.br\/index.php\/wp-json\/wp\/v2\/categories?post=90957"},{"taxonomy":"post_tag","embeddable":true,"href":"https:\/\/noticiasribeiraopreto.com.br\/index.php\/wp-json\/wp\/v2\/tags?post=90957"}],"curies":[{"name":"wp","href":"https:\/\/api.w.org\/{rel}","templated":true}]}}