{"id":90959,"date":"2026-09-02T08:41:30","date_gmt":"2026-09-02T11:41:30","guid":{"rendered":"https:\/\/noticiasribeiraopreto.com.br\/index.php\/2026\/09\/02\/mia-couto-e-destaque-da-programacao-da-fil-nesta-quarta\/"},"modified":"2026-09-02T08:41:30","modified_gmt":"2026-09-02T11:41:30","slug":"mia-couto-e-destaque-da-programacao-da-fil-nesta-quarta","status":"publish","type":"post","link":"https:\/\/noticiasribeiraopreto.com.br\/index.php\/2026\/09\/02\/mia-couto-e-destaque-da-programacao-da-fil-nesta-quarta\/","title":{"rendered":"Mia Couto \u00e9 destaque da programa\u00e7\u00e3o da FIL nesta quarta"},"content":{"rendered":"<div class='code-block code-block-1' style='margin: 8px 0 8px auto; text-align: right; display: block; clear: both;'>\n<p><a href=\"https:\/\/wa.link\/vpicfd\"><img data-recalc-dims=\"1\" class=\"wp-image-4922\" style=\"aspect-ratio: 2.0253164556962027; width: 561px; height: auto;\" src=\"https:\/\/i0.wp.com\/ismaelcolosi.com.br\/wp-content\/uploads\/2023\/11\/grupo-de-empregos-whatsapp-e-facebook-ismael-colosi-vagas.jpg?ssl=1\" alt=\"\" \/><\/a><\/p>\n<!-- \/wp:image -->\n<\/div>\n<p> <br \/>\n<\/p>\n<div>\n<p>Literatura, oralidade, m\u00fasica, mem\u00f3ria, juventude e ancestralidade atravessam <strong>a programa\u00e7\u00e3o da 25\u00aa FIL \u2013 Feira Internacional do Livro de Ribeir\u00e3o Preto nesta quarta-feira (02)<\/strong>. Das primeiras atividades da manh\u00e3 aos encontros da noite, a agenda ocupa a Pra\u00e7a XV de Novembro, a Esplanada e a Sala Principal do Theatro Pedro II, a Biblioteca Sinh\u00e1 Junqueira, o Centro Cultural Palace e outros espa\u00e7os da feira.<\/p>\n<p>A <strong>programa\u00e7\u00e3o dialoga com o tema \u201cX, Y, Z, Alpha, Beta \u2013 Gera\u00e7\u00f5es Liter\u00e1rias\u201d ao colocar em circula\u00e7\u00e3o hist\u00f3rias, repert\u00f3rios e conhecimentos constru\u00eddos em tempos distintos.<\/strong> Para Adriana Silva, presidente da Funda\u00e7\u00e3o do Livro e Leitura de Ribeir\u00e3o Preto e curadora da FIL, esse tr\u00e2nsito, mais do que uma divis\u00e3o cronol\u00f3gica, orienta a proposta desta edi\u00e7\u00e3o. \u201cA literatura atravessa o tempo, que n\u00e3o \u00e9 na mesma cronologia das gera\u00e7\u00f5es. As gera\u00e7\u00f5es t\u00eam marcos hist\u00f3ricos que as colocam como findadas e iniciadas e a literatura costura, mas tamb\u00e9m \u00e9 impactada\u201d, afirma.<\/p>\n<p>Segundo a curadora, <strong>cada obra tamb\u00e9m pode ser um ponto de partida para observar perman\u00eancias e transforma\u00e7\u00f5es. \u201cCada obra est\u00e1 dialogando de uma certa forma com o seu tempo.<\/strong> Ou ela est\u00e1 discutindo o passado, ou ela est\u00e1 totalmente parada no presente, ou ela est\u00e1 refletindo o futuro\u201d, destaca.<\/p>\n<h2>Manh\u00e3 aproxima literatura, oralidade e cria\u00e7\u00e3o<\/h2>\n<p>A programa\u00e7\u00e3o come\u00e7a \u00e0s<strong> 8h, no Espa\u00e7o Favela, no Coreto da Pra\u00e7a XV de Novembro, com a viv\u00eancia \u201cTecendo hist\u00f3rias: da maquete \u00e0 poesia\u201d, com Tiago Spoken e Aline Rocha e media\u00e7\u00e3o de L\u00eddia Quaresma<\/strong>. Maquetes produzidas por alunos do Corassol a partir de suas viv\u00eancias servem de ponto de partida para a cria\u00e7\u00e3o de poesias, aproximando arquitetura, palavras e experi\u00eancias pessoais.<\/p>\n<p>\u00c0s <strong>9h, a literatura de cordel ocupa o estande da Prefeitura Municipal, na Pra\u00e7a XV, em uma interven\u00e7\u00e3o da Secretaria Municipal da Educa\u00e7\u00e3o com varal de poesias.<\/strong> No mesmo hor\u00e1rio, o Ambient de Leitura, na Esplanada do Theatro Pedro II, recebe \u201cLivre como o vento\u201d, com as Mandingueiras da Pracinha, conta\u00e7\u00e3o de hist\u00f3rias que parte da oralidade e dos fundamentos da capoeira para abordar liberdade e rela\u00e7\u00e3o com a natureza.<\/p>\n<p>\u00c0s <strong>10h, na Tenda Sesc Senac, Thayame Porto e a Cia.<\/strong> Passarinho Contou apresentam \u201cBanho de samambaia\u201d, atividade que re\u00fane narrativas, brincadeiras e m\u00fasica em torno de saberes transmitidos pela tradi\u00e7\u00e3o oral. \u00c0s 10h30, a Cia. Mar circula pela Esplanada com \u201cO rocambolesco realejo das raps\u00f3dias revolucion\u00e1rias\u201d, interven\u00e7\u00e3o musical que recupera feitos e cita\u00e7\u00f5es de mulheres que marcaram seu tempo.<\/p>\n<h2>Combinando Palavras re\u00fane tr\u00eas autores em encontros com estudantes<\/h2>\n<p>A programa\u00e7\u00e3o do Combinando Palavras nesta quarta-feira re\u00fane<strong> Mia Couto, M\u00e1rcio Fabiano e Jo\u00e3o Anzanello Carrascoza em atividades previamente agendadas com estudantes.<\/strong><\/p>\n<p>\u00c0s 8h30, Mia Couto encontra os alunos da Rede Estadual na Sala Principal do Theatro Pedro II. No mesmo hor\u00e1rio, M\u00e1rcio Fabiano participa de encontro com estudantes da Rede Municipal, no Teatro Municipal. \u00c0s 9h, Jo\u00e3o Anzanello Carrascoza conversa com alunos no Audit\u00f3rio do Sesi Franca e, \u00e0s 14h, participa de outra atividade com estudantes do Educand\u00e1rio, no Teatro Municipal de Ribeir\u00e3o Preto.<\/p>\n<p><strong>Criado em 2017, o Combinando Palavras chega \u00e0 oitava edi\u00e7\u00e3o com mais de 60 mil estudantes participantes, 62 autores trabalhados e mais de 300 escolas e institui\u00e7\u00f5es parceiras.<\/strong> O projeto come\u00e7a com a forma\u00e7\u00e3o de professores, segue com a leitura das obras e o desenvolvimento de atividades em sala de aula e culmina nos encontros presenciais entre estudantes e escritores durante a FIL.<\/p>\n<h2>Tarde passa por poesia, juventude e cr\u00edtica cultural<\/h2>\n<p>\u00c0s 13h30, a Biblioteca Sinh\u00e1 Junqueira recebe a oficina Projeto Semeando Trovas, da Uni\u00e3o Brasileira dos Trovadores (UBT). Direcionada a estudantes dos ensinos Fundamental II e M\u00e9dio, a atividade apresenta a tradi\u00e7\u00e3o das trovas e estimula a cria\u00e7\u00e3o po\u00e9tica.<\/p>\n<p>\u00c0s 15h30, na Tenda Sesc Senac, Rodrigo Dib conduz a palestra \u201cO mundo \u00e9 seu. Mas ser\u00e1 que voc\u00ea sabe o que fazer com ele?\u201d, sobre escolhas, prop\u00f3sito e carreira profissional. Cofundador da Galena Edupass e superintendente do Centro de Integra\u00e7\u00e3o Empresa-Escola (CIEE), Dib aborda quest\u00f5es relacionadas \u00e0 entrada dos jovens no mundo do trabalho.<\/p>\n<p>A discuss\u00e3o sobre as <strong>novas gera\u00e7\u00f5es aparece tamb\u00e9m \u00e0s 16h30, no Audit\u00f3rio Pedro Paulo, no Centro Cultural Palace, com a palestra \u201cTraduzindo humanos: um papo reto sobre a gera\u00e7\u00e3o que vai mudar tudo\u201d, com Adriano Ant\u00f4nio Ferreira, Camilo Xavier, Helo\u00edsa Alves e Filomena Assolini<\/strong>. O encontro aborda formas de aprender, trabalhar, estabelecer rela\u00e7\u00f5es e pensar o futuro.<\/p>\n<p>No mesmo hor\u00e1rio, as Escadarias do Theatro Pedro II recebem o concerto \u201cTalento se aprende: toda crian\u00e7a \u00e9 capaz\u201d, da Academia Livre de M\u00fasica e Artes de Ribeir\u00e3o Preto (Alma). A apresenta\u00e7\u00e3o parte dos princ\u00edpios do educador e violinista Shinichi Suzuki, para quem a capacidade musical pode ser desenvolvida por meio da escuta, da pr\u00e1tica e do est\u00edmulo.<\/p>\n<p>\u00c0s 17h, m\u00fasica e jornalismo se encontram no bate-papo \u201cMeu odiado cr\u00edtico\u201d, com o jornalista Miguel de Almeida e o m\u00fasico, compositor e produtor R\u00f4mulo Fr\u00f3es, sob media\u00e7\u00e3o da escritora e jornalista Adriana Ferreira Silva.<strong> Na Tenda Sesc Senac, a conversa aborda cr\u00edtica musical e produ\u00e7\u00e3o cultural no Brasil a partir das trajet\u00f3rias de nomes como Ezequiel Neves, J\u00falio Medaglia, S\u00e9rgio Cabral e Zuza Homem de Mello.<\/strong><\/p>\n<h2>Mem\u00f3ria, ancestralidade e literatura ocupam a noite<\/h2>\n<p>\u00c0s 18h30, o Espa\u00e7o Favela, no Coreto da Pra\u00e7a XV, recebe uma viv\u00eancia do Maracatu Chap\u00e9u de Sol, que celebra 18 anos de trajet\u00f3ria. O grupo apresenta sua hist\u00f3ria, instrumentos e refer\u00eancias e convida o p\u00fablico a participar de uma roda de maracatu.<\/p>\n<p>\u00c0s 19h, a Esplanada do Theatro Pedro II recebe \u201cCorteja Paulo Freire\u201d, da Cia. do Tijolo. O espet\u00e1culo musical e po\u00e9tico homenageia o educador brasileiro com bonecos gigantes e encena\u00e7\u00f5es inspiradas no Carnaval de Olinda, al\u00e9m de refer\u00eancias a nomes como Patativa do Assar\u00e9, Federico Garc\u00eda Lorca, Ivone Gebara e Dom H\u00e9lder C\u00e2mara.<\/p>\n<p>No mesmo hor\u00e1rio, a Biblioteca Sinh\u00e1 Junqueira recebe Luiz Puntel e Marcelo Duarte para o bate-papo \u201cMem\u00f3rias sobre dois vaga-lumes\u201d. Os escritores retomam a trajet\u00f3ria da Cole\u00e7\u00e3o Vaga-Lume, lan\u00e7ada pela editora \u00c1tica em 1973, compartilhando lembran\u00e7as de bastidores e reflex\u00f5es sobre sua presen\u00e7a na forma\u00e7\u00e3o de leitores brasileiros.<\/p>\n<p>Tamb\u00e9m \u00e0s 19h, no Audit\u00f3rio Meira Junior do Theatro Pedro II, o escritor Al\u00ea Santos participa da Sess\u00e3o Abayomi: escrita ancestral futurista, com media\u00e7\u00e3o de Lorena Evangelista. O encontro parte das experi\u00eancias de povos afro-ind\u00edgenas para discutir tecnologias da escrita, ancestralidade, linguagem e proje\u00e7\u00f5es de futuro.<\/p>\n<p>\u00c0s 19h30, no Quintal da Biblioteca Sinh\u00e1 Junqueira, acontece o lan\u00e7amento da Colet\u00e2nea Unaerp: Cr\u00f4nicas. A terceira edi\u00e7\u00e3o do projeto re\u00fane 18 autores, entre alunos, professores, t\u00e9cnicos-administrativos e convidados, em textos sobre afetos, dilemas e situa\u00e7\u00f5es do cotidiano.<\/p>\n<p><strong>Encerrando os destaques da quarta-feira, \u00e0s 20h30, a Sala Principal do Theatro Pedro II recebe o escritor mo\u00e7ambicano Mia Couto para uma confer\u00eancia com media\u00e7\u00e3o de Dulce Neves<\/strong>. Autor de Terra Son\u00e2mbula (1992) e Um Rio Chamado Tempo, Uma Casa Chamada Terra (1999), O Voo do Flamingo (2000), al\u00e9m de colet\u00e2neas de contos como Est\u00f3rias Abensonhadas (1994) e O Fio das Missangas (2003), entre diversas outras obras, ele conversa sobre sua trajet\u00f3ria e os caminhos da cria\u00e7\u00e3o narrativa, com foco em linguagem, identidade e imagina\u00e7\u00e3o na literatura contempor\u00e2nea.<\/p>\n<p>A programa\u00e7\u00e3o de 2 de setembro <strong>inclui ainda oficinas, conta\u00e7\u00f5es de hist\u00f3rias, interven\u00e7\u00f5es, visitas mediadas, atividades educativas e apresenta\u00e7\u00f5es distribu\u00eddas ao longo do dia pelos espa\u00e7os da FIL.<\/strong><\/p>\n<h2>Servi\u00e7o<\/h2>\n<p><strong>25\u00aa FIL \u2013 Feira Internacional do Livro de Ribeir\u00e3o Preto<\/strong><br \/><strong>Per\u00edodo:<\/strong> de 30 de agosto a 5 de setembro de 2026<br \/><strong>Locais:<\/strong> Mais de 20 locais, com destaque para Pra\u00e7a XV de Novembro, Esplanada e Theatro Pedro II, Biblioteca Sinh\u00e1 Junqueira, Centro Cultural Palace, Cineclube Cauim, Museu Casa da Mem\u00f3ria Italiana e Teatro do Sesi Ribeir\u00e3o Preto<br \/><strong>Entrada:<\/strong> gratuita<br \/><strong>Programa\u00e7\u00e3o completa do dia:<\/strong><br \/>https:\/\/docs.google.com\/document\/d\/1wt91L5cN8IycjUB0GfbWxQsKCA-_zLJiQEv2rukGFCk\/edit?usp=sharing<\/p>\n<p><strong>Mais informa\u00e7\u00f5es:<\/strong> www.fundacaodolivroeleiturarp.com<\/p>\n<h2>Sobre a FIL<\/h2>\n<p>A FIL \u2013<strong> Feira Internacional do Livro de Ribeir\u00e3o Preto chega \u00e0 25\u00aa edi\u00e7\u00e3o em 2026<\/strong>. Realizada pela Funda\u00e7\u00e3o do Livro e Leitura de Ribeir\u00e3o Preto, <strong>a programa\u00e7\u00e3o re\u00fane debates, encontros com autores nacionais e internacionais, atividades educativas, a\u00e7\u00f5es de forma\u00e7\u00e3o de leitores e iniciativas culturais em diferentes espa\u00e7os da cidade.<\/strong><\/p>\n<p>Ao longo das 24 edi\u00e7\u00f5es realizadas at\u00e9 2025, a FIL registrou cerca de 7 milh\u00f5es de visitantes e a participa\u00e7\u00e3o de mais de 3 mil autores. <strong>O evento mobiliza estudantes, educadores, escritores e o p\u00fablico em geral em atividades relacionadas ao livro, \u00e0 leitura, \u00e0 educa\u00e7\u00e3o e \u00e0 circula\u00e7\u00e3o de ideias.<\/strong><\/p>\n<p>A 25\u00aa edi\u00e7\u00e3o acontece de 30 de agosto a<strong> 5 de setembro de 2026 e tem como tema \u201cX, Y, Z, Alpha, Beta \u2013 Gera\u00e7\u00f5es Liter\u00e1rias\u201d<\/strong>, com uma programa\u00e7\u00e3o dedicada \u00e0s diferentes formas de produzir, transmitir e renovar a literatura ao longo do tempo.<\/p>\n<\/div>\n<p><br \/>\n<br \/><a href=\"https:\/\/thmais.com.br\/cidades\/ribeirao-preto\/mia-couto-e-destaque-da-programacao-da-fil-nesta-quarta\/\">Link para o texto original aqui <\/a><\/p>\n<!-- CONTENT END 1 -->\n","protected":false},"excerpt":{"rendered":"<p>Literatura, oralidade, m\u00fasica, mem\u00f3ria, juventude e ancestralidade atravessam a programa\u00e7\u00e3o da 25\u00aa FIL \u2013 Feira Internacional do Livro de Ribeir\u00e3o Preto nesta quarta-feira (02). Das&#8230;<\/p>\n","protected":false},"author":1,"featured_media":90960,"comment_status":"","ping_status":"","sticky":false,"template":"","format":"standard","meta":{"advanced_seo_description":"","jetpack_seo_html_title":"","jetpack_seo_noindex":false,"jetpack_seo_schema_type":"","_jetpack_newsletter_access":"","_jetpack_dont_email_post_to_subs":false,"_jetpack_newsletter_tier_id":0,"_jetpack_memberships_contains_paywalled_content":false,"_jetpack_feature_clip_id":0,"_jetpack_memberships_contains_paid_content":false,"footnotes":"","jetpack_publicize_message":"","jetpack_publicize_feature_enabled":true,"jetpack_social_post_already_shared":true,"jetpack_social_options":{"image_generator_settings":{"template":"highway","default_image_id":0,"font":"","enabled":false},"version":2},"jetpack_post_was_ever_published":false},"categories":[11],"tags":[7028,8871,1431,8247,8828,5812,207,70,1549,6456],"class_list":["post-90959","post","type-post","status-publish","format-standard","has-post-thumbnail","hentry","category-noticias-de-ribeirao-preto-sp-e-regiao-ismael-colosi","tag-7028","tag-couto","tag-destaque","tag-feira-do-livro","tag-fil","tag-mia","tag-nesta","tag-programacao","tag-quarta","tag-ribeirao-preto"],"jetpack_publicize_connections":[],"jetpack-related-posts":[{"id":89373,"url":"https:\/\/noticiasribeiraopreto.com.br\/index.php\/2026\/08\/04\/programacao-da-feira-internacional-do-livro-de-ribeirao-preto-tem-data-marcada-para-ser-apresentada-veja-quando\/","url_meta":{"origin":90959,"position":0},"title":"Programa\u00e7\u00e3o da Feira Internacional do Livro de Ribeir\u00e3o Preto tem data marcada para ser apresentada; Veja quando","author":"noticiasribeiraopreto.com.br","date":"4 de August de 2026","format":false,"excerpt":"A Funda\u00e7\u00e3o do Livro e Leitura de Ribeir\u00e3o Preto apresenta a programa\u00e7\u00e3o oficial da 25\u00aa edi\u00e7\u00e3o da FIL (Feira Internacional do Livro), que tem como tema central \u201cX, Y, Z, Alpha, Beta \u2013 Gera\u00e7\u00f5es Liter\u00e1rias\u201d. O evento acontece nesta sexta-feira (7), \u00e0s 9h, no Stream Hot\u00e9is e re\u00fane imprensa, patrocinadores,\u2026","rel":"","context":"In &quot;Not\u00edcias de Ribeir\u00e3o Preto-SP e Regi\u00e3o&quot;","block_context":{"text":"Not\u00edcias de Ribeir\u00e3o Preto-SP e Regi\u00e3o","link":"https:\/\/noticiasribeiraopreto.com.br\/index.php\/category\/noticias-de-ribeirao-preto-sp-e-regiao-ismael-colosi\/"},"img":{"alt_text":"","src":"https:\/\/i0.wp.com\/noticiasribeiraopreto.com.br\/wp-content\/uploads\/2026\/08\/Lancamento-Oficial-da-Programacao-acontece-07-de-agosto-de-2026-sexta-feira-as-9h.jpeg?fit=960%2C461&ssl=1&resize=350%2C200","width":350,"height":200,"srcset":"https:\/\/i0.wp.com\/noticiasribeiraopreto.com.br\/wp-content\/uploads\/2026\/08\/Lancamento-Oficial-da-Programacao-acontece-07-de-agosto-de-2026-sexta-feira-as-9h.jpeg?fit=960%2C461&ssl=1&resize=350%2C200 1x, https:\/\/i0.wp.com\/noticiasribeiraopreto.com.br\/wp-content\/uploads\/2026\/08\/Lancamento-Oficial-da-Programacao-acontece-07-de-agosto-de-2026-sexta-feira-as-9h.jpeg?fit=960%2C461&ssl=1&resize=525%2C300 1.5x, https:\/\/i0.wp.com\/noticiasribeiraopreto.com.br\/wp-content\/uploads\/2026\/08\/Lancamento-Oficial-da-Programacao-acontece-07-de-agosto-de-2026-sexta-feira-as-9h.jpeg?fit=960%2C461&ssl=1&resize=700%2C400 2x"},"classes":[]},{"id":54274,"url":"https:\/\/noticiasribeiraopreto.com.br\/index.php\/2024\/07\/05\/confira-a-programacao-da-feira-internacional-do-livro-de-ribeirao-preto-2024\/","url_meta":{"origin":90959,"position":1},"title":"Confira a programa\u00e7\u00e3o da Feira Internacional do Livro de Ribeir\u00e3o Preto 2024","author":"noticiasribeiraopreto.com.br","date":"5 de July de 2024","format":false,"excerpt":"A 23\u00aa edi\u00e7\u00e3o da FIL (Feira Internacional do Livro de Ribeir\u00e3o Preto) come\u00e7a no pr\u00f3ximo dia 1\u00ba de agosto. O tema central deste ano \u00e9: \u201cCotidianos po\u00e9ticos: Do \u00e9pico de Cam\u00f5es \u00e0s batalhas de rua\u201d. A programa\u00e7\u00e3o completa da feira foi divulgada nesta sexta-feira (5). Nesta edi\u00e7\u00e3o, cinco autores s\u00e3o\u2026","rel":"","context":"In &quot;Not\u00edcias de Ribeir\u00e3o Preto-SP e Regi\u00e3o&quot;","block_context":{"text":"Not\u00edcias de Ribeir\u00e3o Preto-SP e Regi\u00e3o","link":"https:\/\/noticiasribeiraopreto.com.br\/index.php\/category\/noticias-de-ribeirao-preto-sp-e-regiao-ismael-colosi\/"},"img":{"alt_text":"","src":"https:\/\/i0.wp.com\/noticiasribeiraopreto.com.br\/wp-content\/uploads\/2024\/07\/WhatsApp-Image-2024-07-05-at-11.23.19_2024-07-05_15-02-58_jpeg_2024-07-05_15-02-58.webp.webp?fit=1200%2C675&ssl=1&resize=350%2C200","width":350,"height":200,"srcset":"https:\/\/i0.wp.com\/noticiasribeiraopreto.com.br\/wp-content\/uploads\/2024\/07\/WhatsApp-Image-2024-07-05-at-11.23.19_2024-07-05_15-02-58_jpeg_2024-07-05_15-02-58.webp.webp?fit=1200%2C675&ssl=1&resize=350%2C200 1x, https:\/\/i0.wp.com\/noticiasribeiraopreto.com.br\/wp-content\/uploads\/2024\/07\/WhatsApp-Image-2024-07-05-at-11.23.19_2024-07-05_15-02-58_jpeg_2024-07-05_15-02-58.webp.webp?fit=1200%2C675&ssl=1&resize=525%2C300 1.5x, https:\/\/i0.wp.com\/noticiasribeiraopreto.com.br\/wp-content\/uploads\/2024\/07\/WhatsApp-Image-2024-07-05-at-11.23.19_2024-07-05_15-02-58_jpeg_2024-07-05_15-02-58.webp.webp?fit=1200%2C675&ssl=1&resize=700%2C400 2x, https:\/\/i0.wp.com\/noticiasribeiraopreto.com.br\/wp-content\/uploads\/2024\/07\/WhatsApp-Image-2024-07-05-at-11.23.19_2024-07-05_15-02-58_jpeg_2024-07-05_15-02-58.webp.webp?fit=1200%2C675&ssl=1&resize=1050%2C600 3x"},"classes":[]},{"id":89559,"url":"https:\/\/noticiasribeiraopreto.com.br\/index.php\/2026\/08\/07\/feira-do-livro-anuncia-programacao-da-25a-edicao-com-mais-de-350-atividades-gratuitas-em-ribeirao\/","url_meta":{"origin":90959,"position":2},"title":"Feira do Livro anuncia programa\u00e7\u00e3o da 25\u00aa edi\u00e7\u00e3o com mais de 350 atividades gratuitas em Ribeir\u00e3o","author":"noticiasribeiraopreto.com.br","date":"7 de August de 2026","format":false,"excerpt":"O lan\u00e7amento oficial da programa\u00e7\u00e3o da 25\u00aa edi\u00e7\u00e3o da Feira Internacional do Livro (FIL) de Ribeir\u00e3o Preto aconteceu nesta quinta-feira (7), em um hotel no Centro da cidade, e reuniu autoridades, organizadores e convidados. Neste ano, o evento ter\u00e1 mais de 350 atividades gratuitas, distribu\u00eddas em 20 espa\u00e7os culturais, entre\u2026","rel":"","context":"In &quot;Not\u00edcias de Ribeir\u00e3o Preto-SP e Regi\u00e3o&quot;","block_context":{"text":"Not\u00edcias de Ribeir\u00e3o Preto-SP e Regi\u00e3o","link":"https:\/\/noticiasribeiraopreto.com.br\/index.php\/category\/noticias-de-ribeirao-preto-sp-e-regiao-ismael-colosi\/"},"img":{"alt_text":"","src":"https:\/\/i0.wp.com\/noticiasribeiraopreto.com.br\/wp-content\/uploads\/2026\/08\/feira-do-livro.jpg?fit=1200%2C675&ssl=1&resize=350%2C200","width":350,"height":200,"srcset":"https:\/\/i0.wp.com\/noticiasribeiraopreto.com.br\/wp-content\/uploads\/2026\/08\/feira-do-livro.jpg?fit=1200%2C675&ssl=1&resize=350%2C200 1x, https:\/\/i0.wp.com\/noticiasribeiraopreto.com.br\/wp-content\/uploads\/2026\/08\/feira-do-livro.jpg?fit=1200%2C675&ssl=1&resize=525%2C300 1.5x, https:\/\/i0.wp.com\/noticiasribeiraopreto.com.br\/wp-content\/uploads\/2026\/08\/feira-do-livro.jpg?fit=1200%2C675&ssl=1&resize=700%2C400 2x, https:\/\/i0.wp.com\/noticiasribeiraopreto.com.br\/wp-content\/uploads\/2026\/08\/feira-do-livro.jpg?fit=1200%2C675&ssl=1&resize=1050%2C600 3x"},"classes":[]},{"id":89427,"url":"https:\/\/noticiasribeiraopreto.com.br\/index.php\/2026\/08\/05\/25a-feira-do-livro-propoe-reflexao-sobre-as-formas-de-ler-e-compartilhar-conhecimento-entre-geracoes\/","url_meta":{"origin":90959,"position":3},"title":"25\u00aa Feira do Livro prop\u00f5e reflex\u00e3o sobre as formas de ler e compartilhar conhecimento entre gera\u00e7\u00f5es","author":"noticiasribeiraopreto.com.br","date":"5 de August de 2026","format":false,"excerpt":"Das pesquisas presenciais em bibliotecas e consultas a enciclop\u00e9dias \u00e0s buscas realizadas em celulares, computadores e outras telas, as formas de acessar informa\u00e7\u00f5es, produzir conhecimento e se relacionar com a leitura passaram por mudan\u00e7as ao longo das \u00faltimas d\u00e9cadas. Essas transforma\u00e7\u00f5es orientam o tema da 25\u00aa Feira Internacional do Livro\u2026","rel":"","context":"In &quot;Not\u00edcias de Ribeir\u00e3o Preto-SP e Regi\u00e3o&quot;","block_context":{"text":"Not\u00edcias de Ribeir\u00e3o Preto-SP e Regi\u00e3o","link":"https:\/\/noticiasribeiraopreto.com.br\/index.php\/category\/noticias-de-ribeirao-preto-sp-e-regiao-ismael-colosi\/"},"img":{"alt_text":"","src":"https:\/\/i0.wp.com\/noticiasribeiraopreto.com.br\/wp-content\/uploads\/2026\/08\/a.ok_.feira_do_livro_-_terca_feira_-_foto_guilherme_sircili_5.jpg?fit=1200%2C800&ssl=1&resize=350%2C200","width":350,"height":200,"srcset":"https:\/\/i0.wp.com\/noticiasribeiraopreto.com.br\/wp-content\/uploads\/2026\/08\/a.ok_.feira_do_livro_-_terca_feira_-_foto_guilherme_sircili_5.jpg?fit=1200%2C800&ssl=1&resize=350%2C200 1x, https:\/\/i0.wp.com\/noticiasribeiraopreto.com.br\/wp-content\/uploads\/2026\/08\/a.ok_.feira_do_livro_-_terca_feira_-_foto_guilherme_sircili_5.jpg?fit=1200%2C800&ssl=1&resize=525%2C300 1.5x, https:\/\/i0.wp.com\/noticiasribeiraopreto.com.br\/wp-content\/uploads\/2026\/08\/a.ok_.feira_do_livro_-_terca_feira_-_foto_guilherme_sircili_5.jpg?fit=1200%2C800&ssl=1&resize=700%2C400 2x, https:\/\/i0.wp.com\/noticiasribeiraopreto.com.br\/wp-content\/uploads\/2026\/08\/a.ok_.feira_do_livro_-_terca_feira_-_foto_guilherme_sircili_5.jpg?fit=1200%2C800&ssl=1&resize=1050%2C600 3x"},"classes":[]},{"id":90817,"url":"https:\/\/noticiasribeiraopreto.com.br\/index.php\/2026\/08\/31\/fil-ribeirao-preto-programacao-segunda-feira-31\/","url_meta":{"origin":90959,"position":4},"title":"FIL Ribeir\u00e3o Preto tem programa\u00e7\u00e3o com literatura, m\u00fasica e debates nesta segunda (31)","author":"noticiasribeiraopreto.com.br","date":"31 de August de 2026","format":false,"excerpt":"A programa\u00e7\u00e3o da 25\u00aa FIL \u2013 Feira Internacional do Livro de Ribeir\u00e3o Preto continua nesta segunda-feira (31), com atividades voltadas \u00e0 literatura, \u00e0 educa\u00e7\u00e3o, \u00e0 cultura digital, \u00e0 diversidade, \u00e0 forma\u00e7\u00e3o de leitores e \u00e0s rela\u00e7\u00f5es entre arte e sociedade.Ao longo do dia, a FIL ter\u00e1 confer\u00eancia, conta\u00e7\u00f5es de hist\u00f3rias,\u2026","rel":"","context":"In &quot;Not\u00edcias de Ribeir\u00e3o Preto-SP e Regi\u00e3o&quot;","block_context":{"text":"Not\u00edcias de Ribeir\u00e3o Preto-SP e Regi\u00e3o","link":"https:\/\/noticiasribeiraopreto.com.br\/index.php\/category\/noticias-de-ribeirao-preto-sp-e-regiao-ismael-colosi\/"},"img":{"alt_text":"","src":"https:\/\/i0.wp.com\/noticiasribeiraopreto.com.br\/wp-content\/uploads\/2026\/08\/Feira-do-Livro_2025-2.jpg?fit=1200%2C800&ssl=1&resize=350%2C200","width":350,"height":200,"srcset":"https:\/\/i0.wp.com\/noticiasribeiraopreto.com.br\/wp-content\/uploads\/2026\/08\/Feira-do-Livro_2025-2.jpg?fit=1200%2C800&ssl=1&resize=350%2C200 1x, https:\/\/i0.wp.com\/noticiasribeiraopreto.com.br\/wp-content\/uploads\/2026\/08\/Feira-do-Livro_2025-2.jpg?fit=1200%2C800&ssl=1&resize=525%2C300 1.5x, https:\/\/i0.wp.com\/noticiasribeiraopreto.com.br\/wp-content\/uploads\/2026\/08\/Feira-do-Livro_2025-2.jpg?fit=1200%2C800&ssl=1&resize=700%2C400 2x, https:\/\/i0.wp.com\/noticiasribeiraopreto.com.br\/wp-content\/uploads\/2026\/08\/Feira-do-Livro_2025-2.jpg?fit=1200%2C800&ssl=1&resize=1050%2C600 3x"},"classes":[]},{"id":89569,"url":"https:\/\/noticiasribeiraopreto.com.br\/index.php\/2026\/08\/07\/feira-do-livro-e-lancada-em-ribeirao-preto-com-foco-nas-geracoes-literarias\/","url_meta":{"origin":90959,"position":5},"title":"Feira do Livro \u00e9 lan\u00e7ada em Ribeir\u00e3o Preto com foco nas gera\u00e7\u00f5es liter\u00e1rias","author":"noticiasribeiraopreto.com.br","date":"7 de August de 2026","format":false,"excerpt":"A Feira Internacional do Livro foi lan\u00e7ada nesta sexta-feira (07), em Ribeir\u00e3o Preto. Com o tema \u201cX, Y, Z \u2013 Alpha, Beta: Gera\u00e7\u00f5es Liter\u00e1rias\u201d, a feira acontece entre os dias 29 de agosto e 5 de setembro.A edi\u00e7\u00e3o que marca os 25 anos da FIL contar\u00e1 com mais de 350\u2026","rel":"","context":"In &quot;Not\u00edcias de Ribeir\u00e3o Preto-SP e Regi\u00e3o&quot;","block_context":{"text":"Not\u00edcias de Ribeir\u00e3o Preto-SP e Regi\u00e3o","link":"https:\/\/noticiasribeiraopreto.com.br\/index.php\/category\/noticias-de-ribeirao-preto-sp-e-regiao-ismael-colosi\/"},"img":{"alt_text":"","src":"https:\/\/i0.wp.com\/noticiasribeiraopreto.com.br\/wp-content\/uploads\/2026\/08\/Captura-de-tela-2026-08-07-135058.png?fit=1151%2C725&ssl=1&resize=350%2C200","width":350,"height":200,"srcset":"https:\/\/i0.wp.com\/noticiasribeiraopreto.com.br\/wp-content\/uploads\/2026\/08\/Captura-de-tela-2026-08-07-135058.png?fit=1151%2C725&ssl=1&resize=350%2C200 1x, https:\/\/i0.wp.com\/noticiasribeiraopreto.com.br\/wp-content\/uploads\/2026\/08\/Captura-de-tela-2026-08-07-135058.png?fit=1151%2C725&ssl=1&resize=525%2C300 1.5x, https:\/\/i0.wp.com\/noticiasribeiraopreto.com.br\/wp-content\/uploads\/2026\/08\/Captura-de-tela-2026-08-07-135058.png?fit=1151%2C725&ssl=1&resize=700%2C400 2x, https:\/\/i0.wp.com\/noticiasribeiraopreto.com.br\/wp-content\/uploads\/2026\/08\/Captura-de-tela-2026-08-07-135058.png?fit=1151%2C725&ssl=1&resize=1050%2C600 3x"},"classes":[]}],"jetpack_sharing_enabled":true,"jetpack_shortlink":"https:\/\/wp.me\/peQAOb-nF5","jetpack_featured_media_url":"https:\/\/i0.wp.com\/noticiasribeiraopreto.com.br\/wp-content\/uploads\/2026\/09\/WhatsApp-Image-2026-09-02-at-06.41.26.jpeg?fit=1600%2C1200&ssl=1","_links":{"self":[{"href":"https:\/\/noticiasribeiraopreto.com.br\/index.php\/wp-json\/wp\/v2\/posts\/90959","targetHints":{"allow":["GET"]}}],"collection":[{"href":"https:\/\/noticiasribeiraopreto.com.br\/index.php\/wp-json\/wp\/v2\/posts"}],"about":[{"href":"https:\/\/noticiasribeiraopreto.com.br\/index.php\/wp-json\/wp\/v2\/types\/post"}],"author":[{"embeddable":true,"href":"https:\/\/noticiasribeiraopreto.com.br\/index.php\/wp-json\/wp\/v2\/users\/1"}],"replies":[{"embeddable":true,"href":"https:\/\/noticiasribeiraopreto.com.br\/index.php\/wp-json\/wp\/v2\/comments?post=90959"}],"version-history":[{"count":0,"href":"https:\/\/noticiasribeiraopreto.com.br\/index.php\/wp-json\/wp\/v2\/posts\/90959\/revisions"}],"wp:featuredmedia":[{"embeddable":true,"href":"https:\/\/noticiasribeiraopreto.com.br\/index.php\/wp-json\/wp\/v2\/media\/90960"}],"wp:attachment":[{"href":"https:\/\/noticiasribeiraopreto.com.br\/index.php\/wp-json\/wp\/v2\/media?parent=90959"}],"wp:term":[{"taxonomy":"category","embeddable":true,"href":"https:\/\/noticiasribeiraopreto.com.br\/index.php\/wp-json\/wp\/v2\/categories?post=90959"},{"taxonomy":"post_tag","embeddable":true,"href":"https:\/\/noticiasribeiraopreto.com.br\/index.php\/wp-json\/wp\/v2\/tags?post=90959"}],"curies":[{"name":"wp","href":"https:\/\/api.w.org\/{rel}","templated":true}]}}