{"id":90963,"date":"2026-09-02T09:27:53","date_gmt":"2026-09-02T12:27:53","guid":{"rendered":"https:\/\/noticiasribeiraopreto.com.br\/index.php\/2026\/09\/02\/justica-ouve-testemunhas-em-caso-de-acai-envenenado-em-ribeirao-preto\/"},"modified":"2026-09-02T09:27:53","modified_gmt":"2026-09-02T12:27:53","slug":"justica-ouve-testemunhas-em-caso-de-acai-envenenado-em-ribeirao-preto","status":"publish","type":"post","link":"https:\/\/noticiasribeiraopreto.com.br\/index.php\/2026\/09\/02\/justica-ouve-testemunhas-em-caso-de-acai-envenenado-em-ribeirao-preto\/","title":{"rendered":"Justi\u00e7a ouve testemunhas em caso de a\u00e7a\u00ed envenenado em Ribeir\u00e3o Preto"},"content":{"rendered":"<div class='code-block code-block-1' style='margin: 8px 0 8px auto; text-align: right; display: block; clear: both;'>\n<p><a href=\"https:\/\/wa.link\/vpicfd\"><img data-recalc-dims=\"1\" class=\"wp-image-4922\" style=\"aspect-ratio: 2.0253164556962027; width: 561px; height: auto;\" src=\"https:\/\/i0.wp.com\/ismaelcolosi.com.br\/wp-content\/uploads\/2023\/11\/grupo-de-empregos-whatsapp-e-facebook-ismael-colosi-vagas.jpg?ssl=1\" alt=\"\" \/><\/a><\/p>\n<!-- \/wp:image -->\n<\/div>\n<p> <br \/>\n<\/p>\n<p>A <strong>Justi\u00e7a <\/strong>deu in\u00edcio nesta ter\u00e7a-feira (1\u00ba) as <strong>audi\u00eancias de instru\u00e7\u00e3o<\/strong> do processo contra <strong>Larissa de Souza Batista<\/strong>, acusada pelo <a href=\"https:\/\/www.mpsp.mp.br\/\" data-type=\"link\" data-id=\"https:\/\/www.mpsp.mp.br\/\" target=\"_blank\" rel=\"noopener\"><strong>Minist\u00e9rio P\u00fablico<\/strong><\/a> de tentar matar o namorado, <strong>Adenilson Ferreira Parente<\/strong>, ap\u00f3s ele passar mal ao consumir um a\u00e7a\u00ed com chumbinho em <strong>Ribeir\u00e3o Preto<\/strong>.<\/p>\n<p>De acordo com as informa\u00e7\u00f5es da <strong>EPTV<\/strong>, cerca de <strong>dez pessoas foram ouvidas<\/strong> no F\u00f3rum do munic\u00edpio, entre elas o <strong>delegado Fernando Bravo<\/strong>, <strong>familiares<\/strong>, <strong>representantes da loja onde o produto foi comprado<\/strong>, <strong>Adenilson <\/strong>e <strong>a pr\u00f3pria Larissa<\/strong>.<\/p>\n<p>Ap\u00f3s prestar depoimento \u00e0 Justi\u00e7a, o delegado afirmou que <mark class=\"has-inline-color\">a investiga\u00e7\u00e3o policial foi conclu\u00edda e encaminhada para an\u00e1lise judicial.<\/mark><\/p>\n<blockquote class=\"wp-block-quote is-layout-flow wp-block-quote-is-layout-flow\">\n<p>\u201cFinalizamos o inqu\u00e9rito policial, foi encaminhado \u00e0 ju\u00edza. Ela queria saber como foi feita a investiga\u00e7\u00e3o, qual foi a nossa apura\u00e7\u00e3o, qual foi a nossa conclus\u00e3o. Agora encerrou a parte policial e vamos aguardar a decis\u00e3o judicial\u201d, disse Bravo.<\/p>\n<\/blockquote>\n<figure class=\"wp-block-image size-large\"><figcaption class=\"wp-element-caption\">Adenilson Ferreira Parente e Larissa de Souza Batista \u2013 Foto: redes sociais | reprodu\u00e7\u00e3o\/ EPTV.<\/figcaption><\/figure>\n<p class=\"has-text-align-center has-cyan-bluish-gray-background-color has-background\"><em>Receba not\u00edcias do\u00a0<strong>acidade on Ribeir\u00e3o\u00a0<\/strong>no WhatsApp e fique por dentro de tudo! Basta acessar o link<a href=\"https:\/\/chat.whatsapp.com\/DfXwcjKVIddHUT3BvnQuPZ?mode=hqctshi\" target=\"_blank\" rel=\"noreferrer noopener\">\u00a0aqui<\/a>!<\/em><\/p>\n<h2 class=\"wp-block-heading\"><strong>O que diz a acusa\u00e7\u00e3o contra Larissa?<\/strong><\/h2>\n<p>O <strong>Minist\u00e9rio P\u00fablico<\/strong> acusa Larissa de ter planejado a morte do namorado e de ter usado <strong>chumbinho <\/strong>para tentar envenen\u00e1-lo. <mark class=\"has-inline-color\">A den\u00fancia aponta tentativa de homic\u00eddio qualificado por meio cruel, uso de veneno e recurso que teria dificultado a defesa da v\u00edtima.<\/mark><\/p>\n<p>Para o MP, Adenilson s\u00f3 n\u00e3o morreu por circunst\u00e2ncias que fugiram do controle da acusada. <strong>Larissa foi presa preventivamente em abril e permanece na Penitenci\u00e1ria Feminina de Mogi Gua\u00e7u.<\/strong><\/p>\n<p><strong><mark class=\"has-inline-color\">A defesa nega as acusa\u00e7\u00f5es e informou que entrou com um pedido de habeas corpus<\/mark><\/strong>. Segundo os advogados, <strong>o Minist\u00e9rio P\u00fablico j\u00e1 concordou que ela n\u00e3o representa risco para as investiga\u00e7\u00f5es<\/strong> e <strong>pode responder ao processo em liberdade<\/strong>.<\/p>\n<p><strong>A defesa tamb\u00e9m afirmou que Larissa e Adenilson continuam juntos, apesar das acusa\u00e7\u00f5es.<\/strong> At\u00e9 a \u00faltima atualiza\u00e7\u00e3o, a Justi\u00e7a ainda n\u00e3o havia analisado o pedido de liberdade.<\/p>\n<figure class=\"wp-block-image size-large\"><img data-recalc-dims=\"1\" loading=\"lazy\" decoding=\"async\" width=\"1024\" height=\"627\" src=\"https:\/\/i0.wp.com\/www.acidadeon.com\/ribeiraopreto\/wp-content\/uploads\/sites\/3\/2026\/03\/namorada-acai_2026-03-17_15-17-04-1024x627.webp?resize=1024%2C627&#038;ssl=1\" alt=\"Namorada de Adenilson, Larissa de Souza Batista, negou qualquer envolvimento no caso - Foto: c\u00e2mera de seguran\u00e7a.\" class=\"wp-image-149207\" title=\"Justi\u00e7a ouve testemunhas em caso de a\u00e7a\u00ed envenenado em Ribeir\u00e3o Preto 2\"><figcaption class=\"wp-element-caption\">Namorada de Adenilson, Larissa de Souza Batista, negou qualquer envolvimento no caso \u2013 Foto: c\u00e2mera de seguran\u00e7a.<\/figcaption><\/figure>\n<h2 class=\"wp-block-heading\"><strong>Relembre o caso do a\u00e7a\u00ed envenenado<\/strong><\/h2>\n<p>O caso aconteceu no dia 5 de fevereiro, quando Larissa foi at\u00e9 uma loja de a\u00e7a\u00ed na zona Leste de Ribeir\u00e3o Preto, retirar o pedido de dois copos de a\u00e7a\u00ed.<\/p>\n<p>Imagens de c\u00e2mera de seguran\u00e7a mostram que na porta da resid\u00eancia dos envolvidos, Larissa entrega um dos copos para Adenilson, que deixa o produto no ch\u00e3o e sai do local. Na sequ\u00eancia, as imagens mostram a mulher recolhendo o copo de a\u00e7a\u00ed do ch\u00e3o e entrando na resid\u00eancia.<\/p>\n<p>Por volta das 20h, o casal retornou ao local, reclamou do sabor estranho e devolveu o a\u00e7a\u00ed, que foi descartado. O homem precisou ser internado na Unidade de Terapia Intensiva (UTI) do Hospital das Cl\u00ednicas, mas se recuperou e passa bem.<\/p>\n<figure class=\"wp-block-image size-large\"><img data-recalc-dims=\"1\" loading=\"lazy\" decoding=\"async\" width=\"1024\" height=\"638\" src=\"https:\/\/i0.wp.com\/www.acidadeon.com\/ribeiraopreto\/wp-content\/uploads\/sites\/3\/2026\/03\/CHUMBINHO-COPO-ACAI_2026-03-18_18-13-30-1024x638.webp?resize=1024%2C638&#038;ssl=1\" alt=\"Pol\u00edcia confirmou que era chumbinho a subst\u00e2ncia encontrada em copo de a\u00e7a\u00ed (Foto: reprodu\u00e7\u00e3o\/EPTV)\" class=\"wp-image-149351\" title=\"Justi\u00e7a ouve testemunhas em caso de a\u00e7a\u00ed envenenado em Ribeir\u00e3o Preto 3\"><figcaption class=\"wp-element-caption\">Pol\u00edcia confirmou que era chumbinho a subst\u00e2ncia encontrada em copo de a\u00e7a\u00ed (Foto: reprodu\u00e7\u00e3o\/EPTV)<\/figcaption><\/figure>\n<p><strong>A possibilidade de o a\u00e7a\u00ed ter sido envenenado na loja em que foi vendido est\u00e1 descartada pela pol\u00edcia desde o in\u00edcio das investiga\u00e7\u00f5es.\u00a0<\/strong>Segundo o delegado Jos\u00e9 Carvalho de Ara\u00fajo J\u00fanior, o preparo do produto foi filmado e em nenhum momento as imagens demonstraram atitude suspeita.<\/p>\n<p>O laudo do Instituto M\u00e9dico Legal (IML)\u00a0identificou a presen\u00e7a de\u00a0<strong>terbuf\u00f3s\u00a0<\/strong>no copo de a\u00e7a\u00ed, componente qu\u00edmico t\u00edpico de venenos usados na agricultura.<\/p>\n<p>A mulher prestou depoimento \u00e0\u00a0<strong>Pol\u00edcia Civil<\/strong>\u00a0no dia 19 de fevereiro<strong>. Desde o in\u00edcio da investiga\u00e7\u00e3o ela nega qualquer envolvimento no caso<\/strong>. \u201cN\u00e3o sou culpada, n\u00e3o fui eu. Ele tomou a\u00e7a\u00ed e, cerca de meia hora depois, come\u00e7ou a ter alguns sintomas\u201d.<\/p>\n<p>No dia 7 de abril, Adenilson prestou um novo depoimento \u00e0 pol\u00edcia e\u00a0voltou a afirmar que acredita na inoc\u00eancia da namorada. \u201cMesma declara\u00e7\u00e3o. N\u00e3o tenho nada a esconder. N\u00e3o tenho nada a esconder, n\u00e3o. (\u2026) At\u00e9 porque, quase morro. Eu poderia muito bem falar. Eu poderia muito bem falar. (\u2026) Eu quero que isso acabe e pronto\u201d.<\/p>\n<p>Na \u00e9poca do ocorrido, o promotor\u00a0<strong>Eliseu Berardo Gon\u00e7alves<\/strong> chegou a levantar\u00a0a hip\u00f3tese de\u00a0que o crime teve <strong>motiva\u00e7\u00e3o financeira<\/strong>, j\u00e1 que a v\u00edtima carregava entre<strong>\u00a0R$ 18 mil<\/strong>\u00a0e\u00a0<strong>R$ 20 mil<\/strong>\u00a0em dinheiro vivo no dia do ocorrido.<\/p>\n<p class=\"has-text-align-center has-cyan-bluish-gray-background-color has-background\"><em>Fa\u00e7a uma den\u00fancia ou sugira uma reportagem sobre\u00a0<strong>Ribeir\u00e3o Preto\u00a0<\/strong>e regi\u00e3o por meio do WhatsApp do\u00a0<strong>acidade on Ribeir\u00e3o<\/strong>: (16) 99117-7802.<\/em><\/p>\n<p>O post Justi\u00e7a ouve testemunhas em caso de a\u00e7a\u00ed envenenado em Ribeir\u00e3o Preto apareceu primeiro em ACidade ON Ribeir\u00e3o Preto.<\/p>\n<p><br \/>\n<br \/><a href=\"https:\/\/www.acidadeon.com\/ribeiraopreto\/cotidiano\/justica-ouve-testemunhas-em-caso-de-acai-envenenado-em-ribeirao-preto\/\">Link para o texto original aqui <\/a><\/p>\n<!-- CONTENT END 1 -->\n","protected":false},"excerpt":{"rendered":"<p>A Justi\u00e7a deu in\u00edcio nesta ter\u00e7a-feira (1\u00ba) as audi\u00eancias de instru\u00e7\u00e3o do processo contra Larissa de Souza Batista, acusada pelo Minist\u00e9rio P\u00fablico de tentar matar&#8230;<\/p>\n","protected":false},"author":1,"featured_media":90964,"comment_status":"","ping_status":"","sticky":false,"template":"","format":"standard","meta":{"advanced_seo_description":"","jetpack_seo_html_title":"","jetpack_seo_noindex":false,"jetpack_seo_schema_type":"","_jetpack_newsletter_access":"","_jetpack_dont_email_post_to_subs":false,"_jetpack_newsletter_tier_id":0,"_jetpack_memberships_contains_paywalled_content":false,"_jetpack_feature_clip_id":0,"_jetpack_memberships_contains_paid_content":false,"footnotes":"","jetpack_publicize_message":"","jetpack_publicize_feature_enabled":true,"jetpack_social_post_already_shared":true,"jetpack_social_options":{"image_generator_settings":{"template":"highway","default_image_id":0,"font":"","enabled":false},"version":2},"jetpack_post_was_ever_published":false},"categories":[11],"tags":[7429,3778,8876,988,3256,27,26,6933],"class_list":["post-90963","post","type-post","status-publish","format-standard","has-post-thumbnail","hentry","category-noticias-de-ribeirao-preto-sp-e-regiao-ismael-colosi","tag-acai","tag-caso","tag-envenenado","tag-justica","tag-ouve","tag-preto","tag-ribeirao","tag-testemunhas"],"jetpack_publicize_connections":[],"jetpack-related-posts":[{"id":84682,"url":"https:\/\/noticiasribeiraopreto.com.br\/index.php\/2026\/04\/14\/acai-envenenado-mulher-suspeita-de-tentar-matar-namorado-e-considerada-foragida\/","url_meta":{"origin":90963,"position":0},"title":"A\u00e7a\u00ed envenenado: Mulher suspeita de tentar matar namorado \u00e9 considerada foragida","author":"noticiasribeiraopreto.com.br","date":"14 de April de 2026","format":false,"excerpt":"Ler o resumo da not\u00edcia Larissa de Souza teve pris\u00e3o preventiva decretada por suspeita de envenenar o namorado com a\u00e7a\u00ed; ela \u00e9 considerada foragida. A ordem de pris\u00e3o foi expedida na segunda-feira (13) por volta das 17h, mas a suspecta n\u00e3o foi encontrada. O namorado Adenilson Parente tamb\u00e9m n\u00e3o foi\u2026","rel":"","context":"In &quot;Not\u00edcias de Ribeir\u00e3o Preto-SP e Regi\u00e3o&quot;","block_context":{"text":"Not\u00edcias de Ribeir\u00e3o Preto-SP e Regi\u00e3o","link":"https:\/\/noticiasribeiraopreto.com.br\/index.php\/category\/noticias-de-ribeirao-preto-sp-e-regiao-ismael-colosi\/"},"img":{"alt_text":"","src":"https:\/\/i0.wp.com\/noticiasribeiraopreto.com.br\/wp-content\/uploads\/2026\/04\/image_2026-04-13_21-30-19.webp.webp?fit=984%2C553&ssl=1&resize=350%2C200","width":350,"height":200,"srcset":"https:\/\/i0.wp.com\/noticiasribeiraopreto.com.br\/wp-content\/uploads\/2026\/04\/image_2026-04-13_21-30-19.webp.webp?fit=984%2C553&ssl=1&resize=350%2C200 1x, https:\/\/i0.wp.com\/noticiasribeiraopreto.com.br\/wp-content\/uploads\/2026\/04\/image_2026-04-13_21-30-19.webp.webp?fit=984%2C553&ssl=1&resize=525%2C300 1.5x, https:\/\/i0.wp.com\/noticiasribeiraopreto.com.br\/wp-content\/uploads\/2026\/04\/image_2026-04-13_21-30-19.webp.webp?fit=984%2C553&ssl=1&resize=700%2C400 2x"},"classes":[]},{"id":84651,"url":"https:\/\/noticiasribeiraopreto.com.br\/index.php\/2026\/04\/13\/caso-do-acai-envenenado-justica-decreta-prisao-de-suspeita-em-ribeirao-preto\/","url_meta":{"origin":90963,"position":1},"title":"Caso do a\u00e7a\u00ed envenenado: Justi\u00e7a decreta pris\u00e3o de suspeita em Ribeir\u00e3o Preto","author":"noticiasribeiraopreto.com.br","date":"13 de April de 2026","format":false,"excerpt":"Ler o resumo da not\u00edcia Justi\u00e7a decreta pris\u00e3o preventiva de Larissa de Souza por suspeita de tentar matar o namorado com a\u00e7a\u00ed adulterado em Ribeir\u00e3o Preto. Caso ocorreu em 5 de fevereiro; decis\u00e3o foi tomada nesta segunda-feira (13) ap\u00f3s recebimento da den\u00fancia do Minist\u00e9rio P\u00fablico. A ju\u00edza Marta Rodrigues Maffeis\u2026","rel":"","context":"In &quot;Not\u00edcias de Ribeir\u00e3o Preto-SP e Regi\u00e3o&quot;","block_context":{"text":"Not\u00edcias de Ribeir\u00e3o Preto-SP e Regi\u00e3o","link":"https:\/\/noticiasribeiraopreto.com.br\/index.php\/category\/noticias-de-ribeirao-preto-sp-e-regiao-ismael-colosi\/"},"img":{"alt_text":"","src":"https:\/\/i0.wp.com\/noticiasribeiraopreto.com.br\/wp-content\/uploads\/2026\/03\/namorada-acai_2026-03-17_15-17-04.webp.webp?fit=1200%2C735&ssl=1&resize=350%2C200","width":350,"height":200,"srcset":"https:\/\/i0.wp.com\/noticiasribeiraopreto.com.br\/wp-content\/uploads\/2026\/03\/namorada-acai_2026-03-17_15-17-04.webp.webp?fit=1200%2C735&ssl=1&resize=350%2C200 1x, https:\/\/i0.wp.com\/noticiasribeiraopreto.com.br\/wp-content\/uploads\/2026\/03\/namorada-acai_2026-03-17_15-17-04.webp.webp?fit=1200%2C735&ssl=1&resize=525%2C300 1.5x, https:\/\/i0.wp.com\/noticiasribeiraopreto.com.br\/wp-content\/uploads\/2026\/03\/namorada-acai_2026-03-17_15-17-04.webp.webp?fit=1200%2C735&ssl=1&resize=700%2C400 2x, https:\/\/i0.wp.com\/noticiasribeiraopreto.com.br\/wp-content\/uploads\/2026\/03\/namorada-acai_2026-03-17_15-17-04.webp.webp?fit=1200%2C735&ssl=1&resize=1050%2C600 3x"},"classes":[]},{"id":84677,"url":"https:\/\/noticiasribeiraopreto.com.br\/index.php\/2026\/04\/14\/video-caso-acai-larissa-e-considerada-foragida\/","url_meta":{"origin":90963,"position":2},"title":"V\u00cdDEO &#8211; Caso A\u00e7a\u00ed: Larissa \u00e9 considerada foragida","author":"noticiasribeiraopreto.com.br","date":"14 de April de 2026","format":false,"excerpt":"| Por: Adalberto Luque | O delegado Fernando Bravo, da Delegacia de Homic\u00eddios da Divis\u00e3o Especializada de Investiga\u00e7\u00f5es Criminais (DEIC) disse, na manh\u00e3 desta ter\u00e7a-feira (14), que Larissa Batista de Sousa \u00e9 considerada foragida pela Pol\u00edcia Civil. A mulher foi acusada pela tentativa de homic\u00eddio contra seu am\u00e1sio, Adenilson Ferreira\u2026","rel":"","context":"In &quot;Not\u00edcias de Ribeir\u00e3o Preto-SP e Regi\u00e3o&quot;","block_context":{"text":"Not\u00edcias de Ribeir\u00e3o Preto-SP e Regi\u00e3o","link":"https:\/\/noticiasribeiraopreto.com.br\/index.php\/category\/noticias-de-ribeirao-preto-sp-e-regiao-ismael-colosi\/"},"img":{"alt_text":"","src":"https:\/\/i0.wp.com\/noticiasribeiraopreto.com.br\/wp-content\/uploads\/2026\/04\/14-mar-2026-acaichumbinho1.jpg?fit=876%2C780&ssl=1&resize=350%2C200","width":350,"height":200,"srcset":"https:\/\/i0.wp.com\/noticiasribeiraopreto.com.br\/wp-content\/uploads\/2026\/04\/14-mar-2026-acaichumbinho1.jpg?fit=876%2C780&ssl=1&resize=350%2C200 1x, https:\/\/i0.wp.com\/noticiasribeiraopreto.com.br\/wp-content\/uploads\/2026\/04\/14-mar-2026-acaichumbinho1.jpg?fit=876%2C780&ssl=1&resize=525%2C300 1.5x, https:\/\/i0.wp.com\/noticiasribeiraopreto.com.br\/wp-content\/uploads\/2026\/04\/14-mar-2026-acaichumbinho1.jpg?fit=876%2C780&ssl=1&resize=700%2C400 2x"},"classes":[]},{"id":84345,"url":"https:\/\/noticiasribeiraopreto.com.br\/index.php\/2026\/04\/07\/homem-que-comeu-acai-envenenado-mantem-versao-e-diz-acreditar-na-inocencia-da-namorada\/","url_meta":{"origin":90963,"position":3},"title":"Homem que comeu a\u00e7a\u00ed envenenado mant\u00e9m vers\u00e3o e diz acreditar na inoc\u00eancia da namorada","author":"noticiasribeiraopreto.com.br","date":"7 de April de 2026","format":false,"excerpt":"Ler o resumo da not\u00edcia \r Homem envenenado com a\u00e7a\u00ed em Ribeir\u00e3o Preto prestou novo depoimento \u00e0 pol\u00edcia nesta ter\u00e7a-feira (7) e manteve vers\u00e3o de que acredita na inoc\u00eancia da namorada, Larissa de Souza, principal suspeita do crime.\r Larissa foi indiciada por tentativa de homic\u00eddio, mas o Minist\u00e9rio P\u00fablico pediu\u2026","rel":"","context":"In &quot;Not\u00edcias de Ribeir\u00e3o Preto-SP e Regi\u00e3o&quot;","block_context":{"text":"Not\u00edcias de Ribeir\u00e3o Preto-SP e Regi\u00e3o","link":"https:\/\/noticiasribeiraopreto.com.br\/index.php\/category\/noticias-de-ribeirao-preto-sp-e-regiao-ismael-colosi\/"},"img":{"alt_text":"","src":"https:\/\/i0.wp.com\/noticiasribeiraopreto.com.br\/wp-content\/uploads\/2026\/04\/palace-12_2026-02-19_16-16-43.webp.webp?fit=1200%2C675&ssl=1&resize=350%2C200","width":350,"height":200,"srcset":"https:\/\/i0.wp.com\/noticiasribeiraopreto.com.br\/wp-content\/uploads\/2026\/04\/palace-12_2026-02-19_16-16-43.webp.webp?fit=1200%2C675&ssl=1&resize=350%2C200 1x, https:\/\/i0.wp.com\/noticiasribeiraopreto.com.br\/wp-content\/uploads\/2026\/04\/palace-12_2026-02-19_16-16-43.webp.webp?fit=1200%2C675&ssl=1&resize=525%2C300 1.5x, https:\/\/i0.wp.com\/noticiasribeiraopreto.com.br\/wp-content\/uploads\/2026\/04\/palace-12_2026-02-19_16-16-43.webp.webp?fit=1200%2C675&ssl=1&resize=700%2C400 2x, https:\/\/i0.wp.com\/noticiasribeiraopreto.com.br\/wp-content\/uploads\/2026\/04\/palace-12_2026-02-19_16-16-43.webp.webp?fit=1200%2C675&ssl=1&resize=1050%2C600 3x"},"classes":[]},{"id":84720,"url":"https:\/\/noticiasribeiraopreto.com.br\/index.php\/2026\/04\/14\/suspeita-de-envenenar-namorado-envia-audio-pedindo-abrigo-a-amigo-em-ribeirao-ouca\/","url_meta":{"origin":90963,"position":4},"title":"Suspeita de envenenar namorado envia \u00e1udio pedindo abrigo a amigo em Ribeir\u00e3o; Ou\u00e7a","author":"noticiasribeiraopreto.com.br","date":"14 de April de 2026","format":false,"excerpt":"Ler o resumo da not\u00edcia Larissa de Souza, suspeita de envenenar o namorado com a\u00e7a\u00ed em Ribeir\u00e3o Preto, teve pris\u00e3o preventiva decretada nesta segunda-feira (13) e \u00e9 considerada foragida. A ju\u00edza Marta Rodrigues Maffeis acolheu a den\u00fancia do Minist\u00e9rio P\u00fablico e enquadrou o caso como tentativa de homic\u00eddio. Em \u00e1udio\u2026","rel":"","context":"In &quot;Not\u00edcias de Ribeir\u00e3o Preto-SP e Regi\u00e3o&quot;","block_context":{"text":"Not\u00edcias de Ribeir\u00e3o Preto-SP e Regi\u00e3o","link":"https:\/\/noticiasribeiraopreto.com.br\/index.php\/category\/noticias-de-ribeirao-preto-sp-e-regiao-ismael-colosi\/"},"img":{"alt_text":"","src":"https:\/\/i0.wp.com\/noticiasribeiraopreto.com.br\/wp-content\/uploads\/2026\/04\/image_2026-04-13_21-30-19.webp.webp?fit=984%2C553&ssl=1&resize=350%2C200","width":350,"height":200,"srcset":"https:\/\/i0.wp.com\/noticiasribeiraopreto.com.br\/wp-content\/uploads\/2026\/04\/image_2026-04-13_21-30-19.webp.webp?fit=984%2C553&ssl=1&resize=350%2C200 1x, https:\/\/i0.wp.com\/noticiasribeiraopreto.com.br\/wp-content\/uploads\/2026\/04\/image_2026-04-13_21-30-19.webp.webp?fit=984%2C553&ssl=1&resize=525%2C300 1.5x, https:\/\/i0.wp.com\/noticiasribeiraopreto.com.br\/wp-content\/uploads\/2026\/04\/image_2026-04-13_21-30-19.webp.webp?fit=984%2C553&ssl=1&resize=700%2C400 2x"},"classes":[]},{"id":84752,"url":"https:\/\/noticiasribeiraopreto.com.br\/index.php\/2026\/04\/15\/veja-o-momento-em-que-suspeita-de-envenenar-o-namorado-com-acai-chega-a-delegacia\/","url_meta":{"origin":90963,"position":5},"title":"Veja o momento em que suspeita de envenenar o namorado com a\u00e7a\u00ed chega \u00e0 delegacia","author":"noticiasribeiraopreto.com.br","date":"15 de April de 2026","format":false,"excerpt":"Ler o resumo da not\u00edcia Larissa de Souza, suspeita de envenenar o namorado com a\u00e7a\u00ed, foi presa na manh\u00e3 desta quarta-feira (15) em um hotel na zona Leste de Ribeir\u00e3o Preto. A pris\u00e3o foi cumprimento de mandato preventiva decreta\u00e7\u00e3o na segunda-feira (13), quando a suspeito passou a ser considerada foragida\u2026","rel":"","context":"In &quot;Not\u00edcias de Ribeir\u00e3o Preto-SP e Regi\u00e3o&quot;","block_context":{"text":"Not\u00edcias de Ribeir\u00e3o Preto-SP e Regi\u00e3o","link":"https:\/\/noticiasribeiraopreto.com.br\/index.php\/category\/noticias-de-ribeirao-preto-sp-e-regiao-ismael-colosi\/"},"img":{"alt_text":"","src":"https:\/\/i0.wp.com\/noticiasribeiraopreto.com.br\/wp-content\/uploads\/2026\/04\/domingo-14_2026-04-15_15-03-40.webp.webp?fit=1200%2C675&ssl=1&resize=350%2C200","width":350,"height":200,"srcset":"https:\/\/i0.wp.com\/noticiasribeiraopreto.com.br\/wp-content\/uploads\/2026\/04\/domingo-14_2026-04-15_15-03-40.webp.webp?fit=1200%2C675&ssl=1&resize=350%2C200 1x, https:\/\/i0.wp.com\/noticiasribeiraopreto.com.br\/wp-content\/uploads\/2026\/04\/domingo-14_2026-04-15_15-03-40.webp.webp?fit=1200%2C675&ssl=1&resize=525%2C300 1.5x, https:\/\/i0.wp.com\/noticiasribeiraopreto.com.br\/wp-content\/uploads\/2026\/04\/domingo-14_2026-04-15_15-03-40.webp.webp?fit=1200%2C675&ssl=1&resize=700%2C400 2x, https:\/\/i0.wp.com\/noticiasribeiraopreto.com.br\/wp-content\/uploads\/2026\/04\/domingo-14_2026-04-15_15-03-40.webp.webp?fit=1200%2C675&ssl=1&resize=1050%2C600 3x"},"classes":[]}],"jetpack_sharing_enabled":true,"jetpack_shortlink":"https:\/\/wp.me\/peQAOb-nF9","jetpack_featured_media_url":"https:\/\/i0.wp.com\/noticiasribeiraopreto.com.br\/wp-content\/uploads\/2026\/09\/acai-envenenado-ribeirao-preto-1.jpg?fit=1200%2C675&ssl=1","_links":{"self":[{"href":"https:\/\/noticiasribeiraopreto.com.br\/index.php\/wp-json\/wp\/v2\/posts\/90963","targetHints":{"allow":["GET"]}}],"collection":[{"href":"https:\/\/noticiasribeiraopreto.com.br\/index.php\/wp-json\/wp\/v2\/posts"}],"about":[{"href":"https:\/\/noticiasribeiraopreto.com.br\/index.php\/wp-json\/wp\/v2\/types\/post"}],"author":[{"embeddable":true,"href":"https:\/\/noticiasribeiraopreto.com.br\/index.php\/wp-json\/wp\/v2\/users\/1"}],"replies":[{"embeddable":true,"href":"https:\/\/noticiasribeiraopreto.com.br\/index.php\/wp-json\/wp\/v2\/comments?post=90963"}],"version-history":[{"count":0,"href":"https:\/\/noticiasribeiraopreto.com.br\/index.php\/wp-json\/wp\/v2\/posts\/90963\/revisions"}],"wp:featuredmedia":[{"embeddable":true,"href":"https:\/\/noticiasribeiraopreto.com.br\/index.php\/wp-json\/wp\/v2\/media\/90964"}],"wp:attachment":[{"href":"https:\/\/noticiasribeiraopreto.com.br\/index.php\/wp-json\/wp\/v2\/media?parent=90963"}],"wp:term":[{"taxonomy":"category","embeddable":true,"href":"https:\/\/noticiasribeiraopreto.com.br\/index.php\/wp-json\/wp\/v2\/categories?post=90963"},{"taxonomy":"post_tag","embeddable":true,"href":"https:\/\/noticiasribeiraopreto.com.br\/index.php\/wp-json\/wp\/v2\/tags?post=90963"}],"curies":[{"name":"wp","href":"https:\/\/api.w.org\/{rel}","templated":true}]}}