{"id":90965,"date":"2026-09-02T09:50:05","date_gmt":"2026-09-02T12:50:05","guid":{"rendered":"https:\/\/noticiasribeiraopreto.com.br\/index.php\/2026\/09\/02\/apos-adolescente-esfaqueado-camara-vota-projeto-que-cria-programa-de-prevencao-a-ataques-violentos-em-escolas\/"},"modified":"2026-09-02T09:50:05","modified_gmt":"2026-09-02T12:50:05","slug":"apos-adolescente-esfaqueado-camara-vota-projeto-que-cria-programa-de-prevencao-a-ataques-violentos-em-escolas","status":"publish","type":"post","link":"https:\/\/noticiasribeiraopreto.com.br\/index.php\/2026\/09\/02\/apos-adolescente-esfaqueado-camara-vota-projeto-que-cria-programa-de-prevencao-a-ataques-violentos-em-escolas\/","title":{"rendered":"Ap\u00f3s adolescente esfaqueado, C\u00e2mara vota Projeto que cria programa de preven\u00e7\u00e3o a ataques violentos em escolas"},"content":{"rendered":"<div class='code-block code-block-1' style='margin: 8px 0 8px auto; text-align: right; display: block; clear: both;'>\n<p><a href=\"https:\/\/wa.link\/vpicfd\"><img data-recalc-dims=\"1\" class=\"wp-image-4922\" style=\"aspect-ratio: 2.0253164556962027; width: 561px; height: auto;\" src=\"https:\/\/i0.wp.com\/ismaelcolosi.com.br\/wp-content\/uploads\/2023\/11\/grupo-de-empregos-whatsapp-e-facebook-ismael-colosi-vagas.jpg?ssl=1\" alt=\"\" \/><\/a><\/p>\n<!-- \/wp:image -->\n<\/div>\n<p> <br \/>\n<\/p>\n<div>\n<p>Os <strong>vereadores de Ribeir\u00e3o Preto votam nesta quarta-feira (02)<\/strong>, durante Sess\u00e3o Ordin\u00e1ria, o <strong>Projeto de Lei n\u00ba 278\/2025<\/strong>, de autoria do vereador Danilo Scochi (MDB), que <strong>institui o Programa Municipal de Preven\u00e7\u00e3o contra a Pr\u00e1tica de Atentados Violentos nas Depend\u00eancias das Escolas Municipais.<\/strong><\/p>\n<p>A vota\u00e7\u00e3o acontece dias depois de um epis\u00f3dio de viol\u00eancia envolvendo estudantes dentro de uma escola particular no Jardim Iraj\u00e1, na zona Sul de Ribeir\u00e3o Preto. <strong>Um adolescente de 13 anos foi ferido com uma faca por outro estudante dentro da unidade de ensino.<\/strong><\/p>\n<p>Embora o caso tenha ocorrido em uma institui\u00e7\u00e3o particular e o projeto seja voltado \u00e0s escolas municipais, segundo a assessoria do vereador autor do PL, o epis\u00f3dio refor\u00e7a o debate sobre a import\u00e2ncia de a\u00e7\u00f5es preventivas e de protocolos para situa\u00e7\u00f5es de viol\u00eancia no ambiente escolar.<\/p>\n<p>A proposta de Danilo Scochi tem como objetivo <strong>aumentar a seguran\u00e7a de alunos, professores e funcion\u00e1rios da rede municipal, al\u00e9m de preparar a comunidade escolar para identificar poss\u00edveis amea\u00e7as e saber como agir diante de uma situa\u00e7\u00e3o de viol\u00eancia.<\/strong><\/p>\n<p>Entre as medidas previstas est\u00e3o<strong> a capacita\u00e7\u00e3o para identifica\u00e7\u00e3o de poss\u00edveis amea\u00e7as, treinamento para atua\u00e7\u00e3o em situa\u00e7\u00f5es de ataque, produ\u00e7\u00e3o de cartilhas educativas, palestras com especialistas em seguran\u00e7a escolar e cria\u00e7\u00e3o de um canal r\u00e1pido de comunica\u00e7\u00e3o com a Pol\u00edcia Militar e a Guarda Civil Metropolitana.<\/strong><\/p>\n<p>O projeto tamb\u00e9m prev\u00ea a possibilidade de monitoramento por imagens das escolas pela Guarda Municipal, al\u00e9m do acompanhamento cont\u00ednuo e preventivo de potenciais amea\u00e7as \u00e0s unidades de ensino. \u201cA escola precisa ser um lugar seguro para nossas crian\u00e7as, professores e todos os profissionais que trabalham diariamente na educa\u00e7\u00e3o. N\u00e3o podemos esperar que uma situa\u00e7\u00e3o grave aconte\u00e7a para pensar em preven\u00e7\u00e3o. Precisamos preparar as pessoas, estabelecer protocolos e aproximar ainda mais as escolas das for\u00e7as de seguran\u00e7a. \u00c9 isso que estamos propondo com esse projeto\u201d, afirma.<\/p>\n<h2>\nPreven\u00e7\u00e3o e prepara\u00e7\u00e3o<\/h2>\n<p>O Projeto de Lei n\u00ba 278\/2025 <strong>estabelece que a implementa\u00e7\u00e3o das a\u00e7\u00f5es ocorra de maneira intersetorial e integrada, sob coordena\u00e7\u00e3o do Poder Executivo<\/strong>. A proposta prev\u00ea ainda treinamento de alunos, professores e funcion\u00e1rios para identificar e comunicar situa\u00e7\u00f5es de risco em sua fase inicial e para saber como agir diante de uma eventual ocorr\u00eancia.<\/p>\n<p>O munic\u00edpio tamb\u00e9m poder\u00e1 firmar conv\u00eanios e parcerias para treinamentos e a\u00e7\u00f5es preventivas com for\u00e7as de seguran\u00e7a p\u00fablica, universidades e empresas especializadas em seguran\u00e7a escolar, entre outras institui\u00e7\u00f5es.<\/p>\n<p>Segundo o parlamentar, <strong>o objetivo n\u00e3o \u00e9 criar um ambiente de medo dentro das escolas, mas justamente trabalhar para que elas estejam preparadas e protegidas.<\/strong> \u201cQuando acontece um epis\u00f3dio de viol\u00eancia dentro de uma escola, \u00e9 natural que pais e respons\u00e1veis fiquem preocupados. O nosso projeto trabalha justamente no caminho da preven\u00e7\u00e3o. Queremos que professores, funcion\u00e1rios e alunos estejam preparados, que exista comunica\u00e7\u00e3o r\u00e1pida com as for\u00e7as de seguran\u00e7a e que poss\u00edveis amea\u00e7as sejam identificadas antes que algo mais grave aconte\u00e7a\u201d, explica.<\/p>\n<p>Entre os princ\u00edpios previstos no projeto est\u00e3o o reconhecimento da escola como ambiente seguro, a prote\u00e7\u00e3o \u00e0 vida de estudantes, professores e servidores e a import\u00e2ncia da integra\u00e7\u00e3o com as for\u00e7as de seguran\u00e7a. <strong>\u201cSeguran\u00e7a nas escolas precisa ser tratada de forma permanente. Educa\u00e7\u00e3o, preven\u00e7\u00e3o e seguran\u00e7a t\u00eam que caminhar juntas. Estamos falando de proteger nossas crian\u00e7as e adolescentes e tamb\u00e9m todos aqueles que trabalham diariamente dentro das nossas escolas\u201d<\/strong>, conclui.<\/p>\n<p>O Projeto de Lei n\u00ba 278\/2025 ser\u00e1 apreciado pelos vereadores durante a sess\u00e3o ordin\u00e1ria desta quarta-feira, 2 de setembro, na C\u00e2mara Municipal de Ribeir\u00e3o Preto. <strong>O evento ser\u00e1 transmisitido pela TH+TV, a partir das 18h30. Assista pelos canais 32.1 ou 522, al\u00e9m do YouTube.\u00a0<\/strong><\/p>\n<h2>Ordem do Dia<\/h2>\n<p>Saiba o que os vereadores discutem nesta quarta-feira:<\/p>\n<table class=\"table table-striped\">\n<tbody>\n<tr class=\"odd\">\n<th width=\"5%\">Item<\/th>\n<th width=\"80%\">Mat\u00e9ria<\/th>\n<th width=\"15%\">Resultado<\/th>\n<\/tr>\n<tr>\n<td>\n<p><b>1<\/b><\/p>\n<\/td>\n<td><b>1\u00aa e 2\u00aa Discuss\u00f5es<\/b>\u00a0do\u00a0<i class=\"fas fa-external-link-alt\"\/>\u00a0<a href=\"https:\/\/publico.camararibeiraopreto.sp.gov.br\/pysc\/download_materia_pysc?cod_materia=NDk3Mzg1&amp;texto_original=1\" target=\"_blank\" rel=\"noopener\"><b>Projeto de Lei Complementar n\u00ba 33\/2026<\/b><\/a>\u00a0\u2013\u00a0<b>PREFEITO MUNICIPAL<\/b>\u00a0\u2013 DISP\u00d5E SOBRE ALTERA\u00c7\u00c3O DA DESTINA\u00c7\u00c3O DE \u00c1REAS SITUADAS NOS LOTEAMENTOS NOVA ALIAN\u00c7A E NOVA ALIAN\u00c7A SUL E D\u00c1 OUTRAS PROVID\u00caNCIAS.<\/td>\n<td class=\"text-center\"><span class=\"small\"><i>Mat\u00e9ria n\u00e3o votada<\/i><\/span><\/td>\n<\/tr>\n<tr class=\"even\">\n<td>\n<p><b>1<\/b><\/p>\n<\/td>\n<td><b>2\u00aa Discuss\u00e3o<\/b>\u00a0do\u00a0<i class=\"fas fa-external-link-alt\"\/>\u00a0<a href=\"https:\/\/publico.camararibeiraopreto.sp.gov.br\/pysc\/download_materia_pysc?cod_materia=NDk3Mzg1&amp;texto_original=1\" target=\"_blank\" rel=\"noopener\"><b>Projeto de Lei Complementar n\u00ba 33\/2026<\/b><\/a>\u00a0\u2013\u00a0<b>PREFEITO MUNICIPAL<\/b>\u00a0\u2013 DISP\u00d5E SOBRE ALTERA\u00c7\u00c3O DA DESTINA\u00c7\u00c3O DE \u00c1REAS SITUADAS NOS LOTEAMENTOS NOVA ALIAN\u00c7A E NOVA ALIAN\u00c7A SUL E D\u00c1 OUTRAS PROVID\u00caNCIAS.<\/td>\n<td class=\"text-center\"><span class=\"small\"><i>Mat\u00e9ria n\u00e3o votada<\/i><\/span><\/td>\n<\/tr>\n<tr>\n<td>\n<p><b>2<\/b><\/p>\n<\/td>\n<td><b>Discuss\u00e3o \u00danica<\/b>\u00a0do\u00a0<i class=\"fas fa-external-link-alt\"\/>\u00a0<a href=\"https:\/\/publico.camararibeiraopreto.sp.gov.br\/pysc\/download_materia_pysc?cod_materia=NTAyMzA5&amp;texto_original=1\" target=\"_blank\" rel=\"noopener\"><b>Projeto de Lei n\u00ba 304\/2026<\/b><\/a>\u00a0\u2013\u00a0<b>PREFEITO MUNICIPAL<\/b>\u00a0\u2013 AUTORIZA A PREFEITURA MUNICIPAL DE RIBEIR\u00c3O PRETO A ABRIR CR\u00c9DITO ESPECIAL NO VALOR DE R$ 1.307.950,00 (UM MILH\u00c3O, TREZENTOS E SETE MIL, NOVECENTOS E CINQUENTA REAIS), PARA ATENDER NECESSIDADE DE ADEQUA\u00c7\u00c3O OR\u00c7AMENT\u00c1RIA, NA SECRETARIA MUNICIPAL DE PLANEJAMENTO, DESENVOLVIMENTO URBANO E HABITA\u00c7\u00c3O, NO OR\u00c7AMENTO DO CORRENTE EXERC\u00cdCIO E D\u00c1 OUTRAS PROVID\u00caNCIAS (REGULARIZA\u00c7\u00c3O FUNDI\u00c1RIA\/AVELINO ALVES PALMA E ZARA).<\/td>\n<td class=\"text-center\"><span class=\"small\"><i>Mat\u00e9ria n\u00e3o votada<\/i><\/span><\/td>\n<\/tr>\n<tr>\n<td\/>\n<td><a href=\"https:\/\/publico.camararibeiraopreto.sp.gov.br\/sapl_documentos\/parecer_comissao\/22765_parecer.pdf\" target=\"_blank\" rel=\"noopener\"><b>Parecer CFOFCT n\u00ba 205\/2026 ao PL 304\/2026<\/b><\/a>\u00a0Favor\u00e1vel \u00e0 aprova\u00e7\u00e3o da mat\u00e9ria. Relatoria: Matheus Moreno<\/td>\n<td class=\"text-center\"><span class=\"small\"><i>Mat\u00e9ria n\u00e3o sujeita a vota\u00e7\u00e3o.<\/i><\/span><\/td>\n<\/tr>\n<tr>\n<td\/>\n<td><a href=\"https:\/\/publico.camararibeiraopreto.sp.gov.br\/sapl_documentos\/parecer_comissao\/22764_parecer.pdf\" target=\"_blank\" rel=\"noopener\"><b>Parecer CFOFCT n\u00ba 204\/2026 ao PL 304\/2026<\/b><\/a>\u00a0Favor\u00e1vel \u00e0 aprova\u00e7\u00e3o da mat\u00e9ria. Relatoria: Matheus Moreno<\/td>\n<td class=\"text-center\"><span class=\"small\"><i>Mat\u00e9ria n\u00e3o sujeita a vota\u00e7\u00e3o.<\/i><\/span><\/td>\n<\/tr>\n<tr>\n<td\/>\n<td><a href=\"https:\/\/publico.camararibeiraopreto.sp.gov.br\/sapl_documentos\/parecer_comissao\/22763_parecer.pdf\" target=\"_blank\" rel=\"noopener\"><b>Parecer CCJR n\u00ba 223\/2026 ao PL 304\/2026<\/b><\/a>\u00a0Favor\u00e1vel \u00e0 aprova\u00e7\u00e3o da mat\u00e9ria. Relatoria: Matheus Moreno<\/td>\n<td class=\"text-center\"><span class=\"small\"><i>Mat\u00e9ria n\u00e3o sujeita a vota\u00e7\u00e3o.<\/i><\/span><\/td>\n<\/tr>\n<tr class=\"even\">\n<td>\n<p><b>3<\/b><\/p>\n<\/td>\n<td><b>Discuss\u00e3o \u00danica<\/b>\u00a0do\u00a0<i class=\"fas fa-external-link-alt\"\/>\u00a0<a href=\"https:\/\/publico.camararibeiraopreto.sp.gov.br\/pysc\/download_materia_pysc?cod_materia=NDY1Mjcw&amp;texto_original=1\" target=\"_blank\" rel=\"noopener\"><b>Projeto de Lei n\u00ba 278\/2025<\/b><\/a>\u00a0\u2013\u00a0<b>Danilo Scochi<\/b>\u00a0\u2013 INSTITUI O PROGRAMA MUNICIPAL DE PREVEN\u00c7\u00c3O CONTRA A PR\u00c1TICA DE ATENTADOS VIOLENTOS NAS DEPEND\u00caNCIAS DAS ESCOLAS MUNICIPAIS E D\u00c1 OUTRAS PROVID\u00caNCIAS<\/td>\n<td class=\"text-center\"><span class=\"small\"><i>Mat\u00e9ria n\u00e3o votada<\/i><\/span><\/td>\n<\/tr>\n<tr>\n<td\/>\n<td><a href=\"https:\/\/publico.camararibeiraopreto.sp.gov.br\/sapl_documentos\/parecer_comissao\/22767_parecer.pdf\" target=\"_blank\" rel=\"noopener\"><b>Parecer CCJR n\u00ba 224\/2026 ao PL 278\/2025<\/b><\/a>\u00a0Favor\u00e1vel \u00e0 aprova\u00e7\u00e3o da mat\u00e9ria. Relatoria: Maur\u00edcio Vila Abranches<\/td>\n<td class=\"text-center\"><span class=\"small\"><i>Mat\u00e9ria n\u00e3o sujeita a vota\u00e7\u00e3o.<\/i><\/span><\/td>\n<\/tr>\n<tr>\n<td\/>\n<td><a href=\"https:\/\/publico.camararibeiraopreto.sp.gov.br\/sapl_documentos\/parecer_comissao\/22766_parecer.pdf\" target=\"_blank\" rel=\"noopener\"><b>Parecer CFOFCT n\u00ba 206\/2026 ao PL 278\/2025<\/b><\/a>\u00a0Favor\u00e1vel \u00e0 aprova\u00e7\u00e3o da mat\u00e9ria. Relatoria: Maur\u00edcio Vila Abranches<\/td>\n<td class=\"text-center\"><span class=\"small\"><i>Mat\u00e9ria n\u00e3o sujeita a vota\u00e7\u00e3o.<\/i><\/span><\/td>\n<\/tr>\n<tr>\n<td>\n<p><b>4<\/b><\/p>\n<\/td>\n<td><b>Discuss\u00e3o \u00danica<\/b>\u00a0do\u00a0<i class=\"fas fa-external-link-alt\"\/>\u00a0<a href=\"https:\/\/publico.camararibeiraopreto.sp.gov.br\/pysc\/download_materia_pysc?cod_materia=NDk4NTIy&amp;texto_original=1\" target=\"_blank\" rel=\"noopener\"><b>Projeto de Decreto Legislativo n\u00ba 21\/2026<\/b><\/a>\u00a0\u2013\u00a0<b>Delegado Martinez<\/b>\u00a0\u2013 CONCEDE O T\u00cdTULO DE CIDAD\u00c3O RIBEIR\u00c3O-PRETANO AO PROFESSOR DOUTOR RODRIGO DO TOCANTINS CALADO DE SALOMA RODRIGUES, CONFORME ESPECIFICA.<\/td>\n<td class=\"text-center\"><span class=\"small\"><i>Mat\u00e9ria n\u00e3o votada<\/i><\/span><\/td>\n<\/tr>\n<tr>\n<td\/>\n<td><a href=\"https:\/\/publico.camararibeiraopreto.sp.gov.br\/sapl_documentos\/parecer_comissao\/22762_parecer.pdf\" target=\"_blank\" rel=\"noopener\"><b>Parecer CCOMTH n\u00ba 12\/2026 ao PDL 21\/2026<\/b><\/a>\u00a0Favor\u00e1vel \u00e0 aprova\u00e7\u00e3o da mat\u00e9ria. Relatoria: Jean Corauci<\/td>\n<td class=\"text-center\"><span class=\"small\"><i>Mat\u00e9ria n\u00e3o sujeita a vota\u00e7\u00e3o.<\/i><\/span><\/td>\n<\/tr>\n<tr>\n<td\/>\n<td><a href=\"https:\/\/publico.camararibeiraopreto.sp.gov.br\/sapl_documentos\/parecer_comissao\/22757_parecer.pdf\" target=\"_blank\" rel=\"noopener\"><b>Parecer CFOFCT n\u00ba 202\/2026 ao PDL 21\/2026<\/b><\/a>\u00a0Favor\u00e1vel \u00e0 aprova\u00e7\u00e3o da mat\u00e9ria. Relatoria: Matheus Moreno<\/td>\n<td class=\"text-center\"><span class=\"small\"><i>Mat\u00e9ria n\u00e3o sujeita a vota\u00e7\u00e3o.<\/i><\/span><\/td>\n<\/tr>\n<tr>\n<td\/>\n<td><a href=\"https:\/\/publico.camararibeiraopreto.sp.gov.br\/sapl_documentos\/parecer_comissao\/22756_parecer.pdf\" target=\"_blank\" rel=\"noopener\"><b>Parecer CCJR n\u00ba 221\/2026 ao PDL 21\/2026<\/b><\/a>\u00a0Favor\u00e1vel \u00e0 aprova\u00e7\u00e3o da mat\u00e9ria. Relatoria: Franco Ferro<\/td>\n<td class=\"text-center\"><span class=\"small\"><i>Mat\u00e9ria n\u00e3o sujeita a vota\u00e7\u00e3o.<\/i><\/span><\/td>\n<\/tr>\n<tr class=\"even\">\n<td>\n<p><b>5<\/b><\/p>\n<\/td>\n<td><b>Discuss\u00e3o \u00danica<\/b>\u00a0do\u00a0<i class=\"fas fa-external-link-alt\"\/>\u00a0<a href=\"https:\/\/publico.camararibeiraopreto.sp.gov.br\/pysc\/download_materia_pysc?cod_materia=NDk4NTIz&amp;texto_original=1\" target=\"_blank\" rel=\"noopener\"><b>Projeto de Decreto Legislativo n\u00ba 22\/2026<\/b><\/a>\u00a0\u2013\u00a0<b>Delegado Martinez<\/b>\u00a0\u2013 CONCEDE O T\u00cdTULO DE CIDAD\u00c3O EM\u00c9RITO DE RIBEIR\u00c3O PRETO AO PROFESSOR DOUTOR DIEGO VILLA CL\u00c9, CONFORME ESPECIFICA.<\/td>\n<td class=\"text-center\"><span class=\"small\"><i>Mat\u00e9ria n\u00e3o votada<\/i><\/span><\/td>\n<\/tr>\n<tr>\n<td\/>\n<td><a href=\"https:\/\/publico.camararibeiraopreto.sp.gov.br\/sapl_documentos\/parecer_comissao\/22761_parecer.pdf\" target=\"_blank\" rel=\"noopener\"><b>Parecer CCOMTH n\u00ba 11\/2026 ao PDL 22\/2026<\/b><\/a>\u00a0Favor\u00e1vel \u00e0 aprova\u00e7\u00e3o da mat\u00e9ria. Relatoria: Jean Corauci<\/td>\n<td class=\"text-center\"><span class=\"small\"><i>Mat\u00e9ria n\u00e3o sujeita a vota\u00e7\u00e3o.<\/i><\/span><\/td>\n<\/tr>\n<tr>\n<td\/>\n<td><a href=\"https:\/\/publico.camararibeiraopreto.sp.gov.br\/sapl_documentos\/parecer_comissao\/22760_parecer.pdf\" target=\"_blank\" rel=\"noopener\"><b>Parecer CFOFCT n\u00ba 203\/2026 ao PDL 22\/2026<\/b><\/a>\u00a0Favor\u00e1vel \u00e0 aprova\u00e7\u00e3o da mat\u00e9ria. Relatoria: Matheus Moreno<\/td>\n<td class=\"text-center\"><span class=\"small\"><i>Mat\u00e9ria n\u00e3o sujeita a vota\u00e7\u00e3o.<\/i><\/span><\/td>\n<\/tr>\n<tr>\n<td\/>\n<td><a href=\"https:\/\/publico.camararibeiraopreto.sp.gov.br\/sapl_documentos\/parecer_comissao\/22759_parecer.pdf\" target=\"_blank\" rel=\"noopener\"><b>Parecer CCJR n\u00ba 222\/2026 ao PDL 22\/2026<\/b><\/a>\u00a0Favor\u00e1vel \u00e0 aprova\u00e7\u00e3o da mat\u00e9ria. Relatoria: Franco Ferro<\/td>\n<td class=\"text-center\"><span class=\"small\"><i>Mat\u00e9ria n\u00e3o sujeita a vota\u00e7\u00e3o.<\/i><\/span><\/td>\n<\/tr>\n<\/tbody>\n<\/table>\n<p>\u00a0<\/p>\n<\/div>\n<p><br \/>\n<br \/><a href=\"https:\/\/thmais.com.br\/cidades\/ribeirao-preto\/apos-adolescente-esfaqueado-camara-vota-projeto-que-cria-programa-de-prevencao-a-ataques-violentos-em-escolas\/\">Link para o texto original aqui <\/a><\/p>\n<!-- CONTENT END 1 -->\n","protected":false},"excerpt":{"rendered":"<p>Os vereadores de Ribeir\u00e3o Preto votam nesta quarta-feira (02), durante Sess\u00e3o Ordin\u00e1ria, o Projeto de Lei n\u00ba 278\/2025, de autoria do vereador Danilo Scochi (MDB),&#8230;<\/p>\n","protected":false},"author":1,"featured_media":90966,"comment_status":"","ping_status":"","sticky":false,"template":"","format":"standard","meta":{"advanced_seo_description":"","jetpack_seo_html_title":"","jetpack_seo_noindex":false,"jetpack_seo_schema_type":"","_jetpack_newsletter_access":"","_jetpack_dont_email_post_to_subs":false,"_jetpack_newsletter_tier_id":0,"_jetpack_memberships_contains_paywalled_content":false,"_jetpack_feature_clip_id":0,"_jetpack_memberships_contains_paid_content":false,"footnotes":"","jetpack_publicize_message":"","jetpack_publicize_feature_enabled":true,"jetpack_social_post_already_shared":true,"jetpack_social_options":{"image_generator_settings":{"template":"highway","default_image_id":0,"font":"","enabled":false},"version":2},"jetpack_post_was_ever_published":false},"categories":[11],"tags":[78,37,3364,154,1859,6668,590,2865,4686,1626,1444,1071,685,6456,6762,4554],"class_list":["post-90965","post","type-post","status-publish","format-standard","has-post-thumbnail","hentry","category-noticias-de-ribeirao-preto-sp-e-regiao-ismael-colosi","tag-adolescente","tag-apos","tag-ataques","tag-camara","tag-cria","tag-danilo-scochi","tag-escolas","tag-esfaqueado","tag-noticias","tag-politica","tag-prevencao","tag-programa","tag-projeto","tag-ribeirao-preto","tag-violentos","tag-vota"],"jetpack_publicize_connections":[],"jetpack-related-posts":[{"id":20194,"url":"https:\/\/noticiasribeiraopreto.com.br\/index.php\/2023\/12\/24\/camara-na-escola-atrai-mais-de-dois-mil-estudantes\/","url_meta":{"origin":90965,"position":0},"title":"C\u00e2mara na Escola\u00a0atrai mais de dois mil estudantes","author":"noticiasribeiraopreto.com.br","date":"24 de December de 2023","format":false,"excerpt":"24 de dezembro de 2023 | 14:0024 de dezembro de 2023 | 11:00 0Este ano o programa C\u00e2mara na Escola, realizado pelo Legislativo de Ribeir\u00e3o Preto recebeu 33 escolas totalizando 2.392 estudantes nas visitas monitoradas e nas palestras realizadas. Foram 83 visitas guiadas em que os alunos aprenderam sobre a\u2026","rel":"","context":"In &quot;Not\u00edcias de Ribeir\u00e3o Preto-SP e Regi\u00e3o&quot;","block_context":{"text":"Not\u00edcias de Ribeir\u00e3o Preto-SP e Regi\u00e3o","link":"https:\/\/noticiasribeiraopreto.com.br\/index.php\/category\/noticias-de-ribeirao-preto-sp-e-regiao-ismael-colosi\/"},"img":{"alt_text":"","src":"https:\/\/i0.wp.com\/noticiasribeiraopreto.com.br\/wp-content\/uploads\/2023\/12\/1-camara-escola-1_credioSilviaMoaraes-scaled.jpg?fit=933%2C645&ssl=1&resize=350%2C200","width":350,"height":200,"srcset":"https:\/\/i0.wp.com\/noticiasribeiraopreto.com.br\/wp-content\/uploads\/2023\/12\/1-camara-escola-1_credioSilviaMoaraes-scaled.jpg?fit=933%2C645&ssl=1&resize=350%2C200 1x, https:\/\/i0.wp.com\/noticiasribeiraopreto.com.br\/wp-content\/uploads\/2023\/12\/1-camara-escola-1_credioSilviaMoaraes-scaled.jpg?fit=933%2C645&ssl=1&resize=525%2C300 1.5x, https:\/\/i0.wp.com\/noticiasribeiraopreto.com.br\/wp-content\/uploads\/2023\/12\/1-camara-escola-1_credioSilviaMoaraes-scaled.jpg?fit=933%2C645&ssl=1&resize=700%2C400 2x"},"classes":[]},{"id":90473,"url":"https:\/\/noticiasribeiraopreto.com.br\/index.php\/2026\/08\/23\/o-que-se-sabe-sobre-caso-de-aluno-esfaqueado-em-escola-no-interior-de-sp\/","url_meta":{"origin":90965,"position":1},"title":"O que se sabe sobre caso de aluno esfaqueado em escola no interior de SP","author":"noticiasribeiraopreto.com.br","date":"23 de August de 2026","format":false,"excerpt":"Na \u00faltima sexta-feira (21), um adolescente de 13 anos ficou ferido ap\u00f3s ser atingido com uma faca nas costas por um colega de turma dentro do Col\u00e9gio Itamarati, no Jardim Iraj\u00e1, zona Sul de Ribeir\u00e3o Preto. O jovem foi socorrido e levado a um hospital particular, onde permanece internado na\u2026","rel":"","context":"In &quot;Not\u00edcias de Ribeir\u00e3o Preto-SP e Regi\u00e3o&quot;","block_context":{"text":"Not\u00edcias de Ribeir\u00e3o Preto-SP e Regi\u00e3o","link":"https:\/\/noticiasribeiraopreto.com.br\/index.php\/category\/noticias-de-ribeirao-preto-sp-e-regiao-ismael-colosi\/"},"img":{"alt_text":"","src":"https:\/\/i0.wp.com\/noticiasribeiraopreto.com.br\/wp-content\/uploads\/2026\/08\/1787499349_colegio-itamarari.jpeg?fit=1200%2C675&ssl=1&resize=350%2C200","width":350,"height":200,"srcset":"https:\/\/i0.wp.com\/noticiasribeiraopreto.com.br\/wp-content\/uploads\/2026\/08\/1787499349_colegio-itamarari.jpeg?fit=1200%2C675&ssl=1&resize=350%2C200 1x, https:\/\/i0.wp.com\/noticiasribeiraopreto.com.br\/wp-content\/uploads\/2026\/08\/1787499349_colegio-itamarari.jpeg?fit=1200%2C675&ssl=1&resize=525%2C300 1.5x, https:\/\/i0.wp.com\/noticiasribeiraopreto.com.br\/wp-content\/uploads\/2026\/08\/1787499349_colegio-itamarari.jpeg?fit=1200%2C675&ssl=1&resize=700%2C400 2x, https:\/\/i0.wp.com\/noticiasribeiraopreto.com.br\/wp-content\/uploads\/2026\/08\/1787499349_colegio-itamarari.jpeg?fit=1200%2C675&ssl=1&resize=1050%2C600 3x"},"classes":[]},{"id":90401,"url":"https:\/\/noticiasribeiraopreto.com.br\/index.php\/2026\/08\/21\/adolescente-e-esfaqueado-em-escola-particular-da-zona-sul\/","url_meta":{"origin":90965,"position":2},"title":"Adolescente \u00e9 esfaqueado em escola particular da zona Sul","author":"noticiasribeiraopreto.com.br","date":"21 de August de 2026","format":false,"excerpt":"\r De acordo com a PM, a faca usada por um aluno, que ficou cravada nas costas da v\u00edtima, foi retirada da cozinha da escola\r \r 21 de agosto de 2026 13:27 \r Compartilhar1 | Por: Adalberto Luque | Um adolescente de 13 anos ficou gravemente ferido ao ser esfaqueado\u2026","rel":"","context":"In &quot;Not\u00edcias de Ribeir\u00e3o Preto-SP e Regi\u00e3o&quot;","block_context":{"text":"Not\u00edcias de Ribeir\u00e3o Preto-SP e Regi\u00e3o","link":"https:\/\/noticiasribeiraopreto.com.br\/index.php\/category\/noticias-de-ribeirao-preto-sp-e-regiao-ismael-colosi\/"},"img":{"alt_text":"","src":"https:\/\/i0.wp.com\/noticiasribeiraopreto.com.br\/wp-content\/uploads\/2026\/08\/21-ago-2026-facadaitamarati-scaled.jpg?fit=1040%2C780&ssl=1&resize=350%2C200","width":350,"height":200,"srcset":"https:\/\/i0.wp.com\/noticiasribeiraopreto.com.br\/wp-content\/uploads\/2026\/08\/21-ago-2026-facadaitamarati-scaled.jpg?fit=1040%2C780&ssl=1&resize=350%2C200 1x, https:\/\/i0.wp.com\/noticiasribeiraopreto.com.br\/wp-content\/uploads\/2026\/08\/21-ago-2026-facadaitamarati-scaled.jpg?fit=1040%2C780&ssl=1&resize=525%2C300 1.5x, https:\/\/i0.wp.com\/noticiasribeiraopreto.com.br\/wp-content\/uploads\/2026\/08\/21-ago-2026-facadaitamarati-scaled.jpg?fit=1040%2C780&ssl=1&resize=700%2C400 2x"},"classes":[]},{"id":59505,"url":"https:\/\/noticiasribeiraopreto.com.br\/index.php\/2024\/10\/25\/adolescente-agressor-e-encaminhado-a-fundacao-casa-apos-ataque-em-escola-de-pitangueiras-sp\/","url_meta":{"origin":90965,"position":3},"title":"Adolescente Agressor \u00e9 Encaminhado \u00e0 Funda\u00e7\u00e3o Casa ap\u00f3s Ataque em Escola de Pitangueiras, SP","author":"noticiasribeiraopreto.com.br","date":"25 de October de 2024","format":false,"excerpt":"Em Pitangueiras, SP, um incidente de viol\u00eancia escolar resultou no encaminhamento de um adolescente de 16 anos \u00e0 Funda\u00e7\u00e3o Casa, ap\u00f3s ele ter esfaqueado um colega dentro de uma escola. O epis\u00f3dio, que deixou a comunidade alarmada, reacendeu debates sobre a seguran\u00e7a escolar e a import\u00e2ncia de medidas preventivas para\u2026","rel":"","context":"In &quot;Not\u00edcias de Ribeir\u00e3o Preto-SP e Regi\u00e3o&quot;","block_context":{"text":"Not\u00edcias de Ribeir\u00e3o Preto-SP e Regi\u00e3o","link":"https:\/\/noticiasribeiraopreto.com.br\/index.php\/category\/noticias-de-ribeirao-preto-sp-e-regiao-ismael-colosi\/"},"img":{"alt_text":"","src":"https:\/\/i0.wp.com\/noticiasribeiraopreto.com.br\/wp-content\/uploads\/2024\/09\/Policia-Militar-e1717532645165.webp.webp?fit=800%2C450&ssl=1&resize=350%2C200","width":350,"height":200,"srcset":"https:\/\/i0.wp.com\/noticiasribeiraopreto.com.br\/wp-content\/uploads\/2024\/09\/Policia-Militar-e1717532645165.webp.webp?fit=800%2C450&ssl=1&resize=350%2C200 1x, https:\/\/i0.wp.com\/noticiasribeiraopreto.com.br\/wp-content\/uploads\/2024\/09\/Policia-Militar-e1717532645165.webp.webp?fit=800%2C450&ssl=1&resize=525%2C300 1.5x, https:\/\/i0.wp.com\/noticiasribeiraopreto.com.br\/wp-content\/uploads\/2024\/09\/Policia-Militar-e1717532645165.webp.webp?fit=800%2C450&ssl=1&resize=700%2C400 2x"},"classes":[]},{"id":86163,"url":"https:\/\/noticiasribeiraopreto.com.br\/index.php\/2026\/06\/03\/camara-vota-pl-que-obriga-a-divulgacao-em-tempo-real-do-numero-de-alunos-que-aguardam-vagas-em-escolas-municipais\/","url_meta":{"origin":90965,"position":4},"title":"C\u00e2mara vota PL que obriga a divulga\u00e7\u00e3o em tempo real do n\u00famero de alunos que aguardam vagas em escolas municipais &#8211; THMais","author":"noticiasribeiraopreto.com.br","date":"3 de June de 2026","format":false,"excerpt":"Os vereadores de Ribeir\u00e3o Preto votam nesta quarta-feira (03), durante Sess\u00e3o Ordin\u00e1ria, o Projeto de Lei N\u00b042\/2026, que obriga a divulga\u00e7\u00e3o em tempo real do n\u00famero de alunos que aguardam uma vaga em escolas da rede municipal de ensino.\u201cFica institu\u00edda a obrigatoriedade de transpar\u00eancia ativa e permanente das informa\u00e7\u00f5es relativas\u2026","rel":"","context":"In &quot;Not\u00edcias de Ribeir\u00e3o Preto-SP e Regi\u00e3o&quot;","block_context":{"text":"Not\u00edcias de Ribeir\u00e3o Preto-SP e Regi\u00e3o","link":"https:\/\/noticiasribeiraopreto.com.br\/index.php\/category\/noticias-de-ribeirao-preto-sp-e-regiao-ismael-colosi\/"},"img":{"alt_text":"","src":"https:\/\/i0.wp.com\/noticiasribeiraopreto.com.br\/wp-content\/uploads\/2026\/06\/educacao_volta_as_aulas_2025_-_foto_guilherme_sircili___8.jpeg?fit=1200%2C799&ssl=1&resize=350%2C200","width":350,"height":200,"srcset":"https:\/\/i0.wp.com\/noticiasribeiraopreto.com.br\/wp-content\/uploads\/2026\/06\/educacao_volta_as_aulas_2025_-_foto_guilherme_sircili___8.jpeg?fit=1200%2C799&ssl=1&resize=350%2C200 1x, https:\/\/i0.wp.com\/noticiasribeiraopreto.com.br\/wp-content\/uploads\/2026\/06\/educacao_volta_as_aulas_2025_-_foto_guilherme_sircili___8.jpeg?fit=1200%2C799&ssl=1&resize=525%2C300 1.5x, https:\/\/i0.wp.com\/noticiasribeiraopreto.com.br\/wp-content\/uploads\/2026\/06\/educacao_volta_as_aulas_2025_-_foto_guilherme_sircili___8.jpeg?fit=1200%2C799&ssl=1&resize=700%2C400 2x, https:\/\/i0.wp.com\/noticiasribeiraopreto.com.br\/wp-content\/uploads\/2026\/06\/educacao_volta_as_aulas_2025_-_foto_guilherme_sircili___8.jpeg?fit=1200%2C799&ssl=1&resize=1050%2C600 3x"},"classes":[]},{"id":74392,"url":"https:\/\/noticiasribeiraopreto.com.br\/index.php\/2025\/07\/22\/executivo-veta-20-dos-projetos-da-camara\/","url_meta":{"origin":90965,"position":5},"title":"Executivo veta 20% dos projetos da C\u00e2mara","author":"noticiasribeiraopreto.com.br","date":"22 de July de 2025","format":false,"excerpt":"22 de julho de 2025 08:3021 de julho de 2025 19:514 Compartilhar0 Levantamento do Tribuna junto \u00e0 C\u00e2mara de Ribeir\u00e3o Preto revela que, no primeiro semestre legislativo deste ano \u2013 entre 4 de fevereiro e 14 de julho \u2013, dos 75 projetos de lei dos vereadores aprovados, 15 foram vetados\u2026","rel":"","context":"In &quot;Not\u00edcias de Ribeir\u00e3o Preto-SP e Regi\u00e3o&quot;","block_context":{"text":"Not\u00edcias de Ribeir\u00e3o Preto-SP e Regi\u00e3o","link":"https:\/\/noticiasribeiraopreto.com.br\/index.php\/category\/noticias-de-ribeirao-preto-sp-e-regiao-ismael-colosi\/"},"img":{"alt_text":"","src":"https:\/\/i0.wp.com\/noticiasribeiraopreto.com.br\/wp-content\/uploads\/2025\/07\/ProjetoCAM-Thaisa-Coroado-Camara-scaled.jpg?fit=1170%2C780&ssl=1&resize=350%2C200","width":350,"height":200,"srcset":"https:\/\/i0.wp.com\/noticiasribeiraopreto.com.br\/wp-content\/uploads\/2025\/07\/ProjetoCAM-Thaisa-Coroado-Camara-scaled.jpg?fit=1170%2C780&ssl=1&resize=350%2C200 1x, https:\/\/i0.wp.com\/noticiasribeiraopreto.com.br\/wp-content\/uploads\/2025\/07\/ProjetoCAM-Thaisa-Coroado-Camara-scaled.jpg?fit=1170%2C780&ssl=1&resize=525%2C300 1.5x, https:\/\/i0.wp.com\/noticiasribeiraopreto.com.br\/wp-content\/uploads\/2025\/07\/ProjetoCAM-Thaisa-Coroado-Camara-scaled.jpg?fit=1170%2C780&ssl=1&resize=700%2C400 2x, https:\/\/i0.wp.com\/noticiasribeiraopreto.com.br\/wp-content\/uploads\/2025\/07\/ProjetoCAM-Thaisa-Coroado-Camara-scaled.jpg?fit=1170%2C780&ssl=1&resize=1050%2C600 3x"},"classes":[]}],"jetpack_sharing_enabled":true,"jetpack_shortlink":"https:\/\/wp.me\/peQAOb-nFb","jetpack_featured_media_url":"https:\/\/i0.wp.com\/noticiasribeiraopreto.com.br\/wp-content\/uploads\/2026\/09\/Captura-de-tela-2025-01-07-084753.png?fit=1130%2C817&ssl=1","_links":{"self":[{"href":"https:\/\/noticiasribeiraopreto.com.br\/index.php\/wp-json\/wp\/v2\/posts\/90965","targetHints":{"allow":["GET"]}}],"collection":[{"href":"https:\/\/noticiasribeiraopreto.com.br\/index.php\/wp-json\/wp\/v2\/posts"}],"about":[{"href":"https:\/\/noticiasribeiraopreto.com.br\/index.php\/wp-json\/wp\/v2\/types\/post"}],"author":[{"embeddable":true,"href":"https:\/\/noticiasribeiraopreto.com.br\/index.php\/wp-json\/wp\/v2\/users\/1"}],"replies":[{"embeddable":true,"href":"https:\/\/noticiasribeiraopreto.com.br\/index.php\/wp-json\/wp\/v2\/comments?post=90965"}],"version-history":[{"count":0,"href":"https:\/\/noticiasribeiraopreto.com.br\/index.php\/wp-json\/wp\/v2\/posts\/90965\/revisions"}],"wp:featuredmedia":[{"embeddable":true,"href":"https:\/\/noticiasribeiraopreto.com.br\/index.php\/wp-json\/wp\/v2\/media\/90966"}],"wp:attachment":[{"href":"https:\/\/noticiasribeiraopreto.com.br\/index.php\/wp-json\/wp\/v2\/media?parent=90965"}],"wp:term":[{"taxonomy":"category","embeddable":true,"href":"https:\/\/noticiasribeiraopreto.com.br\/index.php\/wp-json\/wp\/v2\/categories?post=90965"},{"taxonomy":"post_tag","embeddable":true,"href":"https:\/\/noticiasribeiraopreto.com.br\/index.php\/wp-json\/wp\/v2\/tags?post=90965"}],"curies":[{"name":"wp","href":"https:\/\/api.w.org\/{rel}","templated":true}]}}