{"id":90967,"date":"2026-09-02T09:53:20","date_gmt":"2026-09-02T12:53:20","guid":{"rendered":"https:\/\/noticiasribeiraopreto.com.br\/index.php\/2026\/09\/02\/anvisa-suspende-fabricacao-de-produtos-de-limpeza-da-unilever-em-sp-apos-fiscalizacao\/"},"modified":"2026-09-02T09:53:20","modified_gmt":"2026-09-02T12:53:20","slug":"anvisa-suspende-fabricacao-de-produtos-de-limpeza-da-unilever-em-sp-apos-fiscalizacao","status":"publish","type":"post","link":"https:\/\/noticiasribeiraopreto.com.br\/index.php\/2026\/09\/02\/anvisa-suspende-fabricacao-de-produtos-de-limpeza-da-unilever-em-sp-apos-fiscalizacao\/","title":{"rendered":"Anvisa suspende fabrica\u00e7\u00e3o de produtos de limpeza da Unilever em SP ap\u00f3s fiscaliza\u00e7\u00e3o"},"content":{"rendered":"<div class='code-block code-block-1' style='margin: 8px 0 8px auto; text-align: right; display: block; clear: both;'>\n<p><a href=\"https:\/\/wa.link\/vpicfd\"><img data-recalc-dims=\"1\" class=\"wp-image-4922\" style=\"aspect-ratio: 2.0253164556962027; width: 561px; height: auto;\" src=\"https:\/\/i0.wp.com\/ismaelcolosi.com.br\/wp-content\/uploads\/2023\/11\/grupo-de-empregos-whatsapp-e-facebook-ismael-colosi-vagas.jpg?ssl=1\" alt=\"\" \/><\/a><\/p>\n<!-- \/wp:image -->\n<\/div>\n<p> <br \/>\n<\/p>\n<p>A <a href=\"https:\/\/www.gov.br\/anvisa\/pt-br\" data-type=\"link\" data-id=\"https:\/\/www.gov.br\/anvisa\/pt-br\" target=\"_blank\" rel=\"noopener\">Anvisa (Ag\u00eancia Nacional de Vigil\u00e2ncia Sanit\u00e1ria)<\/a> determinou, nesta quarta-feira (2) a suspens\u00e3o cautelar da fabrica\u00e7\u00e3o de linhas de produtos de limpeza e saneantes na unidade fabril da multinacional Unilever localizada em Vinhedo, no interior de S\u00e3o Paulo. A medida administrativa foi publicada no <a href=\"https:\/\/www.in.gov.br\/web\/dou\/-\/resolucao-re-n-3.443-de-1-de-setembro-de-2026-729412771\" data-type=\"link\" data-id=\"https:\/\/www.in.gov.br\/web\/dou\/-\/resolucao-re-n-3.443-de-1-de-setembro-de-2026-729412771\" target=\"_blank\" rel=\"noopener\"><strong>Di\u00e1rio Oficial da Uni\u00e3o <\/strong>(clique aqui) <\/a>ap\u00f3s fiscaliza\u00e7\u00e3o do \u00f3rg\u00e3o.<\/p>\n<p class=\"has-cyan-bluish-gray-background-color has-background\"><em>Receba not\u00edcias do\u00a0<strong>acidade on Ribeir\u00e3o\u00a0<\/strong>no WhatsApp e fique por dentro de tudo! Basta acessar o link<a href=\"https:\/\/chat.whatsapp.com\/DfXwcjKVIddHUT3BvnQuPZ?mode=hqctshi\" target=\"_blank\" rel=\"noreferrer noopener\">\u00a0aqui<\/a>!<\/em><\/p>\n<p>Em nota, a Unilever informou que as linhas de fabrica\u00e7\u00e3o foram temporariamente suspensas para implementa\u00e7\u00e3o das melhorias operacionais solicitadas. Veja a \u00edntegra do comunicado abaixo.<\/p>\n<h2 class=\"wp-block-heading\"><strong>Descumprimento de Boas Pr\u00e1ticas<\/strong><\/h2>\n<p>Segundo o relat\u00f3rio da Anvisa, a interdi\u00e7\u00e3o da produ\u00e7\u00e3o decorre do descumprimento de par\u00e2metros t\u00e9cnicos previstos nas Boas Pr\u00e1ticas de Fabrica\u00e7\u00e3o (BPF). As diretrizes visam garantir o controle higi\u00eanico-sanit\u00e1rio, a rastreabilidade dos insumos e a conformidade qu\u00edmica dos produtos destinados ao consumidor final.<\/p>\n<p>A a\u00e7\u00e3o \u00e9 preventiva e foi adotada ap\u00f3s inspe\u00e7\u00e3o realizada entre os dias 24 e 28 de agosto pela Anvisa, em conjunto com o Centro de Vigil\u00e2ncia Sanit\u00e1ria do Estado de S\u00e3o Paulo e a Vigil\u00e2ncia Sanit\u00e1ria do Munic\u00edpio de Vinhedo, para assegurar que futuros lotes da empresa n\u00e3o ofere\u00e7am risco \u00e0 sa\u00fade p\u00fablica.<\/p>\n<p>Entre as inconsist\u00eancias mapeadas, est\u00e3o falhas nos controles realizados durante a fabrica\u00e7\u00e3o e antes da libera\u00e7\u00e3o dos produtos, defici\u00eancias no monitoramento da \u00e1gua utilizada no processo produtivo e fragilidades na investiga\u00e7\u00e3o e corre\u00e7\u00e3o de problemas identificados pela pr\u00f3pria empresa.<\/p>\n<figure class=\"wp-block-image size-large\"><figcaption class=\"wp-element-caption\">Foto: Valter Campanato \/ Ag\u00eancia Brasil<\/figcaption><\/figure>\n<h2 class=\"wp-block-heading\"><strong>N\u00e3o h\u00e1 contamina\u00e7\u00e3o<\/strong><\/h2>\n<p>A avalia\u00e7\u00e3o das evid\u00eancias dispon\u00edveis at\u00e9 o momento n\u00e3o indicou contamina\u00e7\u00e3o microbiol\u00f3gica ou outros problemas sobre os lotes produzidos na f\u00e1brica. Por isso, a ag\u00eancia esclareceu que a determina\u00e7\u00e3o atinge exclusivamente a produ\u00e7\u00e3o de novas unidades no parque industrial de Vinhedo e tem car\u00e1ter tempor\u00e1rio.<\/p>\n<p>Como n\u00e3o foram identificados riscos imediatos e generalizados \u00e0 sa\u00fade p\u00fablica nas amostras de mercado, o \u00f3rg\u00e3o n\u00e3o ordenou o recolhimento (recall) dos lotes que j\u00e1 est\u00e3o em circula\u00e7\u00e3o ou nas prateleiras dos pontos de venda.<\/p>\n<p>Para restabelecer as atividades de fabrica\u00e7\u00e3o, a empresa ter\u00e1 de submeter \u00e0 Anvisa um plano de adequa\u00e7\u00f5es t\u00e9cnicas e comprovar a resolu\u00e7\u00e3o das n\u00e3o conformidades apontadas no laudo sanit\u00e1rio. A f\u00e1brica permanecer\u00e1 sob monitoramento at\u00e9 a realiza\u00e7\u00e3o de uma nova vistoria oficial que comprove o atendimento integral \u00e0s exig\u00eancias regulat\u00f3rias.<\/p>\n<h2 class=\"wp-block-heading\"><strong>O que diz a Unilever?<\/strong><\/h2>\n<p><em>Comunicado Unilever<\/em><\/p>\n<p><em>A Unilever informa que recebeu a equipe da Anvisa em sua f\u00e1brica em Vinhedo (SP) para uma fiscaliza\u00e7\u00e3o na unidade de produtos de cuidados com a casa. A inspe\u00e7\u00e3o resultou em oportunidades de melhorias em processos de documenta\u00e7\u00e3o e controle, conforme publicado no Di\u00e1rio Oficial do dia 2\/9\/2026, relacionadas \u00e0s linhas de sab\u00e3o l\u00edquido para lavar roupas e amaciante l\u00edquido para roupas.<\/em><\/p>\n<p><em>Todos os produtos de cuidados com a casa fabricados na unidade, de todos os lotes, seguem liberados para comercializa\u00e7\u00e3o e uso pelos consumidores. Em nota publicada no site, a Anvisa diz que a avalia\u00e7\u00e3o \u201cn\u00e3o indicou contamina\u00e7\u00e3o microbiol\u00f3gica ou outros problemas sobre os lotes produzidos na f\u00e1brica. Por esse motivo, n\u00e3o foi determinada a suspens\u00e3o da comercializa\u00e7\u00e3o, da distribui\u00e7\u00e3o ou do uso dos produtos j\u00e1 fabricados e dispon\u00edveis no mercado, nem seu recolhimento.\u201d<\/em><\/p>\n<p><em>Por determina\u00e7\u00e3o da Anvisa, de forma preventiva, as linhas de fabrica\u00e7\u00e3o destes produtos foram temporariamente suspensas para implementa\u00e7\u00e3o das melhorias operacionais requeridas. Todas as a\u00e7\u00f5es foram prontamente iniciadas e j\u00e1 est\u00e3o sendo implementadas. As demais linhas de produ\u00e7\u00e3o da unidade seguem operando normalmente.<\/em><\/p>\n<p><em>A Unilever continua atuando em colabora\u00e7\u00e3o com a Anvisa e considera os apontamentos parte importante para a evolu\u00e7\u00e3o cont\u00ednua de seus processos produtivos e de todo o setor. A empresa reafirma seu compromisso inegoci\u00e1vel com o rigor de seus padr\u00f5es de qualidade em seus 96 anos de atua\u00e7\u00e3o no Brasil e reitera sua prioridade absoluta com a seguran\u00e7a dos consumidores.<\/em><\/p>\n<figure class=\"wp-block-image size-large\"><img data-recalc-dims=\"1\" loading=\"lazy\" decoding=\"async\" width=\"1024\" height=\"576\" src=\"https:\/\/i0.wp.com\/www.acidadeon.com\/ribeiraopreto\/wp-content\/uploads\/sites\/3\/2026\/09\/unilever-fabrica-1024x576.jpeg?resize=1024%2C576&#038;ssl=1\" alt=\"anvisa\" class=\"wp-image-173382\" title=\"Anvisa suspende fabrica\u00e7\u00e3o de produtos de limpeza da Unilever em SP ap\u00f3s fiscaliza\u00e7\u00e3o 2\"><figcaption class=\"wp-element-caption\">F\u00e1brica da Unilever em Vinhedo (Foto: divulga\u00e7\u00e3o)<\/figcaption><\/figure>\n<p class=\"has-cyan-bluish-gray-background-color has-background\"><em>Fa\u00e7a uma den\u00fancia ou sugira uma reportagem sobre\u00a0<strong>Ribeir\u00e3o Preto\u00a0<\/strong>e regi\u00e3o por meio do WhatsApp do\u00a0<strong>acidade on Ribeir\u00e3o<\/strong>: (16) 99117-7802.<\/em><\/p>\n<p>O post Anvisa suspende fabrica\u00e7\u00e3o de produtos de limpeza da Unilever em SP ap\u00f3s fiscaliza\u00e7\u00e3o apareceu primeiro em ACidade ON Ribeir\u00e3o Preto.<\/p>\n<p><br \/>\n<br \/><a href=\"https:\/\/www.acidadeon.com\/ribeiraopreto\/cotidiano\/anvisa-suspende-fabricacao-de-produtos-de-limpeza-da-unilever-em-sp-apos-fiscalizacao\/\">Link para o texto original aqui <\/a><\/p>\n<!-- CONTENT END 1 -->\n","protected":false},"excerpt":{"rendered":"<p>A Anvisa (Ag\u00eancia Nacional de Vigil\u00e2ncia Sanit\u00e1ria) determinou, nesta quarta-feira (2) a suspens\u00e3o cautelar da fabrica\u00e7\u00e3o de linhas de produtos de limpeza e saneantes na&#8230;<\/p>\n","protected":false},"author":1,"featured_media":90968,"comment_status":"","ping_status":"","sticky":false,"template":"","format":"standard","meta":{"advanced_seo_description":"","jetpack_seo_html_title":"","jetpack_seo_noindex":false,"jetpack_seo_schema_type":"","_jetpack_newsletter_access":"","_jetpack_dont_email_post_to_subs":false,"_jetpack_newsletter_tier_id":0,"_jetpack_memberships_contains_paywalled_content":false,"_jetpack_feature_clip_id":0,"_jetpack_memberships_contains_paid_content":false,"footnotes":"","jetpack_publicize_message":"","jetpack_publicize_feature_enabled":true,"jetpack_social_post_already_shared":true,"jetpack_social_options":{"image_generator_settings":{"template":"highway","default_image_id":0,"font":"","enabled":false},"version":2},"jetpack_post_was_ever_published":false},"categories":[11],"tags":[1436,37,8877,540,4008,1484,1892,8878],"class_list":["post-90967","post","type-post","status-publish","format-standard","has-post-thumbnail","hentry","category-noticias-de-ribeirao-preto-sp-e-regiao-ismael-colosi","tag-anvisa","tag-apos","tag-fabricacao","tag-fiscalizacao","tag-limpeza","tag-produtos","tag-suspende","tag-unilever"],"jetpack_publicize_connections":[],"jetpack-related-posts":[{"id":88338,"url":"https:\/\/noticiasribeiraopreto.com.br\/index.php\/2026\/07\/17\/anvisa-suspende-importacao-de-colirios-e-geis-para-olhos-veja-a-marca-afetada\/","url_meta":{"origin":90967,"position":0},"title":"Anvisa suspende importa\u00e7\u00e3o de col\u00edrios e g\u00e9is para olhos; veja a marca afetada","author":"noticiasribeiraopreto.com.br","date":"17 de July de 2026","format":false,"excerpt":"A Ag\u00eancia Nacional de Vigil\u00e2ncia Sanit\u00e1ria (Anvisa) determinou a suspens\u00e3o da importa\u00e7\u00e3o de medicamentos fabricados pela empresa Excelvision, respons\u00e1vel pela produ\u00e7\u00e3o de col\u00edrios e g\u00e9is oft\u00e1lmicos comercializados por diferentes marcas internacionais. A medida preventiva foi publicada nesta sexta-feira (17) no Di\u00e1rio Oficial da Uni\u00e3o (DOU) e impede a entrada dos\u2026","rel":"","context":"In &quot;Not\u00edcias de Ribeir\u00e3o Preto-SP e Regi\u00e3o&quot;","block_context":{"text":"Not\u00edcias de Ribeir\u00e3o Preto-SP e Regi\u00e3o","link":"https:\/\/noticiasribeiraopreto.com.br\/index.php\/category\/noticias-de-ribeirao-preto-sp-e-regiao-ismael-colosi\/"},"img":{"alt_text":"","src":"https:\/\/i0.wp.com\/noticiasribeiraopreto.com.br\/wp-content\/uploads\/2026\/07\/doctor-pouring-some-eye-drops-patient-1024x683.jpg?fit=1024%2C683&ssl=1&resize=350%2C200","width":350,"height":200,"srcset":"https:\/\/i0.wp.com\/noticiasribeiraopreto.com.br\/wp-content\/uploads\/2026\/07\/doctor-pouring-some-eye-drops-patient-1024x683.jpg?fit=1024%2C683&ssl=1&resize=350%2C200 1x, https:\/\/i0.wp.com\/noticiasribeiraopreto.com.br\/wp-content\/uploads\/2026\/07\/doctor-pouring-some-eye-drops-patient-1024x683.jpg?fit=1024%2C683&ssl=1&resize=525%2C300 1.5x, https:\/\/i0.wp.com\/noticiasribeiraopreto.com.br\/wp-content\/uploads\/2026\/07\/doctor-pouring-some-eye-drops-patient-1024x683.jpg?fit=1024%2C683&ssl=1&resize=700%2C400 2x"},"classes":[]},{"id":53840,"url":"https:\/\/noticiasribeiraopreto.com.br\/index.php\/2024\/06\/25\/apos-morte-de-empresario-do-interior-de-sp-anvisa-proibe-uso-de-produtos-a-base-de-fenol\/","url_meta":{"origin":90967,"position":1},"title":"Ap\u00f3s morte de empres\u00e1rio do interior de SP, Anvisa pro\u00edbe uso de produtos \u00e0 base de fenol","author":"noticiasribeiraopreto.com.br","date":"25 de June de 2024","format":false,"excerpt":"Nesta ter\u00e7a-feira (25), a Anvisa (Ag\u00eancia Nacional de Vigil\u00e2ncia Sanit\u00e1ria) publicou uma resolu\u00e7\u00e3o que pro\u00edbe a importa\u00e7\u00e3o, fabrica\u00e7\u00e3o, manipula\u00e7\u00e3o, comercializa\u00e7\u00e3o, propaganda e uso de produtos \u00e0 base de fenol em procedimentos de sa\u00fade em geral ou est\u00e9tico. No in\u00edcio do m\u00eas, um empres\u00e1rio do interior de S\u00e3o Paulo morreu ap\u00f3s\u2026","rel":"","context":"In &quot;Not\u00edcias de Ribeir\u00e3o Preto-SP e Regi\u00e3o&quot;","block_context":{"text":"Not\u00edcias de Ribeir\u00e3o Preto-SP e Regi\u00e3o","link":"https:\/\/noticiasribeiraopreto.com.br\/index.php\/category\/noticias-de-ribeirao-preto-sp-e-regiao-ismael-colosi\/"},"img":{"alt_text":"","src":"https:\/\/i0.wp.com\/noticiasribeiraopreto.com.br\/wp-content\/uploads\/2024\/06\/WhatsApp-Image-2024-06-25-at-10.02.40_2024-06-25_13-03-01_jpeg_2024-06-25_13-03-01.webp.webp?fit=1200%2C795&ssl=1&resize=350%2C200","width":350,"height":200,"srcset":"https:\/\/i0.wp.com\/noticiasribeiraopreto.com.br\/wp-content\/uploads\/2024\/06\/WhatsApp-Image-2024-06-25-at-10.02.40_2024-06-25_13-03-01_jpeg_2024-06-25_13-03-01.webp.webp?fit=1200%2C795&ssl=1&resize=350%2C200 1x, https:\/\/i0.wp.com\/noticiasribeiraopreto.com.br\/wp-content\/uploads\/2024\/06\/WhatsApp-Image-2024-06-25-at-10.02.40_2024-06-25_13-03-01_jpeg_2024-06-25_13-03-01.webp.webp?fit=1200%2C795&ssl=1&resize=525%2C300 1.5x, https:\/\/i0.wp.com\/noticiasribeiraopreto.com.br\/wp-content\/uploads\/2024\/06\/WhatsApp-Image-2024-06-25-at-10.02.40_2024-06-25_13-03-01_jpeg_2024-06-25_13-03-01.webp.webp?fit=1200%2C795&ssl=1&resize=700%2C400 2x, https:\/\/i0.wp.com\/noticiasribeiraopreto.com.br\/wp-content\/uploads\/2024\/06\/WhatsApp-Image-2024-06-25-at-10.02.40_2024-06-25_13-03-01_jpeg_2024-06-25_13-03-01.webp.webp?fit=1200%2C795&ssl=1&resize=1050%2C600 3x"},"classes":[]},{"id":82622,"url":"https:\/\/noticiasribeiraopreto.com.br\/index.php\/2026\/02\/21\/anvisa-apreende-lotes-falsos-de-mounjaro-e-botox\/","url_meta":{"origin":90967,"position":2},"title":"Anvisa apreende lotes falsos de Mounjaro e botox","author":"noticiasribeiraopreto.com.br","date":"21 de February de 2026","format":false,"excerpt":"A Ag\u00eancia Nacional de Vigil\u00e2ncia Sanit\u00e1ria (Anvisa) apreendeu, nesta sexta-feira (20), lotes falsos do medicamento Mounjaro e de toxina botul\u00ednica (botox) durante a\u00e7\u00e3o de fiscaliza\u00e7\u00e3o em todo o pa\u00eds. A medida tamb\u00e9m proibiu o armazenamento, a comercializa\u00e7\u00e3o, a distribui\u00e7\u00e3o, a importa\u00e7\u00e3o e o consumo dos produtos identificados como irregulares. Segundo\u2026","rel":"","context":"In &quot;Not\u00edcias de Ribeir\u00e3o Preto-SP e Regi\u00e3o&quot;","block_context":{"text":"Not\u00edcias de Ribeir\u00e3o Preto-SP e Regi\u00e3o","link":"https:\/\/noticiasribeiraopreto.com.br\/index.php\/category\/noticias-de-ribeirao-preto-sp-e-regiao-ismael-colosi\/"},"img":{"alt_text":"","src":"https:\/\/i0.wp.com\/noticiasribeiraopreto.com.br\/wp-content\/uploads\/2025\/08\/high-angle-diabetic-woman-checking-her-glucose-level_2025-04-16_23-31-08_jpg_2025-04-16_23-31-11-1024x681.webp.webp?fit=1024%2C681&ssl=1&resize=350%2C200","width":350,"height":200,"srcset":"https:\/\/i0.wp.com\/noticiasribeiraopreto.com.br\/wp-content\/uploads\/2025\/08\/high-angle-diabetic-woman-checking-her-glucose-level_2025-04-16_23-31-08_jpg_2025-04-16_23-31-11-1024x681.webp.webp?fit=1024%2C681&ssl=1&resize=350%2C200 1x, https:\/\/i0.wp.com\/noticiasribeiraopreto.com.br\/wp-content\/uploads\/2025\/08\/high-angle-diabetic-woman-checking-her-glucose-level_2025-04-16_23-31-08_jpg_2025-04-16_23-31-11-1024x681.webp.webp?fit=1024%2C681&ssl=1&resize=525%2C300 1.5x, https:\/\/i0.wp.com\/noticiasribeiraopreto.com.br\/wp-content\/uploads\/2025\/08\/high-angle-diabetic-woman-checking-her-glucose-level_2025-04-16_23-31-08_jpg_2025-04-16_23-31-11-1024x681.webp.webp?fit=1024%2C681&ssl=1&resize=700%2C400 2x"},"classes":[]},{"id":73205,"url":"https:\/\/noticiasribeiraopreto.com.br\/index.php\/2025\/06\/26\/colgate-encerra-fabricacao-do-creme-dental-total-clean-mint-apos-investigacao-da-anvisa\/","url_meta":{"origin":90967,"position":3},"title":"Colgate encerra fabrica\u00e7\u00e3o do creme dental Total Clean Mint ap\u00f3s investiga\u00e7\u00e3o da Anvisa","author":"noticiasribeiraopreto.com.br","date":"26 de June de 2025","format":false,"excerpt":"A Colgate-Palmolive anunciou a descontinua\u00e7\u00e3o do creme dental Colgate Total Preven\u00e7\u00e3o Ativa Clean Mint. A decis\u00e3o foi publicada no site oficial da empresa e ocorre ap\u00f3s investiga\u00e7\u00e3o da Ag\u00eancia Nacional de Vigil\u00e2ncia Sanit\u00e1ria (Anvisa), que apura os n\u00edveis de aromatizante presentes na nova formula\u00e7\u00e3o do produto. Em mar\u00e7o, a Anvisa\u2026","rel":"","context":"In &quot;Not\u00edcias de Ribeir\u00e3o Preto-SP e Regi\u00e3o&quot;","block_context":{"text":"Not\u00edcias de Ribeir\u00e3o Preto-SP e Regi\u00e3o","link":"https:\/\/noticiasribeiraopreto.com.br\/index.php\/category\/noticias-de-ribeirao-preto-sp-e-regiao-ismael-colosi\/"},"img":{"alt_text":"","src":"https:\/\/i0.wp.com\/noticiasribeiraopreto.com.br\/wp-content\/uploads\/2025\/06\/Copia-de-Copia-de-Copia-de-TAMANHO-EXATO-PARA-FOTOS-NO-SISTEMA-NOVO-2025-06-26T163022.945_2025-06-26_19-31-35.webp.webp?fit=1200%2C675&ssl=1&resize=350%2C200","width":350,"height":200,"srcset":"https:\/\/i0.wp.com\/noticiasribeiraopreto.com.br\/wp-content\/uploads\/2025\/06\/Copia-de-Copia-de-Copia-de-TAMANHO-EXATO-PARA-FOTOS-NO-SISTEMA-NOVO-2025-06-26T163022.945_2025-06-26_19-31-35.webp.webp?fit=1200%2C675&ssl=1&resize=350%2C200 1x, https:\/\/i0.wp.com\/noticiasribeiraopreto.com.br\/wp-content\/uploads\/2025\/06\/Copia-de-Copia-de-Copia-de-TAMANHO-EXATO-PARA-FOTOS-NO-SISTEMA-NOVO-2025-06-26T163022.945_2025-06-26_19-31-35.webp.webp?fit=1200%2C675&ssl=1&resize=525%2C300 1.5x, https:\/\/i0.wp.com\/noticiasribeiraopreto.com.br\/wp-content\/uploads\/2025\/06\/Copia-de-Copia-de-Copia-de-TAMANHO-EXATO-PARA-FOTOS-NO-SISTEMA-NOVO-2025-06-26T163022.945_2025-06-26_19-31-35.webp.webp?fit=1200%2C675&ssl=1&resize=700%2C400 2x, https:\/\/i0.wp.com\/noticiasribeiraopreto.com.br\/wp-content\/uploads\/2025\/06\/Copia-de-Copia-de-Copia-de-TAMANHO-EXATO-PARA-FOTOS-NO-SISTEMA-NOVO-2025-06-26T163022.945_2025-06-26_19-31-35.webp.webp?fit=1200%2C675&ssl=1&resize=1050%2C600 3x"},"classes":[]},{"id":85502,"url":"https:\/\/noticiasribeiraopreto.com.br\/index.php\/2026\/05\/07\/anvisa-suspende-venda-e-proibe-uso-de-produtos-ype\/","url_meta":{"origin":90967,"position":4},"title":"Anvisa suspende venda e pro\u00edbe uso de produtos Yp\u00ea","author":"noticiasribeiraopreto.com.br","date":"7 de May de 2026","format":false,"excerpt":"\r \r \r 7 de maio de 2026 11:127 de maio de 2026 11:12 \r Compartilhar2 Pedro Peduzzi | Ag\u00eancia Brasil A Ag\u00eancia Nacional de Vigil\u00e2ncia Sanit\u00e1ria (Anvisa) suspendeu fabrica\u00e7\u00e3o, comercializa\u00e7\u00e3o e distribui\u00e7\u00e3o de diversos produtos da marca Yp\u00ea. Segundo a decis\u00e3o, lava-lou\u00e7as (detergente), sab\u00e3o l\u00edquido para roupas e desinfetantes\u2026","rel":"","context":"In &quot;Not\u00edcias de Ribeir\u00e3o Preto-SP e Regi\u00e3o&quot;","block_context":{"text":"Not\u00edcias de Ribeir\u00e3o Preto-SP e Regi\u00e3o","link":"https:\/\/noticiasribeiraopreto.com.br\/index.php\/category\/noticias-de-ribeirao-preto-sp-e-regiao-ismael-colosi\/"},"img":{"alt_text":"","src":"https:\/\/i0.wp.com\/noticiasribeiraopreto.com.br\/wp-content\/uploads\/2026\/05\/07-mai-2026-detergenteype2-scaled.jpg?fit=1170%2C780&ssl=1&resize=350%2C200","width":350,"height":200,"srcset":"https:\/\/i0.wp.com\/noticiasribeiraopreto.com.br\/wp-content\/uploads\/2026\/05\/07-mai-2026-detergenteype2-scaled.jpg?fit=1170%2C780&ssl=1&resize=350%2C200 1x, https:\/\/i0.wp.com\/noticiasribeiraopreto.com.br\/wp-content\/uploads\/2026\/05\/07-mai-2026-detergenteype2-scaled.jpg?fit=1170%2C780&ssl=1&resize=525%2C300 1.5x, https:\/\/i0.wp.com\/noticiasribeiraopreto.com.br\/wp-content\/uploads\/2026\/05\/07-mai-2026-detergenteype2-scaled.jpg?fit=1170%2C780&ssl=1&resize=700%2C400 2x, https:\/\/i0.wp.com\/noticiasribeiraopreto.com.br\/wp-content\/uploads\/2026\/05\/07-mai-2026-detergenteype2-scaled.jpg?fit=1170%2C780&ssl=1&resize=1050%2C600 3x"},"classes":[]},{"id":83509,"url":"https:\/\/noticiasribeiraopreto.com.br\/index.php\/2026\/03\/19\/anvisa-proibe-venda-de-formula-infantil-contaminada-por-toxina\/","url_meta":{"origin":90967,"position":5},"title":"Anvisa pro\u00edbe venda de f\u00f3rmula infantil contaminada por toxina","author":"noticiasribeiraopreto.com.br","date":"19 de March de 2026","format":false,"excerpt":"A Ag\u00eancia Nacional de Vigil\u00e2ncia Sanit\u00e1ria (Anvisa) proibiu, nesta quinta-feira (19), a comercializa\u00e7\u00e3o, a distribui\u00e7\u00e3o e o uso de lotes da f\u00f3rmula infantil Aptamil Premium 1 (800g), produzida pela Danone. A medida ocorre ap\u00f3s a identifica\u00e7\u00e3o de contamina\u00e7\u00e3o por toxina no produto destinado a lactentes de at\u00e9 6 meses. Segundo\u2026","rel":"","context":"In &quot;Not\u00edcias de Ribeir\u00e3o Preto-SP e Regi\u00e3o&quot;","block_context":{"text":"Not\u00edcias de Ribeir\u00e3o Preto-SP e Regi\u00e3o","link":"https:\/\/noticiasribeiraopreto.com.br\/index.php\/category\/noticias-de-ribeirao-preto-sp-e-regiao-ismael-colosi\/"},"img":{"alt_text":"","src":"https:\/\/i0.wp.com\/noticiasribeiraopreto.com.br\/wp-content\/uploads\/2026\/03\/palace-80_2026-03-19_19-07-31.webp.webp?fit=1200%2C675&ssl=1&resize=350%2C200","width":350,"height":200,"srcset":"https:\/\/i0.wp.com\/noticiasribeiraopreto.com.br\/wp-content\/uploads\/2026\/03\/palace-80_2026-03-19_19-07-31.webp.webp?fit=1200%2C675&ssl=1&resize=350%2C200 1x, https:\/\/i0.wp.com\/noticiasribeiraopreto.com.br\/wp-content\/uploads\/2026\/03\/palace-80_2026-03-19_19-07-31.webp.webp?fit=1200%2C675&ssl=1&resize=525%2C300 1.5x, https:\/\/i0.wp.com\/noticiasribeiraopreto.com.br\/wp-content\/uploads\/2026\/03\/palace-80_2026-03-19_19-07-31.webp.webp?fit=1200%2C675&ssl=1&resize=700%2C400 2x, https:\/\/i0.wp.com\/noticiasribeiraopreto.com.br\/wp-content\/uploads\/2026\/03\/palace-80_2026-03-19_19-07-31.webp.webp?fit=1200%2C675&ssl=1&resize=1050%2C600 3x"},"classes":[]}],"jetpack_sharing_enabled":true,"jetpack_shortlink":"https:\/\/wp.me\/peQAOb-nFd","jetpack_featured_media_url":"https:\/\/i0.wp.com\/noticiasribeiraopreto.com.br\/wp-content\/uploads\/2026\/09\/unilever-fabrica.jpeg?fit=1599%2C899&ssl=1","_links":{"self":[{"href":"https:\/\/noticiasribeiraopreto.com.br\/index.php\/wp-json\/wp\/v2\/posts\/90967","targetHints":{"allow":["GET"]}}],"collection":[{"href":"https:\/\/noticiasribeiraopreto.com.br\/index.php\/wp-json\/wp\/v2\/posts"}],"about":[{"href":"https:\/\/noticiasribeiraopreto.com.br\/index.php\/wp-json\/wp\/v2\/types\/post"}],"author":[{"embeddable":true,"href":"https:\/\/noticiasribeiraopreto.com.br\/index.php\/wp-json\/wp\/v2\/users\/1"}],"replies":[{"embeddable":true,"href":"https:\/\/noticiasribeiraopreto.com.br\/index.php\/wp-json\/wp\/v2\/comments?post=90967"}],"version-history":[{"count":0,"href":"https:\/\/noticiasribeiraopreto.com.br\/index.php\/wp-json\/wp\/v2\/posts\/90967\/revisions"}],"wp:featuredmedia":[{"embeddable":true,"href":"https:\/\/noticiasribeiraopreto.com.br\/index.php\/wp-json\/wp\/v2\/media\/90968"}],"wp:attachment":[{"href":"https:\/\/noticiasribeiraopreto.com.br\/index.php\/wp-json\/wp\/v2\/media?parent=90967"}],"wp:term":[{"taxonomy":"category","embeddable":true,"href":"https:\/\/noticiasribeiraopreto.com.br\/index.php\/wp-json\/wp\/v2\/categories?post=90967"},{"taxonomy":"post_tag","embeddable":true,"href":"https:\/\/noticiasribeiraopreto.com.br\/index.php\/wp-json\/wp\/v2\/tags?post=90967"}],"curies":[{"name":"wp","href":"https:\/\/api.w.org\/{rel}","templated":true}]}}