{"id":90969,"date":"2026-09-02T10:44:30","date_gmt":"2026-09-02T13:44:30","guid":{"rendered":"https:\/\/noticiasribeiraopreto.com.br\/index.php\/2026\/09\/02\/troca-bomba-pode-provocar-falta-agua-bairro-ribeirao-preto\/"},"modified":"2026-09-02T10:44:30","modified_gmt":"2026-09-02T13:44:30","slug":"troca-bomba-pode-provocar-falta-agua-bairro-ribeirao-preto","status":"publish","type":"post","link":"https:\/\/noticiasribeiraopreto.com.br\/index.php\/2026\/09\/02\/troca-bomba-pode-provocar-falta-agua-bairro-ribeirao-preto\/","title":{"rendered":"Troca de bomba pode provocar falta d\u2019\u00e1gua em bairro de Ribeir\u00e3o Preto"},"content":{"rendered":"<div class='code-block code-block-1' style='margin: 8px 0 8px auto; text-align: right; display: block; clear: both;'>\n<p><a href=\"https:\/\/wa.link\/vpicfd\"><img data-recalc-dims=\"1\" class=\"wp-image-4922\" style=\"aspect-ratio: 2.0253164556962027; width: 561px; height: auto;\" src=\"https:\/\/i0.wp.com\/ismaelcolosi.com.br\/wp-content\/uploads\/2023\/11\/grupo-de-empregos-whatsapp-e-facebook-ismael-colosi-vagas.jpg?ssl=1\" alt=\"\" \/><\/a><\/p>\n<!-- \/wp:image -->\n<\/div>\n<p> <br \/>\n<\/p>\n<p>A<strong><a href=\"https:\/\/www.ribeiraopreto.sp.gov.br\/portal\/saerp\/\" data-type=\"link\" data-id=\"https:\/\/www.ribeiraopreto.sp.gov.br\/portal\/saerp\/\" target=\"_blank\" rel=\"noopener\"> Saerp (Secretaria de \u00c1gua e Esgoto de Ribeir\u00e3o Preto)<\/a><\/strong> informou que realiza, nesta quarta-feira (2), a troca emergencial da bomba do po\u00e7o <strong>Maca\u00faba<\/strong>, na zona Oeste.<\/p>\n<p class=\"has-cyan-bluish-gray-background-color has-background\"><em>Receba not\u00edcias do\u00a0<strong>acidade on Ribeir\u00e3o\u00a0<\/strong>no WhatsApp e fique por dentro de tudo! Basta acessar o link<a href=\"https:\/\/chat.whatsapp.com\/DfXwcjKVIddHUT3BvnQuPZ?mode=hqctshi\" target=\"_blank\" rel=\"noreferrer noopener\">\u00a0aqui<\/a>!<\/em><\/p>\n<p>Por conta disso, o sistema de abastecimento de \u00e1gua foi parcialmente paralidado, podendo causar falhas no<strong> Reserva Maca\u00faba<\/strong>.<\/p>\n<figure class=\"wp-block-image size-large\"><figcaption class=\"wp-element-caption\">Servi\u00e7o afeta a Reserva Maca\u00faba (Foto: reprodu\u00e7\u00e3o\/Google Maps)<\/figcaption><\/figure>\n<h2 class=\"wp-block-heading\" id=\"termino-da-troca-de-bomba\"><strong>T\u00e9rmino da troca de bomba<\/strong><\/h2>\n<p>A previs\u00e3o de t\u00e9rmino do servi\u00e7o \u00e9 hoje, \u00e0s 21h. O retorno do abastecimento ocorre gradativamente ap\u00f3s a finaliza\u00e7\u00e3o do servi\u00e7o.\u00a0<\/p>\n<h3 class=\"wp-block-heading\" id=\"o-que-fazer\">O que fazer?<\/h3>\n<p>Caso o seu bairro apresente falhas no abastecimento, entre em contato com a\u00a0<strong>secretaria\u00a0<\/strong>pelo telefone 0800 115 0115 ou procure por um posto de atendimento (<a href=\"https:\/\/www.ribeiraopreto.sp.gov.br\/portal\/saerp\/\" target=\"_blank\" rel=\"noreferrer noopener\"><strong>clique aqui<\/strong><\/a>).<\/p>\n<figure class=\"wp-block-gallery has-nested-images columns-default is-cropped wp-block-gallery-1 is-layout-flex wp-block-gallery-is-layout-flex\">\n<figure class=\"wp-block-image size-large\"><img data-recalc-dims=\"1\" loading=\"lazy\" decoding=\"async\" width=\"1024\" height=\"576\" data-id=\"172300\" src=\"https:\/\/i0.wp.com\/www.acidadeon.com\/ribeiraopreto\/wp-content\/uploads\/sites\/3\/2026\/08\/falta-dagua-1024x576.jpg?resize=1024%2C576&#038;ssl=1\" alt=\"Saerp alerta para falta d&apos;\u00e1gua em Ribeir\u00e3o Preto nesta ter\u00e7a-feira - Foto: divulga\u00e7\u00e3o.\" class=\"wp-image-172300\" title=\"Troca de bomba pode provocar falta d\u2019\u00e1gua em bairro de Ribeir\u00e3o Preto 2\"><figcaption class=\"wp-element-caption\">Foto: divulga\u00e7\u00e3o. <\/figcaption><\/figure>\n<figure class=\"wp-block-image size-large\"><img data-recalc-dims=\"1\" loading=\"lazy\" decoding=\"async\" width=\"1024\" height=\"684\" data-id=\"149613\" src=\"https:\/\/i0.wp.com\/www.acidadeon.com\/ribeiraopreto\/wp-content\/uploads\/sites\/3\/2026\/03\/woman-wearing-bathrobe-hotel-room_2026-03-21_12-48-57-1024x684.webp?resize=1024%2C684&#038;ssl=1\" alt=\"Saerp alerta para falta d&apos;\u00e1gua - Foto: Freepik.\" class=\"wp-image-149613\" title=\"Troca de bomba pode provocar falta d\u2019\u00e1gua em bairro de Ribeir\u00e3o Preto 3\"><figcaption class=\"wp-element-caption\">Saerp alerta para falta d\u2019\u00e1gua \u2013 Foto: Freepik.<\/figcaption><\/figure>\n<figure class=\"wp-block-image size-large\"><img data-recalc-dims=\"1\" loading=\"lazy\" decoding=\"async\" width=\"1024\" height=\"684\" data-id=\"134960\" src=\"https:\/\/i0.wp.com\/www.acidadeon.com\/ribeiraopreto\/wp-content\/uploads\/sites\/3\/2025\/11\/Torneira_2025-11-06_17-57-38-1024x684.webp?resize=1024%2C684&#038;ssl=1\" alt=\"troca\" class=\"wp-image-134960\" title=\"Troca de bomba pode provocar falta d\u2019\u00e1gua em bairro de Ribeir\u00e3o Preto 4\"><figcaption class=\"wp-element-caption\"> Foto: Freepik.<\/figcaption><\/figure>\n<\/figure>\n<p class=\"has-cyan-bluish-gray-background-color has-background\"><em>Fa\u00e7a uma den\u00fancia ou sugira uma reportagem sobre\u00a0<strong>Ribeir\u00e3o Preto\u00a0<\/strong>e regi\u00e3o por meio do WhatsApp do\u00a0<strong>acidade on Ribeir\u00e3o<\/strong>: (16) 99117-7802.<\/em><\/p>\n<div class=\"wp-block-rank-math-toc-block\" id=\"rank-math-toc\">\n<nav>\n<ul>\n<li class=\"\">T\u00e9rmino da troca de bomba\n<ul>\n<li class=\"\">O que fazer?<\/li>\n<\/ul>\n<\/li>\n<li class=\"\">Viu essa?\n<ul>\n<li class=\"\">Prefeitura multa empresa por irregularidades em obras da Nove de Julho em R$ 2,8 milh\u00f5es<\/li>\n<li class=\"\">Nota da Prefeitura<\/li>\n<\/ul>\n<\/li>\n<\/ul>\n<\/nav>\n<\/div>\n<h2 class=\"wp-block-heading\" id=\"viu-essa\"><strong>Viu essa?<\/strong><\/h2>\n<h3 class=\"wp-block-heading\" id=\"prefeitura-multa-empresa-por-irregularidades-em-obras-da-nove-de-julho-em-r-2-8-milhoes\"><strong>Prefeitura multa empresa por irregularidades em obras da Nove de Julho em R$ 2,8 milh\u00f5es<\/strong><\/h3>\n<figure class=\"wp-block-image size-large\"><img data-recalc-dims=\"1\" loading=\"lazy\" decoding=\"async\" width=\"1024\" height=\"683\" src=\"https:\/\/i0.wp.com\/www.acidadeon.com\/ribeiraopreto\/wp-content\/uploads\/sites\/3\/2025\/07\/avenida-nove-de-julho_2025-07-18_19-28-18-1024x683.webp?resize=1024%2C683&#038;ssl=1\" alt=\"Avenida Nove de Julho - Foto: Fernando Gonzaga\/ CCS Ribeir\u00e3o Preto\" class=\"wp-image-123187\" title=\"Troca de bomba pode provocar falta d\u2019\u00e1gua em bairro de Ribeir\u00e3o Preto 5\"><figcaption class=\"wp-element-caption\">Avenida Nove de Julho \u2013 Foto: Fernando Gonzaga\/ CCS Ribeir\u00e3o Preto<\/figcaption><\/figure>\n<p id=\"prefeitura-multa-empresa-por-irregularidades-em-obras-da-nove-de-julho-em-r-2-8-milhoes\">A Prefeitura de Ribeir\u00e3o Preto aplicou uma multa de\u00a0<strong>R$ 2,86 milh\u00f5es<\/strong>\u00a0\u00e0 Construtora Metropolitana S.A., respons\u00e1vel pelas obras do corredor de \u00f4nibus da avenida Nove de Julho e da rua S\u00e3o Jos\u00e9. A penalidade acontece ap\u00f3s o munic\u00edpio retomar um processo administrativo relacionado a irregularidades e atrasos registrados durante a execu\u00e7\u00e3o do contrato, em 2023.<\/p>\n<figure class=\"wp-block-image\"><img data-recalc-dims=\"1\" loading=\"lazy\" decoding=\"async\" width=\"984\" height=\"616\" src=\"https:\/\/i0.wp.com\/www.acidadeon.com\/ribeiraopreto\/wp-content\/uploads\/sites\/3\/2026\/01\/image_2026-01-05_20-36-51.webp?resize=984%2C616&#038;ssl=1\" alt=\"Pedras soltas na avenida Nove de Julho em Ribeir\u00e3o Preto - Foto: Reprodu\u00e7\u00e3o\/EPTV\" class=\"wp-image-141189\" title=\"Prefeitura multa empresa por irregularidades em obras da Nove de Julho em R$ 2,8 milh\u00f5es 1\"><figcaption class=\"wp-element-caption\">Foto: Reprodu\u00e7\u00e3o\/EPTV<\/figcaption><\/figure>\n<p id=\"prefeitura-multa-empresa-por-irregularidades-em-obras-da-nove-de-julho-em-r-2-8-milhoes\">Al\u00e9m da multa de\u00a0<strong>R$ 2.861.442,58<\/strong>, a Prefeitura determinou a\u00a0<strong>suspens\u00e3o da empresa de participar de licita\u00e7\u00f5es e o impedimento de contratar com a Administra\u00e7\u00e3o P\u00fablica pelo prazo de dois anos<\/strong>.\u00a0<mark>A reportagem n\u00e3o conseguiu contato com a empresa respons\u00e1vel pelas obras.<\/mark><\/p>\n<p id=\"prefeitura-multa-empresa-por-irregularidades-em-obras-da-nove-de-julho-em-r-2-8-milhoes\">Contrato rompido em 2023<\/p>\n<p>A Prefeitura de Ribeir\u00e3o Preto, por meio da Secretaria Municipal de Obras P\u00fablicas, rompeu o contrato com a Construtora Metropolitana em dezembro de 2023. Segundo o munic\u00edpio, a empresa n\u00e3o cumpriu as obriga\u00e7\u00f5es previstas no contrato para execu\u00e7\u00e3o das obras da avenida Nove de Julho e da Rua S\u00e3o Jos\u00e9.<\/p>\n<p id=\"prefeitura-multa-empresa-por-irregularidades-em-obras-da-nove-de-julho-em-r-2-8-milhoes\">Ap\u00f3s o rompimento, a Prefeitura realizou uma nova licita\u00e7\u00e3o para dar continuidade aos trabalhos. A Era-T\u00e9cnica Engenharia, Constru\u00e7\u00f5es e Servi\u00e7os Ltda. venceu o processo e assumiu a execu\u00e7\u00e3o das obras a partir de abril de 2024.<\/p>\n<p id=\"prefeitura-multa-empresa-por-irregularidades-em-obras-da-nove-de-julho-em-r-2-8-milhoes\">Processo foi retomado<\/p>\n<p>A empresa j\u00e1 havia recebido uma penalidade da Prefeitura em 2023, mas recorreu \u00e0 Justi\u00e7a. Na ocasi\u00e3o, o Tribunal de Justi\u00e7a de S\u00e3o Paulo anulou o processo administrativo por entender que n\u00e3o havia sido garantido \u00e0 empresa o direito de defesa.<\/p>\n<p id=\"prefeitura-multa-empresa-por-irregularidades-em-obras-da-nove-de-julho-em-r-2-8-milhoes\">A decis\u00e3o judicial n\u00e3o analisou se a multa era devida ou n\u00e3o. Em nota, a atual gest\u00e3o informou que retomou o processo e fez uma nova an\u00e1lise das informa\u00e7\u00f5es e documentos.<\/p>\n<p id=\"prefeitura-multa-empresa-por-irregularidades-em-obras-da-nove-de-julho-em-r-2-8-milhoes\">\n<figure class=\"wp-block-image\"><img data-recalc-dims=\"1\" loading=\"lazy\" decoding=\"async\" width=\"1024\" height=\"576\" src=\"https:\/\/i0.wp.com\/www.acidadeon.com\/ribeiraopreto\/wp-content\/uploads\/sites\/3\/2026\/09\/image-18.png?resize=1024%2C576&#038;ssl=1\" alt=\"prefeitura\" class=\"wp-image-173352\" title=\"Prefeitura multa empresa por irregularidades em obras da Nove de Julho em R$ 2,8 milh\u00f5es 3\"><figcaption class=\"wp-element-caption\"><em>Cruzamento da avenida Francisco Junqueira com a rua S\u00e3o Jos\u00e9 em 2023<\/em>\u00a0\u2013 Foto:<em>\u00a0Marcelo Fontes<\/em><\/figcaption><\/figure>\n<p>Ap\u00f3s a avalia\u00e7\u00e3o, a Secretaria Municipal de Administra\u00e7\u00e3o decidiu aplicar novamente a penalidade.<\/p>\n<p>A empresa ser\u00e1 notificada e ter\u00e1\u00a0<strong>cinco dias \u00fateis para apresentar recurso administrativo<\/strong>. Caso n\u00e3o haja manifesta\u00e7\u00e3o, a penalidade ser\u00e1 publicada no Di\u00e1rio Oficial do Munic\u00edpio e cadastrada no Tribunal de Contas do Estado de S\u00e3o Paulo (TCE-SP).<\/p>\n<h3 class=\"wp-block-heading\" id=\"nota-da-prefeitura\">Nota da Prefeitura<\/h3>\n<p><em>A Prefeitura de Ribeir\u00e3o Preto informa que aplicou nova penalidade \u00e0 empresa Metropolitana, respons\u00e1vel pelas obras na Avenida Nove de Julho e Rua S\u00e3o Jos\u00e9, em raz\u00e3o de irregularidades e atrasos registrados durante a execu\u00e7\u00e3o do contrato, em 2023.<\/em><\/p>\n<p><em>A empresa havia sido penalizada pela Prefeitura naquele ano, mas recorreu \u00e0 Justi\u00e7a. Na \u00e9poca, o Tribunal de Justi\u00e7a anulou o processo administrativo porque entendeu que n\u00e3o havia sido garantido \u00e0 empresa o direito de defesa.\u00a0<strong>A decis\u00e3o n\u00e3o avaliou se a multa era ou n\u00e3o devida.<\/strong><\/em><\/p>\n<p><em>A atual gest\u00e3o optou por retomar o processo e ap\u00f3s an\u00e1lise das informa\u00e7\u00f5es e documentos, decidiu pela aplica\u00e7\u00e3o da penalidade.<\/em><\/p>\n<p id=\"prefeitura-multa-empresa-por-irregularidades-em-obras-da-nove-de-julho-em-r-2-8-milhoes\"><em>A empresa ser\u00e1 notificada e poder\u00e1 recorrer da decis\u00e3o, conforme prev\u00ea a legisla\u00e7\u00e3o.<\/em><strong><br \/><\/strong><\/p>\n<p>O post Troca de bomba pode provocar falta d\u2019\u00e1gua em bairro de Ribeir\u00e3o Preto apareceu primeiro em ACidade ON Ribeir\u00e3o Preto.<\/p>\n<p><br \/>\n<br \/><a href=\"https:\/\/www.acidadeon.com\/ribeiraopreto\/cotidiano\/troca-bomba-pode-provocar-falta-agua-bairro-ribeirao-preto\/\">Link para o texto original aqui <\/a><\/p>\n<!-- CONTENT END 1 -->\n","protected":false},"excerpt":{"rendered":"<p>A Saerp (Secretaria de \u00c1gua e Esgoto de Ribeir\u00e3o Preto) informou que realiza, nesta quarta-feira (2), a troca emergencial da bomba do po\u00e7o Maca\u00faba, na&#8230;<\/p>\n","protected":false},"author":1,"featured_media":90970,"comment_status":"","ping_status":"","sticky":false,"template":"","format":"standard","meta":{"advanced_seo_description":"","jetpack_seo_html_title":"","jetpack_seo_noindex":false,"jetpack_seo_schema_type":"","_jetpack_newsletter_access":"","_jetpack_dont_email_post_to_subs":false,"_jetpack_newsletter_tier_id":0,"_jetpack_memberships_contains_paywalled_content":false,"_jetpack_feature_clip_id":0,"_jetpack_memberships_contains_paid_content":false,"footnotes":"","jetpack_publicize_message":"","jetpack_publicize_feature_enabled":true,"jetpack_social_post_already_shared":true,"jetpack_social_options":{"image_generator_settings":{"template":"highway","default_image_id":0,"font":"","enabled":false},"version":2},"jetpack_post_was_ever_published":false},"categories":[11],"tags":[1320,3232,252,251,217,27,2214,26,297],"class_list":["post-90969","post","type-post","status-publish","format-standard","has-post-thumbnail","hentry","category-noticias-de-ribeirao-preto-sp-e-regiao-ismael-colosi","tag-bairro","tag-bomba","tag-dagua","tag-falta","tag-pode","tag-preto","tag-provocar","tag-ribeirao","tag-troca"],"jetpack_publicize_connections":[],"jetpack-related-posts":[{"id":89210,"url":"https:\/\/noticiasribeiraopreto.com.br\/index.php\/2026\/07\/31\/troca-emergencial-de-bomba-pode-causar-falta-de-agua-em-dois-bairros-de-ribeirao-preto\/","url_meta":{"origin":90969,"position":0},"title":"Troca emergencial de bomba pode causar falta de \u00e1gua em dois bairros de Ribeir\u00e3o Preto","author":"noticiasribeiraopreto.com.br","date":"31 de July de 2026","format":false,"excerpt":"Moradores dos bairros Jardim Recreio e Jardim Ita\u00fa podem enfrentar intermit\u00eancia no abastecimento de \u00e1gua nesta sexta (31) \u00e0 noite e s\u00e1bado (1\u00ba), em Ribeir\u00e3o Preto. A informa\u00e7\u00e3o \u00e9 da Secretaria de \u00c1gua e Esgoto de Ribeir\u00e3o Preto (Saerp), que realiza uma troca emergencial de bomba no sistema de abastecimento\u2026","rel":"","context":"In &quot;Not\u00edcias de Ribeir\u00e3o Preto-SP e Regi\u00e3o&quot;","block_context":{"text":"Not\u00edcias de Ribeir\u00e3o Preto-SP e Regi\u00e3o","link":"https:\/\/noticiasribeiraopreto.com.br\/index.php\/category\/noticias-de-ribeirao-preto-sp-e-regiao-ismael-colosi\/"},"img":{"alt_text":"","src":"https:\/\/i0.wp.com\/noticiasribeiraopreto.com.br\/wp-content\/uploads\/2026\/07\/mao-na-torneira_2025-01-22_13-12-20.webp.webp?fit=1024%2C684&ssl=1&resize=350%2C200","width":350,"height":200,"srcset":"https:\/\/i0.wp.com\/noticiasribeiraopreto.com.br\/wp-content\/uploads\/2026\/07\/mao-na-torneira_2025-01-22_13-12-20.webp.webp?fit=1024%2C684&ssl=1&resize=350%2C200 1x, https:\/\/i0.wp.com\/noticiasribeiraopreto.com.br\/wp-content\/uploads\/2026\/07\/mao-na-torneira_2025-01-22_13-12-20.webp.webp?fit=1024%2C684&ssl=1&resize=525%2C300 1.5x, https:\/\/i0.wp.com\/noticiasribeiraopreto.com.br\/wp-content\/uploads\/2026\/07\/mao-na-torneira_2025-01-22_13-12-20.webp.webp?fit=1024%2C684&ssl=1&resize=700%2C400 2x"},"classes":[]},{"id":90684,"url":"https:\/\/noticiasribeiraopreto.com.br\/index.php\/2026\/08\/27\/troca-de-bomba-pode-provocar-falta-dagua-em-bonfim-paulista\/","url_meta":{"origin":90969,"position":1},"title":"Troca de bomba pode provocar falta d\u2019\u00e1gua em Bonfim Paulista","author":"noticiasribeiraopreto.com.br","date":"27 de August de 2026","format":false,"excerpt":"A Saerp (Secretaria de \u00c1gua e Esgoto de Ribeir\u00e3o Preto) informou que realiza nesta quinta-feira (27) a troca emergencial de uma bomba do po\u00e7o San Leandro, no distrito de Bonfim Paulista. Receba not\u00edcias do\u00a0acidade on Ribeir\u00e3o\u00a0no WhatsApp e fique por dentro de tudo! Basta acessar o link\u00a0aqui! Segundo a pasta,\u2026","rel":"","context":"In &quot;Not\u00edcias de Ribeir\u00e3o Preto-SP e Regi\u00e3o&quot;","block_context":{"text":"Not\u00edcias de Ribeir\u00e3o Preto-SP e Regi\u00e3o","link":"https:\/\/noticiasribeiraopreto.com.br\/index.php\/category\/noticias-de-ribeirao-preto-sp-e-regiao-ismael-colosi\/"},"img":{"alt_text":"","src":"https:\/\/i0.wp.com\/noticiasribeiraopreto.com.br\/wp-content\/uploads\/2026\/08\/1787835811_pocobonfim_01.jpg?fit=1200%2C800&ssl=1&resize=350%2C200","width":350,"height":200,"srcset":"https:\/\/i0.wp.com\/noticiasribeiraopreto.com.br\/wp-content\/uploads\/2026\/08\/1787835811_pocobonfim_01.jpg?fit=1200%2C800&ssl=1&resize=350%2C200 1x, https:\/\/i0.wp.com\/noticiasribeiraopreto.com.br\/wp-content\/uploads\/2026\/08\/1787835811_pocobonfim_01.jpg?fit=1200%2C800&ssl=1&resize=525%2C300 1.5x, https:\/\/i0.wp.com\/noticiasribeiraopreto.com.br\/wp-content\/uploads\/2026\/08\/1787835811_pocobonfim_01.jpg?fit=1200%2C800&ssl=1&resize=700%2C400 2x, https:\/\/i0.wp.com\/noticiasribeiraopreto.com.br\/wp-content\/uploads\/2026\/08\/1787835811_pocobonfim_01.jpg?fit=1200%2C800&ssl=1&resize=1050%2C600 3x"},"classes":[]},{"id":80037,"url":"https:\/\/noticiasribeiraopreto.com.br\/index.php\/2025\/11\/13\/troca-de-bomba-provoca-falta-dagua-em-bairro-de-ribeirao-preto\/","url_meta":{"origin":90969,"position":2},"title":"Troca de bomba provoca falta d\u2019\u00e1gua em bairro de Ribeir\u00e3o Preto","author":"noticiasribeiraopreto.com.br","date":"13 de November de 2025","format":false,"excerpt":"A Saerp (Secretaria de \u00c1gua e Esgoto de Ribeir\u00e3o Preto) informou que a troca de uma bomba do po\u00e7o Cristo Redentor I, nesta quinta-feira (13), pode provocar a falta d\u2019\u00e1gua no Jardim Cristo Redentor I, em Ribeir\u00e3o Preto. A previs\u00e3o de conclus\u00e3o dos servi\u00e7os \u00e9 ainda nesta quinta-feira, \u00e0s 21h.\u2026","rel":"","context":"In &quot;Not\u00edcias de Ribeir\u00e3o Preto-SP e Regi\u00e3o&quot;","block_context":{"text":"Not\u00edcias de Ribeir\u00e3o Preto-SP e Regi\u00e3o","link":"https:\/\/noticiasribeiraopreto.com.br\/index.php\/category\/noticias-de-ribeirao-preto-sp-e-regiao-ismael-colosi\/"},"img":{"alt_text":"","src":"https:\/\/i0.wp.com\/noticiasribeiraopreto.com.br\/wp-content\/uploads\/2025\/11\/WhatsApp-Image-2025-11-04-at-08.52.24_2025-11-04_11-52-40.webp.webp?fit=861%2C470&ssl=1&resize=350%2C200","width":350,"height":200,"srcset":"https:\/\/i0.wp.com\/noticiasribeiraopreto.com.br\/wp-content\/uploads\/2025\/11\/WhatsApp-Image-2025-11-04-at-08.52.24_2025-11-04_11-52-40.webp.webp?fit=861%2C470&ssl=1&resize=350%2C200 1x, https:\/\/i0.wp.com\/noticiasribeiraopreto.com.br\/wp-content\/uploads\/2025\/11\/WhatsApp-Image-2025-11-04-at-08.52.24_2025-11-04_11-52-40.webp.webp?fit=861%2C470&ssl=1&resize=525%2C300 1.5x, https:\/\/i0.wp.com\/noticiasribeiraopreto.com.br\/wp-content\/uploads\/2025\/11\/WhatsApp-Image-2025-11-04-at-08.52.24_2025-11-04_11-52-40.webp.webp?fit=861%2C470&ssl=1&resize=700%2C400 2x"},"classes":[]},{"id":76488,"url":"https:\/\/noticiasribeiraopreto.com.br\/index.php\/2025\/08\/29\/troca-de-bomba-pode-deixar-bairros-da-zona-oeste-de-ribeirao-preto-sem-agua\/","url_meta":{"origin":90969,"position":3},"title":"Troca de bomba pode deixar bairros da zona Oeste de Ribeir\u00e3o Preto sem \u00e1gua","author":"noticiasribeiraopreto.com.br","date":"29 de August de 2025","format":false,"excerpt":"A\u00a0Saerp (Secretaria de \u00c1gua e Esgoto de Ribeir\u00e3o Preto)\u00a0informou que bairros da zona Oeste de\u00a0Ribeir\u00e3o Preto\u00a0podem enfrentar a falta d\u2019\u00e1gua neste s\u00e1bado (30). A interrup\u00e7\u00e3o ocorre devido \u00e0 troca da bomba do Po\u00e7o Major Ricardo, que atende a regi\u00e3o. Entre os bairros afetados est\u00e3o Vila Tib\u00e9rio Vila Am\u00e9lia Jardim Ant\u00e1rtica\u2026","rel":"","context":"In &quot;Not\u00edcias de Ribeir\u00e3o Preto-SP e Regi\u00e3o&quot;","block_context":{"text":"Not\u00edcias de Ribeir\u00e3o Preto-SP e Regi\u00e3o","link":"https:\/\/noticiasribeiraopreto.com.br\/index.php\/category\/noticias-de-ribeirao-preto-sp-e-regiao-ismael-colosi\/"},"img":{"alt_text":"","src":"https:\/\/i0.wp.com\/noticiasribeiraopreto.com.br\/wp-content\/uploads\/2025\/08\/torneira-2.jpg?fit=1200%2C801&ssl=1&resize=350%2C200","width":350,"height":200,"srcset":"https:\/\/i0.wp.com\/noticiasribeiraopreto.com.br\/wp-content\/uploads\/2025\/08\/torneira-2.jpg?fit=1200%2C801&ssl=1&resize=350%2C200 1x, https:\/\/i0.wp.com\/noticiasribeiraopreto.com.br\/wp-content\/uploads\/2025\/08\/torneira-2.jpg?fit=1200%2C801&ssl=1&resize=525%2C300 1.5x, https:\/\/i0.wp.com\/noticiasribeiraopreto.com.br\/wp-content\/uploads\/2025\/08\/torneira-2.jpg?fit=1200%2C801&ssl=1&resize=700%2C400 2x, https:\/\/i0.wp.com\/noticiasribeiraopreto.com.br\/wp-content\/uploads\/2025\/08\/torneira-2.jpg?fit=1200%2C801&ssl=1&resize=1050%2C600 3x"},"classes":[]},{"id":89762,"url":"https:\/\/noticiasribeiraopreto.com.br\/index.php\/2026\/08\/11\/troca-de-bomba-em-poco-pode-deixar-condominios-da-zona-sul-de-ribeirao-preto-sem-agua\/","url_meta":{"origin":90969,"position":4},"title":"Troca de bomba em po\u00e7o pode deixar condom\u00ednios da zona Sul de Ribeir\u00e3o Preto sem \u00e1gua","author":"noticiasribeiraopreto.com.br","date":"11 de August de 2026","format":false,"excerpt":"A\u00a0Saerp (Secretaria de \u00c1gua e Esgoto de Ribeir\u00e3o Preto)\u00a0publicou um alerta para o risco de falta d\u2019\u00e1gua nesta ter\u00e7a-feira (11) em condom\u00ednios da zona Sul da cidade. Confira os condom\u00ednios afetados: Royal Park Reserva Domane Terras de Floren\u00e7a Terras de Siena Pra\u00e7as do Sul Vivendas do Sul Recantos do Sul\u2026","rel":"","context":"In &quot;Not\u00edcias de Ribeir\u00e3o Preto-SP e Regi\u00e3o&quot;","block_context":{"text":"Not\u00edcias de Ribeir\u00e3o Preto-SP e Regi\u00e3o","link":"https:\/\/noticiasribeiraopreto.com.br\/index.php\/category\/noticias-de-ribeirao-preto-sp-e-regiao-ismael-colosi\/"},"img":{"alt_text":"","src":"https:\/\/i0.wp.com\/noticiasribeiraopreto.com.br\/wp-content\/uploads\/2026\/08\/falta-agua-ribeirao-preto-1068x713-1.jpg?fit=1068%2C713&ssl=1&resize=350%2C200","width":350,"height":200,"srcset":"https:\/\/i0.wp.com\/noticiasribeiraopreto.com.br\/wp-content\/uploads\/2026\/08\/falta-agua-ribeirao-preto-1068x713-1.jpg?fit=1068%2C713&ssl=1&resize=350%2C200 1x, https:\/\/i0.wp.com\/noticiasribeiraopreto.com.br\/wp-content\/uploads\/2026\/08\/falta-agua-ribeirao-preto-1068x713-1.jpg?fit=1068%2C713&ssl=1&resize=525%2C300 1.5x, https:\/\/i0.wp.com\/noticiasribeiraopreto.com.br\/wp-content\/uploads\/2026\/08\/falta-agua-ribeirao-preto-1068x713-1.jpg?fit=1068%2C713&ssl=1&resize=700%2C400 2x, https:\/\/i0.wp.com\/noticiasribeiraopreto.com.br\/wp-content\/uploads\/2026\/08\/falta-agua-ribeirao-preto-1068x713-1.jpg?fit=1068%2C713&ssl=1&resize=1050%2C600 3x"},"classes":[]},{"id":25891,"url":"https:\/\/noticiasribeiraopreto.com.br\/index.php\/2024\/01\/08\/troca-de-bomba-pode-deixar-bairro-da-zona-norte-de-ribeirao-sem-agua\/","url_meta":{"origin":90969,"position":5},"title":"Troca de bomba pode deixar bairro da zona Norte de Ribeir\u00e3o sem \u00e1gua","author":"noticiasribeiraopreto.com.br","date":"8 de January de 2024","format":false,"excerpt":"A Prefeitura de Ribeir\u00e3o Preto alertou, no come\u00e7o da tarde desta segunda-feira (8), para a possibilidade de falta d\u2019\u00e1gua no Jardim Cristo Redentor, zona Norte da cidade. De acordo com a Saerp (Secretaria de \u00c1gua e Esgoto de Ribeir\u00e3o Preto), a intermit\u00eancia acontece devido \u00e0 substitui\u00e7\u00e3o emergencial da bomba submersa\u2026","rel":"","context":"In &quot;Not\u00edcias de Ribeir\u00e3o Preto-SP e Regi\u00e3o&quot;","block_context":{"text":"Not\u00edcias de Ribeir\u00e3o Preto-SP e Regi\u00e3o","link":"https:\/\/noticiasribeiraopreto.com.br\/index.php\/category\/noticias-de-ribeirao-preto-sp-e-regiao-ismael-colosi\/"},"img":{"alt_text":"","src":"https:\/\/i0.wp.com\/noticiasribeiraopreto.com.br\/wp-content\/uploads\/2024\/01\/VejaosbairroscomriscodefaltadguanestaquintaemRibeiroPreto_Tamanho_2_image-2.jpg?fit=1200%2C900&ssl=1&resize=350%2C200","width":350,"height":200,"srcset":"https:\/\/i0.wp.com\/noticiasribeiraopreto.com.br\/wp-content\/uploads\/2024\/01\/VejaosbairroscomriscodefaltadguanestaquintaemRibeiroPreto_Tamanho_2_image-2.jpg?fit=1200%2C900&ssl=1&resize=350%2C200 1x, https:\/\/i0.wp.com\/noticiasribeiraopreto.com.br\/wp-content\/uploads\/2024\/01\/VejaosbairroscomriscodefaltadguanestaquintaemRibeiroPreto_Tamanho_2_image-2.jpg?fit=1200%2C900&ssl=1&resize=525%2C300 1.5x, https:\/\/i0.wp.com\/noticiasribeiraopreto.com.br\/wp-content\/uploads\/2024\/01\/VejaosbairroscomriscodefaltadguanestaquintaemRibeiroPreto_Tamanho_2_image-2.jpg?fit=1200%2C900&ssl=1&resize=700%2C400 2x, https:\/\/i0.wp.com\/noticiasribeiraopreto.com.br\/wp-content\/uploads\/2024\/01\/VejaosbairroscomriscodefaltadguanestaquintaemRibeiroPreto_Tamanho_2_image-2.jpg?fit=1200%2C900&ssl=1&resize=1050%2C600 3x"},"classes":[]}],"jetpack_sharing_enabled":true,"jetpack_shortlink":"https:\/\/wp.me\/peQAOb-nFf","jetpack_featured_media_url":"https:\/\/i0.wp.com\/noticiasribeiraopreto.com.br\/wp-content\/uploads\/2026\/09\/saerp_falta_1200x675_14012022092806_2026-07-06_13-01-42.webp.webp?fit=1200%2C675&ssl=1","_links":{"self":[{"href":"https:\/\/noticiasribeiraopreto.com.br\/index.php\/wp-json\/wp\/v2\/posts\/90969","targetHints":{"allow":["GET"]}}],"collection":[{"href":"https:\/\/noticiasribeiraopreto.com.br\/index.php\/wp-json\/wp\/v2\/posts"}],"about":[{"href":"https:\/\/noticiasribeiraopreto.com.br\/index.php\/wp-json\/wp\/v2\/types\/post"}],"author":[{"embeddable":true,"href":"https:\/\/noticiasribeiraopreto.com.br\/index.php\/wp-json\/wp\/v2\/users\/1"}],"replies":[{"embeddable":true,"href":"https:\/\/noticiasribeiraopreto.com.br\/index.php\/wp-json\/wp\/v2\/comments?post=90969"}],"version-history":[{"count":0,"href":"https:\/\/noticiasribeiraopreto.com.br\/index.php\/wp-json\/wp\/v2\/posts\/90969\/revisions"}],"wp:featuredmedia":[{"embeddable":true,"href":"https:\/\/noticiasribeiraopreto.com.br\/index.php\/wp-json\/wp\/v2\/media\/90970"}],"wp:attachment":[{"href":"https:\/\/noticiasribeiraopreto.com.br\/index.php\/wp-json\/wp\/v2\/media?parent=90969"}],"wp:term":[{"taxonomy":"category","embeddable":true,"href":"https:\/\/noticiasribeiraopreto.com.br\/index.php\/wp-json\/wp\/v2\/categories?post=90969"},{"taxonomy":"post_tag","embeddable":true,"href":"https:\/\/noticiasribeiraopreto.com.br\/index.php\/wp-json\/wp\/v2\/tags?post=90969"}],"curies":[{"name":"wp","href":"https:\/\/api.w.org\/{rel}","templated":true}]}}