{"id":90971,"date":"2026-09-02T11:10:16","date_gmt":"2026-09-02T14:10:16","guid":{"rendered":"https:\/\/noticiasribeiraopreto.com.br\/index.php\/2026\/09\/02\/pesquisa-quaest-distancia-entre-lula-e-flavio-cai-para-1-ponto-no-2o-turno\/"},"modified":"2026-09-02T11:10:16","modified_gmt":"2026-09-02T14:10:16","slug":"pesquisa-quaest-distancia-entre-lula-e-flavio-cai-para-1-ponto-no-2o-turno","status":"publish","type":"post","link":"https:\/\/noticiasribeiraopreto.com.br\/index.php\/2026\/09\/02\/pesquisa-quaest-distancia-entre-lula-e-flavio-cai-para-1-ponto-no-2o-turno\/","title":{"rendered":"Pesquisa Quaest: dist\u00e2ncia entre Lula e Fl\u00e1vio cai para 1 ponto no 2\u00ba turno"},"content":{"rendered":"<div class='code-block code-block-1' style='margin: 8px 0 8px auto; text-align: right; display: block; clear: both;'>\n<p><a href=\"https:\/\/wa.link\/vpicfd\"><img data-recalc-dims=\"1\" class=\"wp-image-4922\" style=\"aspect-ratio: 2.0253164556962027; width: 561px; height: auto;\" src=\"https:\/\/i0.wp.com\/ismaelcolosi.com.br\/wp-content\/uploads\/2023\/11\/grupo-de-empregos-whatsapp-e-facebook-ismael-colosi-vagas.jpg?ssl=1\" alt=\"\" \/><\/a><\/p>\n<!-- \/wp:image -->\n<\/div>\n<p> <br \/>\n<\/p>\n<p>A nova pesquisa <strong>Quaest<\/strong>, divulgada nesta quarta-feira (2), mostra que o presidente<strong> Luiz In\u00e1cio Lula da Silva (PT)<\/strong> e o<strong> senador Fl\u00e1vio Bolsonaro (PL) <\/strong>est\u00e3o tecnicamente empatados em uma eventual disputa de segundo turno das <strong>Elei\u00e7\u00f5es 2026<\/strong>. Lula registra 42% das inten\u00e7\u00f5es de voto, ante 41% de Fl\u00e1vio. O levantamento foi encomendado pelo <strong>Jornal O Globo<\/strong>.<\/p>\n<p class=\"has-cyan-bluish-gray-background-color has-background\"><em>Receba not\u00edcias do\u00a0<strong>acidade on Ribeir\u00e3o\u00a0<\/strong>no WhatsApp e fique por dentro de tudo! Basta acessar o link<a href=\"https:\/\/chat.whatsapp.com\/DfXwcjKVIddHUT3BvnQuPZ?mode=hqctshi\" target=\"_blank\" rel=\"noreferrer noopener\">\u00a0aqui<\/a>!<\/em><\/p>\n<p><mark class=\"has-inline-color has-black-color\">A vantagem do petista caiu de tr\u00eas para um ponto porcentual desde a rodada divulgada em 14 de agosto<\/mark>. Na ocasi\u00e3o, Lula tinha 43%, enquanto Fl\u00e1vio alcan\u00e7ava 40%. Brancos, nulos ou eleitores que n\u00e3o pretendem votar somam 13%, e os indecisos 4%.<\/p>\n<p>Lula tamb\u00e9m lidera os demais cen\u00e1rios de segundo turno testados. Contra Ronaldo Caiado (PSD), o presidente tem 42%, ante 37% do governador de Goi\u00e1s. Diante de Renan Santos (Miss\u00e3o), o placar \u00e9 de 43% a 36%. Em uma disputa com Augusto Cury (Avante), Lula registra 40%, contra 34% do advers\u00e1rio.<\/p>\n<h2 class=\"wp-block-heading\" id=\"pesquisa-1-turno\">Pesquisa 1\u00ba turno<\/h2>\n<p>No primeiro turno, o presidente aparece \u00e0 frente com 37% das inten\u00e7\u00f5es de voto, seguido por Fl\u00e1vio, com 30%, e Cury, com 10%. Renan Santos registra 3%. Ronaldo Caiado, Romeu Zema, Pablo Mar\u00e7al e Samara Braga t\u00eam 1% cada.<\/p>\n<p>Outros 7% dos entrevistados pretendem votar em branco ou anular o voto, enquanto 11% est\u00e3o indecisos.<\/p>\n<p>Em um cen\u00e1rio de primeiro turno sem Mar\u00e7al, Lula mant\u00e9m os 37%, Fl\u00e1vio registra 29% e Cury continua com 10%.<\/p>\n<p>Fl\u00e1vio Bolsonaro \u00e9 rejeitado por 55% dos eleitores, enquanto a rejei\u00e7\u00e3o a Lula alcan\u00e7a 53%.<\/p>\n<p>A pesquisa Quaest foi realizada entre os dias 30 de agosto e 1\u00ba de setembro, com 2.004 eleitores. A margem de erro \u00e9 de 2 pontos porcentuais, para mais ou para menos, com n\u00edvel de confian\u00e7a de 95%. O levantamento foi registrado no<a href=\"https:\/\/www.tse.jus.br\/\" data-type=\"link\" data-id=\"https:\/\/www.tse.jus.br\/\" target=\"_blank\" rel=\"noopener\"> Tribunal Superior Eleitoral (TSE) <\/a>sob o protocolo BR-07065\/2026.<\/p>\n<figure class=\"wp-block-gallery has-nested-images columns-default is-cropped wp-block-gallery-1 is-layout-flex wp-block-gallery-is-layout-flex\">\n<figure class=\"wp-block-image size-large\"><figcaption class=\"wp-element-caption\">Lula (Foto: Ricardo Stuckert)<\/figcaption><\/figure>\n<figure class=\"wp-block-image size-large\"><img data-recalc-dims=\"1\" loading=\"lazy\" decoding=\"async\" width=\"1024\" height=\"683\" data-id=\"173037\" src=\"https:\/\/i0.wp.com\/www.acidadeon.com\/ribeiraopreto\/wp-content\/uploads\/sites\/3\/2026\/08\/flavio-bolsonaro-1024x683.jpg?resize=1024%2C683&#038;ssl=1\" alt=\"flavio bolsonaro\" class=\"wp-image-173037\" title=\"Pesquisa Quaest: dist\u00e2ncia entre Lula e Fl\u00e1vio cai para 1 ponto no 2\u00ba turno 2\"><figcaption class=\"wp-element-caption\">Fl\u00e1vio Bolsonaro (Foto: Geraldo Magela\/Ag\u00eancia Senado)<\/figcaption><\/figure>\n<figure class=\"wp-block-image size-large\"><img data-recalc-dims=\"1\" loading=\"lazy\" decoding=\"async\" width=\"1024\" height=\"681\" data-id=\"172903\" src=\"https:\/\/i0.wp.com\/www.acidadeon.com\/ribeiraopreto\/wp-content\/uploads\/sites\/3\/2026\/08\/escritor-augusto-cury-1024x681.jpeg?resize=1024%2C681&#038;ssl=1\" alt=\"augusto cury\" class=\"wp-image-172903\" title=\"Pesquisa Quaest: dist\u00e2ncia entre Lula e Fl\u00e1vio cai para 1 ponto no 2\u00ba turno 3\"><figcaption class=\"wp-element-caption\">Augusto Cury visitou a Festa do Pe\u00e3o de Barretos na sexta-feira (Foto: Guilherme Soares)<\/figcaption><\/figure>\n<figure class=\"wp-block-image size-large\"><img data-recalc-dims=\"1\" loading=\"lazy\" decoding=\"async\" width=\"576\" height=\"1024\" data-id=\"172928\" src=\"https:\/\/i0.wp.com\/www.acidadeon.com\/ribeiraopreto\/wp-content\/uploads\/sites\/3\/2026\/08\/ronaldo-caiado-barretos-1-576x1024.jpg?resize=576%2C1024&#038;ssl=1\" alt=\"caiado em barretos\" class=\"wp-image-172928\" title=\"Pesquisa Quaest: dist\u00e2ncia entre Lula e Fl\u00e1vio cai para 1 ponto no 2\u00ba turno 4\"><figcaption class=\"wp-element-caption\">(Foto: divulga\u00e7\u00e3o)<\/figcaption><\/figure>\n<figure class=\"wp-block-image size-large\"><img data-recalc-dims=\"1\" loading=\"lazy\" decoding=\"async\" width=\"1024\" height=\"576\" data-id=\"173170\" src=\"https:\/\/i0.wp.com\/www.acidadeon.com\/ribeiraopreto\/wp-content\/uploads\/sites\/3\/2026\/09\/eleicoes-2026-pesquisas-1-1024x576.jpg?resize=1024%2C576&#038;ssl=1\" alt=\"pesquisa\" class=\"wp-image-173170\" title=\"Pesquisa Quaest: dist\u00e2ncia entre Lula e Fl\u00e1vio cai para 1 ponto no 2\u00ba turno 5\"><figcaption class=\"wp-element-caption\">Renan Santos (Miss\u00e3o), candidato a presidente do Brasil \u2013 Foto: S\u00e9rgio Lima\/Novo Selo<\/figcaption><\/figure>\n<figure class=\"wp-block-image size-large\"><img data-recalc-dims=\"1\" loading=\"lazy\" decoding=\"async\" width=\"1024\" height=\"576\" data-id=\"173171\" src=\"https:\/\/i0.wp.com\/www.acidadeon.com\/ribeiraopreto\/wp-content\/uploads\/sites\/3\/2026\/09\/eleicoes-2026-pesquisas-1024x576.jpg?resize=1024%2C576&#038;ssl=1\" alt=\"Romeu Zema (Novo), candidato a presidente do Brasil - Foto: Paulo Guereta\/ Governo do Estado de SP\" class=\"wp-image-173171\" title=\"Pesquisa Quaest: dist\u00e2ncia entre Lula e Fl\u00e1vio cai para 1 ponto no 2\u00ba turno 6\"><figcaption class=\"wp-element-caption\">Romeu Zema (Novo), candidato a presidente do Brasil \u2013 Foto: Paulo Guereta\/ Governo do Estado de SP<\/figcaption><\/figure>\n<\/figure>\n<p><em>Com informa\u00e7\u00f5es Geovani Bucci e Daniel Tozzi\/Estad\u00e3o Conte\u00fado<\/em><\/p>\n<p class=\"has-cyan-bluish-gray-background-color has-background\"><em>Fa\u00e7a uma den\u00fancia ou sugira uma reportagem sobre\u00a0<strong>Ribeir\u00e3o Preto\u00a0<\/strong>e regi\u00e3o por meio do WhatsApp do\u00a0<strong>acidade on Ribeir\u00e3o<\/strong>: (16) 99117-7802.<\/em><\/p>\n<div class=\"wp-block-rank-math-toc-block\" id=\"rank-math-toc\">\n<nav>\n<ul>\n<li class=\"\">Pesquisa 1\u00ba turno<\/li>\n<\/ul>\n<\/nav>\n<\/div>\n<p>O post Pesquisa Quaest: dist\u00e2ncia entre Lula e Fl\u00e1vio cai para 1 ponto no 2\u00ba turno apareceu primeiro em ACidade ON Ribeir\u00e3o Preto.<\/p>\n<p><br \/>\n<br \/><a href=\"https:\/\/www.acidadeon.com\/ribeiraopreto\/politica\/eleicoes\/pesquisa-quaest-distancia-entre-lula-e-flavio-cai-para-1-ponto-no-2o-turno\/\">Link para o texto original aqui <\/a><\/p>\n<!-- CONTENT END 1 -->\n","protected":false},"excerpt":{"rendered":"<p>A nova pesquisa Quaest, divulgada nesta quarta-feira (2), mostra que o presidente Luiz In\u00e1cio Lula da Silva (PT) e o senador Fl\u00e1vio Bolsonaro (PL) est\u00e3o&#8230;<\/p>\n","protected":false},"author":1,"featured_media":90972,"comment_status":"","ping_status":"","sticky":false,"template":"","format":"standard","meta":{"advanced_seo_description":"","jetpack_seo_html_title":"","jetpack_seo_noindex":false,"jetpack_seo_schema_type":"","_jetpack_newsletter_access":"","_jetpack_dont_email_post_to_subs":false,"_jetpack_newsletter_tier_id":0,"_jetpack_memberships_contains_paywalled_content":false,"_jetpack_feature_clip_id":0,"_jetpack_memberships_contains_paid_content":false,"footnotes":"","jetpack_publicize_message":"","jetpack_publicize_feature_enabled":true,"jetpack_social_post_already_shared":true,"jetpack_social_options":{"image_generator_settings":{"template":"highway","default_image_id":0,"font":"","enabled":false},"version":2},"jetpack_post_was_ever_published":false},"categories":[11],"tags":[1149,634,1893,389,890,750,71,99,1000,8763,4487],"class_list":["post-90971","post","type-post","status-publish","format-standard","has-post-thumbnail","hentry","category-noticias-de-ribeirao-preto-sp-e-regiao-ismael-colosi","tag-2o","tag-cai","tag-distancia","tag-entre","tag-flavio","tag-lula","tag-para","tag-pesquisa","tag-ponto","tag-quaest","tag-turno"],"jetpack_publicize_connections":[],"jetpack-related-posts":[{"id":90807,"url":"https:\/\/noticiasribeiraopreto.com.br\/index.php\/2026\/08\/31\/pesquisas-para-presidente-lula-e-flavio-lideram-e-novo-nome-assume-o-3o-lugar\/","url_meta":{"origin":90971,"position":0},"title":"Pesquisas para presidente: Lula e Fl\u00e1vio lideram e novo nome assume o 3\u00ba lugar","author":"noticiasribeiraopreto.com.br","date":"31 de August de 2026","format":false,"excerpt":"Duas pesquisas eleitorais para a disputa da Presid\u00eancia da Rep\u00fablica nas Elei\u00e7\u00f5es 2026 foram divulgadas nesta segunda-feira (31). Segundo os levantamentos da Atlas\/Bloomberg e da BTG\/Nexus, o escritor Augusto Cury (Avante) aparece na terceira coloca\u00e7\u00e3o das pesquisas, que seguem lideradas por Luiz In\u00e1cio Lula da Silva (PT) e Fl\u00e1vio Bolsonaro\u2026","rel":"","context":"In &quot;Not\u00edcias de Ribeir\u00e3o Preto-SP e Regi\u00e3o&quot;","block_context":{"text":"Not\u00edcias de Ribeir\u00e3o Preto-SP e Regi\u00e3o","link":"https:\/\/noticiasribeiraopreto.com.br\/index.php\/category\/noticias-de-ribeirao-preto-sp-e-regiao-ismael-colosi\/"},"img":{"alt_text":"","src":"https:\/\/i0.wp.com\/noticiasribeiraopreto.com.br\/wp-content\/uploads\/2026\/08\/lula-flavio-pesquisa.jpeg?fit=1200%2C674&ssl=1&resize=350%2C200","width":350,"height":200,"srcset":"https:\/\/i0.wp.com\/noticiasribeiraopreto.com.br\/wp-content\/uploads\/2026\/08\/lula-flavio-pesquisa.jpeg?fit=1200%2C674&ssl=1&resize=350%2C200 1x, https:\/\/i0.wp.com\/noticiasribeiraopreto.com.br\/wp-content\/uploads\/2026\/08\/lula-flavio-pesquisa.jpeg?fit=1200%2C674&ssl=1&resize=525%2C300 1.5x, https:\/\/i0.wp.com\/noticiasribeiraopreto.com.br\/wp-content\/uploads\/2026\/08\/lula-flavio-pesquisa.jpeg?fit=1200%2C674&ssl=1&resize=700%2C400 2x, https:\/\/i0.wp.com\/noticiasribeiraopreto.com.br\/wp-content\/uploads\/2026\/08\/lula-flavio-pesquisa.jpeg?fit=1200%2C674&ssl=1&resize=1050%2C600 3x"},"classes":[]},{"id":90866,"url":"https:\/\/noticiasribeiraopreto.com.br\/index.php\/2026\/09\/01\/pesquisas-para-presidente-lula-e-bolsonaro-lideram-e-cury-chama-atencao\/","url_meta":{"origin":90971,"position":1},"title":"Pesquisas para presidente: Lula e Bolsonaro lideram, e Cury chama aten\u00e7\u00e3o","author":"noticiasribeiraopreto.com.br","date":"1 de September de 2026","format":false,"excerpt":"A pesquisa Real Time Big Data, divulgada nesta ter\u00e7a-feira (1\u00ba), mostra Luiz In\u00e1cio Lula da Silva (PT) na lideran\u00e7a da disputa pela Presid\u00eancia da Rep\u00fablica no primeiro turno. O presidente aparece com 38% das inten\u00e7\u00f5es de voto, seguido por Fl\u00e1vio Bolsonaro (PL), com 30%, e Augusto Cury (Avante), com 11%.\u2026","rel":"","context":"In &quot;Not\u00edcias de Ribeir\u00e3o Preto-SP e Regi\u00e3o&quot;","block_context":{"text":"Not\u00edcias de Ribeir\u00e3o Preto-SP e Regi\u00e3o","link":"https:\/\/noticiasribeiraopreto.com.br\/index.php\/category\/noticias-de-ribeirao-preto-sp-e-regiao-ismael-colosi\/"},"img":{"alt_text":"","src":"https:\/\/i0.wp.com\/noticiasribeiraopreto.com.br\/wp-content\/uploads\/2026\/09\/lula-bolsonaro-cury-eleicoes-2026.jpg?fit=1200%2C675&ssl=1&resize=350%2C200","width":350,"height":200,"srcset":"https:\/\/i0.wp.com\/noticiasribeiraopreto.com.br\/wp-content\/uploads\/2026\/09\/lula-bolsonaro-cury-eleicoes-2026.jpg?fit=1200%2C675&ssl=1&resize=350%2C200 1x, https:\/\/i0.wp.com\/noticiasribeiraopreto.com.br\/wp-content\/uploads\/2026\/09\/lula-bolsonaro-cury-eleicoes-2026.jpg?fit=1200%2C675&ssl=1&resize=525%2C300 1.5x, https:\/\/i0.wp.com\/noticiasribeiraopreto.com.br\/wp-content\/uploads\/2026\/09\/lula-bolsonaro-cury-eleicoes-2026.jpg?fit=1200%2C675&ssl=1&resize=700%2C400 2x, https:\/\/i0.wp.com\/noticiasribeiraopreto.com.br\/wp-content\/uploads\/2026\/09\/lula-bolsonaro-cury-eleicoes-2026.jpg?fit=1200%2C675&ssl=1&resize=1050%2C600 3x"},"classes":[]},{"id":90868,"url":"https:\/\/noticiasribeiraopreto.com.br\/index.php\/2026\/09\/01\/eleicoes-2026-acidade-on-entrevista-candidatos-ao-governo-do-estado-de-sp\/","url_meta":{"origin":90971,"position":2},"title":"Elei\u00e7\u00f5es 2026: acidade on entrevista candidatos ao Governo do Estado de SP","author":"noticiasribeiraopreto.com.br","date":"1 de September de 2026","format":false,"excerpt":"O Portal acidade on entrevista, nesta semana, os candidatos ao Governo do Estado de S\u00e3o Paulo nas Elei\u00e7\u00f5es 2026. Foram convidados os candidatos que somaram mais de 5% das inten\u00e7\u00f5es de voto na \u00faltima pesquisa Quaest, divulgada na \u00faltima ter\u00e7a-feira (25). As perguntas ser\u00e3o voltadas \u00e0s regi\u00f5es de Campinas e\u2026","rel":"","context":"In &quot;Not\u00edcias de Ribeir\u00e3o Preto-SP e Regi\u00e3o&quot;","block_context":{"text":"Not\u00edcias de Ribeir\u00e3o Preto-SP e Regi\u00e3o","link":"https:\/\/noticiasribeiraopreto.com.br\/index.php\/category\/noticias-de-ribeirao-preto-sp-e-regiao-ismael-colosi\/"},"img":{"alt_text":"","src":"https:\/\/i0.wp.com\/noticiasribeiraopreto.com.br\/wp-content\/uploads\/2026\/09\/tarcisio-haddad-entrevista.jpeg?fit=768%2C432&ssl=1&resize=350%2C200","width":350,"height":200,"srcset":"https:\/\/i0.wp.com\/noticiasribeiraopreto.com.br\/wp-content\/uploads\/2026\/09\/tarcisio-haddad-entrevista.jpeg?fit=768%2C432&ssl=1&resize=350%2C200 1x, https:\/\/i0.wp.com\/noticiasribeiraopreto.com.br\/wp-content\/uploads\/2026\/09\/tarcisio-haddad-entrevista.jpeg?fit=768%2C432&ssl=1&resize=525%2C300 1.5x, https:\/\/i0.wp.com\/noticiasribeiraopreto.com.br\/wp-content\/uploads\/2026\/09\/tarcisio-haddad-entrevista.jpeg?fit=768%2C432&ssl=1&resize=700%2C400 2x"},"classes":[]},{"id":87782,"url":"https:\/\/noticiasribeiraopreto.com.br\/index.php\/2026\/07\/09\/lula-e-flavio-bolsonaro-empatam-em-sp-para-presidente-mas-petista-tem-rejeicao-maior-aponta-datafolha\/","url_meta":{"origin":90971,"position":3},"title":"Lula e Fl\u00e1vio Bolsonaro empatam em SP para presidente, mas petista tem rejei\u00e7\u00e3o maior, aponta Datafolha","author":"noticiasribeiraopreto.com.br","date":"9 de July de 2026","format":false,"excerpt":"O presidente Lula (PT) e o senador Fl\u00e1vio Bolsonaro (PL-RJ) empatam nas inten\u00e7\u00f5es de voto em S\u00e3o Paulo para a disputa ao Pal\u00e1cio do Planalto no primeiro e no segundo turno, mas o petista tem rejei\u00e7\u00e3o maior entre o eleitorado paulista, segundo nova pesquisa Datafolha.Tanto Lula quanto o filho do\u2026","rel":"","context":"In &quot;Not\u00edcias de Ribeir\u00e3o Preto-SP e Regi\u00e3o&quot;","block_context":{"text":"Not\u00edcias de Ribeir\u00e3o Preto-SP e Regi\u00e3o","link":"https:\/\/noticiasribeiraopreto.com.br\/index.php\/category\/noticias-de-ribeirao-preto-sp-e-regiao-ismael-colosi\/"},"img":{"alt_text":"","src":"https:\/\/i0.wp.com\/noticiasribeiraopreto.com.br\/wp-content\/uploads\/2026\/07\/TH-PORTAL-IMAGEM-2.png?fit=1200%2C675&ssl=1&resize=350%2C200","width":350,"height":200,"srcset":"https:\/\/i0.wp.com\/noticiasribeiraopreto.com.br\/wp-content\/uploads\/2026\/07\/TH-PORTAL-IMAGEM-2.png?fit=1200%2C675&ssl=1&resize=350%2C200 1x, https:\/\/i0.wp.com\/noticiasribeiraopreto.com.br\/wp-content\/uploads\/2026\/07\/TH-PORTAL-IMAGEM-2.png?fit=1200%2C675&ssl=1&resize=525%2C300 1.5x, https:\/\/i0.wp.com\/noticiasribeiraopreto.com.br\/wp-content\/uploads\/2026\/07\/TH-PORTAL-IMAGEM-2.png?fit=1200%2C675&ssl=1&resize=700%2C400 2x, https:\/\/i0.wp.com\/noticiasribeiraopreto.com.br\/wp-content\/uploads\/2026\/07\/TH-PORTAL-IMAGEM-2.png?fit=1200%2C675&ssl=1&resize=1050%2C600 3x"},"classes":[]},{"id":59605,"url":"https:\/\/noticiasribeiraopreto.com.br\/index.php\/2024\/10\/26\/quaest-veja-os-numeros-da-ultima-pesquisa-antes-do-2o-turno-em-ribeirao-preto\/","url_meta":{"origin":90971,"position":4},"title":"Quaest: Veja os n\u00fameros da \u00faltima pesquisa antes do 2\u00ba turno em Ribeir\u00e3o Preto","author":"noticiasribeiraopreto.com.br","date":"26 de October de 2024","format":false,"excerpt":"A pesquisa Quaest divulgada na noite deste s\u00e1bado (26) mostra Ricardo Silva (PSD) liderando a disputa pela Prefeitura de Ribeir\u00e3o Preto com 46% dos votos. O candidato Marco Aur\u00e9lio (NOVO) aparece em segundo lugar, com 33% dos votos. Essa \u00e9 a \u00faltima pesquisa sobre a inten\u00e7\u00e3o de voto no 2\u00ba\u2026","rel":"","context":"In &quot;Not\u00edcias de Ribeir\u00e3o Preto-SP e Regi\u00e3o&quot;","block_context":{"text":"Not\u00edcias de Ribeir\u00e3o Preto-SP e Regi\u00e3o","link":"https:\/\/noticiasribeiraopreto.com.br\/index.php\/category\/noticias-de-ribeirao-preto-sp-e-regiao-ismael-colosi\/"},"img":{"alt_text":"","src":"https:\/\/i0.wp.com\/noticiasribeiraopreto.com.br\/wp-content\/uploads\/2024\/10\/ricardo-silva-marco-aurelio-entrevista_2024-10-12_22-13-15_jpeg_2024-10-12_22-13-15.webp.webp?fit=1200%2C674&ssl=1&resize=350%2C200","width":350,"height":200,"srcset":"https:\/\/i0.wp.com\/noticiasribeiraopreto.com.br\/wp-content\/uploads\/2024\/10\/ricardo-silva-marco-aurelio-entrevista_2024-10-12_22-13-15_jpeg_2024-10-12_22-13-15.webp.webp?fit=1200%2C674&ssl=1&resize=350%2C200 1x, https:\/\/i0.wp.com\/noticiasribeiraopreto.com.br\/wp-content\/uploads\/2024\/10\/ricardo-silva-marco-aurelio-entrevista_2024-10-12_22-13-15_jpeg_2024-10-12_22-13-15.webp.webp?fit=1200%2C674&ssl=1&resize=525%2C300 1.5x, https:\/\/i0.wp.com\/noticiasribeiraopreto.com.br\/wp-content\/uploads\/2024\/10\/ricardo-silva-marco-aurelio-entrevista_2024-10-12_22-13-15_jpeg_2024-10-12_22-13-15.webp.webp?fit=1200%2C674&ssl=1&resize=700%2C400 2x, https:\/\/i0.wp.com\/noticiasribeiraopreto.com.br\/wp-content\/uploads\/2024\/10\/ricardo-silva-marco-aurelio-entrevista_2024-10-12_22-13-15_jpeg_2024-10-12_22-13-15.webp.webp?fit=1200%2C674&ssl=1&resize=1050%2C600 3x"},"classes":[]},{"id":59225,"url":"https:\/\/noticiasribeiraopreto.com.br\/index.php\/2024\/10\/17\/quaest-2o-turno-veja-os-numeros-da-pesquisa-eleitoral-em-ribeirao-preto\/","url_meta":{"origin":90971,"position":5},"title":"Quaest 2\u00ba turno: Veja os n\u00fameros da pesquisa eleitoral em Ribeir\u00e3o Preto","author":"noticiasribeiraopreto.com.br","date":"17 de October de 2024","format":false,"excerpt":"A pesquisa Quaest divulgada na noite desta quinta-feira (17) mostra Ricardo Silva (PSD) liderando a disputa pela Prefeitura de Ribeir\u00e3o Preto com 48% dos votos. O candidato Marco Aur\u00e9lio (NOVO) aparece em segundo lugar, com 31% dos votos. Essa \u00e9 a primeira pesquisa sobre a inten\u00e7\u00e3o de voto no 2\u00ba\u2026","rel":"","context":"In &quot;Not\u00edcias de Ribeir\u00e3o Preto-SP e Regi\u00e3o&quot;","block_context":{"text":"Not\u00edcias de Ribeir\u00e3o Preto-SP e Regi\u00e3o","link":"https:\/\/noticiasribeiraopreto.com.br\/index.php\/category\/noticias-de-ribeirao-preto-sp-e-regiao-ismael-colosi\/"},"img":{"alt_text":"","src":"https:\/\/i0.wp.com\/noticiasribeiraopreto.com.br\/wp-content\/uploads\/2024\/10\/Copia-de-Copia-de-Copia-de-TAMANHO-EXATO-PARA-FOTOS-NO-SISTEMA-NOVO-95_2024-10-06_22-19-13_png_2024-10-06_22-19-13.webp.webp?fit=1200%2C675&ssl=1&resize=350%2C200","width":350,"height":200,"srcset":"https:\/\/i0.wp.com\/noticiasribeiraopreto.com.br\/wp-content\/uploads\/2024\/10\/Copia-de-Copia-de-Copia-de-TAMANHO-EXATO-PARA-FOTOS-NO-SISTEMA-NOVO-95_2024-10-06_22-19-13_png_2024-10-06_22-19-13.webp.webp?fit=1200%2C675&ssl=1&resize=350%2C200 1x, https:\/\/i0.wp.com\/noticiasribeiraopreto.com.br\/wp-content\/uploads\/2024\/10\/Copia-de-Copia-de-Copia-de-TAMANHO-EXATO-PARA-FOTOS-NO-SISTEMA-NOVO-95_2024-10-06_22-19-13_png_2024-10-06_22-19-13.webp.webp?fit=1200%2C675&ssl=1&resize=525%2C300 1.5x, https:\/\/i0.wp.com\/noticiasribeiraopreto.com.br\/wp-content\/uploads\/2024\/10\/Copia-de-Copia-de-Copia-de-TAMANHO-EXATO-PARA-FOTOS-NO-SISTEMA-NOVO-95_2024-10-06_22-19-13_png_2024-10-06_22-19-13.webp.webp?fit=1200%2C675&ssl=1&resize=700%2C400 2x, https:\/\/i0.wp.com\/noticiasribeiraopreto.com.br\/wp-content\/uploads\/2024\/10\/Copia-de-Copia-de-Copia-de-TAMANHO-EXATO-PARA-FOTOS-NO-SISTEMA-NOVO-95_2024-10-06_22-19-13_png_2024-10-06_22-19-13.webp.webp?fit=1200%2C675&ssl=1&resize=1050%2C600 3x"},"classes":[]}],"jetpack_sharing_enabled":true,"jetpack_shortlink":"https:\/\/wp.me\/peQAOb-nFh","jetpack_featured_media_url":"https:\/\/i0.wp.com\/noticiasribeiraopreto.com.br\/wp-content\/uploads\/2026\/09\/lula-flavio-bolsonaro-quaest.jpeg?fit=1600%2C899&ssl=1","_links":{"self":[{"href":"https:\/\/noticiasribeiraopreto.com.br\/index.php\/wp-json\/wp\/v2\/posts\/90971","targetHints":{"allow":["GET"]}}],"collection":[{"href":"https:\/\/noticiasribeiraopreto.com.br\/index.php\/wp-json\/wp\/v2\/posts"}],"about":[{"href":"https:\/\/noticiasribeiraopreto.com.br\/index.php\/wp-json\/wp\/v2\/types\/post"}],"author":[{"embeddable":true,"href":"https:\/\/noticiasribeiraopreto.com.br\/index.php\/wp-json\/wp\/v2\/users\/1"}],"replies":[{"embeddable":true,"href":"https:\/\/noticiasribeiraopreto.com.br\/index.php\/wp-json\/wp\/v2\/comments?post=90971"}],"version-history":[{"count":0,"href":"https:\/\/noticiasribeiraopreto.com.br\/index.php\/wp-json\/wp\/v2\/posts\/90971\/revisions"}],"wp:featuredmedia":[{"embeddable":true,"href":"https:\/\/noticiasribeiraopreto.com.br\/index.php\/wp-json\/wp\/v2\/media\/90972"}],"wp:attachment":[{"href":"https:\/\/noticiasribeiraopreto.com.br\/index.php\/wp-json\/wp\/v2\/media?parent=90971"}],"wp:term":[{"taxonomy":"category","embeddable":true,"href":"https:\/\/noticiasribeiraopreto.com.br\/index.php\/wp-json\/wp\/v2\/categories?post=90971"},{"taxonomy":"post_tag","embeddable":true,"href":"https:\/\/noticiasribeiraopreto.com.br\/index.php\/wp-json\/wp\/v2\/tags?post=90971"}],"curies":[{"name":"wp","href":"https:\/\/api.w.org\/{rel}","templated":true}]}}