{"id":90973,"date":"2026-09-02T11:51:02","date_gmt":"2026-09-02T14:51:02","guid":{"rendered":"https:\/\/noticiasribeiraopreto.com.br\/index.php\/2026\/09\/02\/troca-emergencial-de-bomba-pode-causar-intermitencias-no-abastecimento-de-agua-em-ribeirao-preto\/"},"modified":"2026-09-02T11:51:02","modified_gmt":"2026-09-02T14:51:02","slug":"troca-emergencial-de-bomba-pode-causar-intermitencias-no-abastecimento-de-agua-em-ribeirao-preto","status":"publish","type":"post","link":"https:\/\/noticiasribeiraopreto.com.br\/index.php\/2026\/09\/02\/troca-emergencial-de-bomba-pode-causar-intermitencias-no-abastecimento-de-agua-em-ribeirao-preto\/","title":{"rendered":"Troca emergencial de bomba pode causar intermit\u00eancias no abastecimento de \u00e1gua em Ribeir\u00e3o Preto"},"content":{"rendered":"<div class='code-block code-block-1' style='margin: 8px 0 8px auto; text-align: right; display: block; clear: both;'>\n<p><a href=\"https:\/\/wa.link\/vpicfd\"><img data-recalc-dims=\"1\" class=\"wp-image-4922\" style=\"aspect-ratio: 2.0253164556962027; width: 561px; height: auto;\" src=\"https:\/\/i0.wp.com\/ismaelcolosi.com.br\/wp-content\/uploads\/2023\/11\/grupo-de-empregos-whatsapp-e-facebook-ismael-colosi-vagas.jpg?ssl=1\" alt=\"\" \/><\/a><\/p>\n<!-- \/wp:image -->\n<\/div>\n<p> <br \/>\n<\/p>\n<div data-td-block-uid=\"tdi_137\">\n<div class=\"tdb-block-inner td-fix-index\">\n<p>A <strong>troca emergencial de uma bomba do Po\u00e7o Maca\u00faba, em Ribeir\u00e3o Preto<\/strong>, nesta quarta-feira (02), pode causar intermit\u00eancias no abastecimento de \u00e1gua na regi\u00e3o.<\/p>\n<p>Segundo anunciado pela prefeitura, a paralisa\u00e7\u00e3o pode <strong>\u201cocasionar intermit\u00eancias no Reserva Maca\u00faba\u201d.<\/strong><\/p>\n<p>O servi\u00e7o est\u00e1 previsto para ser encerrado at\u00e9 \u00e0s 21h de hoje, 02 de setembro. <strong>Retorno do abastecimento ocorrer\u00e1 gradativamente ap\u00f3s a finaliza\u00e7\u00e3o do servi\u00e7o.<\/strong><\/p>\n<\/div>\n<\/div>\n<p><br \/>\n<br \/><a href=\"https:\/\/thmais.com.br\/cidades\/ribeirao-preto\/troca-emergencial-de-bomba-pode-causar-intermitencias-no-abastecimento-de-agua-em-ribeirao-preto\/\">Link para o texto original aqui <\/a><\/p>\n<!-- CONTENT END 1 -->\n","protected":false},"excerpt":{"rendered":"<p>A troca emergencial de uma bomba do Po\u00e7o Maca\u00faba, em Ribeir\u00e3o Preto, nesta quarta-feira (02), pode causar intermit\u00eancias no abastecimento de \u00e1gua na regi\u00e3o. Segundo&#8230;<\/p>\n","protected":false},"author":1,"featured_media":90974,"comment_status":"","ping_status":"","sticky":false,"template":"","format":"standard","meta":{"advanced_seo_description":"","jetpack_seo_html_title":"","jetpack_seo_noindex":false,"jetpack_seo_schema_type":"","_jetpack_newsletter_access":"","_jetpack_dont_email_post_to_subs":false,"_jetpack_newsletter_tier_id":0,"_jetpack_memberships_contains_paywalled_content":false,"_jetpack_feature_clip_id":0,"_jetpack_memberships_contains_paid_content":false,"footnotes":"","jetpack_publicize_message":"","jetpack_publicize_feature_enabled":true,"jetpack_social_post_already_shared":true,"jetpack_social_options":{"image_generator_settings":{"template":"highway","default_image_id":0,"font":"","enabled":false},"version":2},"jetpack_post_was_ever_published":false},"categories":[11],"tags":[5055,32,3232,7314,417,5054,4686,6832,217,27,26,297],"class_list":["post-90973","post","type-post","status-publish","format-standard","has-post-thumbnail","hentry","category-noticias-de-ribeirao-preto-sp-e-regiao-ismael-colosi","tag-abastecimento","tag-agua","tag-bomba","tag-causar","tag-emergencial","tag-intermitencias","tag-noticias","tag-poco","tag-pode","tag-preto","tag-ribeirao","tag-troca"],"jetpack_publicize_connections":[],"jetpack-related-posts":[{"id":89210,"url":"https:\/\/noticiasribeiraopreto.com.br\/index.php\/2026\/07\/31\/troca-emergencial-de-bomba-pode-causar-falta-de-agua-em-dois-bairros-de-ribeirao-preto\/","url_meta":{"origin":90973,"position":0},"title":"Troca emergencial de bomba pode causar falta de \u00e1gua em dois bairros de Ribeir\u00e3o Preto","author":"noticiasribeiraopreto.com.br","date":"31 de July de 2026","format":false,"excerpt":"Moradores dos bairros Jardim Recreio e Jardim Ita\u00fa podem enfrentar intermit\u00eancia no abastecimento de \u00e1gua nesta sexta (31) \u00e0 noite e s\u00e1bado (1\u00ba), em Ribeir\u00e3o Preto. A informa\u00e7\u00e3o \u00e9 da Secretaria de \u00c1gua e Esgoto de Ribeir\u00e3o Preto (Saerp), que realiza uma troca emergencial de bomba no sistema de abastecimento\u2026","rel":"","context":"In &quot;Not\u00edcias de Ribeir\u00e3o Preto-SP e Regi\u00e3o&quot;","block_context":{"text":"Not\u00edcias de Ribeir\u00e3o Preto-SP e Regi\u00e3o","link":"https:\/\/noticiasribeiraopreto.com.br\/index.php\/category\/noticias-de-ribeirao-preto-sp-e-regiao-ismael-colosi\/"},"img":{"alt_text":"","src":"https:\/\/i0.wp.com\/noticiasribeiraopreto.com.br\/wp-content\/uploads\/2026\/07\/mao-na-torneira_2025-01-22_13-12-20.webp.webp?fit=1024%2C684&ssl=1&resize=350%2C200","width":350,"height":200,"srcset":"https:\/\/i0.wp.com\/noticiasribeiraopreto.com.br\/wp-content\/uploads\/2026\/07\/mao-na-torneira_2025-01-22_13-12-20.webp.webp?fit=1024%2C684&ssl=1&resize=350%2C200 1x, https:\/\/i0.wp.com\/noticiasribeiraopreto.com.br\/wp-content\/uploads\/2026\/07\/mao-na-torneira_2025-01-22_13-12-20.webp.webp?fit=1024%2C684&ssl=1&resize=525%2C300 1.5x, https:\/\/i0.wp.com\/noticiasribeiraopreto.com.br\/wp-content\/uploads\/2026\/07\/mao-na-torneira_2025-01-22_13-12-20.webp.webp?fit=1024%2C684&ssl=1&resize=700%2C400 2x"},"classes":[]},{"id":88019,"url":"https:\/\/noticiasribeiraopreto.com.br\/index.php\/2026\/07\/13\/reparo-emergencial-interrompe-abastecimento-de-agua-e-interdita-trecho-em-ribeirao\/","url_meta":{"origin":90973,"position":1},"title":"Reparo emergencial interrompe abastecimento de \u00e1gua e interdita trecho em Ribeir\u00e3o","author":"noticiasribeiraopreto.com.br","date":"13 de July de 2026","format":false,"excerpt":"A Prefeitura de Ribeir\u00e3o Preto realiza na manh\u00e3 desta segunda-feira (13), um reparo emergencial na rede de abastecimento de \u00e1gua na regi\u00e3o Central da cidade. Por conta dessa interven\u00e7\u00e3o, ser\u00e1 necess\u00e1rio realizar a interdi\u00e7\u00e3o parcial de um trecho da rua Campos Sales e poder\u00e1 causar intermit\u00eancias no fornecimento de \u00e1gua\u2026","rel":"","context":"In &quot;Not\u00edcias de Ribeir\u00e3o Preto-SP e Regi\u00e3o&quot;","block_context":{"text":"Not\u00edcias de Ribeir\u00e3o Preto-SP e Regi\u00e3o","link":"https:\/\/noticiasribeiraopreto.com.br\/index.php\/category\/noticias-de-ribeirao-preto-sp-e-regiao-ismael-colosi\/"},"img":{"alt_text":"","src":"https:\/\/i0.wp.com\/noticiasribeiraopreto.com.br\/wp-content\/uploads\/2026\/07\/falta-dagua_2026-07-13_13-44-31.webp.webp?fit=1200%2C675&ssl=1&resize=350%2C200","width":350,"height":200,"srcset":"https:\/\/i0.wp.com\/noticiasribeiraopreto.com.br\/wp-content\/uploads\/2026\/07\/falta-dagua_2026-07-13_13-44-31.webp.webp?fit=1200%2C675&ssl=1&resize=350%2C200 1x, https:\/\/i0.wp.com\/noticiasribeiraopreto.com.br\/wp-content\/uploads\/2026\/07\/falta-dagua_2026-07-13_13-44-31.webp.webp?fit=1200%2C675&ssl=1&resize=525%2C300 1.5x, https:\/\/i0.wp.com\/noticiasribeiraopreto.com.br\/wp-content\/uploads\/2026\/07\/falta-dagua_2026-07-13_13-44-31.webp.webp?fit=1200%2C675&ssl=1&resize=700%2C400 2x, https:\/\/i0.wp.com\/noticiasribeiraopreto.com.br\/wp-content\/uploads\/2026\/07\/falta-dagua_2026-07-13_13-44-31.webp.webp?fit=1200%2C675&ssl=1&resize=1050%2C600 3x"},"classes":[]},{"id":90684,"url":"https:\/\/noticiasribeiraopreto.com.br\/index.php\/2026\/08\/27\/troca-de-bomba-pode-provocar-falta-dagua-em-bonfim-paulista\/","url_meta":{"origin":90973,"position":2},"title":"Troca de bomba pode provocar falta d\u2019\u00e1gua em Bonfim Paulista","author":"noticiasribeiraopreto.com.br","date":"27 de August de 2026","format":false,"excerpt":"A Saerp (Secretaria de \u00c1gua e Esgoto de Ribeir\u00e3o Preto) informou que realiza nesta quinta-feira (27) a troca emergencial de uma bomba do po\u00e7o San Leandro, no distrito de Bonfim Paulista. Receba not\u00edcias do\u00a0acidade on Ribeir\u00e3o\u00a0no WhatsApp e fique por dentro de tudo! Basta acessar o link\u00a0aqui! Segundo a pasta,\u2026","rel":"","context":"In &quot;Not\u00edcias de Ribeir\u00e3o Preto-SP e Regi\u00e3o&quot;","block_context":{"text":"Not\u00edcias de Ribeir\u00e3o Preto-SP e Regi\u00e3o","link":"https:\/\/noticiasribeiraopreto.com.br\/index.php\/category\/noticias-de-ribeirao-preto-sp-e-regiao-ismael-colosi\/"},"img":{"alt_text":"","src":"https:\/\/i0.wp.com\/noticiasribeiraopreto.com.br\/wp-content\/uploads\/2026\/08\/1787835811_pocobonfim_01.jpg?fit=1200%2C800&ssl=1&resize=350%2C200","width":350,"height":200,"srcset":"https:\/\/i0.wp.com\/noticiasribeiraopreto.com.br\/wp-content\/uploads\/2026\/08\/1787835811_pocobonfim_01.jpg?fit=1200%2C800&ssl=1&resize=350%2C200 1x, https:\/\/i0.wp.com\/noticiasribeiraopreto.com.br\/wp-content\/uploads\/2026\/08\/1787835811_pocobonfim_01.jpg?fit=1200%2C800&ssl=1&resize=525%2C300 1.5x, https:\/\/i0.wp.com\/noticiasribeiraopreto.com.br\/wp-content\/uploads\/2026\/08\/1787835811_pocobonfim_01.jpg?fit=1200%2C800&ssl=1&resize=700%2C400 2x, https:\/\/i0.wp.com\/noticiasribeiraopreto.com.br\/wp-content\/uploads\/2026\/08\/1787835811_pocobonfim_01.jpg?fit=1200%2C800&ssl=1&resize=1050%2C600 3x"},"classes":[]},{"id":42615,"url":"https:\/\/noticiasribeiraopreto.com.br\/index.php\/2024\/03\/15\/quatro-bairros-podem-sofrer-intermitencias-no-abastecimento-de-agua-nesta-sexta\/","url_meta":{"origin":90973,"position":3},"title":"Quatro bairros podem sofrer intermit\u00eancias no abastecimento de \u00e1gua nesta sexta","author":"noticiasribeiraopreto.com.br","date":"15 de March de 2024","format":false,"excerpt":"15 de mar\u00e7o de 2024 | 15:37 0A Saerp est\u00e1 realizando hoje, 15, a substitui\u00e7\u00e3o emergencial da bomba submersa do po\u00e7o S\u00e3o Sebasti\u00e3o H\u00edpica, a qual apresentou falhas eletromec\u00e2nicas, gerando intermit\u00eancias nos bairros Parque S\u00e3o Sebasti\u00e3o,\u00a0 Jardim Jos\u00e9 Figueira, Jardim Helena e regi\u00f5es pr\u00f3ximas.A previs\u00e3o de conclus\u00e3o \u00e9 hoje, \u00e0s\u2026","rel":"","context":"In &quot;Not\u00edcias de Ribeir\u00e3o Preto-SP e Regi\u00e3o&quot;","block_context":{"text":"Not\u00edcias de Ribeir\u00e3o Preto-SP e Regi\u00e3o","link":"https:\/\/noticiasribeiraopreto.com.br\/index.php\/category\/noticias-de-ribeirao-preto-sp-e-regiao-ismael-colosi\/"},"img":{"alt_text":"","src":"https:\/\/i0.wp.com\/noticiasribeiraopreto.com.br\/wp-content\/uploads\/2024\/03\/f49cd328-1b6a-4ac9-8247-0c1cf6efce0a.jpg?fit=800%2C536&ssl=1&resize=350%2C200","width":350,"height":200,"srcset":"https:\/\/i0.wp.com\/noticiasribeiraopreto.com.br\/wp-content\/uploads\/2024\/03\/f49cd328-1b6a-4ac9-8247-0c1cf6efce0a.jpg?fit=800%2C536&ssl=1&resize=350%2C200 1x, https:\/\/i0.wp.com\/noticiasribeiraopreto.com.br\/wp-content\/uploads\/2024\/03\/f49cd328-1b6a-4ac9-8247-0c1cf6efce0a.jpg?fit=800%2C536&ssl=1&resize=525%2C300 1.5x, https:\/\/i0.wp.com\/noticiasribeiraopreto.com.br\/wp-content\/uploads\/2024\/03\/f49cd328-1b6a-4ac9-8247-0c1cf6efce0a.jpg?fit=800%2C536&ssl=1&resize=700%2C400 2x"},"classes":[]},{"id":25891,"url":"https:\/\/noticiasribeiraopreto.com.br\/index.php\/2024\/01\/08\/troca-de-bomba-pode-deixar-bairro-da-zona-norte-de-ribeirao-sem-agua\/","url_meta":{"origin":90973,"position":4},"title":"Troca de bomba pode deixar bairro da zona Norte de Ribeir\u00e3o sem \u00e1gua","author":"noticiasribeiraopreto.com.br","date":"8 de January de 2024","format":false,"excerpt":"A Prefeitura de Ribeir\u00e3o Preto alertou, no come\u00e7o da tarde desta segunda-feira (8), para a possibilidade de falta d\u2019\u00e1gua no Jardim Cristo Redentor, zona Norte da cidade. De acordo com a Saerp (Secretaria de \u00c1gua e Esgoto de Ribeir\u00e3o Preto), a intermit\u00eancia acontece devido \u00e0 substitui\u00e7\u00e3o emergencial da bomba submersa\u2026","rel":"","context":"In &quot;Not\u00edcias de Ribeir\u00e3o Preto-SP e Regi\u00e3o&quot;","block_context":{"text":"Not\u00edcias de Ribeir\u00e3o Preto-SP e Regi\u00e3o","link":"https:\/\/noticiasribeiraopreto.com.br\/index.php\/category\/noticias-de-ribeirao-preto-sp-e-regiao-ismael-colosi\/"},"img":{"alt_text":"","src":"https:\/\/i0.wp.com\/noticiasribeiraopreto.com.br\/wp-content\/uploads\/2024\/01\/VejaosbairroscomriscodefaltadguanestaquintaemRibeiroPreto_Tamanho_2_image-2.jpg?fit=1200%2C900&ssl=1&resize=350%2C200","width":350,"height":200,"srcset":"https:\/\/i0.wp.com\/noticiasribeiraopreto.com.br\/wp-content\/uploads\/2024\/01\/VejaosbairroscomriscodefaltadguanestaquintaemRibeiroPreto_Tamanho_2_image-2.jpg?fit=1200%2C900&ssl=1&resize=350%2C200 1x, https:\/\/i0.wp.com\/noticiasribeiraopreto.com.br\/wp-content\/uploads\/2024\/01\/VejaosbairroscomriscodefaltadguanestaquintaemRibeiroPreto_Tamanho_2_image-2.jpg?fit=1200%2C900&ssl=1&resize=525%2C300 1.5x, https:\/\/i0.wp.com\/noticiasribeiraopreto.com.br\/wp-content\/uploads\/2024\/01\/VejaosbairroscomriscodefaltadguanestaquintaemRibeiroPreto_Tamanho_2_image-2.jpg?fit=1200%2C900&ssl=1&resize=700%2C400 2x, https:\/\/i0.wp.com\/noticiasribeiraopreto.com.br\/wp-content\/uploads\/2024\/01\/VejaosbairroscomriscodefaltadguanestaquintaemRibeiroPreto_Tamanho_2_image-2.jpg?fit=1200%2C900&ssl=1&resize=1050%2C600 3x"},"classes":[]},{"id":89762,"url":"https:\/\/noticiasribeiraopreto.com.br\/index.php\/2026\/08\/11\/troca-de-bomba-em-poco-pode-deixar-condominios-da-zona-sul-de-ribeirao-preto-sem-agua\/","url_meta":{"origin":90973,"position":5},"title":"Troca de bomba em po\u00e7o pode deixar condom\u00ednios da zona Sul de Ribeir\u00e3o Preto sem \u00e1gua","author":"noticiasribeiraopreto.com.br","date":"11 de August de 2026","format":false,"excerpt":"A\u00a0Saerp (Secretaria de \u00c1gua e Esgoto de Ribeir\u00e3o Preto)\u00a0publicou um alerta para o risco de falta d\u2019\u00e1gua nesta ter\u00e7a-feira (11) em condom\u00ednios da zona Sul da cidade. Confira os condom\u00ednios afetados: Royal Park Reserva Domane Terras de Floren\u00e7a Terras de Siena Pra\u00e7as do Sul Vivendas do Sul Recantos do Sul\u2026","rel":"","context":"In &quot;Not\u00edcias de Ribeir\u00e3o Preto-SP e Regi\u00e3o&quot;","block_context":{"text":"Not\u00edcias de Ribeir\u00e3o Preto-SP e Regi\u00e3o","link":"https:\/\/noticiasribeiraopreto.com.br\/index.php\/category\/noticias-de-ribeirao-preto-sp-e-regiao-ismael-colosi\/"},"img":{"alt_text":"","src":"https:\/\/i0.wp.com\/noticiasribeiraopreto.com.br\/wp-content\/uploads\/2026\/08\/falta-agua-ribeirao-preto-1068x713-1.jpg?fit=1068%2C713&ssl=1&resize=350%2C200","width":350,"height":200,"srcset":"https:\/\/i0.wp.com\/noticiasribeiraopreto.com.br\/wp-content\/uploads\/2026\/08\/falta-agua-ribeirao-preto-1068x713-1.jpg?fit=1068%2C713&ssl=1&resize=350%2C200 1x, https:\/\/i0.wp.com\/noticiasribeiraopreto.com.br\/wp-content\/uploads\/2026\/08\/falta-agua-ribeirao-preto-1068x713-1.jpg?fit=1068%2C713&ssl=1&resize=525%2C300 1.5x, https:\/\/i0.wp.com\/noticiasribeiraopreto.com.br\/wp-content\/uploads\/2026\/08\/falta-agua-ribeirao-preto-1068x713-1.jpg?fit=1068%2C713&ssl=1&resize=700%2C400 2x, https:\/\/i0.wp.com\/noticiasribeiraopreto.com.br\/wp-content\/uploads\/2026\/08\/falta-agua-ribeirao-preto-1068x713-1.jpg?fit=1068%2C713&ssl=1&resize=1050%2C600 3x"},"classes":[]}],"jetpack_sharing_enabled":true,"jetpack_shortlink":"https:\/\/wp.me\/peQAOb-nFj","jetpack_featured_media_url":"https:\/\/i0.wp.com\/noticiasribeiraopreto.com.br\/wp-content\/uploads\/2026\/09\/pocobonfim_2.jpg?fit=1500%2C1000&ssl=1","_links":{"self":[{"href":"https:\/\/noticiasribeiraopreto.com.br\/index.php\/wp-json\/wp\/v2\/posts\/90973","targetHints":{"allow":["GET"]}}],"collection":[{"href":"https:\/\/noticiasribeiraopreto.com.br\/index.php\/wp-json\/wp\/v2\/posts"}],"about":[{"href":"https:\/\/noticiasribeiraopreto.com.br\/index.php\/wp-json\/wp\/v2\/types\/post"}],"author":[{"embeddable":true,"href":"https:\/\/noticiasribeiraopreto.com.br\/index.php\/wp-json\/wp\/v2\/users\/1"}],"replies":[{"embeddable":true,"href":"https:\/\/noticiasribeiraopreto.com.br\/index.php\/wp-json\/wp\/v2\/comments?post=90973"}],"version-history":[{"count":0,"href":"https:\/\/noticiasribeiraopreto.com.br\/index.php\/wp-json\/wp\/v2\/posts\/90973\/revisions"}],"wp:featuredmedia":[{"embeddable":true,"href":"https:\/\/noticiasribeiraopreto.com.br\/index.php\/wp-json\/wp\/v2\/media\/90974"}],"wp:attachment":[{"href":"https:\/\/noticiasribeiraopreto.com.br\/index.php\/wp-json\/wp\/v2\/media?parent=90973"}],"wp:term":[{"taxonomy":"category","embeddable":true,"href":"https:\/\/noticiasribeiraopreto.com.br\/index.php\/wp-json\/wp\/v2\/categories?post=90973"},{"taxonomy":"post_tag","embeddable":true,"href":"https:\/\/noticiasribeiraopreto.com.br\/index.php\/wp-json\/wp\/v2\/tags?post=90973"}],"curies":[{"name":"wp","href":"https:\/\/api.w.org\/{rel}","templated":true}]}}