{"id":90975,"date":"2026-09-02T12:03:16","date_gmt":"2026-09-02T15:03:16","guid":{"rendered":"https:\/\/noticiasribeiraopreto.com.br\/index.php\/2026\/09\/02\/etec-abre-inscricoes-700-vagas-ribeirao-preto\/"},"modified":"2026-09-02T12:03:16","modified_gmt":"2026-09-02T15:03:16","slug":"etec-abre-inscricoes-700-vagas-ribeirao-preto","status":"publish","type":"post","link":"https:\/\/noticiasribeiraopreto.com.br\/index.php\/2026\/09\/02\/etec-abre-inscricoes-700-vagas-ribeirao-preto\/","title":{"rendered":"Etec abre inscri\u00e7\u00f5es para mais de 700 vagas em Ribeir\u00e3o Preto"},"content":{"rendered":"<div class='code-block code-block-1' style='margin: 8px 0 8px auto; text-align: right; display: block; clear: both;'>\n<p><a href=\"https:\/\/wa.link\/vpicfd\"><img data-recalc-dims=\"1\" class=\"wp-image-4922\" style=\"aspect-ratio: 2.0253164556962027; width: 561px; height: auto;\" src=\"https:\/\/i0.wp.com\/ismaelcolosi.com.br\/wp-content\/uploads\/2023\/11\/grupo-de-empregos-whatsapp-e-facebook-ismael-colosi-vagas.jpg?ssl=1\" alt=\"\" \/><\/a><\/p>\n<!-- \/wp:image -->\n<\/div>\n<p> <br \/>\n<\/p>\n<p>As inscri\u00e7\u00f5es do Vestibulinho da <strong><a href=\"https:\/\/vestibulinho.etec.sp.gov.br\/unidades-cursos\/escola.asp?c=123\" data-type=\"link\" data-id=\"https:\/\/vestibulinho.etec.sp.gov.br\/unidades-cursos\/escola.asp?c=123\" target=\"_blank\" rel=\"noopener\">Etec (Escola T\u00e9cnicas Estadual) Jos\u00e9 Martimiano da Silva<\/a><\/strong>, em Ribeir\u00e3o Preto, est\u00e3o abertas a partir desta quarta-feira (2). Ao todo, s\u00e3o 790 oportunidades dispon\u00edveis em Ribeir\u00e3o Preto, sendo mais de 89 mil por todo o Estado de S\u00e3o Paulo.\u00a0<\/p>\n<p class=\"has-cyan-bluish-gray-background-color has-background\"><em>Receba not\u00edcias do\u00a0<strong>acidade on Ribeir\u00e3o\u00a0<\/strong>no WhatsApp e fique por dentro de tudo! Basta acessar o link<a href=\"https:\/\/chat.whatsapp.com\/DfXwcjKVIddHUT3BvnQuPZ?mode=hqctshi\" target=\"_blank\" rel=\"noreferrer noopener\">\u00a0aqui<\/a>!<\/em><\/p>\n<h2 class=\"wp-block-heading\"><\/h2>\n<p>As inscri\u00e7\u00f5es devem ser realizadas at\u00e9 as 20h do dia 3 de novembro, exclusivamente pela internet <a href=\"https:\/\/vestibulinho.etec.sp.gov.br\/home\/\" data-type=\"link\" data-id=\"https:\/\/vestibulinho.etec.sp.gov.br\/home\/\" target=\"_blank\" rel=\"noopener\">(clique aqui)<\/a>, mediante pagamento de taxa de R$ 50. A prova ser\u00e1 aplicada em 6 de dezembro.<\/p>\n<p>As oportunidades, ofertadas nas 229 Etecs e nas classes descentralizadas distribu\u00eddas em todo o Estado, abrangem diversas \u00e1reas de forma\u00e7\u00e3o, como Gest\u00e3o e Neg\u00f3cios, Informa\u00e7\u00e3o e Comunica\u00e7\u00e3o, Controle e Processos Industriais, e Ambiente e Sa\u00fade. As vagas podem ser consultadas na p\u00e1gina da Etec <a href=\"https:\/\/vestibulinho.etec.sp.gov.br\/home\/\" data-type=\"link\" data-id=\"https:\/\/vestibulinho.etec.sp.gov.br\/home\/\" target=\"_blank\" rel=\"noopener\">(clique aqui)<\/a>, detalhadas por cidade, unidade, curso e per\u00edodo.<\/p>\n<figure class=\"wp-block-gallery has-nested-images columns-default is-cropped wp-block-gallery-1 is-layout-flex wp-block-gallery-is-layout-flex\">\n<figure class=\"wp-block-image size-large\"><figcaption class=\"wp-element-caption\">Novo pr\u00e9dio da Etec Jos\u00e9 Martimiano da Silva, em Ribeir\u00e3o Preto (Foto: Celso Messias\/Governo Estado SP)<\/figcaption><\/figure>\n<figure class=\"wp-block-image size-large\"><img data-recalc-dims=\"1\" loading=\"lazy\" decoding=\"async\" width=\"1024\" height=\"683\" data-id=\"155150\" src=\"https:\/\/i0.wp.com\/www.acidadeon.com\/ribeiraopreto\/wp-content\/uploads\/sites\/3\/2026\/05\/etec-ribeirao-preto-5_2026-05-07_16-08-16-1024x683.webp?resize=1024%2C683&#038;ssl=1\" alt=\"etec ribeirao preto 5 2026 05 07 16 08 16\" class=\"wp-image-155150\" title=\"Etec abre inscri\u00e7\u00f5es para mais de 700 vagas em Ribeir\u00e3o Preto 2\"><\/figure>\n<figure class=\"wp-block-image size-large\"><img data-recalc-dims=\"1\" loading=\"lazy\" decoding=\"async\" width=\"1024\" height=\"683\" data-id=\"155149\" src=\"https:\/\/i0.wp.com\/www.acidadeon.com\/ribeiraopreto\/wp-content\/uploads\/sites\/3\/2026\/05\/etec-ribeirao-preto-12_2026-05-07_16-08-15-1024x683.webp?resize=1024%2C683&#038;ssl=1\" alt=\"Etec abre na pr\u00f3xima quarta-feira (2), inscri\u00e7\u00f5es para o Vestibulinho do 1\u00ba semestre de 2027 - Foto: divulga\u00e7\u00e3o.\" class=\"wp-image-155149\" title=\"Etec abre inscri\u00e7\u00f5es para mais de 700 vagas em Ribeir\u00e3o Preto 3\"><figcaption class=\"wp-element-caption\">Etec abre na pr\u00f3xima quarta-feira (2), inscri\u00e7\u00f5es para o Vestibulinho do 1\u00ba semestre de 2027 \u2013 Foto: divulga\u00e7\u00e3o.<\/figcaption><\/figure>\n<figure class=\"wp-block-image size-large\"><img data-recalc-dims=\"1\" loading=\"lazy\" decoding=\"async\" width=\"1024\" height=\"683\" data-id=\"155141\" src=\"https:\/\/i0.wp.com\/www.acidadeon.com\/ribeiraopreto\/wp-content\/uploads\/sites\/3\/2026\/05\/etec-ribeirao-preto-8_2026-05-07_16-08-14-1024x683.webp?resize=1024%2C683&#038;ssl=1\" alt=\"etec ribeirao preto 8 2026 05 07 16 08 14\" class=\"wp-image-155141\" title=\"Etec abre inscri\u00e7\u00f5es para mais de 700 vagas em Ribeir\u00e3o Preto 4\"><\/figure>\n<figure class=\"wp-block-image size-large\"><img data-recalc-dims=\"1\" loading=\"lazy\" decoding=\"async\" width=\"1024\" height=\"683\" data-id=\"155146\" src=\"https:\/\/i0.wp.com\/www.acidadeon.com\/ribeiraopreto\/wp-content\/uploads\/sites\/3\/2026\/05\/etec-ribeirao-preto-1_2026-05-07_16-08-15-1024x683.webp?resize=1024%2C683&#038;ssl=1\" alt=\"etec ribeirao preto 1 2026 05 07 16 08 15\" class=\"wp-image-155146\" title=\"Etec abre inscri\u00e7\u00f5es para mais de 700 vagas em Ribeir\u00e3o Preto 5\"><\/figure>\n<figure class=\"wp-block-image size-large\"><img data-recalc-dims=\"1\" loading=\"lazy\" decoding=\"async\" width=\"1024\" height=\"683\" data-id=\"155147\" src=\"https:\/\/i0.wp.com\/www.acidadeon.com\/ribeiraopreto\/wp-content\/uploads\/sites\/3\/2026\/05\/etec-ribeirao-preto-11_2026-05-07_16-08-15-1024x683.webp?resize=1024%2C683&#038;ssl=1\" alt=\"Etec abre na pr\u00f3xima quarta-feira (2), inscri\u00e7\u00f5es para o Vestibulinho do 1\u00ba semestre de 2027 - Foto: divulga\u00e7\u00e3o.\" class=\"wp-image-155147\" title=\"Etec abre inscri\u00e7\u00f5es para mais de 700 vagas em Ribeir\u00e3o Preto 6\"><figcaption class=\"wp-element-caption\">Etec abre inscri\u00e7\u00f5es para o Vestibulinho do 1\u00ba semestre de 2027 \u2013 Foto: divulga\u00e7\u00e3o.<\/figcaption><\/figure>\n<figure class=\"wp-block-image size-large\"><img data-recalc-dims=\"1\" loading=\"lazy\" decoding=\"async\" width=\"1024\" height=\"683\" data-id=\"155148\" src=\"https:\/\/i0.wp.com\/www.acidadeon.com\/ribeiraopreto\/wp-content\/uploads\/sites\/3\/2026\/05\/etec-ribeirao-preto-6_2026-05-07_16-08-15-1024x683.webp?resize=1024%2C683&#038;ssl=1\" alt=\"Etec abre na pr\u00f3xima quarta-feira (2), inscri\u00e7\u00f5es para o Vestibulinho do 1\u00ba semestre de 2027 - Foto: divulga\u00e7\u00e3o.\" class=\"wp-image-155148\" title=\"Etec abre inscri\u00e7\u00f5es para mais de 700 vagas em Ribeir\u00e3o Preto 7\"><figcaption class=\"wp-element-caption\">Etec abre na pr\u00f3xima quarta-feira (2), inscri\u00e7\u00f5es para o Vestibulinho do 1\u00ba semestre de 2027 \u2013 Foto: divulga\u00e7\u00e3o.<\/figcaption><\/figure>\n<figure class=\"wp-block-image size-large\"><img data-recalc-dims=\"1\" loading=\"lazy\" decoding=\"async\" width=\"1024\" height=\"683\" data-id=\"155145\" src=\"https:\/\/i0.wp.com\/www.acidadeon.com\/ribeiraopreto\/wp-content\/uploads\/sites\/3\/2026\/05\/etec-ribeirao-preto-3_2026-05-07_16-08-15-1024x683.webp?resize=1024%2C683&#038;ssl=1\" alt=\"Etec abre na pr\u00f3xima quarta-feira (2), inscri\u00e7\u00f5es para o Vestibulinho do 1\u00ba semestre de 2027 - Foto: divulga\u00e7\u00e3o.\" class=\"wp-image-155145\" title=\"Etec abre inscri\u00e7\u00f5es para mais de 700 vagas em Ribeir\u00e3o Preto 8\"><figcaption class=\"wp-element-caption\">Etec abre na pr\u00f3xima quarta-feira (2), inscri\u00e7\u00f5es para o Vestibulinho do 1\u00ba semestre de 2027 \u2013 Foto: divulga\u00e7\u00e3o.<\/figcaption><\/figure>\n<figure class=\"wp-block-image size-large\"><img data-recalc-dims=\"1\" loading=\"lazy\" decoding=\"async\" width=\"1024\" height=\"683\" data-id=\"155144\" src=\"https:\/\/i0.wp.com\/www.acidadeon.com\/ribeiraopreto\/wp-content\/uploads\/sites\/3\/2026\/05\/etec-ribeirao-preto-9_2026-05-07_16-08-15-1024x683.webp?resize=1024%2C683&#038;ssl=1\" alt=\"etec ribeirao preto 9 2026 05 07 16 08 15\" class=\"wp-image-155144\" title=\"Etec abre inscri\u00e7\u00f5es para mais de 700 vagas em Ribeir\u00e3o Preto 9\"><\/figure>\n<figure class=\"wp-block-image size-large\"><img data-recalc-dims=\"1\" loading=\"lazy\" decoding=\"async\" width=\"1024\" height=\"683\" data-id=\"155143\" src=\"https:\/\/i0.wp.com\/www.acidadeon.com\/ribeiraopreto\/wp-content\/uploads\/sites\/3\/2026\/05\/etec-ribeirao-preto-10_2026-05-07_16-08-15-1024x683.webp?resize=1024%2C683&#038;ssl=1\" alt=\"etec ribeirao preto 10 2026 05 07 16 08 15\" class=\"wp-image-155143\" title=\"Etec abre inscri\u00e7\u00f5es para mais de 700 vagas em Ribeir\u00e3o Preto 10\"><\/figure>\n<figure class=\"wp-block-image size-large\"><img data-recalc-dims=\"1\" loading=\"lazy\" decoding=\"async\" width=\"1024\" height=\"683\" data-id=\"155142\" src=\"https:\/\/i0.wp.com\/www.acidadeon.com\/ribeiraopreto\/wp-content\/uploads\/sites\/3\/2026\/05\/etec-ribeirao-preto-4_2026-05-07_16-08-14-1024x683.webp?resize=1024%2C683&#038;ssl=1\" alt=\"etec ribeirao preto 4 2026 05 07 16 08 14\" class=\"wp-image-155142\" title=\"Etec abre inscri\u00e7\u00f5es para mais de 700 vagas em Ribeir\u00e3o Preto 11\"><\/figure>\n<figure class=\"wp-block-image size-large\"><img data-recalc-dims=\"1\" loading=\"lazy\" decoding=\"async\" width=\"1024\" height=\"683\" data-id=\"155139\" src=\"https:\/\/i0.wp.com\/www.acidadeon.com\/ribeiraopreto\/wp-content\/uploads\/sites\/3\/2026\/05\/etec-ribeirao-preto-7_2026-05-07_16-08-14-1024x683.webp?resize=1024%2C683&#038;ssl=1\" alt=\"etec ribeirao preto 7 2026 05 07 16 08 14\" class=\"wp-image-155139\" title=\"Etec abre inscri\u00e7\u00f5es para mais de 700 vagas em Ribeir\u00e3o Preto 12\"><\/figure>\n<figure class=\"wp-block-image size-large\"><img data-recalc-dims=\"1\" loading=\"lazy\" decoding=\"async\" width=\"1024\" height=\"575\" data-id=\"98032\" src=\"https:\/\/i0.wp.com\/www.acidadeon.com\/ribeiraopreto\/wp-content\/uploads\/sites\/3\/2024\/10\/WhatsApp-Image-2024-10-29-at-11.01.13_2024-10-29_15-11-48_jpeg_2024-10-29_15-11-48-1024x575.webp?resize=1024%2C575&#038;ssl=1\" alt=\"Etec Jos\u00e9 Martimiano da Silva fica no bairro Campos El\u00edseos, em Ribeir\u00e3o Preto - Foto: Divulga\u00e7\u00e3o\" class=\"wp-image-98032\" title=\"Etec abre inscri\u00e7\u00f5es para mais de 700 vagas em Ribeir\u00e3o Preto 13\"><figcaption class=\"wp-element-caption\">Etec Jos\u00e9 Martimiano da Silva fica no bairro Campos El\u00edseos, em Ribeir\u00e3o Preto \u2013 Foto: Divulga\u00e7\u00e3o<\/figcaption><\/figure>\n<\/figure>\n<p>Candidatos que precisam de atendimento diferenciado e Pessoas com Defici\u00eancia (PCDs) dever\u00e3o se inscrever entre 2 e 30 de setembro, o resultado desta an\u00e1lise ser\u00e1 divulgado no dia 6 de outubro, com possibilidade de recurso entre 7 e 13 de outubro. O resultado dos recursos ser\u00e1 divulgado em 21 de outubro.<\/p>\n<p>J\u00e1 aqueles que solicitaram o benef\u00edcio da redu\u00e7\u00e3o da taxa de inscri\u00e7\u00e3o dever\u00e3o aguardar o resultado da an\u00e1lise, que ser\u00e1 divulgado a partir das 15h do dia 15 de setembro, para se inscrever no processo seletivo. A concess\u00e3o do benef\u00edcio n\u00e3o substitui a inscri\u00e7\u00e3o, que dever\u00e1 ser conclu\u00edda pelo candidato. Quem receber o pedido com resposta indeferida poder\u00e1 apresentar recurso entre 16 e 17 de setembro. A resposta ao recurso ser\u00e1 disponibilizada no dia 29 de setembro.<\/p>\n<h2 class=\"wp-block-heading\" id=\"como-se-inscrever\"><strong>Como se inscrever<\/strong><\/h2>\n<p>Para fazer a inscri\u00e7\u00e3o, o candidato deve acessar o site oficial, criar um cadastro com CPF e senha de seguran\u00e7a, preencher a ficha eletr\u00f4nica, o relat\u00f3rio socioecon\u00f4mico e escolher o curso e a unidade de estudo desejada. A inscri\u00e7\u00e3o para fazer a prova s\u00f3 ter\u00e1 validade ap\u00f3s o pagamento da taxa de participa\u00e7\u00e3o, via boleto banc\u00e1rio, internet banking ou atrav\u00e9s da ferramenta getnet com cart\u00e3o de cr\u00e9dito pelo pr\u00f3prio site. A confirma\u00e7\u00e3o da inscri\u00e7\u00e3o ser\u00e1 enviada por e-mail em at\u00e9 10 dias ap\u00f3s o pagamento da taxa.<\/p>\n<p>No caso dos Ensinos M\u00e9dio, T\u00e9cnico (presencial) e Integrado, \u00e9 poss\u00edvel efetuar at\u00e9 cinco inscri\u00e7\u00f5es diferentes. Para cada uma delas, ser\u00e1 gerado um novo boleto.<\/p>\n<h2 class=\"wp-block-heading\" id=\"quem-pode-se-inscrever\"><strong>Quem pode se inscrever<\/strong><\/h2>\n<p>Ensino M\u00e9dio, Ensino M\u00e9dio integrado ao T\u00e9cnico e AMS (Articula\u00e7\u00e3o da Forma\u00e7\u00e3o Profissional M\u00e9dia e Superior): \u00e9 necess\u00e1rio possuir no momento da matr\u00edcula o certificado de conclus\u00e3o do Ensino Fundamental I, a Declara\u00e7\u00e3o de Conclus\u00e3o assinada por agente escolar ou o Exame Nacional para Certifica\u00e7\u00e3o de Compet\u00eancias de Jovens e Adultos (Encceja).<\/p>\n<p>Cursos t\u00e9cnicos: o candidato deve ter conclu\u00eddo ou estar cursando a partir da segunda s\u00e9rie do Ensino M\u00e9dio. Quem concluiu ou est\u00e1 cursando a Educa\u00e7\u00e3o de Jovens e Adultos (EJA) ou realizou o Exame Nacional para Certifica\u00e7\u00e3o de Compet\u00eancias de Jovens e Adultos (Encceja) precisa apresentar ao menos um destes documentos:\u00a0<\/p>\n<ul class=\"wp-block-list\">\n<li>Certificado de Conclus\u00e3o do Ensino M\u00e9dio ou declara\u00e7\u00e3o de matr\u00edcula a partir do 2\u00ba termo da EJA; dois certificados de aprova\u00e7\u00e3o em \u00e1reas de estudos da EJA\/CEEJA; boletim de aprova\u00e7\u00e3o do Encceja emitido pelo Minist\u00e9rio da Educa\u00e7\u00e3o (MEC) ou certificado de aprova\u00e7\u00e3o em duas \u00e1reas de estudos avaliadas pelo Encceja.<\/li>\n<\/ul>\n<p>Para os cursos t\u00e9cnicos em Enfermagem, Servi\u00e7os de Restaurante e Bar e Viticultura e Enologia, o candidato dever\u00e1 ter 18 anos completos at\u00e9 31\/01\/2027.<\/p>\n<p>Especializa\u00e7\u00f5es t\u00e9cnicas de n\u00edvel m\u00e9dio: \u00e9 necess\u00e1rio ter conclu\u00eddo o Ensino M\u00e9dio e um curso t\u00e9cnico vinculado \u00e0 \u00e1rea de especializa\u00e7\u00e3o. Para a Especializa\u00e7\u00e3o em Gest\u00e3o de Projetos, o requisito \u00e9 ter conclu\u00eddo curso t\u00e9cnico ou superior at\u00e9 10\/01\/2027.<\/p>\n<p>Tamb\u00e9m \u00e9 permitida a participa\u00e7\u00e3o de estudantes na condi\u00e7\u00e3o de treineiros.<\/p>\n<p>As Etecs oferecem computadores com acesso \u00e0 internet aos candidatos que necessitam de apoio para esta etapa. O interessado deve entrar em contato com a unidade para verificar os hor\u00e1rios de atendimento.<\/p>\n<p>Em caso de d\u00favidas, o candidato pode acessar o \u201cFale Conosco\u201d do site <a href=\"https:\/\/vestibulinho.etec.sp.gov.br\/home\/\" data-type=\"link\" data-id=\"https:\/\/vestibulinho.etec.sp.gov.br\/home\/\" target=\"_blank\" rel=\"noopener\">(clique aqui) <\/a>e encaminhar uma mensagem ou entrar em contato com a Central de Informa\u00e7\u00f5es ao Candidato pelos telefones: (11) 3471-4071, para Capital e Grande S\u00e3o Paulo, e 0800 772 2829 para demais localidades.<\/p>\n<h2 class=\"wp-block-heading\" id=\"confira-o-calendario-do-vestibulinho-das-etecs\"><strong>Confira o calend\u00e1rio do Vestibulinho das Etecs:<\/strong><\/h2>\n<p>At\u00e9 3 de novembro: Inscri\u00e7\u00f5es para o Vestibulinho<\/p>\n<p>At\u00e9 30 de setembro: Inscri\u00e7\u00e3o dos candidatos que precisam de atendimento diferenciado e PCDs<\/p>\n<p>2 de dezembro: Divulga\u00e7\u00e3o dos locais de prova<\/p>\n<p>6 de dezembro: Exame<\/p>\n<p>15 de dezembro: Divulga\u00e7\u00e3o da classifica\u00e7\u00e3o da prova-teste e convoca\u00e7\u00e3o para a prova de aptid\u00e3o<\/p>\n<p>16 e 17 de dezembro: Provas de aptid\u00e3o (cursos de Canto, Dan\u00e7a, Teatro e Reg\u00eancia);<\/p>\n<p>11 de janeiro de 2027: Divulga\u00e7\u00e3o da classifica\u00e7\u00e3o geral<\/p>\n<p class=\"has-cyan-bluish-gray-background-color has-background\"><em>Fa\u00e7a uma den\u00fancia ou sugira uma reportagem sobre\u00a0<strong>Ribeir\u00e3o Preto\u00a0<\/strong>e regi\u00e3o por meio do WhatsApp do\u00a0<strong>acidade on Ribeir\u00e3o<\/strong>: (16) 99117-7802.<\/em><\/p>\n<div class=\"wp-block-rank-math-toc-block\" id=\"rank-math-toc\">\n<nav>\n<ul>\n<li class=\"\">Como se inscrever<\/li>\n<li class=\"\">Quem pode se inscrever<\/li>\n<li class=\"\">Confira o calend\u00e1rio do Vestibulinho das Etecs:<\/li>\n<\/ul>\n<\/nav>\n<\/div>\n<p>O post Etec abre inscri\u00e7\u00f5es para mais de 700 vagas em Ribeir\u00e3o Preto apareceu primeiro em ACidade ON Ribeir\u00e3o Preto.<\/p>\n<p><br \/>\n<br \/><a href=\"https:\/\/www.acidadeon.com\/ribeiraopreto\/cotidiano\/etec-abre-inscricoes-700-vagas-ribeirao-preto\/\">Link para o texto original aqui <\/a><\/p>\n<!-- CONTENT END 1 -->\n","protected":false},"excerpt":{"rendered":"<p>As inscri\u00e7\u00f5es do Vestibulinho da Etec (Escola T\u00e9cnicas Estadual) Jos\u00e9 Martimiano da Silva, em Ribeir\u00e3o Preto, est\u00e3o abertas a partir desta quarta-feira (2). Ao todo,&#8230;<\/p>\n","protected":false},"author":1,"featured_media":90976,"comment_status":"","ping_status":"","sticky":false,"template":"","format":"standard","meta":{"advanced_seo_description":"","jetpack_seo_html_title":"","jetpack_seo_noindex":false,"jetpack_seo_schema_type":"","_jetpack_newsletter_access":"","_jetpack_dont_email_post_to_subs":false,"_jetpack_newsletter_tier_id":0,"_jetpack_memberships_contains_paywalled_content":false,"_jetpack_feature_clip_id":0,"_jetpack_memberships_contains_paid_content":false,"footnotes":"","jetpack_publicize_message":"","jetpack_publicize_feature_enabled":true,"jetpack_social_post_already_shared":true,"jetpack_social_options":{"image_generator_settings":{"template":"highway","default_image_id":0,"font":"","enabled":false},"version":2},"jetpack_post_was_ever_published":false},"categories":[11],"tags":[210,5087,566,276,71,27,26,143],"class_list":["post-90975","post","type-post","status-publish","format-standard","has-post-thumbnail","hentry","category-noticias-de-ribeirao-preto-sp-e-regiao-ismael-colosi","tag-abre","tag-etec","tag-inscricoes","tag-mais","tag-para","tag-preto","tag-ribeirao","tag-vagas"],"jetpack_publicize_connections":[],"jetpack-related-posts":[{"id":84759,"url":"https:\/\/noticiasribeiraopreto.com.br\/index.php\/2026\/04\/15\/etec-de-ribeirao-preto-abre-inscricoes-para-vestibulinho-curso-de-design-de-moveis-e-novidade\/","url_meta":{"origin":90975,"position":0},"title":"Etec de Ribeir\u00e3o Preto abre inscri\u00e7\u00f5es para Vestibulinho; Curso de Design de M\u00f3veis \u00e9 novidade","author":"noticiasribeiraopreto.com.br","date":"15 de April de 2026","format":false,"excerpt":"Ler o resumo da not\u00edcia \r Vestibulinho Etec \u00e9 o processo seletivo das Escolas T\u00e9cnicas Estaduais de S\u00e3o Paulo.\r N\u00e3o h\u00e1 informa\u00e7\u00f5es adicionais dispon\u00edveis na mat\u00e9ria fornecida.\r O resumo n\u00e3o pode ser completado devido \u00e0 falta de dados na fonte original.\r A Etec (Escola T\u00e9cnica Estadual) Jos\u00e9 Martimiano da Silva,\u2026","rel":"","context":"In &quot;Not\u00edcias de Ribeir\u00e3o Preto-SP e Regi\u00e3o&quot;","block_context":{"text":"Not\u00edcias de Ribeir\u00e3o Preto-SP e Regi\u00e3o","link":"https:\/\/noticiasribeiraopreto.com.br\/index.php\/category\/noticias-de-ribeirao-preto-sp-e-regiao-ismael-colosi\/"},"img":{"alt_text":"","src":"https:\/\/i0.wp.com\/noticiasribeiraopreto.com.br\/wp-content\/uploads\/2024\/10\/WhatsApp-Image-2024-10-29-at-11.01.13_2024-10-29_15-11-48_jpeg_2024-10-29_15-11-48.webp.webp?fit=1200%2C674&ssl=1&resize=350%2C200","width":350,"height":200,"srcset":"https:\/\/i0.wp.com\/noticiasribeiraopreto.com.br\/wp-content\/uploads\/2024\/10\/WhatsApp-Image-2024-10-29-at-11.01.13_2024-10-29_15-11-48_jpeg_2024-10-29_15-11-48.webp.webp?fit=1200%2C674&ssl=1&resize=350%2C200 1x, https:\/\/i0.wp.com\/noticiasribeiraopreto.com.br\/wp-content\/uploads\/2024\/10\/WhatsApp-Image-2024-10-29-at-11.01.13_2024-10-29_15-11-48_jpeg_2024-10-29_15-11-48.webp.webp?fit=1200%2C674&ssl=1&resize=525%2C300 1.5x, https:\/\/i0.wp.com\/noticiasribeiraopreto.com.br\/wp-content\/uploads\/2024\/10\/WhatsApp-Image-2024-10-29-at-11.01.13_2024-10-29_15-11-48_jpeg_2024-10-29_15-11-48.webp.webp?fit=1200%2C674&ssl=1&resize=700%2C400 2x, https:\/\/i0.wp.com\/noticiasribeiraopreto.com.br\/wp-content\/uploads\/2024\/10\/WhatsApp-Image-2024-10-29-at-11.01.13_2024-10-29_15-11-48_jpeg_2024-10-29_15-11-48.webp.webp?fit=1200%2C674&ssl=1&resize=1050%2C600 3x"},"classes":[]},{"id":90636,"url":"https:\/\/noticiasribeiraopreto.com.br\/index.php\/2026\/08\/26\/etec-abre-mais-de-mil-vagas-para-2027-veja-como-se-inscrever\/","url_meta":{"origin":90975,"position":1},"title":"Etec de Ribeir\u00e3o abre mais de mil vagas para 2027; Veja como se inscrever","author":"noticiasribeiraopreto.com.br","date":"26 de August de 2026","format":false,"excerpt":"A Etec (Escola T\u00e9cnica Estadual) Jos\u00e9 Martimiano da Silva, em Ribeir\u00e3o Preto, abre na pr\u00f3xima quarta-feira (2) as inscri\u00e7\u00f5es para o Vestibulinho do 1\u00ba semestre de 2027. Ao todo, ser\u00e3o oferecidas 1.010 vagas para cursos t\u00e9cnicos, ensino m\u00e9dio integrado ao t\u00e9cnico e outras modalidades de forma\u00e7\u00e3o profissional \u2013 veja logo\u2026","rel":"","context":"In &quot;Not\u00edcias de Ribeir\u00e3o Preto-SP e Regi\u00e3o&quot;","block_context":{"text":"Not\u00edcias de Ribeir\u00e3o Preto-SP e Regi\u00e3o","link":"https:\/\/noticiasribeiraopreto.com.br\/index.php\/category\/noticias-de-ribeirao-preto-sp-e-regiao-ismael-colosi\/"},"img":{"alt_text":"","src":"https:\/\/i0.wp.com\/noticiasribeiraopreto.com.br\/wp-content\/uploads\/2024\/10\/WhatsApp-Image-2024-10-29-at-11.01.13_2024-10-29_15-11-48_jpeg_2024-10-29_15-11-48.webp.webp?fit=1200%2C674&ssl=1&resize=350%2C200","width":350,"height":200,"srcset":"https:\/\/i0.wp.com\/noticiasribeiraopreto.com.br\/wp-content\/uploads\/2024\/10\/WhatsApp-Image-2024-10-29-at-11.01.13_2024-10-29_15-11-48_jpeg_2024-10-29_15-11-48.webp.webp?fit=1200%2C674&ssl=1&resize=350%2C200 1x, https:\/\/i0.wp.com\/noticiasribeiraopreto.com.br\/wp-content\/uploads\/2024\/10\/WhatsApp-Image-2024-10-29-at-11.01.13_2024-10-29_15-11-48_jpeg_2024-10-29_15-11-48.webp.webp?fit=1200%2C674&ssl=1&resize=525%2C300 1.5x, https:\/\/i0.wp.com\/noticiasribeiraopreto.com.br\/wp-content\/uploads\/2024\/10\/WhatsApp-Image-2024-10-29-at-11.01.13_2024-10-29_15-11-48_jpeg_2024-10-29_15-11-48.webp.webp?fit=1200%2C674&ssl=1&resize=700%2C400 2x, https:\/\/i0.wp.com\/noticiasribeiraopreto.com.br\/wp-content\/uploads\/2024\/10\/WhatsApp-Image-2024-10-29-at-11.01.13_2024-10-29_15-11-48_jpeg_2024-10-29_15-11-48.webp.webp?fit=1200%2C674&ssl=1&resize=1050%2C600 3x"},"classes":[]},{"id":60816,"url":"https:\/\/noticiasribeiraopreto.com.br\/index.php\/2024\/11\/26\/inscricoes-para-o-vestibulinho-da-etec-sao-prorrogadas-veja-nova-data\/","url_meta":{"origin":90975,"position":2},"title":"Inscri\u00e7\u00f5es para o Vestibulinho da Etec s\u00e3o prorrogadas; Veja nova data","author":"noticiasribeiraopreto.com.br","date":"26 de November de 2024","format":false,"excerpt":"As inscri\u00e7\u00f5es para o\u00a0Vestibulinho do 1\u00ba semestre de 2025\u00a0da Etec (Escola T\u00e9cnica Estadual) foram prorrogadas. As vagas s\u00e3o oferecidas nas unidades em todo o estado de S\u00e3o Paulo. O prazo, que se encerraria nesta ter\u00e7a-feira (26), foi estendido at\u00e9 as 20h da pr\u00f3xima quinta-feira (28). Clique aqui\u00a0para acessar a p\u00e1gina\u2026","rel":"","context":"In &quot;Not\u00edcias de Ribeir\u00e3o Preto-SP e Regi\u00e3o&quot;","block_context":{"text":"Not\u00edcias de Ribeir\u00e3o Preto-SP e Regi\u00e3o","link":"https:\/\/noticiasribeiraopreto.com.br\/index.php\/category\/noticias-de-ribeirao-preto-sp-e-regiao-ismael-colosi\/"},"img":{"alt_text":"","src":"https:\/\/i0.wp.com\/noticiasribeiraopreto.com.br\/wp-content\/uploads\/2024\/11\/WhatsApp-Image-2023-10-01-at-14.58.24.jpeg?fit=1200%2C876&ssl=1&resize=350%2C200","width":350,"height":200,"srcset":"https:\/\/i0.wp.com\/noticiasribeiraopreto.com.br\/wp-content\/uploads\/2024\/11\/WhatsApp-Image-2023-10-01-at-14.58.24.jpeg?fit=1200%2C876&ssl=1&resize=350%2C200 1x, https:\/\/i0.wp.com\/noticiasribeiraopreto.com.br\/wp-content\/uploads\/2024\/11\/WhatsApp-Image-2023-10-01-at-14.58.24.jpeg?fit=1200%2C876&ssl=1&resize=525%2C300 1.5x, https:\/\/i0.wp.com\/noticiasribeiraopreto.com.br\/wp-content\/uploads\/2024\/11\/WhatsApp-Image-2023-10-01-at-14.58.24.jpeg?fit=1200%2C876&ssl=1&resize=700%2C400 2x, https:\/\/i0.wp.com\/noticiasribeiraopreto.com.br\/wp-content\/uploads\/2024\/11\/WhatsApp-Image-2023-10-01-at-14.58.24.jpeg?fit=1200%2C876&ssl=1&resize=1050%2C600 3x"},"classes":[]},{"id":49082,"url":"https:\/\/noticiasribeiraopreto.com.br\/index.php\/2024\/05\/08\/prorrogadas-as-inscricoes-para-vestibulinho-da-etec-ribeirao-preto-com-680-vagas\/","url_meta":{"origin":90975,"position":3},"title":"Prorrogadas as inscri\u00e7\u00f5es para vestibulinho da Etec Ribeir\u00e3o Preto com 680 vagas","author":"noticiasribeiraopreto.com.br","date":"8 de May de 2024","format":false,"excerpt":"Foram prorrogadas as inscri\u00e7\u00f5es para o vestibulinho da Etec Jos\u00e9 Martimiano da Silva em Ribeir\u00e3o Preto at\u00e9 o dia 17 de maio. Com 680 vagas de cursos t\u00e9cnicos gratuitos dispon\u00edveis, o in\u00edcio das aulas ser\u00e1 no segundo semestre deste ano. Os interessados devem se inscrever pelo site da Etec (clique\u2026","rel":"","context":"In &quot;Not\u00edcias de Ribeir\u00e3o Preto-SP e Regi\u00e3o&quot;","block_context":{"text":"Not\u00edcias de Ribeir\u00e3o Preto-SP e Regi\u00e3o","link":"https:\/\/noticiasribeiraopreto.com.br\/index.php\/category\/noticias-de-ribeirao-preto-sp-e-regiao-ismael-colosi\/"},"img":{"alt_text":"","src":"https:\/\/i0.wp.com\/noticiasribeiraopreto.com.br\/wp-content\/uploads\/2024\/05\/WhatsApp-Image-2023-10-01-at-14.58.24.jpeg?fit=1200%2C876&ssl=1&resize=350%2C200","width":350,"height":200,"srcset":"https:\/\/i0.wp.com\/noticiasribeiraopreto.com.br\/wp-content\/uploads\/2024\/05\/WhatsApp-Image-2023-10-01-at-14.58.24.jpeg?fit=1200%2C876&ssl=1&resize=350%2C200 1x, https:\/\/i0.wp.com\/noticiasribeiraopreto.com.br\/wp-content\/uploads\/2024\/05\/WhatsApp-Image-2023-10-01-at-14.58.24.jpeg?fit=1200%2C876&ssl=1&resize=525%2C300 1.5x, https:\/\/i0.wp.com\/noticiasribeiraopreto.com.br\/wp-content\/uploads\/2024\/05\/WhatsApp-Image-2023-10-01-at-14.58.24.jpeg?fit=1200%2C876&ssl=1&resize=700%2C400 2x, https:\/\/i0.wp.com\/noticiasribeiraopreto.com.br\/wp-content\/uploads\/2024\/05\/WhatsApp-Image-2023-10-01-at-14.58.24.jpeg?fit=1200%2C876&ssl=1&resize=1050%2C600 3x"},"classes":[]},{"id":50493,"url":"https:\/\/noticiasribeiraopreto.com.br\/index.php\/2024\/05\/16\/inscricoes-para-vestibulinho-da-etec-ribeirao-com-680-vagas-terminam-nesta-sexta-feira\/","url_meta":{"origin":90975,"position":4},"title":"Inscri\u00e7\u00f5es para vestibulinho da Etec Ribeir\u00e3o com 680 vagas terminam nesta sexta-feira","author":"noticiasribeiraopreto.com.br","date":"16 de May de 2024","format":false,"excerpt":"As inscri\u00e7\u00f5es para o vestibulinho da Etec Jos\u00e9 Martimiano da Silva em Ribeir\u00e3o Preto terminam, \u00e0s 15h, desta sexta-feira (17). Com 680 vagas de cursos t\u00e9cnicos gratuitos dispon\u00edveis, o in\u00edcio das aulas ser\u00e1 no segundo semestre deste ano. Os interessados devem se inscrever pelo site da Etec (clique aqui). O\u2026","rel":"","context":"In &quot;Not\u00edcias de Ribeir\u00e3o Preto-SP e Regi\u00e3o&quot;","block_context":{"text":"Not\u00edcias de Ribeir\u00e3o Preto-SP e Regi\u00e3o","link":"https:\/\/noticiasribeiraopreto.com.br\/index.php\/category\/noticias-de-ribeirao-preto-sp-e-regiao-ismael-colosi\/"},"img":{"alt_text":"","src":"https:\/\/i0.wp.com\/noticiasribeiraopreto.com.br\/wp-content\/uploads\/2024\/05\/1715876066_WhatsApp-Image-2023-10-01-at-14.58.24.jpeg?fit=1200%2C876&ssl=1&resize=350%2C200","width":350,"height":200,"srcset":"https:\/\/i0.wp.com\/noticiasribeiraopreto.com.br\/wp-content\/uploads\/2024\/05\/1715876066_WhatsApp-Image-2023-10-01-at-14.58.24.jpeg?fit=1200%2C876&ssl=1&resize=350%2C200 1x, https:\/\/i0.wp.com\/noticiasribeiraopreto.com.br\/wp-content\/uploads\/2024\/05\/1715876066_WhatsApp-Image-2023-10-01-at-14.58.24.jpeg?fit=1200%2C876&ssl=1&resize=525%2C300 1.5x, https:\/\/i0.wp.com\/noticiasribeiraopreto.com.br\/wp-content\/uploads\/2024\/05\/1715876066_WhatsApp-Image-2023-10-01-at-14.58.24.jpeg?fit=1200%2C876&ssl=1&resize=700%2C400 2x, https:\/\/i0.wp.com\/noticiasribeiraopreto.com.br\/wp-content\/uploads\/2024\/05\/1715876066_WhatsApp-Image-2023-10-01-at-14.58.24.jpeg?fit=1200%2C876&ssl=1&resize=1050%2C600 3x"},"classes":[]},{"id":60320,"url":"https:\/\/noticiasribeiraopreto.com.br\/index.php\/2024\/11\/11\/etec-ribeirao-preto-abre-processo-seletivo-com-27-vagas-veja-como-participar\/","url_meta":{"origin":90975,"position":5},"title":"Etec Ribeir\u00e3o Preto abre processo seletivo com 27 vagas; Veja como participar","author":"noticiasribeiraopreto.com.br","date":"11 de November de 2024","format":false,"excerpt":"A Etec (Escola T\u00e9cnica Estadual) Jos\u00e9 Martiniano da Silva, de Ribeir\u00e3o Preto, est\u00e1 com 27 processos seletivos para contrata\u00e7\u00e3o de professores. A remunera\u00e7\u00e3o para o cargo \u00e9 de R$ 21,40 hora\/aula. Para os processos seletivos de n\u00famero 074\/50\/2024 a 074\/72\/2024, as inscri\u00e7\u00f5es dever\u00e3o ser realizadas somente pela internet (clique aqui)\u2026","rel":"","context":"In &quot;Not\u00edcias de Ribeir\u00e3o Preto-SP e Regi\u00e3o&quot;","block_context":{"text":"Not\u00edcias de Ribeir\u00e3o Preto-SP e Regi\u00e3o","link":"https:\/\/noticiasribeiraopreto.com.br\/index.php\/category\/noticias-de-ribeirao-preto-sp-e-regiao-ismael-colosi\/"},"img":{"alt_text":"","src":"https:\/\/i0.wp.com\/noticiasribeiraopreto.com.br\/wp-content\/uploads\/2024\/10\/WhatsApp-Image-2024-10-29-at-11.01.13_2024-10-29_15-11-48_jpeg_2024-10-29_15-11-48.webp.webp?fit=1200%2C674&ssl=1&resize=350%2C200","width":350,"height":200,"srcset":"https:\/\/i0.wp.com\/noticiasribeiraopreto.com.br\/wp-content\/uploads\/2024\/10\/WhatsApp-Image-2024-10-29-at-11.01.13_2024-10-29_15-11-48_jpeg_2024-10-29_15-11-48.webp.webp?fit=1200%2C674&ssl=1&resize=350%2C200 1x, https:\/\/i0.wp.com\/noticiasribeiraopreto.com.br\/wp-content\/uploads\/2024\/10\/WhatsApp-Image-2024-10-29-at-11.01.13_2024-10-29_15-11-48_jpeg_2024-10-29_15-11-48.webp.webp?fit=1200%2C674&ssl=1&resize=525%2C300 1.5x, https:\/\/i0.wp.com\/noticiasribeiraopreto.com.br\/wp-content\/uploads\/2024\/10\/WhatsApp-Image-2024-10-29-at-11.01.13_2024-10-29_15-11-48_jpeg_2024-10-29_15-11-48.webp.webp?fit=1200%2C674&ssl=1&resize=700%2C400 2x, https:\/\/i0.wp.com\/noticiasribeiraopreto.com.br\/wp-content\/uploads\/2024\/10\/WhatsApp-Image-2024-10-29-at-11.01.13_2024-10-29_15-11-48_jpeg_2024-10-29_15-11-48.webp.webp?fit=1200%2C674&ssl=1&resize=1050%2C600 3x"},"classes":[]}],"jetpack_sharing_enabled":true,"jetpack_shortlink":"https:\/\/wp.me\/peQAOb-nFl","jetpack_featured_media_url":"https:\/\/i0.wp.com\/noticiasribeiraopreto.com.br\/wp-content\/uploads\/2026\/09\/etec-ribeirao-preto-13_2026-05-07_16-08-17.webp.webp?fit=1200%2C800&ssl=1","_links":{"self":[{"href":"https:\/\/noticiasribeiraopreto.com.br\/index.php\/wp-json\/wp\/v2\/posts\/90975","targetHints":{"allow":["GET"]}}],"collection":[{"href":"https:\/\/noticiasribeiraopreto.com.br\/index.php\/wp-json\/wp\/v2\/posts"}],"about":[{"href":"https:\/\/noticiasribeiraopreto.com.br\/index.php\/wp-json\/wp\/v2\/types\/post"}],"author":[{"embeddable":true,"href":"https:\/\/noticiasribeiraopreto.com.br\/index.php\/wp-json\/wp\/v2\/users\/1"}],"replies":[{"embeddable":true,"href":"https:\/\/noticiasribeiraopreto.com.br\/index.php\/wp-json\/wp\/v2\/comments?post=90975"}],"version-history":[{"count":0,"href":"https:\/\/noticiasribeiraopreto.com.br\/index.php\/wp-json\/wp\/v2\/posts\/90975\/revisions"}],"wp:featuredmedia":[{"embeddable":true,"href":"https:\/\/noticiasribeiraopreto.com.br\/index.php\/wp-json\/wp\/v2\/media\/90976"}],"wp:attachment":[{"href":"https:\/\/noticiasribeiraopreto.com.br\/index.php\/wp-json\/wp\/v2\/media?parent=90975"}],"wp:term":[{"taxonomy":"category","embeddable":true,"href":"https:\/\/noticiasribeiraopreto.com.br\/index.php\/wp-json\/wp\/v2\/categories?post=90975"},{"taxonomy":"post_tag","embeddable":true,"href":"https:\/\/noticiasribeiraopreto.com.br\/index.php\/wp-json\/wp\/v2\/tags?post=90975"}],"curies":[{"name":"wp","href":"https:\/\/api.w.org\/{rel}","templated":true}]}}