{"id":90977,"date":"2026-09-02T12:46:58","date_gmt":"2026-09-02T15:46:58","guid":{"rendered":"https:\/\/noticiasribeiraopreto.com.br\/index.php\/2026\/09\/02\/mudancas-vista-selecao-ancelotti-data-marcada-anunciar-convocados\/"},"modified":"2026-09-02T12:46:58","modified_gmt":"2026-09-02T15:46:58","slug":"mudancas-vista-selecao-ancelotti-data-marcada-anunciar-convocados","status":"publish","type":"post","link":"https:\/\/noticiasribeiraopreto.com.br\/index.php\/2026\/09\/02\/mudancas-vista-selecao-ancelotti-data-marcada-anunciar-convocados\/","title":{"rendered":"Com mudan\u00e7as \u00e0 vista na Sele\u00e7\u00e3o, Ancelotti tem data marcada para anunciar convocados"},"content":{"rendered":"<div class='code-block code-block-1' style='margin: 8px 0 8px auto; text-align: right; display: block; clear: both;'>\n<p><a href=\"https:\/\/wa.link\/vpicfd\"><img data-recalc-dims=\"1\" class=\"wp-image-4922\" style=\"aspect-ratio: 2.0253164556962027; width: 561px; height: auto;\" src=\"https:\/\/i0.wp.com\/ismaelcolosi.com.br\/wp-content\/uploads\/2023\/11\/grupo-de-empregos-whatsapp-e-facebook-ismael-colosi-vagas.jpg?ssl=1\" alt=\"\" \/><\/a><\/p>\n<!-- \/wp:image -->\n<\/div>\n<p> <br \/>\n<\/p>\n<p>A<a href=\"https:\/\/www.cbf.com.br\/\" data-type=\"link\" data-id=\"https:\/\/www.cbf.com.br\/\" target=\"_blank\" rel=\"noopener\"><strong> CBF (Confedera\u00e7\u00e3o Brasileira de Futebol) <\/strong><\/a>definiu a data para a primeira convoca\u00e7\u00e3o da sele\u00e7\u00e3o brasileira ap\u00f3s a disputa da <strong>Copa do Mundo de 2026<\/strong>. No dia 9 de setembro, o treinador italiano <strong>Carlo Ancelotti <\/strong>ir\u00e1 convocar os 26 atletas que dar\u00e3o in\u00edcio ao novo ciclo do Brasil, visando o Mundial de 2030.<\/p>\n<p class=\"has-cyan-bluish-gray-background-color has-background\"><em>Receba not\u00edcias do\u00a0<strong>acidade on Ribeir\u00e3o\u00a0<\/strong>no WhatsApp e fique por dentro de tudo! Basta acessar o link<a href=\"https:\/\/chat.whatsapp.com\/DfXwcjKVIddHUT3BvnQuPZ?mode=hqctshi\" target=\"_blank\" rel=\"noreferrer noopener\">\u00a0aqui<\/a>!<\/em><\/p>\n<p>O evento ser\u00e1 realizado na sede da CBF, no Rio de Janeiro, \u00e0s 15h (de Bras\u00edlia). O Brasil ter\u00e1 pela frente a Austr\u00e1lia e a \u00cdndia em tr\u00eas amistosos realizados entre setembro e outubro, na chamada Super Data Fifa.<\/p>\n<h2 class=\"wp-block-heading\"><strong>Sele\u00e7\u00e3o de volta<\/strong><\/h2>\n<p>O Brasil volta a campo ap\u00f3s a derrota por 2 a 1 contra a Noruega, em Nova Jersey, pelas oitavas de final da Copa. A sele\u00e7\u00e3o terminou o Mundial na 11\u00aa coloca\u00e7\u00e3o.<\/p>\n<p>Diante dos australianos, a sele\u00e7\u00e3o disputar\u00e1 dois jogos. O primeiro ser\u00e1 no dia 25 de setembro, no Queensland Country Bank Stadium, em Townsville. Quatro dias depois, no dia 29, as sele\u00e7\u00f5es voltam a se enfrentar, desta vez no Suncorp Stadium, em Brisbane.<\/p>\n<p>Na sequ\u00eancia, a sele\u00e7\u00e3o brasileira disputar\u00e1 um confronto in\u00e9dito contra a \u00cdndia. A partida ser\u00e1 realizada no dia 3 de outubro, no Est\u00e1dio Salt Lake, em Calcut\u00e1.<\/p>\n<p>A primeira convoca\u00e7\u00e3o de Ancelotti deve conter novidades, e \u00e9 esperada uma renova\u00e7\u00e3o em rela\u00e7\u00e3o aos atletas convocados para a Copa de 2026. O treinador italiano afirmou que dar\u00e1 espa\u00e7o para novos nomes neste ciclo, visando a Copa Am\u00e9rica de 2028 e a Copa do Mundo de 2030.<\/p>\n<blockquote class=\"wp-block-quote is-layout-flow wp-block-quote-is-layout-flow\">\n<p>\u201cVamos mapear os novos jogadores que possam entrar, n\u00e3o digo na pr\u00f3xima Copa do Mundo de 2030, mas que possam j\u00e1 ser competitivos no primeiro objetivo, que \u00e9 a Copa Am\u00e9rica de 2028\u201d, afirmou Carlo Ancelotti em entrevista ao GE no final de julho.<\/p>\n<\/blockquote>\n<figure class=\"wp-block-gallery has-nested-images columns-default is-cropped wp-block-gallery-1 is-layout-flex wp-block-gallery-is-layout-flex\">\n<figure class=\"wp-block-image size-large\"><figcaption class=\"wp-element-caption\"> Foto: reprodu\u00e7\u00e3o\/ redes sociais.<\/figcaption><\/figure>\n<figure class=\"wp-block-image size-large\"><img data-recalc-dims=\"1\" loading=\"lazy\" decoding=\"async\" width=\"1024\" height=\"751\" data-id=\"92657\" src=\"https:\/\/i0.wp.com\/www.acidadeon.com\/ribeiraopreto\/wp-content\/uploads\/sites\/3\/2024\/09\/estevao_2024-09-07_14-37-10_jpg_2024-09-07_14-37-10-1024x751.webp?resize=1024%2C751&#038;ssl=1\" alt=\"estevao\" class=\"wp-image-92657\" title=\"Com mudan\u00e7as \u00e0 vista na Sele\u00e7\u00e3o, Ancelotti tem data marcada para anunciar convocados 2\"><figcaption class=\"wp-element-caption\">(Foto: reprodu\u00e7\u00e3o\/Instagram\/CBF\/Conmebol)<\/figcaption><\/figure>\n<figure class=\"wp-block-image size-large\"><img data-recalc-dims=\"1\" loading=\"lazy\" decoding=\"async\" width=\"1024\" height=\"682\" data-id=\"86695\" src=\"https:\/\/i0.wp.com\/www.acidadeon.com\/ribeiraopreto\/wp-content\/uploads\/sites\/3\/2024\/07\/AnyConv.com__selecao-brasileira_2024-07-02_13-56-44-1024x682.webp?resize=1024%2C682&#038;ssl=1\" alt=\"sele\u00e7\u00e3o\" class=\"wp-image-86695\" title=\"Com mudan\u00e7as \u00e0 vista na Sele\u00e7\u00e3o, Ancelotti tem data marcada para anunciar convocados 3\"><figcaption class=\"wp-element-caption\"> (Foto: Rafael Ribeiro\/CBF)<\/figcaption><\/figure>\n<figure class=\"wp-block-image size-large\"><img data-recalc-dims=\"1\" loading=\"lazy\" decoding=\"async\" width=\"1024\" height=\"689\" data-id=\"149003\" src=\"https:\/\/i0.wp.com\/www.acidadeon.com\/ribeiraopreto\/wp-content\/uploads\/sites\/3\/2026\/03\/carlo-ancelotti_2026-03-16_15-59-37-1024x689.webp?resize=1024%2C689&#038;ssl=1\" alt=\"Carlo Ancelotti durante convoca\u00e7\u00e3o pela Sele\u00e7\u00e3o Brasileira (Foto: Rafael Ribeiro \/ CBF)\" class=\"wp-image-149003\" title=\"Com mudan\u00e7as \u00e0 vista na Sele\u00e7\u00e3o, Ancelotti tem data marcada para anunciar convocados 4\"><figcaption class=\"wp-element-caption\">(Foto: Rafael Ribeiro \/ CBF)<\/figcaption><\/figure>\n<figure class=\"wp-block-image size-large\"><img data-recalc-dims=\"1\" loading=\"lazy\" decoding=\"async\" width=\"1024\" height=\"683\" data-id=\"74884\" src=\"https:\/\/i0.wp.com\/www.acidadeon.com\/ribeiraopreto\/wp-content\/uploads\/sites\/3\/2024\/03\/433452618_18423788116012594_7119814444711270792_n-1024x683.jpg?resize=1024%2C683&#038;ssl=1\" alt=\"433452618 18423788116012594 7119814444711270792 n\" class=\"wp-image-74884\" title=\"Com mudan\u00e7as \u00e0 vista na Sele\u00e7\u00e3o, Ancelotti tem data marcada para anunciar convocados 5\"><figcaption class=\"wp-element-caption\"> (Foto: Rafael Ribeiro\/ CBF)<\/figcaption><\/figure>\n<figure class=\"wp-block-image size-large\"><img data-recalc-dims=\"1\" loading=\"lazy\" decoding=\"async\" width=\"910\" height=\"607\" data-id=\"81051\" src=\"https:\/\/i0.wp.com\/www.acidadeon.com\/ribeiraopreto\/wp-content\/uploads\/sites\/3\/2024\/05\/eder-militao_2024-05-10_15-48-26_jpeg_2024-05-10_15-48-26.webp?resize=910%2C607&#038;ssl=1\" alt=\"eder milit\u00e3o\" class=\"wp-image-81051\" title=\"Com mudan\u00e7as \u00e0 vista na Sele\u00e7\u00e3o, Ancelotti tem data marcada para anunciar convocados 6\"><figcaption class=\"wp-element-caption\"> (Foto: Lucas Figueiredo\/CBF)<\/figcaption><\/figure>\n<\/figure>\n<h2 class=\"wp-block-heading\"><strong>Ancelotti faz observa\u00e7\u00f5es<\/strong><\/h2>\n<p>Para definir a lista de convocados, o treinador Carlo Ancelotti, sua comiss\u00e3o t\u00e9cnica e os demais profissionais do Departamento de Sele\u00e7\u00f5es Masculinas t\u00eam observado jogos do Campeonato Brasileiro, Copa do Brasil, Copa Libertadores, Copa Sul-Americana e de campeonatos europeus.<\/p>\n<p>Ao mesmo tempo, Ancelotti tem trabalhado o fortalecimento da integra\u00e7\u00e3o da Sele\u00e7\u00e3o Principal com as de base, trabalho que j\u00e1 foi iniciado com a sua chegada e que agora j\u00e1 acontece em maior intensidade, de olho tamb\u00e9m nos compromissos dessas sele\u00e7\u00f5es, como a Copa do Mundo Sub-17, em novembro, no Qatar, e a constru\u00e7\u00e3o de uma base para o pr\u00f3ximo ciclo ol\u00edmpico, cuja tarefa est\u00e1 nas m\u00e3os de Paulo Victor, treinador tamb\u00e9m da Sele\u00e7\u00e3o Sub-20.<\/p>\n<p><em>Com informa\u00e7\u00f5es Alan Favaron\/Estad\u00e3o Conte\u00fado<\/em><\/p>\n<p class=\"has-cyan-bluish-gray-background-color has-background\"><em>Fa\u00e7a uma den\u00fancia ou sugira uma reportagem sobre\u00a0<strong>Ribeir\u00e3o Preto\u00a0<\/strong>e regi\u00e3o por meio do WhatsApp do\u00a0<strong>acidade on Ribeir\u00e3o<\/strong>: (16) 99117-7802.<\/em><\/p>\n<h2 class=\"wp-block-heading\"><strong>Viu essa?<\/strong><\/h2>\n<h3 class=\"wp-block-heading\"><strong>Ribeir\u00e3o-pretano Jo\u00e3o Pedro renova contrato com o Chelsea at\u00e9 2034<\/strong><\/h3>\n<figure class=\"wp-block-image size-large\"><img data-recalc-dims=\"1\" loading=\"lazy\" decoding=\"async\" width=\"1024\" height=\"576\" src=\"https:\/\/i0.wp.com\/www.acidadeon.com\/ribeiraopreto\/wp-content\/uploads\/sites\/3\/2026\/08\/joao-pedro-xabi-alonso-1024x576.jpeg?resize=1024%2C576&#038;ssl=1\" alt=\"jo\u00e3o pedro\" class=\"wp-image-171995\" title=\"Com mudan\u00e7as \u00e0 vista na Sele\u00e7\u00e3o, Ancelotti tem data marcada para anunciar convocados 7\"><figcaption class=\"wp-element-caption\">Jo\u00e3o Pedro foi classificado como l\u00edder pelo t\u00e9cnico Xabi Alonso (Foto: divulga\u00e7\u00e3o\/Chelsea FC)<\/figcaption><\/figure>\n<p>O atacante<strong>\u00a0Jo\u00e3o Pedro<\/strong>, natural de Ribeir\u00e3o Preto, renovou o contrato com o<strong>\u00a0Chelsea<\/strong>\u00a0at\u00e9 junho de 2034, em acordo anunciado pela equipe inglesa na manh\u00e3 deste s\u00e1bado (22). Aos 24 anos, o camisa 9 tinha assinado o v\u00ednculo at\u00e9 2032, quando foi contratado do Brighton, e prorrogou por mais duas temporadas.<\/p>\n<p>\u201cEstou muito feliz por assinar um novo contrato com o Chelsea. Sempre sonhei em jogar em um grande clube e significa muito para mim poder firmar um compromisso de longo prazo com esse time. O Chelsea tem uma longa tradi\u00e7\u00e3o de vit\u00f3rias e grandes ambi\u00e7\u00f5es para o futuro\u201d, disse o brasileiro ap\u00f3s o an\u00fancio.<\/p>\n<p>Jo\u00e3o Pedro est\u00e1 na equipe de Londres desde julho do ano passado e rapidamente ganhou o cora\u00e7\u00e3o da torcida. Ele foi fundamental na conquista do Mundial de Clubes, anotando dois gols contra o Fluminense, nas semifinais, e diante do Paris Saint-Germain na grande decis\u00e3o.<\/p>\n<h3 class=\"wp-block-heading\"><strong>Jogador de Ribeir\u00e3o tem 23 gols<\/strong><\/h3>\n<p>At\u00e9 o momento, s\u00e3o 53 partidas e 23 gols anotados com a camisa do Chelsea, al\u00e9m de seis assist\u00eancias. O desempenho do atacante paulista o levou para a sele\u00e7\u00e3o brasileira em diversas oportunidades e era um dos cotados para a lista final de Carlo Ancelotti na Copa do Mundo dos Estados Unidos, Canad\u00e1 e M\u00e9xico.<\/p>\n<p>O t\u00e9cnico Xabi Alonso exaltou o atacante ap\u00f3s a assinatura do novo v\u00ednculo. \u201cAcho que o desenvolvimento dele como grande jogador e como l\u00edder \u00e9 muito percept\u00edvel a cada dia e em cada jogo. Ele tem esse foco e essa vontade de fazer uma grande temporada, de marcar gols, mas tamb\u00e9m est\u00e1 focado em ajudar a equipe\u201d.<\/p>\n<p>Sob o comando do espanhol, o Chelsea vai estrear na temporada na pr\u00f3xima segunda-feira (24), diante do Fulham, pela Premier League, na Craven Cottage. O time de azul n\u00e3o conquista o principal campeonato nacional da Inglaterra desde a temporada 2016-17 (com informa\u00e7\u00f5es<strong>\u00a0Estad\u00e3o Conte\u00fado<\/strong>).<strong><br \/><\/strong><\/p>\n<p>O post Com mudan\u00e7as \u00e0 vista na Sele\u00e7\u00e3o, Ancelotti tem data marcada para anunciar convocados apareceu primeiro em ACidade ON Ribeir\u00e3o Preto.<\/p>\n<p><br \/>\n<br \/><a href=\"https:\/\/www.acidadeon.com\/ribeiraopreto\/esportes\/mudancas-vista-selecao-ancelotti-data-marcada-anunciar-convocados\/\">Link para o texto original aqui <\/a><\/p>\n<!-- CONTENT END 1 -->\n","protected":false},"excerpt":{"rendered":"<p>A CBF (Confedera\u00e7\u00e3o Brasileira de Futebol) definiu a data para a primeira convoca\u00e7\u00e3o da sele\u00e7\u00e3o brasileira ap\u00f3s a disputa da Copa do Mundo de 2026&#8230;.<\/p>\n","protected":false},"author":1,"featured_media":90978,"comment_status":"","ping_status":"","sticky":false,"template":"","format":"standard","meta":{"advanced_seo_description":"","jetpack_seo_html_title":"","jetpack_seo_noindex":false,"jetpack_seo_schema_type":"","_jetpack_newsletter_access":"","_jetpack_dont_email_post_to_subs":false,"_jetpack_newsletter_tier_id":0,"_jetpack_memberships_contains_paywalled_content":false,"_jetpack_feature_clip_id":0,"_jetpack_memberships_contains_paid_content":false,"footnotes":"","jetpack_publicize_message":"","jetpack_publicize_feature_enabled":true,"jetpack_social_post_already_shared":true,"jetpack_social_options":{"image_generator_settings":{"template":"highway","default_image_id":0,"font":"","enabled":false},"version":2},"jetpack_post_was_ever_published":false},"categories":[11],"tags":[6664,8879,1251,293,7430,1462,71,460,162,4480],"class_list":["post-90977","post","type-post","status-publish","format-standard","has-post-thumbnail","hentry","category-noticias-de-ribeirao-preto-sp-e-regiao-ismael-colosi","tag-ancelotti","tag-anunciar","tag-convocados","tag-data","tag-marcada","tag-mudancas","tag-para","tag-selecao","tag-tem","tag-vista"],"jetpack_publicize_connections":[],"jetpack-related-posts":[{"id":85685,"url":"https:\/\/noticiasribeiraopreto.com.br\/index.php\/2026\/05\/14\/carlo-ancelotti-renova-com-brasil-ate-2030\/","url_meta":{"origin":90977,"position":0},"title":"Carlo Ancelotti renova com Brasil at\u00e9 2030","author":"noticiasribeiraopreto.com.br","date":"14 de May de 2026","format":false,"excerpt":"A Confedera\u00e7\u00e3o Brasileira de Futebol (CBF) cumpriu, nesta quinta-feira (14), o prometido de renovar o contrato com o t\u00e9cnico Carlo Ancelotti antes do an\u00fancio final dos convocados para a Copa do Mundo dos Estados Unidos, M\u00e9xico e Canad\u00e1, agendado para segunda-feira. Nas redes sociais, a entidade anunciou acordo com o\u2026","rel":"","context":"In &quot;Not\u00edcias de Ribeir\u00e3o Preto-SP e Regi\u00e3o&quot;","block_context":{"text":"Not\u00edcias de Ribeir\u00e3o Preto-SP e Regi\u00e3o","link":"https:\/\/noticiasribeiraopreto.com.br\/index.php\/category\/noticias-de-ribeirao-preto-sp-e-regiao-ismael-colosi\/"},"img":{"alt_text":"","src":"https:\/\/i0.wp.com\/noticiasribeiraopreto.com.br\/wp-content\/uploads\/2026\/05\/2-TEC-Carlo-Ancelotti-Rafael-Ribeiro_CBF-3-scaled.jpeg?fit=1143%2C780&ssl=1&resize=350%2C200","width":350,"height":200,"srcset":"https:\/\/i0.wp.com\/noticiasribeiraopreto.com.br\/wp-content\/uploads\/2026\/05\/2-TEC-Carlo-Ancelotti-Rafael-Ribeiro_CBF-3-scaled.jpeg?fit=1143%2C780&ssl=1&resize=350%2C200 1x, https:\/\/i0.wp.com\/noticiasribeiraopreto.com.br\/wp-content\/uploads\/2026\/05\/2-TEC-Carlo-Ancelotti-Rafael-Ribeiro_CBF-3-scaled.jpeg?fit=1143%2C780&ssl=1&resize=525%2C300 1.5x, https:\/\/i0.wp.com\/noticiasribeiraopreto.com.br\/wp-content\/uploads\/2026\/05\/2-TEC-Carlo-Ancelotti-Rafael-Ribeiro_CBF-3-scaled.jpeg?fit=1143%2C780&ssl=1&resize=700%2C400 2x, https:\/\/i0.wp.com\/noticiasribeiraopreto.com.br\/wp-content\/uploads\/2026\/05\/2-TEC-Carlo-Ancelotti-Rafael-Ribeiro_CBF-3-scaled.jpeg?fit=1143%2C780&ssl=1&resize=1050%2C600 3x"},"classes":[]},{"id":76239,"url":"https:\/\/noticiasribeiraopreto.com.br\/index.php\/2025\/08\/25\/ao-vivo-veja-a-convocacao-de-ancelotti-para-selecao-brasileira\/","url_meta":{"origin":90977,"position":1},"title":"AO VIVO: Veja a convoca\u00e7\u00e3o de Ancelotti para sele\u00e7\u00e3o brasileira","author":"noticiasribeiraopreto.com.br","date":"25 de August de 2025","format":false,"excerpt":"O t\u00e9cnico Carlo Ancelotti anuncia nesta segunda-feira (25), \u00e0s 15h30, a convoca\u00e7\u00e3o dos 23 jogadores selecionados para os dois \u00faltimos compromissos do Brasil pelas Eliminat\u00f3rias da Copa do Mundo de 2026 \u2013 veja no player acima. O evento ser\u00e1 realizado na sede da CBF (Confedera\u00e7\u00e3o Brasileira de Futebol), no Rio\u2026","rel":"","context":"In &quot;Not\u00edcias de Ribeir\u00e3o Preto-SP e Regi\u00e3o&quot;","block_context":{"text":"Not\u00edcias de Ribeir\u00e3o Preto-SP e Regi\u00e3o","link":"https:\/\/noticiasribeiraopreto.com.br\/index.php\/category\/noticias-de-ribeirao-preto-sp-e-regiao-ismael-colosi\/"},"img":{"alt_text":"","src":"https:\/\/i0.wp.com\/noticiasribeiraopreto.com.br\/wp-content\/uploads\/2025\/08\/carlo-ancelotti-convocacao_2025-08-25_16-26-11.webp.webp?fit=1200%2C793&ssl=1&resize=350%2C200","width":350,"height":200,"srcset":"https:\/\/i0.wp.com\/noticiasribeiraopreto.com.br\/wp-content\/uploads\/2025\/08\/carlo-ancelotti-convocacao_2025-08-25_16-26-11.webp.webp?fit=1200%2C793&ssl=1&resize=350%2C200 1x, https:\/\/i0.wp.com\/noticiasribeiraopreto.com.br\/wp-content\/uploads\/2025\/08\/carlo-ancelotti-convocacao_2025-08-25_16-26-11.webp.webp?fit=1200%2C793&ssl=1&resize=525%2C300 1.5x, https:\/\/i0.wp.com\/noticiasribeiraopreto.com.br\/wp-content\/uploads\/2025\/08\/carlo-ancelotti-convocacao_2025-08-25_16-26-11.webp.webp?fit=1200%2C793&ssl=1&resize=700%2C400 2x, https:\/\/i0.wp.com\/noticiasribeiraopreto.com.br\/wp-content\/uploads\/2025\/08\/carlo-ancelotti-convocacao_2025-08-25_16-26-11.webp.webp?fit=1200%2C793&ssl=1&resize=1050%2C600 3x"},"classes":[]},{"id":70396,"url":"https:\/\/noticiasribeiraopreto.com.br\/index.php\/2025\/05\/25\/ancelotti-desembarca-no-brasil-para-comandar-a-selecao\/","url_meta":{"origin":90977,"position":2},"title":"Ancelotti desembarca no Brasil para comandar a sele\u00e7\u00e3o","author":"noticiasribeiraopreto.com.br","date":"25 de May de 2025","format":false,"excerpt":"25 de maio de 2025 22:482 Compartilhar0 Carlo Ancelotti est\u00e1 entre n\u00f3s. O t\u00e9cnico mais vitorioso de sua era no futebol desembarcou no Rio de Janeiro na noite deste domingo, 25, no aeroporto do Gale\u00e3o. Ancelotti foi para a Barra da Tijuca, onde ficar\u00e1 hospedado em um hotel. Neste mesmo\u2026","rel":"","context":"In &quot;Not\u00edcias de Ribeir\u00e3o Preto-SP e Regi\u00e3o&quot;","block_context":{"text":"Not\u00edcias de Ribeir\u00e3o Preto-SP e Regi\u00e3o","link":"https:\/\/noticiasribeiraopreto.com.br\/index.php\/category\/noticias-de-ribeirao-preto-sp-e-regiao-ismael-colosi\/"},"img":{"alt_text":"","src":"https:\/\/i0.wp.com\/noticiasribeiraopreto.com.br\/wp-content\/uploads\/2025\/05\/anceloti.jpg?fit=888%2C626&ssl=1&resize=350%2C200","width":350,"height":200,"srcset":"https:\/\/i0.wp.com\/noticiasribeiraopreto.com.br\/wp-content\/uploads\/2025\/05\/anceloti.jpg?fit=888%2C626&ssl=1&resize=350%2C200 1x, https:\/\/i0.wp.com\/noticiasribeiraopreto.com.br\/wp-content\/uploads\/2025\/05\/anceloti.jpg?fit=888%2C626&ssl=1&resize=525%2C300 1.5x, https:\/\/i0.wp.com\/noticiasribeiraopreto.com.br\/wp-content\/uploads\/2025\/05\/anceloti.jpg?fit=888%2C626&ssl=1&resize=700%2C400 2x"},"classes":[]},{"id":79532,"url":"https:\/\/noticiasribeiraopreto.com.br\/index.php\/2025\/11\/03\/ao-vivo-veja-a-convocacao-da-selecao-brasileira-feita-por-ancelotti\/","url_meta":{"origin":90977,"position":3},"title":"AO VIVO: Veja a convoca\u00e7\u00e3o da Sele\u00e7\u00e3o Brasileira feita por Ancelotti","author":"noticiasribeiraopreto.com.br","date":"3 de November de 2025","format":false,"excerpt":"O t\u00e9cnico Carlo Ancelotti anuncia na tarde desta segunda-feira (3) a \u00faltima convoca\u00e7\u00e3o da Sele\u00e7\u00e3o Brasileira em 2025. O evento ser\u00e1 realizado na sede da CBF, no Rio de Janeiro, a partir das 15h (de Bras\u00edlia) \u2013 veja o player acima. Pr\u00f3ximos jogos Neste m\u00eas de novembro, a Sele\u00e7\u00e3o Brasileira\u2026","rel":"","context":"In &quot;Not\u00edcias de Ribeir\u00e3o Preto-SP e Regi\u00e3o&quot;","block_context":{"text":"Not\u00edcias de Ribeir\u00e3o Preto-SP e Regi\u00e3o","link":"https:\/\/noticiasribeiraopreto.com.br\/index.php\/category\/noticias-de-ribeirao-preto-sp-e-regiao-ismael-colosi\/"},"img":{"alt_text":"","src":"https:\/\/i0.wp.com\/noticiasribeiraopreto.com.br\/wp-content\/uploads\/2025\/11\/carlo-ancelotti-convocacao_2025-11-03_16-55-31.webp.webp?fit=1200%2C811&ssl=1&resize=350%2C200","width":350,"height":200,"srcset":"https:\/\/i0.wp.com\/noticiasribeiraopreto.com.br\/wp-content\/uploads\/2025\/11\/carlo-ancelotti-convocacao_2025-11-03_16-55-31.webp.webp?fit=1200%2C811&ssl=1&resize=350%2C200 1x, https:\/\/i0.wp.com\/noticiasribeiraopreto.com.br\/wp-content\/uploads\/2025\/11\/carlo-ancelotti-convocacao_2025-11-03_16-55-31.webp.webp?fit=1200%2C811&ssl=1&resize=525%2C300 1.5x, https:\/\/i0.wp.com\/noticiasribeiraopreto.com.br\/wp-content\/uploads\/2025\/11\/carlo-ancelotti-convocacao_2025-11-03_16-55-31.webp.webp?fit=1200%2C811&ssl=1&resize=700%2C400 2x, https:\/\/i0.wp.com\/noticiasribeiraopreto.com.br\/wp-content\/uploads\/2025\/11\/carlo-ancelotti-convocacao_2025-11-03_16-55-31.webp.webp?fit=1200%2C811&ssl=1&resize=1050%2C600 3x"},"classes":[]},{"id":78068,"url":"https:\/\/noticiasribeiraopreto.com.br\/index.php\/2025\/10\/01\/veja-a-lista-de-convocados-por-ancelotti-para-selecao-brasileira\/","url_meta":{"origin":90977,"position":4},"title":"Veja a lista de convocados por Ancelotti para sele\u00e7\u00e3o brasileira","author":"noticiasribeiraopreto.com.br","date":"1 de October de 2025","format":false,"excerpt":"O treinador da Sele\u00e7\u00e3o Brasileira, Carlo Ancelotti, anunciou na tarde desta quarta-feira (1\u00ba de outubro) a convoca\u00e7\u00e3o da Amarelinha para os amistosos com Coreia do Sul e Jap\u00e3o, neste m\u00eas de outubro. O evento foi realizado na sede da CBF, no Rio de Janeiro \u2013 veja acima. A partida com\u2026","rel":"","context":"In &quot;Not\u00edcias de Ribeir\u00e3o Preto-SP e Regi\u00e3o&quot;","block_context":{"text":"Not\u00edcias de Ribeir\u00e3o Preto-SP e Regi\u00e3o","link":"https:\/\/noticiasribeiraopreto.com.br\/index.php\/category\/noticias-de-ribeirao-preto-sp-e-regiao-ismael-colosi\/"},"img":{"alt_text":"","src":"https:\/\/i0.wp.com\/noticiasribeiraopreto.com.br\/wp-content\/uploads\/2025\/08\/carlo-ancelotti-convocacao_2025-08-25_16-26-11.webp.webp?fit=1200%2C793&ssl=1&resize=350%2C200","width":350,"height":200,"srcset":"https:\/\/i0.wp.com\/noticiasribeiraopreto.com.br\/wp-content\/uploads\/2025\/08\/carlo-ancelotti-convocacao_2025-08-25_16-26-11.webp.webp?fit=1200%2C793&ssl=1&resize=350%2C200 1x, https:\/\/i0.wp.com\/noticiasribeiraopreto.com.br\/wp-content\/uploads\/2025\/08\/carlo-ancelotti-convocacao_2025-08-25_16-26-11.webp.webp?fit=1200%2C793&ssl=1&resize=525%2C300 1.5x, https:\/\/i0.wp.com\/noticiasribeiraopreto.com.br\/wp-content\/uploads\/2025\/08\/carlo-ancelotti-convocacao_2025-08-25_16-26-11.webp.webp?fit=1200%2C793&ssl=1&resize=700%2C400 2x, https:\/\/i0.wp.com\/noticiasribeiraopreto.com.br\/wp-content\/uploads\/2025\/08\/carlo-ancelotti-convocacao_2025-08-25_16-26-11.webp.webp?fit=1200%2C793&ssl=1&resize=1050%2C600 3x"},"classes":[]},{"id":83347,"url":"https:\/\/noticiasribeiraopreto.com.br\/index.php\/2026\/03\/16\/confira-quem-foi-chamado-por-ancelotti-na-ultima-convocacao-antes-da-copa\/","url_meta":{"origin":90977,"position":5},"title":"Confira quem foi chamado por Ancelotti na \u00faltima convoca\u00e7\u00e3o antes da Copa","author":"noticiasribeiraopreto.com.br","date":"16 de March de 2026","format":false,"excerpt":"00:00 A+ A- O t\u00e9cnico da Sele\u00e7\u00e3o Brasileira, Carlo Ancelotti, anuncia na tarde desta segunda-feira (16), \u00e0s 15h30, a \u00faltima convoca\u00e7\u00e3o antes da Copa do Mundo. A sele\u00e7\u00e3o se prepara para os amistosos contra a Fran\u00e7a e a Cro\u00e1cia, na Data FIFA de mar\u00e7o, nos Estados Unidos. No dia 26,\u2026","rel":"","context":"In &quot;Not\u00edcias de Ribeir\u00e3o Preto-SP e Regi\u00e3o&quot;","block_context":{"text":"Not\u00edcias de Ribeir\u00e3o Preto-SP e Regi\u00e3o","link":"https:\/\/noticiasribeiraopreto.com.br\/index.php\/category\/noticias-de-ribeirao-preto-sp-e-regiao-ismael-colosi\/"},"img":{"alt_text":"","src":"https:\/\/i0.wp.com\/noticiasribeiraopreto.com.br\/wp-content\/uploads\/2026\/03\/carlo-ancelotti_2026-03-16_15-59-37.webp.webp?fit=1200%2C807&ssl=1&resize=350%2C200","width":350,"height":200,"srcset":"https:\/\/i0.wp.com\/noticiasribeiraopreto.com.br\/wp-content\/uploads\/2026\/03\/carlo-ancelotti_2026-03-16_15-59-37.webp.webp?fit=1200%2C807&ssl=1&resize=350%2C200 1x, https:\/\/i0.wp.com\/noticiasribeiraopreto.com.br\/wp-content\/uploads\/2026\/03\/carlo-ancelotti_2026-03-16_15-59-37.webp.webp?fit=1200%2C807&ssl=1&resize=525%2C300 1.5x, https:\/\/i0.wp.com\/noticiasribeiraopreto.com.br\/wp-content\/uploads\/2026\/03\/carlo-ancelotti_2026-03-16_15-59-37.webp.webp?fit=1200%2C807&ssl=1&resize=700%2C400 2x, https:\/\/i0.wp.com\/noticiasribeiraopreto.com.br\/wp-content\/uploads\/2026\/03\/carlo-ancelotti_2026-03-16_15-59-37.webp.webp?fit=1200%2C807&ssl=1&resize=1050%2C600 3x"},"classes":[]}],"jetpack_sharing_enabled":true,"jetpack_shortlink":"https:\/\/wp.me\/peQAOb-nFn","jetpack_featured_media_url":"https:\/\/i0.wp.com\/noticiasribeiraopreto.com.br\/wp-content\/uploads\/2026\/09\/carlo-ancelotti-selecao-1024x695.jpg?fit=1024%2C695&ssl=1","_links":{"self":[{"href":"https:\/\/noticiasribeiraopreto.com.br\/index.php\/wp-json\/wp\/v2\/posts\/90977","targetHints":{"allow":["GET"]}}],"collection":[{"href":"https:\/\/noticiasribeiraopreto.com.br\/index.php\/wp-json\/wp\/v2\/posts"}],"about":[{"href":"https:\/\/noticiasribeiraopreto.com.br\/index.php\/wp-json\/wp\/v2\/types\/post"}],"author":[{"embeddable":true,"href":"https:\/\/noticiasribeiraopreto.com.br\/index.php\/wp-json\/wp\/v2\/users\/1"}],"replies":[{"embeddable":true,"href":"https:\/\/noticiasribeiraopreto.com.br\/index.php\/wp-json\/wp\/v2\/comments?post=90977"}],"version-history":[{"count":0,"href":"https:\/\/noticiasribeiraopreto.com.br\/index.php\/wp-json\/wp\/v2\/posts\/90977\/revisions"}],"wp:featuredmedia":[{"embeddable":true,"href":"https:\/\/noticiasribeiraopreto.com.br\/index.php\/wp-json\/wp\/v2\/media\/90978"}],"wp:attachment":[{"href":"https:\/\/noticiasribeiraopreto.com.br\/index.php\/wp-json\/wp\/v2\/media?parent=90977"}],"wp:term":[{"taxonomy":"category","embeddable":true,"href":"https:\/\/noticiasribeiraopreto.com.br\/index.php\/wp-json\/wp\/v2\/categories?post=90977"},{"taxonomy":"post_tag","embeddable":true,"href":"https:\/\/noticiasribeiraopreto.com.br\/index.php\/wp-json\/wp\/v2\/tags?post=90977"}],"curies":[{"name":"wp","href":"https:\/\/api.w.org\/{rel}","templated":true}]}}