{"id":90979,"date":"2026-09-02T13:05:07","date_gmt":"2026-09-02T16:05:07","guid":{"rendered":"https:\/\/noticiasribeiraopreto.com.br\/index.php\/2026\/09\/02\/quero-que-essa-luz-me-cegue-diz-elizabete-arrabaca-ao-negar-morte-da-filha\/"},"modified":"2026-09-02T13:05:07","modified_gmt":"2026-09-02T16:05:07","slug":"quero-que-essa-luz-me-cegue-diz-elizabete-arrabaca-ao-negar-morte-da-filha","status":"publish","type":"post","link":"https:\/\/noticiasribeiraopreto.com.br\/index.php\/2026\/09\/02\/quero-que-essa-luz-me-cegue-diz-elizabete-arrabaca-ao-negar-morte-da-filha\/","title":{"rendered":"\u2018Quero que essa luz me cegue\u2019, diz Elizabete Arraba\u00e7a ao negar morte da filha; V\u00cdDEO"},"content":{"rendered":"<div class='code-block code-block-1' style='margin: 8px 0 8px auto; text-align: right; display: block; clear: both;'>\n<p><a href=\"https:\/\/wa.link\/vpicfd\"><img data-recalc-dims=\"1\" class=\"wp-image-4922\" style=\"aspect-ratio: 2.0253164556962027; width: 561px; height: auto;\" src=\"https:\/\/i0.wp.com\/ismaelcolosi.com.br\/wp-content\/uploads\/2023\/11\/grupo-de-empregos-whatsapp-e-facebook-ismael-colosi-vagas.jpg?ssl=1\" alt=\"\" \/><\/a><\/p>\n<!-- \/wp:image -->\n<\/div>\n<p> <br \/>\n<\/p>\n<p>Acusada de matar a pr\u00f3pria filha, <strong>Nath\u00e1lia Garnica<\/strong>, <strong>Elizabete Arraba\u00e7a<\/strong> voltou a negar o crime durante a <strong>audi\u00eancia de instru\u00e7\u00e3o<\/strong> realizada na \u00faltima segunda-feira (31). Em depoimento prestado \u00e0 Justi\u00e7a, a mulher de 68 anos <strong>afirmou mais de uma vez que \u00e9 inocente<\/strong>.<\/p>\n<p>Em trechos da audi\u00eancia obtidos pela <strong>EPTV<\/strong>, <strong>Elizabete <\/strong>foi questionada diretamente se havia matado a filha.<strong> Ao negar a acusa\u00e7\u00e3o, ela fez um juramento de inoc\u00eancia<\/strong> e chegou a dizer que aceitaria ficar cega caso estivesse mentindo \u2013 veja v\u00eddeo logo abaixo.<\/p>\n<blockquote class=\"wp-block-quote is-layout-flow wp-block-quote-is-layout-flow\">\n<p>\u201cEu sou inocente. Eu juro por Pai, Filho e Esp\u00edrito Santo que eu sou inocente. Tudo isso \u00e9 mentira\u201d, declarou. Em outro momento, ao negar novamente a acusa\u00e7\u00e3o, ela afirmou: \u201cEu quero que essa luz me cegue se eu estiver mentindo.\u201d<\/p>\n<\/blockquote>\n<p>A audi\u00eancia faz parte do processo que <strong>apura a morte de Nath\u00e1lia Garnica<\/strong> e foi realizada no F\u00f3rum de <strong>Pontal<\/strong>, na <strong>regi\u00e3o de Ribeir\u00e3o Preto<\/strong>. <mark class=\"has-inline-color\"><strong>Presa na Penitenci\u00e1ria de Trememb\u00e9 desde agosto de 2025, Elizabete participou da sess\u00e3o por videoconfer\u00eancia.<\/strong><\/mark><\/p>\n<figure class=\"wp-block-image size-large\"><figcaption class=\"wp-element-caption\">Nath\u00e1lia Garnica e Elizabete Arraba\u00e7a \u2013 Foto: redes sociais<\/figcaption><\/figure>\n<p class=\"has-text-align-center has-cyan-bluish-gray-background-color has-background\"><em>Receba not\u00edcias do\u00a0<strong>acidade on Ribeir\u00e3o\u00a0<\/strong>no WhatsApp e fique por dentro de tudo! Basta acessar o link<a href=\"https:\/\/chat.whatsapp.com\/DfXwcjKVIddHUT3BvnQuPZ?mode=hqctshi\" target=\"_blank\" rel=\"noreferrer noopener\">\u00a0aqui<\/a>!<\/em><\/p>\n<h2 class=\"wp-block-heading\"><strong>Elizabete nega v\u00edcio em jogos<\/strong><\/h2>\n<p>O<strong> Minist\u00e9rio P\u00fablico de S\u00e3o Paulo (MP-SP) <\/strong>denunciou<strong> Elizabete Arraba\u00e7a<\/strong> por matar a pr\u00f3pria filha, com veneno conhecido como <strong>chumbinho<\/strong>. O crime ocorreu em <strong>9 de fevereiro de 2025<\/strong>, em uma casa no Residencial S\u00e3o Benedito, em <strong>Pontal<\/strong>.<\/p>\n<p>Segundo a den\u00fancia, Elizabete agiu com inten\u00e7\u00e3o de matar e utilizou <strong>Carbofurano<\/strong>, subst\u00e2ncia proibida no Brasil desde 2017 por sua<strong> alta toxicidade<\/strong>. A promotoria afirma que <strong>o crime teve motiva\u00e7\u00e3o financeira<\/strong> e foi cometido de forma dissimulada, impedindo qualquer rea\u00e7\u00e3o da v\u00edtima.<\/p>\n<p>Por esse motivo, Elizabete tamb\u00e9m foi questionada sobre a possibilidade de ter o <strong>h\u00e1bito de jogar ou fazer apostas<\/strong>.<mark class=\"has-inline-color\"> Ela negou e disse que nunca teve esse costume<\/mark>. \u201cNunca tive, doutor, nunca\u201d, respondeu.<\/p>\n<p>Ao falar sobre a pr\u00f3pria vida, Elizabete afirmou que, depois da separa\u00e7\u00e3o, passou a se dedicar aos filhos e ao trabalho volunt\u00e1rio. Segundo ela, chegou a recusar propostas de casamento porque preferiu manter o foco na fam\u00edlia.<\/p>\n<p>\u201cPareceu gente, queria at\u00e9 casar comigo, n\u00e3o quis, s\u00f3 me dediquei meus filhos. Somente\u201d, declarou durante o depoimento.<\/p>\n<blockquote class=\"instagram-media\" data-instgrm-permalink=\"https:\/\/www.instagram.com\/reel\/Dcynak8uIAk\/?utm_source=ig_embed&amp;utm_campaign=loading\" data-instgrm-version=\"14\">\n<div> <a href=\"https:\/\/www.instagram.com\/reel\/Dcynak8uIAk\/?utm_source=ig_embed&amp;utm_campaign=loading\" target=\"_blank\" rel=\"noopener\"> <\/p>\n<div>\n<div><\/div>\n<div>\n<div><\/div>\n<div><\/div>\n<\/div>\n<\/div>\n<div><\/div>\n<div><\/div>\n<div>\n<div>Ver essa foto no Instagram<\/div>\n<\/div>\n<div><\/div>\n<div>\n<div>\n<div><\/div>\n<div><\/div>\n<div><\/div>\n<\/div>\n<div>\n<div><\/div>\n<div><\/div>\n<\/div>\n<div>\n<div><\/div>\n<div><\/div>\n<div><\/div>\n<\/div>\n<\/div>\n<div>\n<div><\/div>\n<div><\/div>\n<\/div>\n<p><\/a><\/p>\n<p><a href=\"https:\/\/www.instagram.com\/reel\/Dcynak8uIAk\/?utm_source=ig_embed&amp;utm_campaign=loading\" target=\"_blank\" rel=\"noopener\">Um post compartilhado por acidade on Ribeir\u00e3o (@acidadeonribeirao)<\/a><\/p>\n<\/div>\n<\/blockquote>\n<h2 class=\"wp-block-heading\"><strong>O que diz a defesa?<\/strong><\/h2>\n<p>\u00a0Em entrevistas \u00e0 <strong>EPTV<\/strong>, <strong>Bruno C\u00f4rrea<\/strong>, <strong>advogado de Elizabete Arraba\u00e7a<\/strong>, afirmou que, na avalia\u00e7\u00e3o da defesa, <strong>n\u00e3o h\u00e1 provas de que ela tenha matado a filha, Nath\u00e1lia Garnica<\/strong>.<\/p>\n<p>Segundo ele, a acusa\u00e7\u00e3o tentou relacionar Elizabete a dificuldades financeiras e a um suposto v\u00edcio em jogos para apontar um poss\u00edvel interesse na heran\u00e7a da filha. <strong>A defesa, por\u00e9m, afirma que esses pontos foram desconstru\u00eddos durante as audi\u00eancias.<\/strong><\/p>\n<p>O advogado tamb\u00e9m destacou que o <strong>envenenamento de Nath\u00e1lia est\u00e1 comprovado<\/strong>, mas questionou quem foi respons\u00e1vel pelo crime.<\/p>\n<blockquote class=\"wp-block-quote is-layout-flow wp-block-quote-is-layout-flow\">\n<p>\u201cA gente tem que entender quem foi a pessoa que realmente a envenenou. (\u2026) Quem tem que fazer a prova que o fato realmente aconteceu \u00e9 o Minist\u00e9rio P\u00fablico. E, aos olhos da defesa, isso n\u00e3o foi feito nessas audi\u00eancias.\u201d<\/p>\n<\/blockquote>\n<figure class=\"wp-block-image size-large\"><img data-recalc-dims=\"1\" loading=\"lazy\" decoding=\"async\" width=\"1024\" height=\"576\" src=\"https:\/\/i0.wp.com\/www.acidadeon.com\/ribeiraopreto\/wp-content\/uploads\/sites\/3\/2026\/09\/advogado-bruno-elizabete-arrabaca-1024x576.jpg?resize=1024%2C576&#038;ssl=1\" alt=\"Advogado de Elizabete Arraba\u00e7a, Bruno C\u00f4rrea - Foto: reprodu\u00e7\u00e3o\/ EPTV.\" class=\"wp-image-173407\" title=\"&apos;Quero que essa luz me cegue&apos;, diz Elizabete Arraba\u00e7a ao negar morte da filha; V\u00cdDEO 2\"><figcaption class=\"wp-element-caption\">Advogado de Elizabete Arraba\u00e7a, Bruno C\u00f4rrea \u2013 Foto: reprodu\u00e7\u00e3o\/ EPTV.<\/figcaption><\/figure>\n<h2 class=\"wp-block-heading\"><strong>Morte de Nath\u00e1lia Garnica<\/strong><\/h2>\n<p>A investiga\u00e7\u00e3o sobre a morte de Nath\u00e1lia recome\u00e7ou em mar\u00e7o, depois que Larissa Rodrigues, nora de Elizabete, morreu envenenada em <strong>Ribeir\u00e3o Preto<\/strong>. <mark class=\"has-inline-color\">A suspeita de liga\u00e7\u00e3o entre as duas mortes levou \u00e0 exuma\u00e7\u00e3o do corpo de Nath\u00e1lia, que confirmou a presen\u00e7a do mesmo tipo de veneno.<\/mark><\/p>\n<p>O laudo toxicol\u00f3gico apontou intoxica\u00e7\u00e3o por Carbofurano em \u00f3rg\u00e3os como est\u00f4mago, f\u00edgado e pulm\u00f5es.<strong> A per\u00edcia concluiu que a morte n\u00e3o ocorreu por causas naturais, como inicialmente registrado.<\/strong><\/p>\n<p>O <strong>Minist\u00e9rio P\u00fablico<\/strong> identificou pesquisas online feitas por Elizabete um dia antes do crime com os termos <strong>\u201cveneno chumbinho\u201d<\/strong> e <strong>\u201cforma de intoxica\u00e7\u00e3o\u201d<\/strong>. O celular da acusada tamb\u00e9m revelou buscas sobre<strong> jogos de azar<\/strong> e <strong>pens\u00e3o por morte de filho,<\/strong> feitas poucos dias ap\u00f3s o falecimento da v\u00edtima.<\/p>\n<p>De acordo com o processo, Elizabete tinha d\u00edvidas altas, envolvia-se com apostas online e dependia financeiramente da filha. Testemunhas relataram que as duas mantinham uma rela\u00e7\u00e3o conflituosa por dinheiro e que a m\u00e3e desaprovava o relacionamento amoroso de Nath\u00e1lia, que pretendia se casar.<\/p>\n<figure class=\"wp-block-gallery has-nested-images columns-default is-cropped wp-block-gallery-1 is-layout-flex wp-block-gallery-is-layout-flex\">\n<figure class=\"wp-block-image size-large\"><img data-recalc-dims=\"1\" loading=\"lazy\" decoding=\"async\" width=\"1024\" height=\"614\" data-id=\"116871\" src=\"https:\/\/i0.wp.com\/www.acidadeon.com\/ribeiraopreto\/wp-content\/uploads\/sites\/3\/2025\/05\/nathalia_2025-05-16_16-00-14-1024x614.webp?resize=1024%2C614&#038;ssl=1\" alt=\"Nath\u00e1lia Garnica morreu em fevereiro deste ano ap\u00f3s sofrer um infarto (Foto: reprodu\u00e7\u00e3o\/redes sociais)\" class=\"wp-image-116871\" title=\"&apos;Quero que essa luz me cegue&apos;, diz Elizabete Arraba\u00e7a ao negar morte da filha; V\u00cdDEO 3\"><figcaption class=\"wp-element-caption\">Nath\u00e1lia Garnica morreu em fevereiro de 2025 \u2013 Foto: Reprodu\u00e7\u00e3o \/ Redes sociais<\/figcaption><\/figure>\n<figure class=\"wp-block-image size-large\"><img data-recalc-dims=\"1\" loading=\"lazy\" decoding=\"async\" width=\"1024\" height=\"576\" data-id=\"120951\" src=\"https:\/\/i0.wp.com\/www.acidadeon.com\/ribeiraopreto\/wp-content\/uploads\/sites\/3\/2025\/06\/ret_2025-06-26_17-04-24-1024x576.webp?resize=1024%2C576&#038;ssl=1\" alt=\"Elizabete Arraba\u00e7a \u00e9 suspeita de matar professora de pilates e filha - Foto Reprodu\u00e7\u00e3o\/ EPTV.\" class=\"wp-image-120951\" title=\"&apos;Quero que essa luz me cegue&apos;, diz Elizabete Arraba\u00e7a ao negar morte da filha; V\u00cdDEO 4\"><figcaption class=\"wp-element-caption\">Elizabete Arraba\u00e7a \u00e9 suspeita de matar professora de pilates e filha \u2013 Foto Reprodu\u00e7\u00e3o\/ EPTV.<\/figcaption><\/figure>\n<\/figure>\n<h2 class=\"wp-block-heading\"><strong>Caso Larissa<\/strong><\/h2>\n<p><strong>Elizabete Arraba\u00e7a <\/strong>tamb\u00e9m responde por <strong>matar a nora Larissa<\/strong>, em Ribeir\u00e3o Preto, <strong>usando o mesmo tipo de veneno.<\/strong> A investiga\u00e7\u00e3o aponta que ela descobriu uma rela\u00e7\u00e3o extraconjugal do marido e mencionou a possibilidade de separa\u00e7\u00e3o um dia antes do crime.<\/p>\n<p><strong><mark class=\"has-inline-color\">O MP acusa o m\u00e9dico Lu\u00eds Ant\u00f4nio Garnica como mentor do assassinato, enquanto sua m\u00e3e, Elizabete Arraba\u00e7a, teria executado o crime<\/mark><\/strong>. Segundo a den\u00fancia, Larissa teria sido envenenada com chumbinho a mando do marido, para evitar a divis\u00e3o de bens em caso de div\u00f3rcio.<\/p>\n<p>Ambos respondem por feminic\u00eddio, mas o julgamento ainda n\u00e3o tem data definida. Um recurso tramita no Tribunal de Justi\u00e7a de S\u00e3o Paulo. O promotor respons\u00e1vel acredita que o recurso pode ser julgado no primeiro semestre, possibilitando o j\u00fari ainda no segundo semestre de 2026.<\/p>\n<p class=\"has-text-align-center has-cyan-bluish-gray-background-color has-background\"><em>Fa\u00e7a uma den\u00fancia ou sugira uma reportagem sobre\u00a0<strong>Ribeir\u00e3o Preto\u00a0<\/strong>e regi\u00e3o por meio do WhatsApp do\u00a0<strong>acidade on Ribeir\u00e3o<\/strong>: (16) 99117-7802.<\/em><\/p>\n<\/p>\n<p>O post \u2018Quero que essa luz me cegue\u2019, diz Elizabete Arraba\u00e7a ao negar morte da filha; V\u00cdDEO apareceu primeiro em ACidade ON Ribeir\u00e3o Preto.<\/p>\n<p><script async src=\"\/\/www.instagram.com\/embed.js\"><\/script><br \/>\n<br \/><br \/>\n<br \/><a href=\"https:\/\/www.acidadeon.com\/ribeiraopreto\/cotidiano\/quero-que-essa-luz-me-cegue-diz-elizabete-arrabaca-ao-negar-morte-da-filha\/\">Link para o texto original aqui <\/a><\/p>\n<!-- CONTENT END 1 -->\n","protected":false},"excerpt":{"rendered":"<p>Acusada de matar a pr\u00f3pria filha, Nath\u00e1lia Garnica, Elizabete Arraba\u00e7a voltou a negar o crime durante a audi\u00eancia de instru\u00e7\u00e3o realizada na \u00faltima segunda-feira (31)&#8230;.<\/p>\n","protected":false},"author":1,"featured_media":90980,"comment_status":"","ping_status":"","sticky":false,"template":"","format":"standard","meta":{"advanced_seo_description":"","jetpack_seo_html_title":"","jetpack_seo_noindex":false,"jetpack_seo_schema_type":"","_jetpack_newsletter_access":"","_jetpack_dont_email_post_to_subs":false,"_jetpack_newsletter_tier_id":0,"_jetpack_memberships_contains_paywalled_content":false,"_jetpack_feature_clip_id":0,"_jetpack_memberships_contains_paid_content":false,"footnotes":"","jetpack_publicize_message":"","jetpack_publicize_feature_enabled":true,"jetpack_social_post_already_shared":true,"jetpack_social_options":{"image_generator_settings":{"template":"highway","default_image_id":0,"font":"","enabled":false},"version":2},"jetpack_post_was_ever_published":false},"categories":[11],"tags":[7376,8880,1498,6497,1670,653,1625,558,8881,3826,67],"class_list":["post-90979","post","type-post","status-publish","format-standard","has-post-thumbnail","hentry","category-noticias-de-ribeirao-preto-sp-e-regiao-ismael-colosi","tag-arrabaca","tag-cegue","tag-diz","tag-elizabete","tag-essa","tag-filha","tag-luz","tag-morte","tag-negar","tag-quero","tag-video"],"jetpack_publicize_connections":[],"jetpack-related-posts":[{"id":79080,"url":"https:\/\/noticiasribeiraopreto.com.br\/index.php\/2025\/10\/23\/caso-larissa-elizabete-arrabaca-disse-que-tomou-o-mesmo-remedio-dado-a-vitima-video\/","url_meta":{"origin":90979,"position":0},"title":"Caso Larissa: Elizabete Arraba\u00e7a disse que tomou o mesmo rem\u00e9dio dado \u00e0 v\u00edtima; V\u00eddeo","author":"noticiasribeiraopreto.com.br","date":"23 de October de 2025","format":false,"excerpt":"Elizabete Arraba\u00e7a afirmou durante depoimento, que entregou um frasco com comprimidos para dor de est\u00f4mago \u00e0 professora Larissa Rodrigues, morta em mar\u00e7o por envenenamento em Ribeir\u00e3o Preto, na noite anterior ao crime, e que tomou o mesmo rem\u00e9dio. A suspeita fez o relato durante a \u00faltima audi\u00eancia de instru\u00e7\u00e3o, realizada\u2026","rel":"","context":"In &quot;Not\u00edcias de Ribeir\u00e3o Preto-SP e Regi\u00e3o&quot;","block_context":{"text":"Not\u00edcias de Ribeir\u00e3o Preto-SP e Regi\u00e3o","link":"https:\/\/noticiasribeiraopreto.com.br\/index.php\/category\/noticias-de-ribeirao-preto-sp-e-regiao-ismael-colosi\/"},"img":{"alt_text":"","src":"https:\/\/i0.wp.com\/noticiasribeiraopreto.com.br\/wp-content\/uploads\/2025\/10\/Copia-de-Copia-de-Copia-de-TAMANHO-EXATO-PARA-FOTOS-NO-SISTEMA-NOVO-2025-10-23T164404.451_2025-10-23_19-44-10.webp.webp?fit=1200%2C675&ssl=1&resize=350%2C200","width":350,"height":200,"srcset":"https:\/\/i0.wp.com\/noticiasribeiraopreto.com.br\/wp-content\/uploads\/2025\/10\/Copia-de-Copia-de-Copia-de-TAMANHO-EXATO-PARA-FOTOS-NO-SISTEMA-NOVO-2025-10-23T164404.451_2025-10-23_19-44-10.webp.webp?fit=1200%2C675&ssl=1&resize=350%2C200 1x, https:\/\/i0.wp.com\/noticiasribeiraopreto.com.br\/wp-content\/uploads\/2025\/10\/Copia-de-Copia-de-Copia-de-TAMANHO-EXATO-PARA-FOTOS-NO-SISTEMA-NOVO-2025-10-23T164404.451_2025-10-23_19-44-10.webp.webp?fit=1200%2C675&ssl=1&resize=525%2C300 1.5x, https:\/\/i0.wp.com\/noticiasribeiraopreto.com.br\/wp-content\/uploads\/2025\/10\/Copia-de-Copia-de-Copia-de-TAMANHO-EXATO-PARA-FOTOS-NO-SISTEMA-NOVO-2025-10-23T164404.451_2025-10-23_19-44-10.webp.webp?fit=1200%2C675&ssl=1&resize=700%2C400 2x, https:\/\/i0.wp.com\/noticiasribeiraopreto.com.br\/wp-content\/uploads\/2025\/10\/Copia-de-Copia-de-Copia-de-TAMANHO-EXATO-PARA-FOTOS-NO-SISTEMA-NOVO-2025-10-23T164404.451_2025-10-23_19-44-10.webp.webp?fit=1200%2C675&ssl=1&resize=1050%2C600 3x"},"classes":[]},{"id":71293,"url":"https:\/\/noticiasribeiraopreto.com.br\/index.php\/2025\/06\/04\/caso-larissa-sem-a-menor-comprovacao-diz-promotor-sobre-carta-de-elizabete-arrabaca\/","url_meta":{"origin":90979,"position":1},"title":"Caso Larissa: \u2018Sem a menor comprova\u00e7\u00e3o\u2019, diz promotor sobre carta de Elizabete Arraba\u00e7a","author":"noticiasribeiraopreto.com.br","date":"4 de June de 2025","format":false,"excerpt":"O promotor Marcus T\u00falio Nicolino disse que a carta enviada por Elizabete Eug\u00eanio Arraba\u00e7a \u00e0 Justi\u00e7a tem o intuito de excluir a participa\u00e7\u00e3o do filho dela, o m\u00e9dico Luiz Ant\u00f4nio Garnica, na morte da professora Larissa Talle Le\u00f4ncio Rodrigues, no \u00faltimo m\u00eas de mar\u00e7o, no Jardim Bot\u00e2nico, em Ribeir\u00e3o Preto.\u2026","rel":"","context":"In &quot;Not\u00edcias de Ribeir\u00e3o Preto-SP e Regi\u00e3o&quot;","block_context":{"text":"Not\u00edcias de Ribeir\u00e3o Preto-SP e Regi\u00e3o","link":"https:\/\/noticiasribeiraopreto.com.br\/index.php\/category\/noticias-de-ribeirao-preto-sp-e-regiao-ismael-colosi\/"},"img":{"alt_text":"","src":"https:\/\/i0.wp.com\/noticiasribeiraopreto.com.br\/wp-content\/uploads\/2025\/05\/LARISSA_2025-05-05_14-47-10.webp.webp?fit=1200%2C785&ssl=1&resize=350%2C200","width":350,"height":200,"srcset":"https:\/\/i0.wp.com\/noticiasribeiraopreto.com.br\/wp-content\/uploads\/2025\/05\/LARISSA_2025-05-05_14-47-10.webp.webp?fit=1200%2C785&ssl=1&resize=350%2C200 1x, https:\/\/i0.wp.com\/noticiasribeiraopreto.com.br\/wp-content\/uploads\/2025\/05\/LARISSA_2025-05-05_14-47-10.webp.webp?fit=1200%2C785&ssl=1&resize=525%2C300 1.5x, https:\/\/i0.wp.com\/noticiasribeiraopreto.com.br\/wp-content\/uploads\/2025\/05\/LARISSA_2025-05-05_14-47-10.webp.webp?fit=1200%2C785&ssl=1&resize=700%2C400 2x, https:\/\/i0.wp.com\/noticiasribeiraopreto.com.br\/wp-content\/uploads\/2025\/05\/LARISSA_2025-05-05_14-47-10.webp.webp?fit=1200%2C785&ssl=1&resize=1050%2C600 3x"},"classes":[]},{"id":73134,"url":"https:\/\/noticiasribeiraopreto.com.br\/index.php\/2025\/06\/25\/irma-de-elizabete-arrabaca-acredita-que-poderia-ser-a-proxima-vitima-dos-crimes\/","url_meta":{"origin":90979,"position":2},"title":"Irm\u00e3 de Elizabete Arraba\u00e7a acredita que &#8216;poderia ser a pr\u00f3xima v\u00edtima&#8217; dos crimes","author":"noticiasribeiraopreto.com.br","date":"25 de June de 2025","format":false,"excerpt":"Elizabete Arraba\u00e7a, mulher investigada pela morte por envenenamento da professora Larissa Rodrigues e da filha Nathalia Garnica, foi ouvida novamente pela Pol\u00edcia Civil nesta quarta-feira (25). >>>FIQUE POR DENTRO: Confira a cobertura completa sobre o caso da professora Larissa Rodrigues A aposentada foi interrogada de forma virtual, j\u00e1 que ela\u2026","rel":"","context":"In &quot;Not\u00edcias de Ribeir\u00e3o Preto-SP e Regi\u00e3o&quot;","block_context":{"text":"Not\u00edcias de Ribeir\u00e3o Preto-SP e Regi\u00e3o","link":"https:\/\/noticiasribeiraopreto.com.br\/index.php\/category\/noticias-de-ribeirao-preto-sp-e-regiao-ismael-colosi\/"},"img":{"alt_text":"","src":"https:\/\/i0.wp.com\/noticiasribeiraopreto.com.br\/wp-content\/uploads\/2025\/06\/WhatsApp-Image-2025-05-07-at-08.08.58_2025-05-07_11-09-16.webp.webp?fit=1200%2C675&ssl=1&resize=350%2C200","width":350,"height":200,"srcset":"https:\/\/i0.wp.com\/noticiasribeiraopreto.com.br\/wp-content\/uploads\/2025\/06\/WhatsApp-Image-2025-05-07-at-08.08.58_2025-05-07_11-09-16.webp.webp?fit=1200%2C675&ssl=1&resize=350%2C200 1x, https:\/\/i0.wp.com\/noticiasribeiraopreto.com.br\/wp-content\/uploads\/2025\/06\/WhatsApp-Image-2025-05-07-at-08.08.58_2025-05-07_11-09-16.webp.webp?fit=1200%2C675&ssl=1&resize=525%2C300 1.5x, https:\/\/i0.wp.com\/noticiasribeiraopreto.com.br\/wp-content\/uploads\/2025\/06\/WhatsApp-Image-2025-05-07-at-08.08.58_2025-05-07_11-09-16.webp.webp?fit=1200%2C675&ssl=1&resize=700%2C400 2x, https:\/\/i0.wp.com\/noticiasribeiraopreto.com.br\/wp-content\/uploads\/2025\/06\/WhatsApp-Image-2025-05-07-at-08.08.58_2025-05-07_11-09-16.webp.webp?fit=1200%2C675&ssl=1&resize=1050%2C600 3x"},"classes":[]},{"id":80560,"url":"https:\/\/noticiasribeiraopreto.com.br\/index.php\/2025\/12\/06\/elizabete-arrabaca-e-indiciada-pelo-3o-crime-envolvendo-veneno-no-interior-de-sp\/","url_meta":{"origin":90979,"position":3},"title":"Elizabete Arraba\u00e7a \u00e9 indiciada pelo 3\u00ba crime envolvendo veneno no interior de SP","author":"noticiasribeiraopreto.com.br","date":"6 de December de 2025","format":false,"excerpt":"A Pol\u00edcia Civil indiciou Elizabete Arraba\u00e7a pela tentativa de homic\u00eddio de uma amiga em 2017, em Pontal, no interior de S\u00e3o Paulo. O caso se tornou o terceiro epis\u00f3dio que envolve o uso de veneno pela idosa. A investiga\u00e7\u00e3o aponta que a v\u00edtima, de 78 anos, passou cinco dias internada\u2026","rel":"","context":"In &quot;Not\u00edcias de Ribeir\u00e3o Preto-SP e Regi\u00e3o&quot;","block_context":{"text":"Not\u00edcias de Ribeir\u00e3o Preto-SP e Regi\u00e3o","link":"https:\/\/noticiasribeiraopreto.com.br\/index.php\/category\/noticias-de-ribeirao-preto-sp-e-regiao-ismael-colosi\/"},"img":{"alt_text":"","src":"https:\/\/i0.wp.com\/noticiasribeiraopreto.com.br\/wp-content\/uploads\/2025\/06\/ret_2025-06-26_17-04-24.webp.webp?fit=1200%2C675&ssl=1&resize=350%2C200","width":350,"height":200,"srcset":"https:\/\/i0.wp.com\/noticiasribeiraopreto.com.br\/wp-content\/uploads\/2025\/06\/ret_2025-06-26_17-04-24.webp.webp?fit=1200%2C675&ssl=1&resize=350%2C200 1x, https:\/\/i0.wp.com\/noticiasribeiraopreto.com.br\/wp-content\/uploads\/2025\/06\/ret_2025-06-26_17-04-24.webp.webp?fit=1200%2C675&ssl=1&resize=525%2C300 1.5x, https:\/\/i0.wp.com\/noticiasribeiraopreto.com.br\/wp-content\/uploads\/2025\/06\/ret_2025-06-26_17-04-24.webp.webp?fit=1200%2C675&ssl=1&resize=700%2C400 2x, https:\/\/i0.wp.com\/noticiasribeiraopreto.com.br\/wp-content\/uploads\/2025\/06\/ret_2025-06-26_17-04-24.webp.webp?fit=1200%2C675&ssl=1&resize=1050%2C600 3x"},"classes":[]},{"id":87330,"url":"https:\/\/noticiasribeiraopreto.com.br\/index.php\/2026\/07\/01\/justica-marca-audiencia-de-instrucao-e-julgamento-de-elizabete-arrabaca\/","url_meta":{"origin":90979,"position":4},"title":"Justi\u00e7a marca audi\u00eancia de instru\u00e7\u00e3o e julgamento de Elizabete Arraba\u00e7a","author":"noticiasribeiraopreto.com.br","date":"1 de July de 2026","format":false,"excerpt":"A Justi\u00e7a marcou para o pr\u00f3ximo dia 31 de agosto, \u00e0s 13h30, a audi\u00eancia de instru\u00e7\u00e3o, debates e julgamento de Elizabete Arraba\u00e7a, acusada pela morte da filha, Nath\u00e1lia Garnica, em Pontal, na regi\u00e3o de Ribeir\u00e3o Preto. Receba not\u00edcias do\u00a0acidade on Ribeir\u00e3o\u00a0no WhatsApp e fique por dentro de tudo! Basta acessar\u2026","rel":"","context":"In &quot;Not\u00edcias de Ribeir\u00e3o Preto-SP e Regi\u00e3o&quot;","block_context":{"text":"Not\u00edcias de Ribeir\u00e3o Preto-SP e Regi\u00e3o","link":"https:\/\/noticiasribeiraopreto.com.br\/index.php\/category\/noticias-de-ribeirao-preto-sp-e-regiao-ismael-colosi\/"},"img":{"alt_text":"","src":"https:\/\/i0.wp.com\/noticiasribeiraopreto.com.br\/wp-content\/uploads\/2025\/11\/Copia-de-Copia-de-Copia-de-TAMANHO-EXATO-PARA-FOTOS-NO-SISTEMA-NOVO-2025-11-18T205210.520_2025-11-18_23-52-19.webp.webp?fit=1200%2C675&ssl=1&resize=350%2C200","width":350,"height":200,"srcset":"https:\/\/i0.wp.com\/noticiasribeiraopreto.com.br\/wp-content\/uploads\/2025\/11\/Copia-de-Copia-de-Copia-de-TAMANHO-EXATO-PARA-FOTOS-NO-SISTEMA-NOVO-2025-11-18T205210.520_2025-11-18_23-52-19.webp.webp?fit=1200%2C675&ssl=1&resize=350%2C200 1x, https:\/\/i0.wp.com\/noticiasribeiraopreto.com.br\/wp-content\/uploads\/2025\/11\/Copia-de-Copia-de-Copia-de-TAMANHO-EXATO-PARA-FOTOS-NO-SISTEMA-NOVO-2025-11-18T205210.520_2025-11-18_23-52-19.webp.webp?fit=1200%2C675&ssl=1&resize=525%2C300 1.5x, https:\/\/i0.wp.com\/noticiasribeiraopreto.com.br\/wp-content\/uploads\/2025\/11\/Copia-de-Copia-de-Copia-de-TAMANHO-EXATO-PARA-FOTOS-NO-SISTEMA-NOVO-2025-11-18T205210.520_2025-11-18_23-52-19.webp.webp?fit=1200%2C675&ssl=1&resize=700%2C400 2x, https:\/\/i0.wp.com\/noticiasribeiraopreto.com.br\/wp-content\/uploads\/2025\/11\/Copia-de-Copia-de-Copia-de-TAMANHO-EXATO-PARA-FOTOS-NO-SISTEMA-NOVO-2025-11-18T205210.520_2025-11-18_23-52-19.webp.webp?fit=1200%2C675&ssl=1&resize=1050%2C600 3x"},"classes":[]},{"id":79344,"url":"https:\/\/noticiasribeiraopreto.com.br\/index.php\/2025\/10\/29\/mp-denuncia-elizabete-arrabaca-por-feminicidio-contra-a-propria-filha-na-regiao-de-ribeirao-preto\/","url_meta":{"origin":90979,"position":5},"title":"MP denuncia Elizabete Arraba\u00e7a por feminic\u00eddio contra a pr\u00f3pria filha na regi\u00e3o de Ribeir\u00e3o Preto","author":"noticiasribeiraopreto.com.br","date":"29 de October de 2025","format":false,"excerpt":"O Minist\u00e9rio P\u00fablico de S\u00e3o Paulo denunciou Elizabete Arraba\u00e7a por matar a pr\u00f3pria filha, Nath\u00e1lia Garnica, com veneno conhecido como chumbinho. O crime ocorreu em 9 de fevereiro de 2025, em uma casa no Residencial S\u00e3o Benedito, em Pontal, na regi\u00e3o de Ribeir\u00e3o Preto. Segundo a den\u00fancia, Elizabete agiu com\u2026","rel":"","context":"In &quot;Not\u00edcias de Ribeir\u00e3o Preto-SP e Regi\u00e3o&quot;","block_context":{"text":"Not\u00edcias de Ribeir\u00e3o Preto-SP e Regi\u00e3o","link":"https:\/\/noticiasribeiraopreto.com.br\/index.php\/category\/noticias-de-ribeirao-preto-sp-e-regiao-ismael-colosi\/"},"img":{"alt_text":"","src":"https:\/\/i0.wp.com\/noticiasribeiraopreto.com.br\/wp-content\/uploads\/2025\/06\/Copia-de-Copia-de-Copia-de-TAMANHO-EXATO-PARA-FOTOS-NO-SISTEMA-NOVO-2025-06-28T184923.591_2025-06-28_21-49-29.webp.webp?fit=1200%2C675&ssl=1&resize=350%2C200","width":350,"height":200,"srcset":"https:\/\/i0.wp.com\/noticiasribeiraopreto.com.br\/wp-content\/uploads\/2025\/06\/Copia-de-Copia-de-Copia-de-TAMANHO-EXATO-PARA-FOTOS-NO-SISTEMA-NOVO-2025-06-28T184923.591_2025-06-28_21-49-29.webp.webp?fit=1200%2C675&ssl=1&resize=350%2C200 1x, https:\/\/i0.wp.com\/noticiasribeiraopreto.com.br\/wp-content\/uploads\/2025\/06\/Copia-de-Copia-de-Copia-de-TAMANHO-EXATO-PARA-FOTOS-NO-SISTEMA-NOVO-2025-06-28T184923.591_2025-06-28_21-49-29.webp.webp?fit=1200%2C675&ssl=1&resize=525%2C300 1.5x, https:\/\/i0.wp.com\/noticiasribeiraopreto.com.br\/wp-content\/uploads\/2025\/06\/Copia-de-Copia-de-Copia-de-TAMANHO-EXATO-PARA-FOTOS-NO-SISTEMA-NOVO-2025-06-28T184923.591_2025-06-28_21-49-29.webp.webp?fit=1200%2C675&ssl=1&resize=700%2C400 2x, https:\/\/i0.wp.com\/noticiasribeiraopreto.com.br\/wp-content\/uploads\/2025\/06\/Copia-de-Copia-de-Copia-de-TAMANHO-EXATO-PARA-FOTOS-NO-SISTEMA-NOVO-2025-06-28T184923.591_2025-06-28_21-49-29.webp.webp?fit=1200%2C675&ssl=1&resize=1050%2C600 3x"},"classes":[]}],"jetpack_sharing_enabled":true,"jetpack_shortlink":"https:\/\/wp.me\/peQAOb-nFp","jetpack_featured_media_url":"https:\/\/i0.wp.com\/noticiasribeiraopreto.com.br\/wp-content\/uploads\/2026\/09\/elizabete-arrabaca-depoimento-nathalia.jpg?fit=1200%2C675&ssl=1","_links":{"self":[{"href":"https:\/\/noticiasribeiraopreto.com.br\/index.php\/wp-json\/wp\/v2\/posts\/90979","targetHints":{"allow":["GET"]}}],"collection":[{"href":"https:\/\/noticiasribeiraopreto.com.br\/index.php\/wp-json\/wp\/v2\/posts"}],"about":[{"href":"https:\/\/noticiasribeiraopreto.com.br\/index.php\/wp-json\/wp\/v2\/types\/post"}],"author":[{"embeddable":true,"href":"https:\/\/noticiasribeiraopreto.com.br\/index.php\/wp-json\/wp\/v2\/users\/1"}],"replies":[{"embeddable":true,"href":"https:\/\/noticiasribeiraopreto.com.br\/index.php\/wp-json\/wp\/v2\/comments?post=90979"}],"version-history":[{"count":0,"href":"https:\/\/noticiasribeiraopreto.com.br\/index.php\/wp-json\/wp\/v2\/posts\/90979\/revisions"}],"wp:featuredmedia":[{"embeddable":true,"href":"https:\/\/noticiasribeiraopreto.com.br\/index.php\/wp-json\/wp\/v2\/media\/90980"}],"wp:attachment":[{"href":"https:\/\/noticiasribeiraopreto.com.br\/index.php\/wp-json\/wp\/v2\/media?parent=90979"}],"wp:term":[{"taxonomy":"category","embeddable":true,"href":"https:\/\/noticiasribeiraopreto.com.br\/index.php\/wp-json\/wp\/v2\/categories?post=90979"},{"taxonomy":"post_tag","embeddable":true,"href":"https:\/\/noticiasribeiraopreto.com.br\/index.php\/wp-json\/wp\/v2\/tags?post=90979"}],"curies":[{"name":"wp","href":"https:\/\/api.w.org\/{rel}","templated":true}]}}