{"id":90981,"date":"2026-09-02T13:20:17","date_gmt":"2026-09-02T16:20:17","guid":{"rendered":"https:\/\/noticiasribeiraopreto.com.br\/index.php\/2026\/09\/02\/acai-com-chumbinho-larissa-pode-responder-em-liberdade\/"},"modified":"2026-09-02T13:20:17","modified_gmt":"2026-09-02T16:20:17","slug":"acai-com-chumbinho-larissa-pode-responder-em-liberdade","status":"publish","type":"post","link":"https:\/\/noticiasribeiraopreto.com.br\/index.php\/2026\/09\/02\/acai-com-chumbinho-larissa-pode-responder-em-liberdade\/","title":{"rendered":"A\u00e7a\u00ed com chumbinho: Larissa pode responder em liberdade"},"content":{"rendered":"<div class='code-block code-block-1' style='margin: 8px 0 8px auto; text-align: right; display: block; clear: both;'>\n<p><a href=\"https:\/\/wa.link\/vpicfd\"><img data-recalc-dims=\"1\" class=\"wp-image-4922\" style=\"aspect-ratio: 2.0253164556962027; width: 561px; height: auto;\" src=\"https:\/\/i0.wp.com\/ismaelcolosi.com.br\/wp-content\/uploads\/2023\/11\/grupo-de-empregos-whatsapp-e-facebook-ismael-colosi-vagas.jpg?ssl=1\" alt=\"\" \/><\/a><\/p>\n<!-- \/wp:image -->\n<\/div>\n<p> <br \/>\n<\/p>\n<div>\n<p>| Por: Adalberto Luque |<\/p>\n<p>Foi realizada na tarde desta ter\u00e7a-feira (1\u00ba), no F\u00f3rum de Ribeir\u00e3o Preto, a audi\u00eancia de instru\u00e7\u00e3o e julgamento de Larissa Batista de Sousa, acusada de tentar matar o namorado, Adenilson Ferreira Parente, com um copo de a\u00e7a\u00ed envenenado com chumbinho. O caso ocorreu em fevereiro deste ano.<\/p>\n<p>Pelo menos dez pessoas foram ouvidas durante a audi\u00eancia, entre elas familiares, representantes da loja onde o a\u00e7a\u00ed foi comprado, a v\u00edtima, a acusada e o delegado Fernando Bravo, respons\u00e1vel pela investiga\u00e7\u00e3o. Larissa participou da audi\u00eancia de forma virtual, diretamente da Penitenci\u00e1ria Feminina de Mogi Gua\u00e7u, onde est\u00e1 presa preventivamente desde 15 de abril.<\/p>\n<p>A audi\u00eancia foi conduzida pela ju\u00edza Carolina Moreira Gama, da 1\u00aa Vara do J\u00fari e das Execu\u00e7\u00f5es Criminais de Ribeir\u00e3o Preto, respons\u00e1vel pela an\u00e1lise da den\u00fancia apresentada pelo promotor Eliseu Jos\u00e9 Berardo Gon\u00e7alves, do Minist\u00e9rio P\u00fablico de S\u00e3o Paulo (MPSP).<\/p>\n<p>Segundo o delegado Fernando Bravo, a Pol\u00edcia Civil apresentou durante a audi\u00eancia os elementos reunidos ao longo da investiga\u00e7\u00e3o. Ele afirmou que o inqu\u00e9rito foi conclu\u00eddo e encaminhado \u00e0 Justi\u00e7a.<\/p>\n<p>\u201cN\u00f3s reportamos ali toda a investiga\u00e7\u00e3o, tudo o que aconteceu na investiga\u00e7\u00e3o. Agora n\u00f3s temos que aguardar a decis\u00e3o judicial\u201d, afirmou Bravo.<\/p>\n<p>De acordo com o delegado, as imagens das c\u00e2meras de seguran\u00e7a foram analisadas durante a investiga\u00e7\u00e3o e, segundo a apura\u00e7\u00e3o policial, descartaram a possibilidade de manipula\u00e7\u00e3o do produto dentro da loja onde o a\u00e7a\u00ed foi comprado.<\/p>\n<p>A defesa de Larissa, que nega a acusa\u00e7\u00e3o, informou ter apresentado pedido de habeas corpus para que ela possa responder ao processo em liberdade. At\u00e9 o momento, por\u00e9m, a Justi\u00e7a ainda n\u00e3o se manifestou sobre o pedido.<\/p>\n<p>Segundo a advogada, a defesa sustenta que n\u00e3o h\u00e1 risco de Larissa interferir na instru\u00e7\u00e3o do processo ou influenciar testemunhas. Ela afirmou ainda que, com o fim do inqu\u00e9rito, n\u00e3o haveria mais investiga\u00e7\u00e3o a ser prejudicada.<\/p>\n<p>A defesa tamb\u00e9m informou que Larissa e Adenilson continuam mantendo contato por meio de cartas. Segundo a advogada, a v\u00edtima n\u00e3o acredita que a namorada tenha sido respons\u00e1vel pelo envenenamento e mant\u00e9m a vers\u00e3o apresentada durante a investiga\u00e7\u00e3o.<\/p>\n<figure id=\"attachment_457622\" aria-describedby=\"caption-attachment-457622\" style=\"width: 1200px\" class=\"wp-caption alignnone\"><figcaption id=\"caption-attachment-457622\" class=\"wp-caption-text\">Laudo do IC constatou presen\u00e7a de \u201cchumbinho\u201d em copo de a\u00e7a\u00ed (Foto: Reprodu\u00e7\u00e3o)<\/figcaption><\/figure>\n<p>Adenilson chegou ao F\u00f3rum de Ribeir\u00e3o Preto antes do in\u00edcio da audi\u00eancia, mas n\u00e3o quis falar com a imprensa. \u201cPrefiro n\u00e3o falar, n\u00e3o\u201d, disse.<\/p>\n<p>O irm\u00e3o da v\u00edtima, Aleilson Parente, tamb\u00e9m acompanhou a audi\u00eancia. Ele afirmou esperar que o caso seja esclarecido e que, se Larissa tiver cometido o crime, se arrependa.<\/p>\n<p>\u201cEspero que, se realmente ela tiver feito isso, que ela se arrependa. Se ela realmente fez isso, torno a repetir, ela se arrependa e n\u00e3o fa\u00e7a mais isso com ningu\u00e9m\u201d, afirmou.<\/p>\n<p>Aleilson tamb\u00e9m pediu desculpas aos respons\u00e1veis pela empresa onde o a\u00e7a\u00ed foi comprado, que, segundo ele, foram inocentados durante a apura\u00e7\u00e3o. \u201cEm nome da fam\u00edlia, eu pe\u00e7o perd\u00e3o para eles, porque foi uma empresa que tamb\u00e9m sofre as consequ\u00eancias sem merecer\u201d, disse.<\/p>\n<figure id=\"attachment_473614\" aria-describedby=\"caption-attachment-473614\" style=\"width: 1200px\" class=\"wp-caption alignnone\"><img data-recalc-dims=\"1\" loading=\"lazy\" decoding=\"async\" class=\"size-full wp-image-473614 lazyload\" src=\"https:\/\/i0.wp.com\/www.tribunaribeirao.com.br\/wp-content\/uploads\/2026\/08\/13-ago-2026-fernandobravodelegado-scaled.jpg?resize=1200%2C800&#038;ssl=1\" alt=\"\" width=\"1200\" height=\"800\" srcset=\"https:\/\/www.tribunaribeirao.com.br\/wp-content\/uploads\/2026\/08\/13-ago-2026-fernandobravodelegado-scaled.jpg 1200w, https:\/\/www.tribunaribeirao.com.br\/wp-content\/uploads\/2026\/08\/13-ago-2026-fernandobravodelegado-300x200.jpg 300w, https:\/\/www.tribunaribeirao.com.br\/wp-content\/uploads\/2026\/08\/13-ago-2026-fernandobravodelegado-1024x683.jpg 1024w, https:\/\/www.tribunaribeirao.com.br\/wp-content\/uploads\/2026\/08\/13-ago-2026-fernandobravodelegado-768x512.jpg 768w, https:\/\/www.tribunaribeirao.com.br\/wp-content\/uploads\/2026\/08\/13-ago-2026-fernandobravodelegado-1536x1024.jpg 1536w, https:\/\/www.tribunaribeirao.com.br\/wp-content\/uploads\/2026\/08\/13-ago-2026-fernandobravodelegado-480x320.jpg 480w, https:\/\/www.tribunaribeirao.com.br\/wp-content\/uploads\/2026\/08\/13-ago-2026-fernandobravodelegado-280x186.jpg 280w, https:\/\/www.tribunaribeirao.com.br\/wp-content\/uploads\/2026\/08\/13-ago-2026-fernandobravodelegado-960x640.jpg 960w, https:\/\/www.tribunaribeirao.com.br\/wp-content\/uploads\/2026\/08\/13-ago-2026-fernandobravodelegado-600x400.jpg 600w, https:\/\/www.tribunaribeirao.com.br\/wp-content\/uploads\/2026\/08\/13-ago-2026-fernandobravodelegado-585x390.jpg 585w\" data-sizes=\"(max-width: 1200px) 100vw, 1200px\" style=\"--smush-placeholder-width: 1200px; --smush-placeholder-aspect-ratio: 1200\/800;\"\/><figcaption id=\"caption-attachment-473614\" class=\"wp-caption-text\">Bravo, respons\u00e1vel pela investiga\u00e7\u00e3o que concluiu pela acusa\u00e7\u00e3o de Larissa, tamb\u00e9m foi ouvido pela ju\u00edza do caso (Foto: Alfredo Risk)<\/figcaption><\/figure>\n<p>Larissa foi denunciada pelo MPSP por tentativa de homic\u00eddio qualificado por meio cruel, uso de veneno e recurso que teria dificultado a defesa da v\u00edtima. O processo tem tramita\u00e7\u00e3o priorit\u00e1ria no Tribunal de Justi\u00e7a de S\u00e3o Paulo (TJSP).<\/p>\n<p><strong>Relembre o caso<\/strong><\/p>\n<p>O caso ocorreu em 5 de fevereiro, quando Adenilson consumiu um copo de a\u00e7a\u00ed contaminado com chumbinho e precisou ser internado em estado grave. Ele permaneceu alguns dias em uma Unidade de Terapia Intensiva (UTI), mas sobreviveu.<\/p>\n<p>Durante a investiga\u00e7\u00e3o, Adenilson afirmou acreditar na inoc\u00eancia da namorada. A Pol\u00edcia Civil apurou as circunst\u00e2ncias do envenenamento e analisou imagens de c\u00e2meras de seguran\u00e7a relacionadas \u00e0 compra do produto.<\/p>\n<p>Larissa foi presa preventivamente em 15 de abril e permanece na Penitenci\u00e1ria Feminina de Mogi Gua\u00e7u. A defesa agora aguarda uma decis\u00e3o da Justi\u00e7a sobre o pedido para que ela responda ao processo em liberdade.<\/p>\n<div style=\"background-color: #f4f4f5; border: 1px solid #d4d4d8; padding: 15px; margin: 20px 0; border-radius: 6px; font-family: sans-serif; line-height: 1.5;\">\n    <span style=\"color: #27272a;\">Inscreva-se em nosso Canal no Whatsapp e fique por dentro de tudo que acontece na regi\u00e3o. <\/span><br \/>\n    <a href=\"https:\/\/whatsapp.com\/channel\/0029VanuE2o7z4kYjo0XVS3u\" target=\"_blank\" rel=\"noopener noreferrer\" style=\"color: #16a34a; font-weight: bold; text-decoration: underline;\">Clique Aqui!<\/a>\n<\/div>\n<\/div>\n<p><br \/>\n<br \/><a href=\"https:\/\/www.tribunaribeirao.com.br\/acai-com-chumbinho-larissa-pode-responder-em-liberdade\/\">Texto original daqui <\/a><\/p>\n<!-- CONTENT END 1 -->\n","protected":false},"excerpt":{"rendered":"<p>| Por: Adalberto Luque | Foi realizada na tarde desta ter\u00e7a-feira (1\u00ba), no F\u00f3rum de Ribeir\u00e3o Preto, a audi\u00eancia de instru\u00e7\u00e3o e julgamento de Larissa&#8230;<\/p>\n","protected":false},"author":1,"featured_media":90982,"comment_status":"","ping_status":"","sticky":false,"template":"","format":"standard","meta":{"advanced_seo_description":"","jetpack_seo_html_title":"","jetpack_seo_noindex":false,"jetpack_seo_schema_type":"","_jetpack_newsletter_access":"","_jetpack_dont_email_post_to_subs":false,"_jetpack_newsletter_tier_id":0,"_jetpack_memberships_contains_paywalled_content":false,"_jetpack_feature_clip_id":0,"_jetpack_memberships_contains_paid_content":false,"footnotes":"","jetpack_publicize_message":"","jetpack_publicize_feature_enabled":true,"jetpack_social_post_already_shared":true,"jetpack_social_options":{"image_generator_settings":{"template":"highway","default_image_id":0,"font":"","enabled":false},"version":2},"jetpack_post_was_ever_published":false},"categories":[11],"tags":[7429,7428,8754,5150,217,7880],"class_list":["post-90981","post","type-post","status-publish","format-standard","has-post-thumbnail","hentry","category-noticias-de-ribeirao-preto-sp-e-regiao-ismael-colosi","tag-acai","tag-chumbinho","tag-larissa","tag-liberdade","tag-pode","tag-responder"],"jetpack_publicize_connections":[],"jetpack-related-posts":[{"id":87430,"url":"https:\/\/noticiasribeiraopreto.com.br\/index.php\/2026\/07\/03\/chumbinho-no-acai-marcada-audiencia-de-julgamento\/","url_meta":{"origin":90981,"position":0},"title":"Chumbinho no A\u00e7a\u00ed: marcada audi\u00eancia de julgamento","author":"noticiasribeiraopreto.com.br","date":"3 de July de 2026","format":false,"excerpt":"Por: Adalberto Luque A Justi\u00e7a definiu a data da audi\u00eancia de instru\u00e7\u00e3o do caso que apura uma tentativa de homic\u00eddio por envenenamento, com um copo de a\u00e7a\u00ed contendo chumbinho. A sess\u00e3o ser\u00e1 realizada no dia 1\u00ba de setembro, a partir das 14h30, no F\u00f3rum de Ribeir\u00e3o Preto. A ju\u00edza respons\u00e1vel\u2026","rel":"","context":"In &quot;Not\u00edcias de Ribeir\u00e3o Preto-SP e Regi\u00e3o&quot;","block_context":{"text":"Not\u00edcias de Ribeir\u00e3o Preto-SP e Regi\u00e3o","link":"https:\/\/noticiasribeiraopreto.com.br\/index.php\/category\/noticias-de-ribeirao-preto-sp-e-regiao-ismael-colosi\/"},"img":{"alt_text":"","src":"https:\/\/i0.wp.com\/noticiasribeiraopreto.com.br\/wp-content\/uploads\/2026\/07\/15-abr-2026-acaicomchumbinho4-scaled.jpg?fit=1170%2C780&ssl=1&resize=350%2C200","width":350,"height":200,"srcset":"https:\/\/i0.wp.com\/noticiasribeiraopreto.com.br\/wp-content\/uploads\/2026\/07\/15-abr-2026-acaicomchumbinho4-scaled.jpg?fit=1170%2C780&ssl=1&resize=350%2C200 1x, https:\/\/i0.wp.com\/noticiasribeiraopreto.com.br\/wp-content\/uploads\/2026\/07\/15-abr-2026-acaicomchumbinho4-scaled.jpg?fit=1170%2C780&ssl=1&resize=525%2C300 1.5x, https:\/\/i0.wp.com\/noticiasribeiraopreto.com.br\/wp-content\/uploads\/2026\/07\/15-abr-2026-acaicomchumbinho4-scaled.jpg?fit=1170%2C780&ssl=1&resize=700%2C400 2x, https:\/\/i0.wp.com\/noticiasribeiraopreto.com.br\/wp-content\/uploads\/2026\/07\/15-abr-2026-acaicomchumbinho4-scaled.jpg?fit=1170%2C780&ssl=1&resize=1050%2C600 3x"},"classes":[]},{"id":90963,"url":"https:\/\/noticiasribeiraopreto.com.br\/index.php\/2026\/09\/02\/justica-ouve-testemunhas-em-caso-de-acai-envenenado-em-ribeirao-preto\/","url_meta":{"origin":90981,"position":1},"title":"Justi\u00e7a ouve testemunhas em caso de a\u00e7a\u00ed envenenado em Ribeir\u00e3o Preto","author":"noticiasribeiraopreto.com.br","date":"2 de September de 2026","format":false,"excerpt":"A Justi\u00e7a deu in\u00edcio nesta ter\u00e7a-feira (1\u00ba) as audi\u00eancias de instru\u00e7\u00e3o do processo contra Larissa de Souza Batista, acusada pelo Minist\u00e9rio P\u00fablico de tentar matar o namorado, Adenilson Ferreira Parente, ap\u00f3s ele passar mal ao consumir um a\u00e7a\u00ed com chumbinho em Ribeir\u00e3o Preto. De acordo com as informa\u00e7\u00f5es da EPTV,\u2026","rel":"","context":"In &quot;Not\u00edcias de Ribeir\u00e3o Preto-SP e Regi\u00e3o&quot;","block_context":{"text":"Not\u00edcias de Ribeir\u00e3o Preto-SP e Regi\u00e3o","link":"https:\/\/noticiasribeiraopreto.com.br\/index.php\/category\/noticias-de-ribeirao-preto-sp-e-regiao-ismael-colosi\/"},"img":{"alt_text":"","src":"https:\/\/i0.wp.com\/noticiasribeiraopreto.com.br\/wp-content\/uploads\/2026\/09\/acai-envenenado-ribeirao-preto-1.jpg?fit=1200%2C675&ssl=1&resize=350%2C200","width":350,"height":200,"srcset":"https:\/\/i0.wp.com\/noticiasribeiraopreto.com.br\/wp-content\/uploads\/2026\/09\/acai-envenenado-ribeirao-preto-1.jpg?fit=1200%2C675&ssl=1&resize=350%2C200 1x, https:\/\/i0.wp.com\/noticiasribeiraopreto.com.br\/wp-content\/uploads\/2026\/09\/acai-envenenado-ribeirao-preto-1.jpg?fit=1200%2C675&ssl=1&resize=525%2C300 1.5x, https:\/\/i0.wp.com\/noticiasribeiraopreto.com.br\/wp-content\/uploads\/2026\/09\/acai-envenenado-ribeirao-preto-1.jpg?fit=1200%2C675&ssl=1&resize=700%2C400 2x, https:\/\/i0.wp.com\/noticiasribeiraopreto.com.br\/wp-content\/uploads\/2026\/09\/acai-envenenado-ribeirao-preto-1.jpg?fit=1200%2C675&ssl=1&resize=1050%2C600 3x"},"classes":[]},{"id":84677,"url":"https:\/\/noticiasribeiraopreto.com.br\/index.php\/2026\/04\/14\/video-caso-acai-larissa-e-considerada-foragida\/","url_meta":{"origin":90981,"position":2},"title":"V\u00cdDEO &#8211; Caso A\u00e7a\u00ed: Larissa \u00e9 considerada foragida","author":"noticiasribeiraopreto.com.br","date":"14 de April de 2026","format":false,"excerpt":"| Por: Adalberto Luque | O delegado Fernando Bravo, da Delegacia de Homic\u00eddios da Divis\u00e3o Especializada de Investiga\u00e7\u00f5es Criminais (DEIC) disse, na manh\u00e3 desta ter\u00e7a-feira (14), que Larissa Batista de Sousa \u00e9 considerada foragida pela Pol\u00edcia Civil. A mulher foi acusada pela tentativa de homic\u00eddio contra seu am\u00e1sio, Adenilson Ferreira\u2026","rel":"","context":"In &quot;Not\u00edcias de Ribeir\u00e3o Preto-SP e Regi\u00e3o&quot;","block_context":{"text":"Not\u00edcias de Ribeir\u00e3o Preto-SP e Regi\u00e3o","link":"https:\/\/noticiasribeiraopreto.com.br\/index.php\/category\/noticias-de-ribeirao-preto-sp-e-regiao-ismael-colosi\/"},"img":{"alt_text":"","src":"https:\/\/i0.wp.com\/noticiasribeiraopreto.com.br\/wp-content\/uploads\/2026\/04\/14-mar-2026-acaichumbinho1.jpg?fit=876%2C780&ssl=1&resize=350%2C200","width":350,"height":200,"srcset":"https:\/\/i0.wp.com\/noticiasribeiraopreto.com.br\/wp-content\/uploads\/2026\/04\/14-mar-2026-acaichumbinho1.jpg?fit=876%2C780&ssl=1&resize=350%2C200 1x, https:\/\/i0.wp.com\/noticiasribeiraopreto.com.br\/wp-content\/uploads\/2026\/04\/14-mar-2026-acaichumbinho1.jpg?fit=876%2C780&ssl=1&resize=525%2C300 1.5x, https:\/\/i0.wp.com\/noticiasribeiraopreto.com.br\/wp-content\/uploads\/2026\/04\/14-mar-2026-acaichumbinho1.jpg?fit=876%2C780&ssl=1&resize=700%2C400 2x"},"classes":[]},{"id":84743,"url":"https:\/\/noticiasribeiraopreto.com.br\/index.php\/2026\/04\/15\/caso-acai-com-chumbinho-larissa-e-presa\/","url_meta":{"origin":90981,"position":3},"title":"Caso A\u00e7a\u00ed com Chumbinho: Larissa \u00e9 presa","author":"noticiasribeiraopreto.com.br","date":"15 de April de 2026","format":false,"excerpt":"| Por: Adalberto Luque | A principal suspeita da tentativa de homic\u00eddio contra Adenilson Ferreira Parente, de 27 anos, foi presa na manh\u00e3 desta quarta-feira (15). Larissa Batista de Sousa, de 26 anos, foi presa pela equipe da Delegacia de Homic\u00eddios da Divis\u00e3o Especializada de Investiga\u00e7\u00f5es Criminais (DEIC). O mandado\u2026","rel":"","context":"In &quot;Not\u00edcias de Ribeir\u00e3o Preto-SP e Regi\u00e3o&quot;","block_context":{"text":"Not\u00edcias de Ribeir\u00e3o Preto-SP e Regi\u00e3o","link":"https:\/\/noticiasribeiraopreto.com.br\/index.php\/category\/noticias-de-ribeirao-preto-sp-e-regiao-ismael-colosi\/"},"img":{"alt_text":"","src":"https:\/\/i0.wp.com\/noticiasribeiraopreto.com.br\/wp-content\/uploads\/2026\/04\/14-mar-2026-acaichumbinho3.jpg?fit=1200%2C773&ssl=1&resize=350%2C200","width":350,"height":200,"srcset":"https:\/\/i0.wp.com\/noticiasribeiraopreto.com.br\/wp-content\/uploads\/2026\/04\/14-mar-2026-acaichumbinho3.jpg?fit=1200%2C773&ssl=1&resize=350%2C200 1x, https:\/\/i0.wp.com\/noticiasribeiraopreto.com.br\/wp-content\/uploads\/2026\/04\/14-mar-2026-acaichumbinho3.jpg?fit=1200%2C773&ssl=1&resize=525%2C300 1.5x, https:\/\/i0.wp.com\/noticiasribeiraopreto.com.br\/wp-content\/uploads\/2026\/04\/14-mar-2026-acaichumbinho3.jpg?fit=1200%2C773&ssl=1&resize=700%2C400 2x, https:\/\/i0.wp.com\/noticiasribeiraopreto.com.br\/wp-content\/uploads\/2026\/04\/14-mar-2026-acaichumbinho3.jpg?fit=1200%2C773&ssl=1&resize=1050%2C600 3x"},"classes":[]},{"id":83710,"url":"https:\/\/noticiasribeiraopreto.com.br\/index.php\/2026\/03\/24\/chumbinho-no-acai-namorada-e-indiciada-por-envenenamento\/","url_meta":{"origin":90981,"position":4},"title":"&#8220;Chumbinho&#8221; no a\u00e7a\u00ed: namorada \u00e9 indiciada por envenenamento","author":"noticiasribeiraopreto.com.br","date":"24 de March de 2026","format":false,"excerpt":"Por: Adalberto Luque A Pol\u00edcia Civil indiciou Larissa Batista de Sousa por tentativa de homic\u00eddio qualificado por envenenamento. A jovem \u00e9 namorada de Adenilson Ferreira Parente, de 27 anos, que passou mal e chegou a ser internado na Unidade de Terapia Intensiva (UTI) do Hospital das Cl\u00ednicas \u2013 Unidade de\u2026","rel":"","context":"In &quot;Not\u00edcias de Ribeir\u00e3o Preto-SP e Regi\u00e3o&quot;","block_context":{"text":"Not\u00edcias de Ribeir\u00e3o Preto-SP e Regi\u00e3o","link":"https:\/\/noticiasribeiraopreto.com.br\/index.php\/category\/noticias-de-ribeirao-preto-sp-e-regiao-ismael-colosi\/"},"img":{"alt_text":"","src":"https:\/\/i0.wp.com\/noticiasribeiraopreto.com.br\/wp-content\/uploads\/2026\/03\/1774361054_17-mar-2026-acai2-1-scaled.jpg?fit=1200%2C773&ssl=1&resize=350%2C200","width":350,"height":200,"srcset":"https:\/\/i0.wp.com\/noticiasribeiraopreto.com.br\/wp-content\/uploads\/2026\/03\/1774361054_17-mar-2026-acai2-1-scaled.jpg?fit=1200%2C773&ssl=1&resize=350%2C200 1x, https:\/\/i0.wp.com\/noticiasribeiraopreto.com.br\/wp-content\/uploads\/2026\/03\/1774361054_17-mar-2026-acai2-1-scaled.jpg?fit=1200%2C773&ssl=1&resize=525%2C300 1.5x, https:\/\/i0.wp.com\/noticiasribeiraopreto.com.br\/wp-content\/uploads\/2026\/03\/1774361054_17-mar-2026-acai2-1-scaled.jpg?fit=1200%2C773&ssl=1&resize=700%2C400 2x, https:\/\/i0.wp.com\/noticiasribeiraopreto.com.br\/wp-content\/uploads\/2026\/03\/1774361054_17-mar-2026-acai2-1-scaled.jpg?fit=1200%2C773&ssl=1&resize=1050%2C600 3x"},"classes":[]},{"id":83442,"url":"https:\/\/noticiasribeiraopreto.com.br\/index.php\/2026\/03\/18\/chumbinho-no-copo-de-acai-entenda-o-que-e-o-produto-identificado-pela-policia-de-ribeirao\/","url_meta":{"origin":90981,"position":5},"title":"Chumbinho no copo de a\u00e7a\u00ed: entenda o que \u00e9 o produto identificado pela pol\u00edcia de Ribeir\u00e3o","author":"noticiasribeiraopreto.com.br","date":"18 de March de 2026","format":false,"excerpt":"A Pol\u00edcia de Ribeir\u00e3o Preto quer saber quem colocou chumbinho em um copo de a\u00e7a\u00ed que deixou um jovem em estado grave. A v\u00edtima, Adenilson Ferreira Parente, chegou a ser internada em estado grave no HC-UE (Hospital das Cl\u00ednicas \u2013 Unidade de Emerg\u00eancia). No in\u00edcio desta semana, um laudo da\u2026","rel":"","context":"In &quot;Not\u00edcias de Ribeir\u00e3o Preto-SP e Regi\u00e3o&quot;","block_context":{"text":"Not\u00edcias de Ribeir\u00e3o Preto-SP e Regi\u00e3o","link":"https:\/\/noticiasribeiraopreto.com.br\/index.php\/category\/noticias-de-ribeirao-preto-sp-e-regiao-ismael-colosi\/"},"img":{"alt_text":"","src":"https:\/\/i0.wp.com\/noticiasribeiraopreto.com.br\/wp-content\/uploads\/2026\/03\/CHUMBINHO-COPO-ACAI_2026-03-18_18-13-30.webp.webp?fit=1200%2C748&ssl=1&resize=350%2C200","width":350,"height":200,"srcset":"https:\/\/i0.wp.com\/noticiasribeiraopreto.com.br\/wp-content\/uploads\/2026\/03\/CHUMBINHO-COPO-ACAI_2026-03-18_18-13-30.webp.webp?fit=1200%2C748&ssl=1&resize=350%2C200 1x, https:\/\/i0.wp.com\/noticiasribeiraopreto.com.br\/wp-content\/uploads\/2026\/03\/CHUMBINHO-COPO-ACAI_2026-03-18_18-13-30.webp.webp?fit=1200%2C748&ssl=1&resize=525%2C300 1.5x, https:\/\/i0.wp.com\/noticiasribeiraopreto.com.br\/wp-content\/uploads\/2026\/03\/CHUMBINHO-COPO-ACAI_2026-03-18_18-13-30.webp.webp?fit=1200%2C748&ssl=1&resize=700%2C400 2x, https:\/\/i0.wp.com\/noticiasribeiraopreto.com.br\/wp-content\/uploads\/2026\/03\/CHUMBINHO-COPO-ACAI_2026-03-18_18-13-30.webp.webp?fit=1200%2C748&ssl=1&resize=1050%2C600 3x"},"classes":[]}],"jetpack_sharing_enabled":true,"jetpack_shortlink":"https:\/\/wp.me\/peQAOb-nFr","jetpack_featured_media_url":"https:\/\/i0.wp.com\/noticiasribeiraopreto.com.br\/wp-content\/uploads\/2026\/09\/15-abr-2026-acaicomchumbinho4-scaled.jpg?fit=1170%2C780&ssl=1","_links":{"self":[{"href":"https:\/\/noticiasribeiraopreto.com.br\/index.php\/wp-json\/wp\/v2\/posts\/90981","targetHints":{"allow":["GET"]}}],"collection":[{"href":"https:\/\/noticiasribeiraopreto.com.br\/index.php\/wp-json\/wp\/v2\/posts"}],"about":[{"href":"https:\/\/noticiasribeiraopreto.com.br\/index.php\/wp-json\/wp\/v2\/types\/post"}],"author":[{"embeddable":true,"href":"https:\/\/noticiasribeiraopreto.com.br\/index.php\/wp-json\/wp\/v2\/users\/1"}],"replies":[{"embeddable":true,"href":"https:\/\/noticiasribeiraopreto.com.br\/index.php\/wp-json\/wp\/v2\/comments?post=90981"}],"version-history":[{"count":0,"href":"https:\/\/noticiasribeiraopreto.com.br\/index.php\/wp-json\/wp\/v2\/posts\/90981\/revisions"}],"wp:featuredmedia":[{"embeddable":true,"href":"https:\/\/noticiasribeiraopreto.com.br\/index.php\/wp-json\/wp\/v2\/media\/90982"}],"wp:attachment":[{"href":"https:\/\/noticiasribeiraopreto.com.br\/index.php\/wp-json\/wp\/v2\/media?parent=90981"}],"wp:term":[{"taxonomy":"category","embeddable":true,"href":"https:\/\/noticiasribeiraopreto.com.br\/index.php\/wp-json\/wp\/v2\/categories?post=90981"},{"taxonomy":"post_tag","embeddable":true,"href":"https:\/\/noticiasribeiraopreto.com.br\/index.php\/wp-json\/wp\/v2\/tags?post=90981"}],"curies":[{"name":"wp","href":"https:\/\/api.w.org\/{rel}","templated":true}]}}