{"id":90983,"date":"2026-09-02T13:48:11","date_gmt":"2026-09-02T16:48:11","guid":{"rendered":"https:\/\/noticiasribeiraopreto.com.br\/index.php\/2026\/09\/02\/festa-peao-barretos-1-milhao-visitas-atrai-publico-metade-brasil\/"},"modified":"2026-09-02T13:48:11","modified_gmt":"2026-09-02T16:48:11","slug":"festa-peao-barretos-1-milhao-visitas-atrai-publico-metade-brasil","status":"publish","type":"post","link":"https:\/\/noticiasribeiraopreto.com.br\/index.php\/2026\/09\/02\/festa-peao-barretos-1-milhao-visitas-atrai-publico-metade-brasil\/","title":{"rendered":"Festa do Pe\u00e3o de Barretos bate 1 milh\u00e3o de visitas e atrai p\u00fablico de mais da metade do Brasil"},"content":{"rendered":"<div class='code-block code-block-1' style='margin: 8px 0 8px auto; text-align: right; display: block; clear: both;'>\n<p><a href=\"https:\/\/wa.link\/vpicfd\"><img data-recalc-dims=\"1\" class=\"wp-image-4922\" style=\"aspect-ratio: 2.0253164556962027; width: 561px; height: auto;\" src=\"https:\/\/i0.wp.com\/ismaelcolosi.com.br\/wp-content\/uploads\/2023\/11\/grupo-de-empregos-whatsapp-e-facebook-ismael-colosi-vagas.jpg?ssl=1\" alt=\"\" \/><\/a><\/p>\n<!-- \/wp:image -->\n<\/div>\n<p> <br \/>\n<\/p>\n<p>A <strong>71\u00aa edi\u00e7\u00e3o da Festa do Pe\u00e3o de Barretos<\/strong>, que terminou no \u00faltimo domingo (30), recebeu mais de 1 milh\u00e3o de visitas no <strong>Parque do Pe\u00e3o <\/strong>ao longo dos 11 dias de evento. As vendas de ingressos chegaram a compradores de 2.938 munic\u00edpios brasileiros, o equivalente a 51,3% das 5.569 cidades do pa\u00eds.<\/p>\n<p class=\"has-cyan-bluish-gray-background-color has-background\"><em>Receba not\u00edcias do\u00a0<strong>acidade on Ribeir\u00e3o\u00a0<\/strong>no WhatsApp e fique por dentro de tudo! Basta acessar o link<a href=\"https:\/\/chat.whatsapp.com\/DfXwcjKVIddHUT3BvnQuPZ?mode=hqctshi\" target=\"_blank\" rel=\"noreferrer noopener\">\u00a0aqui<\/a>!<\/em><\/p>\n<p>Em S\u00e3o Paulo, o alcance chegou a quase todo o Estado. Dos 645 munic\u00edpios paulistas, 638 tiveram registro de compra de ingressos. No Rio de Janeiro, o \u00edndice chegou a 98% dos munic\u00edpios e, no Esp\u00edrito Santo, a 94%.<\/p>\n<p>Outras regi\u00f5es brasileiras tamb\u00e9m se destacaram na compra de ingressos. No Centro-Oeste, Mato Grosso do Sul teve registros em 86% dos munic\u00edpios, seguido por Goi\u00e1s (75%) e Mato Grosso (74%). No Sul, os \u00edndices chegaram a 78% no Paran\u00e1, 66% em Santa Catarina e 42% no Rio Grande do Sul. No Norte, Rond\u00f4nia alcan\u00e7ou 42%, o Par\u00e1, 37%, e Tocantins, 19%. J\u00e1 no Nordeste, Sergipe registrou 27%, enquanto Bahia e Pernambuco chegaram a 24% cada.<\/p>\n<figure class=\"wp-block-gallery has-nested-images columns-default is-cropped wp-block-gallery-1 is-layout-flex wp-block-gallery-is-layout-flex\">\n<figure class=\"wp-block-image size-large\"><figcaption class=\"wp-element-caption\">Chit\u00e3ozinho &amp; Xoror\u00f3 s\u00e3o anunciados embaixadores da Festa do Pe\u00e3o de Barretos 2027 \u2013 Foto: Jo\u00e3o Pedro Martins.<\/figcaption><\/figure>\n<figure class=\"wp-block-image size-large\"><img data-recalc-dims=\"1\" loading=\"lazy\" decoding=\"async\" width=\"1024\" height=\"682\" data-id=\"172839\" src=\"https:\/\/i0.wp.com\/www.acidadeon.com\/ribeiraopreto\/wp-content\/uploads\/sites\/3\/2026\/08\/festa-peao-barretos-22-1024x682.jpeg?resize=1024%2C682&#038;ssl=1\" alt=\"festa do pe\u00e3o de barretos\" class=\"wp-image-172839\" title=\"Festa do Pe\u00e3o de Barretos bate 1 milh\u00e3o de visitas e atrai p\u00fablico de mais da metade do Brasil 2\"><figcaption class=\"wp-element-caption\">Luana Andrade terminou a semifinal na lideran\u00e7a da categoria 1D (Cr\u00e9dito: Celeste Oliveira)<\/figcaption><\/figure>\n<figure class=\"wp-block-image size-large\"><img data-recalc-dims=\"1\" loading=\"lazy\" decoding=\"async\" width=\"1024\" height=\"682\" data-id=\"172841\" src=\"https:\/\/i0.wp.com\/www.acidadeon.com\/ribeiraopreto\/wp-content\/uploads\/sites\/3\/2026\/08\/festa-peao-barretos-20-1024x682.jpeg?resize=1024%2C682&#038;ssl=1\" alt=\"festa do pe\u00e3o de barretos\" class=\"wp-image-172841\" title=\"Festa do Pe\u00e3o de Barretos bate 1 milh\u00e3o de visitas e atrai p\u00fablico de mais da metade do Brasil 3\"><figcaption class=\"wp-element-caption\">Legenda: Zez\u00e9 Di Camargo &amp; Luciano homenagearam Jeronimo Muzeti durante a apresenta\u00e7\u00e3o (Foto: Denilson Santos)<\/figcaption><\/figure>\n<figure class=\"wp-block-image size-large\"><img data-recalc-dims=\"1\" loading=\"lazy\" decoding=\"async\" width=\"1024\" height=\"682\" data-id=\"172840\" src=\"https:\/\/i0.wp.com\/www.acidadeon.com\/ribeiraopreto\/wp-content\/uploads\/sites\/3\/2026\/08\/festa-peao-barretos-23-1024x682.jpeg?resize=1024%2C682&#038;ssl=1\" alt=\"festa do pe\u00e3o de barretos\" class=\"wp-image-172840\" title=\"Festa do Pe\u00e3o de Barretos bate 1 milh\u00e3o de visitas e atrai p\u00fablico de mais da metade do Brasil 4\"><figcaption class=\"wp-element-caption\">Maria Luiza Cotrim Cruvinel, da categoria 2D dos Tr\u00eas Tambores (Cr\u00e9dito: Celeste Oliveira)<\/figcaption><\/figure>\n<figure class=\"wp-block-image size-large\"><img data-recalc-dims=\"1\" loading=\"lazy\" decoding=\"async\" width=\"1024\" height=\"682\" data-id=\"172837\" src=\"https:\/\/i0.wp.com\/www.acidadeon.com\/ribeiraopreto\/wp-content\/uploads\/sites\/3\/2026\/08\/festa-peao-barretos-19-1024x682.jpeg?resize=1024%2C682&#038;ssl=1\" alt=\"festa do pe\u00e3o de barretos\" class=\"wp-image-172837\" title=\"Festa do Pe\u00e3o de Barretos bate 1 milh\u00e3o de visitas e atrai p\u00fablico de mais da metade do Brasil 5\"><figcaption class=\"wp-element-caption\">A cantora Paula Fernandes ganhou bolo no palco para celebrar seu anivers\u00e1rio em Barretos (Foto: Alisson Dem\u00e9trio)<\/figcaption><\/figure>\n<figure class=\"wp-block-image size-large\"><img data-recalc-dims=\"1\" loading=\"lazy\" decoding=\"async\" width=\"1024\" height=\"684\" data-id=\"172836\" src=\"https:\/\/i0.wp.com\/www.acidadeon.com\/ribeiraopreto\/wp-content\/uploads\/sites\/3\/2026\/08\/festa-peao-barretos-18-1024x684.jpeg?resize=1024%2C684&#038;ssl=1\" alt=\"festa do pe\u00e3o de barretos\" class=\"wp-image-172836\" title=\"Festa do Pe\u00e3o de Barretos bate 1 milh\u00e3o de visitas e atrai p\u00fablico de mais da metade do Brasil 6\"><figcaption class=\"wp-element-caption\">Hugo &amp; Guilherme encerraram os shows no Est\u00e1dio ao amanhecer (Foto: Thais Ministro)<\/figcaption><\/figure>\n<figure class=\"wp-block-image size-large\"><img data-recalc-dims=\"1\" loading=\"lazy\" decoding=\"async\" width=\"1024\" height=\"682\" data-id=\"172722\" src=\"https:\/\/i0.wp.com\/www.acidadeon.com\/ribeiraopreto\/wp-content\/uploads\/sites\/3\/2026\/08\/festa-peao-barretos-17-1024x682.jpeg?resize=1024%2C682&#038;ssl=1\" alt=\"festa do pe\u00e3o de barretos\" class=\"wp-image-172722\" title=\"Festa do Pe\u00e3o de Barretos bate 1 milh\u00e3o de visitas e atrai p\u00fablico de mais da metade do Brasil 7\"><figcaption class=\"wp-element-caption\">Brasileiro C\u00e1ssio Dias, de Sales\/MG, foi o destaque da primeira noite (Cr\u00e9dito: Celeste Oliveira)<\/figcaption><\/figure>\n<figure class=\"wp-block-image size-large\"><img data-recalc-dims=\"1\" loading=\"lazy\" decoding=\"async\" width=\"1024\" height=\"682\" data-id=\"172721\" src=\"https:\/\/i0.wp.com\/www.acidadeon.com\/ribeiraopreto\/wp-content\/uploads\/sites\/3\/2026\/08\/festa-peao-barretos-9-1024x682.jpeg?resize=1024%2C682&#038;ssl=1\" alt=\"festa do pe\u00e3o de barretos\" class=\"wp-image-172721\" title=\"Festa do Pe\u00e3o de Barretos bate 1 milh\u00e3o de visitas e atrai p\u00fablico de mais da metade do Brasil 8\"><figcaption class=\"wp-element-caption\">Festa do Pe\u00e3o de Barretos, na noite de quinta-feira, 27 de agosto (Cr\u00e9dito: RT Imagens)<\/figcaption><\/figure>\n<figure class=\"wp-block-image size-large\"><img data-recalc-dims=\"1\" loading=\"lazy\" decoding=\"async\" width=\"1024\" height=\"684\" data-id=\"172720\" src=\"https:\/\/i0.wp.com\/www.acidadeon.com\/ribeiraopreto\/wp-content\/uploads\/sites\/3\/2026\/08\/festa-peao-barretos-14-1024x684.jpeg?resize=1024%2C684&#038;ssl=1\" alt=\"festa do pe\u00e3o de barretos\" class=\"wp-image-172720\" title=\"Festa do Pe\u00e3o de Barretos bate 1 milh\u00e3o de visitas e atrai p\u00fablico de mais da metade do Brasil 9\"><figcaption class=\"wp-element-caption\">Bruno &amp; Marrone abrem os shows do Palco Est\u00e1dio (Cr\u00e9dito: Tha\u00eds Ministro)<\/figcaption><\/figure>\n<figure class=\"wp-block-image size-large\"><img data-recalc-dims=\"1\" loading=\"lazy\" decoding=\"async\" width=\"682\" height=\"1024\" data-id=\"172719\" src=\"https:\/\/i0.wp.com\/www.acidadeon.com\/ribeiraopreto\/wp-content\/uploads\/sites\/3\/2026\/08\/festa-peao-barretos-15-682x1024.jpeg?resize=682%2C1024&#038;ssl=1\" alt=\"festa do pe\u00e3o de barretos\" class=\"wp-image-172719\" title=\"Festa do Pe\u00e3o de Barretos bate 1 milh\u00e3o de visitas e atrai p\u00fablico de mais da metade do Brasil 10\"><figcaption class=\"wp-element-caption\">Cantora Paula Fernandes interpretou a m\u00fasica \u201cAve Maria\u201d (Cr\u00e9dito: Alisson Dem\u00e9trio)<\/figcaption><\/figure>\n<figure class=\"wp-block-image size-large\"><img data-recalc-dims=\"1\" loading=\"lazy\" decoding=\"async\" width=\"1024\" height=\"682\" data-id=\"172716\" src=\"https:\/\/i0.wp.com\/www.acidadeon.com\/ribeiraopreto\/wp-content\/uploads\/sites\/3\/2026\/08\/festa-peao-barretos-12-1024x682.jpeg?resize=1024%2C682&#038;ssl=1\" alt=\"festa do pe\u00e3o de barretos\" class=\"wp-image-172716\" title=\"Festa do Pe\u00e3o de Barretos bate 1 milh\u00e3o de visitas e atrai p\u00fablico de mais da metade do Brasil 11\"><figcaption class=\"wp-element-caption\">Felipe Ara\u00fajo fez uma participa\u00e7\u00e3o especial na arena do Est\u00e1dio (Cr\u00e9dito: Alisson Dem\u00e9trio)<\/figcaption><\/figure>\n<figure class=\"wp-block-image size-large\"><img data-recalc-dims=\"1\" loading=\"lazy\" decoding=\"async\" width=\"1024\" height=\"682\" data-id=\"172715\" src=\"https:\/\/i0.wp.com\/www.acidadeon.com\/ribeiraopreto\/wp-content\/uploads\/sites\/3\/2026\/08\/festa-peao-barretos-13-1024x682.jpeg?resize=1024%2C682&#038;ssl=1\" alt=\"festa do pe\u00e3o de barretos\" class=\"wp-image-172715\" title=\"Festa do Pe\u00e3o de Barretos bate 1 milh\u00e3o de visitas e atrai p\u00fablico de mais da metade do Brasil 12\"><figcaption class=\"wp-element-caption\">Gustavo Mioto embalou o p\u00fablico com os seus sucessos (Cr\u00e9dito: Alisson Dem\u00e9trio)<\/figcaption><\/figure>\n<figure class=\"wp-block-image size-large\"><img data-recalc-dims=\"1\" loading=\"lazy\" decoding=\"async\" width=\"1024\" height=\"684\" data-id=\"172556\" src=\"https:\/\/i0.wp.com\/www.acidadeon.com\/ribeiraopreto\/wp-content\/uploads\/sites\/3\/2026\/08\/festa-peao-barretos-1-1024x684.jpeg?resize=1024%2C684&#038;ssl=1\" alt=\"cesar menotti\" class=\"wp-image-172556\" title=\"Festa do Pe\u00e3o de Barretos bate 1 milh\u00e3o de visitas e atrai p\u00fablico de mais da metade do Brasil 13\"><figcaption class=\"wp-element-caption\">C\u00e9sar Menotti &amp; Fabiano (Cr\u00e9dito: Tha\u00eds Ministro)<\/figcaption><\/figure>\n<\/figure>\n<h2 class=\"wp-block-heading\"><strong>Visitantes no camping\u00a0<\/strong><\/h2>\n<p>Visitantes de diferentes regi\u00f5es tamb\u00e9m ocuparam o camping do Parque do Pe\u00e3o. Com capacidade para 20 mil pessoas, o espa\u00e7o teve as vagas esgotadas durante a edi\u00e7\u00e3o.<\/p>\n<p>Para o presidente de Os Independentes, Jeronimo Luiz Muzeti, os n\u00fameros refletem a dimens\u00e3o e a abrang\u00eancia do evento.<\/p>\n<p>\u201cReceber 1 milh\u00e3o de visitas em 11 dias e ter compradores de ingressos em mais de 2.938 cidades brasileiras mostra a dimens\u00e3o que a Festa alcan\u00e7ou. Tivemos p\u00fablico de todas as regi\u00f5es do pa\u00eds, o que traduz o conceito desta edi\u00e7\u00e3o: \u2018O Brasil se encontra aqui\u2019\u201d, afirma Jeronimo Muzeti.<\/p>\n<h2 class=\"wp-block-heading\"><strong>11 dias e mais de 150 shows<\/strong><\/h2>\n<p>A 71\u00aa edi\u00e7\u00e3o ocupou o Parque do Pe\u00e3o por 11 dias, de 20 a 30 de agosto, com atividades durante 24 horas e mais de 150 shows nos palcos do evento.<\/p>\n<p>Para a edi\u00e7\u00e3o deste ano, cerca de R$ 30 milh\u00f5es foram investidos em obras, tecnologia e melhorias no Parque do Pe\u00e3o. Al\u00e9m das competi\u00e7\u00f5es no Est\u00e1dio de Rodeios, a programa\u00e7\u00e3o contou com shows em cinco palcos, atividades culturais, gastronomia e outras atra\u00e7\u00f5es. Gusttavo Lima, Embaixador da 71\u00aa edi\u00e7\u00e3o, fez duas apresenta\u00e7\u00f5es.<\/p>\n<h2 class=\"wp-block-heading\"><strong>Barretos 2027<\/strong><\/h2>\n<p>A pr\u00f3xima Festa do Pe\u00e3o de Barretos ser\u00e1 realizada de 19 a 29 de agosto de 2027. A organiza\u00e7\u00e3o tamb\u00e9m anunciou Chit\u00e3ozinho &amp; Xoror\u00f3 como Embaixadores da 72\u00aa edi\u00e7\u00e3o.<\/p>\n<p class=\"has-cyan-bluish-gray-background-color has-background\"><em>Fa\u00e7a uma den\u00fancia ou sugira uma reportagem sobre\u00a0<strong>Ribeir\u00e3o Preto\u00a0<\/strong>e regi\u00e3o por meio do WhatsApp do\u00a0<strong>acidade on Ribeir\u00e3o<\/strong>: (16) 99117-7802.<\/em><\/p>\n<p>O post Festa do Pe\u00e3o de Barretos bate 1 milh\u00e3o de visitas e atrai p\u00fablico de mais da metade do Brasil apareceu primeiro em ACidade ON Ribeir\u00e3o Preto.<\/p>\n<p><br \/>\n<br \/><a href=\"https:\/\/www.acidadeon.com\/ribeiraopreto\/lazer-e-cultura\/festa-do-peao-de-barretos\/festa-peao-barretos-1-milhao-visitas-atrai-publico-metade-brasil\/\">Link para o texto original aqui <\/a><\/p>\n<!-- CONTENT END 1 -->\n","protected":false},"excerpt":{"rendered":"<p>A 71\u00aa edi\u00e7\u00e3o da Festa do Pe\u00e3o de Barretos, que terminou no \u00faltimo domingo (30), recebeu mais de 1 milh\u00e3o de visitas no Parque do&#8230;<\/p>\n","protected":false},"author":1,"featured_media":90984,"comment_status":"","ping_status":"","sticky":false,"template":"","format":"standard","meta":{"advanced_seo_description":"","jetpack_seo_html_title":"","jetpack_seo_noindex":false,"jetpack_seo_schema_type":"","_jetpack_newsletter_access":"","_jetpack_dont_email_post_to_subs":false,"_jetpack_newsletter_tier_id":0,"_jetpack_memberships_contains_paywalled_content":false,"_jetpack_feature_clip_id":0,"_jetpack_memberships_contains_paid_content":false,"footnotes":"","jetpack_publicize_message":"","jetpack_publicize_feature_enabled":true,"jetpack_social_post_already_shared":true,"jetpack_social_options":{"image_generator_settings":{"template":"highway","default_image_id":0,"font":"","enabled":false},"version":2},"jetpack_post_was_ever_published":false},"categories":[11],"tags":[4558,3023,916,137,2017,276,708,2811,3641,282,2797],"class_list":["post-90983","post","type-post","status-publish","format-standard","has-post-thumbnail","hentry","category-noticias-de-ribeirao-preto-sp-e-regiao-ismael-colosi","tag-atrai","tag-barretos","tag-bate","tag-brasil","tag-festa","tag-mais","tag-metade","tag-milhao","tag-peao","tag-publico","tag-visitas"],"jetpack_publicize_connections":[],"jetpack-related-posts":[{"id":83511,"url":"https:\/\/noticiasribeiraopreto.com.br\/index.php\/2026\/03\/19\/ingressos-para-a-festa-do-peao-de-barretos-ja-estao-a-venda-veja-os-setores\/","url_meta":{"origin":90983,"position":0},"title":"Ingressos para a Festa do Pe\u00e3o de Barretos j\u00e1 est\u00e3o \u00e0 venda; Veja os setores","author":"noticiasribeiraopreto.com.br","date":"19 de March de 2026","format":false,"excerpt":"Come\u00e7ou nesta quinta-feira (19) a venda de ingressos para a 71\u00aa edi\u00e7\u00e3o da Festa do Pe\u00e3o de Barretos, que ser\u00e1 realizada entre os dias 20 e 30 de agosto de 2026. Os interessados podem adquirir as entradas de forma online (clique aqui), com valores a partir de R$ 75. Ao\u2026","rel":"","context":"In &quot;Not\u00edcias de Ribeir\u00e3o Preto-SP e Regi\u00e3o&quot;","block_context":{"text":"Not\u00edcias de Ribeir\u00e3o Preto-SP e Regi\u00e3o","link":"https:\/\/noticiasribeiraopreto.com.br\/index.php\/category\/noticias-de-ribeirao-preto-sp-e-regiao-ismael-colosi\/"},"img":{"alt_text":"","src":"https:\/\/i0.wp.com\/noticiasribeiraopreto.com.br\/wp-content\/uploads\/2026\/03\/arena-peao-barretos_2025-08-23_09-00-47.webp.webp?fit=700%2C500&ssl=1&resize=350%2C200","width":350,"height":200,"srcset":"https:\/\/i0.wp.com\/noticiasribeiraopreto.com.br\/wp-content\/uploads\/2026\/03\/arena-peao-barretos_2025-08-23_09-00-47.webp.webp?fit=700%2C500&ssl=1&resize=350%2C200 1x, https:\/\/i0.wp.com\/noticiasribeiraopreto.com.br\/wp-content\/uploads\/2026\/03\/arena-peao-barretos_2025-08-23_09-00-47.webp.webp?fit=700%2C500&ssl=1&resize=525%2C300 1.5x, https:\/\/i0.wp.com\/noticiasribeiraopreto.com.br\/wp-content\/uploads\/2026\/03\/arena-peao-barretos_2025-08-23_09-00-47.webp.webp?fit=700%2C500&ssl=1&resize=700%2C400 2x"},"classes":[]},{"id":76088,"url":"https:\/\/noticiasribeiraopreto.com.br\/index.php\/2025\/08\/21\/festa-do-peao-de-barretos-2025-veja-horario-dos-shows-desta-quinta-feira\/","url_meta":{"origin":90983,"position":1},"title":"Festa do Pe\u00e3o de Barretos 2025: Veja hor\u00e1rio dos shows desta quinta-feira","author":"noticiasribeiraopreto.com.br","date":"21 de August de 2025","format":false,"excerpt":"A 70\u00aa edi\u00e7\u00e3o da Festa do Pe\u00e3o de Barretos, principal evento de rodeio da Am\u00e9rica Latina, come\u00e7a nesta quinta-feira (21). A abertura do evento traz grandes nomes da m\u00fasica sertaneja: Fernando & Sorocaba, Jo\u00e3o Bosco & Vinicius e Guilherme & Santiago. Veja a programa\u00e7\u00e3o completa da noite: 23h \u2013 Fernando\u2026","rel":"","context":"In &quot;Not\u00edcias de Ribeir\u00e3o Preto-SP e Regi\u00e3o&quot;","block_context":{"text":"Not\u00edcias de Ribeir\u00e3o Preto-SP e Regi\u00e3o","link":"https:\/\/noticiasribeiraopreto.com.br\/index.php\/category\/noticias-de-ribeirao-preto-sp-e-regiao-ismael-colosi\/"},"img":{"alt_text":"","src":"https:\/\/i0.wp.com\/noticiasribeiraopreto.com.br\/wp-content\/uploads\/2025\/08\/parque-do-peao.jpeg?fit=1200%2C674&ssl=1&resize=350%2C200","width":350,"height":200,"srcset":"https:\/\/i0.wp.com\/noticiasribeiraopreto.com.br\/wp-content\/uploads\/2025\/08\/parque-do-peao.jpeg?fit=1200%2C674&ssl=1&resize=350%2C200 1x, https:\/\/i0.wp.com\/noticiasribeiraopreto.com.br\/wp-content\/uploads\/2025\/08\/parque-do-peao.jpeg?fit=1200%2C674&ssl=1&resize=525%2C300 1.5x, https:\/\/i0.wp.com\/noticiasribeiraopreto.com.br\/wp-content\/uploads\/2025\/08\/parque-do-peao.jpeg?fit=1200%2C674&ssl=1&resize=700%2C400 2x, https:\/\/i0.wp.com\/noticiasribeiraopreto.com.br\/wp-content\/uploads\/2025\/08\/parque-do-peao.jpeg?fit=1200%2C674&ssl=1&resize=1050%2C600 3x"},"classes":[]},{"id":29162,"url":"https:\/\/noticiasribeiraopreto.com.br\/index.php\/2024\/01\/17\/festa-do-peao-de-barretos-inicia-venda-de-ingressos\/","url_meta":{"origin":90983,"position":2},"title":"Festa do Pe\u00e3o de Barretos inicia venda de ingressos","author":"noticiasribeiraopreto.com.br","date":"17 de January de 2024","format":false,"excerpt":"Evento acontece de 15 a 25 de agosto reunindo esporte, m\u00fasica, cultura, gastronomia e entretenimento no Parque do Pe\u00e3o 17 de janeiro de 2024 | 16:1517 de janeiro de 2024 | 15:59 0A Festa do Pe\u00e3o de Barretos iniciou a venda de ingressos para os 11 dias de programa\u00e7\u00e3o, disponibilizando\u2026","rel":"","context":"In &quot;Not\u00edcias de Ribeir\u00e3o Preto-SP e Regi\u00e3o&quot;","block_context":{"text":"Not\u00edcias de Ribeir\u00e3o Preto-SP e Regi\u00e3o","link":"https:\/\/noticiasribeiraopreto.com.br\/index.php\/category\/noticias-de-ribeirao-preto-sp-e-regiao-ismael-colosi\/"},"img":{"alt_text":"","src":"https:\/\/i0.wp.com\/noticiasribeiraopreto.com.br\/wp-content\/uploads\/2024\/01\/handler-1.jpg?fit=800%2C533&ssl=1&resize=350%2C200","width":350,"height":200,"srcset":"https:\/\/i0.wp.com\/noticiasribeiraopreto.com.br\/wp-content\/uploads\/2024\/01\/handler-1.jpg?fit=800%2C533&ssl=1&resize=350%2C200 1x, https:\/\/i0.wp.com\/noticiasribeiraopreto.com.br\/wp-content\/uploads\/2024\/01\/handler-1.jpg?fit=800%2C533&ssl=1&resize=525%2C300 1.5x, https:\/\/i0.wp.com\/noticiasribeiraopreto.com.br\/wp-content\/uploads\/2024\/01\/handler-1.jpg?fit=800%2C533&ssl=1&resize=700%2C400 2x"},"classes":[]},{"id":88114,"url":"https:\/\/noticiasribeiraopreto.com.br\/index.php\/2026\/07\/14\/festa-do-peao-de-barretos-confirma-show-de-nattan-no-palco-camping\/","url_meta":{"origin":90983,"position":3},"title":"Festa do Pe\u00e3o de Barretos confirma show de Nattan no Palco Camping","author":"noticiasribeiraopreto.com.br","date":"14 de July de 2026","format":false,"excerpt":"A Festa do Pe\u00e3o de Barretos confirmou, nesta ter\u00e7a-feira (14), o cantor Nattan no palco camping no dia 22 de agosto, \u00e0s 16h30, com o projeto \u201cNattan no Camping\u201d. Al\u00e9m dele, Michel Tel\u00f3 tamb\u00e9m j\u00e1 est\u00e1 confirmado no espa\u00e7o. Conhecido pela intera\u00e7\u00e3o com o p\u00fablico e pelo repert\u00f3rio de sucessos,\u2026","rel":"","context":"In &quot;Not\u00edcias de Ribeir\u00e3o Preto-SP e Regi\u00e3o&quot;","block_context":{"text":"Not\u00edcias de Ribeir\u00e3o Preto-SP e Regi\u00e3o","link":"https:\/\/noticiasribeiraopreto.com.br\/index.php\/category\/noticias-de-ribeirao-preto-sp-e-regiao-ismael-colosi\/"},"img":{"alt_text":"","src":"https:\/\/i0.wp.com\/noticiasribeiraopreto.com.br\/wp-content\/uploads\/2026\/07\/rainha-barretos-3.jpg?fit=1200%2C675&ssl=1&resize=350%2C200","width":350,"height":200,"srcset":"https:\/\/i0.wp.com\/noticiasribeiraopreto.com.br\/wp-content\/uploads\/2026\/07\/rainha-barretos-3.jpg?fit=1200%2C675&ssl=1&resize=350%2C200 1x, https:\/\/i0.wp.com\/noticiasribeiraopreto.com.br\/wp-content\/uploads\/2026\/07\/rainha-barretos-3.jpg?fit=1200%2C675&ssl=1&resize=525%2C300 1.5x, https:\/\/i0.wp.com\/noticiasribeiraopreto.com.br\/wp-content\/uploads\/2026\/07\/rainha-barretos-3.jpg?fit=1200%2C675&ssl=1&resize=700%2C400 2x, https:\/\/i0.wp.com\/noticiasribeiraopreto.com.br\/wp-content\/uploads\/2026\/07\/rainha-barretos-3.jpg?fit=1200%2C675&ssl=1&resize=1050%2C600 3x"},"classes":[]},{"id":88047,"url":"https:\/\/noticiasribeiraopreto.com.br\/index.php\/2026\/07\/13\/michel-telo-e-o-primeiro-nome-confirmado-do-palco-camping-da-festa-do-peao-de-barretos\/","url_meta":{"origin":90983,"position":4},"title":"Michel Tel\u00f3 \u00e9 o primeiro nome confirmado do Palco Camping da Festa do Pe\u00e3o de Barretos","author":"noticiasribeiraopreto.com.br","date":"13 de July de 2026","format":false,"excerpt":"O cantor Michel Tel\u00f3 \u00e9 o primeiro artista confirmado a se apresentar no palco camping da edi\u00e7\u00e3o 71\u00aa Festa do Pe\u00e3o de Barretos. A apresenta\u00e7\u00e3o est\u00e1 marcada para o dia 29 de agosto, a partir das 16h30, com o projeto \u201cSertanejinho do Tel\u00f3\u201c. De acordo com a organiza\u00e7\u00e3o, o show\u2026","rel":"","context":"In &quot;Not\u00edcias de Ribeir\u00e3o Preto-SP e Regi\u00e3o&quot;","block_context":{"text":"Not\u00edcias de Ribeir\u00e3o Preto-SP e Regi\u00e3o","link":"https:\/\/noticiasribeiraopreto.com.br\/index.php\/category\/noticias-de-ribeirao-preto-sp-e-regiao-ismael-colosi\/"},"img":{"alt_text":"","src":"https:\/\/i0.wp.com\/noticiasribeiraopreto.com.br\/wp-content\/uploads\/2026\/07\/michel-telo-1.jpg?fit=1200%2C675&ssl=1&resize=350%2C200","width":350,"height":200,"srcset":"https:\/\/i0.wp.com\/noticiasribeiraopreto.com.br\/wp-content\/uploads\/2026\/07\/michel-telo-1.jpg?fit=1200%2C675&ssl=1&resize=350%2C200 1x, https:\/\/i0.wp.com\/noticiasribeiraopreto.com.br\/wp-content\/uploads\/2026\/07\/michel-telo-1.jpg?fit=1200%2C675&ssl=1&resize=525%2C300 1.5x, https:\/\/i0.wp.com\/noticiasribeiraopreto.com.br\/wp-content\/uploads\/2026\/07\/michel-telo-1.jpg?fit=1200%2C675&ssl=1&resize=700%2C400 2x, https:\/\/i0.wp.com\/noticiasribeiraopreto.com.br\/wp-content\/uploads\/2026\/07\/michel-telo-1.jpg?fit=1200%2C675&ssl=1&resize=1050%2C600 3x"},"classes":[]},{"id":87682,"url":"https:\/\/noticiasribeiraopreto.com.br\/index.php\/2026\/07\/07\/festa-do-peao-de-barretos-apresenta-programacao-esportiva-e-anuncia-novidades-no-parque\/","url_meta":{"origin":90983,"position":5},"title":"Festa do Pe\u00e3o de Barretos apresenta programa\u00e7\u00e3o esportiva e anuncia novidades no parque","author":"noticiasribeiraopreto.com.br","date":"7 de July de 2026","format":false,"excerpt":"A organiza\u00e7\u00e3o da 71\u00aa Festa do Pe\u00e3o de Barretos apresentou, nesta ter\u00e7a-feira (7), a programa\u00e7\u00e3o esportiva e as novidades para a edi\u00e7\u00e3o deste ano, marcada para acontecer entre os dias 20 e 30 de agosto. Durante o lan\u00e7amento, realizado no Parque do Pe\u00e3o, o destaque ficou por conta dos investimentos\u2026","rel":"","context":"In &quot;Not\u00edcias de Ribeir\u00e3o Preto-SP e Regi\u00e3o&quot;","block_context":{"text":"Not\u00edcias de Ribeir\u00e3o Preto-SP e Regi\u00e3o","link":"https:\/\/noticiasribeiraopreto.com.br\/index.php\/category\/noticias-de-ribeirao-preto-sp-e-regiao-ismael-colosi\/"},"img":{"alt_text":"","src":"https:\/\/i0.wp.com\/noticiasribeiraopreto.com.br\/wp-content\/uploads\/2026\/07\/rodeio-de-barretos-foto-neto-drone.jpg?fit=1080%2C608&ssl=1&resize=350%2C200","width":350,"height":200,"srcset":"https:\/\/i0.wp.com\/noticiasribeiraopreto.com.br\/wp-content\/uploads\/2026\/07\/rodeio-de-barretos-foto-neto-drone.jpg?fit=1080%2C608&ssl=1&resize=350%2C200 1x, https:\/\/i0.wp.com\/noticiasribeiraopreto.com.br\/wp-content\/uploads\/2026\/07\/rodeio-de-barretos-foto-neto-drone.jpg?fit=1080%2C608&ssl=1&resize=525%2C300 1.5x, https:\/\/i0.wp.com\/noticiasribeiraopreto.com.br\/wp-content\/uploads\/2026\/07\/rodeio-de-barretos-foto-neto-drone.jpg?fit=1080%2C608&ssl=1&resize=700%2C400 2x, https:\/\/i0.wp.com\/noticiasribeiraopreto.com.br\/wp-content\/uploads\/2026\/07\/rodeio-de-barretos-foto-neto-drone.jpg?fit=1080%2C608&ssl=1&resize=1050%2C600 3x"},"classes":[]}],"jetpack_sharing_enabled":true,"jetpack_shortlink":"https:\/\/wp.me\/peQAOb-nFt","jetpack_featured_media_url":"https:\/\/i0.wp.com\/noticiasribeiraopreto.com.br\/wp-content\/uploads\/2026\/09\/festa-peao-barretos-2026-1024x575.jpeg?fit=1024%2C575&ssl=1","_links":{"self":[{"href":"https:\/\/noticiasribeiraopreto.com.br\/index.php\/wp-json\/wp\/v2\/posts\/90983","targetHints":{"allow":["GET"]}}],"collection":[{"href":"https:\/\/noticiasribeiraopreto.com.br\/index.php\/wp-json\/wp\/v2\/posts"}],"about":[{"href":"https:\/\/noticiasribeiraopreto.com.br\/index.php\/wp-json\/wp\/v2\/types\/post"}],"author":[{"embeddable":true,"href":"https:\/\/noticiasribeiraopreto.com.br\/index.php\/wp-json\/wp\/v2\/users\/1"}],"replies":[{"embeddable":true,"href":"https:\/\/noticiasribeiraopreto.com.br\/index.php\/wp-json\/wp\/v2\/comments?post=90983"}],"version-history":[{"count":0,"href":"https:\/\/noticiasribeiraopreto.com.br\/index.php\/wp-json\/wp\/v2\/posts\/90983\/revisions"}],"wp:featuredmedia":[{"embeddable":true,"href":"https:\/\/noticiasribeiraopreto.com.br\/index.php\/wp-json\/wp\/v2\/media\/90984"}],"wp:attachment":[{"href":"https:\/\/noticiasribeiraopreto.com.br\/index.php\/wp-json\/wp\/v2\/media?parent=90983"}],"wp:term":[{"taxonomy":"category","embeddable":true,"href":"https:\/\/noticiasribeiraopreto.com.br\/index.php\/wp-json\/wp\/v2\/categories?post=90983"},{"taxonomy":"post_tag","embeddable":true,"href":"https:\/\/noticiasribeiraopreto.com.br\/index.php\/wp-json\/wp\/v2\/tags?post=90983"}],"curies":[{"name":"wp","href":"https:\/\/api.w.org\/{rel}","templated":true}]}}