{"id":90985,"date":"2026-09-02T13:52:27","date_gmt":"2026-09-02T16:52:27","guid":{"rendered":"https:\/\/noticiasribeiraopreto.com.br\/index.php\/2026\/09\/02\/justica-eleitoral-proibe-uso-de-foto-de-bolsonaro-em-propaganda-de-candidato-a-deputado\/"},"modified":"2026-09-02T13:52:27","modified_gmt":"2026-09-02T16:52:27","slug":"justica-eleitoral-proibe-uso-de-foto-de-bolsonaro-em-propaganda-de-candidato-a-deputado","status":"publish","type":"post","link":"https:\/\/noticiasribeiraopreto.com.br\/index.php\/2026\/09\/02\/justica-eleitoral-proibe-uso-de-foto-de-bolsonaro-em-propaganda-de-candidato-a-deputado\/","title":{"rendered":"Justi\u00e7a Eleitoral pro\u00edbe uso de foto de Bolsonaro em propaganda de candidato a deputado"},"content":{"rendered":"<div class='code-block code-block-1' style='margin: 8px 0 8px auto; text-align: right; display: block; clear: both;'>\n<p><a href=\"https:\/\/wa.link\/vpicfd\"><img data-recalc-dims=\"1\" class=\"wp-image-4922\" style=\"aspect-ratio: 2.0253164556962027; width: 561px; height: auto;\" src=\"https:\/\/i0.wp.com\/ismaelcolosi.com.br\/wp-content\/uploads\/2023\/11\/grupo-de-empregos-whatsapp-e-facebook-ismael-colosi-vagas.jpg?ssl=1\" alt=\"\" \/><\/a><\/p>\n<!-- \/wp:image -->\n<\/div>\n<p> <br \/>\n<\/p>\n<p>A J<strong>usti\u00e7a Eleitoral de S\u00e3o Paulo proibiu o deputado estadual <\/strong>e candidato \u00e0 reelei\u00e7\u00e3o<strong> Lucas Bove (PL) <\/strong>de reutilizar materiais de campanha que <strong>associam sua imagem \u00e0 do ex-presidente Jair Bolsonaro (PL).<\/strong><\/p>\n<p>A decis\u00e3o do Tribunal Regional Eleitoral de S\u00e3o Paulo (TRE-SP) analisou uma representa\u00e7\u00e3o apresentada pela vereadora de Ribeir\u00e3o Preto e candidata a deputada estadual Duda Hidalgo (PT).<\/p>\n<div class=\"wp-block-rank-math-toc-block\" id=\"rank-math-toc\">\n<h2>Entenda<\/h2>\n<nav>\n<ul>\n<li class=\"\">Decis\u00e3o cita determina\u00e7\u00e3o do STF<\/li>\n<li class=\"\">Minist\u00e9rio P\u00fablico<\/li>\n<li class=\"\">O que diz a defesa?<\/li>\n<\/ul>\n<\/nav>\n<\/div>\n<p>O caso envolve banners instalados em Ribeir\u00e3o Preto. Nas pe\u00e7as de propaganda, <strong>Lucas Bove aparece ao lado de Bolsonaro. <\/strong>O material tamb\u00e9m apresenta, na parte inferior, o governador Tarc\u00edsio de Freitas (Republicanos), candidato \u00e0 reelei\u00e7\u00e3o, e o senador Fl\u00e1vio Bolsonaro (PL), candidato \u00e0 Presid\u00eancia da Rep\u00fablica.<\/p>\n<p class=\"has-text-align-center has-small-font-size\"><em>Receba not\u00edcias do\u00a0<strong>acidade on Ribeir\u00e3o\u00a0<\/strong>no WhatsApp e fique por dentro de tudo! Basta acessar o link<a href=\"https:\/\/chat.whatsapp.com\/DfXwcjKVIddHUT3BvnQuPZ?mode=hqctshi\" target=\"_blank\" rel=\"noreferrer noopener\">\u00a0aqui<\/a>!<\/em><\/p>\n<figure class=\"wp-block-gallery has-nested-images columns-default is-cropped wp-block-gallery-2 is-layout-flex wp-block-gallery-is-layout-flex\">\n<figure class=\"wp-block-image size-large\"><figcaption class=\"wp-element-caption\">Foto: Reprodu\u00e7\u00e3o\/ G1<\/figcaption><\/figure>\n<figure class=\"wp-block-image size-large\"><img data-recalc-dims=\"1\" loading=\"lazy\" decoding=\"async\" width=\"286\" height=\"501\" data-id=\"173413\" src=\"https:\/\/i0.wp.com\/www.acidadeon.com\/ribeiraopreto\/wp-content\/uploads\/sites\/3\/2026\/09\/Captura-de-tela-2026-09-02-133311.png?resize=286%2C501&#038;ssl=1\" alt=\"bolsonaro\" class=\"wp-image-173413\" title=\"Justi\u00e7a Eleitoral pro\u00edbe uso de foto de Bolsonaro em propaganda de candidato a deputado 15\"><figcaption class=\"wp-element-caption\">Foto: Reprodu\u00e7\u00e3o\/ G1<\/figcaption><\/figure>\n<\/figure>\n<h2 class=\"wp-block-heading\" id=\"decisao-cita-determinacao-do-stf\">Decis\u00e3o cita determina\u00e7\u00e3o do STF<\/h2>\n<p>O juiz auxiliar Ronnie Herbert Barros Soares considerou uma determina\u00e7\u00e3o do Supremo Tribunal Federal (STF) relacionada \u00e0 A\u00e7\u00e3o Penal 2.668.<\/p>\n<p>Segundo a decis\u00e3o, Bolsonaro n\u00e3o pode divulgar manifesta\u00e7\u00f5es ou pronunciamentos pol\u00edtico-eleitorais, inclusive por interm\u00e9dio de terceiros.<\/p>\n<p>O magistrado avaliou que o uso da imagem do ex-presidente em uma pe\u00e7a oficial de campanha pode transmitir ao eleitor uma mensagem de vincula\u00e7\u00e3o e apoio \u00e0 candidatura de Lucas Bove.<\/p>\n<p>Por isso, o juiz determinou que o candidato n\u00e3o reutilize o conte\u00fado questionado durante a campanha eleitoral. O descumprimento pode resultar em multa entre R$ 2 mil e R$ 8 mil.<\/p>\n<h2 class=\"wp-block-heading\" id=\"ministerio-publico\">Minist\u00e9rio P\u00fablico<\/h2>\n<p>Antes da decis\u00e3o do TRE-SP, o Minist\u00e9rio P\u00fablico Eleitoral de S\u00e3o Paulo emitiu, em 30 de agosto, parecer favor\u00e1vel \u00e0 proibi\u00e7\u00e3o do material.<\/p>\n<p>O \u00f3rg\u00e3o afirmou que as propagandas que vinculavam a imagem de Bove \u00e0 de Bolsonaro contrariavam a determina\u00e7\u00e3o do STF na A\u00e7\u00e3o Penal 2.668.<\/p>\n<p>Segundo o parecer, os materiais deveriam ser recolhidos.<\/p>\n<h2 class=\"wp-block-heading\" id=\"o-que-diz-a-defesa\">O que diz a defesa?<\/h2>\n<p>A reportagem do acidade on entrou em contato com a defesa de Lucas Bove, mas n\u00e3o houve retorno at\u00e9 a publica\u00e7\u00e3o deste material. Espa\u00e7o segue em aberto. <\/p>\n<div class=\"wp-block-image\">\n<figure class=\"aligncenter size-full\"><img data-recalc-dims=\"1\" loading=\"lazy\" decoding=\"async\" width=\"984\" height=\"587\" src=\"https:\/\/i0.wp.com\/www.acidadeon.com\/ribeiraopreto\/wp-content\/uploads\/sites\/3\/2026\/09\/image-20.png?resize=984%2C587&#038;ssl=1\" alt=\"image 20\" class=\"wp-image-173414\" title=\"Justi\u00e7a Eleitoral pro\u00edbe uso de foto de Bolsonaro em propaganda de candidato a deputado 16\"><figcaption class=\"wp-element-caption\">Foto: Reprodu\u00e7\u00e3o\/ G1<\/figcaption><\/figure>\n<\/div>\n<hr class=\"wp-block-separator has-alpha-channel-opacity\">\n<p class=\"has-text-align-center has-small-font-size\"><em>Fa\u00e7a uma den\u00fancia ou sugira uma reportagem sobre\u00a0<strong>Ribeir\u00e3o Preto\u00a0<\/strong>e regi\u00e3o por meio do WhatsApp do\u00a0<strong>acidade on Ribeir\u00e3o<\/strong>: (16) 99117-7802.<\/em><\/p>\n<h2 class=\"wp-block-heading\" id=\"&#x1f50e;-viu-essa\"><strong>VIU ESSA?<\/strong><\/h2>\n<h2 class=\"wp-block-heading\" id=\"pesquisa-quaest-distancia-entre-lula-e-flavio-cai-para-1-ponto-no-2-turno\">Pesquisa Quaest: dist\u00e2ncia entre Lula e Fl\u00e1vio cai para 1 ponto no 2\u00ba turno<\/h2>\n<p>A nova pesquisa <strong>Quaest<\/strong>, divulgada nesta quarta-feira (2), mostra que o presidente<strong>Luiz In\u00e1cio Lula da Silva (PT)<\/strong> e o<strong>senador Fl\u00e1vio Bolsonaro (PL) <\/strong>est\u00e3o tecnicamente empatados em uma eventual disputa de segundo turno das <strong>Elei\u00e7\u00f5es 2026<\/strong>. Lula registra 42% das inten\u00e7\u00f5es de voto, ante 41% de Fl\u00e1vio. O levantamento foi encomendado pelo <strong>Jornal O Globo<\/strong>.<\/p>\n<p><mark class=\"has-inline-color has-black-color\">A vantagem do petista caiu de tr\u00eas para um ponto porcentual desde a rodada divulgada em 14 de agosto<\/mark>. Na ocasi\u00e3o, Lula tinha 43%, enquanto Fl\u00e1vio alcan\u00e7ava 40%. Brancos, nulos ou eleitores que n\u00e3o pretendem votar somam 13%, e os indecisos 4%.<\/p>\n<p>Lula tamb\u00e9m lidera os demais cen\u00e1rios de segundo turno testados. Contra Ronaldo Caiado (PSD), o presidente tem 42%, ante 37% do governador de Goi\u00e1s. Diante de Renan Santos (Miss\u00e3o), o placar \u00e9 de 43% a 36%. Em uma disputa com Augusto Cury (Avante), Lula registra 40%, contra 34% do advers\u00e1rio.<\/p>\n<h2 class=\"wp-block-heading\" id=\"pesquisa-1-turno\">Pesquisa 1\u00ba turno<\/h2>\n<p>No primeiro turno, o presidente aparece \u00e0 frente com 37% das inten\u00e7\u00f5es de voto, seguido por Fl\u00e1vio, com 30%, e Cury, com 10%. Renan Santos registra 3%. Ronaldo Caiado, Romeu Zema, Pablo Mar\u00e7al e Samara Braga t\u00eam 1% cada.<\/p>\n<p>Outros 7% dos entrevistados pretendem votar em branco ou anular o voto, enquanto 11% est\u00e3o indecisos.<\/p>\n<p>Em um cen\u00e1rio de primeiro turno sem Mar\u00e7al, Lula mant\u00e9m os 37%, Fl\u00e1vio registra 29% e Cury continua com 10%.<\/p>\n<p>Fl\u00e1vio Bolsonaro \u00e9 rejeitado por 55% dos eleitores, enquanto a rejei\u00e7\u00e3o a Lula alcan\u00e7a 53%.<\/p>\n<p>A pesquisa Quaest foi realizada entre os dias 30 de agosto e 1\u00ba de setembro, com 2.004 eleitores. A margem de erro \u00e9 de 2 pontos porcentuais, para mais ou para menos, com n\u00edvel de confian\u00e7a de 95%. O levantamento foi registrado no<a href=\"https:\/\/www.tse.jus.br\/\" data-type=\"link\" data-id=\"https:\/\/www.tse.jus.br\/\" target=\"_blank\" rel=\"noopener\">Tribunal Superior Eleitoral (TSE) <\/a>sob o protocolo BR-07065\/2026.<\/p>\n<p>O post Justi\u00e7a Eleitoral pro\u00edbe uso de foto de Bolsonaro em propaganda de candidato a deputado apareceu primeiro em ACidade ON Ribeir\u00e3o Preto.<\/p>\n<p><br \/>\n<br \/><a href=\"https:\/\/www.acidadeon.com\/ribeiraopreto\/politica\/eleicoes\/justica-eleitoral-proibe-uso-de-foto-de-bolsonaro-em-propaganda-de-candidato-a-deputado\/\">Link para o texto original aqui <\/a><\/p>\n<!-- CONTENT END 1 -->\n","protected":false},"excerpt":{"rendered":"<p>A Justi\u00e7a Eleitoral de S\u00e3o Paulo proibiu o deputado estadual e candidato \u00e0 reelei\u00e7\u00e3o Lucas Bove (PL) de reutilizar materiais de campanha que associam sua&#8230;<\/p>\n","protected":false},"author":1,"featured_media":90986,"comment_status":"","ping_status":"","sticky":false,"template":"","format":"standard","meta":{"advanced_seo_description":"","jetpack_seo_html_title":"","jetpack_seo_noindex":false,"jetpack_seo_schema_type":"","_jetpack_newsletter_access":"","_jetpack_dont_email_post_to_subs":false,"_jetpack_newsletter_tier_id":0,"_jetpack_memberships_contains_paywalled_content":false,"_jetpack_feature_clip_id":0,"_jetpack_memberships_contains_paid_content":false,"footnotes":"","jetpack_publicize_message":"","jetpack_publicize_feature_enabled":true,"jetpack_social_post_already_shared":true,"jetpack_social_options":{"image_generator_settings":{"template":"highway","default_image_id":0,"font":"","enabled":false},"version":2},"jetpack_post_was_ever_published":false},"categories":[11],"tags":[3964,1668,673,4645,3566,988,3822,8882,3686],"class_list":["post-90985","post","type-post","status-publish","format-standard","has-post-thumbnail","hentry","category-noticias-de-ribeirao-preto-sp-e-regiao-ismael-colosi","tag-bolsonaro","tag-candidato","tag-deputado","tag-eleitoral","tag-foto","tag-justica","tag-proibe","tag-propaganda","tag-uso"],"jetpack_publicize_connections":[],"jetpack-related-posts":[{"id":90047,"url":"https:\/\/noticiasribeiraopreto.com.br\/index.php\/2026\/08\/16\/em-busca-do-seu-voto\/","url_meta":{"origin":90985,"position":0},"title":"Em busca do seu voto","author":"noticiasribeiraopreto.com.br","date":"16 de August de 2026","format":false,"excerpt":"A propaganda eleitoral para as Elei\u00e7\u00f5es 2026 foi oficialmente liberada a partir deste domingo, 16 de agosto. A data marca o in\u00edcio da campanha eleitoral e permite que candidatos, partidos, federa\u00e7\u00f5es e coliga\u00e7\u00f5es divulguem suas candidaturas tanto nas ruas quanto pela internet. Segundo o Tribunal Superior Eleitoral (TSE), \u00e9 nesse\u2026","rel":"","context":"In &quot;Not\u00edcias de Ribeir\u00e3o Preto-SP e Regi\u00e3o&quot;","block_context":{"text":"Not\u00edcias de Ribeir\u00e3o Preto-SP e Regi\u00e3o","link":"https:\/\/noticiasribeiraopreto.com.br\/index.php\/category\/noticias-de-ribeirao-preto-sp-e-regiao-ismael-colosi\/"},"img":{"alt_text":"","src":"https:\/\/i0.wp.com\/noticiasribeiraopreto.com.br\/wp-content\/uploads\/2026\/08\/urna-eletronica-TRE.jpeg?fit=768%2C512&ssl=1&resize=350%2C200","width":350,"height":200,"srcset":"https:\/\/i0.wp.com\/noticiasribeiraopreto.com.br\/wp-content\/uploads\/2026\/08\/urna-eletronica-TRE.jpeg?fit=768%2C512&ssl=1&resize=350%2C200 1x, https:\/\/i0.wp.com\/noticiasribeiraopreto.com.br\/wp-content\/uploads\/2026\/08\/urna-eletronica-TRE.jpeg?fit=768%2C512&ssl=1&resize=525%2C300 1.5x, https:\/\/i0.wp.com\/noticiasribeiraopreto.com.br\/wp-content\/uploads\/2026\/08\/urna-eletronica-TRE.jpeg?fit=768%2C512&ssl=1&resize=700%2C400 2x"},"classes":[]},{"id":90725,"url":"https:\/\/noticiasribeiraopreto.com.br\/index.php\/2026\/08\/28\/horario-eleitoral-gratuito-comeca-nesta-sexta-feira\/","url_meta":{"origin":90985,"position":1},"title":"Hor\u00e1rio eleitoral gratuito \u2028come\u00e7a nesta sexta-feira","author":"noticiasribeiraopreto.com.br","date":"28 de August de 2026","format":false,"excerpt":"\r \r \r 28 de agosto de 2026 00:44 \r Compartilhar0 Para presidente da Rep\u00fablica, somente Lula, Fl\u00e1vio Bolsonaro, Ronaldo Caiado e Augusto Cury ter\u00e3o tempo no r\u00e1dio e na TV Come\u00e7a nesta sexta-feira, 28 de agosto, o hor\u00e1rio eleitoral gratuito do primeiro turno das elei\u00e7\u00f5es 2026 nas emissoras de\u2026","rel":"","context":"In &quot;Not\u00edcias de Ribeir\u00e3o Preto-SP e Regi\u00e3o&quot;","block_context":{"text":"Not\u00edcias de Ribeir\u00e3o Preto-SP e Regi\u00e3o","link":"https:\/\/noticiasribeiraopreto.com.br\/index.php\/category\/noticias-de-ribeirao-preto-sp-e-regiao-ismael-colosi\/"},"img":{"alt_text":"","src":"https:\/\/i0.wp.com\/noticiasribeiraopreto.com.br\/wp-content\/uploads\/2026\/08\/EleicaoTV-Agencia-Brasil.jpg?fit=1170%2C700&ssl=1&resize=350%2C200","width":350,"height":200,"srcset":"https:\/\/i0.wp.com\/noticiasribeiraopreto.com.br\/wp-content\/uploads\/2026\/08\/EleicaoTV-Agencia-Brasil.jpg?fit=1170%2C700&ssl=1&resize=350%2C200 1x, https:\/\/i0.wp.com\/noticiasribeiraopreto.com.br\/wp-content\/uploads\/2026\/08\/EleicaoTV-Agencia-Brasil.jpg?fit=1170%2C700&ssl=1&resize=525%2C300 1.5x, https:\/\/i0.wp.com\/noticiasribeiraopreto.com.br\/wp-content\/uploads\/2026\/08\/EleicaoTV-Agencia-Brasil.jpg?fit=1170%2C700&ssl=1&resize=700%2C400 2x, https:\/\/i0.wp.com\/noticiasribeiraopreto.com.br\/wp-content\/uploads\/2026\/08\/EleicaoTV-Agencia-Brasil.jpg?fit=1170%2C700&ssl=1&resize=1050%2C600 3x"},"classes":[]},{"id":90599,"url":"https:\/\/noticiasribeiraopreto.com.br\/index.php\/2026\/08\/25\/eleicoes-2026-horario-eleitoral-gratuito-comeca-nesta-sexta-na-tv-e-no-radio\/","url_meta":{"origin":90985,"position":2},"title":"Elei\u00e7\u00f5es 2026: hor\u00e1rio eleitoral gratuito come\u00e7a nesta sexta na TV e no r\u00e1dio","author":"noticiasribeiraopreto.com.br","date":"25 de August de 2026","format":false,"excerpt":"Come\u00e7a nesta sexta-feira (28) o hor\u00e1rio eleitoral gratuito para o 1\u00ba turno das Elei\u00e7\u00f5es 2026, veiculado por emissoras de r\u00e1dio e TV. Tamb\u00e9m conhecida como propaganda eleitoral gratuita, \u00e9 o tempo destinado a candidatos e candidatas para divulgar ideias e propostas de campanhas. A veicula\u00e7\u00e3o acontece de segunda a s\u00e1bado\u2026","rel":"","context":"In &quot;Not\u00edcias de Ribeir\u00e3o Preto-SP e Regi\u00e3o&quot;","block_context":{"text":"Not\u00edcias de Ribeir\u00e3o Preto-SP e Regi\u00e3o","link":"https:\/\/noticiasribeiraopreto.com.br\/index.php\/category\/noticias-de-ribeirao-preto-sp-e-regiao-ismael-colosi\/"},"img":{"alt_text":"","src":"https:\/\/i0.wp.com\/noticiasribeiraopreto.com.br\/wp-content\/uploads\/2026\/08\/tv.jpg?fit=1200%2C800&ssl=1&resize=350%2C200","width":350,"height":200,"srcset":"https:\/\/i0.wp.com\/noticiasribeiraopreto.com.br\/wp-content\/uploads\/2026\/08\/tv.jpg?fit=1200%2C800&ssl=1&resize=350%2C200 1x, https:\/\/i0.wp.com\/noticiasribeiraopreto.com.br\/wp-content\/uploads\/2026\/08\/tv.jpg?fit=1200%2C800&ssl=1&resize=525%2C300 1.5x, https:\/\/i0.wp.com\/noticiasribeiraopreto.com.br\/wp-content\/uploads\/2026\/08\/tv.jpg?fit=1200%2C800&ssl=1&resize=700%2C400 2x, https:\/\/i0.wp.com\/noticiasribeiraopreto.com.br\/wp-content\/uploads\/2026\/08\/tv.jpg?fit=1200%2C800&ssl=1&resize=1050%2C600 3x"},"classes":[]},{"id":90330,"url":"https:\/\/noticiasribeiraopreto.com.br\/index.php\/2026\/08\/20\/tse-divulga-tempo-dos-candidatos-no-horario-eleitoral\/","url_meta":{"origin":90985,"position":3},"title":"TSE divulga tempo dos candidatos no hor\u00e1rio eleitoral","author":"noticiasribeiraopreto.com.br","date":"20 de August de 2026","format":false,"excerpt":"\r \r \r 20 de agosto de 2026 17:43 \r Compartilhar0 O Tribunal Superior Eleitoral (TSE) divulgou nesta quinta-feira (20) o tempo que os candidatos \u00e0 Presid\u00eancia da Rep\u00fablica ter\u00e3o no hor\u00e1rio eleitoral gratuito no r\u00e1dio e na TV, que ser\u00e1 exibido entre 28 de agosto e 1\u00b0 de outubro.\u00a0\u2026","rel":"","context":"In &quot;Not\u00edcias de Ribeir\u00e3o Preto-SP e Regi\u00e3o&quot;","block_context":{"text":"Not\u00edcias de Ribeir\u00e3o Preto-SP e Regi\u00e3o","link":"https:\/\/noticiasribeiraopreto.com.br\/index.php\/category\/noticias-de-ribeirao-preto-sp-e-regiao-ismael-colosi\/"},"img":{"alt_text":"","src":"https:\/\/i0.wp.com\/noticiasribeiraopreto.com.br\/wp-content\/uploads\/2026\/08\/dji_20260716174410_0332_d-1.jpg?fit=1170%2C700&ssl=1&resize=350%2C200","width":350,"height":200,"srcset":"https:\/\/i0.wp.com\/noticiasribeiraopreto.com.br\/wp-content\/uploads\/2026\/08\/dji_20260716174410_0332_d-1.jpg?fit=1170%2C700&ssl=1&resize=350%2C200 1x, https:\/\/i0.wp.com\/noticiasribeiraopreto.com.br\/wp-content\/uploads\/2026\/08\/dji_20260716174410_0332_d-1.jpg?fit=1170%2C700&ssl=1&resize=525%2C300 1.5x, https:\/\/i0.wp.com\/noticiasribeiraopreto.com.br\/wp-content\/uploads\/2026\/08\/dji_20260716174410_0332_d-1.jpg?fit=1170%2C700&ssl=1&resize=700%2C400 2x, https:\/\/i0.wp.com\/noticiasribeiraopreto.com.br\/wp-content\/uploads\/2026\/08\/dji_20260716174410_0332_d-1.jpg?fit=1170%2C700&ssl=1&resize=1050%2C600 3x"},"classes":[]},{"id":90205,"url":"https:\/\/noticiasribeiraopreto.com.br\/index.php\/2026\/08\/19\/candidatos-tem-patrimonio-de-r-244-mi\/","url_meta":{"origin":90985,"position":4},"title":"Candidatos t\u00eam patrim\u00f4nio de R$ 24,4 mi","author":"noticiasribeiraopreto.com.br","date":"19 de August de 2026","format":false,"excerpt":"Os 16 candidatos a deputado federal e estadual por Ribeir\u00e3o Preto e regi\u00e3o declararam ao Tribunal Superior Eleitoral bens no valor total de R$ 24.446.592,55 Dezesseis candidatos a deputado federal e estadual pela regi\u00e3o nas elei\u00e7\u00f5es deste ano declararam ao Tribunal Superior Eleitoral (TSE) patrim\u00f4nio no valor de R$ 24.446.592,55.\u2026","rel":"","context":"In &quot;Not\u00edcias de Ribeir\u00e3o Preto-SP e Regi\u00e3o&quot;","block_context":{"text":"Not\u00edcias de Ribeir\u00e3o Preto-SP e Regi\u00e3o","link":"https:\/\/noticiasribeiraopreto.com.br\/index.php\/category\/noticias-de-ribeirao-preto-sp-e-regiao-ismael-colosi\/"},"img":{"alt_text":"","src":"https:\/\/i0.wp.com\/noticiasribeiraopreto.com.br\/wp-content\/uploads\/2026\/08\/GastosTSE-Alfredo-Risk-01.jpg?fit=487%2C750&ssl=1&resize=350%2C200","width":350,"height":200},"classes":[]},{"id":88840,"url":"https:\/\/noticiasribeiraopreto.com.br\/index.php\/2026\/07\/26\/os-candidatos-a-deputado-por-ribeirao-preto\/","url_meta":{"origin":90985,"position":5},"title":"Os candidatos a deputado por Ribeir\u00e3o Preto","author":"noticiasribeiraopreto.com.br","date":"26 de July de 2026","format":false,"excerpt":"Ribeir\u00e3o Preto j\u00e1 come\u00e7ou a oficializar as candidaturas dos pol\u00edticos da cidade que ir\u00e3o disputar as elei\u00e7\u00f5es deste ano para deputado, seja federal ou estadual. O prazo para a realiza\u00e7\u00e3o das conven\u00e7\u00f5es partid\u00e1rias estaduais, que oficializa\u00e7\u00e3o quem disputar\u00e1 uma vaga por cada legenda, termina no dia 5 de agosto. Confira\u2026","rel":"","context":"In &quot;Not\u00edcias de Ribeir\u00e3o Preto-SP e Regi\u00e3o&quot;","block_context":{"text":"Not\u00edcias de Ribeir\u00e3o Preto-SP e Regi\u00e3o","link":"https:\/\/noticiasribeiraopreto.com.br\/index.php\/category\/noticias-de-ribeirao-preto-sp-e-regiao-ismael-colosi\/"},"img":{"alt_text":"","src":"https:\/\/i0.wp.com\/noticiasribeiraopreto.com.br\/wp-content\/uploads\/2026\/07\/nogueira-scaled.jpeg?fit=1171%2C780&ssl=1&resize=350%2C200","width":350,"height":200,"srcset":"https:\/\/i0.wp.com\/noticiasribeiraopreto.com.br\/wp-content\/uploads\/2026\/07\/nogueira-scaled.jpeg?fit=1171%2C780&ssl=1&resize=350%2C200 1x, https:\/\/i0.wp.com\/noticiasribeiraopreto.com.br\/wp-content\/uploads\/2026\/07\/nogueira-scaled.jpeg?fit=1171%2C780&ssl=1&resize=525%2C300 1.5x, https:\/\/i0.wp.com\/noticiasribeiraopreto.com.br\/wp-content\/uploads\/2026\/07\/nogueira-scaled.jpeg?fit=1171%2C780&ssl=1&resize=700%2C400 2x, https:\/\/i0.wp.com\/noticiasribeiraopreto.com.br\/wp-content\/uploads\/2026\/07\/nogueira-scaled.jpeg?fit=1171%2C780&ssl=1&resize=1050%2C600 3x"},"classes":[]}],"jetpack_sharing_enabled":true,"jetpack_shortlink":"https:\/\/wp.me\/peQAOb-nFv","jetpack_featured_media_url":"https:\/\/i0.wp.com\/noticiasribeiraopreto.com.br\/wp-content\/uploads\/2026\/09\/bolsonaro_2025-11-23_16-53-17.webp.webp?fit=1200%2C687&ssl=1","_links":{"self":[{"href":"https:\/\/noticiasribeiraopreto.com.br\/index.php\/wp-json\/wp\/v2\/posts\/90985","targetHints":{"allow":["GET"]}}],"collection":[{"href":"https:\/\/noticiasribeiraopreto.com.br\/index.php\/wp-json\/wp\/v2\/posts"}],"about":[{"href":"https:\/\/noticiasribeiraopreto.com.br\/index.php\/wp-json\/wp\/v2\/types\/post"}],"author":[{"embeddable":true,"href":"https:\/\/noticiasribeiraopreto.com.br\/index.php\/wp-json\/wp\/v2\/users\/1"}],"replies":[{"embeddable":true,"href":"https:\/\/noticiasribeiraopreto.com.br\/index.php\/wp-json\/wp\/v2\/comments?post=90985"}],"version-history":[{"count":0,"href":"https:\/\/noticiasribeiraopreto.com.br\/index.php\/wp-json\/wp\/v2\/posts\/90985\/revisions"}],"wp:featuredmedia":[{"embeddable":true,"href":"https:\/\/noticiasribeiraopreto.com.br\/index.php\/wp-json\/wp\/v2\/media\/90986"}],"wp:attachment":[{"href":"https:\/\/noticiasribeiraopreto.com.br\/index.php\/wp-json\/wp\/v2\/media?parent=90985"}],"wp:term":[{"taxonomy":"category","embeddable":true,"href":"https:\/\/noticiasribeiraopreto.com.br\/index.php\/wp-json\/wp\/v2\/categories?post=90985"},{"taxonomy":"post_tag","embeddable":true,"href":"https:\/\/noticiasribeiraopreto.com.br\/index.php\/wp-json\/wp\/v2\/tags?post=90985"}],"curies":[{"name":"wp","href":"https:\/\/api.w.org\/{rel}","templated":true}]}}