{"id":90989,"date":"2026-09-02T14:53:42","date_gmt":"2026-09-02T17:53:42","guid":{"rendered":"https:\/\/noticiasribeiraopreto.com.br\/index.php\/2026\/09\/02\/desfile-7-de-setembro-ribeirao-preto-horario-local-programacao-completa\/"},"modified":"2026-09-02T14:53:42","modified_gmt":"2026-09-02T17:53:42","slug":"desfile-7-de-setembro-ribeirao-preto-horario-local-programacao-completa","status":"publish","type":"post","link":"https:\/\/noticiasribeiraopreto.com.br\/index.php\/2026\/09\/02\/desfile-7-de-setembro-ribeirao-preto-horario-local-programacao-completa\/","title":{"rendered":"Desfile de 7 de Setembro em Ribeir\u00e3o Preto: veja hor\u00e1rio, local e programa\u00e7\u00e3o completa"},"content":{"rendered":"<div class='code-block code-block-1' style='margin: 8px 0 8px auto; text-align: right; display: block; clear: both;'>\n<p><a href=\"https:\/\/wa.link\/vpicfd\"><img data-recalc-dims=\"1\" class=\"wp-image-4922\" style=\"aspect-ratio: 2.0253164556962027; width: 561px; height: auto;\" src=\"https:\/\/i0.wp.com\/ismaelcolosi.com.br\/wp-content\/uploads\/2023\/11\/grupo-de-empregos-whatsapp-e-facebook-ismael-colosi-vagas.jpg?ssl=1\" alt=\"\" \/><\/a><\/p>\n<!-- \/wp:image -->\n<\/div>\n<p> <br \/>\n<\/p>\n<p><strong>Ribeir\u00e3o Preto<\/strong> se prepara para celebrar os 204 anos de<strong> Independ\u00eancia do Brasil<\/strong> na pr\u00f3xima segunda-feira, <strong>7 de setembro<\/strong>, com a realiza\u00e7\u00e3o do tradicional<strong> Desfile C\u00edvico<\/strong>. O evento, aberto ao p\u00fablico, come\u00e7a a partir das 8h, na avenida Paschoal Innecchi, reunindo as for\u00e7as de seguran\u00e7a, escolas, entidades sociais, grupos comunit\u00e1rios e institui\u00e7\u00f5es.<\/p>\n<p class=\"has-cyan-bluish-gray-background-color has-background\"><em>Receba not\u00edcias do\u00a0<strong>acidade on Ribeir\u00e3o\u00a0<\/strong>no WhatsApp e fique por dentro de tudo! Basta acessar o link<a href=\"https:\/\/chat.whatsapp.com\/DfXwcjKVIddHUT3BvnQuPZ?mode=hqctshi\" target=\"_blank\" rel=\"noreferrer noopener\">\u00a0aqui<\/a>!<\/em><\/p>\n<p>De acordo com a GCM (Guarda Civil Metropolitana), a defini\u00e7\u00e3o pr\u00e9via de trajetos e bloqueios garante fluidez e prote\u00e7\u00e3o tanto para quem desfila quanto para as fam\u00edlias que acompanham o cortejo ao longo do corredor vi\u00e1rio.<\/p>\n<h2 class=\"wp-block-heading\"><strong>Bandas, pelot\u00f5es e inclus\u00e3o na avenida<\/strong><\/h2>\n<p>A programa\u00e7\u00e3o ter\u00e1 in\u00edcio com a Base de Apoio Regional e contar\u00e1 com a participa\u00e7\u00e3o do Tiro de Guerra de Ribeir\u00e3o Preto \u2013 Banda Duque de Caxias, al\u00e9m da reencena\u00e7\u00e3o hist\u00f3rica do Velho Sexto e das bandas da Pol\u00edcia Militar e da APAE.<\/p>\n<p>Tamb\u00e9m integram o desfile o pelot\u00e3o da Guarda Civil Metropolitana, o Pelot\u00e3o Infantil da GCM, o Basquete em Cadeira de Rodas e V\u00f4lei Sentado, os Gide\u00f5es Mirins, o Bombeiro Infantil (Centro de Instru\u00e7\u00e3o Mirim), a Funda\u00e7\u00e3o Educand\u00e1rio, o Grupo de Escoteiros Aimor\u00e9s, o Grupo de Escoteiros Ribeir\u00e3o Preto e o Grupo de Escoteiros Baob\u00e1.<\/p>\n<p>Entre as institui\u00e7\u00f5es de ensino e grupos participantes est\u00e3o a EMEF Eduardo Romualdo de Souza, a EMEF Alfeu Gasparini, o Grupo Arco-\u00cdris (Amor Filial), o Col\u00e9gio Independ\u00eancia, os Aventureiros e os Desbravadores, al\u00e9m da Igreja do Evangelho Quadrangular, International Foursquare Gospel Central de Ribeir\u00e3o Preto.<\/p>\n<figure class=\"wp-block-image size-large\"><figcaption class=\"wp-element-caption\">Fonte: Prefeitura de Ribeir\u00e3o Preto<\/figcaption><\/figure>\n<p>A programa\u00e7\u00e3o tamb\u00e9m contar\u00e1 com apresenta\u00e7\u00f5es e participa\u00e7\u00f5es de grupos culturais e comunit\u00e1rios, como Taiyo Ongakutai, Asas Paz, Taiga, Legi\u00e3o da Boa Vontade (LBV), Ordem DeMolay, Patins Clube \u2013 Rock Shop Skate, Narc\u00f3ticos An\u00f4nimos e Tica Escola de Samba.<\/p>\n<p>Participam tamb\u00e9m o Samu, com o Samuzinho, Samuz\u00e3o e viaturas; a Pol\u00edcia Civil; a Guarda Civil Metropolitana, com viaturas; a Defesa Civil; a Pol\u00edcia Militar, com viaturas e cavalaria; o Corpo de Bombeiros e a Pol\u00edcia Penal.<\/p>\n<p>O desfile ter\u00e1 ainda a participa\u00e7\u00e3o da RP Mobi, do Moto Clube, do Conselho Regional de Corretores de Im\u00f3veis (Creci-SP) e de grupos ligados ao setor automotivo e agr\u00edcola, como Low Style RP, Brothers Car Ribeir\u00e3o Preto, California Volks e Trator Agricultura Familiar \u2013 Volvo T230.<\/p>\n<h2 class=\"wp-block-heading\"><strong>Servi\u00e7o<\/strong><\/h2>\n<h3 class=\"wp-block-heading\"><strong>Desfile C\u00edvico de 7 de Setembro<\/strong><\/h3>\n<p><strong>Quando: <\/strong>Segunda-feira, 7 de setembro, a partir das 8h<br \/><strong>Onde: <\/strong>avenida Paschoal Innecchi \u2013 Ribeir\u00e3o Preto<\/p>\n<figure class=\"wp-block-gallery has-nested-images columns-default is-cropped wp-block-gallery-1 is-layout-flex wp-block-gallery-is-layout-flex\">\n<figure class=\"wp-block-image size-large\"><img data-recalc-dims=\"1\" loading=\"lazy\" decoding=\"async\" width=\"1024\" height=\"768\" data-id=\"128229\" src=\"https:\/\/i0.wp.com\/www.acidadeon.com\/ribeiraopreto\/wp-content\/uploads\/sites\/3\/2025\/09\/WhatsApp-Image-2025-09-07-at-10.55.41_2025-09-07_14-00-19-1024x768.webp?resize=1024%2C768&#038;ssl=1\" alt=\"Desfile C\u00edvico aconteceu na manh\u00e3 deste domingo (07), no Jardim Independ\u00eancia - Foto: V\u00edtor Neves\/ acidade on.\" class=\"wp-image-128229\" title=\"Desfile de 7 de Setembro em Ribeir\u00e3o Preto: veja hor\u00e1rio, local e programa\u00e7\u00e3o completa 2\"><figcaption class=\"wp-element-caption\"> Foto: V\u00edtor Neves\/ acidade on. <\/figcaption><\/figure>\n<figure class=\"wp-block-image size-large\"><img data-recalc-dims=\"1\" loading=\"lazy\" decoding=\"async\" width=\"1600\" height=\"900\" data-id=\"43811\" src=\"https:\/\/i0.wp.com\/www.acidadeon.com\/ribeiraopreto\/wp-content\/uploads\/sites\/3\/2023\/09\/WhatsApp-Image-2023-09-07-at-09.39.45.jpeg?resize=1600%2C900&#038;ssl=1\" alt=\"Desfile de 7 de setembro em Ribeir\u00e3o Preto\" class=\"wp-image-43811\" title=\"Desfile de 7 de Setembro em Ribeir\u00e3o Preto: veja hor\u00e1rio, local e programa\u00e7\u00e3o completa 3\"><figcaption class=\"wp-element-caption\"> (Foto: Samuel Santos\/CBN Ribeir\u00e3o)<\/figcaption><\/figure>\n<figure class=\"wp-block-image size-large\"><img data-recalc-dims=\"1\" loading=\"lazy\" decoding=\"async\" width=\"1600\" height=\"1066\" data-id=\"41293\" src=\"https:\/\/i0.wp.com\/www.acidadeon.com\/ribeiraopreto\/wp-content\/uploads\/sites\/3\/2023\/09\/7_de_setembro_fernando_gonzaga_3.jpeg?resize=1600%2C1066&#038;ssl=1\" alt=\"Tradicional desfile c\u00edvico ser\u00e1 realizado no Jardim Independ\u00eancia - Foto: Fernando Gonzaga\/ CCS Ribeir\u00e3o.\" class=\"wp-image-41293\" title=\"Desfile de 7 de Setembro em Ribeir\u00e3o Preto: veja hor\u00e1rio, local e programa\u00e7\u00e3o completa 4\"><figcaption class=\"wp-element-caption\"> Foto: Fernando Gonzaga\/ CCS Ribeir\u00e3o.<\/figcaption><\/figure>\n<figure class=\"wp-block-image size-large\"><img data-recalc-dims=\"1\" decoding=\"async\" data-id=\"31774\" src=\"https:\/\/i0.wp.com\/www.acidadeon.com\/ribeiraopreto\/wp-content\/uploads\/sites\/3\/2023\/08\/desfile.jpg?ssl=1\" alt=\"desfile\" class=\"wp-image-31774\" title=\"Desfile de 7 de Setembro em Ribeir\u00e3o Preto: veja hor\u00e1rio, local e programa\u00e7\u00e3o completa 5\"><figcaption class=\"wp-element-caption\"> Foto: Divulga\u00e7\u00e3o<\/figcaption><\/figure>\n<figure class=\"wp-block-image size-large\"><img decoding=\"async\" data-id=\"30291\" src=\"https:\/\/www.acidadeon.com\/ribeiraopreto\/wp-content\/uploads\/sites\/3\/2023\/08\/whatsapp_image_2022-09-07_at_08_11_49.jpe\" alt=\"whatsapp image 2022 09 07 at 08 11 49\" class=\"wp-image-30291\" title=\"Desfile de 7 de Setembro em Ribeir\u00e3o Preto: veja hor\u00e1rio, local e programa\u00e7\u00e3o completa 6\"><figcaption class=\"wp-element-caption\"> (Foto: Igor Abreu)<\/figcaption><\/figure>\n<figure class=\"wp-block-image size-large\"><img decoding=\"async\" data-id=\"30287\" src=\"https:\/\/www.acidadeon.com\/ribeiraopreto\/wp-content\/uploads\/sites\/3\/2023\/08\/whatsapp_image_2022-09-07_at_08_21_19.jpe\" alt=\"whatsapp image 2022 09 07 at 08 21 19\" class=\"wp-image-30287\" title=\"Desfile de 7 de Setembro em Ribeir\u00e3o Preto: veja hor\u00e1rio, local e programa\u00e7\u00e3o completa 7\"><figcaption class=\"wp-element-caption\"> (Foto: Igor Abreu)<\/figcaption><\/figure>\n<figure class=\"wp-block-image size-large\"><img decoding=\"async\" data-id=\"30267\" src=\"https:\/\/www.acidadeon.com\/ribeiraopreto\/wp-content\/uploads\/sites\/3\/2023\/08\/desfile_7_de_setembro_1.jpe\" alt=\"desfile 7 de setembro 1\" class=\"wp-image-30267\" title=\"Desfile de 7 de Setembro em Ribeir\u00e3o Preto: veja hor\u00e1rio, local e programa\u00e7\u00e3o completa 8\"><figcaption class=\"wp-element-caption\">(Foto: Divulga\u00e7\u00e3o\/CCS Ribeir\u00e3o)<\/figcaption><\/figure>\n<\/figure>\n<p class=\"has-cyan-bluish-gray-background-color has-background\"><em>Fa\u00e7a uma den\u00fancia ou sugira uma reportagem sobre\u00a0<strong>Ribeir\u00e3o Preto\u00a0<\/strong>e regi\u00e3o por meio do WhatsApp do\u00a0<strong>acidade on Ribeir\u00e3o<\/strong>: (16) 99117-7802.<\/em><\/p>\n<\/p>\n<p>O post Desfile de 7 de Setembro em Ribeir\u00e3o Preto: veja hor\u00e1rio, local e programa\u00e7\u00e3o completa apareceu primeiro em ACidade ON Ribeir\u00e3o Preto.<\/p>\n<p><br \/>\n<br \/><a href=\"https:\/\/www.acidadeon.com\/ribeiraopreto\/lazer-e-cultura\/desfile-7-de-setembro-ribeirao-preto-horario-local-programacao-completa\/\">Link para o texto original aqui <\/a><\/p>\n<!-- CONTENT END 1 -->\n","protected":false},"excerpt":{"rendered":"<p>Ribeir\u00e3o Preto se prepara para celebrar os 204 anos de Independ\u00eancia do Brasil na pr\u00f3xima segunda-feira, 7 de setembro, com a realiza\u00e7\u00e3o do tradicional Desfile&#8230;<\/p>\n","protected":false},"author":1,"featured_media":90990,"comment_status":"","ping_status":"","sticky":false,"template":"","format":"standard","meta":{"advanced_seo_description":"","jetpack_seo_html_title":"","jetpack_seo_noindex":false,"jetpack_seo_schema_type":"","_jetpack_newsletter_access":"","_jetpack_dont_email_post_to_subs":false,"_jetpack_newsletter_tier_id":0,"_jetpack_memberships_contains_paywalled_content":false,"_jetpack_feature_clip_id":0,"_jetpack_memberships_contains_paid_content":false,"footnotes":"","jetpack_publicize_message":"","jetpack_publicize_feature_enabled":true,"jetpack_social_post_already_shared":true,"jetpack_social_options":{"image_generator_settings":{"template":"highway","default_image_id":0,"font":"","enabled":false},"version":2},"jetpack_post_was_ever_published":false},"categories":[11],"tags":[8884,1528,3429,378,613,27,70,26,3398,48],"class_list":["post-90989","post","type-post","status-publish","format-standard","has-post-thumbnail","hentry","category-noticias-de-ribeirao-preto-sp-e-regiao-ismael-colosi","tag-8884","tag-completa","tag-desfile","tag-horario","tag-local","tag-preto","tag-programacao","tag-ribeirao","tag-setembro","tag-veja"],"jetpack_publicize_connections":[],"jetpack-related-posts":[{"id":79380,"url":"https:\/\/noticiasribeiraopreto.com.br\/index.php\/2025\/10\/30\/ribeirao-preto-recebe-o-caolloween-com-desfile-tematico-musica-e-adocao-de-pets\/","url_meta":{"origin":90989,"position":0},"title":"Ribeir\u00e3o Preto recebe o &#8216;C\u00e3olloween&#8217; com desfile tem\u00e1tico, m\u00fasica e ado\u00e7\u00e3o de pets","author":"noticiasribeiraopreto.com.br","date":"30 de October de 2025","format":false,"excerpt":"Ribeir\u00e3o Preto se prepara para recebe neste final de semana, o C\u00e3olloween, evento que combina divers\u00e3o, cultura e solidariedade. A programa\u00e7\u00e3o do C\u00e3olloween ser\u00e1 realizada na Pra\u00e7a Sete de Setembro, neste s\u00e1bado (1\u00ba), a partir das 9h, com entrada gratuita para todo o p\u00fablico. O destaque do evento fica por\u2026","rel":"","context":"In &quot;Not\u00edcias de Ribeir\u00e3o Preto-SP e Regi\u00e3o&quot;","block_context":{"text":"Not\u00edcias de Ribeir\u00e3o Preto-SP e Regi\u00e3o","link":"https:\/\/noticiasribeiraopreto.com.br\/index.php\/category\/noticias-de-ribeirao-preto-sp-e-regiao-ismael-colosi\/"},"img":{"alt_text":"","src":"https:\/\/i0.wp.com\/noticiasribeiraopreto.com.br\/wp-content\/uploads\/2025\/10\/terror-11_2025-10-30_19-32-35.webp.webp?fit=1200%2C675&ssl=1&resize=350%2C200","width":350,"height":200,"srcset":"https:\/\/i0.wp.com\/noticiasribeiraopreto.com.br\/wp-content\/uploads\/2025\/10\/terror-11_2025-10-30_19-32-35.webp.webp?fit=1200%2C675&ssl=1&resize=350%2C200 1x, https:\/\/i0.wp.com\/noticiasribeiraopreto.com.br\/wp-content\/uploads\/2025\/10\/terror-11_2025-10-30_19-32-35.webp.webp?fit=1200%2C675&ssl=1&resize=525%2C300 1.5x, https:\/\/i0.wp.com\/noticiasribeiraopreto.com.br\/wp-content\/uploads\/2025\/10\/terror-11_2025-10-30_19-32-35.webp.webp?fit=1200%2C675&ssl=1&resize=700%2C400 2x, https:\/\/i0.wp.com\/noticiasribeiraopreto.com.br\/wp-content\/uploads\/2025\/10\/terror-11_2025-10-30_19-32-35.webp.webp?fit=1200%2C675&ssl=1&resize=1050%2C600 3x"},"classes":[]},{"id":57682,"url":"https:\/\/noticiasribeiraopreto.com.br\/index.php\/2024\/09\/07\/ribeirao-preto-realiza-desfile-em-comemoracao-aos-202-anos-da-independencia-do-brasil\/","url_meta":{"origin":90989,"position":1},"title":"Ribeir\u00e3o Preto realiza desfile em comemora\u00e7\u00e3o aos 202 anos da Independ\u00eancia do Brasil","author":"noticiasribeiraopreto.com.br","date":"7 de September de 2024","format":false,"excerpt":"Foi realizado em Ribeir\u00e3o Preto na manh\u00e3 deste s\u00e1bado, o desfile de 7 de Setembro, em comemora\u00e7\u00e3o aos 202 anos da Independ\u00eancia do Brasil. O desfile come\u00e7ou por volta das 7h e aconteceu na avenida Cavalheiro Paschoal Innechi, no Jardim Independ\u00eancia. VEJA O V\u00cdDEO Ver essa foto no Instagram Uma\u2026","rel":"","context":"In &quot;Not\u00edcias de Ribeir\u00e3o Preto-SP e Regi\u00e3o&quot;","block_context":{"text":"Not\u00edcias de Ribeir\u00e3o Preto-SP e Regi\u00e3o","link":"https:\/\/noticiasribeiraopreto.com.br\/index.php\/category\/noticias-de-ribeirao-preto-sp-e-regiao-ismael-colosi\/"},"img":{"alt_text":"","src":"https:\/\/i0.wp.com\/noticiasribeiraopreto.com.br\/wp-content\/uploads\/2024\/09\/7-de-setembro_2024-09-07_12-22-06_jpeg_2024-09-07_12-22-06.webp.webp?fit=1200%2C900&ssl=1&resize=350%2C200","width":350,"height":200,"srcset":"https:\/\/i0.wp.com\/noticiasribeiraopreto.com.br\/wp-content\/uploads\/2024\/09\/7-de-setembro_2024-09-07_12-22-06_jpeg_2024-09-07_12-22-06.webp.webp?fit=1200%2C900&ssl=1&resize=350%2C200 1x, https:\/\/i0.wp.com\/noticiasribeiraopreto.com.br\/wp-content\/uploads\/2024\/09\/7-de-setembro_2024-09-07_12-22-06_jpeg_2024-09-07_12-22-06.webp.webp?fit=1200%2C900&ssl=1&resize=525%2C300 1.5x, https:\/\/i0.wp.com\/noticiasribeiraopreto.com.br\/wp-content\/uploads\/2024\/09\/7-de-setembro_2024-09-07_12-22-06_jpeg_2024-09-07_12-22-06.webp.webp?fit=1200%2C900&ssl=1&resize=700%2C400 2x, https:\/\/i0.wp.com\/noticiasribeiraopreto.com.br\/wp-content\/uploads\/2024\/09\/7-de-setembro_2024-09-07_12-22-06_jpeg_2024-09-07_12-22-06.webp.webp?fit=1200%2C900&ssl=1&resize=1050%2C600 3x"},"classes":[]},{"id":76577,"url":"https:\/\/noticiasribeiraopreto.com.br\/index.php\/2025\/09\/01\/ribeirao-preto-celebra-7-de-setembro-com-desfile-civico-e-mais-de-40-grupos-participantes\/","url_meta":{"origin":90989,"position":2},"title":"Ribeir\u00e3o Preto celebra 7 de Setembro com desfile c\u00edvico e mais de 40 grupos participantes","author":"noticiasribeiraopreto.com.br","date":"1 de September de 2025","format":false,"excerpt":"O tradicional desfile c\u00edvico de 7 de setembro, em Ribeir\u00e3o Preto, acontece no domingo (7) a partir das 8h, na avenida Cavalheiro Paschoal Inecchi, no Jardim Independ\u00eancia, zona Norte da cidade. O evento celebra os 203 anos da Independ\u00eancia do Brasil e deve reunir cerca de 2 mil participantes, al\u00e9m\u2026","rel":"","context":"In &quot;Not\u00edcias de Ribeir\u00e3o Preto-SP e Regi\u00e3o&quot;","block_context":{"text":"Not\u00edcias de Ribeir\u00e3o Preto-SP e Regi\u00e3o","link":"https:\/\/noticiasribeiraopreto.com.br\/index.php\/category\/noticias-de-ribeirao-preto-sp-e-regiao-ismael-colosi\/"},"img":{"alt_text":"","src":"https:\/\/i0.wp.com\/noticiasribeiraopreto.com.br\/wp-content\/uploads\/2025\/09\/7_de_setembro_fernando_gonzaga_3.jpeg?fit=1200%2C800&ssl=1&resize=350%2C200","width":350,"height":200,"srcset":"https:\/\/i0.wp.com\/noticiasribeiraopreto.com.br\/wp-content\/uploads\/2025\/09\/7_de_setembro_fernando_gonzaga_3.jpeg?fit=1200%2C800&ssl=1&resize=350%2C200 1x, https:\/\/i0.wp.com\/noticiasribeiraopreto.com.br\/wp-content\/uploads\/2025\/09\/7_de_setembro_fernando_gonzaga_3.jpeg?fit=1200%2C800&ssl=1&resize=525%2C300 1.5x, https:\/\/i0.wp.com\/noticiasribeiraopreto.com.br\/wp-content\/uploads\/2025\/09\/7_de_setembro_fernando_gonzaga_3.jpeg?fit=1200%2C800&ssl=1&resize=700%2C400 2x, https:\/\/i0.wp.com\/noticiasribeiraopreto.com.br\/wp-content\/uploads\/2025\/09\/7_de_setembro_fernando_gonzaga_3.jpeg?fit=1200%2C800&ssl=1&resize=1050%2C600 3x"},"classes":[]},{"id":57623,"url":"https:\/\/noticiasribeiraopreto.com.br\/index.php\/2024\/09\/05\/ribeirao-tera-desfile-civico-de-7-de-setembro-neste-sabado-veja-detalhes\/","url_meta":{"origin":90989,"position":3},"title":"Ribeir\u00e3o ter\u00e1 desfile c\u00edvico de 7 de setembro neste s\u00e1bado; veja detalhes","author":"noticiasribeiraopreto.com.br","date":"5 de September de 2024","format":false,"excerpt":"O tradicional desfile c\u00edvico de 7 de setembro, em Ribeir\u00e3o Preto, acontece neste s\u00e1bado (7) a partir das 7h, na avenida Cavalheiro Paschoal Inecchi, no Jardim Independ\u00eancia, zona Norte da cidade. Devido as condi\u00e7\u00f5es clim\u00e1ticas, o evento que sempre aconteceu \u00e0s 8h foi adiantado em uma hora e acontecer\u00e1 \u00e0s\u2026","rel":"","context":"In &quot;Not\u00edcias de Ribeir\u00e3o Preto-SP e Regi\u00e3o&quot;","block_context":{"text":"Not\u00edcias de Ribeir\u00e3o Preto-SP e Regi\u00e3o","link":"https:\/\/noticiasribeiraopreto.com.br\/index.php\/category\/noticias-de-ribeirao-preto-sp-e-regiao-ismael-colosi\/"},"img":{"alt_text":"","src":"https:\/\/i0.wp.com\/noticiasribeiraopreto.com.br\/wp-content\/uploads\/2024\/09\/WhatsApp-Image-2023-09-07-at-09.39.45_2024-09-05_19-27-19_jpeg_2024-09-05_19-27-19.webp.webp?fit=1200%2C675&ssl=1&resize=350%2C200","width":350,"height":200,"srcset":"https:\/\/i0.wp.com\/noticiasribeiraopreto.com.br\/wp-content\/uploads\/2024\/09\/WhatsApp-Image-2023-09-07-at-09.39.45_2024-09-05_19-27-19_jpeg_2024-09-05_19-27-19.webp.webp?fit=1200%2C675&ssl=1&resize=350%2C200 1x, https:\/\/i0.wp.com\/noticiasribeiraopreto.com.br\/wp-content\/uploads\/2024\/09\/WhatsApp-Image-2023-09-07-at-09.39.45_2024-09-05_19-27-19_jpeg_2024-09-05_19-27-19.webp.webp?fit=1200%2C675&ssl=1&resize=525%2C300 1.5x, https:\/\/i0.wp.com\/noticiasribeiraopreto.com.br\/wp-content\/uploads\/2024\/09\/WhatsApp-Image-2023-09-07-at-09.39.45_2024-09-05_19-27-19_jpeg_2024-09-05_19-27-19.webp.webp?fit=1200%2C675&ssl=1&resize=700%2C400 2x, https:\/\/i0.wp.com\/noticiasribeiraopreto.com.br\/wp-content\/uploads\/2024\/09\/WhatsApp-Image-2023-09-07-at-09.39.45_2024-09-05_19-27-19_jpeg_2024-09-05_19-27-19.webp.webp?fit=1200%2C675&ssl=1&resize=1050%2C600 3x"},"classes":[]},{"id":76800,"url":"https:\/\/noticiasribeiraopreto.com.br\/index.php\/2025\/09\/05\/shows-teatro-e-feira-onde-aproveitar-o-fim-de-semana-em-ribeirao\/","url_meta":{"origin":90989,"position":4},"title":"Shows, teatro e feira: onde aproveitar o fim de semana em Ribeir\u00e3o?","author":"noticiasribeiraopreto.com.br","date":"5 de September de 2025","format":false,"excerpt":"O fim de semana em Ribeir\u00e3o Preto conta com op\u00e7\u00f5es culturais para aproveitar com toda fam\u00edlia. Entre as op\u00e7\u00f5es, a cidade recebe show do rapper FBC, no Teatro de Arena, a segunda montagem da Mostra de Teatro da Alma (Academia Livre de M\u00fasica e Artes) e a feira especial aos\u2026","rel":"","context":"In &quot;Not\u00edcias de Ribeir\u00e3o Preto-SP e Regi\u00e3o&quot;","block_context":{"text":"Not\u00edcias de Ribeir\u00e3o Preto-SP e Regi\u00e3o","link":"https:\/\/noticiasribeiraopreto.com.br\/index.php\/category\/noticias-de-ribeirao-preto-sp-e-regiao-ismael-colosi\/"},"img":{"alt_text":"","src":"https:\/\/i0.wp.com\/noticiasribeiraopreto.com.br\/wp-content\/uploads\/2025\/09\/Copia-de-Copia-de-Copia-de-TAMANHO-EXATO-PARA-FOTOS-NO-SISTEMA-NOVO-2025-09-05T105334.705_2025-09-05_13-53-44.webp.webp?fit=1200%2C675&ssl=1&resize=350%2C200","width":350,"height":200,"srcset":"https:\/\/i0.wp.com\/noticiasribeiraopreto.com.br\/wp-content\/uploads\/2025\/09\/Copia-de-Copia-de-Copia-de-TAMANHO-EXATO-PARA-FOTOS-NO-SISTEMA-NOVO-2025-09-05T105334.705_2025-09-05_13-53-44.webp.webp?fit=1200%2C675&ssl=1&resize=350%2C200 1x, https:\/\/i0.wp.com\/noticiasribeiraopreto.com.br\/wp-content\/uploads\/2025\/09\/Copia-de-Copia-de-Copia-de-TAMANHO-EXATO-PARA-FOTOS-NO-SISTEMA-NOVO-2025-09-05T105334.705_2025-09-05_13-53-44.webp.webp?fit=1200%2C675&ssl=1&resize=525%2C300 1.5x, https:\/\/i0.wp.com\/noticiasribeiraopreto.com.br\/wp-content\/uploads\/2025\/09\/Copia-de-Copia-de-Copia-de-TAMANHO-EXATO-PARA-FOTOS-NO-SISTEMA-NOVO-2025-09-05T105334.705_2025-09-05_13-53-44.webp.webp?fit=1200%2C675&ssl=1&resize=700%2C400 2x, https:\/\/i0.wp.com\/noticiasribeiraopreto.com.br\/wp-content\/uploads\/2025\/09\/Copia-de-Copia-de-Copia-de-TAMANHO-EXATO-PARA-FOTOS-NO-SISTEMA-NOVO-2025-09-05T105334.705_2025-09-05_13-53-44.webp.webp?fit=1200%2C675&ssl=1&resize=1050%2C600 3x"},"classes":[]},{"id":76832,"url":"https:\/\/noticiasribeiraopreto.com.br\/index.php\/2025\/09\/06\/veja-quais-ruas-de-ribeirao-preto-estarao-interditadas-para-o-desfile-de-7-de-setembro\/","url_meta":{"origin":90989,"position":5},"title":"Veja quais ruas de Ribeir\u00e3o Preto estar\u00e3o interditadas para o desfile de 7 de Setembro","author":"noticiasribeiraopreto.com.br","date":"6 de September de 2025","format":false,"excerpt":"A avenida Cavalheiro Paschoal Innechi, em Ribeir\u00e3o Preto, ser\u00e1 interditada nos dois sentidos neste domingo (7), juntamente com as vias paralelas, em raz\u00e3o do desfile c\u00edvico do Dia da Independ\u00eancia do Brasil. De acordo com a RP Mobi, todas as vias paralelas \u00e0 avenida, entre a avenida Paris e a\u2026","rel":"","context":"In &quot;Not\u00edcias de Ribeir\u00e3o Preto-SP e Regi\u00e3o&quot;","block_context":{"text":"Not\u00edcias de Ribeir\u00e3o Preto-SP e Regi\u00e3o","link":"https:\/\/noticiasribeiraopreto.com.br\/index.php\/category\/noticias-de-ribeirao-preto-sp-e-regiao-ismael-colosi\/"},"img":{"alt_text":"","src":"https:\/\/i0.wp.com\/noticiasribeiraopreto.com.br\/wp-content\/uploads\/2025\/09\/7-de-setembro_2024-09-07_12-22-06_jpeg_2024-09-07_12-22-06.webp.webp?fit=1200%2C900&ssl=1&resize=350%2C200","width":350,"height":200,"srcset":"https:\/\/i0.wp.com\/noticiasribeiraopreto.com.br\/wp-content\/uploads\/2025\/09\/7-de-setembro_2024-09-07_12-22-06_jpeg_2024-09-07_12-22-06.webp.webp?fit=1200%2C900&ssl=1&resize=350%2C200 1x, https:\/\/i0.wp.com\/noticiasribeiraopreto.com.br\/wp-content\/uploads\/2025\/09\/7-de-setembro_2024-09-07_12-22-06_jpeg_2024-09-07_12-22-06.webp.webp?fit=1200%2C900&ssl=1&resize=525%2C300 1.5x, https:\/\/i0.wp.com\/noticiasribeiraopreto.com.br\/wp-content\/uploads\/2025\/09\/7-de-setembro_2024-09-07_12-22-06_jpeg_2024-09-07_12-22-06.webp.webp?fit=1200%2C900&ssl=1&resize=700%2C400 2x, https:\/\/i0.wp.com\/noticiasribeiraopreto.com.br\/wp-content\/uploads\/2025\/09\/7-de-setembro_2024-09-07_12-22-06_jpeg_2024-09-07_12-22-06.webp.webp?fit=1200%2C900&ssl=1&resize=1050%2C600 3x"},"classes":[]}],"jetpack_sharing_enabled":true,"jetpack_shortlink":"https:\/\/wp.me\/peQAOb-nFz","jetpack_featured_media_url":"https:\/\/i0.wp.com\/noticiasribeiraopreto.com.br\/wp-content\/uploads\/2026\/09\/desfile-7-de-setembro-1.jpeg?fit=1600%2C1066&ssl=1","_links":{"self":[{"href":"https:\/\/noticiasribeiraopreto.com.br\/index.php\/wp-json\/wp\/v2\/posts\/90989","targetHints":{"allow":["GET"]}}],"collection":[{"href":"https:\/\/noticiasribeiraopreto.com.br\/index.php\/wp-json\/wp\/v2\/posts"}],"about":[{"href":"https:\/\/noticiasribeiraopreto.com.br\/index.php\/wp-json\/wp\/v2\/types\/post"}],"author":[{"embeddable":true,"href":"https:\/\/noticiasribeiraopreto.com.br\/index.php\/wp-json\/wp\/v2\/users\/1"}],"replies":[{"embeddable":true,"href":"https:\/\/noticiasribeiraopreto.com.br\/index.php\/wp-json\/wp\/v2\/comments?post=90989"}],"version-history":[{"count":0,"href":"https:\/\/noticiasribeiraopreto.com.br\/index.php\/wp-json\/wp\/v2\/posts\/90989\/revisions"}],"wp:featuredmedia":[{"embeddable":true,"href":"https:\/\/noticiasribeiraopreto.com.br\/index.php\/wp-json\/wp\/v2\/media\/90990"}],"wp:attachment":[{"href":"https:\/\/noticiasribeiraopreto.com.br\/index.php\/wp-json\/wp\/v2\/media?parent=90989"}],"wp:term":[{"taxonomy":"category","embeddable":true,"href":"https:\/\/noticiasribeiraopreto.com.br\/index.php\/wp-json\/wp\/v2\/categories?post=90989"},{"taxonomy":"post_tag","embeddable":true,"href":"https:\/\/noticiasribeiraopreto.com.br\/index.php\/wp-json\/wp\/v2\/tags?post=90989"}],"curies":[{"name":"wp","href":"https:\/\/api.w.org\/{rel}","templated":true}]}}