{"id":90991,"date":"2026-09-02T15:41:41","date_gmt":"2026-09-02T18:41:41","guid":{"rendered":"https:\/\/noticiasribeiraopreto.com.br\/index.php\/2026\/09\/02\/avenida-maurilio-biagi-tera-liberacao-parcial-e-novo-bloqueio-veja-quando\/"},"modified":"2026-09-02T15:41:41","modified_gmt":"2026-09-02T18:41:41","slug":"avenida-maurilio-biagi-tera-liberacao-parcial-e-novo-bloqueio-veja-quando","status":"publish","type":"post","link":"https:\/\/noticiasribeiraopreto.com.br\/index.php\/2026\/09\/02\/avenida-maurilio-biagi-tera-liberacao-parcial-e-novo-bloqueio-veja-quando\/","title":{"rendered":"Avenida Maur\u00edlio Biagi ter\u00e1 libera\u00e7\u00e3o parcial e novo bloqueio; veja quando"},"content":{"rendered":"<div class='code-block code-block-1' style='margin: 8px 0 8px auto; text-align: right; display: block; clear: both;'>\n<p><a href=\"https:\/\/wa.link\/vpicfd\"><img data-recalc-dims=\"1\" class=\"wp-image-4922\" style=\"aspect-ratio: 2.0253164556962027; width: 561px; height: auto;\" src=\"https:\/\/i0.wp.com\/ismaelcolosi.com.br\/wp-content\/uploads\/2023\/11\/grupo-de-empregos-whatsapp-e-facebook-ismael-colosi-vagas.jpg?ssl=1\" alt=\"\" \/><\/a><\/p>\n<!-- \/wp:image -->\n<\/div>\n<p> <br \/>\n<\/p>\n<p>A <strong>avenida Maur\u00edlio Biagi<\/strong>, em Ribeir\u00e3o Preto, <strong>ter\u00e1 uma mudan\u00e7a no tr\u00e2nsito a partir desta quinta-feira (3)<\/strong>. A RP Mobi vai liberar parte do trecho que permanece interditado na pista no sentido Bairro\/Centro, mas tamb\u00e9m vai bloquear a al\u00e7a de acesso \u00e0 avenida Cost\u00e1bile Romano.<\/p>\n<div class=\"wp-block-rank-math-toc-block\" id=\"rank-math-toc\">\n<h2>Entenda<\/h2>\n<nav>\n<ul>\n<li class=\"\">Interdi\u00e7\u00e3o fica restrita a uma faixa<\/li>\n<li class=\"\">Veja o desvio para a avenida Cost\u00e1bile Romano<\/li>\n<li class=\"\">Obra deve terminar em setembro<\/li>\n<\/ul>\n<\/nav>\n<\/div>\n<p>A altera\u00e7\u00e3o acontece durante a obra emergencial da Saerp para substituir um trecho do interceptor de esgoto localizado entre as avenidas Dr. Francisco Junqueira e Maur\u00edlio Biagi.<\/p>\n<div class=\"wp-block-image\">\n<figure class=\"aligncenter size-large\"><figcaption class=\"wp-element-caption\"> Foto: Google<\/figcaption><\/figure>\n<\/div>\n<p class=\"has-text-align-center has-small-font-size\"><em>Receba not\u00edcias do\u00a0<strong>acidade on Ribeir\u00e3o\u00a0<\/strong>no WhatsApp e fique por dentro de tudo! Basta acessar o link<a href=\"https:\/\/chat.whatsapp.com\/DfXwcjKVIddHUT3BvnQuPZ?mode=hqctshi\" target=\"_blank\" rel=\"noreferrer noopener\">\u00a0aqui<\/a>!<\/em><\/p>\n<h2 class=\"wp-block-heading\" id=\"interdicao-fica-restrita-a-uma-faixa\">Interdi\u00e7\u00e3o fica restrita a uma faixa<\/h2>\n<p>Com o avan\u00e7o dos trabalhos, a interdi\u00e7\u00e3o na Maur\u00edlio Biagi ficar\u00e1 restrita a uma faixa de rolamento no trecho em frente \u00e0 Havan. A outra faixa ficar\u00e1 dispon\u00edvel para a circula\u00e7\u00e3o de ve\u00edculos.<\/p>\n<p>A nova etapa tamb\u00e9m prev\u00ea o bloqueio da al\u00e7a que liga a Maur\u00edlio Biagi \u00e0 Cost\u00e1bile Romano. O acesso permaneceu aberto durante a etapa anterior da obra.<\/p>\n<div class=\"wp-block-image\">\n<figure class=\"aligncenter size-large is-resized\"><img data-recalc-dims=\"1\" loading=\"lazy\" decoding=\"async\" width=\"724\" height=\"1024\" src=\"https:\/\/i0.wp.com\/www.acidadeon.com\/ribeiraopreto\/wp-content\/uploads\/sites\/3\/2026\/09\/WhatsApp-Image-2026-09-02-at-15.06.14-1-724x1024.jpeg?resize=724%2C1024&#038;ssl=1\" alt=\"WhatsApp Image 2026 09 02 at 15.06.14 1\" class=\"wp-image-173433\" title=\"Avenida Maur\u00edlio Biagi ter\u00e1 libera\u00e7\u00e3o parcial e novo bloqueio; veja quando 2\"><\/figure>\n<\/div>\n<h2 class=\"wp-block-heading\" id=\"veja-o-desvio-para-a-avenida-costabile-romano\">Veja o desvio para a avenida Cost\u00e1bile Romano<\/h2>\n<p>Os motoristas que estiverem na avenida Maur\u00edlio Biagi e precisarem acessar a avenida Cost\u00e1bile Romano dever\u00e3o seguir no sentido da Francisco Junqueira.<\/p>\n<p>O trajeto indicado pela RP Mobi passa pela rua dos Catetos e pela rua Jos\u00e9 Guerre. Depois, os condutores dever\u00e3o acessar a pista Bairro\/Centro da Cost\u00e1bile Romano e fazer o retorno mais pr\u00f3ximo para chegar \u00e0 pista no sentido oposto.<\/p>\n<h2 class=\"wp-block-heading\" id=\"obra-deve-terminar-em-setembro\">Obra deve terminar em setembro<\/h2>\n<p>A RP Mobi informa que a interdi\u00e7\u00e3o pode mudar conforme o avan\u00e7o dos servi\u00e7os. A previs\u00e3o da Saerp \u00e9 concluir a obra at\u00e9 <strong>18 de setembro<\/strong>.<\/p>\n<div class=\"wp-block-image\">\n<figure class=\"aligncenter size-large\"><img data-recalc-dims=\"1\" loading=\"lazy\" decoding=\"async\" width=\"1024\" height=\"607\" src=\"https:\/\/i0.wp.com\/www.acidadeon.com\/ribeiraopreto\/wp-content\/uploads\/sites\/3\/2024\/12\/OBRAS_2024-12-03_17-36-39_jpg_2024-12-03_17-36-40-1024x607.webp?resize=1024%2C607&#038;ssl=1\" alt=\"Obra da Saerp interdita avenida Maur\u00edlio Biagi - Foto: Divulga\u00e7\u00e3o \/ Prefeitura de Ribeir\u00e3o Preto\" class=\"wp-image-101486\" title=\"Avenida Maur\u00edlio Biagi ter\u00e1 libera\u00e7\u00e3o parcial e novo bloqueio; veja quando 3\"><figcaption class=\"wp-element-caption\">Obra da Saerp interdita avenida Maur\u00edlio Biagi \u2013 Foto: Divulga\u00e7\u00e3o \/ Prefeitura de Ribeir\u00e3o Preto<\/figcaption><\/figure>\n<\/div>\n<p>A regi\u00e3o ter\u00e1 cavaletes, cones e placas para orientar os motoristas sobre a circula\u00e7\u00e3o e os desvios. Equipes da RP Mobi tamb\u00e9m v\u00e3o acompanhar o tr\u00e2nsito durante a execu\u00e7\u00e3o dos trabalhos.<\/p>\n<hr class=\"wp-block-separator has-alpha-channel-opacity\">\n<p class=\"has-text-align-center has-small-font-size\"><em>Fa\u00e7a uma den\u00fancia ou sugira uma reportagem sobre\u00a0<strong>Ribeir\u00e3o Preto\u00a0<\/strong>e regi\u00e3o por meio do WhatsApp do\u00a0<strong>acidade on Ribeir\u00e3o<\/strong>: (16) 99117-7802.<\/em><\/p>\n<p>O post Avenida Maur\u00edlio Biagi ter\u00e1 libera\u00e7\u00e3o parcial e novo bloqueio; veja quando apareceu primeiro em ACidade ON Ribeir\u00e3o Preto.<\/p>\n<p><br \/>\n<br \/><a href=\"https:\/\/www.acidadeon.com\/ribeiraopreto\/cotidiano\/avenida-maurilio-biagi-tera-liberacao-parcial-e-novo-bloqueio-veja-quando\/\">Link para o texto original aqui <\/a><\/p>\n<!-- CONTENT END 1 -->\n","protected":false},"excerpt":{"rendered":"<p>A avenida Maur\u00edlio Biagi, em Ribeir\u00e3o Preto, ter\u00e1 uma mudan\u00e7a no tr\u00e2nsito a partir desta quinta-feira (3). A RP Mobi vai liberar parte do trecho&#8230;<\/p>\n","protected":false},"author":1,"featured_media":90992,"comment_status":"","ping_status":"","sticky":false,"template":"","format":"standard","meta":{"advanced_seo_description":"","jetpack_seo_html_title":"","jetpack_seo_noindex":false,"jetpack_seo_schema_type":"","_jetpack_newsletter_access":"","_jetpack_dont_email_post_to_subs":false,"_jetpack_newsletter_tier_id":0,"_jetpack_memberships_contains_paywalled_content":false,"_jetpack_feature_clip_id":0,"_jetpack_memberships_contains_paid_content":false,"footnotes":"","jetpack_publicize_message":"","jetpack_publicize_feature_enabled":true,"jetpack_social_post_already_shared":true,"jetpack_social_options":{"image_generator_settings":{"template":"highway","default_image_id":0,"font":"","enabled":false},"version":2},"jetpack_post_was_ever_published":false},"categories":[11],"tags":[849,3205,5143,3138,3204,381,7890,620,679,48],"class_list":["post-90991","post","type-post","status-publish","format-standard","has-post-thumbnail","hentry","category-noticias-de-ribeirao-preto-sp-e-regiao-ismael-colosi","tag-avenida","tag-biagi","tag-bloqueio","tag-liberacao","tag-maurilio","tag-novo","tag-parcial","tag-quando","tag-tera","tag-veja"],"jetpack_publicize_connections":[],"jetpack-related-posts":[{"id":84948,"url":"https:\/\/noticiasribeiraopreto.com.br\/index.php\/2026\/04\/18\/avenida-maurilio-biagi-tera-interdicoes-neste-domingo-veja-os-trechos-afetados\/","url_meta":{"origin":90991,"position":0},"title":"Avenida Maur\u00edlio Biagi ter\u00e1 interdi\u00e7\u00f5es neste domingo; Veja os trechos afetados","author":"noticiasribeiraopreto.com.br","date":"18 de April de 2026","format":false,"excerpt":"Ler o resumo da not\u00edcia RP Mobi interditar\u00e1 dois trechos da Avenida Maur\u00edcio Biagi em Ribeir\u00e3o Preto neste domingo (19) das 5h \u00e0s 8h para a realiza\u00e7\u00e3o de uma corrida de rua. O bloqueio total ser\u00e1 na pista Bairro\/Centro entre a Rua Ov\u00eddeo Jos\u00e9 de Faria e a Avenida Cost\u00e1bile\u2026","rel":"","context":"In &quot;Not\u00edcias de Ribeir\u00e3o Preto-SP e Regi\u00e3o&quot;","block_context":{"text":"Not\u00edcias de Ribeir\u00e3o Preto-SP e Regi\u00e3o","link":"https:\/\/noticiasribeiraopreto.com.br\/index.php\/category\/noticias-de-ribeirao-preto-sp-e-regiao-ismael-colosi\/"},"img":{"alt_text":"","src":"https:\/\/i0.wp.com\/noticiasribeiraopreto.com.br\/wp-content\/uploads\/2026\/04\/avenida-maurilio-biagi-1_2024-06-29_19-39-53_jpg_2024-06-29_19-39-53-768x431-1.webp.webp?fit=768%2C431&ssl=1&resize=350%2C200","width":350,"height":200,"srcset":"https:\/\/i0.wp.com\/noticiasribeiraopreto.com.br\/wp-content\/uploads\/2026\/04\/avenida-maurilio-biagi-1_2024-06-29_19-39-53_jpg_2024-06-29_19-39-53-768x431-1.webp.webp?fit=768%2C431&ssl=1&resize=350%2C200 1x, https:\/\/i0.wp.com\/noticiasribeiraopreto.com.br\/wp-content\/uploads\/2026\/04\/avenida-maurilio-biagi-1_2024-06-29_19-39-53_jpg_2024-06-29_19-39-53-768x431-1.webp.webp?fit=768%2C431&ssl=1&resize=525%2C300 1.5x, https:\/\/i0.wp.com\/noticiasribeiraopreto.com.br\/wp-content\/uploads\/2026\/04\/avenida-maurilio-biagi-1_2024-06-29_19-39-53_jpg_2024-06-29_19-39-53-768x431-1.webp.webp?fit=768%2C431&ssl=1&resize=700%2C400 2x"},"classes":[]},{"id":88182,"url":"https:\/\/noticiasribeiraopreto.com.br\/index.php\/2026\/07\/15\/trecho-da-avenida-maurilio-biagi-e-interditado-para-obra-e-bloqueio-segue-ate-setembro\/","url_meta":{"origin":90991,"position":1},"title":"Trecho da avenida Maur\u00edlio Biagi \u00e9 interditado para obra e bloqueio segue at\u00e9 setembro","author":"noticiasribeiraopreto.com.br","date":"15 de July de 2026","format":false,"excerpt":"Come\u00e7ou nesta quarta-feira (15) a interdi\u00e7\u00e3o de um trecho da avenida Maur\u00edlio Biagi, em Ribeir\u00e3o Preto, para a realiza\u00e7\u00e3o de uma obra emergencial da Saerp (Secretaria de \u00c1gua e Esgoto). A previs\u00e3o \u00e9 de que as obras aconte\u00e7am at\u00e9 o dia 18 de setembro. Segundo a Prefeitura de Ribeir\u00e3o Preto,\u2026","rel":"","context":"In &quot;Not\u00edcias de Ribeir\u00e3o Preto-SP e Regi\u00e3o&quot;","block_context":{"text":"Not\u00edcias de Ribeir\u00e3o Preto-SP e Regi\u00e3o","link":"https:\/\/noticiasribeiraopreto.com.br\/index.php\/category\/noticias-de-ribeirao-preto-sp-e-regiao-ismael-colosi\/"},"img":{"alt_text":"","src":"https:\/\/i0.wp.com\/noticiasribeiraopreto.com.br\/wp-content\/uploads\/2026\/06\/obras_saerp_maurilio_biagi_-_foto_fernando_gonzaga_5_2026-06-30_19-10-36.webp.webp?fit=1200%2C800&ssl=1&resize=350%2C200","width":350,"height":200,"srcset":"https:\/\/i0.wp.com\/noticiasribeiraopreto.com.br\/wp-content\/uploads\/2026\/06\/obras_saerp_maurilio_biagi_-_foto_fernando_gonzaga_5_2026-06-30_19-10-36.webp.webp?fit=1200%2C800&ssl=1&resize=350%2C200 1x, https:\/\/i0.wp.com\/noticiasribeiraopreto.com.br\/wp-content\/uploads\/2026\/06\/obras_saerp_maurilio_biagi_-_foto_fernando_gonzaga_5_2026-06-30_19-10-36.webp.webp?fit=1200%2C800&ssl=1&resize=525%2C300 1.5x, https:\/\/i0.wp.com\/noticiasribeiraopreto.com.br\/wp-content\/uploads\/2026\/06\/obras_saerp_maurilio_biagi_-_foto_fernando_gonzaga_5_2026-06-30_19-10-36.webp.webp?fit=1200%2C800&ssl=1&resize=700%2C400 2x, https:\/\/i0.wp.com\/noticiasribeiraopreto.com.br\/wp-content\/uploads\/2026\/06\/obras_saerp_maurilio_biagi_-_foto_fernando_gonzaga_5_2026-06-30_19-10-36.webp.webp?fit=1200%2C800&ssl=1&resize=1050%2C600 3x"},"classes":[]},{"id":87734,"url":"https:\/\/noticiasribeiraopreto.com.br\/index.php\/2026\/07\/08\/trecho-da-avenida-maurilio-biagi-sera-interditado-para-obra-veja-quando-comeca\/","url_meta":{"origin":90991,"position":2},"title":"Trecho da avenida Maur\u00edlio Biagi ser\u00e1 interditado para obra; Veja quando come\u00e7a","author":"noticiasribeiraopreto.com.br","date":"8 de July de 2026","format":false,"excerpt":"A Prefeitura de Ribeir\u00e3o Preto informou nesta quarta-feira (8) que um trecho da avenida Dr. Maur\u00edlio Biagi ser\u00e1 interditado para a realiza\u00e7\u00e3o de uma obra emergencial da Saerp (Secretaria de \u00c1gua e Esgoto). A interven\u00e7\u00e3o acontece na pr\u00f3xima quarta-feira (15), a partir das 9h, e a previs\u00e3o para o t\u00e9rmino\u2026","rel":"","context":"In &quot;Not\u00edcias de Ribeir\u00e3o Preto-SP e Regi\u00e3o&quot;","block_context":{"text":"Not\u00edcias de Ribeir\u00e3o Preto-SP e Regi\u00e3o","link":"https:\/\/noticiasribeiraopreto.com.br\/index.php\/category\/noticias-de-ribeirao-preto-sp-e-regiao-ismael-colosi\/"},"img":{"alt_text":"","src":"https:\/\/i0.wp.com\/noticiasribeiraopreto.com.br\/wp-content\/uploads\/2026\/07\/agenda-cultural-6_2026-07-08_18-17-38.webp.webp?fit=1200%2C675&ssl=1&resize=350%2C200","width":350,"height":200,"srcset":"https:\/\/i0.wp.com\/noticiasribeiraopreto.com.br\/wp-content\/uploads\/2026\/07\/agenda-cultural-6_2026-07-08_18-17-38.webp.webp?fit=1200%2C675&ssl=1&resize=350%2C200 1x, https:\/\/i0.wp.com\/noticiasribeiraopreto.com.br\/wp-content\/uploads\/2026\/07\/agenda-cultural-6_2026-07-08_18-17-38.webp.webp?fit=1200%2C675&ssl=1&resize=525%2C300 1.5x, https:\/\/i0.wp.com\/noticiasribeiraopreto.com.br\/wp-content\/uploads\/2026\/07\/agenda-cultural-6_2026-07-08_18-17-38.webp.webp?fit=1200%2C675&ssl=1&resize=700%2C400 2x, https:\/\/i0.wp.com\/noticiasribeiraopreto.com.br\/wp-content\/uploads\/2026\/07\/agenda-cultural-6_2026-07-08_18-17-38.webp.webp?fit=1200%2C675&ssl=1&resize=1050%2C600 3x"},"classes":[]},{"id":68480,"url":"https:\/\/noticiasribeiraopreto.com.br\/index.php\/2025\/04\/25\/avenida-maurilio-biagi-tera-nova-interdicao-saiba-quando\/","url_meta":{"origin":90991,"position":3},"title":"Avenida Maur\u00edlio Biagi\u00a0ter\u00e1 nova interdi\u00e7\u00e3o; Saiba quando","author":"noticiasribeiraopreto.com.br","date":"25 de April de 2025","format":false,"excerpt":"A partir deste s\u00e1bado (26) um trecho da pista Bairro\/Centro da avenida Maur\u00edlio Biagi, em Ribeir\u00e3o Preto, estar\u00e1 totalmente interditado devido ao andamento das obras de constru\u00e7\u00e3o das pontes sobre o c\u00f3rrego Retiro Saudoso. A interdi\u00e7\u00e3o vai acontecer em frente ao cruzamento da via com a avenida Le\u00e3o XIII, pr\u00f3ximo\u2026","rel":"","context":"In &quot;Not\u00edcias de Ribeir\u00e3o Preto-SP e Regi\u00e3o&quot;","block_context":{"text":"Not\u00edcias de Ribeir\u00e3o Preto-SP e Regi\u00e3o","link":"https:\/\/noticiasribeiraopreto.com.br\/index.php\/category\/noticias-de-ribeirao-preto-sp-e-regiao-ismael-colosi\/"},"img":{"alt_text":"","src":"https:\/\/i0.wp.com\/noticiasribeiraopreto.com.br\/wp-content\/uploads\/2024\/12\/OBRAS_2024-12-03_17-36-39_jpg_2024-12-03_17-36-40.webp.webp?fit=1200%2C712&ssl=1&resize=350%2C200","width":350,"height":200,"srcset":"https:\/\/i0.wp.com\/noticiasribeiraopreto.com.br\/wp-content\/uploads\/2024\/12\/OBRAS_2024-12-03_17-36-39_jpg_2024-12-03_17-36-40.webp.webp?fit=1200%2C712&ssl=1&resize=350%2C200 1x, https:\/\/i0.wp.com\/noticiasribeiraopreto.com.br\/wp-content\/uploads\/2024\/12\/OBRAS_2024-12-03_17-36-39_jpg_2024-12-03_17-36-40.webp.webp?fit=1200%2C712&ssl=1&resize=525%2C300 1.5x, https:\/\/i0.wp.com\/noticiasribeiraopreto.com.br\/wp-content\/uploads\/2024\/12\/OBRAS_2024-12-03_17-36-39_jpg_2024-12-03_17-36-40.webp.webp?fit=1200%2C712&ssl=1&resize=700%2C400 2x, https:\/\/i0.wp.com\/noticiasribeiraopreto.com.br\/wp-content\/uploads\/2024\/12\/OBRAS_2024-12-03_17-36-39_jpg_2024-12-03_17-36-40.webp.webp?fit=1200%2C712&ssl=1&resize=1050%2C600 3x"},"classes":[]},{"id":76520,"url":"https:\/\/noticiasribeiraopreto.com.br\/index.php\/2025\/08\/30\/ribeirao-preto-tera-bloqueios-no-transito-nos-proximos-dias-veja-locais\/","url_meta":{"origin":90991,"position":4},"title":"Ribeir\u00e3o Preto ter\u00e1 bloqueios no tr\u00e2nsito nos pr\u00f3ximos dias; Veja locais","author":"noticiasribeiraopreto.com.br","date":"30 de August de 2025","format":false,"excerpt":"O tr\u00e2nsito em Ribeir\u00e3o Preto sofrer\u00e1 duas interdi\u00e7\u00f5es nos pr\u00f3ximos dias. O primeiro bloqueio acontece neste domingo (31), por conta de uma corrida de rua. J\u00e1 na segunda-feira (1\u00ba), haver\u00e1 interdi\u00e7\u00e3o parcial devido \u00e0s obras de duplica\u00e7\u00e3o da avenida Carlos Drumont de Andrade, na regi\u00e3o Norte da cidade. Confira: Maur\u00edlio\u2026","rel":"","context":"In &quot;Not\u00edcias de Ribeir\u00e3o Preto-SP e Regi\u00e3o&quot;","block_context":{"text":"Not\u00edcias de Ribeir\u00e3o Preto-SP e Regi\u00e3o","link":"https:\/\/noticiasribeiraopreto.com.br\/index.php\/category\/noticias-de-ribeirao-preto-sp-e-regiao-ismael-colosi\/"},"img":{"alt_text":"","src":"https:\/\/i0.wp.com\/noticiasribeiraopreto.com.br\/wp-content\/uploads\/2025\/08\/a.ok_.interdicao_domingo02_2025-08-30_19-39-45.webp.webp?fit=1200%2C800&ssl=1&resize=350%2C200","width":350,"height":200,"srcset":"https:\/\/i0.wp.com\/noticiasribeiraopreto.com.br\/wp-content\/uploads\/2025\/08\/a.ok_.interdicao_domingo02_2025-08-30_19-39-45.webp.webp?fit=1200%2C800&ssl=1&resize=350%2C200 1x, https:\/\/i0.wp.com\/noticiasribeiraopreto.com.br\/wp-content\/uploads\/2025\/08\/a.ok_.interdicao_domingo02_2025-08-30_19-39-45.webp.webp?fit=1200%2C800&ssl=1&resize=525%2C300 1.5x, https:\/\/i0.wp.com\/noticiasribeiraopreto.com.br\/wp-content\/uploads\/2025\/08\/a.ok_.interdicao_domingo02_2025-08-30_19-39-45.webp.webp?fit=1200%2C800&ssl=1&resize=700%2C400 2x, https:\/\/i0.wp.com\/noticiasribeiraopreto.com.br\/wp-content\/uploads\/2025\/08\/a.ok_.interdicao_domingo02_2025-08-30_19-39-45.webp.webp?fit=1200%2C800&ssl=1&resize=1050%2C600 3x"},"classes":[]},{"id":74233,"url":"https:\/\/noticiasribeiraopreto.com.br\/index.php\/2025\/07\/18\/avenida-maurilio-biagi-tera-interdicao-nesta-sexta-em-ribeirao-preto-veja-desvio\/","url_meta":{"origin":90991,"position":5},"title":"Avenida Maur\u00edlio Biagi ter\u00e1 interdi\u00e7\u00e3o nesta sexta em Ribeir\u00e3o Preto; Veja desvio","author":"noticiasribeiraopreto.com.br","date":"18 de July de 2025","format":false,"excerpt":"Um trecho da pista Centro\u2013bairro da\u00a0avenida Maur\u00edlio Biagi ser\u00e1 interditado nesta sexta-feira (18), das\u00a08h30 \u00e0s 12h30, em Ribeir\u00e3o Preto. Por que ter\u00e1 interdi\u00e7\u00e3o? A RP Mobi informou que o bloqueio ser\u00e1 necess\u00e1rio\u00a0para a realiza\u00e7\u00e3o da prova de ciclismo da 67\u00aa edi\u00e7\u00e3o dos Jogos Regionais.\u00a0 Onde ser\u00e1 o bloqueio? A interdi\u00e7\u00e3o\u2026","rel":"","context":"In &quot;Not\u00edcias de Ribeir\u00e3o Preto-SP e Regi\u00e3o&quot;","block_context":{"text":"Not\u00edcias de Ribeir\u00e3o Preto-SP e Regi\u00e3o","link":"https:\/\/noticiasribeiraopreto.com.br\/index.php\/category\/noticias-de-ribeirao-preto-sp-e-regiao-ismael-colosi\/"},"img":{"alt_text":"","src":"https:\/\/i0.wp.com\/noticiasribeiraopreto.com.br\/wp-content\/uploads\/2025\/07\/ribeirao_preto_1200x675_12122021141615.jpg?fit=1200%2C675&ssl=1&resize=350%2C200","width":350,"height":200,"srcset":"https:\/\/i0.wp.com\/noticiasribeiraopreto.com.br\/wp-content\/uploads\/2025\/07\/ribeirao_preto_1200x675_12122021141615.jpg?fit=1200%2C675&ssl=1&resize=350%2C200 1x, https:\/\/i0.wp.com\/noticiasribeiraopreto.com.br\/wp-content\/uploads\/2025\/07\/ribeirao_preto_1200x675_12122021141615.jpg?fit=1200%2C675&ssl=1&resize=525%2C300 1.5x, https:\/\/i0.wp.com\/noticiasribeiraopreto.com.br\/wp-content\/uploads\/2025\/07\/ribeirao_preto_1200x675_12122021141615.jpg?fit=1200%2C675&ssl=1&resize=700%2C400 2x, https:\/\/i0.wp.com\/noticiasribeiraopreto.com.br\/wp-content\/uploads\/2025\/07\/ribeirao_preto_1200x675_12122021141615.jpg?fit=1200%2C675&ssl=1&resize=1050%2C600 3x"},"classes":[]}],"jetpack_sharing_enabled":true,"jetpack_shortlink":"https:\/\/wp.me\/peQAOb-nFB","jetpack_featured_media_url":"https:\/\/i0.wp.com\/noticiasribeiraopreto.com.br\/wp-content\/uploads\/2026\/09\/maurilio-biagi.jpg?fit=1200%2C675&ssl=1","_links":{"self":[{"href":"https:\/\/noticiasribeiraopreto.com.br\/index.php\/wp-json\/wp\/v2\/posts\/90991","targetHints":{"allow":["GET"]}}],"collection":[{"href":"https:\/\/noticiasribeiraopreto.com.br\/index.php\/wp-json\/wp\/v2\/posts"}],"about":[{"href":"https:\/\/noticiasribeiraopreto.com.br\/index.php\/wp-json\/wp\/v2\/types\/post"}],"author":[{"embeddable":true,"href":"https:\/\/noticiasribeiraopreto.com.br\/index.php\/wp-json\/wp\/v2\/users\/1"}],"replies":[{"embeddable":true,"href":"https:\/\/noticiasribeiraopreto.com.br\/index.php\/wp-json\/wp\/v2\/comments?post=90991"}],"version-history":[{"count":0,"href":"https:\/\/noticiasribeiraopreto.com.br\/index.php\/wp-json\/wp\/v2\/posts\/90991\/revisions"}],"wp:featuredmedia":[{"embeddable":true,"href":"https:\/\/noticiasribeiraopreto.com.br\/index.php\/wp-json\/wp\/v2\/media\/90992"}],"wp:attachment":[{"href":"https:\/\/noticiasribeiraopreto.com.br\/index.php\/wp-json\/wp\/v2\/media?parent=90991"}],"wp:term":[{"taxonomy":"category","embeddable":true,"href":"https:\/\/noticiasribeiraopreto.com.br\/index.php\/wp-json\/wp\/v2\/categories?post=90991"},{"taxonomy":"post_tag","embeddable":true,"href":"https:\/\/noticiasribeiraopreto.com.br\/index.php\/wp-json\/wp\/v2\/tags?post=90991"}],"curies":[{"name":"wp","href":"https:\/\/api.w.org\/{rel}","templated":true}]}}