{"id":90993,"date":"2026-09-02T15:51:11","date_gmt":"2026-09-02T18:51:11","guid":{"rendered":"https:\/\/noticiasribeiraopreto.com.br\/index.php\/2026\/09\/02\/prefeitura-apresenta-o-metodo-wolbachia-no-combate-a-dengue-durante-a-25a-feira-internacional-do-livro-em-ribeirao-preto\/"},"modified":"2026-09-02T15:51:11","modified_gmt":"2026-09-02T18:51:11","slug":"prefeitura-apresenta-o-metodo-wolbachia-no-combate-a-dengue-durante-a-25a-feira-internacional-do-livro-em-ribeirao-preto","status":"publish","type":"post","link":"https:\/\/noticiasribeiraopreto.com.br\/index.php\/2026\/09\/02\/prefeitura-apresenta-o-metodo-wolbachia-no-combate-a-dengue-durante-a-25a-feira-internacional-do-livro-em-ribeirao-preto\/","title":{"rendered":"Prefeitura apresenta o m\u00e9todo Wolbachia no combate \u00e0 dengue durante a 25\u00aa Feira Internacional do Livro em Ribeir\u00e3o Preto"},"content":{"rendered":"<div class='code-block code-block-1' style='margin: 8px 0 8px auto; text-align: right; display: block; clear: both;'>\n<p><a href=\"https:\/\/wa.link\/vpicfd\"><img data-recalc-dims=\"1\" class=\"wp-image-4922\" style=\"aspect-ratio: 2.0253164556962027; width: 561px; height: auto;\" src=\"https:\/\/i0.wp.com\/ismaelcolosi.com.br\/wp-content\/uploads\/2023\/11\/grupo-de-empregos-whatsapp-e-facebook-ismael-colosi-vagas.jpg?ssl=1\" alt=\"\" \/><\/a><\/p>\n<!-- \/wp:image -->\n<\/div>\n<p> <br \/>\n<\/p>\n<div>\n<p>A Prefeitura de Ribeir\u00e3o Preto, por meio da Secretaria Municipal da Sa\u00fade, leva \u00e0 25\u00aa Feira Internacional do Livro<strong> o m\u00e9todo Wolbachia, nova estrat\u00e9gia de combate \u00e0 dengue, Zika e Chikungunya que come\u00e7a a ser implantada no munic\u00edpio em outubro.<\/strong><\/p>\n<p>No estande da Secretaria Municipal de Sa\u00fade, equipes da Vigil\u00e2ncia em Sa\u00fade explicam como funciona a tecnologia, que utiliza mosquitos Aedes aegypti portadores da bact\u00e9ria Wolbachia. <strong>Presente naturalmente em diversas esp\u00e9cies de insetos, a bact\u00e9ria reduz a capacidade de transmiss\u00e3o dos v\u00edrus causadores dessas doen\u00e7as.<\/strong><\/p>\n<p>De acordo com Luzia M\u00e1rcia Romanholi Passos, subsecret\u00e1ria de Vigil\u00e2ncia em Sa\u00fade, a bact\u00e9ria n\u00e3o oferece risco \u00e0s pessoas nem a outros animais e ser\u00e1 monitorada durante todas as etapas da implementa\u00e7\u00e3o. A proposta \u00e9 que os moradores conhe\u00e7am a estrat\u00e9gia antes do in\u00edcio da libera\u00e7\u00e3o dos mosquitos em campo.<\/p>\n<p>\u201cO m\u00e9todo n\u00e3o substitui as medidas tradicionais de combate ao mosquito, como a elimina\u00e7\u00e3o de criadouros, mas atua de forma complementar e permanente para reduzir a circula\u00e7\u00e3o dos v\u00edrus\u201d, afirmou.<\/p>\n<p>Al\u00e9m de informa\u00e7\u00f5es sobre arboviroses, os <strong>profissionais orientam os visitantes sobre temas como raiva, febre maculosa, doen\u00e7a de Chagas, controle de roedores e preven\u00e7\u00e3o de acidentes com escorpi\u00f5es, serpentes e aranhas.<\/strong><\/p>\n<h2>Autotestes de HIV e vacina\u00e7\u00e3o<\/h2>\n<p>Nesta quarta-feira (2), das 8h30 \u00e0s 10h30, o Programa Municipal de IST, HIV, Tuberculose e Hepatites Virais distribui autotestes de HIV e material educativo.<strong> O exame pode ser realizado em casa e fornece resultado em menos de uma hora.<\/strong><\/p>\n<p>Entre quarta e sexta-feira, equipes do Programa Municipal de Imuniza\u00e7\u00e3o tamb\u00e9m participam da feira com orienta\u00e7\u00f5es sobre o calend\u00e1rio vacinal. <strong>Ser\u00e3o distribu\u00eddos materiais informativos sobre sarampo e HPV, al\u00e9m de atividades voltadas ao p\u00fablico infantil, com a presen\u00e7a do personagem Z\u00e9 Gotinha e a\u00e7\u00f5es educativas.<\/strong><\/p>\n<p>\u00a0<\/p>\n<\/div>\n<p><br \/>\n<br \/><a href=\"https:\/\/thmais.com.br\/cidades\/ribeirao-preto\/prefeitura-apresenta-o-metodo-wolbachia-no-combate-a-dengue-durante-a-25a-feira-internacional-do-livro-em-ribeirao-preto\/\">Link para o texto original aqui <\/a><\/p>\n<!-- CONTENT END 1 -->\n","protected":false},"excerpt":{"rendered":"<p>A Prefeitura de Ribeir\u00e3o Preto, por meio da Secretaria Municipal da Sa\u00fade, leva \u00e0 25\u00aa Feira Internacional do Livro o m\u00e9todo Wolbachia, nova estrat\u00e9gia de&#8230;<\/p>\n","protected":false},"author":1,"featured_media":90994,"comment_status":"","ping_status":"","sticky":false,"template":"","format":"standard","meta":{"advanced_seo_description":"","jetpack_seo_html_title":"","jetpack_seo_noindex":false,"jetpack_seo_schema_type":"","_jetpack_newsletter_access":"","_jetpack_dont_email_post_to_subs":false,"_jetpack_newsletter_tier_id":0,"_jetpack_memberships_contains_paywalled_content":false,"_jetpack_feature_clip_id":0,"_jetpack_memberships_contains_paid_content":false,"footnotes":"","jetpack_publicize_message":"","jetpack_publicize_feature_enabled":true,"jetpack_social_post_already_shared":true,"jetpack_social_options":{"image_generator_settings":{"template":"highway","default_image_id":0,"font":"","enabled":false},"version":2},"jetpack_post_was_ever_published":false},"categories":[11],"tags":[8248,56,1207,1269,324,202,8247,1620,508,8885,4686,244,27,26,6456,8886],"class_list":["post-90993","post","type-post","status-publish","format-standard","has-post-thumbnail","hentry","category-noticias-de-ribeirao-preto-sp-e-regiao-ismael-colosi","tag-25a","tag-apresenta","tag-combate","tag-dengue","tag-durante","tag-feira","tag-feira-do-livro","tag-internacional","tag-livro","tag-metodo","tag-noticias","tag-prefeitura","tag-preto","tag-ribeirao","tag-ribeirao-preto","tag-wolbachia"],"jetpack_publicize_connections":[],"jetpack-related-posts":[{"id":90665,"url":"https:\/\/noticiasribeiraopreto.com.br\/index.php\/2026\/08\/26\/ribeirao-preto-tera-supermosquitos-no-combate-a-dengue-entenda-como-funciona\/","url_meta":{"origin":90993,"position":0},"title":"Ribeir\u00e3o Preto ter\u00e1 \u2018supermosquitos\u2019 no combate \u00e0 dengue; entenda como funciona","author":"noticiasribeiraopreto.com.br","date":"26 de August de 2026","format":false,"excerpt":"Ribeir\u00e3o Preto ter\u00e1 uma nova estrat\u00e9gia para combater a dengue, o Zika v\u00edrus e a chikungunya. A Prefeitura anunciou, nesta quarta-feira (26), a implanta\u00e7\u00e3o do M\u00e9todo Wolbachia, que utiliza mosquitos Aedes aegypti com a bact\u00e9ria Wolbachia para dificultar a transmiss\u00e3o dos v\u00edrus. EntendaComo funciona o M\u00e9todo Wolbachia?Cen\u00e1rio da dengue em\u2026","rel":"","context":"In &quot;Not\u00edcias de Ribeir\u00e3o Preto-SP e Regi\u00e3o&quot;","block_context":{"text":"Not\u00edcias de Ribeir\u00e3o Preto-SP e Regi\u00e3o","link":"https:\/\/noticiasribeiraopreto.com.br\/index.php\/category\/noticias-de-ribeirao-preto-sp-e-regiao-ismael-colosi\/"},"img":{"alt_text":"","src":"https:\/\/i0.wp.com\/noticiasribeiraopreto.com.br\/wp-content\/uploads\/2026\/08\/close-up-mosquito-sucking-blood-from-human-arm_2025-01-24_18-03-21_jpg_2025-01-24_18-03-24-1024x485.webp.webp?fit=1024%2C485&ssl=1&resize=350%2C200","width":350,"height":200,"srcset":"https:\/\/i0.wp.com\/noticiasribeiraopreto.com.br\/wp-content\/uploads\/2026\/08\/close-up-mosquito-sucking-blood-from-human-arm_2025-01-24_18-03-21_jpg_2025-01-24_18-03-24-1024x485.webp.webp?fit=1024%2C485&ssl=1&resize=350%2C200 1x, https:\/\/i0.wp.com\/noticiasribeiraopreto.com.br\/wp-content\/uploads\/2026\/08\/close-up-mosquito-sucking-blood-from-human-arm_2025-01-24_18-03-21_jpg_2025-01-24_18-03-24-1024x485.webp.webp?fit=1024%2C485&ssl=1&resize=525%2C300 1.5x, https:\/\/i0.wp.com\/noticiasribeiraopreto.com.br\/wp-content\/uploads\/2026\/08\/close-up-mosquito-sucking-blood-from-human-arm_2025-01-24_18-03-21_jpg_2025-01-24_18-03-24-1024x485.webp.webp?fit=1024%2C485&ssl=1&resize=700%2C400 2x"},"classes":[]},{"id":90613,"url":"https:\/\/noticiasribeiraopreto.com.br\/index.php\/2026\/08\/26\/cidade-vai-inocular-aedes-com-bacteria\/","url_meta":{"origin":90993,"position":1},"title":"Cidade vai inocular \u2028Aedes com bact\u00e9ria","author":"noticiasribeiraopreto.com.br","date":"26 de August de 2026","format":false,"excerpt":"\r \r \r 26 de agosto de 2026 07:0125 de agosto de 2026 23:14 \r Compartilhar0 O Minist\u00e9rio da Sa\u00fade, a prefeitura de Ribeir\u00e3o Preto, a Funda\u00e7\u00e3o Oswaldo Cruz e a empresa Wolbito do Brasil anunciam nesta quarta-feira, 26 de agosto, \u00e0s dez horas, em entrevista coletiva no Centro Administrativo\u2026","rel":"","context":"In &quot;Not\u00edcias de Ribeir\u00e3o Preto-SP e Regi\u00e3o&quot;","block_context":{"text":"Not\u00edcias de Ribeir\u00e3o Preto-SP e Regi\u00e3o","link":"https:\/\/noticiasribeiraopreto.com.br\/index.php\/category\/noticias-de-ribeirao-preto-sp-e-regiao-ismael-colosi\/"},"img":{"alt_text":"","src":"https:\/\/i0.wp.com\/noticiasribeiraopreto.com.br\/wp-content\/uploads\/2026\/08\/DengueRP-Pixabay-scaled.jpg?fit=1200%2C625&ssl=1&resize=350%2C200","width":350,"height":200,"srcset":"https:\/\/i0.wp.com\/noticiasribeiraopreto.com.br\/wp-content\/uploads\/2026\/08\/DengueRP-Pixabay-scaled.jpg?fit=1200%2C625&ssl=1&resize=350%2C200 1x, https:\/\/i0.wp.com\/noticiasribeiraopreto.com.br\/wp-content\/uploads\/2026\/08\/DengueRP-Pixabay-scaled.jpg?fit=1200%2C625&ssl=1&resize=525%2C300 1.5x, https:\/\/i0.wp.com\/noticiasribeiraopreto.com.br\/wp-content\/uploads\/2026\/08\/DengueRP-Pixabay-scaled.jpg?fit=1200%2C625&ssl=1&resize=700%2C400 2x, https:\/\/i0.wp.com\/noticiasribeiraopreto.com.br\/wp-content\/uploads\/2026\/08\/DengueRP-Pixabay-scaled.jpg?fit=1200%2C625&ssl=1&resize=1050%2C600 3x"},"classes":[]},{"id":89373,"url":"https:\/\/noticiasribeiraopreto.com.br\/index.php\/2026\/08\/04\/programacao-da-feira-internacional-do-livro-de-ribeirao-preto-tem-data-marcada-para-ser-apresentada-veja-quando\/","url_meta":{"origin":90993,"position":2},"title":"Programa\u00e7\u00e3o da Feira Internacional do Livro de Ribeir\u00e3o Preto tem data marcada para ser apresentada; Veja quando","author":"noticiasribeiraopreto.com.br","date":"4 de August de 2026","format":false,"excerpt":"A Funda\u00e7\u00e3o do Livro e Leitura de Ribeir\u00e3o Preto apresenta a programa\u00e7\u00e3o oficial da 25\u00aa edi\u00e7\u00e3o da FIL (Feira Internacional do Livro), que tem como tema central \u201cX, Y, Z, Alpha, Beta \u2013 Gera\u00e7\u00f5es Liter\u00e1rias\u201d. O evento acontece nesta sexta-feira (7), \u00e0s 9h, no Stream Hot\u00e9is e re\u00fane imprensa, patrocinadores,\u2026","rel":"","context":"In &quot;Not\u00edcias de Ribeir\u00e3o Preto-SP e Regi\u00e3o&quot;","block_context":{"text":"Not\u00edcias de Ribeir\u00e3o Preto-SP e Regi\u00e3o","link":"https:\/\/noticiasribeiraopreto.com.br\/index.php\/category\/noticias-de-ribeirao-preto-sp-e-regiao-ismael-colosi\/"},"img":{"alt_text":"","src":"https:\/\/i0.wp.com\/noticiasribeiraopreto.com.br\/wp-content\/uploads\/2026\/08\/Lancamento-Oficial-da-Programacao-acontece-07-de-agosto-de-2026-sexta-feira-as-9h.jpeg?fit=960%2C461&ssl=1&resize=350%2C200","width":350,"height":200,"srcset":"https:\/\/i0.wp.com\/noticiasribeiraopreto.com.br\/wp-content\/uploads\/2026\/08\/Lancamento-Oficial-da-Programacao-acontece-07-de-agosto-de-2026-sexta-feira-as-9h.jpeg?fit=960%2C461&ssl=1&resize=350%2C200 1x, https:\/\/i0.wp.com\/noticiasribeiraopreto.com.br\/wp-content\/uploads\/2026\/08\/Lancamento-Oficial-da-Programacao-acontece-07-de-agosto-de-2026-sexta-feira-as-9h.jpeg?fit=960%2C461&ssl=1&resize=525%2C300 1.5x, https:\/\/i0.wp.com\/noticiasribeiraopreto.com.br\/wp-content\/uploads\/2026\/08\/Lancamento-Oficial-da-Programacao-acontece-07-de-agosto-de-2026-sexta-feira-as-9h.jpeg?fit=960%2C461&ssl=1&resize=700%2C400 2x"},"classes":[]},{"id":83810,"url":"https:\/\/noticiasribeiraopreto.com.br\/index.php\/2026\/03\/26\/temporada-de-feiras-literarias-comeca-na-regiao-de-ribeirao-preto\/","url_meta":{"origin":90993,"position":3},"title":"Temporada de feiras liter\u00e1rias come\u00e7a na regi\u00e3o de Ribeir\u00e3o Preto","author":"noticiasribeiraopreto.com.br","date":"26 de March de 2026","format":false,"excerpt":"A programa\u00e7\u00e3o regional de feiras liter\u00e1rias da Funda\u00e7\u00e3o do Livro e Leitura de Ribeir\u00e3o Preto come\u00e7a oficialmente em abril. A abertura do calend\u00e1rio acontece com a Feira do Livro de Jardin\u00f3polis (7\u00aa Semana do Livro, Leitura e Biblioteca Dr. Jo\u00e3o Baptista Berardo), entre os dias 8 e 12 de abril.\u2026","rel":"","context":"In &quot;Not\u00edcias de Ribeir\u00e3o Preto-SP e Regi\u00e3o&quot;","block_context":{"text":"Not\u00edcias de Ribeir\u00e3o Preto-SP e Regi\u00e3o","link":"https:\/\/noticiasribeiraopreto.com.br\/index.php\/category\/noticias-de-ribeirao-preto-sp-e-regiao-ismael-colosi\/"},"img":{"alt_text":"","src":"https:\/\/i0.wp.com\/noticiasribeiraopreto.com.br\/wp-content\/uploads\/2026\/03\/Feira-do-Livro-de-Ipua-3_2026-03-26_14-09-11.webp.webp?fit=1200%2C800&ssl=1&resize=350%2C200","width":350,"height":200,"srcset":"https:\/\/i0.wp.com\/noticiasribeiraopreto.com.br\/wp-content\/uploads\/2026\/03\/Feira-do-Livro-de-Ipua-3_2026-03-26_14-09-11.webp.webp?fit=1200%2C800&ssl=1&resize=350%2C200 1x, https:\/\/i0.wp.com\/noticiasribeiraopreto.com.br\/wp-content\/uploads\/2026\/03\/Feira-do-Livro-de-Ipua-3_2026-03-26_14-09-11.webp.webp?fit=1200%2C800&ssl=1&resize=525%2C300 1.5x, https:\/\/i0.wp.com\/noticiasribeiraopreto.com.br\/wp-content\/uploads\/2026\/03\/Feira-do-Livro-de-Ipua-3_2026-03-26_14-09-11.webp.webp?fit=1200%2C800&ssl=1&resize=700%2C400 2x, https:\/\/i0.wp.com\/noticiasribeiraopreto.com.br\/wp-content\/uploads\/2026\/03\/Feira-do-Livro-de-Ipua-3_2026-03-26_14-09-11.webp.webp?fit=1200%2C800&ssl=1&resize=1050%2C600 3x"},"classes":[]},{"id":89559,"url":"https:\/\/noticiasribeiraopreto.com.br\/index.php\/2026\/08\/07\/feira-do-livro-anuncia-programacao-da-25a-edicao-com-mais-de-350-atividades-gratuitas-em-ribeirao\/","url_meta":{"origin":90993,"position":4},"title":"Feira do Livro anuncia programa\u00e7\u00e3o da 25\u00aa edi\u00e7\u00e3o com mais de 350 atividades gratuitas em Ribeir\u00e3o","author":"noticiasribeiraopreto.com.br","date":"7 de August de 2026","format":false,"excerpt":"O lan\u00e7amento oficial da programa\u00e7\u00e3o da 25\u00aa edi\u00e7\u00e3o da Feira Internacional do Livro (FIL) de Ribeir\u00e3o Preto aconteceu nesta quinta-feira (7), em um hotel no Centro da cidade, e reuniu autoridades, organizadores e convidados. Neste ano, o evento ter\u00e1 mais de 350 atividades gratuitas, distribu\u00eddas em 20 espa\u00e7os culturais, entre\u2026","rel":"","context":"In &quot;Not\u00edcias de Ribeir\u00e3o Preto-SP e Regi\u00e3o&quot;","block_context":{"text":"Not\u00edcias de Ribeir\u00e3o Preto-SP e Regi\u00e3o","link":"https:\/\/noticiasribeiraopreto.com.br\/index.php\/category\/noticias-de-ribeirao-preto-sp-e-regiao-ismael-colosi\/"},"img":{"alt_text":"","src":"https:\/\/i0.wp.com\/noticiasribeiraopreto.com.br\/wp-content\/uploads\/2026\/08\/feira-do-livro.jpg?fit=1200%2C675&ssl=1&resize=350%2C200","width":350,"height":200,"srcset":"https:\/\/i0.wp.com\/noticiasribeiraopreto.com.br\/wp-content\/uploads\/2026\/08\/feira-do-livro.jpg?fit=1200%2C675&ssl=1&resize=350%2C200 1x, https:\/\/i0.wp.com\/noticiasribeiraopreto.com.br\/wp-content\/uploads\/2026\/08\/feira-do-livro.jpg?fit=1200%2C675&ssl=1&resize=525%2C300 1.5x, https:\/\/i0.wp.com\/noticiasribeiraopreto.com.br\/wp-content\/uploads\/2026\/08\/feira-do-livro.jpg?fit=1200%2C675&ssl=1&resize=700%2C400 2x, https:\/\/i0.wp.com\/noticiasribeiraopreto.com.br\/wp-content\/uploads\/2026\/08\/feira-do-livro.jpg?fit=1200%2C675&ssl=1&resize=1050%2C600 3x"},"classes":[]},{"id":59522,"url":"https:\/\/noticiasribeiraopreto.com.br\/index.php\/2024\/10\/25\/combate-a-dengue-especialistas-defendem-estrategias-alem-de-campanhas-de-conscientizacao\/","url_meta":{"origin":90993,"position":5},"title":"Combate \u00e0 Dengue: Especialistas Defendem Estrat\u00e9gias Al\u00e9m de Campanhas de Conscientiza\u00e7\u00e3o","author":"noticiasribeiraopreto.com.br","date":"25 de October de 2024","format":false,"excerpt":"A preven\u00e7\u00e3o contra a dengue no Brasil precisa ir al\u00e9m das campanhas tradicionais de conscientiza\u00e7\u00e3o sobre cuidados com \u00e1gua parada, afirmam especialistas em sa\u00fade p\u00fablica. Embora as campanhas sejam fundamentais para informar a popula\u00e7\u00e3o, \u00e9 essencial adotar um conjunto mais amplo de estrat\u00e9gias para enfrentar os surtos de dengue, que,\u2026","rel":"","context":"In &quot;Not\u00edcias de Ribeir\u00e3o Preto-SP e Regi\u00e3o&quot;","block_context":{"text":"Not\u00edcias de Ribeir\u00e3o Preto-SP e Regi\u00e3o","link":"https:\/\/noticiasribeiraopreto.com.br\/index.php\/category\/noticias-de-ribeirao-preto-sp-e-regiao-ismael-colosi\/"},"img":{"alt_text":"","src":"https:\/\/i0.wp.com\/noticiasribeiraopreto.com.br\/wp-content\/uploads\/2024\/10\/combate-dengue_mcamgo_abr_29022024-15.webp.webp?fit=1170%2C700&ssl=1&resize=350%2C200","width":350,"height":200,"srcset":"https:\/\/i0.wp.com\/noticiasribeiraopreto.com.br\/wp-content\/uploads\/2024\/10\/combate-dengue_mcamgo_abr_29022024-15.webp.webp?fit=1170%2C700&ssl=1&resize=350%2C200 1x, https:\/\/i0.wp.com\/noticiasribeiraopreto.com.br\/wp-content\/uploads\/2024\/10\/combate-dengue_mcamgo_abr_29022024-15.webp.webp?fit=1170%2C700&ssl=1&resize=525%2C300 1.5x, https:\/\/i0.wp.com\/noticiasribeiraopreto.com.br\/wp-content\/uploads\/2024\/10\/combate-dengue_mcamgo_abr_29022024-15.webp.webp?fit=1170%2C700&ssl=1&resize=700%2C400 2x, https:\/\/i0.wp.com\/noticiasribeiraopreto.com.br\/wp-content\/uploads\/2024\/10\/combate-dengue_mcamgo_abr_29022024-15.webp.webp?fit=1170%2C700&ssl=1&resize=1050%2C600 3x"},"classes":[]}],"jetpack_sharing_enabled":true,"jetpack_shortlink":"https:\/\/wp.me\/peQAOb-nFD","jetpack_featured_media_url":"https:\/\/i0.wp.com\/noticiasribeiraopreto.com.br\/wp-content\/uploads\/2026\/09\/WhatsApp-Image-2026-08-31-at-10.58.08.jpeg?fit=1600%2C1200&ssl=1","_links":{"self":[{"href":"https:\/\/noticiasribeiraopreto.com.br\/index.php\/wp-json\/wp\/v2\/posts\/90993","targetHints":{"allow":["GET"]}}],"collection":[{"href":"https:\/\/noticiasribeiraopreto.com.br\/index.php\/wp-json\/wp\/v2\/posts"}],"about":[{"href":"https:\/\/noticiasribeiraopreto.com.br\/index.php\/wp-json\/wp\/v2\/types\/post"}],"author":[{"embeddable":true,"href":"https:\/\/noticiasribeiraopreto.com.br\/index.php\/wp-json\/wp\/v2\/users\/1"}],"replies":[{"embeddable":true,"href":"https:\/\/noticiasribeiraopreto.com.br\/index.php\/wp-json\/wp\/v2\/comments?post=90993"}],"version-history":[{"count":0,"href":"https:\/\/noticiasribeiraopreto.com.br\/index.php\/wp-json\/wp\/v2\/posts\/90993\/revisions"}],"wp:featuredmedia":[{"embeddable":true,"href":"https:\/\/noticiasribeiraopreto.com.br\/index.php\/wp-json\/wp\/v2\/media\/90994"}],"wp:attachment":[{"href":"https:\/\/noticiasribeiraopreto.com.br\/index.php\/wp-json\/wp\/v2\/media?parent=90993"}],"wp:term":[{"taxonomy":"category","embeddable":true,"href":"https:\/\/noticiasribeiraopreto.com.br\/index.php\/wp-json\/wp\/v2\/categories?post=90993"},{"taxonomy":"post_tag","embeddable":true,"href":"https:\/\/noticiasribeiraopreto.com.br\/index.php\/wp-json\/wp\/v2\/tags?post=90993"}],"curies":[{"name":"wp","href":"https:\/\/api.w.org\/{rel}","templated":true}]}}