{"id":90995,"date":"2026-09-02T15:54:10","date_gmt":"2026-09-02T18:54:10","guid":{"rendered":"https:\/\/noticiasribeiraopreto.com.br\/index.php\/2026\/09\/02\/relacao-muito-carinhosa-tony-bellotto-fala-sobre-ligacao-dos-titas-com-ribeirao-preto\/"},"modified":"2026-09-02T15:54:10","modified_gmt":"2026-09-02T18:54:10","slug":"relacao-muito-carinhosa-tony-bellotto-fala-sobre-ligacao-dos-titas-com-ribeirao-preto","status":"publish","type":"post","link":"https:\/\/noticiasribeiraopreto.com.br\/index.php\/2026\/09\/02\/relacao-muito-carinhosa-tony-bellotto-fala-sobre-ligacao-dos-titas-com-ribeirao-preto\/","title":{"rendered":"Tony Bellotto fala sobre rela\u00e7\u00e3o dos Tit\u00e3s com Ribeir\u00e3o Preto antes de apresenta\u00e7\u00e3o; confira"},"content":{"rendered":"<div class='code-block code-block-1' style='margin: 8px 0 8px auto; text-align: right; display: block; clear: both;'>\n<p><a href=\"https:\/\/wa.link\/vpicfd\"><img data-recalc-dims=\"1\" class=\"wp-image-4922\" style=\"aspect-ratio: 2.0253164556962027; width: 561px; height: auto;\" src=\"https:\/\/i0.wp.com\/ismaelcolosi.com.br\/wp-content\/uploads\/2023\/11\/grupo-de-empregos-whatsapp-e-facebook-ismael-colosi-vagas.jpg?ssl=1\" alt=\"\" \/><\/a><\/p>\n<!-- \/wp:image -->\n<\/div>\n<p> <br \/>\n<\/p>\n<p>Os <strong>Tit\u00e3s <\/strong>se apresentam em<strong> Ribeir\u00e3o Pret<\/strong>o neste s\u00e1bado (5), cidade que, segundo o guitarrista <strong>Tony Bellotto<\/strong>, faz parte da hist\u00f3ria da banda h\u00e1 muitos anos.<\/p>\n<p>Em entrevista ao <strong>acidade on<\/strong>, ele contou que o grupo mant\u00e9m um <strong>f\u00e3-clube no munic\u00edpio<\/strong> e destacou o carinho pelos f\u00e3s que acompanham os Tit\u00e3s h\u00e1 d\u00e9cadas.<\/p>\n<blockquote class=\"wp-block-quote is-layout-flow wp-block-quote-is-layout-flow\">\n<p>\u201cN\u00f3s temos uma rela\u00e7\u00e3o muito carinhosa e muito antiga, muito longa com Ribeir\u00e3o Preto, n\u00e9? N\u00f3s temos um f\u00e3-clube a\u00ed, que \u00e9 sediado a\u00ed, muitos f\u00e3s que nos acompanham h\u00e1 muito tempo, e a gente gosta muito de Ribeir\u00e3o Preto, \u00e9 uma cidade muito simp\u00e1tica\u201d, afirmou Bellotto.<\/p>\n<\/blockquote>\n<p>A rela\u00e7\u00e3o com a cidade tamb\u00e9m faz parte da rotina da banda. Segundo <strong>Bellotto<\/strong>, <mark class=\"has-inline-color\">os <strong>Tit\u00e3s <\/strong>costumam passar por <strong>Ribeir\u00e3o Preto<\/strong> para apresentar ao p\u00fablico o trabalho que <strong>est\u00e3o fazendo em cada fase da carreira.<\/strong><\/mark><\/p>\n<p>Desta vez, o reencontro acontece com a turn\u00ea \u201c<strong>Cabe\u00e7a Dinossauro 40 Anos<\/strong>\u201d, que leva aos palcos o \u00e1lbum lan\u00e7ado em 1986. Para o guitarrista, a turn\u00ea tem uma caracter\u00edstica especial porque re\u00fane<strong> f\u00e3s que j\u00e1 conhecem o \u00e1lbum e jovens que est\u00e3o descobrindo as m\u00fasicas agora<\/strong>.<\/p>\n<blockquote class=\"wp-block-quote is-layout-flow wp-block-quote-is-layout-flow\">\n<p>\u201cEu acho que os f\u00e3s podem esperar o melhor dos Tit\u00e3s [\u2026] ent\u00e3o, vai ser muito divertido tocar em Ribeir\u00e3o, como sempre \u00e9\u201d.<\/p>\n<\/blockquote>\n<blockquote class=\"tiktok-embed\" cite=\"https:\/\/www.tiktok.com\/@acidadeonribeiraopreto\/video\/7681010734561643797\" data-video-id=\"7681010734561643797\">\n<section> <a target=\"_blank\" title=\"@acidadeonribeiraopreto\" href=\"https:\/\/www.tiktok.com\/@acidadeonribeiraopreto?refer=embed\" rel=\"noopener\">@acidadeonribeiraopreto<\/a>  Os Tit\u00e3s se apresentam em Ribeir\u00e3o Preto neste s\u00e1bado (5), cidade que, segundo o guitarrista Tony Bellotto, faz parte da hist\u00f3ria da banda h\u00e1 muitos anos.  Em entrevista ao acidade on, ele contou que o grupo mant\u00e9m um f\u00e3-clube no munic\u00edpio e destacou o carinho pelos f\u00e3s que acompanham os Tit\u00e3s h\u00e1 d\u00e9cadas.  \u201cN\u00f3s temos uma rela\u00e7\u00e3o muito carinhosa e muito antiga, muito longa com Ribeir\u00e3o Preto, n\u00e9? N\u00f3s temos um f\u00e3-clube a\u00ed, que \u00e9 sediado a\u00ed, muitos f\u00e3s que nos acompanham h\u00e1 muito tempo, e a gente gosta muito de Ribeir\u00e3o Preto, \u00e9 uma cidade muito simp\u00e1tica\u201d, afirmou Bellotto.  A rela\u00e7\u00e3o com a cidade tamb\u00e9m faz parte da rotina da banda. Segundo Bellotto, os Tit\u00e3s costumam passar por Ribeir\u00e3o Preto para apresentar ao p\u00fablico o trabalho que est\u00e3o fazendo em cada fase da carreira.  A apresenta\u00e7\u00e3o dos Tit\u00e3s acontece no Multiplan Hall, localizado na zona Sul do munic\u00edpio. No repert\u00f3rio da apresenta\u00e7\u00e3o est\u00e3o faixas como \u201cPol\u00edcia\u201d, \u201cIgreja\u201d, \u201cBichos Escrotos\u201d e \u201cAAUU\u201d.  Os ingressos para a apresenta\u00e7\u00e3o ainda est\u00e3o dispon\u00edveis e podem ser adquiridos de forma online.  Saiba mais no site  acidadeon.com\/ribeiraopreto  acidade on <a title=\"acidadeon\" target=\"_blank\" href=\"https:\/\/www.tiktok.com\/tag\/acidadeon?refer=embed\" rel=\"noopener\">#acidadeon<\/a> <a title=\"fiqueon\" target=\"_blank\" href=\"https:\/\/www.tiktok.com\/tag\/fiqueon?refer=embed\" rel=\"noopener\">#fiqueon<\/a> <a title=\"ribeiraopreto\" target=\"_blank\" href=\"https:\/\/www.tiktok.com\/tag\/ribeiraopreto?refer=embed\" rel=\"noopener\">#ribeiraopreto<\/a> <a target=\"_blank\" title=\"\u266c som original - acidade on Ribeir\u00e3o Preto\" href=\"https:\/\/www.tiktok.com\/music\/som-original-7681010802881907477?refer=embed\" rel=\"noopener\">\u266c som original \u2013 acidade on Ribeir\u00e3o Preto<\/a> <\/section>\n<\/blockquote>\n<p class=\"has-text-align-center has-cyan-bluish-gray-background-color has-background\"><em>Receba not\u00edcias do\u00a0<strong>acidade on Ribeir\u00e3o\u00a0<\/strong>no WhatsApp e fique por dentro de tudo! Basta acessar o link<a href=\"https:\/\/chat.whatsapp.com\/DfXwcjKVIddHUT3BvnQuPZ?mode=hqctshi\" target=\"_blank\" rel=\"noreferrer noopener\">\u00a0aqui<\/a>!<\/em><\/p>\n<h2 class=\"wp-block-heading\"><strong>Uma nova gera\u00e7\u00e3o descobrindo os Tit\u00e3s<\/strong><\/h2>\n<p>A presen\u00e7a de um <strong>p\u00fablico mais jovem tem chamado a aten\u00e7\u00e3o da banda<\/strong> durante os shows. Segundo o guitarrista, muita gente est\u00e1 tendo o primeiro contato com \u201c<strong>Cabe\u00e7a Dinossauro<\/strong>\u201d justamente por meio da turn\u00ea.<\/p>\n<blockquote class=\"wp-block-quote is-layout-flow wp-block-quote-is-layout-flow\">\n<p>\u201cA turn\u00ea \u2018Tit\u00e3s Cabe\u00e7a de Dinossauro 40 Anos\u2019 oferece uma emo\u00e7\u00e3o dupla, vamos dizer assim. Para quem j\u00e1 conhece o disco, \u00e9 uma grande celebra\u00e7\u00e3o de ouvir o disco inteiro, na \u00edntegra, na maneira como foi gravado, na ordem das m\u00fasicas e tudo mais.\u201d<\/p>\n<\/blockquote>\n<p>Essa mistura de gera\u00e7\u00f5es tamb\u00e9m muda a experi\u00eancia dos m\u00fasicos no palco. De um lado, est\u00e3o os f\u00e3s que acompanham o \u00e1lbum h\u00e1 d\u00e9cadas. Do outro, jovens que est\u00e3o conhecendo agora m\u00fasicas lan\u00e7adas muito antes de eles nascerem.<\/p>\n<blockquote class=\"wp-block-quote is-layout-flow wp-block-quote-is-layout-flow\">\n<p>\u201cUma coisa muito interessante que acontece nesse show, que a gente tem percebido, \u00e9 um p\u00fablico de jovens, muita gente, muita garotada que t\u00e1 tendo a oportunidade de conhecer esse disco agora. Ent\u00e3o, para gente l\u00e1 em cima do palco, \u00e9 uma emo\u00e7\u00e3o dupla, n\u00e9? Ver aqueles que j\u00e1 conhecem o disco se divertindo e ver aqueles que ainda n\u00e3o conhecem se divertindo tamb\u00e9m e conhecendo um trabalho que continua muito relevante e atual.\u201d<\/p>\n<\/blockquote>\n<figure class=\"wp-block-image size-large\"><figcaption class=\"wp-element-caption\">Tit\u00e3s trazem nova turn\u00ea para Ribeir\u00e3o Preto \u2013 Foto: @bmaisca.<\/figcaption><\/figure>\n<h2 class=\"wp-block-heading\"><strong>M\u00fasicas que continuam atuais<\/strong><\/h2>\n<p>Quatro d\u00e9cadas depois do lan\u00e7amento, <strong>Bellotto <\/strong>acredita que as letras de \u201cCabe\u00e7a Dinossauro\u201d continuam fazendo sentido para o p\u00fablico.<\/p>\n<p>Segundo ele, as m\u00fasicas <strong>foram constru\u00eddas de forma direta e mantiveram a for\u00e7a das mensagens ao longo do tempo<\/strong>. O guitarrista cita \u201c<strong>Igreja<\/strong>\u201d como exemplo e afirma que a can\u00e7\u00e3o ganhou ainda mais relev\u00e2ncia diante de quest\u00f5es que continuam presentes na sociedade.<\/p>\n<blockquote class=\"wp-block-quote is-layout-flow wp-block-quote-is-layout-flow\">\n<p>\u201cEnt\u00e3o, Igreja, eu considero ainda mais atual hoje em dia do que era naquela \u00e9poca, s\u00f3 para dar um exemplo. Mas o significado das m\u00fasicas \u00e9 muito claro e continua muito pertinente.\u201d<\/p>\n<\/blockquote>\n<p>Outra faixa que ganhou uma nova porta de entrada para o p\u00fablico foi \u201c<strong>Bichos Escrotos<\/strong>\u201d, que recebeu uma grava\u00e7\u00e3o de <strong>Anitta<\/strong>. <mark class=\"has-inline-color\">Para <strong>Bellotto<\/strong>, a nova vers\u00e3o tamb\u00e9m ajudou pessoas que n\u00e3o conheciam a m\u00fasica original a chegar aos Tit\u00e3s.<\/mark><\/p>\n<p>Se precisasse escolher uma m\u00fasica para apresentar a banda a algu\u00e9m de 18 anos, por\u00e9m, o guitarrista ficaria com \u201c<strong>Cabe\u00e7a de Dinossauro<\/strong>\u201d \u2013 <strong>ou\u00e7as as m\u00fasicas logo abaixo<\/strong>.<\/p>\n<blockquote class=\"wp-block-quote is-layout-flow wp-block-quote-is-layout-flow\">\n<p>\u201cEu, se fosse escolher uma pessoalmente, eu escolheria Cabe\u00e7a de Dinossauro, que eu acho uma m\u00fasica muito concisa, n\u00e9, que elas s\u00e3o praticamente tr\u00eas versos, n\u00e9, e ela diz muito do que \u00e9 a gente.\u201d<\/p>\n<\/blockquote>\n<h2 class=\"wp-block-heading\"><strong>Show dos Tit\u00e3s em Ribeir\u00e3o Preto<\/strong><\/h2>\n<p>A apresenta\u00e7\u00e3o dos <strong>Tit\u00e3s em Ribeir\u00e3o Preto<\/strong> acontece neste s\u00e1bado (5), no Multiplan Hall, localizado na zona Sul do munic\u00edpio. <strong>No repert\u00f3rio da apresenta\u00e7\u00e3o est\u00e3o faixas como \u201cPol\u00edcia\u201d, \u201cIgreja\u201d, \u201cBichos Escrotos\u201d e \u201cAAUU\u201d.<\/strong><\/p>\n<p>Os ingressos para a apresenta\u00e7\u00e3o <strong>ainda est\u00e3o dispon\u00edveis<\/strong> e podem ser adquiridos de <strong>forma online (<a href=\"https:\/\/www.eventim.com.br\/event\/titas-cabeca-dinossauro-40-anos-multiplan-hall-ribeirao-preto-21671556\/\" target=\"_blank\" data-type=\"link\" data-id=\"https:\/\/www.eventim.com.br\/event\/titas-cabeca-dinossauro-40-anos-multiplan-hall-ribeirao-preto-21671556\/\" rel=\"noreferrer noopener\">clique aqui<\/a>)<\/strong>. Confira os valores e setores:<\/p>\n<ul class=\"wp-block-list\">\n<li><strong>Bistr\u00f4 <\/strong>\u2013 R$ 135,00 (meia-entrada) | R$ 189,00 (entrada social) | R$ 270,00 (inteira)<\/li>\n<li><strong>Premium<\/strong> \u2013 R$ 145,00 (meia-entrada) | R$ 203,00 (entrada social) | R$ 290,00 (inteira)<\/li>\n<li><strong>Mesas Vip B <\/strong>\u2013 R$ 140,00 (meia-entrada) | R$ 196,00 (entrada social) | R$ 280,00 (inteira)<\/li>\n<li><strong>Mesa Vip A<\/strong> \u2013 R$ 172,50 (meia-entrada) | R$ 241,50 (entrada social) | R$ 345,00 (inteira)<\/li>\n<li><strong>Mesa Vip Extra<\/strong> \u2013 R$ 205 (meia-entrada) | R$ 287,00 (entrada social) | R$ 410,00 (inteira)<\/li>\n<li><strong>Mesa Vip Especial<\/strong> \u2013 R$ 440,00 (inteira)<\/li>\n<\/ul>\n<p><em> Vale lembrar que os valores e a disponibilidade dos ingressos est\u00e3o sujeitos a altera\u00e7\u00f5es sem aviso pr\u00e9vio.<\/em><\/p>\n<h3 class=\"wp-block-heading\"><strong>Servi\u00e7o<\/strong><\/h3>\n<p><em>Turn\u00ea \u201cCabe\u00e7a Dinossauro\u201d dos Tit\u00e3s<\/em><\/p>\n<p>Quando: 5 de setembro de 2026 (s\u00e1bado)<\/p>\n<p>Local: Multiplan Hall \u2013 Ribeir\u00e3o Shopping \u2013 Avenida Cel. Fernando Ferreira Leite, 1540 \u2013 Jardim Nova Alian\u00e7a<\/p>\n<p>Ingressos: a partir de R$ 135 \u2013 <a href=\"https:\/\/www.eventim.com.br\/event\/titas-cabeca-dinossauro-40-anos-multiplan-hall-ribeirao-preto-21671556\/\" target=\"_blank\" data-type=\"link\" data-id=\"https:\/\/www.eventim.com.br\/event\/titas-cabeca-dinossauro-40-anos-multiplan-hall-ribeirao-preto-21671556\/\" rel=\"noreferrer noopener\">clique aqui<\/a><\/p>\n<p class=\"has-text-align-center has-cyan-bluish-gray-background-color has-background\"><em>Fa\u00e7a uma den\u00fancia ou sugira uma reportagem sobre\u00a0<strong>Ribeir\u00e3o Preto\u00a0<\/strong>e regi\u00e3o por meio do WhatsApp do\u00a0<strong>acidade on Ribeir\u00e3o<\/strong>: (16) 99117-7802.<\/em><\/p>\n<p>O post Tony Bellotto fala sobre rela\u00e7\u00e3o dos Tit\u00e3s com Ribeir\u00e3o Preto antes de apresenta\u00e7\u00e3o; confira apareceu primeiro em ACidade ON Ribeir\u00e3o Preto.<\/p>\n<p><script async src=\"\/\/www.tiktok.com\/embed.js\"><\/script><br \/>\n<br \/><br \/>\n<br \/><a href=\"https:\/\/www.acidadeon.com\/ribeiraopreto\/lazer-e-cultura\/relacao-muito-carinhosa-tony-bellotto-fala-sobre-ligacao-dos-titas-com-ribeirao-preto\/\">Link para o texto original aqui <\/a><\/p>\n<!-- CONTENT END 1 -->\n","protected":false},"excerpt":{"rendered":"<p>Os Tit\u00e3s se apresentam em Ribeir\u00e3o Preto neste s\u00e1bado (5), cidade que, segundo o guitarrista Tony Bellotto, faz parte da hist\u00f3ria da banda h\u00e1 muitos&#8230;<\/p>\n","protected":false},"author":1,"featured_media":90996,"comment_status":"","ping_status":"","sticky":false,"template":"","format":"standard","meta":{"advanced_seo_description":"","jetpack_seo_html_title":"","jetpack_seo_noindex":false,"jetpack_seo_schema_type":"","_jetpack_newsletter_access":"","_jetpack_dont_email_post_to_subs":false,"_jetpack_newsletter_tier_id":0,"_jetpack_memberships_contains_paywalled_content":false,"_jetpack_feature_clip_id":0,"_jetpack_memberships_contains_paid_content":false,"footnotes":"","jetpack_publicize_message":"","jetpack_publicize_feature_enabled":true,"jetpack_social_post_already_shared":true,"jetpack_social_options":{"image_generator_settings":{"template":"highway","default_image_id":0,"font":"","enabled":false},"version":2},"jetpack_post_was_ever_published":false},"categories":[11],"tags":[6875,342,8889,269,470,2419,27,1194,26,468,8887,8888],"class_list":["post-90995","post","type-post","status-publish","format-standard","has-post-thumbnail","hentry","category-noticias-de-ribeirao-preto-sp-e-regiao-ismael-colosi","tag-antes","tag-apresentacao","tag-bellotto","tag-confira","tag-dos","tag-fala","tag-preto","tag-relacao","tag-ribeirao","tag-sobre","tag-titas","tag-tony"],"jetpack_publicize_connections":[],"jetpack-related-posts":[{"id":64160,"url":"https:\/\/noticiasribeiraopreto.com.br\/index.php\/2025\/03\/03\/tony-bellotto-dos-titas-e-diagnosticado-com-cancer-no-pancreas-e-se-afasta-dos-palcos\/","url_meta":{"origin":90995,"position":0},"title":"Tony Bellotto, dos Tit\u00e3s, \u00e9 diagnosticado com c\u00e2ncer no p\u00e2ncreas e se afasta dos palcos","author":"noticiasribeiraopreto.com.br","date":"3 de March de 2025","format":false,"excerpt":"Em um v\u00eddeo publicado nesta segunda-feira (3), Tony Bellotto, guitarrista da banda Tit\u00e3s, compartilhou com seus f\u00e3s que foi diagnosticado com c\u00e2ncer no p\u00e2ncreas e ficar\u00e1 longe dos palcos por tempo indeterminado. \u201cDurante um exame de rotina, fui diagnosticado com um tumor no p\u00e2ncreas e precisarei passar por uma cirurgia\u201d,\u2026","rel":"","context":"In &quot;Not\u00edcias de Ribeir\u00e3o Preto-SP e Regi\u00e3o&quot;","block_context":{"text":"Not\u00edcias de Ribeir\u00e3o Preto-SP e Regi\u00e3o","link":"https:\/\/noticiasribeiraopreto.com.br\/index.php\/category\/noticias-de-ribeirao-preto-sp-e-regiao-ismael-colosi\/"},"img":{"alt_text":"","src":"https:\/\/i0.wp.com\/noticiasribeiraopreto.com.br\/wp-content\/uploads\/2025\/03\/tony-bellotto_widelg_2025-03-03_22-11-13_jpg_2025-03-03_22-11-13.webp.webp?fit=800%2C450&ssl=1&resize=350%2C200","width":350,"height":200,"srcset":"https:\/\/i0.wp.com\/noticiasribeiraopreto.com.br\/wp-content\/uploads\/2025\/03\/tony-bellotto_widelg_2025-03-03_22-11-13_jpg_2025-03-03_22-11-13.webp.webp?fit=800%2C450&ssl=1&resize=350%2C200 1x, https:\/\/i0.wp.com\/noticiasribeiraopreto.com.br\/wp-content\/uploads\/2025\/03\/tony-bellotto_widelg_2025-03-03_22-11-13_jpg_2025-03-03_22-11-13.webp.webp?fit=800%2C450&ssl=1&resize=525%2C300 1.5x, https:\/\/i0.wp.com\/noticiasribeiraopreto.com.br\/wp-content\/uploads\/2025\/03\/tony-bellotto_widelg_2025-03-03_22-11-13_jpg_2025-03-03_22-11-13.webp.webp?fit=800%2C450&ssl=1&resize=700%2C400 2x"},"classes":[]},{"id":78066,"url":"https:\/\/noticiasribeiraopreto.com.br\/index.php\/2025\/10\/01\/ribeirao-recebe-show-dos-titas-neste-fim-de-semana-ainda-ha-ingressos-disponiveis\/","url_meta":{"origin":90995,"position":1},"title":"Ribeir\u00e3o recebe show dos Tit\u00e3s neste fim de semana; ainda h\u00e1 ingressos dispon\u00edveis","author":"noticiasribeiraopreto.com.br","date":"1 de October de 2025","format":false,"excerpt":"A banda Tit\u00e3s se apresenta neste s\u00e1bado (4), no Multiplan Hall, do Ribeir\u00e3o Shopping, a partir das 21h. O repert\u00f3rio do show celebra as quatro d\u00e9cadas da banda de rock nacional. Ainda h\u00e1 ingressos dispon\u00edveis para a apresenta\u00e7\u00e3o. O show ser\u00e1 conduzido por S\u00e9rgio Britto (voz e teclado), Branco Mello\u2026","rel":"","context":"In &quot;Not\u00edcias de Ribeir\u00e3o Preto-SP e Regi\u00e3o&quot;","block_context":{"text":"Not\u00edcias de Ribeir\u00e3o Preto-SP e Regi\u00e3o","link":"https:\/\/noticiasribeiraopreto.com.br\/index.php\/category\/noticias-de-ribeirao-preto-sp-e-regiao-ismael-colosi\/"},"img":{"alt_text":"","src":"https:\/\/i0.wp.com\/noticiasribeiraopreto.com.br\/wp-content\/uploads\/2025\/10\/Tita-771s-Eletrico-Dantas-Jr-Fotografia-149_2025-10-01_12-16-50.webp.webp?fit=1200%2C800&ssl=1&resize=350%2C200","width":350,"height":200,"srcset":"https:\/\/i0.wp.com\/noticiasribeiraopreto.com.br\/wp-content\/uploads\/2025\/10\/Tita-771s-Eletrico-Dantas-Jr-Fotografia-149_2025-10-01_12-16-50.webp.webp?fit=1200%2C800&ssl=1&resize=350%2C200 1x, https:\/\/i0.wp.com\/noticiasribeiraopreto.com.br\/wp-content\/uploads\/2025\/10\/Tita-771s-Eletrico-Dantas-Jr-Fotografia-149_2025-10-01_12-16-50.webp.webp?fit=1200%2C800&ssl=1&resize=525%2C300 1.5x, https:\/\/i0.wp.com\/noticiasribeiraopreto.com.br\/wp-content\/uploads\/2025\/10\/Tita-771s-Eletrico-Dantas-Jr-Fotografia-149_2025-10-01_12-16-50.webp.webp?fit=1200%2C800&ssl=1&resize=700%2C400 2x, https:\/\/i0.wp.com\/noticiasribeiraopreto.com.br\/wp-content\/uploads\/2025\/10\/Tita-771s-Eletrico-Dantas-Jr-Fotografia-149_2025-10-01_12-16-50.webp.webp?fit=1200%2C800&ssl=1&resize=1050%2C600 3x"},"classes":[]},{"id":87799,"url":"https:\/\/noticiasribeiraopreto.com.br\/index.php\/2026\/07\/09\/as-8-melhores-entrevistas-de-charles-gavin-no-programa-o-som-do-vinil\/","url_meta":{"origin":90995,"position":2},"title":"As 8 melhores entrevistas de Charles Gavin no programa \u201cO Som do Vinil\u201d","author":"noticiasribeiraopreto.com.br","date":"9 de July de 2026","format":false,"excerpt":"Nascido em S\u00e3o Paulo, no dia 9 de julho de 1960, o baterista, compositor e produtor musical Charles Gavin completa 66 anos hoje.\u00a0Mas voc\u00ea sabia que o ex-Tit\u00e3s tamb\u00e9m \u00e9 apresentador e j\u00e1 fez entrevistas ic\u00f4nicas e inesquec\u00edveis em seu programa \u201cO Som do Vinil\u201d, exibido no Canal Brasil, desde\u2026","rel":"","context":"In &quot;Not\u00edcias de Ribeir\u00e3o Preto-SP e Regi\u00e3o&quot;","block_context":{"text":"Not\u00edcias de Ribeir\u00e3o Preto-SP e Regi\u00e3o","link":"https:\/\/noticiasribeiraopreto.com.br\/index.php\/category\/noticias-de-ribeirao-preto-sp-e-regiao-ismael-colosi\/"},"img":{"alt_text":"","src":"https:\/\/i0.wp.com\/noticiasribeiraopreto.com.br\/wp-content\/uploads\/2026\/07\/as-8-melhores-entrevistas-de-charles-gavin-no-programa-o-som-do-vinil.jpg?fit=1200%2C720&ssl=1&resize=350%2C200","width":350,"height":200,"srcset":"https:\/\/i0.wp.com\/noticiasribeiraopreto.com.br\/wp-content\/uploads\/2026\/07\/as-8-melhores-entrevistas-de-charles-gavin-no-programa-o-som-do-vinil.jpg?fit=1200%2C720&ssl=1&resize=350%2C200 1x, https:\/\/i0.wp.com\/noticiasribeiraopreto.com.br\/wp-content\/uploads\/2026\/07\/as-8-melhores-entrevistas-de-charles-gavin-no-programa-o-som-do-vinil.jpg?fit=1200%2C720&ssl=1&resize=525%2C300 1.5x, https:\/\/i0.wp.com\/noticiasribeiraopreto.com.br\/wp-content\/uploads\/2026\/07\/as-8-melhores-entrevistas-de-charles-gavin-no-programa-o-som-do-vinil.jpg?fit=1200%2C720&ssl=1&resize=700%2C400 2x, https:\/\/i0.wp.com\/noticiasribeiraopreto.com.br\/wp-content\/uploads\/2026\/07\/as-8-melhores-entrevistas-de-charles-gavin-no-programa-o-som-do-vinil.jpg?fit=1200%2C720&ssl=1&resize=1050%2C600 3x"},"classes":[]},{"id":48964,"url":"https:\/\/noticiasribeiraopreto.com.br\/index.php\/2024\/05\/07\/show-do-titas-em-ribeirao-preto-tem-ingresso-solidario-para-ajudar-vitimas-das-chuvas-no-rs\/","url_meta":{"origin":90995,"position":3},"title":"Show do Tit\u00e3s em Ribeir\u00e3o Preto tem ingresso solid\u00e1rio para ajudar v\u00edtimas das chuvas no RS","author":"noticiasribeiraopreto.com.br","date":"7 de May de 2024","format":false,"excerpt":"Em solidariedade \u00e0s v\u00edtimas das chuvas no Rio Grande do Sul, foi lan\u00e7ado nesta ter\u00e7a-feira (7), um lote solid\u00e1rio de ingressos para o show \u201cTit\u00e3s Microfonado\u201d, que acontece em Ribeir\u00e3o Preto. A apresenta\u00e7\u00e3o musical da banda de rock ser\u00e1 no s\u00e1bado (11), no Multiplan Hall, espa\u00e7o que fica dentro do\u2026","rel":"","context":"In &quot;Not\u00edcias de Ribeir\u00e3o Preto-SP e Regi\u00e3o&quot;","block_context":{"text":"Not\u00edcias de Ribeir\u00e3o Preto-SP e Regi\u00e3o","link":"https:\/\/noticiasribeiraopreto.com.br\/index.php\/category\/noticias-de-ribeirao-preto-sp-e-regiao-ismael-colosi\/"},"img":{"alt_text":"","src":"https:\/\/i0.wp.com\/noticiasribeiraopreto.com.br\/wp-content\/uploads\/2024\/05\/Titas-2024-credito-para-Dantas-Jr-Fotografia-68_2024-05-07_21-14-59_jpg_2024-05-07_21-15-00.webp.webp?fit=1200%2C801&ssl=1&resize=350%2C200","width":350,"height":200,"srcset":"https:\/\/i0.wp.com\/noticiasribeiraopreto.com.br\/wp-content\/uploads\/2024\/05\/Titas-2024-credito-para-Dantas-Jr-Fotografia-68_2024-05-07_21-14-59_jpg_2024-05-07_21-15-00.webp.webp?fit=1200%2C801&ssl=1&resize=350%2C200 1x, https:\/\/i0.wp.com\/noticiasribeiraopreto.com.br\/wp-content\/uploads\/2024\/05\/Titas-2024-credito-para-Dantas-Jr-Fotografia-68_2024-05-07_21-14-59_jpg_2024-05-07_21-15-00.webp.webp?fit=1200%2C801&ssl=1&resize=525%2C300 1.5x, https:\/\/i0.wp.com\/noticiasribeiraopreto.com.br\/wp-content\/uploads\/2024\/05\/Titas-2024-credito-para-Dantas-Jr-Fotografia-68_2024-05-07_21-14-59_jpg_2024-05-07_21-15-00.webp.webp?fit=1200%2C801&ssl=1&resize=700%2C400 2x, https:\/\/i0.wp.com\/noticiasribeiraopreto.com.br\/wp-content\/uploads\/2024\/05\/Titas-2024-credito-para-Dantas-Jr-Fotografia-68_2024-05-07_21-14-59_jpg_2024-05-07_21-15-00.webp.webp?fit=1200%2C801&ssl=1&resize=1050%2C600 3x"},"classes":[]},{"id":42448,"url":"https:\/\/noticiasribeiraopreto.com.br\/index.php\/2024\/03\/14\/veja-como-comprar-ingressos-para-novo-show-do-titas-em-ribeirao-preto\/","url_meta":{"origin":90995,"position":4},"title":"Veja como comprar ingressos para novo show do Tit\u00e3s em Ribeir\u00e3o Preto","author":"noticiasribeiraopreto.com.br","date":"14 de March de 2024","format":false,"excerpt":"A turn\u00ea \u201cTit\u00e3s Microfonado\u201d chega a Ribeir\u00e3o Preto, no dia 11 de maio, \u00e0s 21h, no espa\u00e7o Multiplan Hall, localizado na avenida Cel. Fernando Ferreira Leite, 1540, Jardim Nova Alian\u00e7a, zona Sul do munic\u00edpio. Os ingressos j\u00e1 est\u00e3o dispon\u00edveis e podem ser adquiridos de forma on-line (clique aqui) ou na\u2026","rel":"","context":"In &quot;Not\u00edcias de Ribeir\u00e3o Preto-SP e Regi\u00e3o&quot;","block_context":{"text":"Not\u00edcias de Ribeir\u00e3o Preto-SP e Regi\u00e3o","link":"https:\/\/noticiasribeiraopreto.com.br\/index.php\/category\/noticias-de-ribeirao-preto-sp-e-regiao-ismael-colosi\/"},"img":{"alt_text":"","src":"https:\/\/i0.wp.com\/noticiasribeiraopreto.com.br\/wp-content\/uploads\/2024\/03\/AnyConv.com__Copia-de-Copia-de-TAMANHO-EXATO-PARA-FOTOS-NO-SISTEMA-NOVO-74.webp.webp?fit=1200%2C675&ssl=1&resize=350%2C200","width":350,"height":200,"srcset":"https:\/\/i0.wp.com\/noticiasribeiraopreto.com.br\/wp-content\/uploads\/2024\/03\/AnyConv.com__Copia-de-Copia-de-TAMANHO-EXATO-PARA-FOTOS-NO-SISTEMA-NOVO-74.webp.webp?fit=1200%2C675&ssl=1&resize=350%2C200 1x, https:\/\/i0.wp.com\/noticiasribeiraopreto.com.br\/wp-content\/uploads\/2024\/03\/AnyConv.com__Copia-de-Copia-de-TAMANHO-EXATO-PARA-FOTOS-NO-SISTEMA-NOVO-74.webp.webp?fit=1200%2C675&ssl=1&resize=525%2C300 1.5x, https:\/\/i0.wp.com\/noticiasribeiraopreto.com.br\/wp-content\/uploads\/2024\/03\/AnyConv.com__Copia-de-Copia-de-TAMANHO-EXATO-PARA-FOTOS-NO-SISTEMA-NOVO-74.webp.webp?fit=1200%2C675&ssl=1&resize=700%2C400 2x, https:\/\/i0.wp.com\/noticiasribeiraopreto.com.br\/wp-content\/uploads\/2024\/03\/AnyConv.com__Copia-de-Copia-de-TAMANHO-EXATO-PARA-FOTOS-NO-SISTEMA-NOVO-74.webp.webp?fit=1200%2C675&ssl=1&resize=1050%2C600 3x"},"classes":[]},{"id":82831,"url":"https:\/\/noticiasribeiraopreto.com.br\/index.php\/2026\/02\/28\/ribeirao-preto-recebe-show-especial-com-integrantes-dos-titas-saiba-onde\/","url_meta":{"origin":90995,"position":5},"title":"Ribeir\u00e3o Preto recebe show especial com integrantes dos Tit\u00e3s; Saiba onde","author":"noticiasribeiraopreto.com.br","date":"28 de February de 2026","format":false,"excerpt":"O Bar Maltesa \u2013 Iraj\u00e1, recebe nesta quinta-feira (27) o projeto \u201cAmigos do Rock\u201d, reunindo integrantes da banda Tit\u00e3s, artistas que constru\u00edram suas carreiras em turn\u00eas, est\u00fadios e grandes festivais. O evento come\u00e7a \u00e0s 20h, com show de Rodolfo Ruiz. J\u00e1 \u00e0s 21h45, \u00e9 a vez de subir ao palco:\u2026","rel":"","context":"In &quot;Not\u00edcias de Ribeir\u00e3o Preto-SP e Regi\u00e3o&quot;","block_context":{"text":"Not\u00edcias de Ribeir\u00e3o Preto-SP e Regi\u00e3o","link":"https:\/\/noticiasribeiraopreto.com.br\/index.php\/category\/noticias-de-ribeirao-preto-sp-e-regiao-ismael-colosi\/"},"img":{"alt_text":"","src":"https:\/\/i0.wp.com\/noticiasribeiraopreto.com.br\/wp-content\/uploads\/2026\/02\/hostile-886029_1280_2024-09-12_13-24-43_jpg_2024-09-12_13-24-43.webp.webp?fit=1200%2C800&ssl=1&resize=350%2C200","width":350,"height":200,"srcset":"https:\/\/i0.wp.com\/noticiasribeiraopreto.com.br\/wp-content\/uploads\/2026\/02\/hostile-886029_1280_2024-09-12_13-24-43_jpg_2024-09-12_13-24-43.webp.webp?fit=1200%2C800&ssl=1&resize=350%2C200 1x, https:\/\/i0.wp.com\/noticiasribeiraopreto.com.br\/wp-content\/uploads\/2026\/02\/hostile-886029_1280_2024-09-12_13-24-43_jpg_2024-09-12_13-24-43.webp.webp?fit=1200%2C800&ssl=1&resize=525%2C300 1.5x, https:\/\/i0.wp.com\/noticiasribeiraopreto.com.br\/wp-content\/uploads\/2026\/02\/hostile-886029_1280_2024-09-12_13-24-43_jpg_2024-09-12_13-24-43.webp.webp?fit=1200%2C800&ssl=1&resize=700%2C400 2x, https:\/\/i0.wp.com\/noticiasribeiraopreto.com.br\/wp-content\/uploads\/2026\/02\/hostile-886029_1280_2024-09-12_13-24-43_jpg_2024-09-12_13-24-43.webp.webp?fit=1200%2C800&ssl=1&resize=1050%2C600 3x"},"classes":[]}],"jetpack_sharing_enabled":true,"jetpack_shortlink":"https:\/\/wp.me\/peQAOb-nFF","jetpack_featured_media_url":"https:\/\/i0.wp.com\/noticiasribeiraopreto.com.br\/wp-content\/uploads\/2026\/09\/titas-ribeirao-preto-entrevista.jpg?fit=1200%2C675&ssl=1","_links":{"self":[{"href":"https:\/\/noticiasribeiraopreto.com.br\/index.php\/wp-json\/wp\/v2\/posts\/90995","targetHints":{"allow":["GET"]}}],"collection":[{"href":"https:\/\/noticiasribeiraopreto.com.br\/index.php\/wp-json\/wp\/v2\/posts"}],"about":[{"href":"https:\/\/noticiasribeiraopreto.com.br\/index.php\/wp-json\/wp\/v2\/types\/post"}],"author":[{"embeddable":true,"href":"https:\/\/noticiasribeiraopreto.com.br\/index.php\/wp-json\/wp\/v2\/users\/1"}],"replies":[{"embeddable":true,"href":"https:\/\/noticiasribeiraopreto.com.br\/index.php\/wp-json\/wp\/v2\/comments?post=90995"}],"version-history":[{"count":0,"href":"https:\/\/noticiasribeiraopreto.com.br\/index.php\/wp-json\/wp\/v2\/posts\/90995\/revisions"}],"wp:featuredmedia":[{"embeddable":true,"href":"https:\/\/noticiasribeiraopreto.com.br\/index.php\/wp-json\/wp\/v2\/media\/90996"}],"wp:attachment":[{"href":"https:\/\/noticiasribeiraopreto.com.br\/index.php\/wp-json\/wp\/v2\/media?parent=90995"}],"wp:term":[{"taxonomy":"category","embeddable":true,"href":"https:\/\/noticiasribeiraopreto.com.br\/index.php\/wp-json\/wp\/v2\/categories?post=90995"},{"taxonomy":"post_tag","embeddable":true,"href":"https:\/\/noticiasribeiraopreto.com.br\/index.php\/wp-json\/wp\/v2\/tags?post=90995"}],"curies":[{"name":"wp","href":"https:\/\/api.w.org\/{rel}","templated":true}]}}