{"id":90997,"date":"2026-09-02T16:08:01","date_gmt":"2026-09-02T19:08:01","guid":{"rendered":"https:\/\/noticiasribeiraopreto.com.br\/index.php\/2026\/09\/02\/lei-mais-dura-gato-energia-eletrica-6-anos-prisao\/"},"modified":"2026-09-02T16:08:01","modified_gmt":"2026-09-02T19:08:01","slug":"lei-mais-dura-gato-energia-eletrica-6-anos-prisao","status":"publish","type":"post","link":"https:\/\/noticiasribeiraopreto.com.br\/index.php\/2026\/09\/02\/lei-mais-dura-gato-energia-eletrica-6-anos-prisao\/","title":{"rendered":"Lei mais dura: \u2018gato\u2019 de energia el\u00e9trica agora pode dar at\u00e9 6 anos de pris\u00e3o"},"content":{"rendered":"<div class='code-block code-block-1' style='margin: 8px 0 8px auto; text-align: right; display: block; clear: both;'>\n<p><a href=\"https:\/\/wa.link\/vpicfd\"><img data-recalc-dims=\"1\" class=\"wp-image-4922\" style=\"aspect-ratio: 2.0253164556962027; width: 561px; height: auto;\" src=\"https:\/\/i0.wp.com\/ismaelcolosi.com.br\/wp-content\/uploads\/2023\/11\/grupo-de-empregos-whatsapp-e-facebook-ismael-colosi-vagas.jpg?ssl=1\" alt=\"\" \/><\/a><\/p>\n<!-- \/wp:image -->\n<\/div>\n<p> <br \/>\n<\/p>\n<p>Quem for pego desviando energia el\u00e9trica por meio de liga\u00e7\u00e3o clandestina, o famoso gato, pode pegar at\u00e9 seis anos de pris\u00e3o. Isso porque entrou em vigor a<a href=\"https:\/\/www.planalto.gov.br\/ccivil_03\/_ato2023-2026\/2026\/lei\/l15397.htm\" data-type=\"link\" data-id=\"https:\/\/www.planalto.gov.br\/ccivil_03\/_ato2023-2026\/2026\/lei\/l15397.htm\" target=\"_blank\" rel=\"noopener\"> lei 15.397\/2026<\/a>, que aumenta a pena para esse delito e determina que qualquer decis\u00e3o sobre soltura ou fian\u00e7a passe pelo crivo de um juiz, n\u00e3o mais da autoridade policial, como o delegado.<\/p>\n<p class=\"has-cyan-bluish-gray-background-color has-background\"><em>Receba not\u00edcias do\u00a0<strong>acidade on Ribeir\u00e3o\u00a0<\/strong>no WhatsApp e fique por dentro de tudo! Basta acessar o link<a href=\"https:\/\/chat.whatsapp.com\/DfXwcjKVIddHUT3BvnQuPZ?mode=hqctshi\" target=\"_blank\" rel=\"noreferrer noopener\">\u00a0aqui<\/a>!<\/em><\/p>\n<h2 class=\"wp-block-heading\" id=\"mudanca-na-lei\"><strong>Mudan\u00e7a na lei<\/strong><\/h2>\n<p>Antes, o furto simples de energia tinha pena de um a quatro anos de pris\u00e3o. Al\u00e9m do prazo de deten\u00e7\u00e3o, a pessoa que for pega cometendo o crime tem de pagar uma multa. Com o aumento da pena m\u00e1xima para mais de quatro anos, a autoridade policial n\u00e3o pode mais arbitrar fian\u00e7a no momento da pris\u00e3o em flagrante.\u00a0<\/p>\n<p>Embora o crime continue sendo juridicamente afian\u00e7\u00e1vel, a an\u00e1lise e eventual concess\u00e3o da fian\u00e7a passaram a ser de compet\u00eancia exclusiva do Poder Judici\u00e1rio. Na pr\u00e1tica, isso torna a responsabiliza\u00e7\u00e3o mais rigorosa e refor\u00e7a o combate ao furto de energia.<\/p>\n<h2 class=\"wp-block-heading\" id=\"no-codigo-penal\"><strong>No C\u00f3digo Penal<\/strong><\/h2>\n<p>O C\u00f3digo Penal equipara a energia el\u00e9trica a coisa m\u00f3vel, como qualquer outra forma de energia com valor econ\u00f4mico. Por isso, o desvio por liga\u00e7\u00e3o clandestina, sem passar pelo sistema regular de medi\u00e7\u00e3o, pode configurar furto.\u00a0<\/p>\n<p>J\u00e1 a adultera\u00e7\u00e3o do medidor para registrar consumo inferior ao real pode, conforme as circunst\u00e2ncias, ser enquadrada como estelionato, segundo entendimento do STJ (Superior Tribunal de Justi\u00e7a).<\/p>\n<h2 class=\"wp-block-heading\" id=\"prejuizo-bilionario\"><strong>Preju\u00edzo bilion\u00e1rio<\/strong><\/h2>\n<p>Segundo a <strong>CPFL Paulista<\/strong>, o furto de energia imp\u00f5e ao setor el\u00e9trico brasileiro um preju\u00edzo bilion\u00e1rio. Dados da <a href=\"https:\/\/www.abradee.org.br\/\" data-type=\"link\" data-id=\"https:\/\/www.abradee.org.br\/\" target=\"_blank\" rel=\"noopener\">Abradee (Segundo a Associa\u00e7\u00e3o Brasileira de Distribuidores de Energia El\u00e9trica)<\/a>, mostram que as distribuidoras registraram R$ 11,3 bilh\u00f5es em perdas com furtos e fraudes em 2025, dos quais cerca de R$ 7,8 bilh\u00f5es foram repassados \u00e0s tarifas e, portanto, pagos por todos os consumidores.<\/p>\n<p>Levantamento da <a href=\"https:\/\/www.gov.br\/aneel\/pt-br\" data-type=\"link\" data-id=\"https:\/\/www.gov.br\/aneel\/pt-br\" target=\"_blank\" rel=\"noopener\">ANEEL (Ag\u00eancia Nacional de Energia El\u00e9trica)<\/a> indica que as perdas n\u00e3o t\u00e9cnicas somaram R$ 11,5 bilh\u00f5es no ano passado. Isso equivale a 7,1% de toda a eletricidade produzida no pa\u00eds, energia suficiente para abastecer o Brasil por 26 dias. Na pr\u00e1tica, as liga\u00e7\u00f5es irregulares elevaram a conta de luz em quase 3% em 2025, segundo a Abradee.<\/p>\n<p>A concession\u00e1ria alega que o \u201cgato\u201d n\u00e3o \u00e9 apenas um crime que causa preju\u00edzo econ\u00f4mico. \u201cQuem interfere na rede sem autoriza\u00e7\u00e3o ou conhecimento t\u00e9cnico pode provocar choques el\u00e9tricos, inc\u00eandios, danos a equipamentos e at\u00e9 apag\u00f5es que atingem um bairro inteiro ou servi\u00e7os essenciais, como hospitais e o abastecimento de \u00e1gua. O risco vale para quem faz a liga\u00e7\u00e3o e todos ao redor, al\u00e9m das equipes da CPFL que precisam intervir nesses medidores\u201d, ressalta.<\/p>\n<figure class=\"wp-block-gallery has-nested-images columns-default is-cropped wp-block-gallery-1 is-layout-flex wp-block-gallery-is-layout-flex\">\n<figure class=\"wp-block-image size-large\"><figcaption class=\"wp-element-caption\">(Divulga\u00e7\u00e3o\/CPFL Energia)<\/figcaption><\/figure>\n<figure class=\"wp-block-image size-large\"><img data-recalc-dims=\"1\" loading=\"lazy\" decoding=\"async\" width=\"576\" height=\"1024\" data-id=\"173451\" src=\"https:\/\/i0.wp.com\/www.acidadeon.com\/ribeiraopreto\/wp-content\/uploads\/sites\/3\/2026\/09\/gato-energia-eletrica-2-576x1024.jpg?resize=576%2C1024&#038;ssl=1\" alt=\"gato energia eletrica 2\" class=\"wp-image-173451\" title=\"Lei mais dura: &apos;gato&apos; de energia el\u00e9trica agora pode dar at\u00e9 6 anos de pris\u00e3o 2\"><figcaption class=\"wp-element-caption\">(Divulga\u00e7\u00e3o\/CPFL Energia)<\/figcaption><\/figure>\n<figure class=\"wp-block-image size-large\"><img data-recalc-dims=\"1\" loading=\"lazy\" decoding=\"async\" width=\"576\" height=\"1024\" data-id=\"173450\" src=\"https:\/\/i0.wp.com\/www.acidadeon.com\/ribeiraopreto\/wp-content\/uploads\/sites\/3\/2026\/09\/gato-energia-eletrica-3-576x1024.jpg?resize=576%2C1024&#038;ssl=1\" alt=\"lei\" class=\"wp-image-173450\" title=\"Lei mais dura: &apos;gato&apos; de energia el\u00e9trica agora pode dar at\u00e9 6 anos de pris\u00e3o 3\"><figcaption class=\"wp-element-caption\">(Divulga\u00e7\u00e3o\/CPFL Energia)<\/figcaption><\/figure>\n<\/figure>\n<p class=\"has-cyan-bluish-gray-background-color has-background\"><em>Fa\u00e7a uma den\u00fancia ou sugira uma reportagem sobre\u00a0<strong>Ribeir\u00e3o Preto\u00a0<\/strong>e regi\u00e3o por meio do WhatsApp do\u00a0<strong>acidade on Ribeir\u00e3o<\/strong>: (16) 99117-7802.<\/em><\/p>\n<h2 class=\"wp-block-heading\" id=\"viu-essa\"><strong>Viu essa?<\/strong><\/h2>\n<h3 class=\"wp-block-heading\" id=\"prefeitura-multa-empresa-por-irregularidades-em-obras-da-nove-de-julho-em-r-2-8-milhoes\"><strong>Prefeitura multa empresa por irregularidades em obras da Nove de Julho em R$ 2,8 milh\u00f5es<\/strong><\/h3>\n<p>A Prefeitura de Ribeir\u00e3o Preto aplicou uma multa de\u00a0<strong>R$ 2,86 milh\u00f5es<\/strong>\u00a0\u00e0 Construtora Metropolitana S.A., respons\u00e1vel pelas obras do corredor de \u00f4nibus da avenida Nove de Julho e da rua S\u00e3o Jos\u00e9. A penalidade acontece ap\u00f3s o munic\u00edpio retomar um processo administrativo relacionado a irregularidades e atrasos registrados durante a execu\u00e7\u00e3o do contrato, em 2023.<\/p>\n<figure class=\"wp-block-image\"><img data-recalc-dims=\"1\" loading=\"lazy\" decoding=\"async\" width=\"984\" height=\"616\" src=\"https:\/\/i0.wp.com\/www.acidadeon.com\/ribeiraopreto\/wp-content\/uploads\/sites\/3\/2026\/01\/image_2026-01-05_20-36-51.webp?resize=984%2C616&#038;ssl=1\" alt=\"Pedras soltas na avenida Nove de Julho em Ribeir\u00e3o Preto - Foto: Reprodu\u00e7\u00e3o\/EPTV\" class=\"wp-image-141189\" title=\"Prefeitura multa empresa por irregularidades em obras da Nove de Julho em R$ 2,8 milh\u00f5es 1\"><figcaption class=\"wp-element-caption\">Foto: Reprodu\u00e7\u00e3o\/EPTV<\/figcaption><\/figure>\n<p>Al\u00e9m da multa de\u00a0<strong>R$ 2.861.442,58<\/strong>, a Prefeitura determinou a\u00a0<strong>suspens\u00e3o da empresa de participar de licita\u00e7\u00f5es e o impedimento de contratar com a Administra\u00e7\u00e3o P\u00fablica pelo prazo de dois anos<\/strong>.\u00a0<mark>A reportagem n\u00e3o conseguiu contato com a empresa respons\u00e1vel pelas obras.<\/mark><\/p>\n<h2 class=\"wp-block-heading\" id=\"contrato-rompido-em-2023\"><strong>Contrato rompido em 2023<\/strong><\/h2>\n<p>A Prefeitura de Ribeir\u00e3o Preto, por meio da Secretaria Municipal de Obras P\u00fablicas, rompeu o contrato com a Construtora Metropolitana em dezembro de 2023. Segundo o munic\u00edpio, a empresa n\u00e3o cumpriu as obriga\u00e7\u00f5es previstas no contrato para execu\u00e7\u00e3o das obras da avenida Nove de Julho e da Rua S\u00e3o Jos\u00e9.<\/p>\n<p>Ap\u00f3s o rompimento, a Prefeitura realizou uma nova licita\u00e7\u00e3o para dar continuidade aos trabalhos. A Era-T\u00e9cnica Engenharia, Constru\u00e7\u00f5es e Servi\u00e7os Ltda. venceu o processo e assumiu a execu\u00e7\u00e3o das obras a partir de abril de 2024.<\/p>\n<h2 class=\"wp-block-heading\" id=\"processo-foi-retomado\"><strong>Processo foi retomado<\/strong><\/h2>\n<p>A empresa j\u00e1 havia recebido uma penalidade da Prefeitura em 2023, mas recorreu \u00e0 Justi\u00e7a. Na ocasi\u00e3o, o Tribunal de Justi\u00e7a de S\u00e3o Paulo anulou o processo administrativo por entender que n\u00e3o havia sido garantido \u00e0 empresa o direito de defesa.<\/p>\n<p>A decis\u00e3o judicial n\u00e3o analisou se a multa era devida ou n\u00e3o. Em nota, a atual gest\u00e3o informou que retomou o processo e fez uma nova an\u00e1lise das informa\u00e7\u00f5es e documentos.<\/p>\n<figure class=\"wp-block-image\"><img data-recalc-dims=\"1\" loading=\"lazy\" decoding=\"async\" width=\"1024\" height=\"576\" src=\"https:\/\/i0.wp.com\/www.acidadeon.com\/ribeiraopreto\/wp-content\/uploads\/sites\/3\/2026\/09\/image-18.png?resize=1024%2C576&#038;ssl=1\" alt=\"prefeitura\" class=\"wp-image-173352\" title=\"Prefeitura multa empresa por irregularidades em obras da Nove de Julho em R$ 2,8 milh\u00f5es 3\"><figcaption class=\"wp-element-caption\"><em>Cruzamento da avenida Francisco Junqueira com a rua S\u00e3o Jos\u00e9 em 2023<\/em>\u00a0\u2013 Foto:<em>\u00a0Marcelo Fontes<\/em><\/figcaption><\/figure>\n<p>Ap\u00f3s a avalia\u00e7\u00e3o, a Secretaria Municipal de Administra\u00e7\u00e3o decidiu aplicar novamente a penalidade.<\/p>\n<p>A empresa ser\u00e1 notificada e ter\u00e1\u00a0<strong>cinco dias \u00fateis para apresentar recurso administrativo<\/strong>. Caso n\u00e3o haja manifesta\u00e7\u00e3o, a penalidade ser\u00e1 publicada no Di\u00e1rio Oficial do Munic\u00edpio e cadastrada no Tribunal de Contas do Estado de S\u00e3o Paulo (TCE-SP).<\/p>\n<h3 class=\"wp-block-heading\" id=\"nota-da-prefeitura\">Nota da Prefeitura<\/h3>\n<p><em>A Prefeitura de Ribeir\u00e3o Preto informa que aplicou nova penalidade \u00e0 empresa Metropolitana, respons\u00e1vel pelas obras na Avenida Nove de Julho e Rua S\u00e3o Jos\u00e9, em raz\u00e3o de irregularidades e atrasos registrados durante a execu\u00e7\u00e3o do contrato, em 2023.<\/em><\/p>\n<p><em>A empresa havia sido penalizada pela Prefeitura naquele ano, mas recorreu \u00e0 Justi\u00e7a. Na \u00e9poca, o Tribunal de Justi\u00e7a anulou o processo administrativo porque entendeu que n\u00e3o havia sido garantido \u00e0 empresa o direito de defesa.\u00a0<strong>A decis\u00e3o n\u00e3o avaliou se a multa era ou n\u00e3o devida.<\/strong><\/em><\/p>\n<p><em>A atual gest\u00e3o optou por retomar o processo e ap\u00f3s an\u00e1lise das informa\u00e7\u00f5es e documentos, decidiu pela aplica\u00e7\u00e3o da penalidade.<\/em><\/p>\n<p><em>A empresa ser\u00e1 notificada e poder\u00e1 recorrer da decis\u00e3o, conforme prev\u00ea a legisla\u00e7\u00e3o.<\/em><\/p>\n<div class=\"wp-block-rank-math-toc-block\" id=\"rank-math-toc\">\n<nav>\n<ul>\n<li class=\"\">Mudan\u00e7a na lei<\/li>\n<li class=\"\">No C\u00f3digo Penal<\/li>\n<li class=\"\">Preju\u00edzo bilion\u00e1rio<\/li>\n<li class=\"\">Viu essa?\n<ul>\n<li class=\"\">Prefeitura multa empresa por irregularidades em obras da Nove de Julho em R$ 2,8 milh\u00f5es<\/li>\n<\/ul>\n<\/li>\n<li class=\"\">Contrato rompido em 2023<\/li>\n<li class=\"\">Processo foi retomado\n<ul>\n<li class=\"\">Nota da Prefeitura<\/li>\n<\/ul>\n<\/li>\n<\/ul>\n<\/nav>\n<\/div>\n<p><strong><br \/><\/strong><\/p>\n<p>O post Lei mais dura: \u2018gato\u2019 de energia el\u00e9trica agora pode dar at\u00e9 6 anos de pris\u00e3o apareceu primeiro em ACidade ON Ribeir\u00e3o Preto.<\/p>\n<p><br \/>\n<br \/><a href=\"https:\/\/www.acidadeon.com\/ribeiraopreto\/economia\/lei-mais-dura-gato-energia-eletrica-6-anos-prisao\/\">Link para o texto original aqui <\/a><\/p>\n<!-- CONTENT END 1 -->\n","protected":false},"excerpt":{"rendered":"<p>Quem for pego desviando energia el\u00e9trica por meio de liga\u00e7\u00e3o clandestina, o famoso gato, pode pegar at\u00e9 seis anos de pris\u00e3o. Isso porque entrou em&#8230;<\/p>\n","protected":false},"author":1,"featured_media":90998,"comment_status":"","ping_status":"","sticky":false,"template":"","format":"standard","meta":{"advanced_seo_description":"","jetpack_seo_html_title":"","jetpack_seo_noindex":false,"jetpack_seo_schema_type":"","_jetpack_newsletter_access":"","_jetpack_dont_email_post_to_subs":false,"_jetpack_newsletter_tier_id":0,"_jetpack_memberships_contains_paywalled_content":false,"_jetpack_feature_clip_id":0,"_jetpack_memberships_contains_paid_content":false,"footnotes":"","jetpack_publicize_message":"","jetpack_publicize_feature_enabled":true,"jetpack_social_post_already_shared":true,"jetpack_social_options":{"image_generator_settings":{"template":"highway","default_image_id":0,"font":"","enabled":false},"version":2},"jetpack_post_was_ever_published":false},"categories":[11],"tags":[414,84,103,559,7867,724,723,4148,1126,276,217,22],"class_list":["post-90997","post","type-post","status-publish","format-standard","has-post-thumbnail","hentry","category-noticias-de-ribeirao-preto-sp-e-regiao-ismael-colosi","tag-agora","tag-anos","tag-ate","tag-dar","tag-dura","tag-eletrica","tag-energia","tag-gato","tag-lei","tag-mais","tag-pode","tag-prisao"],"jetpack_publicize_connections":[],"jetpack-related-posts":[{"id":41590,"url":"https:\/\/noticiasribeiraopreto.com.br\/index.php\/2024\/03\/09\/rp-desfez-2-983-gatos-em-2023\/","url_meta":{"origin":90997,"position":0},"title":"RP desfez 2.983\u00a0 \u2018gatos\u2019 em 2023 \u00a0","author":"noticiasribeiraopreto.com.br","date":"9 de March de 2024","format":false,"excerpt":"As a\u00e7\u00f5es de inspe\u00e7\u00e3o contra fraudes e furtos de energia, os populares \u201cgatos\u201d, permitiram \u00e0 CPFL Paulista regularizar 8.332 liga\u00e7\u00f5es clandestinas em resid\u00eancias, com\u00e9rcios e ind\u00fastrias nas regi\u00f5es de Ribeir\u00e3o Preto e Franca no ano passado, resultando na recupera\u00e7\u00e3o de 33.000 megawatts (MWh) desviados ilegalmente. Com o uso de tecnologia\u2026","rel":"","context":"In &quot;Not\u00edcias de Ribeir\u00e3o Preto-SP e Regi\u00e3o&quot;","block_context":{"text":"Not\u00edcias de Ribeir\u00e3o Preto-SP e Regi\u00e3o","link":"https:\/\/noticiasribeiraopreto.com.br\/index.php\/category\/noticias-de-ribeirao-preto-sp-e-regiao-ismael-colosi\/"},"img":{"alt_text":"","src":"https:\/\/i0.wp.com\/noticiasribeiraopreto.com.br\/wp-content\/uploads\/2024\/03\/GatoCPFL-Detalhe-Divulgacao-CPFL.jpg?fit=684%2C645&ssl=1&resize=350%2C200","width":350,"height":200,"srcset":"https:\/\/i0.wp.com\/noticiasribeiraopreto.com.br\/wp-content\/uploads\/2024\/03\/GatoCPFL-Detalhe-Divulgacao-CPFL.jpg?fit=684%2C645&ssl=1&resize=350%2C200 1x, https:\/\/i0.wp.com\/noticiasribeiraopreto.com.br\/wp-content\/uploads\/2024\/03\/GatoCPFL-Detalhe-Divulgacao-CPFL.jpg?fit=684%2C645&ssl=1&resize=525%2C300 1.5x"},"classes":[]},{"id":88174,"url":"https:\/\/noticiasribeiraopreto.com.br\/index.php\/2026\/07\/15\/eletricista-e-preso-suspeito-de-instalar-gatos-em-medidores-de-energia-no-interior-de-sp\/","url_meta":{"origin":90997,"position":1},"title":"Eletricista \u00e9 preso suspeito de instalar \u2018gatos\u2019 em medidores de energia no interior de SP","author":"noticiasribeiraopreto.com.br","date":"15 de July de 2026","format":false,"excerpt":"Um eletricista de 38 anos foi preso em flagrante nesta quarta-feira (15), em Franca, no interior de S\u00e3o Paulo, suspeito de instalar equipamentos para fraudar medidores de energia el\u00e9trica em resid\u00eancias, empresas e ind\u00fastrias. EntendaA investiga\u00e7\u00e3oComo foi descoberto o esquema?Como funcionava a fraude nos medidores de energia?O que diz a\u2026","rel":"","context":"In &quot;Not\u00edcias de Ribeir\u00e3o Preto-SP e Regi\u00e3o&quot;","block_context":{"text":"Not\u00edcias de Ribeir\u00e3o Preto-SP e Regi\u00e3o","link":"https:\/\/noticiasribeiraopreto.com.br\/index.php\/category\/noticias-de-ribeirao-preto-sp-e-regiao-ismael-colosi\/"},"img":{"alt_text":"","src":"https:\/\/i0.wp.com\/noticiasribeiraopreto.com.br\/wp-content\/uploads\/2026\/07\/roubo-.png?fit=1200%2C675&ssl=1&resize=350%2C200","width":350,"height":200,"srcset":"https:\/\/i0.wp.com\/noticiasribeiraopreto.com.br\/wp-content\/uploads\/2026\/07\/roubo-.png?fit=1200%2C675&ssl=1&resize=350%2C200 1x, https:\/\/i0.wp.com\/noticiasribeiraopreto.com.br\/wp-content\/uploads\/2026\/07\/roubo-.png?fit=1200%2C675&ssl=1&resize=525%2C300 1.5x, https:\/\/i0.wp.com\/noticiasribeiraopreto.com.br\/wp-content\/uploads\/2026\/07\/roubo-.png?fit=1200%2C675&ssl=1&resize=700%2C400 2x, https:\/\/i0.wp.com\/noticiasribeiraopreto.com.br\/wp-content\/uploads\/2026\/07\/roubo-.png?fit=1200%2C675&ssl=1&resize=1050%2C600 3x"},"classes":[]},{"id":90729,"url":"https:\/\/noticiasribeiraopreto.com.br\/index.php\/2026\/08\/28\/rp-chega-a-94-gatos-de-energia-em-2026\/","url_meta":{"origin":90997,"position":2},"title":"RP chega a 94 \u2018gatos\u2019 \u2028de energia em 2026","author":"noticiasribeiraopreto.com.br","date":"28 de August de 2026","format":false,"excerpt":"\r \r \r 28 de agosto de 2026 06:3128 de agosto de 2026 00:34 \r Compartilhar0 CPFL Paulista registrou 323 furtos de energia no primeiro semestre na regi\u00e3o, 94 deles em Ribeir\u00e3o Preto A CPFL Paulista identificou 1.436 irregularidades no consumo de energia em toda a sua \u00e1rea de concess\u00e3o\u2026","rel":"","context":"In &quot;Not\u00edcias de Ribeir\u00e3o Preto-SP e Regi\u00e3o&quot;","block_context":{"text":"Not\u00edcias de Ribeir\u00e3o Preto-SP e Regi\u00e3o","link":"https:\/\/noticiasribeiraopreto.com.br\/index.php\/category\/noticias-de-ribeirao-preto-sp-e-regiao-ismael-colosi\/"},"img":{"alt_text":"","src":"https:\/\/i0.wp.com\/noticiasribeiraopreto.com.br\/wp-content\/uploads\/2026\/08\/GatoCPFL-Divulgacao-CPFL-Paulista-02-scaled.jpg?fit=585%2C780&ssl=1&resize=350%2C200","width":350,"height":200,"srcset":"https:\/\/i0.wp.com\/noticiasribeiraopreto.com.br\/wp-content\/uploads\/2026\/08\/GatoCPFL-Divulgacao-CPFL-Paulista-02-scaled.jpg?fit=585%2C780&ssl=1&resize=350%2C200 1x, https:\/\/i0.wp.com\/noticiasribeiraopreto.com.br\/wp-content\/uploads\/2026\/08\/GatoCPFL-Divulgacao-CPFL-Paulista-02-scaled.jpg?fit=585%2C780&ssl=1&resize=525%2C300 1.5x"},"classes":[]},{"id":72858,"url":"https:\/\/noticiasribeiraopreto.com.br\/index.php\/2025\/06\/22\/jornal-da-franca-quem-usar-veiculo-para-abandonar-animais-pode-perder-a-cnh\/","url_meta":{"origin":90997,"position":3},"title":"Jornal da Franca &#8211; Quem usar ve\u00edculo para abandonar animais pode perder a CNH","author":"noticiasribeiraopreto.com.br","date":"22 de June de 2025","format":false,"excerpt":"compartilhar no whatsapp compartilhar no telegram compartilhar no facebook compartilhar no linkedin Nova proposta de lei prev\u00ea suspens\u00e3o da carteira de motorista para quem usar ve\u00edculos no abandono de animais. Entenda os detalhes e por que a puni\u00e7\u00e3o ficou mais r\u00edgida Projeto de lei prev\u00ea puni\u00e7\u00f5es mais r\u00edgidas para crimes\u2026","rel":"","context":"In &quot;Not\u00edcias de Franca-SP&quot;","block_context":{"text":"Not\u00edcias de Franca-SP","link":"https:\/\/noticiasribeiraopreto.com.br\/index.php\/category\/noticias-de-ribeirao-preto-sp-e-regiao-ismael-colosi\/noticias-franca-sp\/"},"img":{"alt_text":"","src":"https:\/\/i0.wp.com\/noticiasribeiraopreto.com.br\/wp-content\/uploads\/2025\/06\/cao-abandonado-foto-ja-imaginou-isso.jpg?fit=1088%2C720&ssl=1&resize=350%2C200","width":350,"height":200,"srcset":"https:\/\/i0.wp.com\/noticiasribeiraopreto.com.br\/wp-content\/uploads\/2025\/06\/cao-abandonado-foto-ja-imaginou-isso.jpg?fit=1088%2C720&ssl=1&resize=350%2C200 1x, https:\/\/i0.wp.com\/noticiasribeiraopreto.com.br\/wp-content\/uploads\/2025\/06\/cao-abandonado-foto-ja-imaginou-isso.jpg?fit=1088%2C720&ssl=1&resize=525%2C300 1.5x, https:\/\/i0.wp.com\/noticiasribeiraopreto.com.br\/wp-content\/uploads\/2025\/06\/cao-abandonado-foto-ja-imaginou-isso.jpg?fit=1088%2C720&ssl=1&resize=700%2C400 2x, https:\/\/i0.wp.com\/noticiasribeiraopreto.com.br\/wp-content\/uploads\/2025\/06\/cao-abandonado-foto-ja-imaginou-isso.jpg?fit=1088%2C720&ssl=1&resize=1050%2C600 3x"},"classes":[]},{"id":15689,"url":"https:\/\/noticiasribeiraopreto.com.br\/index.php\/2023\/12\/14\/rede-de-mercado-da-regiao-e-flagrada-furtando-energia\/","url_meta":{"origin":90997,"position":4},"title":"Rede de mercado da regi\u00e3o \u00e9 flagrada furtando energia","author":"noticiasribeiraopreto.com.br","date":"14 de December de 2023","format":false,"excerpt":"Tr\u00eas lojas da rede de supermercados foram autuadas por furto de energia el\u00e9trica, o popular gato 14 de dezembro de 2023 | 7:0614 de dezembro de 2023 | 7:04 1Por: Adalberto LuqueUma opera\u00e7\u00e3o da Pol\u00edcia Civil, em parceria com a CPFL Paulista (distribuidora de energia el\u00e9trica na regi\u00e3o) flagrou, nesta\u2026","rel":"","context":"In &quot;Not\u00edcias de Ribeir\u00e3o Preto-SP e Regi\u00e3o&quot;","block_context":{"text":"Not\u00edcias de Ribeir\u00e3o Preto-SP e Regi\u00e3o","link":"https:\/\/noticiasribeiraopreto.com.br\/index.php\/category\/noticias-de-ribeirao-preto-sp-e-regiao-ismael-colosi\/"},"img":{"alt_text":"","src":"https:\/\/i0.wp.com\/noticiasribeiraopreto.com.br\/wp-content\/uploads\/2023\/12\/00-14-dez-2023-gato-cajuru-foto-cpfl-divulgacao-scaled.jpg?fit=963%2C645&ssl=1&resize=350%2C200","width":350,"height":200,"srcset":"https:\/\/i0.wp.com\/noticiasribeiraopreto.com.br\/wp-content\/uploads\/2023\/12\/00-14-dez-2023-gato-cajuru-foto-cpfl-divulgacao-scaled.jpg?fit=963%2C645&ssl=1&resize=350%2C200 1x, https:\/\/i0.wp.com\/noticiasribeiraopreto.com.br\/wp-content\/uploads\/2023\/12\/00-14-dez-2023-gato-cajuru-foto-cpfl-divulgacao-scaled.jpg?fit=963%2C645&ssl=1&resize=525%2C300 1.5x, https:\/\/i0.wp.com\/noticiasribeiraopreto.com.br\/wp-content\/uploads\/2023\/12\/00-14-dez-2023-gato-cajuru-foto-cpfl-divulgacao-scaled.jpg?fit=963%2C645&ssl=1&resize=700%2C400 2x"},"classes":[]},{"id":12292,"url":"https:\/\/noticiasribeiraopreto.com.br\/index.php\/2023\/12\/07\/cenas-intimas-gravadas-sem-autorizacao-podem-render-4-anos-de-prisao\/","url_meta":{"origin":90997,"position":5},"title":"Cenas \u00edntimas gravadas sem autoriza\u00e7\u00e3o podem render 4 anos de pris\u00e3o","author":"noticiasribeiraopreto.com.br","date":"7 de December de 2023","format":false,"excerpt":"7 de dezembro de 2023 | 18:157 de dezembro de 2023 | 17:46 0O projeto de lei que aumenta a pena para quem gravar ou compartilhar v\u00eddeos contendo intimidade sexual, quando obtidos sem a devida autoriza\u00e7\u00e3o dos participantes, foi aprovado na C\u00e2mara dos Deputados na sess\u00e3o plen\u00e1ria desta quinta-feira, 7.\u2026","rel":"","context":"In &quot;Not\u00edcias de Ribeir\u00e3o Preto-SP e Regi\u00e3o&quot;","block_context":{"text":"Not\u00edcias de Ribeir\u00e3o Preto-SP e Regi\u00e3o","link":"https:\/\/noticiasribeiraopreto.com.br\/index.php\/category\/noticias-de-ribeirao-preto-sp-e-regiao-ismael-colosi\/"},"img":{"alt_text":"","src":"https:\/\/i0.wp.com\/noticiasribeiraopreto.com.br\/wp-content\/uploads\/2023\/12\/intima-scaled.jpg?fit=1000%2C450&ssl=1&resize=350%2C200","width":350,"height":200,"srcset":"https:\/\/i0.wp.com\/noticiasribeiraopreto.com.br\/wp-content\/uploads\/2023\/12\/intima-scaled.jpg?fit=1000%2C450&ssl=1&resize=350%2C200 1x, https:\/\/i0.wp.com\/noticiasribeiraopreto.com.br\/wp-content\/uploads\/2023\/12\/intima-scaled.jpg?fit=1000%2C450&ssl=1&resize=525%2C300 1.5x, https:\/\/i0.wp.com\/noticiasribeiraopreto.com.br\/wp-content\/uploads\/2023\/12\/intima-scaled.jpg?fit=1000%2C450&ssl=1&resize=700%2C400 2x"},"classes":[]}],"jetpack_sharing_enabled":true,"jetpack_shortlink":"https:\/\/wp.me\/peQAOb-nFH","jetpack_featured_media_url":"https:\/\/i0.wp.com\/noticiasribeiraopreto.com.br\/wp-content\/uploads\/2026\/09\/gato-energia-eletrica.jpeg?fit=1600%2C899&ssl=1","_links":{"self":[{"href":"https:\/\/noticiasribeiraopreto.com.br\/index.php\/wp-json\/wp\/v2\/posts\/90997","targetHints":{"allow":["GET"]}}],"collection":[{"href":"https:\/\/noticiasribeiraopreto.com.br\/index.php\/wp-json\/wp\/v2\/posts"}],"about":[{"href":"https:\/\/noticiasribeiraopreto.com.br\/index.php\/wp-json\/wp\/v2\/types\/post"}],"author":[{"embeddable":true,"href":"https:\/\/noticiasribeiraopreto.com.br\/index.php\/wp-json\/wp\/v2\/users\/1"}],"replies":[{"embeddable":true,"href":"https:\/\/noticiasribeiraopreto.com.br\/index.php\/wp-json\/wp\/v2\/comments?post=90997"}],"version-history":[{"count":0,"href":"https:\/\/noticiasribeiraopreto.com.br\/index.php\/wp-json\/wp\/v2\/posts\/90997\/revisions"}],"wp:featuredmedia":[{"embeddable":true,"href":"https:\/\/noticiasribeiraopreto.com.br\/index.php\/wp-json\/wp\/v2\/media\/90998"}],"wp:attachment":[{"href":"https:\/\/noticiasribeiraopreto.com.br\/index.php\/wp-json\/wp\/v2\/media?parent=90997"}],"wp:term":[{"taxonomy":"category","embeddable":true,"href":"https:\/\/noticiasribeiraopreto.com.br\/index.php\/wp-json\/wp\/v2\/categories?post=90997"},{"taxonomy":"post_tag","embeddable":true,"href":"https:\/\/noticiasribeiraopreto.com.br\/index.php\/wp-json\/wp\/v2\/tags?post=90997"}],"curies":[{"name":"wp","href":"https:\/\/api.w.org\/{rel}","templated":true}]}}