{"id":90999,"date":"2026-09-02T16:16:20","date_gmt":"2026-09-02T19:16:20","guid":{"rendered":"https:\/\/noticiasribeiraopreto.com.br\/index.php\/2026\/09\/02\/video-mostra-depoimento-de-mulher-acusada-de-envenenar-companheiro-com-acai-assista\/"},"modified":"2026-09-02T16:16:20","modified_gmt":"2026-09-02T19:16:20","slug":"video-mostra-depoimento-de-mulher-acusada-de-envenenar-companheiro-com-acai-assista","status":"publish","type":"post","link":"https:\/\/noticiasribeiraopreto.com.br\/index.php\/2026\/09\/02\/video-mostra-depoimento-de-mulher-acusada-de-envenenar-companheiro-com-acai-assista\/","title":{"rendered":"V\u00eddeo mostra depoimento de mulher acusada de envenenar companheiro com a\u00e7a\u00ed; ASSISTA"},"content":{"rendered":"<div class='code-block code-block-1' style='margin: 8px 0 8px auto; text-align: right; display: block; clear: both;'>\n<p><a href=\"https:\/\/wa.link\/vpicfd\"><img data-recalc-dims=\"1\" class=\"wp-image-4922\" style=\"aspect-ratio: 2.0253164556962027; width: 561px; height: auto;\" src=\"https:\/\/i0.wp.com\/ismaelcolosi.com.br\/wp-content\/uploads\/2023\/11\/grupo-de-empregos-whatsapp-e-facebook-ismael-colosi-vagas.jpg?ssl=1\" alt=\"\" \/><\/a><\/p>\n<!-- \/wp:image -->\n<\/div>\n<p> <br \/>\n<\/p>\n<p><strong>\u201cEra leite condensado.\u201d<\/strong> Essa foi a resposta de Larissa de Sousa Batista ao explicar, durante audi\u00eancia na Justi\u00e7a, o que aparece nas imagens de uma c\u00e2mera de seguran\u00e7a que mostram ela colocando uma subst\u00e2ncia dentro do a\u00e7a\u00ed do companheiro. <\/p>\n<p>O v\u00eddeo do depoimento, obtido com exclusividade pela CBN Ribeir\u00e3o, realizado nesta ter\u00e7a-feira (1\u00ba), mostra a acusada negando ter colocado veneno no alimento.<\/p>\n<div class=\"wp-block-rank-math-toc-block\" id=\"rank-math-toc\">\n<h2>Entenda <\/h2>\n<nav>\n<ul>\n<li class=\"\">Veja v\u00eddeo:<\/li>\n<li class=\"\">V\u00eddeo mostra questionamentos durante audi\u00eancia<\/li>\n<li class=\"\">Companheiro come\u00e7ou a passar mal em casa<\/li>\n<li class=\"\">Relembre o caso<\/li>\n<\/ul>\n<\/nav>\n<\/div>\n<h2 class=\"wp-block-heading\" id=\"veja-video\">Veja v\u00eddeo:<\/h2>\n<figure class=\"wp-block-video\"><video height=\"1920\" width=\"1080\" controls src=\"https:\/\/www.acidadeon.com\/ribeiraopreto\/wp-content\/uploads\/sites\/3\/2026\/09\/Opcao-1-2026-09-02T160543.445.mp4\"><\/video><\/figure>\n<p>Questionada diretamente sobre o conte\u00fado colocado no copo, Larissa afirmou que se tratava de leite condensado. Segundo ela, o produto veio separado do a\u00e7a\u00ed, em um recipiente pr\u00f3prio, como j\u00e1 havia ocorrido em outros pedidos.<\/p>\n<p>A acusada tamb\u00e9m negou ter colocado qualquer tipo de veneno no a\u00e7a\u00ed ou escondido alguma subst\u00e2ncia para que o companheiro, Adenilson Ferreira Parente, consumisse e passasse mal.<\/p>\n<p class=\"has-text-align-center\"><em>Receba not\u00edcias do\u00a0<strong>acidade on Ribeir\u00e3o\u00a0<\/strong>no WhatsApp e fique por dentro de tudo! Basta acessar o link<a href=\"https:\/\/chat.whatsapp.com\/DfXwcjKVIddHUT3BvnQuPZ?mode=hqctshi\" target=\"_blank\" rel=\"noreferrer noopener\">\u00a0aqui<\/a>!<\/em><\/p>\n<h2 class=\"wp-block-heading\" id=\"video-mostra-questionamentos-durante-audiencia\">V\u00eddeo mostra questionamentos durante audi\u00eancia<\/h2>\n<p>Durante o depoimento, a Justi\u00e7a perguntou a Larissa se ela havia colocado veneno no a\u00e7a\u00ed. Ela respondeu que n\u00e3o.<\/p>\n<p>Em seguida, a acusada tamb\u00e9m negou ter colocado alguma subst\u00e2ncia escondida dentro do carro para que Adenilson consumisse.<\/p>\n<p>Larissa confirmou que os dois compraram o a\u00e7a\u00ed juntos e depois seguiram para casa.<\/p>\n<div class=\"wp-block-image\">\n<figure class=\"aligncenter size-full\"><figcaption class=\"wp-element-caption\">Namorada de Adenilson, Larissa de Souza Batista, negou qualquer envolvimento no caso \u2013 Foto: c\u00e2mera de seguran\u00e7a.<\/figcaption><\/figure>\n<\/div>\n<h2 class=\"wp-block-heading\" id=\"companheiro-comecou-a-passar-mal-em-casa\">Companheiro come\u00e7ou a passar mal em casa<\/h2>\n<p>Segundo Larissa, depois que o casal chegou em casa, Adenilson come\u00e7ou a sentir a garganta travar.<\/p>\n<p>Ela afirmou que sugeriu que ele procurasse um hospital. O casal tamb\u00e9m entrou em contato com o irm\u00e3o de Adenilson e enviou fotos.<\/p>\n<p>De acordo com o depoimento, naquele momento Adenilson relatava que sentia a garganta um pouco ruim.<\/p>\n<div class=\"wp-block-image\">\n<figure class=\"aligncenter size-full\"><img data-recalc-dims=\"1\" loading=\"lazy\" decoding=\"async\" width=\"1024\" height=\"576\" src=\"https:\/\/i0.wp.com\/www.acidadeon.com\/ribeiraopreto\/wp-content\/uploads\/sites\/3\/2026\/09\/image-27.png?resize=1024%2C576&#038;ssl=1\" alt=\"image 27\" class=\"wp-image-173460\" title=\"V\u00eddeo mostra depoimento de mulher acusada de envenenar companheiro com a\u00e7a\u00ed; ASSISTA 2\"><figcaption class=\"wp-element-caption\">Adenilson Ferreira Parente e Larissa de Souza Batista \u2013 Foto: redes sociais | reprodu\u00e7\u00e3o\/ EPTV.<\/figcaption><\/figure>\n<\/div>\n<h2 class=\"wp-block-heading\" id=\"relembre-o-caso\">Relembre o caso<\/h2>\n<p>O caso aconteceu no dia 5 de fevereiro, quando Larissa foi at\u00e9 uma loja de a\u00e7a\u00ed na zona Leste de Ribeir\u00e3o Preto, retirar o pedido de dois copos de a\u00e7a\u00ed.<\/p>\n<p>Imagens de c\u00e2mera de seguran\u00e7a mostram que na porta da resid\u00eancia dos envolvidos, Larissa entrega um dos copos para Adenilson, que deixa o produto no ch\u00e3o e sai do local. Na sequ\u00eancia, as imagens mostram a mulher recolhendo o copo de a\u00e7a\u00ed do ch\u00e3o e entrando na resid\u00eancia.<\/p>\n<p>Por volta das 20h, o casal retornou ao local, reclamou do sabor estranho e devolveu o a\u00e7a\u00ed, que foi descartado. O homem precisou ser internado na Unidade de Terapia Intensiva (UTI) do Hospital das Cl\u00ednicas, mas se recuperou e passa bem.<\/p>\n<div class=\"wp-block-image\">\n<figure class=\"aligncenter size-full\"><img data-recalc-dims=\"1\" loading=\"lazy\" decoding=\"async\" width=\"1024\" height=\"638\" src=\"https:\/\/i0.wp.com\/www.acidadeon.com\/ribeiraopreto\/wp-content\/uploads\/sites\/3\/2026\/09\/image-22.png?resize=1024%2C638&#038;ssl=1\" alt=\"image 22\" class=\"wp-image-173455\" title=\"V\u00eddeo mostra depoimento de mulher acusada de envenenar companheiro com a\u00e7a\u00ed; ASSISTA 3\"><figcaption class=\"wp-element-caption\">Pol\u00edcia confirmou que era chumbinho a subst\u00e2ncia encontrada em copo de a\u00e7a\u00ed (Foto: reprodu\u00e7\u00e3o\/EPTV)<\/figcaption><\/figure>\n<\/div>\n<p><strong>A possibilidade de o a\u00e7a\u00ed ter sido envenenado na loja em que foi vendido est\u00e1 descartada pela pol\u00edcia desde o in\u00edcio das investiga\u00e7\u00f5es.\u00a0<\/strong>Segundo o delegado Jos\u00e9 Carvalho de Ara\u00fajo J\u00fanior, o preparo do produto foi filmado e em nenhum momento as imagens demonstraram atitude suspeita.<\/p>\n<p>O laudo do Instituto M\u00e9dico Legal (IML)\u00a0identificou a presen\u00e7a de\u00a0<strong>terbuf\u00f3s\u00a0<\/strong>no copo de a\u00e7a\u00ed, componente qu\u00edmico t\u00edpico de venenos usados na agricultura.<\/p>\n<p>A mulher prestou depoimento \u00e0\u00a0<strong>Pol\u00edcia Civil<\/strong>\u00a0no dia 19 de fevereiro<strong>. Desde o in\u00edcio da investiga\u00e7\u00e3o ela nega qualquer envolvimento no caso<\/strong>. \u201cN\u00e3o sou culpada, n\u00e3o fui eu. Ele tomou a\u00e7a\u00ed e, cerca de meia hora depois, come\u00e7ou a ter alguns sintomas\u201d.<\/p>\n<p>No dia 7 de abril, Adenilson prestou um novo depoimento \u00e0 pol\u00edcia e\u00a0voltou a afirmar que acredita na inoc\u00eancia da namorada. \u201cMesma declara\u00e7\u00e3o. N\u00e3o tenho nada a esconder. N\u00e3o tenho nada a esconder, n\u00e3o. (\u2026) At\u00e9 porque, quase morro. Eu poderia muito bem falar. Eu poderia muito bem falar. (\u2026) Eu quero que isso acabe e pronto\u201d.<\/p>\n<p>Na \u00e9poca do ocorrido, o promotor\u00a0<strong>Eliseu Berardo Gon\u00e7alves<\/strong>\u00a0chegou a levantar\u00a0a hip\u00f3tese de\u00a0que o crime teve\u00a0<strong>motiva\u00e7\u00e3o financeira<\/strong>, j\u00e1 que a v\u00edtima carregava entre<strong>\u00a0R$ 18 mil<\/strong>\u00a0e\u00a0<strong>R$ 20 mil<\/strong>\u00a0em dinheiro vivo no dia do ocorrido.<\/p>\n<hr class=\"wp-block-separator has-alpha-channel-opacity\">\n<p class=\"has-text-align-center has-small-font-size\"><em>Fa\u00e7a uma den\u00fancia ou sugira uma reportagem sobre\u00a0<strong>Ribeir\u00e3o Preto\u00a0<\/strong>e regi\u00e3o por meio do WhatsApp do\u00a0<strong>acidade on Ribeir\u00e3o<\/strong>: (16) 99117-7802.<\/em><\/p>\n<p>O post V\u00eddeo mostra depoimento de mulher acusada de envenenar companheiro com a\u00e7a\u00ed; ASSISTA apareceu primeiro em ACidade ON Ribeir\u00e3o Preto.<\/p>\n<p><br \/>\n<br \/><a href=\"https:\/\/www.acidadeon.com\/ribeiraopreto\/cotidiano\/video-mostra-depoimento-de-mulher-acusada-de-envenenar-companheiro-com-acai-assista\/\">Link para o texto original aqui <\/a><\/p>\n<!-- CONTENT END 1 -->\n","protected":false},"excerpt":{"rendered":"<p>\u201cEra leite condensado.\u201d Essa foi a resposta de Larissa de Sousa Batista ao explicar, durante audi\u00eancia na Justi\u00e7a, o que aparece nas imagens de uma&#8230;<\/p>\n","protected":false},"author":1,"featured_media":91000,"comment_status":"","ping_status":"","sticky":false,"template":"","format":"standard","meta":{"advanced_seo_description":"","jetpack_seo_html_title":"","jetpack_seo_noindex":false,"jetpack_seo_schema_type":"","_jetpack_newsletter_access":"","_jetpack_dont_email_post_to_subs":false,"_jetpack_newsletter_tier_id":0,"_jetpack_memberships_contains_paywalled_content":false,"_jetpack_feature_clip_id":0,"_jetpack_memberships_contains_paid_content":false,"footnotes":"","jetpack_publicize_message":"","jetpack_publicize_feature_enabled":true,"jetpack_social_post_already_shared":true,"jetpack_social_options":{"image_generator_settings":{"template":"highway","default_image_id":0,"font":"","enabled":false},"version":2},"jetpack_post_was_ever_published":false},"categories":[11],"tags":[7429,2024,1408,604,3214,8891,2737,325,8890,67],"class_list":["post-90999","post","type-post","status-publish","format-standard","has-post-thumbnail","hentry","category-noticias-de-ribeirao-preto-sp-e-regiao-ismael-colosi","tag-acai","tag-acusada","tag-assista","tag-companheiro","tag-depoimento","tag-envenenar","tag-mostra","tag-mulher","tag-venen","tag-video"],"jetpack_publicize_connections":[],"jetpack-related-posts":[{"id":84677,"url":"https:\/\/noticiasribeiraopreto.com.br\/index.php\/2026\/04\/14\/video-caso-acai-larissa-e-considerada-foragida\/","url_meta":{"origin":90999,"position":0},"title":"V\u00cdDEO &#8211; Caso A\u00e7a\u00ed: Larissa \u00e9 considerada foragida","author":"noticiasribeiraopreto.com.br","date":"14 de April de 2026","format":false,"excerpt":"| Por: Adalberto Luque | O delegado Fernando Bravo, da Delegacia de Homic\u00eddios da Divis\u00e3o Especializada de Investiga\u00e7\u00f5es Criminais (DEIC) disse, na manh\u00e3 desta ter\u00e7a-feira (14), que Larissa Batista de Sousa \u00e9 considerada foragida pela Pol\u00edcia Civil. A mulher foi acusada pela tentativa de homic\u00eddio contra seu am\u00e1sio, Adenilson Ferreira\u2026","rel":"","context":"In &quot;Not\u00edcias de Ribeir\u00e3o Preto-SP e Regi\u00e3o&quot;","block_context":{"text":"Not\u00edcias de Ribeir\u00e3o Preto-SP e Regi\u00e3o","link":"https:\/\/noticiasribeiraopreto.com.br\/index.php\/category\/noticias-de-ribeirao-preto-sp-e-regiao-ismael-colosi\/"},"img":{"alt_text":"","src":"https:\/\/i0.wp.com\/noticiasribeiraopreto.com.br\/wp-content\/uploads\/2026\/04\/14-mar-2026-acaichumbinho1.jpg?fit=876%2C780&ssl=1&resize=350%2C200","width":350,"height":200,"srcset":"https:\/\/i0.wp.com\/noticiasribeiraopreto.com.br\/wp-content\/uploads\/2026\/04\/14-mar-2026-acaichumbinho1.jpg?fit=876%2C780&ssl=1&resize=350%2C200 1x, https:\/\/i0.wp.com\/noticiasribeiraopreto.com.br\/wp-content\/uploads\/2026\/04\/14-mar-2026-acaichumbinho1.jpg?fit=876%2C780&ssl=1&resize=525%2C300 1.5x, https:\/\/i0.wp.com\/noticiasribeiraopreto.com.br\/wp-content\/uploads\/2026\/04\/14-mar-2026-acaichumbinho1.jpg?fit=876%2C780&ssl=1&resize=700%2C400 2x"},"classes":[]},{"id":62554,"url":"https:\/\/noticiasribeiraopreto.com.br\/index.php\/2025\/01\/17\/mp-denuncia-mulher-acusada-de-envenenar-e-matar-26-gatos-na-regiao-de-ribeirao\/","url_meta":{"origin":90999,"position":1},"title":"MP denuncia mulher acusada de envenenar e matar 26 gatos na regi\u00e3o de Ribeir\u00e3o","author":"noticiasribeiraopreto.com.br","date":"17 de January de 2025","format":false,"excerpt":"O Minist\u00e9rio P\u00fablico do Estado de S\u00e3o Paulo denunciou, nesta quarta-feira (17), uma mulher acusada de envenenar 26 gatos na cidade de S\u00e3o Joaquim da Barra, na regi\u00e3o de Ribeir\u00e3o Preto. O crime ocorreu no dia 27 de dezembro de 2024, quando a acusada teria colocado carne envenenada em via\u2026","rel":"","context":"In &quot;Not\u00edcias de Ribeir\u00e3o Preto-SP e Regi\u00e3o&quot;","block_context":{"text":"Not\u00edcias de Ribeir\u00e3o Preto-SP e Regi\u00e3o","link":"https:\/\/noticiasribeiraopreto.com.br\/index.php\/category\/noticias-de-ribeirao-preto-sp-e-regiao-ismael-colosi\/"},"img":{"alt_text":"","src":"https:\/\/i0.wp.com\/noticiasribeiraopreto.com.br\/wp-content\/uploads\/2025\/01\/PRISAO_2025-01-09_16-54-41_jpg_2025-01-09_16-54-41.webp.webp?fit=1200%2C707&ssl=1&resize=350%2C200","width":350,"height":200,"srcset":"https:\/\/i0.wp.com\/noticiasribeiraopreto.com.br\/wp-content\/uploads\/2025\/01\/PRISAO_2025-01-09_16-54-41_jpg_2025-01-09_16-54-41.webp.webp?fit=1200%2C707&ssl=1&resize=350%2C200 1x, https:\/\/i0.wp.com\/noticiasribeiraopreto.com.br\/wp-content\/uploads\/2025\/01\/PRISAO_2025-01-09_16-54-41_jpg_2025-01-09_16-54-41.webp.webp?fit=1200%2C707&ssl=1&resize=525%2C300 1.5x, https:\/\/i0.wp.com\/noticiasribeiraopreto.com.br\/wp-content\/uploads\/2025\/01\/PRISAO_2025-01-09_16-54-41_jpg_2025-01-09_16-54-41.webp.webp?fit=1200%2C707&ssl=1&resize=700%2C400 2x, https:\/\/i0.wp.com\/noticiasribeiraopreto.com.br\/wp-content\/uploads\/2025\/01\/PRISAO_2025-01-09_16-54-41_jpg_2025-01-09_16-54-41.webp.webp?fit=1200%2C707&ssl=1&resize=1050%2C600 3x"},"classes":[]},{"id":84752,"url":"https:\/\/noticiasribeiraopreto.com.br\/index.php\/2026\/04\/15\/veja-o-momento-em-que-suspeita-de-envenenar-o-namorado-com-acai-chega-a-delegacia\/","url_meta":{"origin":90999,"position":2},"title":"Veja o momento em que suspeita de envenenar o namorado com a\u00e7a\u00ed chega \u00e0 delegacia","author":"noticiasribeiraopreto.com.br","date":"15 de April de 2026","format":false,"excerpt":"Ler o resumo da not\u00edcia Larissa de Souza, suspeita de envenenar o namorado com a\u00e7a\u00ed, foi presa na manh\u00e3 desta quarta-feira (15) em um hotel na zona Leste de Ribeir\u00e3o Preto. A pris\u00e3o foi cumprimento de mandato preventiva decreta\u00e7\u00e3o na segunda-feira (13), quando a suspeito passou a ser considerada foragida\u2026","rel":"","context":"In &quot;Not\u00edcias de Ribeir\u00e3o Preto-SP e Regi\u00e3o&quot;","block_context":{"text":"Not\u00edcias de Ribeir\u00e3o Preto-SP e Regi\u00e3o","link":"https:\/\/noticiasribeiraopreto.com.br\/index.php\/category\/noticias-de-ribeirao-preto-sp-e-regiao-ismael-colosi\/"},"img":{"alt_text":"","src":"https:\/\/i0.wp.com\/noticiasribeiraopreto.com.br\/wp-content\/uploads\/2026\/04\/domingo-14_2026-04-15_15-03-40.webp.webp?fit=1200%2C675&ssl=1&resize=350%2C200","width":350,"height":200,"srcset":"https:\/\/i0.wp.com\/noticiasribeiraopreto.com.br\/wp-content\/uploads\/2026\/04\/domingo-14_2026-04-15_15-03-40.webp.webp?fit=1200%2C675&ssl=1&resize=350%2C200 1x, https:\/\/i0.wp.com\/noticiasribeiraopreto.com.br\/wp-content\/uploads\/2026\/04\/domingo-14_2026-04-15_15-03-40.webp.webp?fit=1200%2C675&ssl=1&resize=525%2C300 1.5x, https:\/\/i0.wp.com\/noticiasribeiraopreto.com.br\/wp-content\/uploads\/2026\/04\/domingo-14_2026-04-15_15-03-40.webp.webp?fit=1200%2C675&ssl=1&resize=700%2C400 2x, https:\/\/i0.wp.com\/noticiasribeiraopreto.com.br\/wp-content\/uploads\/2026\/04\/domingo-14_2026-04-15_15-03-40.webp.webp?fit=1200%2C675&ssl=1&resize=1050%2C600 3x"},"classes":[]},{"id":84743,"url":"https:\/\/noticiasribeiraopreto.com.br\/index.php\/2026\/04\/15\/caso-acai-com-chumbinho-larissa-e-presa\/","url_meta":{"origin":90999,"position":3},"title":"Caso A\u00e7a\u00ed com Chumbinho: Larissa \u00e9 presa","author":"noticiasribeiraopreto.com.br","date":"15 de April de 2026","format":false,"excerpt":"| Por: Adalberto Luque | A principal suspeita da tentativa de homic\u00eddio contra Adenilson Ferreira Parente, de 27 anos, foi presa na manh\u00e3 desta quarta-feira (15). Larissa Batista de Sousa, de 26 anos, foi presa pela equipe da Delegacia de Homic\u00eddios da Divis\u00e3o Especializada de Investiga\u00e7\u00f5es Criminais (DEIC). O mandado\u2026","rel":"","context":"In &quot;Not\u00edcias de Ribeir\u00e3o Preto-SP e Regi\u00e3o&quot;","block_context":{"text":"Not\u00edcias de Ribeir\u00e3o Preto-SP e Regi\u00e3o","link":"https:\/\/noticiasribeiraopreto.com.br\/index.php\/category\/noticias-de-ribeirao-preto-sp-e-regiao-ismael-colosi\/"},"img":{"alt_text":"","src":"https:\/\/i0.wp.com\/noticiasribeiraopreto.com.br\/wp-content\/uploads\/2026\/04\/14-mar-2026-acaichumbinho3.jpg?fit=1200%2C773&ssl=1&resize=350%2C200","width":350,"height":200,"srcset":"https:\/\/i0.wp.com\/noticiasribeiraopreto.com.br\/wp-content\/uploads\/2026\/04\/14-mar-2026-acaichumbinho3.jpg?fit=1200%2C773&ssl=1&resize=350%2C200 1x, https:\/\/i0.wp.com\/noticiasribeiraopreto.com.br\/wp-content\/uploads\/2026\/04\/14-mar-2026-acaichumbinho3.jpg?fit=1200%2C773&ssl=1&resize=525%2C300 1.5x, https:\/\/i0.wp.com\/noticiasribeiraopreto.com.br\/wp-content\/uploads\/2026\/04\/14-mar-2026-acaichumbinho3.jpg?fit=1200%2C773&ssl=1&resize=700%2C400 2x, https:\/\/i0.wp.com\/noticiasribeiraopreto.com.br\/wp-content\/uploads\/2026\/04\/14-mar-2026-acaichumbinho3.jpg?fit=1200%2C773&ssl=1&resize=1050%2C600 3x"},"classes":[]},{"id":84720,"url":"https:\/\/noticiasribeiraopreto.com.br\/index.php\/2026\/04\/14\/suspeita-de-envenenar-namorado-envia-audio-pedindo-abrigo-a-amigo-em-ribeirao-ouca\/","url_meta":{"origin":90999,"position":4},"title":"Suspeita de envenenar namorado envia \u00e1udio pedindo abrigo a amigo em Ribeir\u00e3o; Ou\u00e7a","author":"noticiasribeiraopreto.com.br","date":"14 de April de 2026","format":false,"excerpt":"Ler o resumo da not\u00edcia Larissa de Souza, suspeita de envenenar o namorado com a\u00e7a\u00ed em Ribeir\u00e3o Preto, teve pris\u00e3o preventiva decretada nesta segunda-feira (13) e \u00e9 considerada foragida. A ju\u00edza Marta Rodrigues Maffeis acolheu a den\u00fancia do Minist\u00e9rio P\u00fablico e enquadrou o caso como tentativa de homic\u00eddio. Em \u00e1udio\u2026","rel":"","context":"In &quot;Not\u00edcias de Ribeir\u00e3o Preto-SP e Regi\u00e3o&quot;","block_context":{"text":"Not\u00edcias de Ribeir\u00e3o Preto-SP e Regi\u00e3o","link":"https:\/\/noticiasribeiraopreto.com.br\/index.php\/category\/noticias-de-ribeirao-preto-sp-e-regiao-ismael-colosi\/"},"img":{"alt_text":"","src":"https:\/\/i0.wp.com\/noticiasribeiraopreto.com.br\/wp-content\/uploads\/2026\/04\/image_2026-04-13_21-30-19.webp.webp?fit=984%2C553&ssl=1&resize=350%2C200","width":350,"height":200,"srcset":"https:\/\/i0.wp.com\/noticiasribeiraopreto.com.br\/wp-content\/uploads\/2026\/04\/image_2026-04-13_21-30-19.webp.webp?fit=984%2C553&ssl=1&resize=350%2C200 1x, https:\/\/i0.wp.com\/noticiasribeiraopreto.com.br\/wp-content\/uploads\/2026\/04\/image_2026-04-13_21-30-19.webp.webp?fit=984%2C553&ssl=1&resize=525%2C300 1.5x, https:\/\/i0.wp.com\/noticiasribeiraopreto.com.br\/wp-content\/uploads\/2026\/04\/image_2026-04-13_21-30-19.webp.webp?fit=984%2C553&ssl=1&resize=700%2C400 2x"},"classes":[]},{"id":84682,"url":"https:\/\/noticiasribeiraopreto.com.br\/index.php\/2026\/04\/14\/acai-envenenado-mulher-suspeita-de-tentar-matar-namorado-e-considerada-foragida\/","url_meta":{"origin":90999,"position":5},"title":"A\u00e7a\u00ed envenenado: Mulher suspeita de tentar matar namorado \u00e9 considerada foragida","author":"noticiasribeiraopreto.com.br","date":"14 de April de 2026","format":false,"excerpt":"Ler o resumo da not\u00edcia Larissa de Souza teve pris\u00e3o preventiva decretada por suspeita de envenenar o namorado com a\u00e7a\u00ed; ela \u00e9 considerada foragida. A ordem de pris\u00e3o foi expedida na segunda-feira (13) por volta das 17h, mas a suspecta n\u00e3o foi encontrada. O namorado Adenilson Parente tamb\u00e9m n\u00e3o foi\u2026","rel":"","context":"In &quot;Not\u00edcias de Ribeir\u00e3o Preto-SP e Regi\u00e3o&quot;","block_context":{"text":"Not\u00edcias de Ribeir\u00e3o Preto-SP e Regi\u00e3o","link":"https:\/\/noticiasribeiraopreto.com.br\/index.php\/category\/noticias-de-ribeirao-preto-sp-e-regiao-ismael-colosi\/"},"img":{"alt_text":"","src":"https:\/\/i0.wp.com\/noticiasribeiraopreto.com.br\/wp-content\/uploads\/2026\/04\/image_2026-04-13_21-30-19.webp.webp?fit=984%2C553&ssl=1&resize=350%2C200","width":350,"height":200,"srcset":"https:\/\/i0.wp.com\/noticiasribeiraopreto.com.br\/wp-content\/uploads\/2026\/04\/image_2026-04-13_21-30-19.webp.webp?fit=984%2C553&ssl=1&resize=350%2C200 1x, https:\/\/i0.wp.com\/noticiasribeiraopreto.com.br\/wp-content\/uploads\/2026\/04\/image_2026-04-13_21-30-19.webp.webp?fit=984%2C553&ssl=1&resize=525%2C300 1.5x, https:\/\/i0.wp.com\/noticiasribeiraopreto.com.br\/wp-content\/uploads\/2026\/04\/image_2026-04-13_21-30-19.webp.webp?fit=984%2C553&ssl=1&resize=700%2C400 2x"},"classes":[]}],"jetpack_sharing_enabled":true,"jetpack_shortlink":"https:\/\/wp.me\/peQAOb-nFJ","jetpack_featured_media_url":"https:\/\/i0.wp.com\/noticiasribeiraopreto.com.br\/wp-content\/uploads\/2026\/09\/depoimento-larissa-acai.jpg?fit=1200%2C675&ssl=1","_links":{"self":[{"href":"https:\/\/noticiasribeiraopreto.com.br\/index.php\/wp-json\/wp\/v2\/posts\/90999","targetHints":{"allow":["GET"]}}],"collection":[{"href":"https:\/\/noticiasribeiraopreto.com.br\/index.php\/wp-json\/wp\/v2\/posts"}],"about":[{"href":"https:\/\/noticiasribeiraopreto.com.br\/index.php\/wp-json\/wp\/v2\/types\/post"}],"author":[{"embeddable":true,"href":"https:\/\/noticiasribeiraopreto.com.br\/index.php\/wp-json\/wp\/v2\/users\/1"}],"replies":[{"embeddable":true,"href":"https:\/\/noticiasribeiraopreto.com.br\/index.php\/wp-json\/wp\/v2\/comments?post=90999"}],"version-history":[{"count":0,"href":"https:\/\/noticiasribeiraopreto.com.br\/index.php\/wp-json\/wp\/v2\/posts\/90999\/revisions"}],"wp:featuredmedia":[{"embeddable":true,"href":"https:\/\/noticiasribeiraopreto.com.br\/index.php\/wp-json\/wp\/v2\/media\/91000"}],"wp:attachment":[{"href":"https:\/\/noticiasribeiraopreto.com.br\/index.php\/wp-json\/wp\/v2\/media?parent=90999"}],"wp:term":[{"taxonomy":"category","embeddable":true,"href":"https:\/\/noticiasribeiraopreto.com.br\/index.php\/wp-json\/wp\/v2\/categories?post=90999"},{"taxonomy":"post_tag","embeddable":true,"href":"https:\/\/noticiasribeiraopreto.com.br\/index.php\/wp-json\/wp\/v2\/tags?post=90999"}],"curies":[{"name":"wp","href":"https:\/\/api.w.org\/{rel}","templated":true}]}}