{"id":91001,"date":"2026-09-02T17:37:15","date_gmt":"2026-09-02T20:37:15","guid":{"rendered":"https:\/\/noticiasribeiraopreto.com.br\/index.php\/2026\/09\/02\/feriadao-7-setembro-virada-tempo-16-estados-frente-fria-minimas-6\/"},"modified":"2026-09-02T17:37:15","modified_gmt":"2026-09-02T20:37:15","slug":"feriadao-7-setembro-virada-tempo-16-estados-frente-fria-minimas-6","status":"publish","type":"post","link":"https:\/\/noticiasribeiraopreto.com.br\/index.php\/2026\/09\/02\/feriadao-7-setembro-virada-tempo-16-estados-frente-fria-minimas-6\/","title":{"rendered":"Feriad\u00e3o de 7 de Setembro ter\u00e1 virada no tempo em 16 estados com frente fria; m\u00ednimas podem chegar a -6 \u00b0C"},"content":{"rendered":"<div class='code-block code-block-1' style='margin: 8px 0 8px auto; text-align: right; display: block; clear: both;'>\n<p><a href=\"https:\/\/wa.link\/vpicfd\"><img data-recalc-dims=\"1\" class=\"wp-image-4922\" style=\"aspect-ratio: 2.0253164556962027; width: 561px; height: auto;\" src=\"https:\/\/i0.wp.com\/ismaelcolosi.com.br\/wp-content\/uploads\/2023\/11\/grupo-de-empregos-whatsapp-e-facebook-ismael-colosi-vagas.jpg?ssl=1\" alt=\"\" \/><\/a><\/p>\n<!-- \/wp:image -->\n<\/div>\n<p> <br \/>\n<\/p>\n<p>Uma <strong>frente fria<\/strong> impulsionada por uma intensa massa de ar de origem polar avan\u00e7a pelo Brasil nos pr\u00f3ximos dias, provocando queda expressiva nas temperaturas durante o <strong>feriad\u00e3o de 7 de setembro<\/strong> em, ao menos, 16 estados das regi\u00f5es Sul, Sudeste, Centro-Oeste e Norte, de acordo com o site <a href=\"https:\/\/www.tempo.com\/noticias\/previsao\/feriado-da-independencia-sera-com-frente-fria-e-frio-de-ate-6-c-em-16-estados.html\" data-type=\"link\" data-id=\"https:\/\/www.tempo.com\/noticias\/previsao\/feriado-da-independencia-sera-com-frente-fria-e-frio-de-ate-6-c-em-16-estados.html\" target=\"_blank\" rel=\"noopener\">Meteored<\/a>, especializado em meteorologia.<\/p>\n<div class=\"wp-block-rank-math-toc-block\" id=\"rank-math-toc\">\n<nav>\n<ul>\n<li class=\"\">M\u00ednimas de at\u00e9 -6 \u00b0C no Sul<\/li>\n<li class=\"\">Impacto em 16 estados<\/li>\n<li class=\"\">Em Ribeir\u00e3o Preto<\/li>\n<li class=\"\">Qual \u00e9 a previs\u00e3o do tempo para setembro?<\/li>\n<li class=\"\">Atua\u00e7\u00e3o do El Ni\u00f1o\u00a0<\/li>\n<li class=\"\">Primeira metade do m\u00eas com registros de chuva<\/li>\n<li class=\"\">Temperaturas\u00a0<\/li>\n<li class=\"\">In\u00edcio da primavera<\/li>\n<\/ul>\n<\/nav>\n<\/div>\n<p class=\"has-cyan-bluish-gray-background-color has-background\"><em>Receba not\u00edcias do\u00a0<strong>acidade on Ribeir\u00e3o\u00a0<\/strong>no WhatsApp e fique por dentro de tudo! Basta acessar o link<a href=\"https:\/\/chat.whatsapp.com\/DfXwcjKVIddHUT3BvnQuPZ?mode=hqctshi\" target=\"_blank\" rel=\"noreferrer noopener\">\u00a0aqui<\/a>!<\/em><\/p>\n<figure class=\"wp-block-image size-full\"><figcaption class=\"wp-element-caption\">Previs\u00e3o de anomalia de temperatura entre os dias 7 e 14 de Setembro mostra que a pr\u00f3xima semana ser\u00e1 muito fria sobre o Brasil, marcada por uma onda de frio com temperaturas negativas (Fonte: Meteored)<\/figcaption><\/figure>\n<h2 class=\"wp-block-heading\" id=\"minimas-de-ate-6-c-no-sul\"><strong>M\u00ednimas de at\u00e9 -6 \u00b0C no Sul<\/strong><\/h2>\n<p>O destaque deste evento meteorol\u00f3gico \u00e9 a intensidade do ar polar, que levar\u00e1 temperaturas negativas em alguns pontos da regi\u00e3o. As marcas mais baixas, que podem atingir -6 \u00b0C durante a madrugada e ao amanhecer, est\u00e3o previstas para os pontos mais altos da regi\u00e3o Sul do Pa\u00eds. Por conta das temperaturas baixas, h\u00e1 possibilidade de forma\u00e7\u00e3o de geadas.<\/p>\n<p>Nas demais regi\u00f5es do pa\u00eds alcan\u00e7adas pela massa de ar polar, o efeito n\u00e3o ser\u00e1 de frio extremo, mas de uma quebra do calor intenso impulsionado pelo El Ni\u00f1o, derrubando as temperaturas e provocando noites mais geladas em rela\u00e7\u00e3o \u00e0s semanas anteriores.<\/p>\n<h2 class=\"wp-block-heading\" id=\"impacto-em-16-estados\"><strong>Impacto em 16 estados<\/strong> durante o feriad\u00e3o<\/h2>\n<p>Ao todo, 16 estados podem ficar sob influ\u00eancia da frente fria. Contudo, cada regi\u00e3o deve experimentar situa\u00e7\u00f5es distintas. Os estados atingidos s\u00e3o:<\/p>\n<ul class=\"wp-block-list\">\n<li>Sul: Rio Grande do Sul, Santa Catarina e Paran\u00e1;<\/li>\n<\/ul>\n<ul class=\"wp-block-list\">\n<li>Sudeste: S\u00e3o Paulo, Rio de Janeiro, Minas Gerais e Esp\u00edrito Santo;<\/li>\n<\/ul>\n<ul class=\"wp-block-list\">\n<li>Centro-Oeste: Mato Grosso, Mato Grosso do Sul, Goi\u00e1s e DF;<\/li>\n<\/ul>\n<ul class=\"wp-block-list\">\n<li>Norte: Rond\u00f4nia, Acre, sul do Amazonas, sul do Par\u00e1 e Tocantins.<\/li>\n<\/ul>\n<figure class=\"wp-block-image size-full\"><img data-recalc-dims=\"1\" loading=\"lazy\" decoding=\"async\" width=\"1024\" height=\"720\" src=\"https:\/\/i0.wp.com\/www.acidadeon.com\/ribeiraopreto\/wp-content\/uploads\/sites\/3\/2026\/09\/meteored-frente-fria.jpeg?resize=1024%2C720&#038;ssl=1\" alt=\"meteored frente fria\" class=\"wp-image-173474\" title=\"Feriad\u00e3o de 7 de Setembro ter\u00e1 virada no tempo em 16 estados com frente fria; m\u00ednimas podem chegar a -6 \u00b0C 2\"><figcaption class=\"wp-element-caption\">Previs\u00e3o mostra uma intensa massa de ar frio avan\u00e7ando pelo pa\u00eds e causando uma queda das temperaturas em 16 estados (Fonte: Meteored)<\/figcaption><\/figure>\n<h2 class=\"wp-block-heading\" id=\"em-ribeirao-preto\"><strong>Em Ribeir\u00e3o Preto<\/strong><\/h2>\n<p>A previs\u00e3o estendida da <strong><a href=\"https:\/\/www.climatempo.com.br\/previsao-do-tempo\/cidade\/530\/ribeiraopreto-sp\" data-type=\"link\" data-id=\"https:\/\/www.climatempo.com.br\/previsao-do-tempo\/cidade\/530\/ribeiraopreto-sp\" target=\"_blank\" rel=\"noopener\">Climatempo <\/a><\/strong>indica que a chuva deve voltar a atingir Ribeir\u00e3o Preto nos pr\u00f3ximos dias. Entre quinta-feira (3) e sexta-feira (4), o tempo segue firme em Ribeir\u00e3o Preto. A previs\u00e3o indica dias de sol entre muitas nuvens, mas sem chance de chuva.<\/p>\n<p>No s\u00e1bado (5), por\u00e9m, esse cen\u00e1rio muda. O dia come\u00e7a com sol e muitas nuvens, mas h\u00e1 previs\u00e3o de per\u00edodos de c\u00e9u nublado e pancadas de chuva durante a noite.<\/p>\n<p>J\u00e1 no domingo (6), o tempo continua inst\u00e1vel, com sol entre algumas nuvens e possibilidade de chuva r\u00e1pida ao longo do dia e tamb\u00e9m \u00e0 noite. As temperaturas no fim de semana variam entre 16\u00b0C e 29\u00b0C.<\/p>\n<h2 class=\"wp-block-heading\" id=\"qual-e-a-previsao-do-tempo-para-setembro\"><strong>Qual \u00e9 a previs\u00e3o do tempo para setembro?<\/strong><\/h2>\n<p>O m\u00eas de setembro de 2026 marca a transi\u00e7\u00e3o entre o inverno e a primavera em territ\u00f3rio brasileiro. No estado de S\u00e3o Paulo, o comportamento do tempo ao longo do per\u00edodo ser\u00e1 determinado pela atua\u00e7\u00e3o do fen\u00f4meno El Ni\u00f1o e pela eleva\u00e7\u00e3o de temperatura observada nas \u00e1guas do Oceano Atl\u00e2ntico, conforme dados divulgados pela Climatempo.<\/p>\n<p>O per\u00edodo de setembro costuma registrar aus\u00eancia de precipita\u00e7\u00e3o, \u00edndices reduzidos de umidade no ar e eleva\u00e7\u00e3o de temperatura no interior. Neste ano, as medi\u00e7\u00f5es indicam a presen\u00e7a de chuvas em intervalos menores e volumes acumulados maiores em compara\u00e7\u00e3o aos registros do mesmo per\u00edodo de 2025 no estado de S\u00e3o Paulo.<\/p>\n<h2 class=\"wp-block-heading\" id=\"atuacao-do-el-nino\"><strong>Atua\u00e7\u00e3o do El Ni\u00f1o\u00a0<\/strong><\/h2>\n<p>A presen\u00e7a do fen\u00f4meno El Ni\u00f1o no Oceano Pac\u00edfico atua sobre a movimenta\u00e7\u00e3o do ar na Am\u00e9rica do Sul. Ao mesmo tempo, as \u00e1guas do Oceano Atl\u00e2ntico na costa das regi\u00f5es Sul e Sudeste mant\u00eam valores t\u00e9rmicos acima da m\u00e9dia.<\/p>\n<p>Essa condi\u00e7\u00e3o no oceano possibilita a forma\u00e7\u00e3o e o deslocamento de frentes frias e \u00e1reas de baixa press\u00e3o atmosf\u00e9rica em dire\u00e7\u00e3o ao continente. A umidade \u00e9 transportada para as regi\u00f5es do estado de S\u00e3o Paulo, resultando na forma\u00e7\u00e3o de nuvens e na ocorr\u00eancia de precipita\u00e7\u00f5es em diferentes munic\u00edpios paulistas.<\/p>\n<h2 class=\"wp-block-heading\" id=\"primeira-metade-do-mes-com-registros-de-chuva\"><strong>Primeira metade do m\u00eas com registros de chuva<\/strong><\/h2>\n<p>Nos primeiros dez dias do m\u00eas, o territ\u00f3rio paulista registra instabilidades com a passagem de frentes frias. Por isso, h\u00e1 previs\u00e3o de chuva, trovoadas e ventos durante o per\u00edodo. A ocorr\u00eancia dessas precipita\u00e7\u00f5es nos primeiros dias de setembro eleva a umidade presente no ar e no solo. Esse fator atua na redu\u00e7\u00e3o de registros de focos de fogo em vegeta\u00e7\u00e3o, ocorr\u00eancia comum no estado durante os meses finais do inverno.<\/p>\n<h2 class=\"wp-block-heading\" id=\"temperaturas\"><strong>Temperaturas\u00a0<\/strong><\/h2>\n<p>A presen\u00e7a de nebulosidade e a frequ\u00eancia de precipita\u00e7\u00f5es limitam a eleva\u00e7\u00e3o cont\u00ednua das temperaturas m\u00e9dias na faixa leste, no litoral e na Regi\u00e3o Metropolitana de S\u00e3o Paulo. Nessas \u00e1reas, os valores m\u00e9dios registrados permanecem mais baixos do que a m\u00e9dia habitual para o m\u00eas de setembro.<\/p>\n<p>Nas regi\u00f5es norte, noroeste e oeste do estado de S\u00e3o Paulo, o transporte de ar vindo da regi\u00e3o Centro-Oeste mant\u00e9m registros de calor nos per\u00edodos da tarde durante os dias sem chuva, com os term\u00f4metros alcan\u00e7ando marcas de 35 \u00b0C.<\/p>\n<p>Ap\u00f3s o deslocamento das frentes frias pelo estado, a entrada de massas de ar frio provoca redu\u00e7\u00e3o tempor\u00e1ria nos valores de temperatura, registrando m\u00ednimas pr\u00f3ximas a 12 \u00b0C durante a madrugada e o in\u00edcio da manh\u00e3 em pontos do sul paulista e em locais de relevo mais alto.<\/p>\n<h2 class=\"wp-block-heading\" id=\"inicio-da-primavera\"><strong>In\u00edcio da primavera<\/strong><\/h2>\n<p>A chegada da primavera ocorre no dia 22 de setembro, \u00e0s 21h05. A partir da segunda metade do m\u00eas, a transi\u00e7\u00e3o entre os per\u00edodos do ano estabelece o aumento gradual nas m\u00e9dias de temperatura di\u00e1rias e a altera\u00e7\u00e3o na dire\u00e7\u00e3o dos ventos no estado de S\u00e3o Paulo, antecedendo o per\u00edodo chuvoso que se estabelece nos meses seguintes.<\/p>\n<p class=\"has-cyan-bluish-gray-background-color has-background\"><em>Fa\u00e7a uma den\u00fancia ou sugira uma reportagem sobre\u00a0<strong>Ribeir\u00e3o Preto\u00a0<\/strong>e regi\u00e3o por meio do WhatsApp do\u00a0<strong>acidade on Ribeir\u00e3o<\/strong>: (16) 99117-7802.<\/em><\/p>\n<p>O post Feriad\u00e3o de 7 de Setembro ter\u00e1 virada no tempo em 16 estados com frente fria; m\u00ednimas podem chegar a -6 \u00b0C apareceu primeiro em ACidade ON Ribeir\u00e3o Preto.<\/p>\n<p><br \/>\n<br \/><a href=\"https:\/\/www.acidadeon.com\/ribeiraopreto\/cotidiano\/feriadao-7-setembro-virada-tempo-16-estados-frente-fria-minimas-6\/\">Link para o texto original aqui <\/a><\/p>\n<!-- CONTENT END 1 -->\n","protected":false},"excerpt":{"rendered":"<p>Uma frente fria impulsionada por uma intensa massa de ar de origem polar avan\u00e7a pelo Brasil nos pr\u00f3ximos dias, provocando queda expressiva nas temperaturas durante&#8230;<\/p>\n","protected":false},"author":1,"featured_media":86484,"comment_status":"","ping_status":"","sticky":false,"template":"","format":"standard","meta":{"advanced_seo_description":"","jetpack_seo_html_title":"","jetpack_seo_noindex":false,"jetpack_seo_schema_type":"","_jetpack_newsletter_access":"","_jetpack_dont_email_post_to_subs":false,"_jetpack_newsletter_tier_id":0,"_jetpack_memberships_contains_paywalled_content":false,"_jetpack_feature_clip_id":0,"_jetpack_memberships_contains_paid_content":false,"footnotes":"","jetpack_publicize_message":"","jetpack_publicize_feature_enabled":true,"jetpack_social_post_already_shared":true,"jetpack_social_options":{"image_generator_settings":{"template":"highway","default_image_id":0,"font":"","enabled":false},"version":2},"jetpack_post_was_ever_published":false},"categories":[11],"tags":[8884,3447,2974,4201,490,491,7641,1214,3398,351,679,2307],"class_list":["post-91001","post","type-post","status-publish","format-standard","has-post-thumbnail","hentry","category-noticias-de-ribeirao-preto-sp-e-regiao-ismael-colosi","tag-8884","tag-chegar","tag-estados","tag-feriadao","tag-frente","tag-fria","tag-minimas","tag-podem","tag-setembro","tag-tempo","tag-tera","tag-virada"],"jetpack_publicize_connections":[],"jetpack-related-posts":[{"id":87279,"url":"https:\/\/noticiasribeiraopreto.com.br\/index.php\/2026\/06\/30\/frente-fria-e-ar-polar-mudam-o-tempo-e-derrubam-as-temperaturas\/","url_meta":{"origin":91001,"position":0},"title":"Frente fria e ar polar mudam o tempo e derrubam as temperaturas","author":"noticiasribeiraopreto.com.br","date":"30 de June de 2026","format":false,"excerpt":"Uma nova frente fria deve mudar o tempo no estado de S\u00e3o Paulo a partir desta sexta-feira (3), trazendo aumento da nebulosidade, chuva e uma nova queda nas temperaturas. De acordo com os meteorologistas, esse sistema ser\u00e1 formado ap\u00f3s o aprofundamento de uma \u00e1rea de baixa press\u00e3o sobre o oceano,\u2026","rel":"","context":"In &quot;Not\u00edcias de Ribeir\u00e3o Preto-SP e Regi\u00e3o&quot;","block_context":{"text":"Not\u00edcias de Ribeir\u00e3o Preto-SP e Regi\u00e3o","link":"https:\/\/noticiasribeiraopreto.com.br\/index.php\/category\/noticias-de-ribeirao-preto-sp-e-regiao-ismael-colosi\/"},"img":{"alt_text":"","src":"https:\/\/i0.wp.com\/noticiasribeiraopreto.com.br\/wp-content\/uploads\/2026\/06\/Mirage-Circus_2026-06-30_20-43-29.webp.webp?fit=1200%2C675&ssl=1&resize=350%2C200","width":350,"height":200,"srcset":"https:\/\/i0.wp.com\/noticiasribeiraopreto.com.br\/wp-content\/uploads\/2026\/06\/Mirage-Circus_2026-06-30_20-43-29.webp.webp?fit=1200%2C675&ssl=1&resize=350%2C200 1x, https:\/\/i0.wp.com\/noticiasribeiraopreto.com.br\/wp-content\/uploads\/2026\/06\/Mirage-Circus_2026-06-30_20-43-29.webp.webp?fit=1200%2C675&ssl=1&resize=525%2C300 1.5x, https:\/\/i0.wp.com\/noticiasribeiraopreto.com.br\/wp-content\/uploads\/2026\/06\/Mirage-Circus_2026-06-30_20-43-29.webp.webp?fit=1200%2C675&ssl=1&resize=700%2C400 2x, https:\/\/i0.wp.com\/noticiasribeiraopreto.com.br\/wp-content\/uploads\/2026\/06\/Mirage-Circus_2026-06-30_20-43-29.webp.webp?fit=1200%2C675&ssl=1&resize=1050%2C600 3x"},"classes":[]},{"id":67687,"url":"https:\/\/noticiasribeiraopreto.com.br\/index.php\/2025\/04\/17\/frente-fria-chega-no-feriadao-veja-como-fica-o-tempo-em-ribeirao-preto\/","url_meta":{"origin":91001,"position":1},"title":"Frente fria chega no feriad\u00e3o: Veja como fica o tempo em Ribeir\u00e3o Preto","author":"noticiasribeiraopreto.com.br","date":"17 de April de 2025","format":false,"excerpt":"Uma frente fria vai avan\u00e7ar sobre o Sudeste durante o feriad\u00e3o de P\u00e1scoa e Tiradentes. Nesta Sexta-feira Santa (18), \u00e1reas de instabilidade pelo interior de S\u00e3o Paulo podem causar chuva forte no Oeste e Norte do estado. A Climatempo prev\u00ea que a frente estar\u00e1 no estado de S\u00e3o Paulo na\u2026","rel":"","context":"In &quot;Not\u00edcias de Ribeir\u00e3o Preto-SP e Regi\u00e3o&quot;","block_context":{"text":"Not\u00edcias de Ribeir\u00e3o Preto-SP e Regi\u00e3o","link":"https:\/\/noticiasribeiraopreto.com.br\/index.php\/category\/noticias-de-ribeirao-preto-sp-e-regiao-ismael-colosi\/"},"img":{"alt_text":"","src":"https:\/\/i0.wp.com\/noticiasribeiraopreto.com.br\/wp-content\/uploads\/2025\/04\/FRENTE-FRIA_2025-04-17_11-28-53.webp.webp?fit=1200%2C769&ssl=1&resize=350%2C200","width":350,"height":200,"srcset":"https:\/\/i0.wp.com\/noticiasribeiraopreto.com.br\/wp-content\/uploads\/2025\/04\/FRENTE-FRIA_2025-04-17_11-28-53.webp.webp?fit=1200%2C769&ssl=1&resize=350%2C200 1x, https:\/\/i0.wp.com\/noticiasribeiraopreto.com.br\/wp-content\/uploads\/2025\/04\/FRENTE-FRIA_2025-04-17_11-28-53.webp.webp?fit=1200%2C769&ssl=1&resize=525%2C300 1.5x, https:\/\/i0.wp.com\/noticiasribeiraopreto.com.br\/wp-content\/uploads\/2025\/04\/FRENTE-FRIA_2025-04-17_11-28-53.webp.webp?fit=1200%2C769&ssl=1&resize=700%2C400 2x, https:\/\/i0.wp.com\/noticiasribeiraopreto.com.br\/wp-content\/uploads\/2025\/04\/FRENTE-FRIA_2025-04-17_11-28-53.webp.webp?fit=1200%2C769&ssl=1&resize=1050%2C600 3x"},"classes":[]},{"id":90800,"url":"https:\/\/noticiasribeiraopreto.com.br\/index.php\/2026\/08\/31\/ribeirao-preto-tera-virada-no-tempo-com-chuva-e-queda-nas-temperaturas\/","url_meta":{"origin":91001,"position":2},"title":"Ribeir\u00e3o Preto ter\u00e1 virada no tempo com chuva e queda nas temperaturas","author":"noticiasribeiraopreto.com.br","date":"31 de August de 2026","format":false,"excerpt":"A previs\u00e3o para Ribeir\u00e3o Preto nesta segunda-feira (31) indica uma manh\u00e3 com sol entre muitas nuvens e possibilidade de pancadas de chuva. As temperaturas na cidade variam entre 22\u00b0C e 36\u00b0C. Apesar do cen\u00e1rio, uma nova frente fria deve atuar sobre o Sul do Brasil e o Paraguai nesta segunda-feira\u2026","rel":"","context":"In &quot;Not\u00edcias de Ribeir\u00e3o Preto-SP e Regi\u00e3o&quot;","block_context":{"text":"Not\u00edcias de Ribeir\u00e3o Preto-SP e Regi\u00e3o","link":"https:\/\/noticiasribeiraopreto.com.br\/index.php\/category\/noticias-de-ribeirao-preto-sp-e-regiao-ismael-colosi\/"},"img":{"alt_text":"","src":"https:\/\/i0.wp.com\/noticiasribeiraopreto.com.br\/wp-content\/uploads\/2026\/08\/1788173527_Previsao-do-tempo.jpg?fit=1200%2C675&ssl=1&resize=350%2C200","width":350,"height":200,"srcset":"https:\/\/i0.wp.com\/noticiasribeiraopreto.com.br\/wp-content\/uploads\/2026\/08\/1788173527_Previsao-do-tempo.jpg?fit=1200%2C675&ssl=1&resize=350%2C200 1x, https:\/\/i0.wp.com\/noticiasribeiraopreto.com.br\/wp-content\/uploads\/2026\/08\/1788173527_Previsao-do-tempo.jpg?fit=1200%2C675&ssl=1&resize=525%2C300 1.5x, https:\/\/i0.wp.com\/noticiasribeiraopreto.com.br\/wp-content\/uploads\/2026\/08\/1788173527_Previsao-do-tempo.jpg?fit=1200%2C675&ssl=1&resize=700%2C400 2x, https:\/\/i0.wp.com\/noticiasribeiraopreto.com.br\/wp-content\/uploads\/2026\/08\/1788173527_Previsao-do-tempo.jpg?fit=1200%2C675&ssl=1&resize=1050%2C600 3x"},"classes":[]},{"id":70616,"url":"https:\/\/noticiasribeiraopreto.com.br\/index.php\/2025\/05\/28\/frente-fria-chega-nesta-quarta-e-ribeirao-preto-tem-previsao-de-virada-no-tempo\/","url_meta":{"origin":91001,"position":3},"title":"Frente fria chega nesta quarta e Ribeir\u00e3o Preto tem previs\u00e3o de virada no tempo","author":"noticiasribeiraopreto.com.br","date":"28 de May de 2025","format":false,"excerpt":"A frente fria avan\u00e7a nesta quarta-feira (28) pelo estado de S\u00e3o Paulo. Segundo a Climatempo, a regi\u00e3o de Ribeir\u00e3o Preto tem previs\u00e3o de rajadas de vento que podem chegar a 50 km\/h. Na parte da noite, o avan\u00e7o desse sistema pode causar pancadas de chuva pela regi\u00e3o. N\u00e3o h\u00e1, por\u00e9m,\u2026","rel":"","context":"In &quot;Not\u00edcias de Ribeir\u00e3o Preto-SP e Regi\u00e3o&quot;","block_context":{"text":"Not\u00edcias de Ribeir\u00e3o Preto-SP e Regi\u00e3o","link":"https:\/\/noticiasribeiraopreto.com.br\/index.php\/category\/noticias-de-ribeirao-preto-sp-e-regiao-ismael-colosi\/"},"img":{"alt_text":"","src":"https:\/\/i0.wp.com\/noticiasribeiraopreto.com.br\/wp-content\/uploads\/2025\/05\/WhatsApp-Image-2025-05-28-at-09.27.27_2025-05-28_13-10-24.webp.webp?fit=1200%2C900&ssl=1&resize=350%2C200","width":350,"height":200,"srcset":"https:\/\/i0.wp.com\/noticiasribeiraopreto.com.br\/wp-content\/uploads\/2025\/05\/WhatsApp-Image-2025-05-28-at-09.27.27_2025-05-28_13-10-24.webp.webp?fit=1200%2C900&ssl=1&resize=350%2C200 1x, https:\/\/i0.wp.com\/noticiasribeiraopreto.com.br\/wp-content\/uploads\/2025\/05\/WhatsApp-Image-2025-05-28-at-09.27.27_2025-05-28_13-10-24.webp.webp?fit=1200%2C900&ssl=1&resize=525%2C300 1.5x, https:\/\/i0.wp.com\/noticiasribeiraopreto.com.br\/wp-content\/uploads\/2025\/05\/WhatsApp-Image-2025-05-28-at-09.27.27_2025-05-28_13-10-24.webp.webp?fit=1200%2C900&ssl=1&resize=700%2C400 2x, https:\/\/i0.wp.com\/noticiasribeiraopreto.com.br\/wp-content\/uploads\/2025\/05\/WhatsApp-Image-2025-05-28-at-09.27.27_2025-05-28_13-10-24.webp.webp?fit=1200%2C900&ssl=1&resize=1050%2C600 3x"},"classes":[]},{"id":88558,"url":"https:\/\/noticiasribeiraopreto.com.br\/index.php\/2026\/07\/21\/frente-fria-muda-o-tempo-em-sp-e-coloca-fim-ao-calorao-veja-o-que-esperar\/","url_meta":{"origin":91001,"position":4},"title":"Frente fria muda o tempo em SP e coloca fim ao calor\u00e3o? Veja o que esperar","author":"noticiasribeiraopreto.com.br","date":"21 de July de 2026","format":false,"excerpt":"Uma nova frente fria deve chegar ao estado de S\u00e3o Paulo nesta semana, colocando fim ao per\u00edodo de dias ensolarados e secos e provocando mudan\u00e7as no tempo. De acordo com a meteorologista Fl\u00e1via Rosso, da Meteored, al\u00e9m de levar pancadas de chuva e temporais isolados, esse sistema tamb\u00e9m vai causar\u2026","rel":"","context":"In &quot;Not\u00edcias de Ribeir\u00e3o Preto-SP e Regi\u00e3o&quot;","block_context":{"text":"Not\u00edcias de Ribeir\u00e3o Preto-SP e Regi\u00e3o","link":"https:\/\/noticiasribeiraopreto.com.br\/index.php\/category\/noticias-de-ribeirao-preto-sp-e-regiao-ismael-colosi\/"},"img":{"alt_text":"","src":"https:\/\/i0.wp.com\/noticiasribeiraopreto.com.br\/wp-content\/uploads\/2026\/07\/previsao-1.jpg?fit=1200%2C675&ssl=1&resize=350%2C200","width":350,"height":200,"srcset":"https:\/\/i0.wp.com\/noticiasribeiraopreto.com.br\/wp-content\/uploads\/2026\/07\/previsao-1.jpg?fit=1200%2C675&ssl=1&resize=350%2C200 1x, https:\/\/i0.wp.com\/noticiasribeiraopreto.com.br\/wp-content\/uploads\/2026\/07\/previsao-1.jpg?fit=1200%2C675&ssl=1&resize=525%2C300 1.5x, https:\/\/i0.wp.com\/noticiasribeiraopreto.com.br\/wp-content\/uploads\/2026\/07\/previsao-1.jpg?fit=1200%2C675&ssl=1&resize=700%2C400 2x, https:\/\/i0.wp.com\/noticiasribeiraopreto.com.br\/wp-content\/uploads\/2026\/07\/previsao-1.jpg?fit=1200%2C675&ssl=1&resize=1050%2C600 3x"},"classes":[]},{"id":90733,"url":"https:\/\/noticiasribeiraopreto.com.br\/index.php\/2026\/08\/28\/calorao-com-os-dias-contados-frente-fria-avanca-e-atinge-ribeirao-preto\/","url_meta":{"origin":91001,"position":5},"title":"Calor\u00e3o com os dias contados? Frente fria avan\u00e7a e atinge interior de SP; veja quando","author":"noticiasribeiraopreto.com.br","date":"28 de August de 2026","format":false,"excerpt":"O calor\u00e3o ganha for\u00e7a nesse final de semana, e Ribeir\u00e3o Preto pode se aproximar dos 40\u00baC nos pr\u00f3ximos dias, antes da chegada de uma nova frente fria na pr\u00f3xima semana. Nesta sexta-feira (28), o dia ser\u00e1 de sol, com aumento de nuvens a partir da tarde, mas sem chances de\u2026","rel":"","context":"In &quot;Not\u00edcias de Ribeir\u00e3o Preto-SP e Regi\u00e3o&quot;","block_context":{"text":"Not\u00edcias de Ribeir\u00e3o Preto-SP e Regi\u00e3o","link":"https:\/\/noticiasribeiraopreto.com.br\/index.php\/category\/noticias-de-ribeirao-preto-sp-e-regiao-ismael-colosi\/"},"img":{"alt_text":"","src":"https:\/\/i0.wp.com\/noticiasribeiraopreto.com.br\/wp-content\/uploads\/2026\/06\/previsao-tempo-ceu-azul_2026-05-02_12-14-39.webp.webp?fit=1200%2C900&ssl=1&resize=350%2C200","width":350,"height":200,"srcset":"https:\/\/i0.wp.com\/noticiasribeiraopreto.com.br\/wp-content\/uploads\/2026\/06\/previsao-tempo-ceu-azul_2026-05-02_12-14-39.webp.webp?fit=1200%2C900&ssl=1&resize=350%2C200 1x, https:\/\/i0.wp.com\/noticiasribeiraopreto.com.br\/wp-content\/uploads\/2026\/06\/previsao-tempo-ceu-azul_2026-05-02_12-14-39.webp.webp?fit=1200%2C900&ssl=1&resize=525%2C300 1.5x, https:\/\/i0.wp.com\/noticiasribeiraopreto.com.br\/wp-content\/uploads\/2026\/06\/previsao-tempo-ceu-azul_2026-05-02_12-14-39.webp.webp?fit=1200%2C900&ssl=1&resize=700%2C400 2x, https:\/\/i0.wp.com\/noticiasribeiraopreto.com.br\/wp-content\/uploads\/2026\/06\/previsao-tempo-ceu-azul_2026-05-02_12-14-39.webp.webp?fit=1200%2C900&ssl=1&resize=1050%2C600 3x"},"classes":[]}],"jetpack_sharing_enabled":true,"jetpack_shortlink":"https:\/\/wp.me\/peQAOb-nFL","jetpack_featured_media_url":"https:\/\/i0.wp.com\/noticiasribeiraopreto.com.br\/wp-content\/uploads\/2026\/06\/frio_2026-05-17_18-11-15.webp.webp?fit=1200%2C800&ssl=1","_links":{"self":[{"href":"https:\/\/noticiasribeiraopreto.com.br\/index.php\/wp-json\/wp\/v2\/posts\/91001","targetHints":{"allow":["GET"]}}],"collection":[{"href":"https:\/\/noticiasribeiraopreto.com.br\/index.php\/wp-json\/wp\/v2\/posts"}],"about":[{"href":"https:\/\/noticiasribeiraopreto.com.br\/index.php\/wp-json\/wp\/v2\/types\/post"}],"author":[{"embeddable":true,"href":"https:\/\/noticiasribeiraopreto.com.br\/index.php\/wp-json\/wp\/v2\/users\/1"}],"replies":[{"embeddable":true,"href":"https:\/\/noticiasribeiraopreto.com.br\/index.php\/wp-json\/wp\/v2\/comments?post=91001"}],"version-history":[{"count":0,"href":"https:\/\/noticiasribeiraopreto.com.br\/index.php\/wp-json\/wp\/v2\/posts\/91001\/revisions"}],"wp:featuredmedia":[{"embeddable":true,"href":"https:\/\/noticiasribeiraopreto.com.br\/index.php\/wp-json\/wp\/v2\/media\/86484"}],"wp:attachment":[{"href":"https:\/\/noticiasribeiraopreto.com.br\/index.php\/wp-json\/wp\/v2\/media?parent=91001"}],"wp:term":[{"taxonomy":"category","embeddable":true,"href":"https:\/\/noticiasribeiraopreto.com.br\/index.php\/wp-json\/wp\/v2\/categories?post=91001"},{"taxonomy":"post_tag","embeddable":true,"href":"https:\/\/noticiasribeiraopreto.com.br\/index.php\/wp-json\/wp\/v2\/tags?post=91001"}],"curies":[{"name":"wp","href":"https:\/\/api.w.org\/{rel}","templated":true}]}}