{"id":91002,"date":"2026-09-02T17:58:15","date_gmt":"2026-09-02T20:58:15","guid":{"rendered":"https:\/\/noticiasribeiraopreto.com.br\/index.php\/2026\/09\/02\/idoso-e-filho-sao-rendidos-durante-assalto-dentro-de-casa-em-ribeirao-preto-video\/"},"modified":"2026-09-02T17:58:15","modified_gmt":"2026-09-02T20:58:15","slug":"idoso-e-filho-sao-rendidos-durante-assalto-dentro-de-casa-em-ribeirao-preto-video","status":"publish","type":"post","link":"https:\/\/noticiasribeiraopreto.com.br\/index.php\/2026\/09\/02\/idoso-e-filho-sao-rendidos-durante-assalto-dentro-de-casa-em-ribeirao-preto-video\/","title":{"rendered":"Idoso e filho s\u00e3o rendidos durante assalto dentro de casa em Ribeir\u00e3o Preto; V\u00cdDEO"},"content":{"rendered":"<div class='code-block code-block-1' style='margin: 8px 0 8px auto; text-align: right; display: block; clear: both;'>\n<p><a href=\"https:\/\/wa.link\/vpicfd\"><img data-recalc-dims=\"1\" class=\"wp-image-4922\" style=\"aspect-ratio: 2.0253164556962027; width: 561px; height: auto;\" src=\"https:\/\/i0.wp.com\/ismaelcolosi.com.br\/wp-content\/uploads\/2023\/11\/grupo-de-empregos-whatsapp-e-facebook-ismael-colosi-vagas.jpg?ssl=1\" alt=\"\" \/><\/a><\/p>\n<!-- \/wp:image -->\n<\/div>\n<p> <br \/>\n<\/p>\n<p>Um <strong>idoso de 76 anos e o filho dele<\/strong>, de 37, foram rendidos por dois criminosos armados durante um assalto a uma casa no bairro Ipiranga, na Zona Norte de Ribeir\u00e3o Preto. O crime aconteceu na ter\u00e7a-feira (1\u00ba) e foi registrado por c\u00e2meras de seguran\u00e7a \u2013 <strong><em>assista ao v\u00eddeo abaixo.<\/em><\/strong><\/p>\n<p>Segundo o boletim de ocorr\u00eancia, os suspeitos invadiram o im\u00f3vel e roubaram diversos pertences das v\u00edtimas. <strong>A a\u00e7\u00e3o durou cerca de 30 minutos.<\/strong><\/p>\n<p class=\"has-text-align-center\"><em>Receba not\u00edcias do\u00a0<strong>acidade on Ribeir\u00e3o\u00a0<\/strong>no WhatsApp e fique por dentro de tudo! Basta acessar o link<a href=\"https:\/\/chat.whatsapp.com\/DfXwcjKVIddHUT3BvnQuPZ?mode=hqctshi\" target=\"_blank\" rel=\"noreferrer noopener\">\u00a0aqui<\/a>!<\/em><\/p>\n<figure class=\"wp-block-image size-full\"><figcaption class=\"wp-element-caption\">Assalto no Ipiranga \u2013 Foto: C\u00e2mera de seguran\u00e7a<\/figcaption><\/figure>\n<h2 class=\"wp-block-heading\">C\u00e2meras registram chegada dos criminosos<\/h2>\n<p>As imagens mostram o momento em que o idoso chega de carro \u00e0 resid\u00eancia e estaciona o ve\u00edculo na garagem. Poucos segundos depois, dois homens chegam de bicicleta e anunciam o assalto.<\/p>\n<p>Na sequ\u00eancia, os criminosos entram na casa e acordam o filho do idoso. Os dois moradores ficam sob amea\u00e7a e precisam deitar no ch\u00e3o enquanto os suspeitos reviram os c\u00f4modos em busca de objetos.<\/p>\n<figure class=\"wp-block-gallery has-nested-images columns-default is-cropped wp-block-gallery-1 is-layout-flex wp-block-gallery-is-layout-flex\">\n<figure class=\"wp-block-image size-large\"><img data-recalc-dims=\"1\" loading=\"lazy\" decoding=\"async\" width=\"787\" height=\"378\" data-id=\"173471\" src=\"https:\/\/i0.wp.com\/www.acidadeon.com\/ribeiraopreto\/wp-content\/uploads\/sites\/3\/2026\/09\/image-30.png?resize=787%2C378&#038;ssl=1\" alt=\"image 30\" class=\"wp-image-173471\" title=\"Idoso e filho s\u00e3o rendidos durante assalto dentro de casa em Ribeir\u00e3o Preto; V\u00cdDEO 2\"><\/figure>\n<figure class=\"wp-block-image size-large\"><img data-recalc-dims=\"1\" loading=\"lazy\" decoding=\"async\" width=\"774\" height=\"473\" data-id=\"173472\" src=\"https:\/\/i0.wp.com\/www.acidadeon.com\/ribeiraopreto\/wp-content\/uploads\/sites\/3\/2026\/09\/image-31.png?resize=774%2C473&#038;ssl=1\" alt=\"image 31\" class=\"wp-image-173472\" title=\"Idoso e filho s\u00e3o rendidos durante assalto dentro de casa em Ribeir\u00e3o Preto; V\u00cdDEO 3\"><\/figure>\n<\/figure>\n<p>De acordo com o registro policial, os criminosos fugiram levando o carro das v\u00edtimas, um celular, uma televis\u00e3o e uma c\u00e2mera de seguran\u00e7a.<\/p>\n<h2 class=\"wp-block-heading\">Veja v\u00eddeo:<\/h2>\n<figure class=\"wp-block-video\"><video height=\"576\" width=\"1024\" controls src=\"https:\/\/www.acidadeon.com\/ribeiraopreto\/wp-content\/uploads\/sites\/3\/2026\/09\/WhatsApp-Video-2026-09-02-at-17.39.13-1.mp4\"><\/video><\/figure>\n<p>A ocorr\u00eancia foi registrada e a Pol\u00edcia Civil investiga o caso.<\/p>\n<hr class=\"wp-block-separator has-alpha-channel-opacity\">\n<p class=\"has-text-align-center\"><em>Fa\u00e7a uma den\u00fancia ou sugira uma reportagem sobre\u00a0<strong>Ribeir\u00e3o Preto\u00a0<\/strong>e regi\u00e3o por meio do WhatsApp do\u00a0<strong>acidade on Ribeir\u00e3o<\/strong>: (16) 99117-7802.<\/em><\/p>\n<p>O post Idoso e filho s\u00e3o rendidos durante assalto dentro de casa em Ribeir\u00e3o Preto; V\u00cdDEO apareceu primeiro em ACidade ON Ribeir\u00e3o Preto.<\/p>\n<p><br \/>\n<br \/><a href=\"https:\/\/www.acidadeon.com\/ribeiraopreto\/cotidiano\/idoso-e-filho-sao-rendidos-durante-assalto-dentro-de-casa-em-ribeirao-preto-video\/\">Link para o texto original aqui <\/a><\/p>\n<!-- CONTENT END 1 -->\n","protected":false},"excerpt":{"rendered":"<p>Um idoso de 76 anos e o filho dele, de 37, foram rendidos por dois criminosos armados durante um assalto a uma casa no bairro&#8230;<\/p>\n","protected":false},"author":1,"featured_media":91003,"comment_status":"","ping_status":"","sticky":false,"template":"","format":"standard","meta":{"advanced_seo_description":"","jetpack_seo_html_title":"","jetpack_seo_noindex":false,"jetpack_seo_schema_type":"","_jetpack_newsletter_access":"","_jetpack_dont_email_post_to_subs":false,"_jetpack_newsletter_tier_id":0,"_jetpack_memberships_contains_paywalled_content":false,"_jetpack_feature_clip_id":0,"_jetpack_memberships_contains_paid_content":false,"footnotes":"","jetpack_publicize_message":"","jetpack_publicize_feature_enabled":true,"jetpack_social_post_already_shared":true,"jetpack_social_options":{"image_generator_settings":{"template":"highway","default_image_id":0,"font":"","enabled":false},"version":2},"jetpack_post_was_ever_published":false},"categories":[11],"tags":[111,289,2776,324,2313,1639,27,8892,26,50,67],"class_list":["post-91002","post","type-post","status-publish","format-standard","has-post-thumbnail","hentry","category-noticias-de-ribeirao-preto-sp-e-regiao-ismael-colosi","tag-assalto","tag-casa","tag-dentro","tag-durante","tag-filho","tag-idoso","tag-preto","tag-rendidos","tag-ribeirao","tag-sao","tag-video"],"jetpack_publicize_connections":[],"jetpack-related-posts":[{"id":62153,"url":"https:\/\/noticiasribeiraopreto.com.br\/index.php\/2025\/01\/05\/morador-e-rendido-e-roubado-na-porta-de-casa-na-zona-leste-de-ribeirao-veja-video\/","url_meta":{"origin":91002,"position":0},"title":"Morador \u00e9 rendido e roubado na porta de casa na zona Leste de Ribeir\u00e3o; Veja v\u00eddeo","author":"noticiasribeiraopreto.com.br","date":"5 de January de 2025","format":false,"excerpt":"Dois criminosos assaltaram um morador que estava em frente \u00e0 sua resid\u00eancia no jardim S\u00e3o Jos\u00e9, zona Leste de Ribeir\u00e3o Preto, na manh\u00e3 deste domingo (8). O caso foi registrado por c\u00e2meras de seguran\u00e7a \u2013 veja abaixo. Nas imagens \u00e9 poss\u00edvel ver o momento que os dois homens chegam em\u2026","rel":"","context":"In &quot;Not\u00edcias de Ribeir\u00e3o Preto-SP e Regi\u00e3o&quot;","block_context":{"text":"Not\u00edcias de Ribeir\u00e3o Preto-SP e Regi\u00e3o","link":"https:\/\/noticiasribeiraopreto.com.br\/index.php\/category\/noticias-de-ribeirao-preto-sp-e-regiao-ismael-colosi\/"},"img":{"alt_text":"","src":"https:\/\/i0.wp.com\/noticiasribeiraopreto.com.br\/wp-content\/uploads\/2025\/01\/WhatsApp-Image-2025-01-05-at-19.39.33_2025-01-05_22-41-26_jpeg_2025-01-05_22-41-26.webp.webp?fit=750%2C429&ssl=1&resize=350%2C200","width":350,"height":200,"srcset":"https:\/\/i0.wp.com\/noticiasribeiraopreto.com.br\/wp-content\/uploads\/2025\/01\/WhatsApp-Image-2025-01-05-at-19.39.33_2025-01-05_22-41-26_jpeg_2025-01-05_22-41-26.webp.webp?fit=750%2C429&ssl=1&resize=350%2C200 1x, https:\/\/i0.wp.com\/noticiasribeiraopreto.com.br\/wp-content\/uploads\/2025\/01\/WhatsApp-Image-2025-01-05-at-19.39.33_2025-01-05_22-41-26_jpeg_2025-01-05_22-41-26.webp.webp?fit=750%2C429&ssl=1&resize=525%2C300 1.5x, https:\/\/i0.wp.com\/noticiasribeiraopreto.com.br\/wp-content\/uploads\/2025\/01\/WhatsApp-Image-2025-01-05-at-19.39.33_2025-01-05_22-41-26_jpeg_2025-01-05_22-41-26.webp.webp?fit=750%2C429&ssl=1&resize=700%2C400 2x"},"classes":[]},{"id":85194,"url":"https:\/\/noticiasribeiraopreto.com.br\/index.php\/2026\/04\/24\/video-idoso-e-assaltado-quando-se-preparava-para-assar-paes\/","url_meta":{"origin":91002,"position":1},"title":"V\u00cdDEO &#8211; Idoso \u00e9 assaltado quando se preparava para assar p\u00e3es","author":"noticiasribeiraopreto.com.br","date":"24 de April de 2026","format":false,"excerpt":"\r \r \r Homem estava preparando os produtos para vender em sua padaria quando foi rendido por dois assaltantes, um deles armado\r \r 24 de abril de 2026 10:36 \r Compartilhar0 \r | Por: Adalberto Luque | Um comerciante de 70 anos foi v\u00edtima de um assalto, na madrugada desta\u2026","rel":"","context":"In &quot;Not\u00edcias de Ribeir\u00e3o Preto-SP e Regi\u00e3o&quot;","block_context":{"text":"Not\u00edcias de Ribeir\u00e3o Preto-SP e Regi\u00e3o","link":"https:\/\/noticiasribeiraopreto.com.br\/index.php\/category\/noticias-de-ribeirao-preto-sp-e-regiao-ismael-colosi\/"},"img":{"alt_text":"","src":"https:\/\/i0.wp.com\/noticiasribeiraopreto.com.br\/wp-content\/uploads\/2026\/04\/24-abr-2026-assaltoidoso.jpg?fit=1134%2C673&ssl=1&resize=350%2C200","width":350,"height":200,"srcset":"https:\/\/i0.wp.com\/noticiasribeiraopreto.com.br\/wp-content\/uploads\/2026\/04\/24-abr-2026-assaltoidoso.jpg?fit=1134%2C673&ssl=1&resize=350%2C200 1x, https:\/\/i0.wp.com\/noticiasribeiraopreto.com.br\/wp-content\/uploads\/2026\/04\/24-abr-2026-assaltoidoso.jpg?fit=1134%2C673&ssl=1&resize=525%2C300 1.5x, https:\/\/i0.wp.com\/noticiasribeiraopreto.com.br\/wp-content\/uploads\/2026\/04\/24-abr-2026-assaltoidoso.jpg?fit=1134%2C673&ssl=1&resize=700%2C400 2x, https:\/\/i0.wp.com\/noticiasribeiraopreto.com.br\/wp-content\/uploads\/2026\/04\/24-abr-2026-assaltoidoso.jpg?fit=1134%2C673&ssl=1&resize=1050%2C600 3x"},"classes":[]},{"id":3541,"url":"https:\/\/noticiasribeiraopreto.com.br\/index.php\/2023\/11\/18\/utm_sourcerssutm_mediumrssutm_campaignmotorista-de-aplicativo-coloca-bandidos-para-correr-durante-assalto-em-ribeirao-preto\/","url_meta":{"origin":91002,"position":2},"title":"Motorista de aplicativo coloca bandidos para correr durante assalto em Ribeir\u00e3o Preto \u2013 X Tudo Ribeir\u00e3o","author":"noticiasribeiraopreto.com.br","date":"18 de November de 2023","format":false,"excerpt":"Um motorista de aplicativo colocou um trio de bandidos para correr durante um assalto na noite deste s\u00e1bado (18\/11), no bairro Alto do Ipiranga, na zona Norte de Ribeir\u00e3o Preto.\u00a0 Segundo informa\u00e7\u00f5es, a v\u00edtima estava embarcando passageiros na Travessa da Barra, momento que foi rendido pelos tr\u00eas LIXOS da SOCIEDADE,\u2026","rel":"","context":"In &quot;Not\u00edcias de Ribeir\u00e3o Preto-SP e Regi\u00e3o&quot;","block_context":{"text":"Not\u00edcias de Ribeir\u00e3o Preto-SP e Regi\u00e3o","link":"https:\/\/noticiasribeiraopreto.com.br\/index.php\/category\/noticias-de-ribeirao-preto-sp-e-regiao-ismael-colosi\/"},"img":{"alt_text":"","src":"https:\/\/i0.wp.com\/noticiasribeiraopreto.com.br\/wp-content\/uploads\/2023\/11\/WhatsApp-Image-2023-11-18-at-23.48.47.jpeg?fit=882%2C460&ssl=1&resize=350%2C200","width":350,"height":200,"srcset":"https:\/\/i0.wp.com\/noticiasribeiraopreto.com.br\/wp-content\/uploads\/2023\/11\/WhatsApp-Image-2023-11-18-at-23.48.47.jpeg?fit=882%2C460&ssl=1&resize=350%2C200 1x, https:\/\/i0.wp.com\/noticiasribeiraopreto.com.br\/wp-content\/uploads\/2023\/11\/WhatsApp-Image-2023-11-18-at-23.48.47.jpeg?fit=882%2C460&ssl=1&resize=525%2C300 1.5x, https:\/\/i0.wp.com\/noticiasribeiraopreto.com.br\/wp-content\/uploads\/2023\/11\/WhatsApp-Image-2023-11-18-at-23.48.47.jpeg?fit=882%2C460&ssl=1&resize=700%2C400 2x"},"classes":[]},{"id":82538,"url":"https:\/\/noticiasribeiraopreto.com.br\/index.php\/2026\/02\/18\/mae-e-filho-sao-roubados-e-agredidos-dentro-de-casa-no-centro-de-ribeirao-preto\/","url_meta":{"origin":91002,"position":3},"title":"M\u00e3e e filho s\u00e3o roubados e agredidos dentro de casa no Centro de Ribeir\u00e3o Preto","author":"noticiasribeiraopreto.com.br","date":"18 de February de 2026","format":false,"excerpt":"Uma m\u00e3e e o filho, de 26 anos, foram v\u00edtimas de roubo e agress\u00e3o na madrugada desta ter\u00e7a-feira (17), no Centro de Ribeir\u00e3o Preto. Segundo informa\u00e7\u00f5es da EPTV, m\u00e3e e filho dormiam quando, por volta das 4h, foram surpreendidos por dois homens armados com um rev\u00f3lver dentro da casa. Durante\u2026","rel":"","context":"In &quot;Not\u00edcias de Ribeir\u00e3o Preto-SP e Regi\u00e3o&quot;","block_context":{"text":"Not\u00edcias de Ribeir\u00e3o Preto-SP e Regi\u00e3o","link":"https:\/\/noticiasribeiraopreto.com.br\/index.php\/category\/noticias-de-ribeirao-preto-sp-e-regiao-ismael-colosi\/"},"img":{"alt_text":"","src":"https:\/\/i0.wp.com\/noticiasribeiraopreto.com.br\/wp-content\/uploads\/2026\/02\/ETER_2026-02-17_18-43-11.webp.webp?fit=758%2C403&ssl=1&resize=350%2C200","width":350,"height":200,"srcset":"https:\/\/i0.wp.com\/noticiasribeiraopreto.com.br\/wp-content\/uploads\/2026\/02\/ETER_2026-02-17_18-43-11.webp.webp?fit=758%2C403&ssl=1&resize=350%2C200 1x, https:\/\/i0.wp.com\/noticiasribeiraopreto.com.br\/wp-content\/uploads\/2026\/02\/ETER_2026-02-17_18-43-11.webp.webp?fit=758%2C403&ssl=1&resize=525%2C300 1.5x, https:\/\/i0.wp.com\/noticiasribeiraopreto.com.br\/wp-content\/uploads\/2026\/02\/ETER_2026-02-17_18-43-11.webp.webp?fit=758%2C403&ssl=1&resize=700%2C400 2x"},"classes":[]},{"id":56001,"url":"https:\/\/noticiasribeiraopreto.com.br\/index.php\/2024\/08\/08\/homem-e-rendido-pelo-filho-armado-da-companheira-apos-marcar-encontro-em-ribeirao\/","url_meta":{"origin":91002,"position":4},"title":"Homem \u00e9 rendido pelo filho armado da companheira ap\u00f3s marcar encontro em Ribeir\u00e3o","author":"noticiasribeiraopreto.com.br","date":"8 de August de 2024","format":false,"excerpt":"Um homem foi rendido pelo filho armado da companheira, nesta quarta-feira (7), no bairro Cristo Redentor, zona Norte de Ribeir\u00e3o Preto. De acordo com o boletim de ocorr\u00eancia (BO), a v\u00edtima, de 48 anos, teria ido at\u00e9 uma resid\u00eancia para encontrar a mulher. Os dois planejavam sair para jantar pela\u2026","rel":"","context":"In &quot;Not\u00edcias de Ribeir\u00e3o Preto-SP e Regi\u00e3o&quot;","block_context":{"text":"Not\u00edcias de Ribeir\u00e3o Preto-SP e Regi\u00e3o","link":"https:\/\/noticiasribeiraopreto.com.br\/index.php\/category\/noticias-de-ribeirao-preto-sp-e-regiao-ismael-colosi\/"},"img":{"alt_text":"","src":"https:\/\/noticiasribeiraopreto.com.br\/wp-content\/uploads\/2024\/02\/whatsapp_image_2022-08-14_at_12_10_03.jpe","width":350,"height":200,"srcset":"https:\/\/noticiasribeiraopreto.com.br\/wp-content\/uploads\/2024\/02\/whatsapp_image_2022-08-14_at_12_10_03.jpe 1x, https:\/\/noticiasribeiraopreto.com.br\/wp-content\/uploads\/2024\/02\/whatsapp_image_2022-08-14_at_12_10_03.jpe 1.5x, https:\/\/noticiasribeiraopreto.com.br\/wp-content\/uploads\/2024\/02\/whatsapp_image_2022-08-14_at_12_10_03.jpe 2x, https:\/\/noticiasribeiraopreto.com.br\/wp-content\/uploads\/2024\/02\/whatsapp_image_2022-08-14_at_12_10_03.jpe 3x"},"classes":[]},{"id":88725,"url":"https:\/\/noticiasribeiraopreto.com.br\/index.php\/2026\/07\/24\/idoso-morre-apos-galpao-desabar-sobre-casa-durante-temporal-em-ribeirao\/","url_meta":{"origin":91002,"position":5},"title":"Idoso morre ap\u00f3s galp\u00e3o desabar sobre casa durante temporal em Ribeir\u00e3o","author":"noticiasribeiraopreto.com.br","date":"24 de July de 2026","format":false,"excerpt":"Um idoso de 82 anos morreu ap\u00f3s a estrutura de um galp\u00e3o desabar sobre a casa onde morava durante o temporal que atingiu Ribeir\u00e3o Preto na manh\u00e3 desta sexta-feira (24). A informa\u00e7\u00e3o foi confirmada pela Secretaria de Sa\u00fade do munic\u00edpio. Segundo as primeiras informa\u00e7\u00f5es, o galp\u00e3o fica ao lado da\u2026","rel":"","context":"In &quot;Not\u00edcias de Ribeir\u00e3o Preto-SP e Regi\u00e3o&quot;","block_context":{"text":"Not\u00edcias de Ribeir\u00e3o Preto-SP e Regi\u00e3o","link":"https:\/\/noticiasribeiraopreto.com.br\/index.php\/category\/noticias-de-ribeirao-preto-sp-e-regiao-ismael-colosi\/"},"img":{"alt_text":"","src":"https:\/\/i0.wp.com\/noticiasribeiraopreto.com.br\/wp-content\/uploads\/2026\/07\/estragos-1.jpg?fit=1200%2C675&ssl=1&resize=350%2C200","width":350,"height":200,"srcset":"https:\/\/i0.wp.com\/noticiasribeiraopreto.com.br\/wp-content\/uploads\/2026\/07\/estragos-1.jpg?fit=1200%2C675&ssl=1&resize=350%2C200 1x, https:\/\/i0.wp.com\/noticiasribeiraopreto.com.br\/wp-content\/uploads\/2026\/07\/estragos-1.jpg?fit=1200%2C675&ssl=1&resize=525%2C300 1.5x, https:\/\/i0.wp.com\/noticiasribeiraopreto.com.br\/wp-content\/uploads\/2026\/07\/estragos-1.jpg?fit=1200%2C675&ssl=1&resize=700%2C400 2x, https:\/\/i0.wp.com\/noticiasribeiraopreto.com.br\/wp-content\/uploads\/2026\/07\/estragos-1.jpg?fit=1200%2C675&ssl=1&resize=1050%2C600 3x"},"classes":[]}],"jetpack_sharing_enabled":true,"jetpack_shortlink":"https:\/\/wp.me\/peQAOb-nFM","jetpack_featured_media_url":"https:\/\/i0.wp.com\/noticiasribeiraopreto.com.br\/wp-content\/uploads\/2026\/09\/roubo-idoso.jpg?fit=1200%2C675&ssl=1","_links":{"self":[{"href":"https:\/\/noticiasribeiraopreto.com.br\/index.php\/wp-json\/wp\/v2\/posts\/91002","targetHints":{"allow":["GET"]}}],"collection":[{"href":"https:\/\/noticiasribeiraopreto.com.br\/index.php\/wp-json\/wp\/v2\/posts"}],"about":[{"href":"https:\/\/noticiasribeiraopreto.com.br\/index.php\/wp-json\/wp\/v2\/types\/post"}],"author":[{"embeddable":true,"href":"https:\/\/noticiasribeiraopreto.com.br\/index.php\/wp-json\/wp\/v2\/users\/1"}],"replies":[{"embeddable":true,"href":"https:\/\/noticiasribeiraopreto.com.br\/index.php\/wp-json\/wp\/v2\/comments?post=91002"}],"version-history":[{"count":0,"href":"https:\/\/noticiasribeiraopreto.com.br\/index.php\/wp-json\/wp\/v2\/posts\/91002\/revisions"}],"wp:featuredmedia":[{"embeddable":true,"href":"https:\/\/noticiasribeiraopreto.com.br\/index.php\/wp-json\/wp\/v2\/media\/91003"}],"wp:attachment":[{"href":"https:\/\/noticiasribeiraopreto.com.br\/index.php\/wp-json\/wp\/v2\/media?parent=91002"}],"wp:term":[{"taxonomy":"category","embeddable":true,"href":"https:\/\/noticiasribeiraopreto.com.br\/index.php\/wp-json\/wp\/v2\/categories?post=91002"},{"taxonomy":"post_tag","embeddable":true,"href":"https:\/\/noticiasribeiraopreto.com.br\/index.php\/wp-json\/wp\/v2\/tags?post=91002"}],"curies":[{"name":"wp","href":"https:\/\/api.w.org\/{rel}","templated":true}]}}