{"id":91004,"date":"2026-09-02T19:41:05","date_gmt":"2026-09-02T22:41:05","guid":{"rendered":"https:\/\/noticiasribeiraopreto.com.br\/index.php\/2026\/09\/02\/moradores-relatam-galhos-e-entulho-na-calcada-desde-temporal-em-ribeirao-preto\/"},"modified":"2026-09-02T19:41:05","modified_gmt":"2026-09-02T22:41:05","slug":"moradores-relatam-galhos-e-entulho-na-calcada-desde-temporal-em-ribeirao-preto","status":"publish","type":"post","link":"https:\/\/noticiasribeiraopreto.com.br\/index.php\/2026\/09\/02\/moradores-relatam-galhos-e-entulho-na-calcada-desde-temporal-em-ribeirao-preto\/","title":{"rendered":"Moradores relatam galhos e entulho na cal\u00e7ada desde temporal em Ribeir\u00e3o Preto"},"content":{"rendered":"<div class='code-block code-block-1' style='margin: 8px 0 8px auto; text-align: right; display: block; clear: both;'>\n<p><a href=\"https:\/\/wa.link\/vpicfd\"><img data-recalc-dims=\"1\" class=\"wp-image-4922\" style=\"aspect-ratio: 2.0253164556962027; width: 561px; height: auto;\" src=\"https:\/\/i0.wp.com\/ismaelcolosi.com.br\/wp-content\/uploads\/2023\/11\/grupo-de-empregos-whatsapp-e-facebook-ismael-colosi-vagas.jpg?ssl=1\" alt=\"\" \/><\/a><\/p>\n<!-- \/wp:image -->\n<\/div>\n<p> <br \/>\n<\/p>\n<p>Moradores denunciaram o<strong> ac\u00famulo de galhos e entulhos na cal\u00e7ada da rua S\u00e3o Pedro<\/strong>, na Vila Am\u00e9lia, em Ribeir\u00e3o Preto. Segundo os relatos, p<strong>arte dos materiais permanece no local desde o temporal que atingiu a cidade no dia 24 de julho.<\/strong><\/p>\n<p>De acordo com os moradores, os galhos se acumulam na cal\u00e7ada h\u00e1 semanas.<\/p>\n<figure class=\"wp-block-gallery has-nested-images columns-default is-cropped wp-block-gallery-1 is-layout-flex wp-block-gallery-is-layout-flex\">\n<figure class=\"wp-block-image size-large\"><figcaption class=\"wp-element-caption\">Galhos e entulho na Vila Am\u00e9lia \u2013 Foto: Arquivo pessoal<\/figcaption><\/figure>\n<figure class=\"wp-block-image size-large\"><img data-recalc-dims=\"1\" loading=\"lazy\" decoding=\"async\" width=\"402\" height=\"612\" data-id=\"173482\" src=\"https:\/\/i0.wp.com\/www.acidadeon.com\/ribeiraopreto\/wp-content\/uploads\/sites\/3\/2026\/09\/Captura-de-tela-2026-09-02-191739.png?resize=402%2C612&#038;ssl=1\" alt=\"Captura de tela 2026 09 02 191739\" class=\"wp-image-173482\" title=\"Moradores relatam galhos e entulho na cal\u00e7ada desde temporal em Ribeir\u00e3o Preto 2\"><figcaption class=\"wp-element-caption\">Galhos e entulho na Vila Am\u00e9lia \u2013 Foto: Arquivo pessoal<\/figcaption><\/figure>\n<figure class=\"wp-block-image size-large\"><img data-recalc-dims=\"1\" loading=\"lazy\" decoding=\"async\" width=\"399\" height=\"672\" data-id=\"173481\" src=\"https:\/\/i0.wp.com\/www.acidadeon.com\/ribeiraopreto\/wp-content\/uploads\/sites\/3\/2026\/09\/Captura-de-tela-2026-09-02-191728.png?resize=399%2C672&#038;ssl=1\" alt=\"Captura de tela 2026 09 02 191728\" class=\"wp-image-173481\" title=\"Moradores relatam galhos e entulho na cal\u00e7ada desde temporal em Ribeir\u00e3o Preto 3\"><figcaption class=\"wp-element-caption\">Galhos e entulho na Vila Am\u00e9lia \u2013 Foto: Arquivo pessoal<\/figcaption><\/figure>\n<\/figure>\n<p class=\"has-text-align-center has-small-font-size\"><em>Receba not\u00edcias do\u00a0<strong>acidade on Ribeir\u00e3o\u00a0<\/strong>no WhatsApp e fique por dentro de tudo! Basta acessar o link<a href=\"https:\/\/chat.whatsapp.com\/DfXwcjKVIddHUT3BvnQuPZ?mode=hqctshi\" target=\"_blank\" rel=\"noreferrer noopener\">\u00a0aqui<\/a>!<\/em><\/p>\n<h2 class=\"wp-block-heading\">O que diz a Prefeitura?<\/h2>\n<p>Em nota, a <strong>Secretaria de Infraestrutura e Zeladoria<\/strong> informou que realizou duas a\u00e7\u00f5es de limpeza no local, nos dias<strong> 5 e 12 de agosto<\/strong>. Ap\u00f3s os servi\u00e7os, por\u00e9m, segundo a Prefeitura, houve novo descarte irregular de materiais na \u00e1rea.<\/p>\n<p>A administra\u00e7\u00e3o municipal informou que o descarte irregular configura crime ambiental e pode resultar em multa.<\/p>\n<h2 class=\"wp-block-heading\">Nova limpeza est\u00e1 prevista<\/h2>\n<p>A Prefeitura informou que programou uma nova limpeza no local para a pr\u00f3xima quarta-feira, dia 9.<\/p>\n<p>Segundo a administra\u00e7\u00e3o municipal, Ribeir\u00e3o Preto conta com oito ecopontos para a destina\u00e7\u00e3o adequada de res\u00edduos, com funcionamento di\u00e1rio, das 7h \u00e0s 19h. A Prefeitura tamb\u00e9m informou que a coleta de lixo porta a porta atende todo o munic\u00edpio.<\/p>\n<figure class=\"wp-block-video\"><video height=\"1920\" width=\"1080\" controls src=\"https:\/\/www.acidadeon.com\/ribeiraopreto\/wp-content\/uploads\/sites\/3\/2026\/09\/Opcao-1-2026-09-02T192707.552.mp4\"><\/video><\/figure>\n<hr class=\"wp-block-separator has-alpha-channel-opacity\">\n<p class=\"has-text-align-center has-small-font-size\"><em>Fa\u00e7a uma den\u00fancia ou sugira uma reportagem sobre\u00a0<strong>Ribeir\u00e3o Preto\u00a0<\/strong>e regi\u00e3o por meio do WhatsApp do\u00a0<strong>acidade on Ribeir\u00e3o<\/strong>: (16) 99117-7802.<\/em><\/p>\n<h2 class=\"wp-block-heading\"><mark class=\"has-inline-color has-white-color\">Galhos<\/mark><\/h2>\n<\/p>\n<p>O post Moradores relatam galhos e entulho na cal\u00e7ada desde temporal em Ribeir\u00e3o Preto apareceu primeiro em ACidade ON Ribeir\u00e3o Preto.<\/p>\n<p><br \/>\n<br \/><a href=\"https:\/\/www.acidadeon.com\/ribeiraopreto\/cotidiano\/moradores-relatam-galhos-e-entulho-na-calcada-desde-temporal-em-ribeirao-preto\/\">Link para o texto original aqui <\/a><\/p>\n<!-- CONTENT END 1 -->\n","protected":false},"excerpt":{"rendered":"<p>Moradores denunciaram o ac\u00famulo de galhos e entulhos na cal\u00e7ada da rua S\u00e3o Pedro, na Vila Am\u00e9lia, em Ribeir\u00e3o Preto. Segundo os relatos, parte dos&#8230;<\/p>\n","protected":false},"author":1,"featured_media":91005,"comment_status":"","ping_status":"","sticky":false,"template":"","format":"standard","meta":{"advanced_seo_description":"","jetpack_seo_html_title":"","jetpack_seo_noindex":false,"jetpack_seo_schema_type":"","_jetpack_newsletter_access":"","_jetpack_dont_email_post_to_subs":false,"_jetpack_newsletter_tier_id":0,"_jetpack_memberships_contains_paywalled_content":false,"_jetpack_feature_clip_id":0,"_jetpack_memberships_contains_paid_content":false,"footnotes":"","jetpack_publicize_message":"","jetpack_publicize_feature_enabled":true,"jetpack_social_post_already_shared":true,"jetpack_social_options":{"image_generator_settings":{"template":"highway","default_image_id":0,"font":"","enabled":false},"version":2},"jetpack_post_was_ever_published":false},"categories":[11],"tags":[7050,1281,8893,4856,307,27,6061,26,3196],"class_list":["post-91004","post","type-post","status-publish","format-standard","has-post-thumbnail","hentry","category-noticias-de-ribeirao-preto-sp-e-regiao-ismael-colosi","tag-calcada","tag-desde","tag-entulho","tag-galhos","tag-moradores","tag-preto","tag-relatam","tag-ribeirao","tag-temporal"],"jetpack_publicize_connections":[],"jetpack-related-posts":[{"id":90238,"url":"https:\/\/noticiasribeiraopreto.com.br\/index.php\/2026\/08\/19\/moradores-relatam-transtornos-com-acumulo-de-folhas-e-galhos-em-calcada-nos-campos-eliseos\/","url_meta":{"origin":91004,"position":0},"title":"Moradores relatam transtornos com ac\u00famulo de folhas e galhos em cal\u00e7ada nos Campos El\u00edseos","author":"noticiasribeiraopreto.com.br","date":"19 de August de 2026","format":false,"excerpt":"Um ac\u00famulo de folhas secas, galhos na rua Silveira Martins, no bairro Campos El\u00edseos, em Ribeir\u00e3o Preto, tem causado riscos e transtornos para pedestres e condutores. Prefeitura afirma que local est\u00e1 na programa\u00e7\u00e3o de limpeza at\u00e9 esta sexta-feira (21). O problema come\u00e7ou com o vendaval registrado no dia 24 de\u2026","rel":"","context":"In &quot;Not\u00edcias de Ribeir\u00e3o Preto-SP e Regi\u00e3o&quot;","block_context":{"text":"Not\u00edcias de Ribeir\u00e3o Preto-SP e Regi\u00e3o","link":"https:\/\/noticiasribeiraopreto.com.br\/index.php\/category\/noticias-de-ribeirao-preto-sp-e-regiao-ismael-colosi\/"},"img":{"alt_text":"","src":"https:\/\/i0.wp.com\/noticiasribeiraopreto.com.br\/wp-content\/uploads\/2026\/08\/Moradores-relatam-transtornos-com-acumulo-de-folhas-e-galhos-em-calcada-nos-Campos-Eliseos-em-Ribeirao-Preto.jpeg?fit=1179%2C613&ssl=1&resize=350%2C200","width":350,"height":200,"srcset":"https:\/\/i0.wp.com\/noticiasribeiraopreto.com.br\/wp-content\/uploads\/2026\/08\/Moradores-relatam-transtornos-com-acumulo-de-folhas-e-galhos-em-calcada-nos-Campos-Eliseos-em-Ribeirao-Preto.jpeg?fit=1179%2C613&ssl=1&resize=350%2C200 1x, https:\/\/i0.wp.com\/noticiasribeiraopreto.com.br\/wp-content\/uploads\/2026\/08\/Moradores-relatam-transtornos-com-acumulo-de-folhas-e-galhos-em-calcada-nos-Campos-Eliseos-em-Ribeirao-Preto.jpeg?fit=1179%2C613&ssl=1&resize=525%2C300 1.5x, https:\/\/i0.wp.com\/noticiasribeiraopreto.com.br\/wp-content\/uploads\/2026\/08\/Moradores-relatam-transtornos-com-acumulo-de-folhas-e-galhos-em-calcada-nos-Campos-Eliseos-em-Ribeirao-Preto.jpeg?fit=1179%2C613&ssl=1&resize=700%2C400 2x, https:\/\/i0.wp.com\/noticiasribeiraopreto.com.br\/wp-content\/uploads\/2026\/08\/Moradores-relatam-transtornos-com-acumulo-de-folhas-e-galhos-em-calcada-nos-Campos-Eliseos-em-Ribeirao-Preto.jpeg?fit=1179%2C613&ssl=1&resize=1050%2C600 3x"},"classes":[]},{"id":90387,"url":"https:\/\/noticiasribeiraopreto.com.br\/index.php\/2026\/08\/21\/moradores-cobram-limpeza-em-praca-no-jardim-independencia-e-em-calcada-do-centro-apos-vendaval-em-ribeirao-preto\/","url_meta":{"origin":91004,"position":1},"title":"Moradores cobram limpeza em pra\u00e7a no Jardim Independ\u00eancia e em cal\u00e7ada do centro ap\u00f3s vendaval em Ribeir\u00e3o Preto","author":"noticiasribeiraopreto.com.br","date":"21 de August de 2026","format":false,"excerpt":"A Pra\u00e7a Dante Alighieri, no Jardim Independ\u00eancia, e a cal\u00e7ada da rua Visconde de Inha\u00fama, no Centro de Ribeir\u00e3o Preto, acumulam galhos ca\u00eddos. Segundo a prefeitura, os dois locais est\u00e3o no cronograma de limpeza. A falta de limpeza e recolhimento de galhos ap\u00f3s o vendaval que atingiu Ribeir\u00e3o Preto tem\u2026","rel":"","context":"In &quot;Not\u00edcias de Ribeir\u00e3o Preto-SP e Regi\u00e3o&quot;","block_context":{"text":"Not\u00edcias de Ribeir\u00e3o Preto-SP e Regi\u00e3o","link":"https:\/\/noticiasribeiraopreto.com.br\/index.php\/category\/noticias-de-ribeirao-preto-sp-e-regiao-ismael-colosi\/"},"img":{"alt_text":"","src":"https:\/\/i0.wp.com\/noticiasribeiraopreto.com.br\/wp-content\/uploads\/2026\/08\/Moradores-cobram-limpeza-em-praca-no-Jardim-Independencia-e-calcada-do-centro-apos-vendaval-em-Ribeirao-Preto.jpeg?fit=1200%2C675&ssl=1&resize=350%2C200","width":350,"height":200,"srcset":"https:\/\/i0.wp.com\/noticiasribeiraopreto.com.br\/wp-content\/uploads\/2026\/08\/Moradores-cobram-limpeza-em-praca-no-Jardim-Independencia-e-calcada-do-centro-apos-vendaval-em-Ribeirao-Preto.jpeg?fit=1200%2C675&ssl=1&resize=350%2C200 1x, https:\/\/i0.wp.com\/noticiasribeiraopreto.com.br\/wp-content\/uploads\/2026\/08\/Moradores-cobram-limpeza-em-praca-no-Jardim-Independencia-e-calcada-do-centro-apos-vendaval-em-Ribeirao-Preto.jpeg?fit=1200%2C675&ssl=1&resize=525%2C300 1.5x, https:\/\/i0.wp.com\/noticiasribeiraopreto.com.br\/wp-content\/uploads\/2026\/08\/Moradores-cobram-limpeza-em-praca-no-Jardim-Independencia-e-calcada-do-centro-apos-vendaval-em-Ribeirao-Preto.jpeg?fit=1200%2C675&ssl=1&resize=700%2C400 2x, https:\/\/i0.wp.com\/noticiasribeiraopreto.com.br\/wp-content\/uploads\/2026\/08\/Moradores-cobram-limpeza-em-praca-no-Jardim-Independencia-e-calcada-do-centro-apos-vendaval-em-Ribeirao-Preto.jpeg?fit=1200%2C675&ssl=1&resize=1050%2C600 3x"},"classes":[]},{"id":77997,"url":"https:\/\/noticiasribeiraopreto.com.br\/index.php\/2025\/09\/30\/jiboia-e-resgatada-no-meio-de-entulho-e-biologo-faz-alerta-veja-o-video\/","url_meta":{"origin":91004,"position":2},"title":"Jiboia \u00e9 resgatada no meio de entulho e bi\u00f3logo faz alerta; Veja o v\u00eddeo","author":"noticiasribeiraopreto.com.br","date":"30 de September de 2025","format":false,"excerpt":"Uma jiboia foi resgatada dentro do entulho em uma cal\u00e7ada no Jardim Aurora 2, em Sales Oliveira, na regi\u00e3o de Ribeir\u00e3o Preto, na manh\u00e3 desta ter\u00e7a-feira (30) \u2013 veja o v\u00eddeo abaixo. De acordo com o bi\u00f3logo Isaac Roque, respons\u00e1vel pela Fiscaliza\u00e7\u00e3o de Meio Ambiente e Defesa Civil da cidade,\u2026","rel":"","context":"In &quot;Not\u00edcias de Ribeir\u00e3o Preto-SP e Regi\u00e3o&quot;","block_context":{"text":"Not\u00edcias de Ribeir\u00e3o Preto-SP e Regi\u00e3o","link":"https:\/\/noticiasribeiraopreto.com.br\/index.php\/category\/noticias-de-ribeirao-preto-sp-e-regiao-ismael-colosi\/"},"img":{"alt_text":"","src":"https:\/\/i0.wp.com\/noticiasribeiraopreto.com.br\/wp-content\/uploads\/2025\/09\/jiboia_2025-09-30_15-58-44.webp.webp?fit=1200%2C675&ssl=1&resize=350%2C200","width":350,"height":200,"srcset":"https:\/\/i0.wp.com\/noticiasribeiraopreto.com.br\/wp-content\/uploads\/2025\/09\/jiboia_2025-09-30_15-58-44.webp.webp?fit=1200%2C675&ssl=1&resize=350%2C200 1x, https:\/\/i0.wp.com\/noticiasribeiraopreto.com.br\/wp-content\/uploads\/2025\/09\/jiboia_2025-09-30_15-58-44.webp.webp?fit=1200%2C675&ssl=1&resize=525%2C300 1.5x, https:\/\/i0.wp.com\/noticiasribeiraopreto.com.br\/wp-content\/uploads\/2025\/09\/jiboia_2025-09-30_15-58-44.webp.webp?fit=1200%2C675&ssl=1&resize=700%2C400 2x, https:\/\/i0.wp.com\/noticiasribeiraopreto.com.br\/wp-content\/uploads\/2025\/09\/jiboia_2025-09-30_15-58-44.webp.webp?fit=1200%2C675&ssl=1&resize=1050%2C600 3x"},"classes":[]},{"id":83246,"url":"https:\/\/noticiasribeiraopreto.com.br\/index.php\/2026\/03\/13\/chuvas-elevam-nivel-de-barragem-e-deixam-170-familias-em-alerta-em-ribeirao-preto\/","url_meta":{"origin":91004,"position":3},"title":"Chuvas elevam n\u00edvel de barragem e deixam 170 fam\u00edlias em alerta em Ribeir\u00e3o Preto","author":"noticiasribeiraopreto.com.br","date":"13 de March de 2026","format":false,"excerpt":"As chuvas intensas registradas nos \u00faltimos dias elevaram o n\u00edvel da barragem Santa Teresa, na zona Oeste de Ribeir\u00e3o Preto, e deixaram cerca de 170 fam\u00edlias em estado de alerta. Moradores da comunidade Vida Nova relatam preocupa\u00e7\u00e3o com o risco de enchentes e com a possibilidade de agravamento da situa\u00e7\u00e3o\u2026","rel":"","context":"In &quot;Not\u00edcias de Ribeir\u00e3o Preto-SP e Regi\u00e3o&quot;","block_context":{"text":"Not\u00edcias de Ribeir\u00e3o Preto-SP e Regi\u00e3o","link":"https:\/\/noticiasribeiraopreto.com.br\/index.php\/category\/noticias-de-ribeirao-preto-sp-e-regiao-ismael-colosi\/"},"img":{"alt_text":"","src":"https:\/\/i0.wp.com\/noticiasribeiraopreto.com.br\/wp-content\/uploads\/2026\/03\/palace-68_2026-03-12_20-13-27.webp.webp?fit=1200%2C675&ssl=1&resize=350%2C200","width":350,"height":200,"srcset":"https:\/\/i0.wp.com\/noticiasribeiraopreto.com.br\/wp-content\/uploads\/2026\/03\/palace-68_2026-03-12_20-13-27.webp.webp?fit=1200%2C675&ssl=1&resize=350%2C200 1x, https:\/\/i0.wp.com\/noticiasribeiraopreto.com.br\/wp-content\/uploads\/2026\/03\/palace-68_2026-03-12_20-13-27.webp.webp?fit=1200%2C675&ssl=1&resize=525%2C300 1.5x, https:\/\/i0.wp.com\/noticiasribeiraopreto.com.br\/wp-content\/uploads\/2026\/03\/palace-68_2026-03-12_20-13-27.webp.webp?fit=1200%2C675&ssl=1&resize=700%2C400 2x, https:\/\/i0.wp.com\/noticiasribeiraopreto.com.br\/wp-content\/uploads\/2026\/03\/palace-68_2026-03-12_20-13-27.webp.webp?fit=1200%2C675&ssl=1&resize=1050%2C600 3x"},"classes":[]},{"id":88974,"url":"https:\/\/noticiasribeiraopreto.com.br\/index.php\/2026\/07\/28\/transito-em-ribeirao-preto-segue-com-interdicoes-e-semaforos-desligados-veja-pontos-afetados\/","url_meta":{"origin":91004,"position":4},"title":"Tr\u00e2nsito em Ribeir\u00e3o Preto segue com interdi\u00e7\u00f5es e sem\u00e1foros desligados; Veja pontos afetados","author":"noticiasribeiraopreto.com.br","date":"28 de July de 2026","format":false,"excerpt":"A RP Mobi divulgou nesta ter\u00e7a-feira (28) um novo boletim sobre a situa\u00e7\u00e3o do tr\u00e2nsito em Ribeir\u00e3o Preto, ap\u00f3s os estragos causados pelo temporal da \u00faltima sexta-feira (24). Receba not\u00edcias do\u00a0acidade on Ribeir\u00e3o\u00a0no WhatsApp e fique por dentro de tudo! Basta acessar o link\u00a0aqui! O levantamento aponta ponto de interdi\u00e7\u00e3o\u2026","rel":"","context":"In &quot;Not\u00edcias de Ribeir\u00e3o Preto-SP e Regi\u00e3o&quot;","block_context":{"text":"Not\u00edcias de Ribeir\u00e3o Preto-SP e Regi\u00e3o","link":"https:\/\/noticiasribeiraopreto.com.br\/index.php\/category\/noticias-de-ribeirao-preto-sp-e-regiao-ismael-colosi\/"},"img":{"alt_text":"","src":"https:\/\/i0.wp.com\/noticiasribeiraopreto.com.br\/wp-content\/uploads\/2026\/07\/agente-rp-mobi_2026-05-07_21-10-28.webp.webp?fit=1200%2C799&ssl=1&resize=350%2C200","width":350,"height":200,"srcset":"https:\/\/i0.wp.com\/noticiasribeiraopreto.com.br\/wp-content\/uploads\/2026\/07\/agente-rp-mobi_2026-05-07_21-10-28.webp.webp?fit=1200%2C799&ssl=1&resize=350%2C200 1x, https:\/\/i0.wp.com\/noticiasribeiraopreto.com.br\/wp-content\/uploads\/2026\/07\/agente-rp-mobi_2026-05-07_21-10-28.webp.webp?fit=1200%2C799&ssl=1&resize=525%2C300 1.5x, https:\/\/i0.wp.com\/noticiasribeiraopreto.com.br\/wp-content\/uploads\/2026\/07\/agente-rp-mobi_2026-05-07_21-10-28.webp.webp?fit=1200%2C799&ssl=1&resize=700%2C400 2x, https:\/\/i0.wp.com\/noticiasribeiraopreto.com.br\/wp-content\/uploads\/2026\/07\/agente-rp-mobi_2026-05-07_21-10-28.webp.webp?fit=1200%2C799&ssl=1&resize=1050%2C600 3x"},"classes":[]},{"id":38925,"url":"https:\/\/noticiasribeiraopreto.com.br\/index.php\/2024\/02\/22\/dengue-moradores-denunciam-criadouros-em-ribeirao-preto\/","url_meta":{"origin":91004,"position":5},"title":"Dengue: Moradores denunciam criadouros em Ribeir\u00e3o Preto","author":"noticiasribeiraopreto.com.br","date":"22 de February de 2024","format":false,"excerpt":"Moradores de diferentes regi\u00f5es de Ribeir\u00e3o Preto est\u00e3o preocupados com criadouros do mosquito Aedes aegypti em casas, terrenos e at\u00e9 em cal\u00e7adas. Diante da epidemia que a cidade enfrenta, com 2.488 casos confirmados de dengue e 7.810 em investiga\u00e7\u00e3o, o portal acidade on Ribeir\u00e3o tem recebido v\u00e1rias den\u00fancias sobre poss\u00edveis\u2026","rel":"","context":"In &quot;Not\u00edcias de Ribeir\u00e3o Preto-SP e Regi\u00e3o&quot;","block_context":{"text":"Not\u00edcias de Ribeir\u00e3o Preto-SP e Regi\u00e3o","link":"https:\/\/noticiasribeiraopreto.com.br\/index.php\/category\/noticias-de-ribeirao-preto-sp-e-regiao-ismael-colosi\/"},"img":{"alt_text":"","src":"https:\/\/i0.wp.com\/noticiasribeiraopreto.com.br\/wp-content\/uploads\/2024\/02\/Copia-de-Copia-de-TAMANHO-EXATO-PARA-FOTOS-NO-SISTEMA-NOVO-1-1.png?fit=1200%2C675&ssl=1&resize=350%2C200","width":350,"height":200,"srcset":"https:\/\/i0.wp.com\/noticiasribeiraopreto.com.br\/wp-content\/uploads\/2024\/02\/Copia-de-Copia-de-TAMANHO-EXATO-PARA-FOTOS-NO-SISTEMA-NOVO-1-1.png?fit=1200%2C675&ssl=1&resize=350%2C200 1x, https:\/\/i0.wp.com\/noticiasribeiraopreto.com.br\/wp-content\/uploads\/2024\/02\/Copia-de-Copia-de-TAMANHO-EXATO-PARA-FOTOS-NO-SISTEMA-NOVO-1-1.png?fit=1200%2C675&ssl=1&resize=525%2C300 1.5x, https:\/\/i0.wp.com\/noticiasribeiraopreto.com.br\/wp-content\/uploads\/2024\/02\/Copia-de-Copia-de-TAMANHO-EXATO-PARA-FOTOS-NO-SISTEMA-NOVO-1-1.png?fit=1200%2C675&ssl=1&resize=700%2C400 2x, https:\/\/i0.wp.com\/noticiasribeiraopreto.com.br\/wp-content\/uploads\/2024\/02\/Copia-de-Copia-de-TAMANHO-EXATO-PARA-FOTOS-NO-SISTEMA-NOVO-1-1.png?fit=1200%2C675&ssl=1&resize=1050%2C600 3x"},"classes":[]}],"jetpack_sharing_enabled":true,"jetpack_shortlink":"https:\/\/wp.me\/peQAOb-nFO","jetpack_featured_media_url":"https:\/\/i0.wp.com\/noticiasribeiraopreto.com.br\/wp-content\/uploads\/2026\/09\/galhos-entulho.jpg?fit=1200%2C675&ssl=1","_links":{"self":[{"href":"https:\/\/noticiasribeiraopreto.com.br\/index.php\/wp-json\/wp\/v2\/posts\/91004","targetHints":{"allow":["GET"]}}],"collection":[{"href":"https:\/\/noticiasribeiraopreto.com.br\/index.php\/wp-json\/wp\/v2\/posts"}],"about":[{"href":"https:\/\/noticiasribeiraopreto.com.br\/index.php\/wp-json\/wp\/v2\/types\/post"}],"author":[{"embeddable":true,"href":"https:\/\/noticiasribeiraopreto.com.br\/index.php\/wp-json\/wp\/v2\/users\/1"}],"replies":[{"embeddable":true,"href":"https:\/\/noticiasribeiraopreto.com.br\/index.php\/wp-json\/wp\/v2\/comments?post=91004"}],"version-history":[{"count":0,"href":"https:\/\/noticiasribeiraopreto.com.br\/index.php\/wp-json\/wp\/v2\/posts\/91004\/revisions"}],"wp:featuredmedia":[{"embeddable":true,"href":"https:\/\/noticiasribeiraopreto.com.br\/index.php\/wp-json\/wp\/v2\/media\/91005"}],"wp:attachment":[{"href":"https:\/\/noticiasribeiraopreto.com.br\/index.php\/wp-json\/wp\/v2\/media?parent=91004"}],"wp:term":[{"taxonomy":"category","embeddable":true,"href":"https:\/\/noticiasribeiraopreto.com.br\/index.php\/wp-json\/wp\/v2\/categories?post=91004"},{"taxonomy":"post_tag","embeddable":true,"href":"https:\/\/noticiasribeiraopreto.com.br\/index.php\/wp-json\/wp\/v2\/tags?post=91004"}],"curies":[{"name":"wp","href":"https:\/\/api.w.org\/{rel}","templated":true}]}}