{"id":91008,"date":"2026-09-03T00:26:09","date_gmt":"2026-09-03T03:26:09","guid":{"rendered":"https:\/\/noticiasribeiraopreto.com.br\/index.php\/2026\/09\/03\/palmeiras-segura-santos-e-vai-a-semi-da-copa-do-brasil\/"},"modified":"2026-09-03T00:26:09","modified_gmt":"2026-09-03T03:26:09","slug":"palmeiras-segura-santos-e-vai-a-semi-da-copa-do-brasil","status":"publish","type":"post","link":"https:\/\/noticiasribeiraopreto.com.br\/index.php\/2026\/09\/03\/palmeiras-segura-santos-e-vai-a-semi-da-copa-do-brasil\/","title":{"rendered":"Palmeiras segura Santos e vai \u00e0 semi da Copa do Brasil"},"content":{"rendered":"<div class='code-block code-block-1' style='margin: 8px 0 8px auto; text-align: right; display: block; clear: both;'>\n<p><a href=\"https:\/\/wa.link\/vpicfd\"><img data-recalc-dims=\"1\" class=\"wp-image-4922\" style=\"aspect-ratio: 2.0253164556962027; width: 561px; height: auto;\" src=\"https:\/\/i0.wp.com\/ismaelcolosi.com.br\/wp-content\/uploads\/2023\/11\/grupo-de-empregos-whatsapp-e-facebook-ismael-colosi-vagas.jpg?ssl=1\" alt=\"\" \/><\/a><\/p>\n<!-- \/wp:image -->\n<\/div>\n<p> <br \/>\n<\/p>\n<div>\n<p>Por Ricardo Magatti<\/p>\n<p>Neymar havia dito que ele e o Santos se divertiriam na Vila Belmiro nesta quarta-feira. A previs\u00e3o n\u00e3o se confirmou. O astro santista pouco fez, deixou o campo machucado no intervalo e viu de fora o empate sem gols que classificou o Palmeiras para as semifinais da Copa do Brasil.<\/p>\n<p>O time alviverde se tornou um dos quatro semifinalistas gra\u00e7as \u00e0 vit\u00f3ria larga, de 3 a 0, que conquistou na semana passada, no Nubank Parque, onde poderia ter goleado. Na Vila, tamb\u00e9m criou para vencer de dois ou mais. N\u00e3o ganhou porque Maur\u00edcio e Vitor Roque cansaram de perder gols.<\/p>\n<p>O Palmeiras ter\u00e1 o Vasco como oponente por uma vaga na final da Copa do Brasil, competi\u00e7\u00e3o que ganhou pela \u00faltima vez em 2020. O time persegue seu quinto t\u00edtulo. Ao Santos, restam o Brasileir\u00e3o e a Sul-Americana.<\/p>\n<p>Com 3 a 0 de vantagem, o Palmeiras decidiu dar a bola ao Santos. Fez marca\u00e7\u00e3o individual, estrat\u00e9gia arriscada, e viu o advers\u00e1rio rondar a sua \u00e1rea por muito tempo. Todos ataques santistas passavam pelo p\u00e9 de Neymar, sem a mobilidade de outrora, mas com a t\u00e9cnica preservada.<\/p>\n<p>O plano palmeirense foi bem-sucedido no primeiro tempo n\u00e3o tanto pela compet\u00eancia na marca\u00e7\u00e3o, mas muito mais pelas pr\u00f3prias limita\u00e7\u00f5es do Santos, que exercia um controle in\u00f3cuo, sem saber como penetrar na zaga advers\u00e1ria. Carlos Miguel s\u00f3 trabalhou em cobran\u00e7a de falta violenta de Neymar que o goleiro palmeirense espalmou.<\/p>\n<p>Quando os visitantes passaram a ter a bola, encontraram espa\u00e7os e armaram contra-ataques que poderiam ter definido o confronto ainda no primeiro tempo. Todos os tr\u00eas contragolpes ca\u00edram nos p\u00e9 direito do canhoto Maur\u00edcio. E ele perdeu os tr\u00eas, incluindo um sem goleiro.<\/p>\n<p>A torcida santista foi murchando e desanimou de vez quando viu Neymar acusar les\u00e3o. Ele sentiu o m\u00fasculo posterior da coxa direita e apenas fez n\u00famero em campo at\u00e9 ser substitu\u00eddo no intervalo. A nova contus\u00e3o o deixou cabisbaixo.<\/p>\n<p>A Vila Belmiro esmoreceu definitivamente no segundo tempo. Foi reflexo do que jogou o anfitri\u00e3o. Ou melhor, do que n\u00e3o jogou. Rony e Mois\u00e9s, as escolhas de Cuca, nada produziram. O time da casa nem a bola passou a ter mais.<\/p>\n<p>O Palmeiras, com Vitor Roque no ataque no lugar de Flaco L\u00f3pez e Khellven como um ponta, completando a dobra de lateral que Abel Ferreira tanto venera, teve todo o campo para trocar passes e achar o caminho para construir outra vit\u00f3ria sobre o rival.<\/p>\n<p>N\u00e3o construiu porque Vitor Roque teve p\u00e9ssima efici\u00eancia, repetindo erros de finaliza\u00e7\u00e3o inimagin\u00e1veis at\u00e9 meses atr\u00e1s, quando era considerado um dos melhores atacantes do Pa\u00eds.<\/p>\n<p>O segundo tempo foi sofr\u00edvel tecnicamente. Melhor para o Palmeiras. Ruim para o Santos, que n\u00e3o se divertiu, como Neymar havia projetado, tampouco gostaram os 15 mil santistas na Vila. Alguns deles vaiaram ap\u00f3s o apito final.<\/p>\n<p>FICHA T\u00c9CNICA<\/p>\n<p>SANTOS 0 X 0 PALMEIRAS<\/p>\n<p>SANTOS \u2013 Gabriel Braz\u00e3o; Igor Vinicius (Davizinho), Lucas Ver\u00edssimo (Mois\u00e9s), Luan Peres e Escobar; Ar\u00e3o, Oliva e Gabriel Bontempo; Barreal (Rollheiser), Neymar (Rony) e Gabigol. T\u00e9cnico: Cuca.<\/p>\n<p>PALMEIRAS \u2013 Carlos Miguel; Giay, Murilo, Barboza e Arthur; Marlon Freitas (Emiliano Mart\u00ednez), Lucas Evangelista (Larson), Andreas Pereira (Luis Pacheco), Maur\u00edcio e Felipe Anderson (Khellven); Flaco L\u00f3pez (Vitor Roque). T\u00e9cnico: Abel Ferreira.<\/p>\n<p>\u00c1RBITRO \u2013 Davi De Oliveira Lacerda (ES).<\/p>\n<p>CART\u00d5ES AMARELOS \u2013 Escobar, Felipe Anderson, Gabriel Bontempo, Giay, Abel Ferreira, Vitor Roque, Rafael Gonzaga, Luis Pacheco.<\/p>\n<p>P\u00daBLICO \u2013 15.077 torcedores.<\/p>\n<p>RENDA \u2013 R$ 563.740,00.<\/p>\n<p>LOCAL \u2013 Vila Belmiro, em Santos (SP).<\/p>\n<div style=\"background-color: #f4f4f5; border: 1px solid #d4d4d8; padding: 15px; margin: 20px 0; border-radius: 6px; font-family: sans-serif; line-height: 1.5;\">\n    <span style=\"color: #27272a;\">Inscreva-se em nosso Canal no Whatsapp e fique por dentro de tudo que acontece na regi\u00e3o. <\/span><br \/>\n    <a href=\"https:\/\/whatsapp.com\/channel\/0029VanuE2o7z4kYjo0XVS3u\" target=\"_blank\" rel=\"noopener noreferrer\" style=\"color: #16a34a; font-weight: bold; text-decoration: underline;\">Clique Aqui!<\/a>\n<\/div>\n<\/div>\n<p><br \/>\n<br \/><a href=\"https:\/\/www.tribunaribeirao.com.br\/palmeiras-segura-santos-e-vai-a-semi-da-copa-do-brasil\/\">Texto original daqui <\/a><\/p>\n<!-- CONTENT END 1 -->\n","protected":false},"excerpt":{"rendered":"<p>Por Ricardo Magatti Neymar havia dito que ele e o Santos se divertiriam na Vila Belmiro nesta quarta-feira. A previs\u00e3o n\u00e3o se confirmou. O astro&#8230;<\/p>\n","protected":false},"author":1,"featured_media":91009,"comment_status":"","ping_status":"","sticky":false,"template":"","format":"standard","meta":{"advanced_seo_description":"","jetpack_seo_html_title":"","jetpack_seo_noindex":false,"jetpack_seo_schema_type":"","_jetpack_newsletter_access":"","_jetpack_dont_email_post_to_subs":false,"_jetpack_newsletter_tier_id":0,"_jetpack_memberships_contains_paywalled_content":false,"_jetpack_feature_clip_id":0,"_jetpack_memberships_contains_paid_content":false,"footnotes":"","jetpack_publicize_message":"","jetpack_publicize_feature_enabled":true,"jetpack_social_post_already_shared":true,"jetpack_social_options":{"image_generator_settings":{"template":"highway","default_image_id":0,"font":"","enabled":false},"version":2},"jetpack_post_was_ever_published":false},"categories":[11],"tags":[137,707,459,1349,8490,8896,529],"class_list":["post-91008","post","type-post","status-publish","format-standard","has-post-thumbnail","hentry","category-noticias-de-ribeirao-preto-sp-e-regiao-ismael-colosi","tag-brasil","tag-copa","tag-palmeiras","tag-santos","tag-segura","tag-semi","tag-vai"],"jetpack_publicize_connections":[],"jetpack-related-posts":[{"id":2803,"url":"https:\/\/noticiasribeiraopreto.com.br\/index.php\/2023\/11\/16\/botafogo-vai-ficar-com-a-vaga-do-santos-na-copa-do-brasil-entenda\/","url_meta":{"origin":91008,"position":0},"title":"Botafogo vai ficar com a vaga do Santos na Copa do Brasil? Entenda","author":"noticiasribeiraopreto.com.br","date":"16 de November de 2023","format":false,"excerpt":"O Santos, um dos clubes mais tradicionais do futebol mundial, tem poucas chances de conseguir uma vaga na Copa do Brasil de 2024. J\u00e1 o Botafogo de Ribeir\u00e3o Preto torce para o Red Bull Bragantino sacramentar a vaga na Copa Libertadores de 2024, para conquistar uma das 92 vagas na\u2026","rel":"","context":"In &quot;Not\u00edcias de Ribeir\u00e3o Preto-SP e Regi\u00e3o&quot;","block_context":{"text":"Not\u00edcias de Ribeir\u00e3o Preto-SP e Regi\u00e3o","link":"https:\/\/noticiasribeiraopreto.com.br\/index.php\/category\/noticias-de-ribeirao-preto-sp-e-regiao-ismael-colosi\/"},"img":{"alt_text":"","src":"https:\/\/i0.wp.com\/noticiasribeiraopreto.com.br\/wp-content\/uploads\/2023\/11\/SANTOS.jpeg?fit=1200%2C960&ssl=1&resize=350%2C200","width":350,"height":200,"srcset":"https:\/\/i0.wp.com\/noticiasribeiraopreto.com.br\/wp-content\/uploads\/2023\/11\/SANTOS.jpeg?fit=1200%2C960&ssl=1&resize=350%2C200 1x, https:\/\/i0.wp.com\/noticiasribeiraopreto.com.br\/wp-content\/uploads\/2023\/11\/SANTOS.jpeg?fit=1200%2C960&ssl=1&resize=525%2C300 1.5x, https:\/\/i0.wp.com\/noticiasribeiraopreto.com.br\/wp-content\/uploads\/2023\/11\/SANTOS.jpeg?fit=1200%2C960&ssl=1&resize=700%2C400 2x, https:\/\/i0.wp.com\/noticiasribeiraopreto.com.br\/wp-content\/uploads\/2023\/11\/SANTOS.jpeg?fit=1200%2C960&ssl=1&resize=1050%2C600 3x"},"classes":[]},{"id":70069,"url":"https:\/\/noticiasribeiraopreto.com.br\/index.php\/2025\/05\/22\/palmeiras-se-prepara-para-decisao-na-copa-do-brasil-com-elenco-completo\/","url_meta":{"origin":91008,"position":1},"title":"Palmeiras se prepara para decis\u00e3o na Copa do Brasil com elenco completo\u00a0","author":"noticiasribeiraopreto.com.br","date":"22 de May de 2025","format":false,"excerpt":"22 de maio de 2025 13:3022 de maio de 2025 09:009 Compartilhar0 Por Otavio Gentil\u00a0 O Palmeiras realizou um treino t\u00e1tico, nesta quarta-feira (21), na Academia de Futebol, focando no duelo contra o Cear\u00e1, pela terceira fase da Copa do Brasil, marcado para quinta-feira (22), \u00e0s 19h30, no Allianz Parque.\u2026","rel":"","context":"In &quot;Not\u00edcias de Ribeir\u00e3o Preto-SP e Regi\u00e3o&quot;","block_context":{"text":"Not\u00edcias de Ribeir\u00e3o Preto-SP e Regi\u00e3o","link":"https:\/\/noticiasribeiraopreto.com.br\/index.php\/category\/noticias-de-ribeirao-preto-sp-e-regiao-ismael-colosi\/"},"img":{"alt_text":"","src":"https:\/\/i0.wp.com\/noticiasribeiraopreto.com.br\/wp-content\/uploads\/2025\/05\/3-estevao.jpg?fit=963%2C1200&ssl=1&resize=350%2C200","width":350,"height":200,"srcset":"https:\/\/i0.wp.com\/noticiasribeiraopreto.com.br\/wp-content\/uploads\/2025\/05\/3-estevao.jpg?fit=963%2C1200&ssl=1&resize=350%2C200 1x, https:\/\/i0.wp.com\/noticiasribeiraopreto.com.br\/wp-content\/uploads\/2025\/05\/3-estevao.jpg?fit=963%2C1200&ssl=1&resize=525%2C300 1.5x, https:\/\/i0.wp.com\/noticiasribeiraopreto.com.br\/wp-content\/uploads\/2025\/05\/3-estevao.jpg?fit=963%2C1200&ssl=1&resize=700%2C400 2x"},"classes":[]},{"id":48448,"url":"https:\/\/noticiasribeiraopreto.com.br\/index.php\/2024\/05\/02\/palmeiras-marca-no-ultimo-lance-e-sai-na-frente-do-botafogo-pela-copa-do-brasil\/","url_meta":{"origin":91008,"position":2},"title":"Palmeiras marca no \u00faltimo lance e sai na frente do Botafogo pela Copa do Brasil","author":"noticiasribeiraopreto.com.br","date":"2 de May de 2024","format":false,"excerpt":"O Palmeiras derrotou o Botafogo por 2 a 1 na noite desta quinta-feira (2), em partida v\u00e1lida pela terceira fase da Copa do Brasil. As equipes se enfrentaram no Allianz Parque, em S\u00e3o Paulo, no jogo de ida do confronto. No primeiro tempo, a equipe de Ribeir\u00e3o Preto desperdi\u00e7ou duas\u2026","rel":"","context":"In &quot;Not\u00edcias de Ribeir\u00e3o Preto-SP e Regi\u00e3o&quot;","block_context":{"text":"Not\u00edcias de Ribeir\u00e3o Preto-SP e Regi\u00e3o","link":"https:\/\/noticiasribeiraopreto.com.br\/index.php\/category\/noticias-de-ribeirao-preto-sp-e-regiao-ismael-colosi\/"},"img":{"alt_text":"","src":"https:\/\/i0.wp.com\/noticiasribeiraopreto.com.br\/wp-content\/uploads\/2024\/05\/palmeiras-botafogo_2024-05-03_01-55-36_jpg_2024-05-03_01-55-36.webp.webp?fit=1200%2C675&ssl=1&resize=350%2C200","width":350,"height":200,"srcset":"https:\/\/i0.wp.com\/noticiasribeiraopreto.com.br\/wp-content\/uploads\/2024\/05\/palmeiras-botafogo_2024-05-03_01-55-36_jpg_2024-05-03_01-55-36.webp.webp?fit=1200%2C675&ssl=1&resize=350%2C200 1x, https:\/\/i0.wp.com\/noticiasribeiraopreto.com.br\/wp-content\/uploads\/2024\/05\/palmeiras-botafogo_2024-05-03_01-55-36_jpg_2024-05-03_01-55-36.webp.webp?fit=1200%2C675&ssl=1&resize=525%2C300 1.5x, https:\/\/i0.wp.com\/noticiasribeiraopreto.com.br\/wp-content\/uploads\/2024\/05\/palmeiras-botafogo_2024-05-03_01-55-36_jpg_2024-05-03_01-55-36.webp.webp?fit=1200%2C675&ssl=1&resize=700%2C400 2x, https:\/\/i0.wp.com\/noticiasribeiraopreto.com.br\/wp-content\/uploads\/2024\/05\/palmeiras-botafogo_2024-05-03_01-55-36_jpg_2024-05-03_01-55-36.webp.webp?fit=1200%2C675&ssl=1&resize=1050%2C600 3x"},"classes":[]},{"id":85928,"url":"https:\/\/noticiasribeiraopreto.com.br\/index.php\/2026\/05\/27\/cbf-sorteia-duelos-das-oitavas-de-final-da-copa-do-brasil\/","url_meta":{"origin":91008,"position":3},"title":"CBF sorteia duelos das oitavas de final da Copa do Brasil","author":"noticiasribeiraopreto.com.br","date":"27 de May de 2026","format":false,"excerpt":"\r Corinthians encara Inter, Palmeiras pega Fortaleza e Santos enfrenta Remo\r \r 26 de maio de 2026 13:2126 de maio de 2026 13:23 \r Compartilhar5 A CBF definiu, nesta ter\u00e7a-feira (26), os confrontos das oitavas de final da Copa do Brasil, em sorteio realizado na sede da entidade, no Rio\u2026","rel":"","context":"In &quot;Not\u00edcias de Ribeir\u00e3o Preto-SP e Regi\u00e3o&quot;","block_context":{"text":"Not\u00edcias de Ribeir\u00e3o Preto-SP e Regi\u00e3o","link":"https:\/\/noticiasribeiraopreto.com.br\/index.php\/category\/noticias-de-ribeirao-preto-sp-e-regiao-ismael-colosi\/"},"img":{"alt_text":"","src":"https:\/\/i0.wp.com\/noticiasribeiraopreto.com.br\/wp-content\/uploads\/2026\/05\/4-Sorteio-Copa-do-Brasil-Luciana-Vermell_CBF-scaled.jpeg?fit=1170%2C780&ssl=1&resize=350%2C200","width":350,"height":200,"srcset":"https:\/\/i0.wp.com\/noticiasribeiraopreto.com.br\/wp-content\/uploads\/2026\/05\/4-Sorteio-Copa-do-Brasil-Luciana-Vermell_CBF-scaled.jpeg?fit=1170%2C780&ssl=1&resize=350%2C200 1x, https:\/\/i0.wp.com\/noticiasribeiraopreto.com.br\/wp-content\/uploads\/2026\/05\/4-Sorteio-Copa-do-Brasil-Luciana-Vermell_CBF-scaled.jpeg?fit=1170%2C780&ssl=1&resize=525%2C300 1.5x, https:\/\/i0.wp.com\/noticiasribeiraopreto.com.br\/wp-content\/uploads\/2026\/05\/4-Sorteio-Copa-do-Brasil-Luciana-Vermell_CBF-scaled.jpeg?fit=1170%2C780&ssl=1&resize=700%2C400 2x, https:\/\/i0.wp.com\/noticiasribeiraopreto.com.br\/wp-content\/uploads\/2026\/05\/4-Sorteio-Copa-do-Brasil-Luciana-Vermell_CBF-scaled.jpeg?fit=1170%2C780&ssl=1&resize=1050%2C600 3x"},"classes":[]},{"id":51192,"url":"https:\/\/noticiasribeiraopreto.com.br\/index.php\/2024\/05\/23\/botafogo-empata-com-o-palmeiras-e-esta-eliminado-da-copa-do-brasil\/","url_meta":{"origin":91008,"position":4},"title":"Botafogo empata com o Palmeiras e est\u00e1 eliminado da Copa do Brasil","author":"noticiasribeiraopreto.com.br","date":"23 de May de 2024","format":false,"excerpt":"O Botafogo empatou em 0 a 0 com o Palmeiras, na noite desta quinta-feira (23), pelo jogo de volta da Copa do Brasil, no est\u00e1dio Santa Cruz Arena Nicnet, em Ribeir\u00e3o Preto. Com o resultado, o Verd\u00e3o garantiu sua vaga nas oitavas de final pelo placar acumulado e o Tricolor\u2026","rel":"","context":"In &quot;Not\u00edcias de Ribeir\u00e3o Preto-SP e Regi\u00e3o&quot;","block_context":{"text":"Not\u00edcias de Ribeir\u00e3o Preto-SP e Regi\u00e3o","link":"https:\/\/noticiasribeiraopreto.com.br\/index.php\/category\/noticias-de-ribeirao-preto-sp-e-regiao-ismael-colosi\/"},"img":{"alt_text":"","src":"https:\/\/i0.wp.com\/noticiasribeiraopreto.com.br\/wp-content\/uploads\/2024\/05\/WhatsApp-Image-2024-05-23-at-19.54.14_2024-05-24_00-11-55_jpeg_2024-05-24_00-11-55.webp.webp?fit=1200%2C800&ssl=1&resize=350%2C200","width":350,"height":200,"srcset":"https:\/\/i0.wp.com\/noticiasribeiraopreto.com.br\/wp-content\/uploads\/2024\/05\/WhatsApp-Image-2024-05-23-at-19.54.14_2024-05-24_00-11-55_jpeg_2024-05-24_00-11-55.webp.webp?fit=1200%2C800&ssl=1&resize=350%2C200 1x, https:\/\/i0.wp.com\/noticiasribeiraopreto.com.br\/wp-content\/uploads\/2024\/05\/WhatsApp-Image-2024-05-23-at-19.54.14_2024-05-24_00-11-55_jpeg_2024-05-24_00-11-55.webp.webp?fit=1200%2C800&ssl=1&resize=525%2C300 1.5x, https:\/\/i0.wp.com\/noticiasribeiraopreto.com.br\/wp-content\/uploads\/2024\/05\/WhatsApp-Image-2024-05-23-at-19.54.14_2024-05-24_00-11-55_jpeg_2024-05-24_00-11-55.webp.webp?fit=1200%2C800&ssl=1&resize=700%2C400 2x, https:\/\/i0.wp.com\/noticiasribeiraopreto.com.br\/wp-content\/uploads\/2024\/05\/WhatsApp-Image-2024-05-23-at-19.54.14_2024-05-24_00-11-55_jpeg_2024-05-24_00-11-55.webp.webp?fit=1200%2C800&ssl=1&resize=1050%2C600 3x"},"classes":[]},{"id":90673,"url":"https:\/\/noticiasribeiraopreto.com.br\/index.php\/2026\/08\/27\/palmeiras-atropela-santos-e-se-aproxima-da-semifinal\/","url_meta":{"origin":91008,"position":5},"title":"Palmeiras atropela Santos e se aproxima da semifinal","author":"noticiasribeiraopreto.com.br","date":"27 de August de 2026","format":false,"excerpt":"Por Ricardo Magatti Flaco L\u00f3pez destravou mais um jogo que se apresentava dif\u00edcil ao Palmeiras, e comandou o atropelo do time alviverde sobre o Santos no Nubank Parque. O triunfo por 3 a 0 nesta quarta-feira, dia do anivers\u00e1rio de 112 anos do clube alviverde, deixa confort\u00e1vel a equipe comandada\u2026","rel":"","context":"In &quot;Not\u00edcias de Ribeir\u00e3o Preto-SP e Regi\u00e3o&quot;","block_context":{"text":"Not\u00edcias de Ribeir\u00e3o Preto-SP e Regi\u00e3o","link":"https:\/\/noticiasribeiraopreto.com.br\/index.php\/category\/noticias-de-ribeirao-preto-sp-e-regiao-ismael-colosi\/"},"img":{"alt_text":"","src":"https:\/\/i0.wp.com\/noticiasribeiraopreto.com.br\/wp-content\/uploads\/2026\/08\/palmeiras-santos-copa-do-brasil-e1787793534372-scaled.webp.webp?fit=1200%2C675&ssl=1&resize=350%2C200","width":350,"height":200,"srcset":"https:\/\/i0.wp.com\/noticiasribeiraopreto.com.br\/wp-content\/uploads\/2026\/08\/palmeiras-santos-copa-do-brasil-e1787793534372-scaled.webp.webp?fit=1200%2C675&ssl=1&resize=350%2C200 1x, https:\/\/i0.wp.com\/noticiasribeiraopreto.com.br\/wp-content\/uploads\/2026\/08\/palmeiras-santos-copa-do-brasil-e1787793534372-scaled.webp.webp?fit=1200%2C675&ssl=1&resize=525%2C300 1.5x, https:\/\/i0.wp.com\/noticiasribeiraopreto.com.br\/wp-content\/uploads\/2026\/08\/palmeiras-santos-copa-do-brasil-e1787793534372-scaled.webp.webp?fit=1200%2C675&ssl=1&resize=700%2C400 2x, https:\/\/i0.wp.com\/noticiasribeiraopreto.com.br\/wp-content\/uploads\/2026\/08\/palmeiras-santos-copa-do-brasil-e1787793534372-scaled.webp.webp?fit=1200%2C675&ssl=1&resize=1050%2C600 3x"},"classes":[]}],"jetpack_sharing_enabled":true,"jetpack_shortlink":"https:\/\/wp.me\/peQAOb-nFS","jetpack_featured_media_url":"https:\/\/i0.wp.com\/noticiasribeiraopreto.com.br\/wp-content\/uploads\/2026\/09\/palmeiras-scaled.jpg?fit=1200%2C676&ssl=1","_links":{"self":[{"href":"https:\/\/noticiasribeiraopreto.com.br\/index.php\/wp-json\/wp\/v2\/posts\/91008","targetHints":{"allow":["GET"]}}],"collection":[{"href":"https:\/\/noticiasribeiraopreto.com.br\/index.php\/wp-json\/wp\/v2\/posts"}],"about":[{"href":"https:\/\/noticiasribeiraopreto.com.br\/index.php\/wp-json\/wp\/v2\/types\/post"}],"author":[{"embeddable":true,"href":"https:\/\/noticiasribeiraopreto.com.br\/index.php\/wp-json\/wp\/v2\/users\/1"}],"replies":[{"embeddable":true,"href":"https:\/\/noticiasribeiraopreto.com.br\/index.php\/wp-json\/wp\/v2\/comments?post=91008"}],"version-history":[{"count":0,"href":"https:\/\/noticiasribeiraopreto.com.br\/index.php\/wp-json\/wp\/v2\/posts\/91008\/revisions"}],"wp:featuredmedia":[{"embeddable":true,"href":"https:\/\/noticiasribeiraopreto.com.br\/index.php\/wp-json\/wp\/v2\/media\/91009"}],"wp:attachment":[{"href":"https:\/\/noticiasribeiraopreto.com.br\/index.php\/wp-json\/wp\/v2\/media?parent=91008"}],"wp:term":[{"taxonomy":"category","embeddable":true,"href":"https:\/\/noticiasribeiraopreto.com.br\/index.php\/wp-json\/wp\/v2\/categories?post=91008"},{"taxonomy":"post_tag","embeddable":true,"href":"https:\/\/noticiasribeiraopreto.com.br\/index.php\/wp-json\/wp\/v2\/tags?post=91008"}],"curies":[{"name":"wp","href":"https:\/\/api.w.org\/{rel}","templated":true}]}}