{"id":91010,"date":"2026-09-03T06:11:00","date_gmt":"2026-09-03T09:11:00","guid":{"rendered":"https:\/\/noticiasribeiraopreto.com.br\/index.php\/2026\/09\/03\/decreto-barra-lei-dos-caes-de-assistencia\/"},"modified":"2026-09-03T06:11:00","modified_gmt":"2026-09-03T09:11:00","slug":"decreto-barra-lei-dos-caes-de-assistencia","status":"publish","type":"post","link":"https:\/\/noticiasribeiraopreto.com.br\/index.php\/2026\/09\/03\/decreto-barra-lei-dos-caes-de-assistencia\/","title":{"rendered":"Decreto barra lei dos \u2028c\u00e3es de assist\u00eancia"},"content":{"rendered":"<div class='code-block code-block-1' style='margin: 8px 0 8px auto; text-align: right; display: block; clear: both;'>\n<p><a href=\"https:\/\/wa.link\/vpicfd\"><img data-recalc-dims=\"1\" class=\"wp-image-4922\" style=\"aspect-ratio: 2.0253164556962027; width: 561px; height: auto;\" src=\"https:\/\/i0.wp.com\/ismaelcolosi.com.br\/wp-content\/uploads\/2023\/11\/grupo-de-empregos-whatsapp-e-facebook-ismael-colosi-vagas.jpg?ssl=1\" alt=\"\" \/><\/a><\/p>\n<!-- \/wp:image -->\n<\/div>\n<p> <br \/>\n<\/p>\n<div id=\"\">&#13;<br \/>\n\t\t\t\t\t\t\t\t&#13;<\/p>\n<p>&#13;<br \/>\n\t\t\t\t\t\t\t\t\t<span class=\"entry-meta-item penci-posted-on\"><i class=\"fa fa-clock-o\"\/><time class=\"entry-date published updated\" datetime=\"2026-09-03T06:04:48-03:00\">3 de setembro de 2026 06:04<\/time><\/span><span class=\"entry-meta-item penci-post-countview\"\/>\t\t\t\t\t\t\t\t<\/p>\n<p><!-- .entry-meta -->&#13;<br \/>\n\t\t\t\t\t\t\t\t<span class=\"penci-social-buttons penci-social-share-footer\"><span class=\"penci-social-share-text\">Compartilhar<\/span><a href=\"#\" class=\"penci-post-like penci_post-meta_item  single-like-button penci-social-item like\" data-post_id=\"475890\" title=\"Like\" data-like=\"Like\" data-unlike=\"Unlike\"><i class=\"fa fa-thumbs-o-up\"\/><span class=\"penci-share-number\">0<\/span><\/a><i class=\"fa fa-facebook\"\/><a class=\"penci-social-item twitter\" target=\"_blank\" rel=\"noopener\" title=\"\" href=\"https:\/\/twitter.com\/intent\/tweet?text=Decreto%20barra%20lei%20dos%20\u2028c\u00e3es%20de%20assist\u00eancia%20-%20https:\/\/www.tribunaribeirao.com.br\/decreto-barra-lei-dos-caes-de-assistencia\/\"><i class=\"fa fa-twitter\"\/><\/a><i class=\"fa fa-linkedin\"\/><i class=\"fa fa-whatsapp\"\/><i class=\"fa fa-telegram\"\/><i class=\"fa fa-envelope\"\/><\/span>\t\t\t\t\t\t\t<\/div>\n<div>\n<p class=\"p1\">O prefeito Ricardo Silva (PSD) publicou no Di\u00e1rio Oficial do Munic\u00edpio (DOM) de ter\u00e7a-feira, 1\u00ba de setembro, o decreto n\u00famero 181 determinando o n\u00e3o cumprimento da lei n\u00ba 15.299, de 25 de agosto de 2026, que permite o ingresso e perman\u00eancia de pessoas com c\u00e3es de assist\u00eancia em locais de uso p\u00fablico ou privado em Ribeir\u00e3o Preto.<\/p>\n<p>No decreto, a prefeitura de Ribeir\u00e3o Preto argumenta que a lei \u00e9 inconstitucional e a jurisprud\u00eancia tem reconhecido de maneira constante e uniforme ser facultado ao Executivo deixar de cumprir os dispositivos legais eivados de inconstitucionalidade.<\/p>\n<p>O decreto estabelece que a lei n\u00e3o ter\u00e1 vig\u00eancia at\u00e9 que o Judici\u00e1rio, por meio do Tribunal de Justi\u00e7a de S\u00e3o Paulo (TJSP), se pronunciar em definitivo sobre o assunto. A prefeitura vai impetrar a\u00e7\u00e3o direta de inconstitucionalidade (ADI0) na Corte Paulista.<\/p>\n<p>A proposta que permite pessoas com defici\u00eancia acompanhadas de seus c\u00e3es de assist\u00eancia em todos os locais p\u00fablicos e privados de uso coletivo, virou lei ap\u00f3s os vereadores rejeitarem o veto do prefeito ao projeto de Rangel Scandiuzzi (PSD), em 24 de agosto.<\/p>\n<p>Com a derrubada do veto, o presidente da C\u00e2mara, Daniel Gobbi (PP) promulgou a legisla\u00e7\u00e3o, seguindo a Lei Org\u00e2nica do Munic\u00edpio (LOM). A rejei\u00e7\u00e3o pelo plen\u00e1rio representa a vontade soberana do Legislativo, que det\u00e9m a compet\u00eancia constitucional definitiva para fazer as leis.<\/p>\n<p>Essa obrigatoriedade tamb\u00e9m \u00e9 prevista na Constitui\u00e7\u00e3o Federal. A lei federal n\u00ba 11.126, de 27 de junho de 2005, trata do tema \u2013 permite este acesso apenas aos c\u00e3es guias de pessoas com defici\u00eancia visual.<span class=\"Apple-converted-space\">\u00a0 <\/span><\/p>\n<p>J\u00e1 a lei municipal de Ribeir\u00e3o Preto estende este direito a c\u00e3es ouvinte \u2013 destinado ao aux\u00edlio de pessoas com defici\u00eancia auditiva \u2013,de assist\u00eancia ao autista \u2013<span class=\"Apple-converted-space\">\u00a0 <\/span>com Transtorno do Espectro Autista (TEA) \u2013,de assist\u00eancia emocional \u2013 redu\u00e7\u00e3o de sintomas de ansiedade, depress\u00e3o ou outros transtornos \u2013 e de servi\u00e7o \u2013auxilia pessoas com outras defici\u00eancias.<\/p>\n<div style=\"background-color: #f4f4f5; border: 1px solid #d4d4d8; padding: 15px; margin: 20px 0; border-radius: 6px; font-family: sans-serif; line-height: 1.5;\">\n    <span style=\"color: #27272a;\">Inscreva-se em nosso Canal no Whatsapp e fique por dentro de tudo que acontece na regi\u00e3o. <\/span><br \/>\n    <a href=\"https:\/\/whatsapp.com\/channel\/0029VanuE2o7z4kYjo0XVS3u\" target=\"_blank\" rel=\"noopener noreferrer\" style=\"color: #16a34a; font-weight: bold; text-decoration: underline;\">Clique Aqui!<\/a>\n<\/div>\n<\/div>\n<p><script async src=\"\/\/platform.twitter.com\/widgets.js\" charset=\"utf-8\"><\/script><br \/>\n<br \/><br \/>\n<br \/><a href=\"https:\/\/www.tribunaribeirao.com.br\/decreto-barra-lei-dos-caes-de-assistencia\/\">Texto original daqui <\/a><\/p>\n<!-- CONTENT END 1 -->\n","protected":false},"excerpt":{"rendered":"<p>&#13; &#13; &#13; 3 de setembro de 2026 06:04 &#13; Compartilhar0 O prefeito Ricardo Silva (PSD) publicou no Di\u00e1rio Oficial do Munic\u00edpio (DOM) de ter\u00e7a-feira,&#8230;<\/p>\n","protected":false},"author":1,"featured_media":91011,"comment_status":"","ping_status":"","sticky":false,"template":"","format":"standard","meta":{"advanced_seo_description":"","jetpack_seo_html_title":"","jetpack_seo_noindex":false,"jetpack_seo_schema_type":"","_jetpack_newsletter_access":"","_jetpack_dont_email_post_to_subs":false,"_jetpack_newsletter_tier_id":0,"_jetpack_memberships_contains_paywalled_content":false,"_jetpack_feature_clip_id":0,"_jetpack_memberships_contains_paid_content":false,"footnotes":"","jetpack_publicize_message":"","jetpack_publicize_feature_enabled":true,"jetpack_social_post_already_shared":true,"jetpack_social_options":{"image_generator_settings":{"template":"highway","default_image_id":0,"font":"","enabled":false},"version":2},"jetpack_post_was_ever_published":false},"categories":[11],"tags":[1700,3427,1248,2315,470,1126],"class_list":["post-91010","post","type-post","status-publish","format-standard","has-post-thumbnail","hentry","category-noticias-de-ribeirao-preto-sp-e-regiao-ismael-colosi","tag-assistencia","tag-barra","tag-caes","tag-decreto","tag-dos","tag-lei"],"jetpack_publicize_connections":[],"jetpack-related-posts":[{"id":52179,"url":"https:\/\/noticiasribeiraopreto.com.br\/index.php\/2024\/06\/04\/primeiro-dog-park-e-instalado-em-parque-da-zona-sul-de-ribeirao-preto\/","url_meta":{"origin":91010,"position":0},"title":"Primeiro \u201cDog Park\u201d \u00e9 instalado em parque da zona Sul de Ribeir\u00e3o Preto","author":"noticiasribeiraopreto.com.br","date":"4 de June de 2024","format":false,"excerpt":"O primeiro \u201cDog Park\u201d instalado em Ribeir\u00e3o Preto, ap\u00f3s a prefeitura publicar um decreto que regulamenta a lei de cria\u00e7\u00e3o dos espa\u00e7os em maio deste ano, come\u00e7ou a funcionar no Parque das Artes, na zona Sul da cidade. Segundo a administra\u00e7\u00e3o, a instala\u00e7\u00e3o do local onde os pets podem circular\u2026","rel":"","context":"In &quot;Not\u00edcias de Ribeir\u00e3o Preto-SP e Regi\u00e3o&quot;","block_context":{"text":"Not\u00edcias de Ribeir\u00e3o Preto-SP e Regi\u00e3o","link":"https:\/\/noticiasribeiraopreto.com.br\/index.php\/category\/noticias-de-ribeirao-preto-sp-e-regiao-ismael-colosi\/"},"img":{"alt_text":"","src":"https:\/\/i0.wp.com\/noticiasribeiraopreto.com.br\/wp-content\/uploads\/2024\/06\/Copia-de-Copia-de-TAMANHO-EXATO-PARA-FOTOS-NO-SISTEMA-NOVO-9_2024-06-04_20-58-28_jpg_2024-06-04_20-58-29.webp.webp?fit=1200%2C675&ssl=1&resize=350%2C200","width":350,"height":200,"srcset":"https:\/\/i0.wp.com\/noticiasribeiraopreto.com.br\/wp-content\/uploads\/2024\/06\/Copia-de-Copia-de-TAMANHO-EXATO-PARA-FOTOS-NO-SISTEMA-NOVO-9_2024-06-04_20-58-28_jpg_2024-06-04_20-58-29.webp.webp?fit=1200%2C675&ssl=1&resize=350%2C200 1x, https:\/\/i0.wp.com\/noticiasribeiraopreto.com.br\/wp-content\/uploads\/2024\/06\/Copia-de-Copia-de-TAMANHO-EXATO-PARA-FOTOS-NO-SISTEMA-NOVO-9_2024-06-04_20-58-28_jpg_2024-06-04_20-58-29.webp.webp?fit=1200%2C675&ssl=1&resize=525%2C300 1.5x, https:\/\/i0.wp.com\/noticiasribeiraopreto.com.br\/wp-content\/uploads\/2024\/06\/Copia-de-Copia-de-TAMANHO-EXATO-PARA-FOTOS-NO-SISTEMA-NOVO-9_2024-06-04_20-58-28_jpg_2024-06-04_20-58-29.webp.webp?fit=1200%2C675&ssl=1&resize=700%2C400 2x, https:\/\/i0.wp.com\/noticiasribeiraopreto.com.br\/wp-content\/uploads\/2024\/06\/Copia-de-Copia-de-TAMANHO-EXATO-PARA-FOTOS-NO-SISTEMA-NOVO-9_2024-06-04_20-58-28_jpg_2024-06-04_20-58-29.webp.webp?fit=1200%2C675&ssl=1&resize=1050%2C600 3x"},"classes":[]},{"id":90615,"url":"https:\/\/noticiasribeiraopreto.com.br\/index.php\/2026\/08\/26\/lei-permite-caes-em-locais-coletivos\/","url_meta":{"origin":91010,"position":1},"title":"Lei permite c\u00e3es \u2028em locais coletivos","author":"noticiasribeiraopreto.com.br","date":"26 de August de 2026","format":false,"excerpt":"\r \r \r 26 de agosto de 2026 06:5925 de agosto de 2026 23:12 \r Compartilhar0 Legisla\u00e7\u00e3o ser\u00e1 promulgada pela C\u00e2mara, ap\u00f3s os vereadores derrubarem veto do prefeito Ricardo Silva a proposta A C\u00e2mara de Vereadores derrubou, por unanimidade, o veto do prefeito Ricardo Silva (PSD) ao projeto de lei\u2026","rel":"","context":"In &quot;Not\u00edcias de Ribeir\u00e3o Preto-SP e Regi\u00e3o&quot;","block_context":{"text":"Not\u00edcias de Ribeir\u00e3o Preto-SP e Regi\u00e3o","link":"https:\/\/noticiasribeiraopreto.com.br\/index.php\/category\/noticias-de-ribeirao-preto-sp-e-regiao-ismael-colosi\/"},"img":{"alt_text":"","src":"https:\/\/i0.wp.com\/noticiasribeiraopreto.com.br\/wp-content\/uploads\/2026\/08\/CaoLEI-Prefeitura-de-Curitiba-scaled.jpg?fit=1170%2C780&ssl=1&resize=350%2C200","width":350,"height":200,"srcset":"https:\/\/i0.wp.com\/noticiasribeiraopreto.com.br\/wp-content\/uploads\/2026\/08\/CaoLEI-Prefeitura-de-Curitiba-scaled.jpg?fit=1170%2C780&ssl=1&resize=350%2C200 1x, https:\/\/i0.wp.com\/noticiasribeiraopreto.com.br\/wp-content\/uploads\/2026\/08\/CaoLEI-Prefeitura-de-Curitiba-scaled.jpg?fit=1170%2C780&ssl=1&resize=525%2C300 1.5x, https:\/\/i0.wp.com\/noticiasribeiraopreto.com.br\/wp-content\/uploads\/2026\/08\/CaoLEI-Prefeitura-de-Curitiba-scaled.jpg?fit=1170%2C780&ssl=1&resize=700%2C400 2x, https:\/\/i0.wp.com\/noticiasribeiraopreto.com.br\/wp-content\/uploads\/2026\/08\/CaoLEI-Prefeitura-de-Curitiba-scaled.jpg?fit=1170%2C780&ssl=1&resize=1050%2C600 3x"},"classes":[]},{"id":50625,"url":"https:\/\/noticiasribeiraopreto.com.br\/index.php\/2024\/05\/17\/pracas-e-parques-de-ribeirao-preto-podem-ganhar-dog-park-entenda\/","url_meta":{"origin":91010,"position":2},"title":"Pra\u00e7as e parques de Ribeir\u00e3o Preto podem ganhar \u2018Dog Park\u2019; Entenda","author":"noticiasribeiraopreto.com.br","date":"17 de May de 2024","format":false,"excerpt":"O prefeito Duarte Nogueira (PSDB) publicou decreto na \u00faltima quinta-feira (16) que regulamenta lei que cria o programa \u201cDog Park\u201d em pra\u00e7as e parques de Ribeir\u00e3o Preto. A lei foi aprovada pela C\u00e2mara Municipal e sancionada pelo Executivo em 2011. De acordo com o decreto 105\/2024, que regulamenta a lei\u2026","rel":"","context":"In &quot;Not\u00edcias de Ribeir\u00e3o Preto-SP e Regi\u00e3o&quot;","block_context":{"text":"Not\u00edcias de Ribeir\u00e3o Preto-SP e Regi\u00e3o","link":"https:\/\/noticiasribeiraopreto.com.br\/index.php\/category\/noticias-de-ribeirao-preto-sp-e-regiao-ismael-colosi\/"},"img":{"alt_text":"","src":"https:\/\/i0.wp.com\/noticiasribeiraopreto.com.br\/wp-content\/uploads\/2024\/05\/AnyConv.com__cao-parque_2024-05-17_14-01-46.webp.webp?fit=1195%2C856&ssl=1&resize=350%2C200","width":350,"height":200,"srcset":"https:\/\/i0.wp.com\/noticiasribeiraopreto.com.br\/wp-content\/uploads\/2024\/05\/AnyConv.com__cao-parque_2024-05-17_14-01-46.webp.webp?fit=1195%2C856&ssl=1&resize=350%2C200 1x, https:\/\/i0.wp.com\/noticiasribeiraopreto.com.br\/wp-content\/uploads\/2024\/05\/AnyConv.com__cao-parque_2024-05-17_14-01-46.webp.webp?fit=1195%2C856&ssl=1&resize=525%2C300 1.5x, https:\/\/i0.wp.com\/noticiasribeiraopreto.com.br\/wp-content\/uploads\/2024\/05\/AnyConv.com__cao-parque_2024-05-17_14-01-46.webp.webp?fit=1195%2C856&ssl=1&resize=700%2C400 2x, https:\/\/i0.wp.com\/noticiasribeiraopreto.com.br\/wp-content\/uploads\/2024\/05\/AnyConv.com__cao-parque_2024-05-17_14-01-46.webp.webp?fit=1195%2C856&ssl=1&resize=1050%2C600 3x"},"classes":[]},{"id":88626,"url":"https:\/\/noticiasribeiraopreto.com.br\/index.php\/2026\/07\/22\/decreto-barra-publicidade-de-bets\/","url_meta":{"origin":91010,"position":3},"title":"Decreto barra publicidade de bets","author":"noticiasribeiraopreto.com.br","date":"22 de July de 2026","format":false,"excerpt":"\r \r \r 22 de julho de 2026 20:55 \r Compartilhar0 A prefeitura de Ribeir\u00e3o Preto publicou nesta quarta-feira, 22 de julho, no Di\u00e1rio Oficial do Munic\u00edpio (DOM), o decreto n\u00ba 140\/2026 que pro\u00edbe, em todo o territ\u00f3rio municipal, a veicula\u00e7\u00e3o de publicidade exterior de plataformas de apostas de quota\u2026","rel":"","context":"In &quot;Not\u00edcias de Ribeir\u00e3o Preto-SP e Regi\u00e3o&quot;","block_context":{"text":"Not\u00edcias de Ribeir\u00e3o Preto-SP e Regi\u00e3o","link":"https:\/\/noticiasribeiraopreto.com.br\/index.php\/category\/noticias-de-ribeirao-preto-sp-e-regiao-ismael-colosi\/"},"img":{"alt_text":"","src":"https:\/\/i0.wp.com\/noticiasribeiraopreto.com.br\/wp-content\/uploads\/2026\/07\/Apostas-Bruno-Peres-Ag.Br_-1024x613-1.jpg?fit=1024%2C613&ssl=1&resize=350%2C200","width":350,"height":200,"srcset":"https:\/\/i0.wp.com\/noticiasribeiraopreto.com.br\/wp-content\/uploads\/2026\/07\/Apostas-Bruno-Peres-Ag.Br_-1024x613-1.jpg?fit=1024%2C613&ssl=1&resize=350%2C200 1x, https:\/\/i0.wp.com\/noticiasribeiraopreto.com.br\/wp-content\/uploads\/2026\/07\/Apostas-Bruno-Peres-Ag.Br_-1024x613-1.jpg?fit=1024%2C613&ssl=1&resize=525%2C300 1.5x, https:\/\/i0.wp.com\/noticiasribeiraopreto.com.br\/wp-content\/uploads\/2026\/07\/Apostas-Bruno-Peres-Ag.Br_-1024x613-1.jpg?fit=1024%2C613&ssl=1&resize=700%2C400 2x"},"classes":[]},{"id":88147,"url":"https:\/\/noticiasribeiraopreto.com.br\/index.php\/2026\/07\/15\/ribeirao-preto-regulamenta-sepultamento-de-animais-com-tutores-entenda-as-regras\/","url_meta":{"origin":91010,"position":4},"title":"Ribeir\u00e3o Preto regulamenta sepultamento de animais com tutores; Entenda as regras","author":"noticiasribeiraopreto.com.br","date":"15 de July de 2026","format":false,"excerpt":"O prefeito de Ribeir\u00e3o Preto, Ricardo Silva (PSD), regulamentou a lei que autoriza o sepultamento de animais dom\u00e9sticos junto com tutores em jazigos e carneiras dos cemit\u00e9rios p\u00fablicos municipais. O decreto foi publicado no Di\u00e1rio Oficial desta ter\u00e7a-feira (14) e estabelece os procedimentos sanit\u00e1rios e administrativos para a realiza\u00e7\u00e3o da\u2026","rel":"","context":"In &quot;Not\u00edcias de Ribeir\u00e3o Preto-SP e Regi\u00e3o&quot;","block_context":{"text":"Not\u00edcias de Ribeir\u00e3o Preto-SP e Regi\u00e3o","link":"https:\/\/noticiasribeiraopreto.com.br\/index.php\/category\/noticias-de-ribeirao-preto-sp-e-regiao-ismael-colosi\/"},"img":{"alt_text":"","src":"https:\/\/i0.wp.com\/noticiasribeiraopreto.com.br\/wp-content\/uploads\/2026\/07\/pets-2.jpg?fit=1200%2C675&ssl=1&resize=350%2C200","width":350,"height":200,"srcset":"https:\/\/i0.wp.com\/noticiasribeiraopreto.com.br\/wp-content\/uploads\/2026\/07\/pets-2.jpg?fit=1200%2C675&ssl=1&resize=350%2C200 1x, https:\/\/i0.wp.com\/noticiasribeiraopreto.com.br\/wp-content\/uploads\/2026\/07\/pets-2.jpg?fit=1200%2C675&ssl=1&resize=525%2C300 1.5x, https:\/\/i0.wp.com\/noticiasribeiraopreto.com.br\/wp-content\/uploads\/2026\/07\/pets-2.jpg?fit=1200%2C675&ssl=1&resize=700%2C400 2x, https:\/\/i0.wp.com\/noticiasribeiraopreto.com.br\/wp-content\/uploads\/2026\/07\/pets-2.jpg?fit=1200%2C675&ssl=1&resize=1050%2C600 3x"},"classes":[]},{"id":84727,"url":"https:\/\/noticiasribeiraopreto.com.br\/index.php\/2026\/04\/15\/decreto-barra-linha-rosa-em-ribeirao\/","url_meta":{"origin":91010,"position":5},"title":"Decreto barra \u2018Linha Rosa\u2019 em Ribeir\u00e3o","author":"noticiasribeiraopreto.com.br","date":"15 de April de 2026","format":false,"excerpt":"Vereadores derrubaram veto do Executivo e presidente da C\u00e2mara promulgou lei que cria a \u201cLinha Rosa\u201d na cidade, mas decreto do prefeito veta cumprimento da legisla\u00e7\u00e3o O prefeito Ricardo Silva (PSD) publicou, no Di\u00e1rio Oficial do Munic\u00edpio (DOM) desta quarta-feira, 14 de abril, o decreto n\u00famero 68\/2026 determinando o n\u00e3o\u2026","rel":"","context":"In &quot;Not\u00edcias de Ribeir\u00e3o Preto-SP e Regi\u00e3o&quot;","block_context":{"text":"Not\u00edcias de Ribeir\u00e3o Preto-SP e Regi\u00e3o","link":"https:\/\/noticiasribeiraopreto.com.br\/index.php\/category\/noticias-de-ribeirao-preto-sp-e-regiao-ismael-colosi\/"},"img":{"alt_text":"","src":"https:\/\/i0.wp.com\/noticiasribeiraopreto.com.br\/wp-content\/uploads\/2026\/04\/Busao-Detalhe-Imagem-ilustrativa.jpg?fit=780%2C780&ssl=1&resize=350%2C200","width":350,"height":200,"srcset":"https:\/\/i0.wp.com\/noticiasribeiraopreto.com.br\/wp-content\/uploads\/2026\/04\/Busao-Detalhe-Imagem-ilustrativa.jpg?fit=780%2C780&ssl=1&resize=350%2C200 1x, https:\/\/i0.wp.com\/noticiasribeiraopreto.com.br\/wp-content\/uploads\/2026\/04\/Busao-Detalhe-Imagem-ilustrativa.jpg?fit=780%2C780&ssl=1&resize=525%2C300 1.5x, https:\/\/i0.wp.com\/noticiasribeiraopreto.com.br\/wp-content\/uploads\/2026\/04\/Busao-Detalhe-Imagem-ilustrativa.jpg?fit=780%2C780&ssl=1&resize=700%2C400 2x"},"classes":[]}],"jetpack_sharing_enabled":true,"jetpack_shortlink":"https:\/\/wp.me\/peQAOb-nFU","jetpack_featured_media_url":"https:\/\/i0.wp.com\/noticiasribeiraopreto.com.br\/wp-content\/uploads\/2026\/09\/Fernanda-e-Isa-scaled.jpeg?fit=585%2C780&ssl=1","_links":{"self":[{"href":"https:\/\/noticiasribeiraopreto.com.br\/index.php\/wp-json\/wp\/v2\/posts\/91010","targetHints":{"allow":["GET"]}}],"collection":[{"href":"https:\/\/noticiasribeiraopreto.com.br\/index.php\/wp-json\/wp\/v2\/posts"}],"about":[{"href":"https:\/\/noticiasribeiraopreto.com.br\/index.php\/wp-json\/wp\/v2\/types\/post"}],"author":[{"embeddable":true,"href":"https:\/\/noticiasribeiraopreto.com.br\/index.php\/wp-json\/wp\/v2\/users\/1"}],"replies":[{"embeddable":true,"href":"https:\/\/noticiasribeiraopreto.com.br\/index.php\/wp-json\/wp\/v2\/comments?post=91010"}],"version-history":[{"count":0,"href":"https:\/\/noticiasribeiraopreto.com.br\/index.php\/wp-json\/wp\/v2\/posts\/91010\/revisions"}],"wp:featuredmedia":[{"embeddable":true,"href":"https:\/\/noticiasribeiraopreto.com.br\/index.php\/wp-json\/wp\/v2\/media\/91011"}],"wp:attachment":[{"href":"https:\/\/noticiasribeiraopreto.com.br\/index.php\/wp-json\/wp\/v2\/media?parent=91010"}],"wp:term":[{"taxonomy":"category","embeddable":true,"href":"https:\/\/noticiasribeiraopreto.com.br\/index.php\/wp-json\/wp\/v2\/categories?post=91010"},{"taxonomy":"post_tag","embeddable":true,"href":"https:\/\/noticiasribeiraopreto.com.br\/index.php\/wp-json\/wp\/v2\/tags?post=91010"}],"curies":[{"name":"wp","href":"https:\/\/api.w.org\/{rel}","templated":true}]}}