{"id":91012,"date":"2026-09-03T06:15:57","date_gmt":"2026-09-03T09:15:57","guid":{"rendered":"https:\/\/noticiasribeiraopreto.com.br\/index.php\/2026\/09\/03\/regiao-recebe-27-novos-delegados\/"},"modified":"2026-09-03T06:15:57","modified_gmt":"2026-09-03T09:15:57","slug":"regiao-recebe-27-novos-delegados","status":"publish","type":"post","link":"https:\/\/noticiasribeiraopreto.com.br\/index.php\/2026\/09\/03\/regiao-recebe-27-novos-delegados\/","title":{"rendered":"Regi\u00e3o recebe 27 novos delegados"},"content":{"rendered":"<div class='code-block code-block-1' style='margin: 8px 0 8px auto; text-align: right; display: block; clear: both;'>\n<p><a href=\"https:\/\/wa.link\/vpicfd\"><img data-recalc-dims=\"1\" class=\"wp-image-4922\" style=\"aspect-ratio: 2.0253164556962027; width: 561px; height: auto;\" src=\"https:\/\/i0.wp.com\/ismaelcolosi.com.br\/wp-content\/uploads\/2023\/11\/grupo-de-empregos-whatsapp-e-facebook-ismael-colosi-vagas.jpg?ssl=1\" alt=\"\" \/><\/a><\/p>\n<!-- \/wp:image -->\n<\/div>\n<p> <br \/>\n<\/p>\n<div>\n<p class=\"p1\"><em>Deste total, tr\u00eas ficar\u00e3o em Ribeir\u00e3o Preto e 24 ser\u00e3o distribu\u00eddos pelas demais sete seccionais que integram a \u00e1rea de abrang\u00eancia do Deinter-3<\/em><\/p>\n<p><span class=\"s1\">Adalberto Luque <\/span><\/p>\n<p>A Pol\u00edcia Civil de Ribeir\u00e3o Preto recebeu na ter\u00e7a-feira, 1\u00ba de setembro, 27 novos delegados que ser\u00e3o distribu\u00eddos nas oito Delegacias Seccionais que integram o Departamento de Pol\u00edcia Judici\u00e1ria do Interior-3 (Deinter-3). Foram destinados pela Secretaria da Seguran\u00e7a P\u00fablica do Estado de S\u00e3o Paulo (SSp-SP) para a regi\u00e3o.<\/p>\n<p>Tr\u00eas deles vir\u00e3o para Ribeir\u00e3o Preto. Os 27 novos delegados representam 5,91% dos 457 formados em evento realizado no dia 28 de agosto, na capital. Segundo a SSP-SP, desde 2023 j\u00e1 foram destinados 335 policiais civis para a regi\u00e3o, dos quais 47 s\u00e3o delegados.<\/p>\n<p>\u201cA SSP-SP informa que desde 2023 tem avan\u00e7ado na recomposi\u00e7\u00e3o dos efetivos, na valoriza\u00e7\u00e3o dos profissionais e na moderniza\u00e7\u00e3o das pol\u00edcias\u201d, diz a nota. Os 27 novos delegados foram recebidos na Academia de Pol\u00edcia de Ribeir\u00e3o Preto, anexa ao pr\u00e9dio da Delegacia Seccional, na rua S\u00e3o Sebasti\u00e3o, no Centro.<\/p>\n<p>O diretor do Deinter-3, Jorge Amaro Cury Neto, e o seccional, Sebasti\u00e3o Vicente Picinato, ao lado de outros delegados, recepcionaram os novos nomeados para a regi\u00e3o. Al\u00e9m dos tr\u00eas que v\u00e3o trabalhar em Ribeir\u00e3o Preto, os outros 24 ser\u00e3o distribu\u00eddos pelas demais sete seccionais que integram a \u00e1rea de abrang\u00eancia do departamento.<\/p>\n<p>Os tr\u00eas delegados designados para Ribeir\u00e3o Preto v\u00e3o trabalhar no Plant\u00e3o Policial e nas delegacias de S\u00e3o Sim\u00e3o e Serra Azul.<span class=\"Apple-converted-space\">\u00a0 <\/span>A \u00e1rea de abrang\u00eancia da Delegacia Seccional envolve mais 14 cidades: Altin\u00f3polis, Brodowski, Cajuru, C\u00e1ssia dos Coqueiros, Cravinhos, Guatapar\u00e1, Jardin\u00f3polis, Luiz Ant\u00f4nio, Santa Cruz da Esperan\u00e7a, Santa Rosa de Viterbo, Santo Ant\u00f4nio da Alegria, S\u00e3o Sim\u00e3o, Serra Azul e Serrana.<\/p>\n<p>Do total de 457 delegados, 118 ser\u00e3o destinados \u00e0s Delegacias de Defesa da Mulher (DDMs), o equivalente a 26% dos profissionais que concluem agora o curso de forma\u00e7\u00e3o. A distribui\u00e7\u00e3o dos novos delegados ocorre em um cen\u00e1rio de renova\u00e7\u00e3o do efetivo da Pol\u00edcia Civil e prev\u00ea profissionais para unidades da capital, da regi\u00e3o metropolitana e do interior do estado.<\/p>\n<p>S\u00e3o Paulo receber\u00e1 a maior parte da turma, com 151 delegados. Outros 81 ser\u00e3o destinados a unidades da regi\u00e3o metropolitana. Os demais ser\u00e3o distribu\u00eddos entre as delegacias do interior. A destina\u00e7\u00e3o de 118 dos novos delegados \u00e0s DDMs \u00e9 um dos principais dados da forma\u00e7\u00e3o.<\/p>\n<p>As unidades s\u00e3o respons\u00e1veis pelo atendimento e pela investiga\u00e7\u00e3o de ocorr\u00eancias de viol\u00eancia contra a mulher, incluindo casos de viol\u00eancia dom\u00e9stica e familiar. Na pr\u00e1tica, a chegada dos novos profissionais representa uma amplia\u00e7\u00e3o do quadro dispon\u00edvel para essas delegacias, que concentram parte importante do atendimento especializado \u00e0s v\u00edtimas e da apura\u00e7\u00e3o dos crimes.<\/p>\n<p>O n\u00famero tamb\u00e9m chama aten\u00e7\u00e3o pelo peso dentro da pr\u00f3pria turma: mais de um em cada quatro delegados formados ser\u00e1 encaminhado para uma DDM. Os 457 profissionais passaram por mais de sete meses de forma\u00e7\u00e3o na Academia de Pol\u00edcia (Acadepol) Coriolano Cobra, ap\u00f3s aprova\u00e7\u00e3o em concurso p\u00fablico.<\/p>\n<p>O curso incluiu disciplinas como Direito Constitucional, gest\u00e3o p\u00fablica, sociologia do crime e da viol\u00eancia, pol\u00edticas p\u00fablicas de seguran\u00e7a e cidadania. Os alunos tamb\u00e9m tiveram treinamento pr\u00e1tico em defesa pessoal, armamento e tiro e primeiros socorros. Durante o per\u00edodo de forma\u00e7\u00e3o, os delegados conclu\u00edram ainda uma p\u00f3s-gradua\u00e7\u00e3o em Direitos Humanos em Seguran\u00e7a P\u00fablica no Brasil.<\/p>\n<p>Dos 457 formandos, 259 s\u00e3o homens (56,67%) e 198 s\u00e3o mulheres (43,33%). A nova turma passa a integrar o efetivo da Pol\u00edcia Civil e ser\u00e1 distribu\u00edda pelas diferentes regi\u00f5es do estado, incluindo as unidades especializadas no atendimento e investiga\u00e7\u00e3o de crimes contra a mulher.<\/p>\n<div style=\"background-color: #f4f4f5; border: 1px solid #d4d4d8; padding: 15px; margin: 20px 0; border-radius: 6px; font-family: sans-serif; line-height: 1.5;\">\n    <span style=\"color: #27272a;\">Inscreva-se em nosso Canal no Whatsapp e fique por dentro de tudo que acontece na regi\u00e3o. <\/span><br \/>\n    <a href=\"https:\/\/whatsapp.com\/channel\/0029VanuE2o7z4kYjo0XVS3u\" target=\"_blank\" rel=\"noopener noreferrer\" style=\"color: #16a34a; font-weight: bold; text-decoration: underline;\">Clique Aqui!<\/a>\n<\/div>\n<\/div>\n<p><br \/>\n<br \/><a href=\"https:\/\/www.tribunaribeirao.com.br\/regiao-recebe-27-novos-delegados\/\">Texto original daqui <\/a><\/p>\n<!-- CONTENT END 1 -->\n","protected":false},"excerpt":{"rendered":"<p>Deste total, tr\u00eas ficar\u00e3o em Ribeir\u00e3o Preto e 24 ser\u00e3o distribu\u00eddos pelas demais sete seccionais que integram a \u00e1rea de abrang\u00eancia do Deinter-3 Adalberto Luque&#8230;<\/p>\n","protected":false},"author":1,"featured_media":91013,"comment_status":"","ping_status":"","sticky":false,"template":"","format":"standard","meta":{"advanced_seo_description":"","jetpack_seo_html_title":"","jetpack_seo_noindex":false,"jetpack_seo_schema_type":"","_jetpack_newsletter_access":"","_jetpack_dont_email_post_to_subs":false,"_jetpack_newsletter_tier_id":0,"_jetpack_memberships_contains_paywalled_content":false,"_jetpack_feature_clip_id":0,"_jetpack_memberships_contains_paid_content":false,"footnotes":"","jetpack_publicize_message":"","jetpack_publicize_feature_enabled":true,"jetpack_social_post_already_shared":true,"jetpack_social_options":{"image_generator_settings":{"template":"highway","default_image_id":0,"font":"","enabled":false},"version":2},"jetpack_post_was_ever_published":false},"categories":[11],"tags":[8897,520,407,277],"class_list":["post-91012","post","type-post","status-publish","format-standard","has-post-thumbnail","hentry","category-noticias-de-ribeirao-preto-sp-e-regiao-ismael-colosi","tag-delegados","tag-novos","tag-recebe","tag-regiao"],"jetpack_publicize_connections":[],"jetpack-related-posts":[{"id":60489,"url":"https:\/\/noticiasribeiraopreto.com.br\/index.php\/2024\/11\/15\/novos-delegados-serao-enviados-para-regiao-de-ribeirao-preto-veja-os-locais\/","url_meta":{"origin":91012,"position":0},"title":"Novos delegados ser\u00e3o enviados para regi\u00e3o de Ribeir\u00e3o Preto; Veja os locais","author":"noticiasribeiraopreto.com.br","date":"15 de November de 2024","format":false,"excerpt":"A SSP-SP (Secretaria de Seguran\u00e7a P\u00fablica de S\u00e3o Paulo) informou que dos 304 delegados que se formaram na \u00faltima semana na Academia de Pol\u00edcia, 20 ser\u00e3o enviados para regi\u00e3o de Ribeir\u00e3o Preto. Segundo a pasta, os novos profissionais refor\u00e7aram o efetivo da Pol\u00edcia Civil e v\u00e3o aprimorar o atendimento \u00e0\u2026","rel":"","context":"In &quot;Not\u00edcias de Ribeir\u00e3o Preto-SP e Regi\u00e3o&quot;","block_context":{"text":"Not\u00edcias de Ribeir\u00e3o Preto-SP e Regi\u00e3o","link":"https:\/\/noticiasribeiraopreto.com.br\/index.php\/category\/noticias-de-ribeirao-preto-sp-e-regiao-ismael-colosi\/"},"img":{"alt_text":"","src":"https:\/\/i0.wp.com\/noticiasribeiraopreto.com.br\/wp-content\/uploads\/2024\/11\/delegado_2024-11-15_12-24-07_jpg_2024-11-15_12-24-07.webp.webp?fit=1200%2C800&ssl=1&resize=350%2C200","width":350,"height":200,"srcset":"https:\/\/i0.wp.com\/noticiasribeiraopreto.com.br\/wp-content\/uploads\/2024\/11\/delegado_2024-11-15_12-24-07_jpg_2024-11-15_12-24-07.webp.webp?fit=1200%2C800&ssl=1&resize=350%2C200 1x, https:\/\/i0.wp.com\/noticiasribeiraopreto.com.br\/wp-content\/uploads\/2024\/11\/delegado_2024-11-15_12-24-07_jpg_2024-11-15_12-24-07.webp.webp?fit=1200%2C800&ssl=1&resize=525%2C300 1.5x, https:\/\/i0.wp.com\/noticiasribeiraopreto.com.br\/wp-content\/uploads\/2024\/11\/delegado_2024-11-15_12-24-07_jpg_2024-11-15_12-24-07.webp.webp?fit=1200%2C800&ssl=1&resize=700%2C400 2x, https:\/\/i0.wp.com\/noticiasribeiraopreto.com.br\/wp-content\/uploads\/2024\/11\/delegado_2024-11-15_12-24-07_jpg_2024-11-15_12-24-07.webp.webp?fit=1200%2C800&ssl=1&resize=1050%2C600 3x"},"classes":[]},{"id":75069,"url":"https:\/\/noticiasribeiraopreto.com.br\/index.php\/2025\/08\/02\/regiao-de-ribeirao-preto-lidera-prisoes-de-foragidos-no-1o-semestre-diz-ssp\/","url_meta":{"origin":91012,"position":1},"title":"Regi\u00e3o de Ribeir\u00e3o Preto lidera pris\u00f5es de foragidos no 1\u00ba semestre, diz SSP","author":"noticiasribeiraopreto.com.br","date":"2 de August de 2025","format":false,"excerpt":"A regi\u00e3o de Ribeir\u00e3o Preto registrou o maior n\u00famero de pris\u00f5es de foragidos no estado de S\u00e3o Paulo durante o primeiro semestre de 2025. Dados da Secretaria de Seguran\u00e7a P\u00fablica (SSP) mostram que as pol\u00edcias Civil e Militar capturaram 5,6 mil pessoas com mandados de pris\u00e3o expedidos pela Justi\u00e7a. Entre\u2026","rel":"","context":"In &quot;Not\u00edcias de Ribeir\u00e3o Preto-SP e Regi\u00e3o&quot;","block_context":{"text":"Not\u00edcias de Ribeir\u00e3o Preto-SP e Regi\u00e3o","link":"https:\/\/noticiasribeiraopreto.com.br\/index.php\/category\/noticias-de-ribeirao-preto-sp-e-regiao-ismael-colosi\/"},"img":{"alt_text":"","src":"https:\/\/i0.wp.com\/noticiasribeiraopreto.com.br\/wp-content\/uploads\/2025\/08\/LATROCINIO_2024-09-13_13-49-39_jpg_2024-09-13_13-49-39.webp.webp?fit=1200%2C790&ssl=1&resize=350%2C200","width":350,"height":200,"srcset":"https:\/\/i0.wp.com\/noticiasribeiraopreto.com.br\/wp-content\/uploads\/2025\/08\/LATROCINIO_2024-09-13_13-49-39_jpg_2024-09-13_13-49-39.webp.webp?fit=1200%2C790&ssl=1&resize=350%2C200 1x, https:\/\/i0.wp.com\/noticiasribeiraopreto.com.br\/wp-content\/uploads\/2025\/08\/LATROCINIO_2024-09-13_13-49-39_jpg_2024-09-13_13-49-39.webp.webp?fit=1200%2C790&ssl=1&resize=525%2C300 1.5x, https:\/\/i0.wp.com\/noticiasribeiraopreto.com.br\/wp-content\/uploads\/2025\/08\/LATROCINIO_2024-09-13_13-49-39_jpg_2024-09-13_13-49-39.webp.webp?fit=1200%2C790&ssl=1&resize=700%2C400 2x, https:\/\/i0.wp.com\/noticiasribeiraopreto.com.br\/wp-content\/uploads\/2025\/08\/LATROCINIO_2024-09-13_13-49-39_jpg_2024-09-13_13-49-39.webp.webp?fit=1200%2C790&ssl=1&resize=1050%2C600 3x"},"classes":[]},{"id":85455,"url":"https:\/\/noticiasribeiraopreto.com.br\/index.php\/2026\/05\/05\/forca-tarefa-mira-crimes-graves-como-estupro-e-feminicidio\/","url_meta":{"origin":91012,"position":2},"title":"For\u00e7a-tarefa mira crimes graves, como estupro e feminic\u00eddio","author":"noticiasribeiraopreto.com.br","date":"5 de May de 2026","format":false,"excerpt":"| Por: Alfredo Risk e Adalberto Luque | Uma for\u00e7a-tarefa envolvendo Pol\u00edcia Militar, Pol\u00edcia Civil e Guarda Civil Metropolitana (GCM) de Ribeir\u00e3o Preto foi realizada a partir do final da madrugada desta ter\u00e7a-feira (5). A \u201cOpera\u00e7\u00e3o Caminhos Seguros\u201d foi deflagrada para cumprimento de diversos mandados de pris\u00e3o relativos a crimes\u2026","rel":"","context":"In &quot;Not\u00edcias de Ribeir\u00e3o Preto-SP e Regi\u00e3o&quot;","block_context":{"text":"Not\u00edcias de Ribeir\u00e3o Preto-SP e Regi\u00e3o","link":"https:\/\/noticiasribeiraopreto.com.br\/index.php\/category\/noticias-de-ribeirao-preto-sp-e-regiao-ismael-colosi\/"},"img":{"alt_text":"","src":"https:\/\/i0.wp.com\/noticiasribeiraopreto.com.br\/wp-content\/uploads\/2026\/05\/05-mai-2026-operacaoribeirao1-scaled.jpg?fit=1200%2C675&ssl=1&resize=350%2C200","width":350,"height":200,"srcset":"https:\/\/i0.wp.com\/noticiasribeiraopreto.com.br\/wp-content\/uploads\/2026\/05\/05-mai-2026-operacaoribeirao1-scaled.jpg?fit=1200%2C675&ssl=1&resize=350%2C200 1x, https:\/\/i0.wp.com\/noticiasribeiraopreto.com.br\/wp-content\/uploads\/2026\/05\/05-mai-2026-operacaoribeirao1-scaled.jpg?fit=1200%2C675&ssl=1&resize=525%2C300 1.5x, https:\/\/i0.wp.com\/noticiasribeiraopreto.com.br\/wp-content\/uploads\/2026\/05\/05-mai-2026-operacaoribeirao1-scaled.jpg?fit=1200%2C675&ssl=1&resize=700%2C400 2x, https:\/\/i0.wp.com\/noticiasribeiraopreto.com.br\/wp-content\/uploads\/2026\/05\/05-mai-2026-operacaoribeirao1-scaled.jpg?fit=1200%2C675&ssl=1&resize=1050%2C600 3x"},"classes":[]},{"id":69702,"url":"https:\/\/noticiasribeiraopreto.com.br\/index.php\/2025\/05\/08\/jornal-da-franca-trabalho-eficiente-delegado-jorge-cury-recebe-titulo-de-cidadao-francano-na-camara\/","url_meta":{"origin":91012,"position":3},"title":"Jornal da Franca &#8211; Trabalho eficiente: delegado Jorge Cury recebe t\u00edtulo de cidad\u00e3o francano na C\u00e2mara","author":"noticiasribeiraopreto.com.br","date":"8 de May de 2025","format":false,"excerpt":"compartilhar no whatsapp compartilhar no telegram compartilhar no facebook compartilhar no linkedin Em noite dedicada \u00e0 Seguran\u00e7a P\u00fablica, Legislativo tamb\u00e9m homenageia 15 policiais civis e inaugura Delegacia Eletr\u00f4nica A C\u00e2mara Municipal de Franca realizar\u00e1 nesta quinta-feira, a partir das 19h30, um grande evento voltado \u00e0 seguran\u00e7a p\u00fablica. Na ocasi\u00e3o, o\u2026","rel":"","context":"In &quot;Not\u00edcias de Franca-SP&quot;","block_context":{"text":"Not\u00edcias de Franca-SP","link":"https:\/\/noticiasribeiraopreto.com.br\/index.php\/category\/noticias-de-ribeirao-preto-sp-e-regiao-ismael-colosi\/noticias-franca-sp\/"},"img":{"alt_text":"","src":"https:\/\/i0.wp.com\/noticiasribeiraopreto.com.br\/wp-content\/uploads\/2025\/05\/pLENARIO-8.jpg?fit=962%2C606&ssl=1&resize=350%2C200","width":350,"height":200,"srcset":"https:\/\/i0.wp.com\/noticiasribeiraopreto.com.br\/wp-content\/uploads\/2025\/05\/pLENARIO-8.jpg?fit=962%2C606&ssl=1&resize=350%2C200 1x, https:\/\/i0.wp.com\/noticiasribeiraopreto.com.br\/wp-content\/uploads\/2025\/05\/pLENARIO-8.jpg?fit=962%2C606&ssl=1&resize=525%2C300 1.5x, https:\/\/i0.wp.com\/noticiasribeiraopreto.com.br\/wp-content\/uploads\/2025\/05\/pLENARIO-8.jpg?fit=962%2C606&ssl=1&resize=700%2C400 2x"},"classes":[]},{"id":77474,"url":"https:\/\/noticiasribeiraopreto.com.br\/index.php\/2025\/09\/19\/coronel-quintino-assume-oficialmente-comando-do-cpi-3\/","url_meta":{"origin":91012,"position":4},"title":"Coronel Quintino assume oficialmente comando do CPI-3","author":"noticiasribeiraopreto.com.br","date":"19 de September de 2025","format":false,"excerpt":"Por: Adalberto Luque O coronel Rodrigo Quintino foi oficialmente empossado \u00e0 frente do Comando de Policiamento do Interior-3 (CPI-3). A solenidade de assun\u00e7\u00e3o ocorreu na manh\u00e3 desta sexta-feira (19), na sede do CPI-3, avenida Paschoal Innechi, Jardim Independ\u00eancia, zona Norte de Ribeir\u00e3o Preto. O secret\u00e1rio Guilherme Derrite, da Seguran\u00e7a P\u00fablica,\u2026","rel":"","context":"In &quot;Not\u00edcias de Ribeir\u00e3o Preto-SP e Regi\u00e3o&quot;","block_context":{"text":"Not\u00edcias de Ribeir\u00e3o Preto-SP e Regi\u00e3o","link":"https:\/\/noticiasribeiraopreto.com.br\/index.php\/category\/noticias-de-ribeirao-preto-sp-e-regiao-ismael-colosi\/"},"img":{"alt_text":"","src":"https:\/\/i0.wp.com\/noticiasribeiraopreto.com.br\/wp-content\/uploads\/2025\/09\/19-set-2025-possecomandante1-scaled.jpg?fit=1170%2C780&ssl=1&resize=350%2C200","width":350,"height":200,"srcset":"https:\/\/i0.wp.com\/noticiasribeiraopreto.com.br\/wp-content\/uploads\/2025\/09\/19-set-2025-possecomandante1-scaled.jpg?fit=1170%2C780&ssl=1&resize=350%2C200 1x, https:\/\/i0.wp.com\/noticiasribeiraopreto.com.br\/wp-content\/uploads\/2025\/09\/19-set-2025-possecomandante1-scaled.jpg?fit=1170%2C780&ssl=1&resize=525%2C300 1.5x, https:\/\/i0.wp.com\/noticiasribeiraopreto.com.br\/wp-content\/uploads\/2025\/09\/19-set-2025-possecomandante1-scaled.jpg?fit=1170%2C780&ssl=1&resize=700%2C400 2x, https:\/\/i0.wp.com\/noticiasribeiraopreto.com.br\/wp-content\/uploads\/2025\/09\/19-set-2025-possecomandante1-scaled.jpg?fit=1170%2C780&ssl=1&resize=1050%2C600 3x"},"classes":[]},{"id":63411,"url":"https:\/\/noticiasribeiraopreto.com.br\/index.php\/2025\/02\/12\/novo-delegado-assume-comando-da-deic-em-ribeirao-preto\/","url_meta":{"origin":91012,"position":5},"title":"Novo delegado assume comando da Deic em Ribeir\u00e3o Preto","author":"noticiasribeiraopreto.com.br","date":"12 de February de 2025","format":false,"excerpt":"A Divis\u00e3o Especializada de Investiga\u00e7\u00f5es Criminais (Deic) de Ribeir\u00e3o Preto tem um novo comandante. Jos\u00e9 Carvalho de Ara\u00fajo Junior, que era Delegado\u00a0Seccional de Pol\u00edcia de Sert\u00e3ozinho, assume a lideran\u00e7a do departamento, substituindo Kleber de Oliveira Granja. A nomea\u00e7\u00e3o foi oficializada nesta quarta-feira (12) no Di\u00e1rio Oficial do Estado de S\u00e3o\u2026","rel":"","context":"In &quot;Not\u00edcias de Ribeir\u00e3o Preto-SP e Regi\u00e3o&quot;","block_context":{"text":"Not\u00edcias de Ribeir\u00e3o Preto-SP e Regi\u00e3o","link":"https:\/\/noticiasribeiraopreto.com.br\/index.php\/category\/noticias-de-ribeirao-preto-sp-e-regiao-ismael-colosi\/"},"img":{"alt_text":"","src":"https:\/\/i0.wp.com\/noticiasribeiraopreto.com.br\/wp-content\/uploads\/2025\/02\/cpj_policia_1200x675_30012022162443-1024x576-1_2025-02-12_18-14-32_jpg_2025-02-12_18-14-32.webp.webp?fit=1024%2C576&ssl=1&resize=350%2C200","width":350,"height":200,"srcset":"https:\/\/i0.wp.com\/noticiasribeiraopreto.com.br\/wp-content\/uploads\/2025\/02\/cpj_policia_1200x675_30012022162443-1024x576-1_2025-02-12_18-14-32_jpg_2025-02-12_18-14-32.webp.webp?fit=1024%2C576&ssl=1&resize=350%2C200 1x, https:\/\/i0.wp.com\/noticiasribeiraopreto.com.br\/wp-content\/uploads\/2025\/02\/cpj_policia_1200x675_30012022162443-1024x576-1_2025-02-12_18-14-32_jpg_2025-02-12_18-14-32.webp.webp?fit=1024%2C576&ssl=1&resize=525%2C300 1.5x, https:\/\/i0.wp.com\/noticiasribeiraopreto.com.br\/wp-content\/uploads\/2025\/02\/cpj_policia_1200x675_30012022162443-1024x576-1_2025-02-12_18-14-32_jpg_2025-02-12_18-14-32.webp.webp?fit=1024%2C576&ssl=1&resize=700%2C400 2x"},"classes":[]}],"jetpack_sharing_enabled":true,"jetpack_shortlink":"https:\/\/wp.me\/peQAOb-nFW","jetpack_featured_media_url":"https:\/\/i0.wp.com\/noticiasribeiraopreto.com.br\/wp-content\/uploads\/2026\/09\/Delegados-Alfredo-Risk-scaled.jpg?fit=1200%2C648&ssl=1","_links":{"self":[{"href":"https:\/\/noticiasribeiraopreto.com.br\/index.php\/wp-json\/wp\/v2\/posts\/91012","targetHints":{"allow":["GET"]}}],"collection":[{"href":"https:\/\/noticiasribeiraopreto.com.br\/index.php\/wp-json\/wp\/v2\/posts"}],"about":[{"href":"https:\/\/noticiasribeiraopreto.com.br\/index.php\/wp-json\/wp\/v2\/types\/post"}],"author":[{"embeddable":true,"href":"https:\/\/noticiasribeiraopreto.com.br\/index.php\/wp-json\/wp\/v2\/users\/1"}],"replies":[{"embeddable":true,"href":"https:\/\/noticiasribeiraopreto.com.br\/index.php\/wp-json\/wp\/v2\/comments?post=91012"}],"version-history":[{"count":0,"href":"https:\/\/noticiasribeiraopreto.com.br\/index.php\/wp-json\/wp\/v2\/posts\/91012\/revisions"}],"wp:featuredmedia":[{"embeddable":true,"href":"https:\/\/noticiasribeiraopreto.com.br\/index.php\/wp-json\/wp\/v2\/media\/91013"}],"wp:attachment":[{"href":"https:\/\/noticiasribeiraopreto.com.br\/index.php\/wp-json\/wp\/v2\/media?parent=91012"}],"wp:term":[{"taxonomy":"category","embeddable":true,"href":"https:\/\/noticiasribeiraopreto.com.br\/index.php\/wp-json\/wp\/v2\/categories?post=91012"},{"taxonomy":"post_tag","embeddable":true,"href":"https:\/\/noticiasribeiraopreto.com.br\/index.php\/wp-json\/wp\/v2\/tags?post=91012"}],"curies":[{"name":"wp","href":"https:\/\/api.w.org\/{rel}","templated":true}]}}