{"id":91014,"date":"2026-09-03T07:01:14","date_gmt":"2026-09-03T10:01:14","guid":{"rendered":"https:\/\/noticiasribeiraopreto.com.br\/index.php\/2026\/09\/03\/trecho-de-avenida-sera-liberado-hoje\/"},"modified":"2026-09-03T07:01:14","modified_gmt":"2026-09-03T10:01:14","slug":"trecho-de-avenida-sera-liberado-hoje","status":"publish","type":"post","link":"https:\/\/noticiasribeiraopreto.com.br\/index.php\/2026\/09\/03\/trecho-de-avenida-sera-liberado-hoje\/","title":{"rendered":"Trecho de avenida ser\u00e1 liberado hoje"},"content":{"rendered":"<div class='code-block code-block-1' style='margin: 8px 0 8px auto; text-align: right; display: block; clear: both;'>\n<p><a href=\"https:\/\/wa.link\/vpicfd\"><img data-recalc-dims=\"1\" class=\"wp-image-4922\" style=\"aspect-ratio: 2.0253164556962027; width: 561px; height: auto;\" src=\"https:\/\/i0.wp.com\/ismaelcolosi.com.br\/wp-content\/uploads\/2023\/11\/grupo-de-empregos-whatsapp-e-facebook-ismael-colosi-vagas.jpg?ssl=1\" alt=\"\" \/><\/a><\/p>\n<!-- \/wp:image -->\n<\/div>\n<p> <br \/>\n<\/p>\n<div id=\"\">&#13;<br \/>\n\t\t\t\t\t\t\t\t&#13;<\/p>\n<p>&#13;<br \/>\n\t\t\t\t\t\t\t\t\t<span class=\"entry-meta-item penci-posted-on\"><i class=\"fa fa-clock-o\"\/><time class=\"entry-date published\" datetime=\"2026-09-03T07:00:06-03:00\">3 de setembro de 2026 07:00<\/time><time class=\"updated\" datetime=\"2026-09-03T06:35:41-03:00\">3 de setembro de 2026 06:35<\/time><\/span><span class=\"entry-meta-item penci-post-countview\"\/>\t\t\t\t\t\t\t\t<\/p>\n<p><!-- .entry-meta -->&#13;<br \/>\n\t\t\t\t\t\t\t\t<span class=\"penci-social-buttons penci-social-share-footer\"><span class=\"penci-social-share-text\">Compartilhar<\/span><a href=\"#\" class=\"penci-post-like penci_post-meta_item  single-like-button penci-social-item like\" data-post_id=\"475927\" title=\"Like\" data-like=\"Like\" data-unlike=\"Unlike\"><i class=\"fa fa-thumbs-o-up\"\/><span class=\"penci-share-number\">0<\/span><\/a><i class=\"fa fa-facebook\"\/><a class=\"penci-social-item twitter\" target=\"_blank\" rel=\"noopener\" title=\"\" href=\"https:\/\/twitter.com\/intent\/tweet?text=Trecho%20de%20avenida%20ser\u00e1%20liberado%20hoje%20-%20https:\/\/www.tribunaribeirao.com.br\/trecho-de-avenida-sera-liberado-hoje\/\"><i class=\"fa fa-twitter\"\/><\/a><i class=\"fa fa-linkedin\"\/><i class=\"fa fa-whatsapp\"\/><i class=\"fa fa-telegram\"\/><i class=\"fa fa-envelope\"\/><\/span>\t\t\t\t\t\t\t<\/div>\n<div>\n<p class=\"p1\"><i>Interdi\u00e7\u00e3o passa a ocorrer apenas em uma faixa de rolamento, em frente \u00e0 Havan; al\u00e7a de acesso \u00e0 avenida Cost\u00e1bile Romano ser\u00e1 bloqueada<\/i><\/p>\n<p>A Empresa de Mobilidade Urbana de Ribeir\u00e3o Preto S.A (RP Mobi) informa que, a partir desta quinta-feira, 3 de setembro, parte do trecho que estava interditado na pista Bairro\/Centro da avenida Maur\u00edlio Biagi ser\u00e1 liberada para a circula\u00e7\u00e3o de ve\u00edculos.<\/p>\n<p>A mudan\u00e7a ocorre com o avan\u00e7o da obra emergencial da Secretaria de \u00c1gua e Esgoto de Ribeir\u00e3o Preto (Saerp) para a substitui\u00e7\u00e3o de um trecho do interceptor de esgoto localizado entre as avenidas Doutor Francisco Junqueira e Maur\u00edlio Biagi.<\/p>\n<p>Nesta nova etapa, a interdi\u00e7\u00e3o ficar\u00e1 restrita a uma faixa de rolamento, no trecho em frente \u00e0 loja da Havan. Al\u00e9m disso, a al\u00e7a de acesso \u00e0 avenida Cost\u00e1bile Romano, localizada em frente \u00e0 loja de departamentos e que estava liberada durante a etapa anterior da obra, ser\u00e1 bloqueada.<\/p>\n<p>Com o fechamento da al\u00e7a, os motoristas que estiverem na Maur\u00edlio Biagi e precisarem acessar a Cost\u00e1bile Romano dever\u00e3o seguir no sentido da Francisco Junqueira, virar \u00e0 direita na rua dos Catetos e, depois, \u00e0 direita na Jos\u00e9 Guerre.<\/p>\n<p>Na sequ\u00eancia, dever\u00e3o acessar a pista Bairro\/Centro da Cost\u00e1bile Romano e realizar o retorno mais pr\u00f3ximo para acessar a pista oposta da via. A interdi\u00e7\u00e3o ocorre de forma gradativa, de acordo com o avan\u00e7o dos servi\u00e7os. A previs\u00e3o \u00e9 de que a obra seja conclu\u00edda at\u00e9 o dia 18 de setembro.<\/p>\n<p>Toda a \u00e1rea estar\u00e1 devidamente sinalizada com cavaletes, cones e placas indicativas dos desvios. Equipes da RP Mobi tamb\u00e9m acompanhar\u00e3o as condi\u00e7\u00f5es de tr\u00e1fego durante a execu\u00e7\u00e3o da obra, para garantir a seguran\u00e7a de motoristas e pedestres.<\/p>\n<p>A RP Mobi orienta os condutores a programarem seus deslocamentos com anteced\u00eancia, respeitarem a sinaliza\u00e7\u00e3o implantada no local e reduzirem a velocidade ao trafegar pela regi\u00e3o.<\/p>\n<p>A Saerp iniciou as escava\u00e7\u00f5es da obra emergencial para a substitui\u00e7\u00e3o de trecho do interceptor de esgoto localizado entre as avenidas Francisco Junqueira e Maur\u00edlio Biagi em 16 de julho.<span class=\"Apple-converted-space\">\u00a0 <\/span>A interven\u00e7\u00e3o contempla aproximadamente 410 metros de nova tubula\u00e7\u00e3o, substituindo integralmente a estrutura existente, que apresenta elevado grau de deteriora\u00e7\u00e3o ap\u00f3s d\u00e9cadas de uso.<\/p>\n<div style=\"background-color: #f4f4f5; border: 1px solid #d4d4d8; padding: 15px; margin: 20px 0; border-radius: 6px; font-family: sans-serif; line-height: 1.5;\">\n    <span style=\"color: #27272a;\">Inscreva-se em nosso Canal no Whatsapp e fique por dentro de tudo que acontece na regi\u00e3o. <\/span><br \/>\n    <a href=\"https:\/\/whatsapp.com\/channel\/0029VanuE2o7z4kYjo0XVS3u\" target=\"_blank\" rel=\"noopener noreferrer\" style=\"color: #16a34a; font-weight: bold; text-decoration: underline;\">Clique Aqui!<\/a>\n<\/div>\n<\/div>\n<p><script async src=\"\/\/platform.twitter.com\/widgets.js\" charset=\"utf-8\"><\/script><br \/>\n<br \/><br \/>\n<br \/><a href=\"https:\/\/www.tribunaribeirao.com.br\/trecho-de-avenida-sera-liberado-hoje\/\">Texto original daqui <\/a><\/p>\n<!-- CONTENT END 1 -->\n","protected":false},"excerpt":{"rendered":"<p>&#13; &#13; &#13; 3 de setembro de 2026 07:003 de setembro de 2026 06:35 &#13; Compartilhar0 Interdi\u00e7\u00e3o passa a ocorrer apenas em uma faixa de&#8230;<\/p>\n","protected":false},"author":1,"featured_media":91015,"comment_status":"","ping_status":"","sticky":false,"template":"","format":"standard","meta":{"advanced_seo_description":"","jetpack_seo_html_title":"","jetpack_seo_noindex":false,"jetpack_seo_schema_type":"","_jetpack_newsletter_access":"","_jetpack_dont_email_post_to_subs":false,"_jetpack_newsletter_tier_id":0,"_jetpack_memberships_contains_paywalled_content":false,"_jetpack_feature_clip_id":0,"_jetpack_memberships_contains_paid_content":false,"footnotes":"","jetpack_publicize_message":"","jetpack_publicize_feature_enabled":true,"jetpack_social_post_already_shared":true,"jetpack_social_options":{"image_generator_settings":{"template":"highway","default_image_id":0,"font":"","enabled":false},"version":2},"jetpack_post_was_ever_published":false},"categories":[11],"tags":[849,1752,2979,172,933],"class_list":["post-91014","post","type-post","status-publish","format-standard","has-post-thumbnail","hentry","category-noticias-de-ribeirao-preto-sp-e-regiao-ismael-colosi","tag-avenida","tag-hoje","tag-liberado","tag-sera","tag-trecho"],"jetpack_publicize_connections":[],"jetpack-related-posts":[{"id":88182,"url":"https:\/\/noticiasribeiraopreto.com.br\/index.php\/2026\/07\/15\/trecho-da-avenida-maurilio-biagi-e-interditado-para-obra-e-bloqueio-segue-ate-setembro\/","url_meta":{"origin":91014,"position":0},"title":"Trecho da avenida Maur\u00edlio Biagi \u00e9 interditado para obra e bloqueio segue at\u00e9 setembro","author":"noticiasribeiraopreto.com.br","date":"15 de July de 2026","format":false,"excerpt":"Come\u00e7ou nesta quarta-feira (15) a interdi\u00e7\u00e3o de um trecho da avenida Maur\u00edlio Biagi, em Ribeir\u00e3o Preto, para a realiza\u00e7\u00e3o de uma obra emergencial da Saerp (Secretaria de \u00c1gua e Esgoto). A previs\u00e3o \u00e9 de que as obras aconte\u00e7am at\u00e9 o dia 18 de setembro. Segundo a Prefeitura de Ribeir\u00e3o Preto,\u2026","rel":"","context":"In &quot;Not\u00edcias de Ribeir\u00e3o Preto-SP e Regi\u00e3o&quot;","block_context":{"text":"Not\u00edcias de Ribeir\u00e3o Preto-SP e Regi\u00e3o","link":"https:\/\/noticiasribeiraopreto.com.br\/index.php\/category\/noticias-de-ribeirao-preto-sp-e-regiao-ismael-colosi\/"},"img":{"alt_text":"","src":"https:\/\/i0.wp.com\/noticiasribeiraopreto.com.br\/wp-content\/uploads\/2026\/06\/obras_saerp_maurilio_biagi_-_foto_fernando_gonzaga_5_2026-06-30_19-10-36.webp.webp?fit=1200%2C800&ssl=1&resize=350%2C200","width":350,"height":200,"srcset":"https:\/\/i0.wp.com\/noticiasribeiraopreto.com.br\/wp-content\/uploads\/2026\/06\/obras_saerp_maurilio_biagi_-_foto_fernando_gonzaga_5_2026-06-30_19-10-36.webp.webp?fit=1200%2C800&ssl=1&resize=350%2C200 1x, https:\/\/i0.wp.com\/noticiasribeiraopreto.com.br\/wp-content\/uploads\/2026\/06\/obras_saerp_maurilio_biagi_-_foto_fernando_gonzaga_5_2026-06-30_19-10-36.webp.webp?fit=1200%2C800&ssl=1&resize=525%2C300 1.5x, https:\/\/i0.wp.com\/noticiasribeiraopreto.com.br\/wp-content\/uploads\/2026\/06\/obras_saerp_maurilio_biagi_-_foto_fernando_gonzaga_5_2026-06-30_19-10-36.webp.webp?fit=1200%2C800&ssl=1&resize=700%2C400 2x, https:\/\/i0.wp.com\/noticiasribeiraopreto.com.br\/wp-content\/uploads\/2026\/06\/obras_saerp_maurilio_biagi_-_foto_fernando_gonzaga_5_2026-06-30_19-10-36.webp.webp?fit=1200%2C800&ssl=1&resize=1050%2C600 3x"},"classes":[]},{"id":87734,"url":"https:\/\/noticiasribeiraopreto.com.br\/index.php\/2026\/07\/08\/trecho-da-avenida-maurilio-biagi-sera-interditado-para-obra-veja-quando-comeca\/","url_meta":{"origin":91014,"position":1},"title":"Trecho da avenida Maur\u00edlio Biagi ser\u00e1 interditado para obra; Veja quando come\u00e7a","author":"noticiasribeiraopreto.com.br","date":"8 de July de 2026","format":false,"excerpt":"A Prefeitura de Ribeir\u00e3o Preto informou nesta quarta-feira (8) que um trecho da avenida Dr. Maur\u00edlio Biagi ser\u00e1 interditado para a realiza\u00e7\u00e3o de uma obra emergencial da Saerp (Secretaria de \u00c1gua e Esgoto). A interven\u00e7\u00e3o acontece na pr\u00f3xima quarta-feira (15), a partir das 9h, e a previs\u00e3o para o t\u00e9rmino\u2026","rel":"","context":"In &quot;Not\u00edcias de Ribeir\u00e3o Preto-SP e Regi\u00e3o&quot;","block_context":{"text":"Not\u00edcias de Ribeir\u00e3o Preto-SP e Regi\u00e3o","link":"https:\/\/noticiasribeiraopreto.com.br\/index.php\/category\/noticias-de-ribeirao-preto-sp-e-regiao-ismael-colosi\/"},"img":{"alt_text":"","src":"https:\/\/i0.wp.com\/noticiasribeiraopreto.com.br\/wp-content\/uploads\/2026\/07\/agenda-cultural-6_2026-07-08_18-17-38.webp.webp?fit=1200%2C675&ssl=1&resize=350%2C200","width":350,"height":200,"srcset":"https:\/\/i0.wp.com\/noticiasribeiraopreto.com.br\/wp-content\/uploads\/2026\/07\/agenda-cultural-6_2026-07-08_18-17-38.webp.webp?fit=1200%2C675&ssl=1&resize=350%2C200 1x, https:\/\/i0.wp.com\/noticiasribeiraopreto.com.br\/wp-content\/uploads\/2026\/07\/agenda-cultural-6_2026-07-08_18-17-38.webp.webp?fit=1200%2C675&ssl=1&resize=525%2C300 1.5x, https:\/\/i0.wp.com\/noticiasribeiraopreto.com.br\/wp-content\/uploads\/2026\/07\/agenda-cultural-6_2026-07-08_18-17-38.webp.webp?fit=1200%2C675&ssl=1&resize=700%2C400 2x, https:\/\/i0.wp.com\/noticiasribeiraopreto.com.br\/wp-content\/uploads\/2026\/07\/agenda-cultural-6_2026-07-08_18-17-38.webp.webp?fit=1200%2C675&ssl=1&resize=1050%2C600 3x"},"classes":[]},{"id":24378,"url":"https:\/\/noticiasribeiraopreto.com.br\/index.php\/2024\/01\/04\/trecho-da-nove-de-julho-e-liberado\/","url_meta":{"origin":91014,"position":2},"title":"Trecho da Nove de Julho \u00e9 liberado","author":"noticiasribeiraopreto.com.br","date":"4 de January de 2024","format":false,"excerpt":"4 de janeiro de 2024 | 8:303 de janeiro de 2024 | 18:43 0A RP Mobi (Empresa de Mobilidade Urbana de Ribeir\u00e3o Preto) liberou no final da tarde desta quarta-feira, 3, o tr\u00e2nsito no cruzamento da avenida Nove de Julho com a rua S\u00e3o Jos\u00e9. A RP Mobi informa que\u2026","rel":"","context":"In &quot;Not\u00edcias de Ribeir\u00e3o Preto-SP e Regi\u00e3o&quot;","block_context":{"text":"Not\u00edcias de Ribeir\u00e3o Preto-SP e Regi\u00e3o","link":"https:\/\/noticiasribeiraopreto.com.br\/index.php\/category\/noticias-de-ribeirao-preto-sp-e-regiao-ismael-colosi\/"},"img":{"alt_text":"","src":"https:\/\/i0.wp.com\/noticiasribeiraopreto.com.br\/wp-content\/uploads\/2024\/01\/liberacao_nove_de_julho_1-scaled.jpeg?fit=968%2C645&ssl=1&resize=350%2C200","width":350,"height":200,"srcset":"https:\/\/i0.wp.com\/noticiasribeiraopreto.com.br\/wp-content\/uploads\/2024\/01\/liberacao_nove_de_julho_1-scaled.jpeg?fit=968%2C645&ssl=1&resize=350%2C200 1x, https:\/\/i0.wp.com\/noticiasribeiraopreto.com.br\/wp-content\/uploads\/2024\/01\/liberacao_nove_de_julho_1-scaled.jpeg?fit=968%2C645&ssl=1&resize=525%2C300 1.5x, https:\/\/i0.wp.com\/noticiasribeiraopreto.com.br\/wp-content\/uploads\/2024\/01\/liberacao_nove_de_julho_1-scaled.jpeg?fit=968%2C645&ssl=1&resize=700%2C400 2x"},"classes":[]},{"id":88143,"url":"https:\/\/noticiasribeiraopreto.com.br\/index.php\/2026\/07\/15\/interdicao-na-maurilio-biagi-comeca-hoje\/","url_meta":{"origin":91014,"position":3},"title":"Interdi\u00e7\u00e3o na Maur\u00edlio \u2028Biagi come\u00e7a hoje","author":"noticiasribeiraopreto.com.br","date":"15 de July de 2026","format":false,"excerpt":"Saerp inicia obra para substituir interceptor de esgoto e prevenir riscos na regi\u00e3o das avenidas Francisco Junqueira e Maur\u00edlio Biagi A Secretaria de \u00c1gua e Esgoto de Ribeir\u00e3o Preto (Saerp) inicia nesta quarta-feira, 15 de julho, a partir das nove horas, obra emergencial para a substitui\u00e7\u00e3o de um trecho do\u2026","rel":"","context":"In &quot;Not\u00edcias de Ribeir\u00e3o Preto-SP e Regi\u00e3o&quot;","block_context":{"text":"Not\u00edcias de Ribeir\u00e3o Preto-SP e Regi\u00e3o","link":"https:\/\/noticiasribeiraopreto.com.br\/index.php\/category\/noticias-de-ribeirao-preto-sp-e-regiao-ismael-colosi\/"},"img":{"alt_text":"","src":"https:\/\/i0.wp.com\/noticiasribeiraopreto.com.br\/wp-content\/uploads\/2026\/07\/Saerp-Fernando-Gonzaga-1-scaled.jpg?fit=1170%2C780&ssl=1&resize=350%2C200","width":350,"height":200,"srcset":"https:\/\/i0.wp.com\/noticiasribeiraopreto.com.br\/wp-content\/uploads\/2026\/07\/Saerp-Fernando-Gonzaga-1-scaled.jpg?fit=1170%2C780&ssl=1&resize=350%2C200 1x, https:\/\/i0.wp.com\/noticiasribeiraopreto.com.br\/wp-content\/uploads\/2026\/07\/Saerp-Fernando-Gonzaga-1-scaled.jpg?fit=1170%2C780&ssl=1&resize=525%2C300 1.5x, https:\/\/i0.wp.com\/noticiasribeiraopreto.com.br\/wp-content\/uploads\/2026\/07\/Saerp-Fernando-Gonzaga-1-scaled.jpg?fit=1170%2C780&ssl=1&resize=700%2C400 2x, https:\/\/i0.wp.com\/noticiasribeiraopreto.com.br\/wp-content\/uploads\/2026\/07\/Saerp-Fernando-Gonzaga-1-scaled.jpg?fit=1170%2C780&ssl=1&resize=1050%2C600 3x"},"classes":[]},{"id":24198,"url":"https:\/\/noticiasribeiraopreto.com.br\/index.php\/2024\/01\/03\/trecho-da-avenida-nove-de-julho-em-ribeirao-e-liberado-apos-seis-meses-de-interdicao\/","url_meta":{"origin":91014,"position":4},"title":"Trecho da avenida Nove de Julho em Ribeir\u00e3o \u00e9 liberado ap\u00f3s seis meses de interdi\u00e7\u00e3o","author":"noticiasribeiraopreto.com.br","date":"3 de January de 2024","format":false,"excerpt":"A RP Mobi, empresa de mobilidade urbana em Ribeir\u00e3o Preto, informou que o cruzamento da avenida Nove de Julho com a rua S\u00e3o Jos\u00e9 foi liberado, no final da tarde desta quarta-feira (3), ap\u00f3s o t\u00e9rmino do servi\u00e7o de pavimenta\u00e7\u00e3o do trecho. O local estava interditado desde junho de 2023,\u2026","rel":"","context":"In &quot;Not\u00edcias de Ribeir\u00e3o Preto-SP e Regi\u00e3o&quot;","block_context":{"text":"Not\u00edcias de Ribeir\u00e3o Preto-SP e Regi\u00e3o","link":"https:\/\/noticiasribeiraopreto.com.br\/index.php\/category\/noticias-de-ribeirao-preto-sp-e-regiao-ismael-colosi\/"},"img":{"alt_text":"","src":"https:\/\/i0.wp.com\/noticiasribeiraopreto.com.br\/wp-content\/uploads\/2024\/01\/liberacao_nove_de_julho_1.jpeg?fit=1200%2C800&ssl=1&resize=350%2C200","width":350,"height":200,"srcset":"https:\/\/i0.wp.com\/noticiasribeiraopreto.com.br\/wp-content\/uploads\/2024\/01\/liberacao_nove_de_julho_1.jpeg?fit=1200%2C800&ssl=1&resize=350%2C200 1x, https:\/\/i0.wp.com\/noticiasribeiraopreto.com.br\/wp-content\/uploads\/2024\/01\/liberacao_nove_de_julho_1.jpeg?fit=1200%2C800&ssl=1&resize=525%2C300 1.5x, https:\/\/i0.wp.com\/noticiasribeiraopreto.com.br\/wp-content\/uploads\/2024\/01\/liberacao_nove_de_julho_1.jpeg?fit=1200%2C800&ssl=1&resize=700%2C400 2x, https:\/\/i0.wp.com\/noticiasribeiraopreto.com.br\/wp-content\/uploads\/2024\/01\/liberacao_nove_de_julho_1.jpeg?fit=1200%2C800&ssl=1&resize=1050%2C600 3x"},"classes":[]},{"id":62684,"url":"https:\/\/noticiasribeiraopreto.com.br\/index.php\/2025\/01\/21\/apos-ser-liberado-trecho-de-avenida-em-ribeirao-preto-e-novamente-bloqueado\/","url_meta":{"origin":91014,"position":5},"title":"Ap\u00f3s ser liberado, trecho de avenida em Ribeir\u00e3o Preto \u00e9 novamente bloqueado","author":"noticiasribeiraopreto.com.br","date":"21 de January de 2025","format":false,"excerpt":"A faixa da avenida Francisco Junqueira, entre as ruas Marcondes Salgado e S\u00e3o Jos\u00e9, no Centro de Ribeir\u00e3o Preto, foi liberada por volta das 17h desta ter\u00e7a-feira (21). No entanto, aproximadamente 1 hora depois, foi feito um novo bloqueio no local. De acordo com a RP Mobi, foi necess\u00e1rio o\u2026","rel":"","context":"In &quot;Not\u00edcias de Ribeir\u00e3o Preto-SP e Regi\u00e3o&quot;","block_context":{"text":"Not\u00edcias de Ribeir\u00e3o Preto-SP e Regi\u00e3o","link":"https:\/\/noticiasribeiraopreto.com.br\/index.php\/category\/noticias-de-ribeirao-preto-sp-e-regiao-ismael-colosi\/"},"img":{"alt_text":"","src":"https:\/\/i0.wp.com\/noticiasribeiraopreto.com.br\/wp-content\/uploads\/2025\/01\/Copia-de-Copia-de-Copia-de-TAMANHO-EXATO-PARA-FOTOS-NO-SISTEMA-NOVO-2025-01-21T190458.331_2025-01-21_22-14-04_png_2025-01-21_22-14-04.webp.webp?fit=1200%2C675&ssl=1&resize=350%2C200","width":350,"height":200,"srcset":"https:\/\/i0.wp.com\/noticiasribeiraopreto.com.br\/wp-content\/uploads\/2025\/01\/Copia-de-Copia-de-Copia-de-TAMANHO-EXATO-PARA-FOTOS-NO-SISTEMA-NOVO-2025-01-21T190458.331_2025-01-21_22-14-04_png_2025-01-21_22-14-04.webp.webp?fit=1200%2C675&ssl=1&resize=350%2C200 1x, https:\/\/i0.wp.com\/noticiasribeiraopreto.com.br\/wp-content\/uploads\/2025\/01\/Copia-de-Copia-de-Copia-de-TAMANHO-EXATO-PARA-FOTOS-NO-SISTEMA-NOVO-2025-01-21T190458.331_2025-01-21_22-14-04_png_2025-01-21_22-14-04.webp.webp?fit=1200%2C675&ssl=1&resize=525%2C300 1.5x, https:\/\/i0.wp.com\/noticiasribeiraopreto.com.br\/wp-content\/uploads\/2025\/01\/Copia-de-Copia-de-Copia-de-TAMANHO-EXATO-PARA-FOTOS-NO-SISTEMA-NOVO-2025-01-21T190458.331_2025-01-21_22-14-04_png_2025-01-21_22-14-04.webp.webp?fit=1200%2C675&ssl=1&resize=700%2C400 2x, https:\/\/i0.wp.com\/noticiasribeiraopreto.com.br\/wp-content\/uploads\/2025\/01\/Copia-de-Copia-de-Copia-de-TAMANHO-EXATO-PARA-FOTOS-NO-SISTEMA-NOVO-2025-01-21T190458.331_2025-01-21_22-14-04_png_2025-01-21_22-14-04.webp.webp?fit=1200%2C675&ssl=1&resize=1050%2C600 3x"},"classes":[]}],"jetpack_sharing_enabled":true,"jetpack_shortlink":"https:\/\/wp.me\/peQAOb-nFY","jetpack_featured_media_url":"https:\/\/i0.wp.com\/noticiasribeiraopreto.com.br\/wp-content\/uploads\/2026\/09\/3-Saerp-Alfredo-Risk-scaled.jpg?fit=1200%2C650&ssl=1","_links":{"self":[{"href":"https:\/\/noticiasribeiraopreto.com.br\/index.php\/wp-json\/wp\/v2\/posts\/91014","targetHints":{"allow":["GET"]}}],"collection":[{"href":"https:\/\/noticiasribeiraopreto.com.br\/index.php\/wp-json\/wp\/v2\/posts"}],"about":[{"href":"https:\/\/noticiasribeiraopreto.com.br\/index.php\/wp-json\/wp\/v2\/types\/post"}],"author":[{"embeddable":true,"href":"https:\/\/noticiasribeiraopreto.com.br\/index.php\/wp-json\/wp\/v2\/users\/1"}],"replies":[{"embeddable":true,"href":"https:\/\/noticiasribeiraopreto.com.br\/index.php\/wp-json\/wp\/v2\/comments?post=91014"}],"version-history":[{"count":0,"href":"https:\/\/noticiasribeiraopreto.com.br\/index.php\/wp-json\/wp\/v2\/posts\/91014\/revisions"}],"wp:featuredmedia":[{"embeddable":true,"href":"https:\/\/noticiasribeiraopreto.com.br\/index.php\/wp-json\/wp\/v2\/media\/91015"}],"wp:attachment":[{"href":"https:\/\/noticiasribeiraopreto.com.br\/index.php\/wp-json\/wp\/v2\/media?parent=91014"}],"wp:term":[{"taxonomy":"category","embeddable":true,"href":"https:\/\/noticiasribeiraopreto.com.br\/index.php\/wp-json\/wp\/v2\/categories?post=91014"},{"taxonomy":"post_tag","embeddable":true,"href":"https:\/\/noticiasribeiraopreto.com.br\/index.php\/wp-json\/wp\/v2\/tags?post=91014"}],"curies":[{"name":"wp","href":"https:\/\/api.w.org\/{rel}","templated":true}]}}