{"id":91016,"date":"2026-09-03T07:51:30","date_gmt":"2026-09-03T10:51:30","guid":{"rendered":"https:\/\/noticiasribeiraopreto.com.br\/index.php\/2026\/09\/03\/ribeirao-preto-tera-sol-e-baixa-umidade-nesta-quinta-chuva-volta-no-fim-de-semana\/"},"modified":"2026-09-03T07:51:30","modified_gmt":"2026-09-03T10:51:30","slug":"ribeirao-preto-tera-sol-e-baixa-umidade-nesta-quinta-chuva-volta-no-fim-de-semana","status":"publish","type":"post","link":"https:\/\/noticiasribeiraopreto.com.br\/index.php\/2026\/09\/03\/ribeirao-preto-tera-sol-e-baixa-umidade-nesta-quinta-chuva-volta-no-fim-de-semana\/","title":{"rendered":"Ribeir\u00e3o Preto ter\u00e1 sol e baixa umidade nesta quinta; chuva volta no fim de semana"},"content":{"rendered":"<div class='code-block code-block-1' style='margin: 8px 0 8px auto; text-align: right; display: block; clear: both;'>\n<p><a href=\"https:\/\/wa.link\/vpicfd\"><img data-recalc-dims=\"1\" class=\"wp-image-4922\" style=\"aspect-ratio: 2.0253164556962027; width: 561px; height: auto;\" src=\"https:\/\/i0.wp.com\/ismaelcolosi.com.br\/wp-content\/uploads\/2023\/11\/grupo-de-empregos-whatsapp-e-facebook-ismael-colosi-vagas.jpg?ssl=1\" alt=\"\" \/><\/a><\/p>\n<!-- \/wp:image -->\n<\/div>\n<p> <br \/>\n<\/p>\n<p>O <strong>tempo segue est\u00e1vel em Ribeir\u00e3o Preto<\/strong> nesta <strong>quinta-feira (3).<\/strong> O dia ser\u00e1 marcado pelo sol e c\u00e9u aberto, sem previs\u00e3o de chuva. As <strong>temperaturas variam entre 14\u00b0C e 29\u00b0C<\/strong>, de acordo com a previs\u00e3o da <strong><a href=\"https:\/\/www.climatempo.com.br\/\" target=\"_blank\" data-type=\"link\" data-id=\"https:\/\/www.climatempo.com.br\/\" rel=\"noreferrer noopener\">Climatempo<\/a><\/strong>.<\/p>\n<p>A atua\u00e7\u00e3o de uma <strong>massa de ar seco<\/strong> mant\u00e9m o tempo na regi\u00e3o, com isso, a<strong> umidade relativa do ar deve cair durante a tarde<\/strong>, <mark class=\"has-inline-color\">principalmente no <strong>interior de S\u00e3o Paulo<\/strong>, onde os \u00edndices podem ficar entre <strong>20%<\/strong> e <strong>30%<\/strong>.<\/mark><\/p>\n<p>Segundo os especialistas, <strong>esse per\u00edodo de baixa umidade do ar representa um s\u00e9rio risco \u00e0 sa\u00fade<\/strong>, j\u00e1 que o ressecamento das mucosas do nariz, garganta e olhos prejudica a defesa natural do organismo, favorecendo irrita\u00e7\u00f5es, infec\u00e7\u00f5es respirat\u00f3rias e at\u00e9 problemas de pele.<\/p>\n<p>Por esse motivo, para minimizar os efeitos do ar seco que deve afetar Ribeir\u00e3o Preto, a<strong> recomenda\u00e7\u00e3o \u00e9 manter uma boa hidrata\u00e7\u00e3o e utilizar umidificadores ou recipientes com \u00e1gua nos ambientes<\/strong>, especialmente nos locais fechados.<\/p>\n<p>Al\u00e9m disso, moradores de Ribeir\u00e3o Preto tamb\u00e9m devem adotar medidas como <strong>lavar o nariz com soro fisiol\u00f3gico<\/strong>, <strong>manter os ambientes ventilados sem levantar poeira<\/strong> e <strong>evitar atividades f\u00edsicas intensas nos hor\u00e1rios mais secos<\/strong> tamb\u00e9m devem ser adotadas para ajudar durante este per\u00edodo.<\/p>\n<figure class=\"wp-block-image size-large\"><figcaption class=\"wp-element-caption\">Baixa umidade deve afetar Ribeir\u00e3o Preto e outras cidades do interior de SP \u2013 Foto: reprodu\u00e7\u00e3o\/ Magnific.<\/figcaption><\/figure>\n<p class=\"has-text-align-center has-cyan-bluish-gray-background-color has-background\"><em>Receba not\u00edcias do\u00a0<strong>acidade on Ribeir\u00e3o\u00a0<\/strong>no WhatsApp e fique por dentro de tudo! Basta acessar o link<a href=\"https:\/\/chat.whatsapp.com\/DfXwcjKVIddHUT3BvnQuPZ?mode=hqctshi\" target=\"_blank\" rel=\"noreferrer noopener\">\u00a0aqui<\/a>!<\/em><\/p>\n<h2 class=\"wp-block-heading\"><strong>Quando a chuva retorna para Ribeir\u00e3o Preto?<\/strong><\/h2>\n<p>Apesar da melhora nas condi\u00e7\u00f5es do tempo, a <strong>previs\u00e3o estendida da Climatempo<\/strong> indica que a chuva deve voltar a atingir <strong>Ribeir\u00e3o Preto<\/strong> nos pr\u00f3ximos dias.<\/p>\n<p>Entre hoje e sexta-feira (4), o tempo segue firme, por\u00e9m, no <strong>s\u00e1bado (5), esse cen\u00e1rio muda<\/strong>. O dia em Ribeir\u00e3o Preto come\u00e7a com sol e muitas nuvens, <strong>mas h\u00e1 previs\u00e3o de per\u00edodos de c\u00e9u nublado e pancadas de chuva durante a noite.<\/strong><\/p>\n<p>J\u00e1 no <strong>domingo (6)<\/strong>, o tempo continua inst\u00e1vel, com sol entre algumas nuvens e possibilidade de chuva r\u00e1pida ao longo do dia e tamb\u00e9m \u00e0 noite. <strong><mark class=\"has-inline-color\">As temperaturas no fim de semana em Ribeir\u00e3o Preto variam entre 16\u00b0C e 29\u00b0C.<\/mark><\/strong><\/p>\n<h2 class=\"wp-block-heading\"><strong>E qual \u00e9 a previs\u00e3o para o m\u00eas de setembro?<\/strong><\/h2>\n<p>O m\u00eas de setembro de 2026 marca a transi\u00e7\u00e3o entre o inverno e a primavera em territ\u00f3rio brasileiro. No estado de S\u00e3o Paulo, o comportamento do tempo ao longo do per\u00edodo ser\u00e1 determinado pela atua\u00e7\u00e3o do fen\u00f4meno El Ni\u00f1o e pela eleva\u00e7\u00e3o de temperatura observada nas \u00e1guas do Oceano Atl\u00e2ntico, conforme dados divulgados pela Climatempo.<\/p>\n<p>O per\u00edodo de setembro costuma registrar aus\u00eancia de precipita\u00e7\u00e3o, \u00edndices reduzidos de umidade no ar e eleva\u00e7\u00e3o de temperatura no interior. Neste ano, as medi\u00e7\u00f5es indicam a presen\u00e7a de chuvas em intervalos menores e volumes acumulados maiores em compara\u00e7\u00e3o aos registros do mesmo per\u00edodo de 2025 no estado de S\u00e3o Paulo.<\/p>\n<figure class=\"wp-block-image size-full\"><img data-recalc-dims=\"1\" loading=\"lazy\" decoding=\"async\" width=\"1024\" height=\"720\" src=\"https:\/\/i0.wp.com\/www.acidadeon.com\/ribeiraopreto\/wp-content\/uploads\/sites\/3\/2026\/09\/anomalia-frente-fria.jpeg?resize=1024%2C720&#038;ssl=1\" alt=\"anomalia frente fria\" class=\"wp-image-173473\" title=\"Ribeir\u00e3o Preto ter\u00e1 sol e baixa umidade nesta quinta; chuva volta no fim de semana 2\"><figcaption class=\"wp-element-caption\">Previs\u00e3o de anomalia de temperatura entre os dias 7 e 14 de Setembro mostra que a pr\u00f3xima semana ser\u00e1 muito fria sobre o Brasil, marcada por uma onda de frio com temperaturas negativas (Fonte: Meteored)<\/figcaption><\/figure>\n<h3 class=\"wp-block-heading\"><strong>Atua\u00e7\u00e3o do El Ni\u00f1o<\/strong><\/h3>\n<p>A presen\u00e7a do fen\u00f4meno El Ni\u00f1o no Oceano Pac\u00edfico atua sobre a movimenta\u00e7\u00e3o do ar na Am\u00e9rica do Sul. Ao mesmo tempo, as \u00e1guas do Oceano Atl\u00e2ntico na costa das regi\u00f5es Sul e Sudeste mant\u00eam valores t\u00e9rmicos acima da m\u00e9dia.<\/p>\n<p>Essa condi\u00e7\u00e3o no oceano possibilita a forma\u00e7\u00e3o e o deslocamento de frentes frias e \u00e1reas de baixa press\u00e3o atmosf\u00e9rica em dire\u00e7\u00e3o ao continente. A umidade \u00e9 transportada para as regi\u00f5es do estado de S\u00e3o Paulo, resultando na forma\u00e7\u00e3o de nuvens e na ocorr\u00eancia de precipita\u00e7\u00f5es em diferentes munic\u00edpios paulistas.<\/p>\n<p>Nos primeiros dez dias do m\u00eas, o territ\u00f3rio paulista registra instabilidades com a passagem de frentes frias. Por isso, h\u00e1 previs\u00e3o de chuva, trovoadas e ventos durante o per\u00edodo. A ocorr\u00eancia dessas precipita\u00e7\u00f5es nos primeiros dias de setembro eleva a umidade presente no ar e no solo. Esse fator atua na redu\u00e7\u00e3o de registros de focos de fogo em vegeta\u00e7\u00e3o, ocorr\u00eancia comum no estado durante os meses finais do inverno.<\/p>\n<figure class=\"wp-block-image size-full\"><img data-recalc-dims=\"1\" loading=\"lazy\" decoding=\"async\" width=\"1024\" height=\"720\" src=\"https:\/\/i0.wp.com\/www.acidadeon.com\/ribeiraopreto\/wp-content\/uploads\/sites\/3\/2026\/09\/meteored-frente-fria.jpeg?resize=1024%2C720&#038;ssl=1\" alt=\"meteored frente fria\" class=\"wp-image-173474\" title=\"Ribeir\u00e3o Preto ter\u00e1 sol e baixa umidade nesta quinta; chuva volta no fim de semana 3\"><figcaption class=\"wp-element-caption\">Previs\u00e3o mostra uma intensa massa de ar frio avan\u00e7ando pelo pa\u00eds e causando uma queda das temperaturas em 16 estados (Fonte: Meteored)<br \/><\/figcaption><\/figure>\n<h2 class=\"wp-block-heading\"><strong>Temperaturas em SP<\/strong><\/h2>\n<p>A presen\u00e7a de nebulosidade e a frequ\u00eancia de precipita\u00e7\u00f5es limitam a eleva\u00e7\u00e3o cont\u00ednua das temperaturas m\u00e9dias na faixa leste, no litoral e na Regi\u00e3o Metropolitana de S\u00e3o Paulo. Nessas \u00e1reas, os valores m\u00e9dios registrados permanecem mais baixos do que a m\u00e9dia habitual para o m\u00eas de setembro.<\/p>\n<p>Nas regi\u00f5es norte, noroeste e oeste do estado de S\u00e3o Paulo, o transporte de ar vindo da regi\u00e3o Centro-Oeste mant\u00e9m registros de calor nos per\u00edodos da tarde durante os dias sem chuva, com os term\u00f4metros alcan\u00e7ando marcas de 35 \u00b0C.<\/p>\n<p>Ap\u00f3s o deslocamento das frentes frias pelo estado, a entrada de massas de ar frio provoca redu\u00e7\u00e3o tempor\u00e1ria nos valores de temperatura, registrando m\u00ednimas pr\u00f3ximas a 12 \u00b0C durante a madrugada e o in\u00edcio da manh\u00e3 em pontos do sul paulista e em locais de relevo mais alto.<\/p>\n<p class=\"has-text-align-center has-cyan-bluish-gray-background-color has-background\"><em>Fa\u00e7a uma den\u00fancia ou sugira uma reportagem sobre\u00a0<strong>Ribeir\u00e3o Preto\u00a0<\/strong>e regi\u00e3o por meio do WhatsApp do\u00a0<strong>acidade on Ribeir\u00e3o<\/strong>: (16) 99117-7802.<\/em><\/p>\n<p>O post Ribeir\u00e3o Preto ter\u00e1 sol e baixa umidade nesta quinta; chuva volta no fim de semana apareceu primeiro em ACidade ON Ribeir\u00e3o Preto.<\/p>\n<p><br \/>\n<br \/><a href=\"https:\/\/www.acidadeon.com\/ribeiraopreto\/cotidiano\/ribeirao-preto-tera-sol-e-baixa-umidade-nesta-quinta-chuva-volta-no-fim-de-semana\/\">Link para o texto original aqui <\/a><\/p>\n<!-- CONTENT END 1 -->\n","protected":false},"excerpt":{"rendered":"<p>O tempo segue est\u00e1vel em Ribeir\u00e3o Preto nesta quinta-feira (3). O dia ser\u00e1 marcado pelo sol e c\u00e9u aberto, sem previs\u00e3o de chuva. As temperaturas&#8230;<\/p>\n","protected":false},"author":1,"featured_media":91017,"comment_status":"","ping_status":"","sticky":false,"template":"","format":"standard","meta":{"advanced_seo_description":"","jetpack_seo_html_title":"","jetpack_seo_noindex":false,"jetpack_seo_schema_type":"","_jetpack_newsletter_access":"","_jetpack_dont_email_post_to_subs":false,"_jetpack_newsletter_tier_id":0,"_jetpack_memberships_contains_paywalled_content":false,"_jetpack_feature_clip_id":0,"_jetpack_memberships_contains_paid_content":false,"footnotes":"","jetpack_publicize_message":"","jetpack_publicize_feature_enabled":true,"jetpack_social_post_already_shared":true,"jetpack_social_options":{"image_generator_settings":{"template":"highway","default_image_id":0,"font":"","enabled":false},"version":2},"jetpack_post_was_ever_published":false},"categories":[11],"tags":[511,224,125,207,27,884,26,6456,126,2784,679,1304,2052],"class_list":["post-91016","post","type-post","status-publish","format-standard","has-post-thumbnail","hentry","category-noticias-de-ribeirao-preto-sp-e-regiao-ismael-colosi","tag-baixa","tag-chuva","tag-fim","tag-nesta","tag-preto","tag-quinta","tag-ribeirao","tag-ribeirao-preto","tag-semana","tag-sol","tag-tera","tag-umidade","tag-volta"],"jetpack_publicize_connections":[],"jetpack-related-posts":[{"id":60845,"url":"https:\/\/noticiasribeiraopreto.com.br\/index.php\/2024\/11\/27\/interior-de-sp-tem-mudanca-no-tempo-ainda-nesta-semana-veja-previsao\/","url_meta":{"origin":91016,"position":0},"title":"Interior de SP tem mudan\u00e7a no tempo ainda nesta semana; Veja previs\u00e3o","author":"noticiasribeiraopreto.com.br","date":"27 de November de 2024","format":false,"excerpt":"Parte do interior de S\u00e3o Paulo est\u00e1 em risco para baixa umidade do ar nesta quarta-feira (27), devido a uma alta press\u00e3o que ainda mant\u00e9m o tempo seco. Segundo a Climatempo, o n\u00edvel de umidade pode ficar abaixo de 30% na regi\u00e3o de Ribeir\u00e3o Preto, nos hor\u00e1rios mais quentes. \u201cNesta\u2026","rel":"","context":"In &quot;Not\u00edcias de Ribeir\u00e3o Preto-SP e Regi\u00e3o&quot;","block_context":{"text":"Not\u00edcias de Ribeir\u00e3o Preto-SP e Regi\u00e3o","link":"https:\/\/noticiasribeiraopreto.com.br\/index.php\/category\/noticias-de-ribeirao-preto-sp-e-regiao-ismael-colosi\/"},"img":{"alt_text":"","src":"https:\/\/i0.wp.com\/noticiasribeiraopreto.com.br\/wp-content\/uploads\/2024\/11\/1732706803_20230222_161620-scaled.jpg?fit=1200%2C900&ssl=1&resize=350%2C200","width":350,"height":200,"srcset":"https:\/\/i0.wp.com\/noticiasribeiraopreto.com.br\/wp-content\/uploads\/2024\/11\/1732706803_20230222_161620-scaled.jpg?fit=1200%2C900&ssl=1&resize=350%2C200 1x, https:\/\/i0.wp.com\/noticiasribeiraopreto.com.br\/wp-content\/uploads\/2024\/11\/1732706803_20230222_161620-scaled.jpg?fit=1200%2C900&ssl=1&resize=525%2C300 1.5x, https:\/\/i0.wp.com\/noticiasribeiraopreto.com.br\/wp-content\/uploads\/2024\/11\/1732706803_20230222_161620-scaled.jpg?fit=1200%2C900&ssl=1&resize=700%2C400 2x, https:\/\/i0.wp.com\/noticiasribeiraopreto.com.br\/wp-content\/uploads\/2024\/11\/1732706803_20230222_161620-scaled.jpg?fit=1200%2C900&ssl=1&resize=1050%2C600 3x"},"classes":[]},{"id":69101,"url":"https:\/\/noticiasribeiraopreto.com.br\/index.php\/2025\/05\/02\/confira-como-fica-o-tempo-no-primeiro-fim-de-semana-de-maio-em-ribeirao-preto\/","url_meta":{"origin":91016,"position":1},"title":"Confira como fica o tempo no primeiro fim de semana de maio em Ribeir\u00e3o Preto","author":"noticiasribeiraopreto.com.br","date":"2 de May de 2025","format":false,"excerpt":"O primeiro fim de semana do m\u00eas de maio tem previs\u00e3o de tempo est\u00e1vel na regi\u00e3o de Ribeir\u00e3o Preto. Segundo a Climatempo, as manh\u00e3s e noites seguem frias, enquanto as tardes s\u00e3o mais quentes. O sol predomina e n\u00e3o h\u00e1 previs\u00e3o de chuva pelo mensos at\u00e9 o in\u00edcio da pr\u00f3xima\u2026","rel":"","context":"In &quot;Not\u00edcias de Ribeir\u00e3o Preto-SP e Regi\u00e3o&quot;","block_context":{"text":"Not\u00edcias de Ribeir\u00e3o Preto-SP e Regi\u00e3o","link":"https:\/\/noticiasribeiraopreto.com.br\/index.php\/category\/noticias-de-ribeirao-preto-sp-e-regiao-ismael-colosi\/"},"img":{"alt_text":"","src":"https:\/\/i0.wp.com\/noticiasribeiraopreto.com.br\/wp-content\/uploads\/2025\/03\/ribeirao-preto-aerea_2025-03-21_20-24-22_jpg_2025-03-21_20-24-23.webp.webp?fit=1200%2C800&ssl=1&resize=350%2C200","width":350,"height":200,"srcset":"https:\/\/i0.wp.com\/noticiasribeiraopreto.com.br\/wp-content\/uploads\/2025\/03\/ribeirao-preto-aerea_2025-03-21_20-24-22_jpg_2025-03-21_20-24-23.webp.webp?fit=1200%2C800&ssl=1&resize=350%2C200 1x, https:\/\/i0.wp.com\/noticiasribeiraopreto.com.br\/wp-content\/uploads\/2025\/03\/ribeirao-preto-aerea_2025-03-21_20-24-22_jpg_2025-03-21_20-24-23.webp.webp?fit=1200%2C800&ssl=1&resize=525%2C300 1.5x, https:\/\/i0.wp.com\/noticiasribeiraopreto.com.br\/wp-content\/uploads\/2025\/03\/ribeirao-preto-aerea_2025-03-21_20-24-22_jpg_2025-03-21_20-24-23.webp.webp?fit=1200%2C800&ssl=1&resize=700%2C400 2x, https:\/\/i0.wp.com\/noticiasribeiraopreto.com.br\/wp-content\/uploads\/2025\/03\/ribeirao-preto-aerea_2025-03-21_20-24-22_jpg_2025-03-21_20-24-23.webp.webp?fit=1200%2C800&ssl=1&resize=1050%2C600 3x"},"classes":[]},{"id":51464,"url":"https:\/\/noticiasribeiraopreto.com.br\/index.php\/2024\/05\/27\/nova-frente-fria-se-forma-nesta-semana-veja-previsao-e-as-temperaturas-no-interior-de-sp\/","url_meta":{"origin":91016,"position":2},"title":"Nova frente fria se forma nesta semana; Veja previs\u00e3o e as temperaturas no interior de SP","author":"noticiasribeiraopreto.com.br","date":"27 de May de 2024","format":false,"excerpt":"Uma frente fria mudou o tempo no fim de semana, com a chegada da chuva e queda da temperatura no estado de S\u00e3o Paulo. Segundo a Climatempo, a semana deve come\u00e7ar com mais umidade e risco de chuva forte no Oeste, Centro-Leste e Sul do estado paulista. As temperaturas continuam\u2026","rel":"","context":"In &quot;Not\u00edcias de Ribeir\u00e3o Preto-SP e Regi\u00e3o&quot;","block_context":{"text":"Not\u00edcias de Ribeir\u00e3o Preto-SP e Regi\u00e3o","link":"https:\/\/noticiasribeiraopreto.com.br\/index.php\/category\/noticias-de-ribeirao-preto-sp-e-regiao-ismael-colosi\/"},"img":{"alt_text":"","src":"https:\/\/i0.wp.com\/noticiasribeiraopreto.com.br\/wp-content\/uploads\/2024\/05\/WhatsApp-Image-2023-12-23-at-18.39.14.jpeg?fit=1200%2C844&ssl=1&resize=350%2C200","width":350,"height":200,"srcset":"https:\/\/i0.wp.com\/noticiasribeiraopreto.com.br\/wp-content\/uploads\/2024\/05\/WhatsApp-Image-2023-12-23-at-18.39.14.jpeg?fit=1200%2C844&ssl=1&resize=350%2C200 1x, https:\/\/i0.wp.com\/noticiasribeiraopreto.com.br\/wp-content\/uploads\/2024\/05\/WhatsApp-Image-2023-12-23-at-18.39.14.jpeg?fit=1200%2C844&ssl=1&resize=525%2C300 1.5x, https:\/\/i0.wp.com\/noticiasribeiraopreto.com.br\/wp-content\/uploads\/2024\/05\/WhatsApp-Image-2023-12-23-at-18.39.14.jpeg?fit=1200%2C844&ssl=1&resize=700%2C400 2x, https:\/\/i0.wp.com\/noticiasribeiraopreto.com.br\/wp-content\/uploads\/2024\/05\/WhatsApp-Image-2023-12-23-at-18.39.14.jpeg?fit=1200%2C844&ssl=1&resize=1050%2C600 3x"},"classes":[]},{"id":78156,"url":"https:\/\/noticiasribeiraopreto.com.br\/index.php\/2025\/10\/03\/veja-como-fica-o-tempo-no-fim-de-semana-em-ribeirao-preto-2\/","url_meta":{"origin":91016,"position":3},"title":"Veja como fica o tempo no fim de semana em Ribeir\u00e3o Preto","author":"noticiasribeiraopreto.com.br","date":"3 de October de 2025","format":false,"excerpt":"Ribeir\u00e3o Preto segue com previs\u00e3o de calor e n\u00edveis baixos de umidade relativa do ar. A\u00a0Defesa Civil publicou um alerta de\u00a0calor intenso, baixa umidade e risco de inc\u00eandios para o\u00a0interior de S\u00e3o Paulo\u00a0at\u00e9 o pr\u00f3ximo domingo (5). Vem chuva? Nesta sexta-feira (3), um cavado meteorol\u00f3gico \u2013 \u00e1rea de instabilidade que\u2026","rel":"","context":"In &quot;Not\u00edcias de Ribeir\u00e3o Preto-SP e Regi\u00e3o&quot;","block_context":{"text":"Not\u00edcias de Ribeir\u00e3o Preto-SP e Regi\u00e3o","link":"https:\/\/noticiasribeiraopreto.com.br\/index.php\/category\/noticias-de-ribeirao-preto-sp-e-regiao-ismael-colosi\/"},"img":{"alt_text":"","src":"https:\/\/i0.wp.com\/noticiasribeiraopreto.com.br\/wp-content\/uploads\/2025\/06\/WhatsApp-Image-2025-06-17-at-14.27.19_2025-06-17_17-29-48.webp.webp?fit=1200%2C540&ssl=1&resize=350%2C200","width":350,"height":200,"srcset":"https:\/\/i0.wp.com\/noticiasribeiraopreto.com.br\/wp-content\/uploads\/2025\/06\/WhatsApp-Image-2025-06-17-at-14.27.19_2025-06-17_17-29-48.webp.webp?fit=1200%2C540&ssl=1&resize=350%2C200 1x, https:\/\/i0.wp.com\/noticiasribeiraopreto.com.br\/wp-content\/uploads\/2025\/06\/WhatsApp-Image-2025-06-17-at-14.27.19_2025-06-17_17-29-48.webp.webp?fit=1200%2C540&ssl=1&resize=525%2C300 1.5x, https:\/\/i0.wp.com\/noticiasribeiraopreto.com.br\/wp-content\/uploads\/2025\/06\/WhatsApp-Image-2025-06-17-at-14.27.19_2025-06-17_17-29-48.webp.webp?fit=1200%2C540&ssl=1&resize=700%2C400 2x, https:\/\/i0.wp.com\/noticiasribeiraopreto.com.br\/wp-content\/uploads\/2025\/06\/WhatsApp-Image-2025-06-17-at-14.27.19_2025-06-17_17-29-48.webp.webp?fit=1200%2C540&ssl=1&resize=1050%2C600 3x"},"classes":[]},{"id":65538,"url":"https:\/\/noticiasribeiraopreto.com.br\/index.php\/2025\/03\/21\/primeiro-fim-de-semana-do-outono-com-chuva-ou-sol-confira-a-previsao-em-ribeirao-preto\/","url_meta":{"origin":91016,"position":4},"title":"Primeiro fim de semana do outono\u00a0com chuva ou sol? Confira a previs\u00e3o em Ribeir\u00e3o Preto","author":"noticiasribeiraopreto.com.br","date":"21 de March de 2025","format":false,"excerpt":"O outono 2025 teve in\u00edcio nesta quinta-feira (20) e o primeiro fim de semana da nova esta\u00e7\u00e3o tem previs\u00e3o de pancadas de chuva na regi\u00e3o de Ribeir\u00e3o Preto. Segundo a\u00a0Climatempo, nesta sexta-feira (21), h\u00e1 condi\u00e7\u00f5es para chuvas isoladas, com potencial para\u00a0pancadas fortes com raios e ventos, principalmente no extremo\u00a0Norte\u00a0do estado\u2026","rel":"","context":"In &quot;Not\u00edcias de Ribeir\u00e3o Preto-SP e Regi\u00e3o&quot;","block_context":{"text":"Not\u00edcias de Ribeir\u00e3o Preto-SP e Regi\u00e3o","link":"https:\/\/noticiasribeiraopreto.com.br\/index.php\/category\/noticias-de-ribeirao-preto-sp-e-regiao-ismael-colosi\/"},"img":{"alt_text":"","src":"https:\/\/i0.wp.com\/noticiasribeiraopreto.com.br\/wp-content\/uploads\/2025\/03\/ribeirao_preto_1200x675_07122021064330.jpg?fit=1200%2C675&ssl=1&resize=350%2C200","width":350,"height":200,"srcset":"https:\/\/i0.wp.com\/noticiasribeiraopreto.com.br\/wp-content\/uploads\/2025\/03\/ribeirao_preto_1200x675_07122021064330.jpg?fit=1200%2C675&ssl=1&resize=350%2C200 1x, https:\/\/i0.wp.com\/noticiasribeiraopreto.com.br\/wp-content\/uploads\/2025\/03\/ribeirao_preto_1200x675_07122021064330.jpg?fit=1200%2C675&ssl=1&resize=525%2C300 1.5x, https:\/\/i0.wp.com\/noticiasribeiraopreto.com.br\/wp-content\/uploads\/2025\/03\/ribeirao_preto_1200x675_07122021064330.jpg?fit=1200%2C675&ssl=1&resize=700%2C400 2x, https:\/\/i0.wp.com\/noticiasribeiraopreto.com.br\/wp-content\/uploads\/2025\/03\/ribeirao_preto_1200x675_07122021064330.jpg?fit=1200%2C675&ssl=1&resize=1050%2C600 3x"},"classes":[]},{"id":71037,"url":"https:\/\/noticiasribeiraopreto.com.br\/index.php\/2025\/06\/02\/com-cavado-tempo-vira-no-inicio-desta-semana-em-ribeirao-preto-veja-previsao\/","url_meta":{"origin":91016,"position":5},"title":"Com cavado, tempo vira no in\u00edcio desta semana em Ribeir\u00e3o Preto; Veja previs\u00e3o","author":"noticiasribeiraopreto.com.br","date":"2 de June de 2025","format":false,"excerpt":"A semana come\u00e7a com o avan\u00e7o de um cavado meteorol\u00f3gico sobre a regi\u00e3o de Ribeir\u00e3o Preto. Segundo a Climatempo, j\u00e1 nesta segunda-feira (2) h\u00e1 previs\u00e3o de pancadas de chuva devido ao seu deslocamento pela regi\u00e3o no fim do dia. Essa \u00e1rea de instabilidade favorece a forma\u00e7\u00e3o de nuvens de chuva\u2026","rel":"","context":"In &quot;Not\u00edcias de Ribeir\u00e3o Preto-SP e Regi\u00e3o&quot;","block_context":{"text":"Not\u00edcias de Ribeir\u00e3o Preto-SP e Regi\u00e3o","link":"https:\/\/noticiasribeiraopreto.com.br\/index.php\/category\/noticias-de-ribeirao-preto-sp-e-regiao-ismael-colosi\/"},"img":{"alt_text":"","src":"https:\/\/i0.wp.com\/noticiasribeiraopreto.com.br\/wp-content\/uploads\/2024\/08\/WhatsApp-Image-2024-07-13-at-19.42.17_2024-07-13_22-42-51_jpeg_2024-07-13_22-42-51.webp.webp?fit=1200%2C553&ssl=1&resize=350%2C200","width":350,"height":200,"srcset":"https:\/\/i0.wp.com\/noticiasribeiraopreto.com.br\/wp-content\/uploads\/2024\/08\/WhatsApp-Image-2024-07-13-at-19.42.17_2024-07-13_22-42-51_jpeg_2024-07-13_22-42-51.webp.webp?fit=1200%2C553&ssl=1&resize=350%2C200 1x, https:\/\/i0.wp.com\/noticiasribeiraopreto.com.br\/wp-content\/uploads\/2024\/08\/WhatsApp-Image-2024-07-13-at-19.42.17_2024-07-13_22-42-51_jpeg_2024-07-13_22-42-51.webp.webp?fit=1200%2C553&ssl=1&resize=525%2C300 1.5x, https:\/\/i0.wp.com\/noticiasribeiraopreto.com.br\/wp-content\/uploads\/2024\/08\/WhatsApp-Image-2024-07-13-at-19.42.17_2024-07-13_22-42-51_jpeg_2024-07-13_22-42-51.webp.webp?fit=1200%2C553&ssl=1&resize=700%2C400 2x, https:\/\/i0.wp.com\/noticiasribeiraopreto.com.br\/wp-content\/uploads\/2024\/08\/WhatsApp-Image-2024-07-13-at-19.42.17_2024-07-13_22-42-51_jpeg_2024-07-13_22-42-51.webp.webp?fit=1200%2C553&ssl=1&resize=1050%2C600 3x"},"classes":[]}],"jetpack_sharing_enabled":true,"jetpack_shortlink":"https:\/\/wp.me\/peQAOb-nG0","jetpack_featured_media_url":"https:\/\/i0.wp.com\/noticiasribeiraopreto.com.br\/wp-content\/uploads\/2026\/09\/previsao-tempo-ribeirao-preto_2026-01-20_10-55-06.webp.webp?fit=1200%2C900&ssl=1","_links":{"self":[{"href":"https:\/\/noticiasribeiraopreto.com.br\/index.php\/wp-json\/wp\/v2\/posts\/91016","targetHints":{"allow":["GET"]}}],"collection":[{"href":"https:\/\/noticiasribeiraopreto.com.br\/index.php\/wp-json\/wp\/v2\/posts"}],"about":[{"href":"https:\/\/noticiasribeiraopreto.com.br\/index.php\/wp-json\/wp\/v2\/types\/post"}],"author":[{"embeddable":true,"href":"https:\/\/noticiasribeiraopreto.com.br\/index.php\/wp-json\/wp\/v2\/users\/1"}],"replies":[{"embeddable":true,"href":"https:\/\/noticiasribeiraopreto.com.br\/index.php\/wp-json\/wp\/v2\/comments?post=91016"}],"version-history":[{"count":0,"href":"https:\/\/noticiasribeiraopreto.com.br\/index.php\/wp-json\/wp\/v2\/posts\/91016\/revisions"}],"wp:featuredmedia":[{"embeddable":true,"href":"https:\/\/noticiasribeiraopreto.com.br\/index.php\/wp-json\/wp\/v2\/media\/91017"}],"wp:attachment":[{"href":"https:\/\/noticiasribeiraopreto.com.br\/index.php\/wp-json\/wp\/v2\/media?parent=91016"}],"wp:term":[{"taxonomy":"category","embeddable":true,"href":"https:\/\/noticiasribeiraopreto.com.br\/index.php\/wp-json\/wp\/v2\/categories?post=91016"},{"taxonomy":"post_tag","embeddable":true,"href":"https:\/\/noticiasribeiraopreto.com.br\/index.php\/wp-json\/wp\/v2\/tags?post=91016"}],"curies":[{"name":"wp","href":"https:\/\/api.w.org\/{rel}","templated":true}]}}