{"id":91018,"date":"2026-09-03T07:56:57","date_gmt":"2026-09-03T10:56:57","guid":{"rendered":"https:\/\/noticiasribeiraopreto.com.br\/index.php\/2026\/09\/03\/vereadores-aprovam-indicacao-que-exige-a-construcao-de-nova-base-da-gcm-no-manoel-penna\/"},"modified":"2026-09-03T07:56:57","modified_gmt":"2026-09-03T10:56:57","slug":"vereadores-aprovam-indicacao-que-exige-a-construcao-de-nova-base-da-gcm-no-manoel-penna","status":"publish","type":"post","link":"https:\/\/noticiasribeiraopreto.com.br\/index.php\/2026\/09\/03\/vereadores-aprovam-indicacao-que-exige-a-construcao-de-nova-base-da-gcm-no-manoel-penna\/","title":{"rendered":"Vereadores aprovam Indica\u00e7\u00e3o que exige a constru\u00e7\u00e3o de nova base da GCM no Manoel Penna"},"content":{"rendered":"<div class='code-block code-block-1' style='margin: 8px 0 8px auto; text-align: right; display: block; clear: both;'>\n<p><a href=\"https:\/\/wa.link\/vpicfd\"><img data-recalc-dims=\"1\" class=\"wp-image-4922\" style=\"aspect-ratio: 2.0253164556962027; width: 561px; height: auto;\" src=\"https:\/\/i0.wp.com\/ismaelcolosi.com.br\/wp-content\/uploads\/2023\/11\/grupo-de-empregos-whatsapp-e-facebook-ismael-colosi-vagas.jpg?ssl=1\" alt=\"\" \/><\/a><\/p>\n<!-- \/wp:image -->\n<\/div>\n<p> <br \/>\n<\/p>\n<div data-td-block-uid=\"tdi_142\">\n<div class=\"tdb-block-inner td-fix-index\">\n<p>Os vereadores de Ribeir\u00e3o Preto aprovaram nesta quarta-feira (02) a <a href=\"https:\/\/publico.camararibeiraopreto.sp.gov.br\/pysc\/download_materia_pysc?cod_materia=NTAyODYx&amp;texto_original=1\">Indica\u00e7\u00e3o N\u00b0 2974\/2026<\/a>, q<strong>ue prop\u00f5e a constru\u00e7\u00e3o de uma nova base da Guarda Civil Metropolitana (GCM) no bairro Conjunto Habitacional Manoel Penna.<\/strong><\/p>\n<p><strong>19 votos aprovaram a Indica\u00e7\u00e3o<\/strong>, proposta pelo vereador Sargento Lopes (PL). O presidente da Casa, Daniel Gobbi (PP), n\u00e3o votou. Isaac Antunes (PL) e Maur\u00edcio Gasparini (Uni\u00e3o) estiveram ausentes da Sess\u00e3o.<\/p>\n<p>O documento afirma a constru\u00e7\u00e3o da nova base considerando <strong>\u201cque a instala\u00e7\u00e3o de uma base da Guarda Civil Metropolitana no bairro poder\u00e1 contribuir para intensificar o patrulhamento preventivo, agilizar o atendimento de ocorr\u00eancias e fortalecer a atua\u00e7\u00e3o dos agentes de seguran\u00e7a junto \u00e0 comunidade local\u201d.<\/strong><\/p>\n<p>Al\u00e9m disso, o documento destaca que<strong> \u201ca presen\u00e7a permanente ou estrat\u00e9gica da Guarda Civil Metropolitana pode auxiliar na preven\u00e7\u00e3o de atos de vandalismo, furtos e demais ocorr\u00eancias, al\u00e9m de proporcionar maior sensa\u00e7\u00e3o de seguran\u00e7a aos moradores, comerciantes e demais frequentadores da regi\u00e3o\u201d.<\/strong><\/p>\n<p>Aprovada pelo Legislativo, a Indica\u00e7\u00e3o dever\u00e1 dar entrada no Poder Executivo para <strong>a realiza\u00e7\u00e3o de estudos e a ado\u00e7\u00e3o das provid\u00eancias necess\u00e1rias para viabilizar a instala\u00e7\u00e3o de uma base da Guarda Civil Metropolitana.<\/strong> N\u00e3o h\u00e1 local previsto para a constru\u00e7\u00e3o, at\u00e9 o momento.<\/p>\n<\/div>\n<\/div>\n<p><br \/>\n<br \/><a href=\"https:\/\/thmais.com.br\/cidades\/ribeirao-preto\/vereadores-aprovam-indicacao-que-exige-a-construcao-de-nova-base-da-gcm-no-manoel-penna\/\">Link para o texto original aqui <\/a><\/p>\n<!-- CONTENT END 1 -->\n","protected":false},"excerpt":{"rendered":"<p>Os vereadores de Ribeir\u00e3o Preto aprovaram nesta quarta-feira (02) a Indica\u00e7\u00e3o N\u00b0 2974\/2026, que prop\u00f5e a constru\u00e7\u00e3o de uma nova base da Guarda Civil Metropolitana&#8230;<\/p>\n","protected":false},"author":1,"featured_media":91019,"comment_status":"","ping_status":"","sticky":false,"template":"","format":"standard","meta":{"advanced_seo_description":"","jetpack_seo_html_title":"","jetpack_seo_noindex":false,"jetpack_seo_schema_type":"","_jetpack_newsletter_access":"","_jetpack_dont_email_post_to_subs":false,"_jetpack_newsletter_tier_id":0,"_jetpack_memberships_contains_paywalled_content":false,"_jetpack_feature_clip_id":0,"_jetpack_memberships_contains_paid_content":false,"footnotes":"","jetpack_publicize_message":"","jetpack_publicize_feature_enabled":true,"jetpack_social_post_already_shared":true,"jetpack_social_options":{"image_generator_settings":{"template":"highway","default_image_id":0,"font":"","enabled":false},"version":2},"jetpack_post_was_ever_published":false},"categories":[11],"tags":[4041,2756,2163,7236,1049,1617,4954,8898,4686,422,8899,6456,1355],"class_list":["post-91018","post","type-post","status-publish","format-standard","has-post-thumbnail","hentry","category-noticias-de-ribeirao-preto-sp-e-regiao-ismael-colosi","tag-aprovam","tag-base","tag-construcao","tag-exige","tag-gcm","tag-indicacao","tag-manoel","tag-manoel-penna","tag-noticias","tag-nova","tag-penna","tag-ribeirao-preto","tag-vereadores"],"jetpack_publicize_connections":[],"jetpack-related-posts":[{"id":89913,"url":"https:\/\/noticiasribeiraopreto.com.br\/index.php\/2026\/08\/13\/vereadores-aprovam-indicacao-que-cobra-reforma-de-base-comunitaria-abandonada-no-jardim-aeroporto\/","url_meta":{"origin":91018,"position":0},"title":"Vereadores aprovam Indica\u00e7\u00e3o que cobra reforma de Base Comunit\u00e1ria abandonada no Jardim Aeroporto","author":"noticiasribeiraopreto.com.br","date":"13 de August de 2026","format":false,"excerpt":"Os vereadores de Ribeir\u00e3o Preto aprovaram ontem (12), durante Sess\u00e3o Ordin\u00e1ria, a Indica\u00e7\u00e3o N\u00b02636\/2026, que cobra a reforma da Base de Apoio Comunit\u00e1rio (BAC) abandonada no bairro Jardim Aeroporto, na zona Norte de Ribeir\u00e3o Preto.A Indica\u00e7\u00e3o foi proposta pela vereadora Judeti Zilli (PT) e recebeu 15 votos positivos. N\u00e3o votaram:\u2026","rel":"","context":"In &quot;Not\u00edcias de Ribeir\u00e3o Preto-SP e Regi\u00e3o&quot;","block_context":{"text":"Not\u00edcias de Ribeir\u00e3o Preto-SP e Regi\u00e3o","link":"https:\/\/noticiasribeiraopreto.com.br\/index.php\/category\/noticias-de-ribeirao-preto-sp-e-regiao-ismael-colosi\/"},"img":{"alt_text":"","src":"https:\/\/i0.wp.com\/noticiasribeiraopreto.com.br\/wp-content\/uploads\/2026\/08\/Captura-de-tela-2026-08-13-102247.png?fit=1200%2C708&ssl=1&resize=350%2C200","width":350,"height":200,"srcset":"https:\/\/i0.wp.com\/noticiasribeiraopreto.com.br\/wp-content\/uploads\/2026\/08\/Captura-de-tela-2026-08-13-102247.png?fit=1200%2C708&ssl=1&resize=350%2C200 1x, https:\/\/i0.wp.com\/noticiasribeiraopreto.com.br\/wp-content\/uploads\/2026\/08\/Captura-de-tela-2026-08-13-102247.png?fit=1200%2C708&ssl=1&resize=525%2C300 1.5x, https:\/\/i0.wp.com\/noticiasribeiraopreto.com.br\/wp-content\/uploads\/2026\/08\/Captura-de-tela-2026-08-13-102247.png?fit=1200%2C708&ssl=1&resize=700%2C400 2x, https:\/\/i0.wp.com\/noticiasribeiraopreto.com.br\/wp-content\/uploads\/2026\/08\/Captura-de-tela-2026-08-13-102247.png?fit=1200%2C708&ssl=1&resize=1050%2C600 3x"},"classes":[]},{"id":73140,"url":"https:\/\/noticiasribeiraopreto.com.br\/index.php\/2025\/06\/25\/vereadores-aprovam-cerca-com-alambrados-em-pracas-da-cidade\/","url_meta":{"origin":91018,"position":1},"title":"Vereadores aprovam cerca com alambrados em pra\u00e7as da cidade","author":"noticiasribeiraopreto.com.br","date":"25 de June de 2025","format":false,"excerpt":"25 de junho de 2025 20:217 Compartilhar0 Por 14 votos favor\u00e1veis, tr\u00eas contr\u00e1rios e duas absten\u00e7\u00f5es, os vereadores de Ribeir\u00e3o Preto aprovaram uma Indica\u00e7\u00e3o ao prefeito Ricardo Silva (PSD) pedindo que a prefeitura cerque com alambrado ou gradis, 13 pra\u00e7as p\u00fablicas da cidade. A indica\u00e7\u00e3o de autoria do vereador Junin\u2026","rel":"","context":"In &quot;Not\u00edcias de Ribeir\u00e3o Preto-SP e Regi\u00e3o&quot;","block_context":{"text":"Not\u00edcias de Ribeir\u00e3o Preto-SP e Regi\u00e3o","link":"https:\/\/noticiasribeiraopreto.com.br\/index.php\/category\/noticias-de-ribeirao-preto-sp-e-regiao-ismael-colosi\/"},"img":{"alt_text":"","src":"https:\/\/i0.wp.com\/noticiasribeiraopreto.com.br\/wp-content\/uploads\/2025\/06\/aparafusado-89-416x311m0.jpg?fit=416%2C311&ssl=1&resize=350%2C200","width":350,"height":200},"classes":[]},{"id":85666,"url":"https:\/\/noticiasribeiraopreto.com.br\/index.php\/2026\/05\/14\/apos-polemica-entre-vereador-e-skatistas-do-calcadao-camara-aprova-indicacao-para-construcao-de-nova-pista-de-skate-em-ribeirao-preto\/","url_meta":{"origin":91018,"position":2},"title":"Ap\u00f3s pol\u00eamica entre vereador e skatistas do Cal\u00e7ad\u00e3o, C\u00e2mara aprova Indica\u00e7\u00e3o para constru\u00e7\u00e3o de nova pista de skate em Ribeir\u00e3o Preto &#8211; THMais","author":"noticiasribeiraopreto.com.br","date":"14 de May de 2026","format":false,"excerpt":"Ap\u00f3s a pol\u00eamica envolvendo o pedido do aumento da fiscaliza\u00e7\u00e3o policial contra skatistas e ciclistas do Cal\u00e7ad\u00e3o de Ribeir\u00e3o Preto, conforme veiculado com exclusividade pelo jornalismo do TH+ Portal, os vereadores aprovaram uma Indica\u00e7\u00e3o que prop\u00f5e \u00e0 prefeitura a constru\u00e7\u00e3o de uma nova pista de skate no munic\u00edpio.\u00a0A Indica\u00e7\u00e3o N\u00b01517\/2026,\u2026","rel":"","context":"In &quot;Not\u00edcias de Ribeir\u00e3o Preto-SP e Regi\u00e3o&quot;","block_context":{"text":"Not\u00edcias de Ribeir\u00e3o Preto-SP e Regi\u00e3o","link":"https:\/\/noticiasribeiraopreto.com.br\/index.php\/category\/noticias-de-ribeirao-preto-sp-e-regiao-ismael-colosi\/"},"img":{"alt_text":"","src":"https:\/\/i0.wp.com\/noticiasribeiraopreto.com.br\/wp-content\/uploads\/2026\/05\/WhatsApp-Image-2026-05-14-at-08.53.20.jpeg?fit=680%2C510&ssl=1&resize=350%2C200","width":350,"height":200,"srcset":"https:\/\/i0.wp.com\/noticiasribeiraopreto.com.br\/wp-content\/uploads\/2026\/05\/WhatsApp-Image-2026-05-14-at-08.53.20.jpeg?fit=680%2C510&ssl=1&resize=350%2C200 1x, https:\/\/i0.wp.com\/noticiasribeiraopreto.com.br\/wp-content\/uploads\/2026\/05\/WhatsApp-Image-2026-05-14-at-08.53.20.jpeg?fit=680%2C510&ssl=1&resize=525%2C300 1.5x"},"classes":[]},{"id":88149,"url":"https:\/\/noticiasribeiraopreto.com.br\/index.php\/2026\/07\/15\/construcao-de-novas-bases-da-gcm-avanca-em-ribeirao-preto\/","url_meta":{"origin":91018,"position":3},"title":"Constru\u00e7\u00e3o de novas bases da GCM avan\u00e7a em Ribeir\u00e3o Preto e prefeitura prev\u00ea entregas ainda em 2026","author":"noticiasribeiraopreto.com.br","date":"15 de July de 2026","format":false,"excerpt":"Para a constru\u00e7\u00e3o de novas bases da Guarda Civil Metropolitana em Ribeir\u00e3o Preto, a Secretaria da Casa Civil de Ribeir\u00e3o Preto autorizou, por Portarias publicadas no Di\u00e1rio Oficial desta ter\u00e7a-feira (14), a instala\u00e7\u00e3o de canteiros de obras no Cal\u00e7ad\u00e3o, Pra\u00e7a Schmidt e Avenida Saudade.As libera\u00e7\u00f5es acontecem meses ap\u00f3s a aprova\u00e7\u00e3o\u2026","rel":"","context":"In &quot;Not\u00edcias de Ribeir\u00e3o Preto-SP e Regi\u00e3o&quot;","block_context":{"text":"Not\u00edcias de Ribeir\u00e3o Preto-SP e Regi\u00e3o","link":"https:\/\/noticiasribeiraopreto.com.br\/index.php\/category\/noticias-de-ribeirao-preto-sp-e-regiao-ismael-colosi\/"},"img":{"alt_text":"","src":"https:\/\/i0.wp.com\/noticiasribeiraopreto.com.br\/wp-content\/uploads\/2026\/07\/gcm_base_-_foto_fernando_gonzaga_3030326.jpg?fit=1200%2C800&ssl=1&resize=350%2C200","width":350,"height":200,"srcset":"https:\/\/i0.wp.com\/noticiasribeiraopreto.com.br\/wp-content\/uploads\/2026\/07\/gcm_base_-_foto_fernando_gonzaga_3030326.jpg?fit=1200%2C800&ssl=1&resize=350%2C200 1x, https:\/\/i0.wp.com\/noticiasribeiraopreto.com.br\/wp-content\/uploads\/2026\/07\/gcm_base_-_foto_fernando_gonzaga_3030326.jpg?fit=1200%2C800&ssl=1&resize=525%2C300 1.5x, https:\/\/i0.wp.com\/noticiasribeiraopreto.com.br\/wp-content\/uploads\/2026\/07\/gcm_base_-_foto_fernando_gonzaga_3030326.jpg?fit=1200%2C800&ssl=1&resize=700%2C400 2x, https:\/\/i0.wp.com\/noticiasribeiraopreto.com.br\/wp-content\/uploads\/2026\/07\/gcm_base_-_foto_fernando_gonzaga_3030326.jpg?fit=1200%2C800&ssl=1&resize=1050%2C600 3x"},"classes":[]},{"id":1063,"url":"https:\/\/noticiasribeiraopreto.com.br\/index.php\/2023\/11\/10\/rp-recebeu-r-32-mi-em-emendas\/","url_meta":{"origin":91018,"position":4},"title":"RP recebeu R$ 3,2 mi em emendas\u00a0","author":"noticiasribeiraopreto.com.br","date":"10 de November de 2023","format":false,"excerpt":"10 de novembro de 2023 | 10:0010 de novembro de 2023 | 8:16 0Dados da prefeitura de Ribeir\u00e3o Preto| revelam que, neste ano, a cidade j\u00e1 recebeu R$ 3.215.000 em emendas parlamentares individuais feitas por deputados federais. Os recursos foram enviados por meio de Transfer\u00eancia Especial, criada pela Emenda Constitucional\u2026","rel":"","context":"In &quot;Not\u00edcias de Ribeir\u00e3o Preto-SP e Regi\u00e3o&quot;","block_context":{"text":"Not\u00edcias de Ribeir\u00e3o Preto-SP e Regi\u00e3o","link":"https:\/\/noticiasribeiraopreto.com.br\/index.php\/category\/noticias-de-ribeirao-preto-sp-e-regiao-ismael-colosi\/"},"img":{"alt_text":"","src":"https:\/\/i0.wp.com\/noticiasribeiraopreto.com.br\/wp-content\/uploads\/2023\/11\/camara.jpg?fit=800%2C478&ssl=1&resize=350%2C200","width":350,"height":200,"srcset":"https:\/\/i0.wp.com\/noticiasribeiraopreto.com.br\/wp-content\/uploads\/2023\/11\/camara.jpg?fit=800%2C478&ssl=1&resize=350%2C200 1x, https:\/\/i0.wp.com\/noticiasribeiraopreto.com.br\/wp-content\/uploads\/2023\/11\/camara.jpg?fit=800%2C478&ssl=1&resize=525%2C300 1.5x, https:\/\/i0.wp.com\/noticiasribeiraopreto.com.br\/wp-content\/uploads\/2023\/11\/camara.jpg?fit=800%2C478&ssl=1&resize=700%2C400 2x"},"classes":[]},{"id":78422,"url":"https:\/\/noticiasribeiraopreto.com.br\/index.php\/2025\/10\/10\/guarda-civil-projeta-construcao-de-bases-em-praca-e-no-calcadao-de-ribeirao-preto\/","url_meta":{"origin":91018,"position":5},"title":"Guarda Civil projeta constru\u00e7\u00e3o de bases em pra\u00e7a e no Cal\u00e7ad\u00e3o de Ribeir\u00e3o Preto","author":"noticiasribeiraopreto.com.br","date":"10 de October de 2025","format":false,"excerpt":"A Prefeitura de Ribeir\u00e3o Preto encaminhou para C\u00e2mara Municipal um projeto de lei de abertura de cr\u00e9dito especial para constru\u00e7\u00e3o de duas bases da GCM (Guarda Civil Metropolitana). Segundo a proposta, o valor de R$ 700 mil ser\u00e1 destinado para constru\u00e7\u00e3o das bases na Pra\u00e7a Francisco Schmidt e no Cal\u00e7ad\u00e3o.\u2026","rel":"","context":"In &quot;Not\u00edcias de Ribeir\u00e3o Preto-SP e Regi\u00e3o&quot;","block_context":{"text":"Not\u00edcias de Ribeir\u00e3o Preto-SP e Regi\u00e3o","link":"https:\/\/noticiasribeiraopreto.com.br\/index.php\/category\/noticias-de-ribeirao-preto-sp-e-regiao-ismael-colosi\/"},"img":{"alt_text":"","src":"https:\/\/i0.wp.com\/noticiasribeiraopreto.com.br\/wp-content\/uploads\/2025\/10\/gcm-ribeirao-preto_2025-10-10_13-53-06.webp.webp?fit=1200%2C900&ssl=1&resize=350%2C200","width":350,"height":200,"srcset":"https:\/\/i0.wp.com\/noticiasribeiraopreto.com.br\/wp-content\/uploads\/2025\/10\/gcm-ribeirao-preto_2025-10-10_13-53-06.webp.webp?fit=1200%2C900&ssl=1&resize=350%2C200 1x, https:\/\/i0.wp.com\/noticiasribeiraopreto.com.br\/wp-content\/uploads\/2025\/10\/gcm-ribeirao-preto_2025-10-10_13-53-06.webp.webp?fit=1200%2C900&ssl=1&resize=525%2C300 1.5x, https:\/\/i0.wp.com\/noticiasribeiraopreto.com.br\/wp-content\/uploads\/2025\/10\/gcm-ribeirao-preto_2025-10-10_13-53-06.webp.webp?fit=1200%2C900&ssl=1&resize=700%2C400 2x, https:\/\/i0.wp.com\/noticiasribeiraopreto.com.br\/wp-content\/uploads\/2025\/10\/gcm-ribeirao-preto_2025-10-10_13-53-06.webp.webp?fit=1200%2C900&ssl=1&resize=1050%2C600 3x"},"classes":[]}],"jetpack_sharing_enabled":true,"jetpack_shortlink":"https:\/\/wp.me\/peQAOb-nG2","jetpack_featured_media_url":"https:\/\/i0.wp.com\/noticiasribeiraopreto.com.br\/wp-content\/uploads\/2026\/09\/WhatsApp-Image-2025-11-24-at-07.18.45.jpeg?fit=1600%2C900&ssl=1","_links":{"self":[{"href":"https:\/\/noticiasribeiraopreto.com.br\/index.php\/wp-json\/wp\/v2\/posts\/91018","targetHints":{"allow":["GET"]}}],"collection":[{"href":"https:\/\/noticiasribeiraopreto.com.br\/index.php\/wp-json\/wp\/v2\/posts"}],"about":[{"href":"https:\/\/noticiasribeiraopreto.com.br\/index.php\/wp-json\/wp\/v2\/types\/post"}],"author":[{"embeddable":true,"href":"https:\/\/noticiasribeiraopreto.com.br\/index.php\/wp-json\/wp\/v2\/users\/1"}],"replies":[{"embeddable":true,"href":"https:\/\/noticiasribeiraopreto.com.br\/index.php\/wp-json\/wp\/v2\/comments?post=91018"}],"version-history":[{"count":0,"href":"https:\/\/noticiasribeiraopreto.com.br\/index.php\/wp-json\/wp\/v2\/posts\/91018\/revisions"}],"wp:featuredmedia":[{"embeddable":true,"href":"https:\/\/noticiasribeiraopreto.com.br\/index.php\/wp-json\/wp\/v2\/media\/91019"}],"wp:attachment":[{"href":"https:\/\/noticiasribeiraopreto.com.br\/index.php\/wp-json\/wp\/v2\/media?parent=91018"}],"wp:term":[{"taxonomy":"category","embeddable":true,"href":"https:\/\/noticiasribeiraopreto.com.br\/index.php\/wp-json\/wp\/v2\/categories?post=91018"},{"taxonomy":"post_tag","embeddable":true,"href":"https:\/\/noticiasribeiraopreto.com.br\/index.php\/wp-json\/wp\/v2\/tags?post=91018"}],"curies":[{"name":"wp","href":"https:\/\/api.w.org\/{rel}","templated":true}]}}