{"id":91020,"date":"2026-09-03T08:13:48","date_gmt":"2026-09-03T11:13:48","guid":{"rendered":"https:\/\/noticiasribeiraopreto.com.br\/index.php\/2026\/09\/03\/marcia-tiburi-e-grupo-galpao-sao-destaques-da-quinta-feira-na-fil-em-ribeirao-confira-a-programacao\/"},"modified":"2026-09-03T08:13:48","modified_gmt":"2026-09-03T11:13:48","slug":"marcia-tiburi-e-grupo-galpao-sao-destaques-da-quinta-feira-na-fil-em-ribeirao-confira-a-programacao","status":"publish","type":"post","link":"https:\/\/noticiasribeiraopreto.com.br\/index.php\/2026\/09\/03\/marcia-tiburi-e-grupo-galpao-sao-destaques-da-quinta-feira-na-fil-em-ribeirao-confira-a-programacao\/","title":{"rendered":"M\u00e1rcia Tiburi e Grupo Galp\u00e3o s\u00e3o destaques da quinta-feira na FIL em Ribeir\u00e3o; Confira a programa\u00e7\u00e3o"},"content":{"rendered":"<div class='code-block code-block-1' style='margin: 8px 0 8px auto; text-align: right; display: block; clear: both;'>\n<p><a href=\"https:\/\/wa.link\/vpicfd\"><img data-recalc-dims=\"1\" class=\"wp-image-4922\" style=\"aspect-ratio: 2.0253164556962027; width: 561px; height: auto;\" src=\"https:\/\/i0.wp.com\/ismaelcolosi.com.br\/wp-content\/uploads\/2023\/11\/grupo-de-empregos-whatsapp-e-facebook-ismael-colosi-vagas.jpg?ssl=1\" alt=\"\" \/><\/a><\/p>\n<!-- \/wp:image -->\n<\/div>\n<p> <br \/>\n<\/p>\n<p>A\u00a0<strong>25\u00aa Feira Internacional do Livro (FIL) de Ribeir\u00e3o Preto<\/strong>\u00a0continua nesta\u00a0<strong>quinta-feira (3)\u00a0<\/strong>com um bate-papo com a fil\u00f3sofa <strong>M\u00e1rcia Tiburi<\/strong>, marcado para as\u00a0<strong>14h<\/strong>\u00a0na <strong>Biblioteca Sinh\u00e1 Junqueira<\/strong>, e Espet\u00e1culo Teatral <strong>(Um) Ensaio Sobre a Cegueira<\/strong> pelo Grupo Galp\u00e3o, \u00e0s\u00a0<strong>20h30<\/strong>\u00a0no\u00a0<strong>Theatro Pedro II<\/strong>.<\/p>\n<p>Espalhada por pontos de Ribeir\u00e3o Preto como a Pra\u00e7a XV de Novembro, o Theatro Pedro II e a Biblioteca Sinh\u00e1 Junqueira, a programa\u00e7\u00e3o do evento abrange conta\u00e7\u00f5es de hist\u00f3rias, oficinas criativas, viv\u00eancias liter\u00e1rias e interven\u00e7\u00f5es art\u00edsticas gratuitas voltadas a todos os p\u00fablicos ao longo do dia.<\/p>\n<p>Para participar das atividades no Theatro Pedro II \u00e9 necess\u00e1rio\u00a0<strong>retirar a senha de acesso com uma hora de anteced\u00eancia<\/strong>. A distribui\u00e7\u00e3o das senhas ocorre na Central de Informa\u00e7\u00f5es da FIL, localizada na\u00a0<mark>Esplanada do Theatro Pedro II<\/mark><mark class=\"has-inline-color\">, em Ribeir\u00e3o Preto.<\/mark><\/p>\n<p>Para o\u00a0<strong>Espa\u00e7o de Oficinas Sesc Senac<\/strong>, \u00e9 necess\u00e1rio\u00a0<strong>retirar as senhas 30 minutos<\/strong>\u00a0antes de cada atividade no pr\u00f3prio espa\u00e7o.\u00a0<mark>Nos demais locais, a entrada ser\u00e1 por ordem de chegada<\/mark>, respeitando a capacidade de cada espa\u00e7o. Programa\u00e7\u00e3o completa e agendamento escolar no\u00a0<a href=\"https:\/\/www.fundacaodolivroeleiturarp.com\/\" target=\"_blank\" rel=\"noreferrer noopener\">site oficial da Funda\u00e7\u00e3o do Livro e Leitura de Ribeir\u00e3o Preto<\/a>.<\/p>\n<p class=\"has-text-align-center has-cyan-bluish-gray-background-color has-background\"><em>Receba not\u00edcias do\u00a0<strong>acidade on Ribeir\u00e3o\u00a0<\/strong>no WhatsApp e fique por dentro de tudo! Basta acessar o link<a href=\"https:\/\/chat.whatsapp.com\/DfXwcjKVIddHUT3BvnQuPZ?mode=hqctshi\" target=\"_blank\" rel=\"noreferrer noopener\">\u00a0aqui<\/a>!<\/em><\/p>\n<h2 class=\"wp-block-heading\"><strong>Confira a programa\u00e7\u00e3o da FIL em Ribeir\u00e3o desta quinta (3)<\/strong><br \/><\/h2>\n<p><strong>8H<\/strong><\/p>\n<p>Oficina \u2022 Empreendedorismo livre<br \/>COM CRIS SOUZA<br \/>A oficina apresenta t\u00e9cnicas de montagem de biqu\u00ednis e aborda o empreendedorismo como ferramenta de gera\u00e7\u00e3o de renda e autonomia. A atividade convida o p\u00fablico a conhecer processos de produ\u00e7\u00e3o artesanal e possibilidades de atua\u00e7\u00e3o no mercado da moda.<br \/>LOCAL Coreto Pra\u00e7a XV de Novembro \u2022 Espa\u00e7o Favela<\/p>\n<p><strong>8H30<\/strong><\/p>\n<p>Interven\u00e7\u00e3o \u2022 Conex\u00f5es sustent\u00e1veis: educa\u00e7\u00e3o ambiental e cidadania em movimento<br \/>A atividade promove reflex\u00f5es sobre sustentabilidade e cidadania por meio de a\u00e7\u00f5es de educa\u00e7\u00e3o ambiental.<br \/>LOCAL Pra\u00e7a XV de Novembro \u2022 Estande Prefeitura Municipal de Ribeir\u00e3o Preto<\/p>\n<p>Interven\u00e7\u00e3o \u2022 Corrida de orienta\u00e7\u00e3o: (re)conhecendo Ribeir\u00e3o Preto pelas cartografias hist\u00f3ricas e geogr\u00e1ficas<br \/>Um percurso educativo que une hist\u00f3ria, geografia e patrim\u00f4nio cultural. Por meio de desafios e mapas, os participantes s\u00e3o convidados a conhecer diferentes aspectos da forma\u00e7\u00e3o urbana e hist\u00f3rica de Ribeir\u00e3o Preto.<br \/>LOCAL Pra\u00e7a XV de Novembro \u2022 Estande Prefeitura Municipal de Ribeir\u00e3o Preto<\/p>\n<p><strong>9H<\/strong><\/p>\n<p>Oficina \u2022 Quilombo de palavras: grito de liberdade<br \/>COM PA\u00cdNA E PSIUL (ONG ARCO-\u00cdRIS)<br \/>A oficina re\u00fane escrita, colagem e produ\u00e7\u00e3o de zines em uma experi\u00eancia art\u00edstica voltada \u00e0 express\u00e3o, \u00e0 diversidade e aos direitos humanos. A proposta incentiva os participantes a criarem narrativas pr\u00f3prias por meio da poesia e das publica\u00e7\u00f5es independentes.<br \/>LOCAL Pra\u00e7a XV de Novembro \u2022 Usina do Saber<\/p>\n<p>Oficina \u2022 Conectando meu futuro: seu guia de carreira<br \/>A oficina prop\u00f5e uma experi\u00eancia interativa para estimular jovens a refletirem sobre escolhas profissionais, autoconhecimento e planejamento de carreira. A atividade combina din\u00e2micas pr\u00e1ticas e ferramentas de orienta\u00e7\u00e3o para o mundo do trabalho.<br \/>LOCAL Pra\u00e7a XV de Novembro \u2022 Espa\u00e7o Oficinas Sesc Senac<\/p>\n<p>Oficina \u2022 Forma\u00e7\u00e3o para agentes de leitura<br \/>COM OBSERVAT\u00d3RIO DO LIVRO E LEITURA<br \/>Mobilizando a leitura liter\u00e1ria como pr\u00e1tica de transforma\u00e7\u00e3o cultural e social, a atividade apresenta ferramentas para o est\u00edmulo do h\u00e1bito de leitura em bibliotecas, escolas e comunidades. Aberto a participantes de todas as idades.<br \/>LOCAL Centro Cultural Palace \u2022 Audit\u00f3rio Pedro Paulo<\/p>\n<p>Conta\u00e7\u00e3o de hist\u00f3ria \u2022 Bia N\u00e3o Quer Dormir<br \/>COM G.U.T.E. (GRUPO URUTAU DE TEATRO EXPERIMENTAL)<br \/>Inspirada na obra de Thalita Rebou\u00e7as, a atividade apresenta a divertida hist\u00f3ria de uma menina apaixonada por princesas que descobre que a vida nos contos de fadas nem sempre \u00e9 como parece.<br \/>LOCAL Esplanada Theatro Pedro II \u2022 Ambient de Leitura<\/p>\n<p><strong><br \/>10H<br \/><\/strong><br \/>Bate-papo \u2022 Sentir para ver: literatura al\u00e9m dos olhos<br \/>COM ADEVIRP<br \/>A experi\u00eancia sensorial convida o p\u00fablico a explorar a literatura por meio do tato, da audi\u00e7\u00e3o e de outros sentidos, ampliando a percep\u00e7\u00e3o sobre acessibilidade e inclus\u00e3o de pessoas com defici\u00eancia visual.<br \/>LOCAL Biblioteca Sinh\u00e1 Junqueira \u2022 Quintal<\/p>\n<p>Conta\u00e7\u00e3o de hist\u00f3ria \u2022 In\u00edcio do In\u00edcio<br \/>COM GRUPO TEATRAL APANELA<br \/>No sert\u00e3o, In\u00edcio da Catingueira transforma desafios em poesia e faz do pandeiro seu companheiro de jornada. O espet\u00e1culo re\u00fane m\u00fasica, narrativa e tradi\u00e7\u00e3o popular para conduzir crian\u00e7as e adultos por uma viagem ao universo dos versos.<br \/>LOCAL Esplanada Theatro Pedro II \u2022 Tenda Sesc Senac<\/p>\n<p>Oficina \u2022 Hackeando o ingl\u00eas: usando o aplicativo que j\u00e1 vem instalado na sua rotina<br \/>Em formato de quiz interativo, a oficina apresenta estrat\u00e9gias para aprender ingl\u00eas utilizando ferramentas j\u00e1 presentes no cotidiano digital. A proposta demonstra como a tecnologia pode tornar o aprendizado mais acess\u00edvel e din\u00e2mico.<br \/>LOCAL Pra\u00e7a XV de Novembro \u2022 Espa\u00e7o Oficinas Sesc Senac<\/p>\n<p><strong>10H15<\/strong><\/p>\n<p>Conta\u00e7\u00e3o de hist\u00f3rias \u2022 Cole\u00e7\u00e3o Financinhas<br \/>COM SICOB COOPERAC<br \/>A partir das hist\u00f3rias da Cole\u00e7\u00e3o Financinhas, do Instituto Sicoob, a atividade aborda temas como sonhos, escolhas, coopera\u00e7\u00e3o, consumo consciente e planejamento, incentivando as crian\u00e7as a refletirem sobre sua rela\u00e7\u00e3o com o dinheiro e com a comunidade onde vivem. De forma l\u00fadica e interativa, a experi\u00eancia une literatura, educa\u00e7\u00e3o financeira e cidadania.<br \/>LOCAL Pra\u00e7a XV de Novembro \u2022 Usina do Saber<\/p>\n<p><strong>10H30<\/strong><\/p>\n<p>Teatro \u2022 Vozes da experi\u00eancia que protegem a inf\u00e2ncia<br \/>COM CRAS 1<br \/>Mulheres participantes da oficina de teatro do CRAS 1, com idades entre 67 e 92 anos, apresentam uma montagem inspirada em hist\u00f3rias de vida e no papel da comunidade na prote\u00e7\u00e3o de crian\u00e7as e adolescentes. A atividade re\u00fane arte, conviv\u00eancia e conscientiza\u00e7\u00e3o em uma apresenta\u00e7\u00e3o coletiva. De forma l\u00fadica e acolhedora, a pe\u00e7a aborda a preven\u00e7\u00e3o ao abuso sexual infantil, fortalecendo a\u00e7\u00f5es de prote\u00e7\u00e3o, autocuidado e orienta\u00e7\u00e3o sobre formas de den\u00fancia.<br \/>LOCAL Pra\u00e7a XV de Novembro \u2022 Estande Prefeitura Municipal de Ribeir\u00e3o Preto<\/p>\n<p>Interven\u00e7\u00e3o \u2022 Palavra Afiada<br \/>COM CIA. TEATRO INCOMUM<br \/>Dois andarilhos percorrem a feira afiando palavras em vez de facas. Entre hist\u00f3rias, can\u00e7\u00f5es, trava-l\u00ednguas, adivinhas e jogos de linguagem, Amola-Rima e Afia-Verbo convidam o p\u00fablico a participar de uma interven\u00e7\u00e3o po\u00e9tica e musical que transforma o encontro em uma experi\u00eancia interativa, em que cada palavra pode dar origem a novas narrativas.<br \/>LOCAL Esplanada Theatro Pedro II<\/p>\n<p><strong>11H<\/strong><\/p>\n<p>Oficina \u2022 Emerg\u00eancia! O que fazer?<br \/>A atividade apresenta orienta\u00e7\u00f5es b\u00e1sicas de primeiros socorros e procedimentos para agir em situa\u00e7\u00f5es de emerg\u00eancia, contribuindo para que os participantes reconhe\u00e7am riscos e saibam como prestar os primeiros atendimentos.<br \/>LOCAL Pra\u00e7a XV de Novembro \u2022 Espa\u00e7o Oficinas Sesc Senac<\/p>\n<p><strong>12H<\/strong><\/p>\n<p>Sarau \u2022 Voz Marginal<br \/>COM BAKARI, BIANCA FALC\u00c3O, FABR\u00cdCIO ALVES, NIVAS, PA\u00cdNA E MARTINS<br \/>Um encontro dedicado \u00e0 poesia falada que re\u00fane artistas da cena marginal, autores independentes e novos talentos em um espa\u00e7o de escuta, cria\u00e7\u00e3o e compartilhamento. Entre versos autorais e performances, o sarau aborda temas como identidade, periferia, juventude, afeto e pertencimento, al\u00e9m de abrir espa\u00e7o para a participa\u00e7\u00e3o do p\u00fablico em momentos de microfone aberto.<br \/>LOCAL Esplanada Theatro Pedro II \u2022 Tenda Sesc Senac<\/p>\n<figure class=\"wp-block-gallery has-nested-images columns-default is-cropped wp-block-gallery-1 is-layout-flex wp-block-gallery-is-layout-flex\">\n<figure class=\"wp-block-image size-large\"><figcaption class=\"wp-element-caption\">M\u00e1rcia Tiburi \u00e9 destaques na Feira do Livro (FIL) de Ribeir\u00e3o Preto \u2013 Foto: Fernando Rabelo.<\/figcaption><\/figure>\n<figure class=\"wp-block-image size-large\"><img data-recalc-dims=\"1\" loading=\"lazy\" decoding=\"async\" width=\"1024\" height=\"576\" data-id=\"173502\" src=\"https:\/\/i0.wp.com\/www.acidadeon.com\/ribeiraopreto\/wp-content\/uploads\/sites\/3\/2026\/09\/roubo-idoso-1-1024x576.jpg?resize=1024%2C576&#038;ssl=1\" alt=\"Grupo Galp\u00e3o \u00e9 destaques na Feira do Livro (FIL) de Ribeir\u00e3o Preto - Foto: divulga\u00e7\u00e3o.\" class=\"wp-image-173502\" title=\"M\u00e1rcia Tiburi e Grupo Galp\u00e3o s\u00e3o destaques da quinta-feira na FIL em Ribeir\u00e3o; Confira a programa\u00e7\u00e3o 2\"><figcaption class=\"wp-element-caption\">Grupo Galp\u00e3o \u00e9 destaques na Feira do Livro (FIL) de Ribeir\u00e3o Preto \u2013 Foto: divulga\u00e7\u00e3o.<\/figcaption><\/figure>\n<\/figure>\n<p><strong>13H30<\/strong><\/p>\n<p>Oficina \u2022 Reflex\u00f5es pr\u00e1ticas sobre economia circular<br \/>Realizada pela Secretaria Municipal de Infraestrutura e Zeladoria em parceria com o Instituto Estre, a atividade apresenta conceitos de economia circular e consumo consciente. A proposta estimula a reflex\u00e3o sobre pr\u00e1ticas ambientais aplic\u00e1veis ao cotidiano.<br \/>LOCAL Pra\u00e7a XV de Novembro \u2022 Estande Prefeitura Municipal de Ribeir\u00e3o Preto<\/p>\n<p>Oficina \u2022 Sem prote\u00e7\u00e3o, sem chance!<br \/>Conduzida de forma interativa, a oficina combina demonstra\u00e7\u00e3o pr\u00e1tica e participa\u00e7\u00e3o ativa dos alunos. Ao final, prop\u00f5e uma experi\u00eancia com realidade virtual, permitindo vivenciar situa\u00e7\u00f5es de risco em ambiente seguro e ampliando a reflex\u00e3o sobre sustentabilidade e consumo consciente.<br \/>LOCAL Pra\u00e7a XV de Novembro \u2022 Espa\u00e7o Oficinas Sesc Senac<\/p>\n<p>Conta\u00e7\u00e3o de hist\u00f3ria \u2022 Bia N\u00e3o Quer Dormir<br \/>COM G.U.T.E. (GRUPO URUTAU DE TEATRO EXPERIMENTAL)<br \/>LOCAL Esplanada Theatro Pedro II \u2022 Ambient de Leitura<\/p>\n<p><strong>14H<\/strong><\/p>\n<p><mark class=\"has-inline-color\">Bate-papo<br \/>COM M\u00c1RCIA TIBURI; MEDIA\u00c7\u00c3O DE NAYARA KOBORI (DOCENTE DOS CURSOS DE COMUNICA\u00c7\u00c3O DO CENTRO UNIVERSIT\u00c1RIO BAR\u00c3O DE MAU\u00c1)<\/mark><br \/>Fil\u00f3sofa, escritora e professora, M\u00e1rcia Tiburi conversa com o p\u00fablico sobre literatura, pensamento cr\u00edtico e os desafios da sociedade contempor\u00e2nea. O encontro percorre temas presentes em sua produ\u00e7\u00e3o intelectual e aborda o papel da escrita como instrumento de reflex\u00e3o sobre o mundo atual.<br \/><mark class=\"has-inline-color\">LOCAL Biblioteca Sinh\u00e1 Junqueira \u2022 Audit\u00f3rio<\/mark><\/p>\n<p>Bate-papo \u2022 Educa\u00e7\u00e3o, intelig\u00eancia artificial e criatividade<br \/>COM ELAINE ASSOLINI, M\u00c1RCIA FIGUEIREDO E MARIA DE F\u00c1TIMA MATTOS<br \/>Pesquisadoras discutem os impactos da intelig\u00eancia artificial nos processos de ensino e aprendizagem, refletindo sobre criatividade, forma\u00e7\u00e3o docente e os desafios de integrar novas tecnologias ao ambiente educacional de forma cr\u00edtica e respons\u00e1vel.<br \/>LOCAL Centro Cultural Palace \u2022 Audit\u00f3rio Pedro Paulo<\/p>\n<p>Conta\u00e7\u00e3o de hist\u00f3ria \u2022 In\u00edcio do In\u00edcio<br \/>COM GRUPO TEATRAL APANELA<br \/>LOCAL Esplanada Theatro Pedro II \u2022 Tenda Sesc Senac<\/p>\n<p><strong>14H30<\/strong><\/p>\n<p>Premia\u00e7\u00e3o \u2022 Entrega do Pr\u00eamio Electro Bonini<br \/>A cerim\u00f4nia homenageia iniciativas e projetos voltados \u00e0 valoriza\u00e7\u00e3o da literatura e da educa\u00e7\u00e3o, reconhecendo a\u00e7\u00f5es que contribuem para a forma\u00e7\u00e3o de leitores e para o fortalecimento da produ\u00e7\u00e3o cultural.<br \/>LOCAL Biblioteca Sinh\u00e1 Junqueira \u2022 Quintal<\/p>\n<p>Oficina \u2022 Quilombo de palavras: grito de liberdade<br \/>COM PA\u00cdNA E PSIUL (ONG ARCO-\u00cdRIS)<br \/>LOCAL Pra\u00e7a XV de Novembro \u2022 Usina do Saber<\/p>\n<p>Oficina \u2022 Bordado liter\u00e1rio: cada ponto aumenta um conto<br \/>A oficina aproxima literatura e arte t\u00eaxtil em uma experi\u00eancia criativa que transforma palavras em bordados. Enquanto aprendem t\u00e9cnicas b\u00e1sicas de costura, os participantes refletem sobre mem\u00f3ria, narrativas e processos de cria\u00e7\u00e3o coletiva.<br \/>LOCAL Pra\u00e7a XV de Novembro \u2022 Espa\u00e7o Oficinas Sesc Senac<\/p>\n<p>Interven\u00e7\u00e3o \u2022 Dr. C\u00e3o Paix\u00e3o<br \/>Os adestradores da ONG conversam com o p\u00fablico sobre o trabalho realizado com c\u00e3es terapeutas que auxiliam na intera\u00e7\u00e3o social e coordena\u00e7\u00e3o motora de pessoas com defici\u00eancia.<br \/>LOCAL Pra\u00e7a XV de Novembro \u2022 Estande Prefeitura Municipal de Ribeir\u00e3o Preto<\/p>\n<p><strong>14H45<\/strong><br \/>Conta\u00e7\u00e3o de hist\u00f3rias \u2022 Cole\u00e7\u00e3o Financinhas<br \/>COM SICOB COOPERAC<br \/>LOCAL Pra\u00e7a XV de Novembro \u2022 Usina do Saber<\/p>\n<p><strong>15H<\/strong><\/p>\n<p>Interven\u00e7\u00e3o \u2022 Palavra Afiada<br \/>COM CIA. TEATRO INCOMUM<br \/>LOCAL Esplanada Theatro Pedro II<\/p>\n<p>Viv\u00eancia \u2022 Fala, Favela<br \/>Neste encontro, o Espa\u00e7o Favela re\u00fane diferentes express\u00f5es da produ\u00e7\u00e3o art\u00edstica local, valorizando o protagonismo, a criatividade e a diversidade de vozes e linguagens da cidade.<br \/>LOCAL Coreto Pra\u00e7a XV de Novembro \u2022 Espa\u00e7o Favela<\/p>\n<p>Oficina de carimbos \u2022 Modos de existir<br \/>COM RIBDOWN<br \/>Conduzida por jovens e adultos da RibDown, a oficina utiliza carimbos, cores e formas para estimular a criatividade e promover experi\u00eancias art\u00edsticas inclusivas. A atividade evidencia o protagonismo das pessoas com s\u00edndrome de Down por meio da produ\u00e7\u00e3o coletiva.<br \/>LOCAL Biblioteca Sinh\u00e1 Junqueira \u2022 Casar\u00e3o<\/p>\n<p><strong>15H30<\/strong><\/p>\n<p>Palestra \u2022 Intelig\u00eancia artificial na pr\u00e1tica: ferramentas, \u00e9tica e futuro da educa\u00e7\u00e3o<br \/>COM MARTA ROBERTA PINHEIRO GARCIA TELES<br \/>A professora e especialista Marta Teles apresenta, de forma pr\u00e1tica, como a intelig\u00eancia artificial j\u00e1 faz parte do cotidiano, da educa\u00e7\u00e3o e do mercado de trabalho. A atividade aborda conceitos, ferramentas, quest\u00f5es \u00e9ticas e aplica\u00e7\u00f5es da IA, al\u00e9m de discutir seus impactos na criatividade, na produtividade e nas transforma\u00e7\u00f5es que essa tecnologia traz para o presente e o futuro.<br \/>LOCAL Esplanada Theatro Pedro II \u2022 Tenda Sesc Senac<\/p>\n<p>Dan\u00e7a \u2022 Prazer, o artista sou eu<br \/>COM CAEERP<br \/>Um espet\u00e1culo que re\u00fane dan\u00e7a, artes manuais e artes visuais, colocando pessoas com defici\u00eancia no centro da produ\u00e7\u00e3o art\u00edstica. A atividade valoriza o talento e a express\u00e3o criativa dos participantes, evidenciando a arte como linguagem de inclus\u00e3o.<br \/>LOCAL Esplanada Theatro Pedro II \u2022 Ambient de Leitura<\/p>\n<p>Oficina \u2022 Do prompt \u00e0 nuvem: criando livros digitais ilustrados com intelig\u00eancia artificial<br \/>A oficina apresenta ferramentas de intelig\u00eancia artificial aplicadas \u00e0 cria\u00e7\u00e3o de livros digitais ilustrados. Os participantes conhecem recursos para desenvolver textos, imagens e narrativas, refletindo sobre novas possibilidades para a produ\u00e7\u00e3o editorial e a criatividade.<br \/>LOCAL Pra\u00e7a XV de Novembro \u2022 Espa\u00e7o Oficinas Sesc Senac<\/p>\n<p><strong>16H<\/strong><\/p>\n<p>Palestra \u2022 Unaerp apresenta Juventude Brasileira: entre ansiedade e futuro<br \/>COM CESAR NUNES<br \/>A partir de uma reflex\u00e3o sobre os desafios da juventude contempor\u00e2nea, o educador, escritor e professor Cesar Nunes, pensador brasileiro na \u00e1rea da forma\u00e7\u00e3o humana, abordar\u00e1 temas como identidade, projeto de vida e perspectivas para o futuro. Um encontro voltado a jovens, educadores, fam\u00edlias e todos os interessados em compreender as transforma\u00e7\u00f5es do nosso tempo.<br \/>LOCAL Theatro Pedro II \u2022 Audit\u00f3rio Meira Junior<\/p>\n<p>Bate-papo \u2022 Entre elas e eles: jovens pela igualdade<br \/>Realizado pela Secretaria da Cidadania, Pessoa com Defici\u00eancia e Inclus\u00e3o Social, em parceria com a Faculdade de Direito de Ribeir\u00e3o Preto da Universidade de S\u00e3o Paulo, o encontro promove uma conversa sobre igualdade de g\u00eanero, respeito \u00e0s diferen\u00e7as e conviv\u00eancia democr\u00e1tica. Por meio de din\u00e2micas e troca de experi\u00eancias, os participantes refletem sobre direitos, cidadania e o papel da juventude na constru\u00e7\u00e3o de uma sociedade mais inclusiva.<br \/>LOCAL Pra\u00e7a XV de Novembro \u2022 Estande Prefeitura Municipal de Ribeir\u00e3o Preto<\/p>\n<p><strong>16H30<br \/><\/strong><br \/>Oficina \u2022 Misturas de temperos (blends): criando sabores \u00fanicos<br \/>A oficina apresenta combina\u00e7\u00f5es de ervas, especiarias e temperos naturais, explorando aromas, sabores e t\u00e9cnicas de preparo. Al\u00e9m da experimenta\u00e7\u00e3o pr\u00e1tica, a atividade estimula o uso consciente dos ingredientes na alimenta\u00e7\u00e3o cotidiana.<br \/>LOCAL Pra\u00e7a XV de Novembro \u2022 Espa\u00e7o Oficinas Sesc Senac<\/p>\n<p><strong>17H<\/strong><\/p>\n<p>Bate-papo \u2022 Elza: insurrei\u00e7\u00e3o na garganta<br \/>COM L\u00cdGIA MORELLI, FABIANA COZZA; MEDIA\u00c7\u00c3O DE ADRIANA FERREIRA SILVA<br \/>A jornalista e escritora L\u00edgia Morelli conversa com a cantora e pesquisadora Fabiana Cozza sobre a hist\u00f3ria de Elza Soares, uma das maiores vozes da m\u00fasica brasileira. A partir do livro Elza: insurrei\u00e7\u00e3o na garganta, o encontro percorre a transforma\u00e7\u00e3o art\u00edstica e pol\u00edtica da cantora, destacando o caminho que culminou no \u00e1lbum A Mulher do Fim do Mundo e consolidou seu legado na cultura brasileira.<br \/>LOCAL Esplanada Theatro Pedro II \u2022 Tenda Sesc Senac<\/p>\n<p>Bate-papo \u2022 Lyubko Deresh<br \/>COM LYUBKO DERESH; MEDIA\u00c7\u00c3O DE JOS\u00c9 MANUEL LOUREN\u00c7O<br \/>Considerado uma das principais vozes da literatura contempor\u00e2nea ucraniana, Lyubko Deresh conversa sobre sua produ\u00e7\u00e3o liter\u00e1ria, o contexto cultural de seu pa\u00eds e o papel da fic\u00e7\u00e3o diante das transforma\u00e7\u00f5es sociais e pol\u00edticas do mundo atual. A\u00e7\u00e3o em parceria com Associa\u00e7\u00e3o Ucraniano-brasileira de Rela\u00e7\u00f5es e Artes AURA e Consulado-Geral da Ucr\u00e2nia.<br \/>LOCAL Centro Cultural Palace \u2022 Audit\u00f3rio Pedro Paulo<\/p>\n<p>Bate-papo \u2022 Di\u00e1logo entre gera\u00e7\u00f5es: quais os caminhos para um futuro mais sustent\u00e1vel? Como as empresas podem colaborar mais?<br \/>COM F\u00d3RUM ESG<br \/>Representantes de diferentes setores debatem pr\u00e1ticas de sustentabilidade, responsabilidade social e os desafios para a constru\u00e7\u00e3o de um futuro ambientalmente equilibrado. O encontro promove um di\u00e1logo entre gera\u00e7\u00f5es sobre o papel das organiza\u00e7\u00f5es e da sociedade nesse processo.<br \/>LOCAL Biblioteca Sinh\u00e1 Junqueira \u2022 Audit\u00f3rio<\/p>\n<p><strong>17H30<\/strong><\/p>\n<p>Interven\u00e7\u00e3o \u2022 ODS em movimento<br \/>A atividade apresenta os Objetivos de Desenvolvimento Sustent\u00e1vel (ODS) da ONU de forma interativa, aproximando o p\u00fablico de temas relacionados ao meio ambiente, educa\u00e7\u00e3o, inclus\u00e3o social e cidadania por meio de experi\u00eancias participativas.<br \/>LOCAL Pra\u00e7a XV de Novembro \u2022 Espa\u00e7o Oficinas Sesc Senac<\/p>\n<p><strong>18H30<\/strong><\/p>\n<p>M\u00fasica \u2022 Projeto Forrozeiro<br \/>COM MICHELE E HATA<br \/>Um repert\u00f3rio inspirado nos ritmos tradicionais do forr\u00f3, valorizando compositores consagrados e a riqueza da cultura popular nordestina em um show voltado para todas as idades.<br \/>LOCAL Pra\u00e7a XV de Novembro \u2022 Estande Prefeitura Municipal de Ribeir\u00e3o Preto<\/p>\n<p><strong>19H<\/strong><\/p>\n<p>Cinema \u2022 Cine Bar\u00e3o: A hora da estrela<br \/>O encontro promove uma reflex\u00e3o sobre diferentes formas de viol\u00eancia presentes no cotidiano e muitas vezes naturalizadas, como rela\u00e7\u00f5es abusivas, cultura do sil\u00eancio, viol\u00eancia nas redes e no dia a dia. Especialistas e convidados apresentam estrat\u00e9gias de preven\u00e7\u00e3o, acolhimento e fortalecimento das redes de prote\u00e7\u00e3o social, com foco na educa\u00e7\u00e3o emocional e no respeito.<br \/>LOCAL Biblioteca Sinh\u00e1 Junqueira \u2022 Audit\u00f3rio<\/p>\n<p>Apresenta\u00e7\u00e3o Musical \u2022 Coral Aquarela<br \/>Um repert\u00f3rio que re\u00fane can\u00e7\u00f5es de diferentes estilos, valorizando o canto coletivo como express\u00e3o art\u00edstica e instrumento de integra\u00e7\u00e3o entre gera\u00e7\u00f5es.<br \/>LOCAL Centro Cultural Palace \u2022 Audit\u00f3rio Pedro Paulo<\/p>\n<p>Bate-papo \u2022 Os sinais da viol\u00eancia que a sociedade ignora: Feminic\u00eddio e viol\u00eancia contra a mulher<br \/>O encontro promove uma reflex\u00e3o sobre diferentes formas de viol\u00eancia presentes no cotidiano e muitas vezes naturalizadas, como rela\u00e7\u00f5es abusivas, cultura do sil\u00eancio, viol\u00eancia nas redes e no dia a dia. Especialistas e convidados apresentam estrat\u00e9gias de preven\u00e7\u00e3o, acolhimento e fortalecimento das redes de prote\u00e7\u00e3o social, com foco na educa\u00e7\u00e3o emocional e no respeito.<br \/>LOCAL Coreto Pra\u00e7a XV de Novembro \u2022 Espa\u00e7o Favela<\/p>\n<p>Palestra \u2022 Unaerp apresenta Juventude Brasileira: entre ansiedade e futuro<br \/>COM CESAR NUNES<br \/>LOCAL Theatro Pedro II \u2022 Audit\u00f3rio Meira Junior<\/p>\n<p>Cinema \u2022 Exibi\u00e7\u00e3o do document\u00e1rio Cadernos Negros<br \/>COM INSTITUTO PLURAL<br \/>O document\u00e1rio apresenta a hist\u00f3ria da s\u00e9rie Cadernos Negros, publica\u00e7\u00e3o que h\u00e1 d\u00e9cadas re\u00fane escritores negros brasileiros e se consolidou como um importante espa\u00e7o de valoriza\u00e7\u00e3o da literatura afro-brasileira. Ap\u00f3s a sess\u00e3o, o p\u00fablico \u00e9 convidado a participar de uma conversa sobre a obra.<br \/>LOCAL Cineclube Cauim<\/p>\n<p>Lan\u00e7amento de livro \u2022 For\u00e7a Italiana \u2013 Hist\u00f3rias de Fam\u00edlia (2\u00aa edi\u00e7\u00e3o)<br \/>COM DANIELA PENHA<br \/>Em sua 4\u00aa edi\u00e7\u00e3o, o projeto Museu Liter\u00e1rio, realizado em parceria com a Funda\u00e7\u00e3o do Livro e Leitura, apresenta o segundo volume de For\u00e7a Italiana \u2013 Hist\u00f3rias de Fam\u00edlia. A obra re\u00fane novas narrativas de fam\u00edlias italianas de Ribeir\u00e3o Preto e regi\u00e3o, a partir de mem\u00f3rias e relatos organizados por Daniela Penha, autora local homenageada nesta edi\u00e7\u00e3o da FIL.<br \/>LOCAL Museu Casa da Mem\u00f3ria Italiana<\/p>\n<p><strong>19H30<\/strong><\/p>\n<p>Oficina \u2022 Fa\u00e7a seu pr\u00f3prio body splash<br \/>Entre teoria e pr\u00e1tica, a oficina come\u00e7a com uma introdu\u00e7\u00e3o sobre a pele, suas fun\u00e7\u00f5es e os cuidados essenciais no dia a dia. Em seguida, os participantes acompanham o processo de formula\u00e7\u00e3o de um body splash, conhecendo seus principais componentes e as boas pr\u00e1ticas laboratoriais, at\u00e9 chegar \u00e0 cria\u00e7\u00e3o da pr\u00f3pria fragr\u00e2ncia.<br \/>LOCAL Pra\u00e7a XV de Novembro \u2022 Espa\u00e7o Oficinas Sesc Senac<\/p>\n<p><strong>20H30<\/strong><\/p>\n<p>M\u00fasica \u2022 Samba da Opini\u00e3o<br \/>Roda de samba com o coletivo musical e cultural com mais de oito anos de hist\u00f3ria em Ribeir\u00e3o Preto.<br \/>LOCAL Esplanada Theatro Pedro II \u2022 Ambient de Leitura<\/p>\n<p><mark class=\"has-inline-color\">Espet\u00e1culo \u2022 (Um) Ensaio Sobre a Cegueira<br \/>COM GRUPO GALP\u00c3O<\/mark><br \/>Inspirado na obra de Jos\u00e9 Saramago, o espet\u00e1culo prop\u00f5e uma reflex\u00e3o sobre as rela\u00e7\u00f5es humanas, a \u00e9tica e a solidariedade em uma sociedade marcada pela perda dos referenciais de conviv\u00eancia coletiva. A montagem aborda uma epidemia de cegueira que se espalha rapidamente, colocando \u00e0 prova a moral e o senso de coletivo. O Grupo Galp\u00e3o, de Belo Horizonte (MG), \u00e9 uma das mais importantes companhias do teatro brasileiro, com origem no teatro popular e de rua.<br \/><mark class=\"has-inline-color\">LOCAL Theatro Pedro II \u2022 Sala Principal<\/mark><\/p>\n<p class=\"has-text-align-center has-cyan-bluish-gray-background-color has-background\"><em>Fa\u00e7a uma den\u00fancia ou sugira uma reportagem sobre\u00a0<strong>Ribeir\u00e3o Preto\u00a0<\/strong>e regi\u00e3o por meio do WhatsApp do\u00a0<strong>acidade on Ribeir\u00e3o<\/strong>: (16) 99117-7802.<\/em><\/p>\n<p>O post M\u00e1rcia Tiburi e Grupo Galp\u00e3o s\u00e3o destaques da quinta-feira na FIL em Ribeir\u00e3o; Confira a programa\u00e7\u00e3o apareceu primeiro em ACidade ON Ribeir\u00e3o Preto.<\/p>\n<p><br \/>\n<br \/><a href=\"https:\/\/www.acidadeon.com\/ribeiraopreto\/lazer-e-cultura\/marcia-tiburi-e-grupo-galpao-sao-destaques-da-quinta-feira-na-fil-em-ribeirao-confira-a-programacao\/\">Link para o texto original aqui <\/a><\/p>\n<!-- CONTENT END 1 -->\n","protected":false},"excerpt":{"rendered":"<p>A\u00a025\u00aa Feira Internacional do Livro (FIL) de Ribeir\u00e3o Preto\u00a0continua nesta\u00a0quinta-feira (3)\u00a0com um bate-papo com a fil\u00f3sofa M\u00e1rcia Tiburi, marcado para as\u00a014h\u00a0na Biblioteca Sinh\u00e1 Junqueira, e&#8230;<\/p>\n","protected":false},"author":1,"featured_media":91021,"comment_status":"","ping_status":"","sticky":false,"template":"","format":"standard","meta":{"advanced_seo_description":"","jetpack_seo_html_title":"","jetpack_seo_noindex":false,"jetpack_seo_schema_type":"","_jetpack_newsletter_access":"","_jetpack_dont_email_post_to_subs":false,"_jetpack_newsletter_tier_id":0,"_jetpack_memberships_contains_paywalled_content":false,"_jetpack_feature_clip_id":0,"_jetpack_memberships_contains_paid_content":false,"footnotes":"","jetpack_publicize_message":"","jetpack_publicize_feature_enabled":true,"jetpack_social_post_already_shared":true,"jetpack_social_options":{"image_generator_settings":{"template":"highway","default_image_id":0,"font":"","enabled":false},"version":2},"jetpack_post_was_ever_published":false},"categories":[11],"tags":[269,6364,8828,1441,494,8900,70,3389,26,50,8901],"class_list":["post-91020","post","type-post","status-publish","format-standard","has-post-thumbnail","hentry","category-noticias-de-ribeirao-preto-sp-e-regiao-ismael-colosi","tag-confira","tag-destaques","tag-fil","tag-galpao","tag-grupo","tag-marcia","tag-programacao","tag-quintafeira","tag-ribeirao","tag-sao","tag-tiburi"],"jetpack_publicize_connections":[],"jetpack-related-posts":[{"id":76160,"url":"https:\/\/noticiasribeiraopreto.com.br\/index.php\/2025\/08\/23\/confira-a-programacao-da-feira-do-livro-de-ribeirao-preto-neste-sabado-3\/","url_meta":{"origin":91020,"position":0},"title":"Confira a programa\u00e7\u00e3o da Feira do Livro de Ribeir\u00e3o Preto neste s\u00e1bado","author":"noticiasribeiraopreto.com.br","date":"23 de August de 2025","format":false,"excerpt":"A 24\u00aa FIL (Feira Internacional do Livro) de Ribeir\u00e3o Preto chega ao pen\u00faltimo dia neste s\u00e1bado (23) com diversas atra\u00e7\u00f5es. Entre os destaques, est\u00e3o os bate-papos com Andr\u00e9 Trigueiro, Ign\u00e1cio de Loyola Brand\u00e3o, Itamar Vieira J\u00fanior, Br\u00e1ulio Bessa, M\u00e1rcia Tiburi e Jean Wyllys \u2013 clique aqui e veja a programa\u00e7\u00e3o\u2026","rel":"","context":"In &quot;Not\u00edcias de Ribeir\u00e3o Preto-SP e Regi\u00e3o&quot;","block_context":{"text":"Not\u00edcias de Ribeir\u00e3o Preto-SP e Regi\u00e3o","link":"https:\/\/noticiasribeiraopreto.com.br\/index.php\/category\/noticias-de-ribeirao-preto-sp-e-regiao-ismael-colosi\/"},"img":{"alt_text":"","src":"https:\/\/i0.wp.com\/noticiasribeiraopreto.com.br\/wp-content\/uploads\/2025\/08\/feira-do-livro-3_2025-08-22_20-27-05.webp.webp?fit=1200%2C674&ssl=1&resize=350%2C200","width":350,"height":200,"srcset":"https:\/\/i0.wp.com\/noticiasribeiraopreto.com.br\/wp-content\/uploads\/2025\/08\/feira-do-livro-3_2025-08-22_20-27-05.webp.webp?fit=1200%2C674&ssl=1&resize=350%2C200 1x, https:\/\/i0.wp.com\/noticiasribeiraopreto.com.br\/wp-content\/uploads\/2025\/08\/feira-do-livro-3_2025-08-22_20-27-05.webp.webp?fit=1200%2C674&ssl=1&resize=525%2C300 1.5x, https:\/\/i0.wp.com\/noticiasribeiraopreto.com.br\/wp-content\/uploads\/2025\/08\/feira-do-livro-3_2025-08-22_20-27-05.webp.webp?fit=1200%2C674&ssl=1&resize=700%2C400 2x, https:\/\/i0.wp.com\/noticiasribeiraopreto.com.br\/wp-content\/uploads\/2025\/08\/feira-do-livro-3_2025-08-22_20-27-05.webp.webp?fit=1200%2C674&ssl=1&resize=1050%2C600 3x"},"classes":[]},{"id":90959,"url":"https:\/\/noticiasribeiraopreto.com.br\/index.php\/2026\/09\/02\/mia-couto-e-destaque-da-programacao-da-fil-nesta-quarta\/","url_meta":{"origin":91020,"position":1},"title":"Mia Couto \u00e9 destaque da programa\u00e7\u00e3o da FIL nesta quarta","author":"noticiasribeiraopreto.com.br","date":"2 de September de 2026","format":false,"excerpt":"Literatura, oralidade, m\u00fasica, mem\u00f3ria, juventude e ancestralidade atravessam a programa\u00e7\u00e3o da 25\u00aa FIL \u2013 Feira Internacional do Livro de Ribeir\u00e3o Preto nesta quarta-feira (02). Das primeiras atividades da manh\u00e3 aos encontros da noite, a agenda ocupa a Pra\u00e7a XV de Novembro, a Esplanada e a Sala Principal do Theatro Pedro\u2026","rel":"","context":"In &quot;Not\u00edcias de Ribeir\u00e3o Preto-SP e Regi\u00e3o&quot;","block_context":{"text":"Not\u00edcias de Ribeir\u00e3o Preto-SP e Regi\u00e3o","link":"https:\/\/noticiasribeiraopreto.com.br\/index.php\/category\/noticias-de-ribeirao-preto-sp-e-regiao-ismael-colosi\/"},"img":{"alt_text":"","src":"https:\/\/i0.wp.com\/noticiasribeiraopreto.com.br\/wp-content\/uploads\/2026\/09\/WhatsApp-Image-2026-09-02-at-06.41.26.jpeg?fit=1200%2C900&ssl=1&resize=350%2C200","width":350,"height":200,"srcset":"https:\/\/i0.wp.com\/noticiasribeiraopreto.com.br\/wp-content\/uploads\/2026\/09\/WhatsApp-Image-2026-09-02-at-06.41.26.jpeg?fit=1200%2C900&ssl=1&resize=350%2C200 1x, https:\/\/i0.wp.com\/noticiasribeiraopreto.com.br\/wp-content\/uploads\/2026\/09\/WhatsApp-Image-2026-09-02-at-06.41.26.jpeg?fit=1200%2C900&ssl=1&resize=525%2C300 1.5x, https:\/\/i0.wp.com\/noticiasribeiraopreto.com.br\/wp-content\/uploads\/2026\/09\/WhatsApp-Image-2026-09-02-at-06.41.26.jpeg?fit=1200%2C900&ssl=1&resize=700%2C400 2x, https:\/\/i0.wp.com\/noticiasribeiraopreto.com.br\/wp-content\/uploads\/2026\/09\/WhatsApp-Image-2026-09-02-at-06.41.26.jpeg?fit=1200%2C900&ssl=1&resize=1050%2C600 3x"},"classes":[]},{"id":75779,"url":"https:\/\/noticiasribeiraopreto.com.br\/index.php\/2025\/08\/15\/feira-do-livro-comeca-hoje\/","url_meta":{"origin":91020,"position":2},"title":"Feira do Livro come\u00e7a hoje\u00a0","author":"noticiasribeiraopreto.com.br","date":"15 de August de 2025","format":false,"excerpt":"Evento acontece de 15 a 24 de agosto com mais de 500 atividades gratuitas em 25 locais em Ribeir\u00e3o Preto. A abertura oficial da 24\u00aa Feira Internacional do Livro de Ribeir\u00e3o Preto (FIL) ser\u00e1 nesta sexta-feira, 15 de agosto, a partir das 19h30, na sala principal do Theatro Pedro II.\u2026","rel":"","context":"In &quot;Not\u00edcias de Ribeir\u00e3o Preto-SP e Regi\u00e3o&quot;","block_context":{"text":"Not\u00edcias de Ribeir\u00e3o Preto-SP e Regi\u00e3o","link":"https:\/\/noticiasribeiraopreto.com.br\/index.php\/category\/noticias-de-ribeirao-preto-sp-e-regiao-ismael-colosi\/"},"img":{"alt_text":"","src":"https:\/\/i0.wp.com\/noticiasribeiraopreto.com.br\/wp-content\/uploads\/2025\/08\/FeiraFIl-Loy-Divulga-scaled.jpeg?fit=1170%2C780&ssl=1&resize=350%2C200","width":350,"height":200,"srcset":"https:\/\/i0.wp.com\/noticiasribeiraopreto.com.br\/wp-content\/uploads\/2025\/08\/FeiraFIl-Loy-Divulga-scaled.jpeg?fit=1170%2C780&ssl=1&resize=350%2C200 1x, https:\/\/i0.wp.com\/noticiasribeiraopreto.com.br\/wp-content\/uploads\/2025\/08\/FeiraFIl-Loy-Divulga-scaled.jpeg?fit=1170%2C780&ssl=1&resize=525%2C300 1.5x, https:\/\/i0.wp.com\/noticiasribeiraopreto.com.br\/wp-content\/uploads\/2025\/08\/FeiraFIl-Loy-Divulga-scaled.jpeg?fit=1170%2C780&ssl=1&resize=700%2C400 2x, https:\/\/i0.wp.com\/noticiasribeiraopreto.com.br\/wp-content\/uploads\/2025\/08\/FeiraFIl-Loy-Divulga-scaled.jpeg?fit=1170%2C780&ssl=1&resize=1050%2C600 3x"},"classes":[]},{"id":55461,"url":"https:\/\/noticiasribeiraopreto.com.br\/index.php\/2024\/08\/02\/veja-a-programacao-desta-sexta-feira-na-feira-do-livro-de-ribeirao-preto\/","url_meta":{"origin":91020,"position":3},"title":"Veja a programa\u00e7\u00e3o desta sexta-feira na Feira do Livro de Ribeir\u00e3o Preto","author":"noticiasribeiraopreto.com.br","date":"2 de August de 2024","format":false,"excerpt":"Esta sexta-feira (2), \u00e9 o segundo dia da\u00a023\u00aa Feira Internacional do Livro de Ribeir\u00e3o Preto, que segue at\u00e9 o dia 11 de agosto. A programa\u00e7\u00e3o oferece mais de\u00a0400 atividades gratuitas\u00a0no Centro de Ribeir\u00e3o Preto. \u00a0 O tema central da Feira este ano \u00e9: \u201cCotidianos po\u00e9ticos: Do \u00e9pico de Cam\u00f5es \u00e0s\u2026","rel":"","context":"In &quot;Not\u00edcias de Ribeir\u00e3o Preto-SP e Regi\u00e3o&quot;","block_context":{"text":"Not\u00edcias de Ribeir\u00e3o Preto-SP e Regi\u00e3o","link":"https:\/\/noticiasribeiraopreto.com.br\/index.php\/category\/noticias-de-ribeirao-preto-sp-e-regiao-ismael-colosi\/"},"img":{"alt_text":"","src":"https:\/\/i0.wp.com\/noticiasribeiraopreto.com.br\/wp-content\/uploads\/2024\/08\/sesc-na-FIL_2024-08-01_14-36-39_jpeg_2024-08-01_14-36-39.webp.webp?fit=1200%2C800&ssl=1&resize=350%2C200","width":350,"height":200,"srcset":"https:\/\/i0.wp.com\/noticiasribeiraopreto.com.br\/wp-content\/uploads\/2024\/08\/sesc-na-FIL_2024-08-01_14-36-39_jpeg_2024-08-01_14-36-39.webp.webp?fit=1200%2C800&ssl=1&resize=350%2C200 1x, https:\/\/i0.wp.com\/noticiasribeiraopreto.com.br\/wp-content\/uploads\/2024\/08\/sesc-na-FIL_2024-08-01_14-36-39_jpeg_2024-08-01_14-36-39.webp.webp?fit=1200%2C800&ssl=1&resize=525%2C300 1.5x, https:\/\/i0.wp.com\/noticiasribeiraopreto.com.br\/wp-content\/uploads\/2024\/08\/sesc-na-FIL_2024-08-01_14-36-39_jpeg_2024-08-01_14-36-39.webp.webp?fit=1200%2C800&ssl=1&resize=700%2C400 2x, https:\/\/i0.wp.com\/noticiasribeiraopreto.com.br\/wp-content\/uploads\/2024\/08\/sesc-na-FIL_2024-08-01_14-36-39_jpeg_2024-08-01_14-36-39.webp.webp?fit=1200%2C800&ssl=1&resize=1050%2C600 3x"},"classes":[]},{"id":56050,"url":"https:\/\/noticiasribeiraopreto.com.br\/index.php\/2024\/08\/09\/confira-a-programacao-da-feira-do-livro-de-ribeirao-preto-nesta-sexta-feira\/","url_meta":{"origin":91020,"position":4},"title":"Confira a programa\u00e7\u00e3o da Feira do Livro de Ribeir\u00e3o Preto nesta sexta-feira","author":"noticiasribeiraopreto.com.br","date":"9 de August de 2024","format":false,"excerpt":"A 23\u00aa Feira Internacional do Livro de Ribeir\u00e3o Preto est\u00e1 na reta final e os destaques na programa\u00e7\u00e3o do nono dia de FIL, nesta sexta-feira (9) s\u00e3o: palestra com Rodrigo Bocardi, apresenta\u00e7\u00e3o de DJ Nai Kiese e cinema. O tema central da\u00a0Feira\u00a0este ano \u00e9: \u201cCotidianos po\u00e9ticos: Do \u00e9pico de Cam\u00f5es\u2026","rel":"","context":"In &quot;Not\u00edcias de Ribeir\u00e3o Preto-SP e Regi\u00e3o&quot;","block_context":{"text":"Not\u00edcias de Ribeir\u00e3o Preto-SP e Regi\u00e3o","link":"https:\/\/noticiasribeiraopreto.com.br\/index.php\/category\/noticias-de-ribeirao-preto-sp-e-regiao-ismael-colosi\/"},"img":{"alt_text":"","src":"https:\/\/i0.wp.com\/noticiasribeiraopreto.com.br\/wp-content\/uploads\/2024\/08\/Copia-de-Copia-de-TAMANHO-EXATO-PARA-FOTOS-NO-SISTEMA-NOVO-37_2024-08-08_15-11-33_jpg_2024-08-08_15-11-33.webp.webp?fit=1200%2C675&ssl=1&resize=350%2C200","width":350,"height":200,"srcset":"https:\/\/i0.wp.com\/noticiasribeiraopreto.com.br\/wp-content\/uploads\/2024\/08\/Copia-de-Copia-de-TAMANHO-EXATO-PARA-FOTOS-NO-SISTEMA-NOVO-37_2024-08-08_15-11-33_jpg_2024-08-08_15-11-33.webp.webp?fit=1200%2C675&ssl=1&resize=350%2C200 1x, https:\/\/i0.wp.com\/noticiasribeiraopreto.com.br\/wp-content\/uploads\/2024\/08\/Copia-de-Copia-de-TAMANHO-EXATO-PARA-FOTOS-NO-SISTEMA-NOVO-37_2024-08-08_15-11-33_jpg_2024-08-08_15-11-33.webp.webp?fit=1200%2C675&ssl=1&resize=525%2C300 1.5x, https:\/\/i0.wp.com\/noticiasribeiraopreto.com.br\/wp-content\/uploads\/2024\/08\/Copia-de-Copia-de-TAMANHO-EXATO-PARA-FOTOS-NO-SISTEMA-NOVO-37_2024-08-08_15-11-33_jpg_2024-08-08_15-11-33.webp.webp?fit=1200%2C675&ssl=1&resize=700%2C400 2x, https:\/\/i0.wp.com\/noticiasribeiraopreto.com.br\/wp-content\/uploads\/2024\/08\/Copia-de-Copia-de-TAMANHO-EXATO-PARA-FOTOS-NO-SISTEMA-NOVO-37_2024-08-08_15-11-33_jpg_2024-08-08_15-11-33.webp.webp?fit=1200%2C675&ssl=1&resize=1050%2C600 3x"},"classes":[]},{"id":55562,"url":"https:\/\/noticiasribeiraopreto.com.br\/index.php\/2024\/08\/03\/confira-a-programacao-da-feira-do-livro-de-ribeirao-preto-neste-sabado\/","url_meta":{"origin":91020,"position":5},"title":"Confira a programa\u00e7\u00e3o da Feira do Livro de Ribeir\u00e3o Preto neste s\u00e1bado","author":"noticiasribeiraopreto.com.br","date":"3 de August de 2024","format":false,"excerpt":"A Feira Internacional do Livro de Ribeir\u00e3o Preto chegou ao seu terceiro dia neste s\u00e1bado (3) e segue at\u00e9 o dia\u00a011 de agosto. A programa\u00e7\u00e3o oferece mais de\u00a0400 atividades gratuitas, entre pe\u00e7as de teatro, apresenta\u00e7\u00f5es musicais, entre outras atividades. \u00a0 O tema central da\u00a0Feira\u00a0este ano \u00e9: \u201cCotidianos po\u00e9ticos: Do \u00e9pico\u2026","rel":"","context":"In &quot;Not\u00edcias de Ribeir\u00e3o Preto-SP e Regi\u00e3o&quot;","block_context":{"text":"Not\u00edcias de Ribeir\u00e3o Preto-SP e Regi\u00e3o","link":"https:\/\/noticiasribeiraopreto.com.br\/index.php\/category\/noticias-de-ribeirao-preto-sp-e-regiao-ismael-colosi\/"},"img":{"alt_text":"","src":"https:\/\/i0.wp.com\/noticiasribeiraopreto.com.br\/wp-content\/uploads\/2024\/07\/Copia-de-Copia-de-TAMANHO-EXATO-PARA-FOTOS-NO-SISTEMA-NOVO-22_2024-07-15_20-06-36_jpg_2024-07-15_20-06-36.webp.webp?fit=1200%2C675&ssl=1&resize=350%2C200","width":350,"height":200,"srcset":"https:\/\/i0.wp.com\/noticiasribeiraopreto.com.br\/wp-content\/uploads\/2024\/07\/Copia-de-Copia-de-TAMANHO-EXATO-PARA-FOTOS-NO-SISTEMA-NOVO-22_2024-07-15_20-06-36_jpg_2024-07-15_20-06-36.webp.webp?fit=1200%2C675&ssl=1&resize=350%2C200 1x, https:\/\/i0.wp.com\/noticiasribeiraopreto.com.br\/wp-content\/uploads\/2024\/07\/Copia-de-Copia-de-TAMANHO-EXATO-PARA-FOTOS-NO-SISTEMA-NOVO-22_2024-07-15_20-06-36_jpg_2024-07-15_20-06-36.webp.webp?fit=1200%2C675&ssl=1&resize=525%2C300 1.5x, https:\/\/i0.wp.com\/noticiasribeiraopreto.com.br\/wp-content\/uploads\/2024\/07\/Copia-de-Copia-de-TAMANHO-EXATO-PARA-FOTOS-NO-SISTEMA-NOVO-22_2024-07-15_20-06-36_jpg_2024-07-15_20-06-36.webp.webp?fit=1200%2C675&ssl=1&resize=700%2C400 2x, https:\/\/i0.wp.com\/noticiasribeiraopreto.com.br\/wp-content\/uploads\/2024\/07\/Copia-de-Copia-de-TAMANHO-EXATO-PARA-FOTOS-NO-SISTEMA-NOVO-22_2024-07-15_20-06-36_jpg_2024-07-15_20-06-36.webp.webp?fit=1200%2C675&ssl=1&resize=1050%2C600 3x"},"classes":[]}],"jetpack_sharing_enabled":true,"jetpack_shortlink":"https:\/\/wp.me\/peQAOb-nG4","jetpack_featured_media_url":"https:\/\/i0.wp.com\/noticiasribeiraopreto.com.br\/wp-content\/uploads\/2026\/09\/feira-do-livro.jpg?fit=1200%2C675&ssl=1","_links":{"self":[{"href":"https:\/\/noticiasribeiraopreto.com.br\/index.php\/wp-json\/wp\/v2\/posts\/91020","targetHints":{"allow":["GET"]}}],"collection":[{"href":"https:\/\/noticiasribeiraopreto.com.br\/index.php\/wp-json\/wp\/v2\/posts"}],"about":[{"href":"https:\/\/noticiasribeiraopreto.com.br\/index.php\/wp-json\/wp\/v2\/types\/post"}],"author":[{"embeddable":true,"href":"https:\/\/noticiasribeiraopreto.com.br\/index.php\/wp-json\/wp\/v2\/users\/1"}],"replies":[{"embeddable":true,"href":"https:\/\/noticiasribeiraopreto.com.br\/index.php\/wp-json\/wp\/v2\/comments?post=91020"}],"version-history":[{"count":0,"href":"https:\/\/noticiasribeiraopreto.com.br\/index.php\/wp-json\/wp\/v2\/posts\/91020\/revisions"}],"wp:featuredmedia":[{"embeddable":true,"href":"https:\/\/noticiasribeiraopreto.com.br\/index.php\/wp-json\/wp\/v2\/media\/91021"}],"wp:attachment":[{"href":"https:\/\/noticiasribeiraopreto.com.br\/index.php\/wp-json\/wp\/v2\/media?parent=91020"}],"wp:term":[{"taxonomy":"category","embeddable":true,"href":"https:\/\/noticiasribeiraopreto.com.br\/index.php\/wp-json\/wp\/v2\/categories?post=91020"},{"taxonomy":"post_tag","embeddable":true,"href":"https:\/\/noticiasribeiraopreto.com.br\/index.php\/wp-json\/wp\/v2\/tags?post=91020"}],"curies":[{"name":"wp","href":"https:\/\/api.w.org\/{rel}","templated":true}]}}