{"id":91022,"date":"2026-09-03T09:02:17","date_gmt":"2026-09-03T12:02:17","guid":{"rendered":"https:\/\/noticiasribeiraopreto.com.br\/index.php\/2026\/09\/03\/idosa-tem-corrente-de-ouro-roubada-enquanto-varria-calcada-em-ribeirao-preto-video\/"},"modified":"2026-09-03T09:02:17","modified_gmt":"2026-09-03T12:02:17","slug":"idosa-tem-corrente-de-ouro-roubada-enquanto-varria-calcada-em-ribeirao-preto-video","status":"publish","type":"post","link":"https:\/\/noticiasribeiraopreto.com.br\/index.php\/2026\/09\/03\/idosa-tem-corrente-de-ouro-roubada-enquanto-varria-calcada-em-ribeirao-preto-video\/","title":{"rendered":"Idosa tem corrente de ouro roubada enquanto varria cal\u00e7ada em Ribeir\u00e3o Preto; V\u00cdDEO"},"content":{"rendered":"<div class='code-block code-block-1' style='margin: 8px 0 8px auto; text-align: right; display: block; clear: both;'>\n<p><a href=\"https:\/\/wa.link\/vpicfd\"><img data-recalc-dims=\"1\" class=\"wp-image-4922\" style=\"aspect-ratio: 2.0253164556962027; width: 561px; height: auto;\" src=\"https:\/\/i0.wp.com\/ismaelcolosi.com.br\/wp-content\/uploads\/2023\/11\/grupo-de-empregos-whatsapp-e-facebook-ismael-colosi-vagas.jpg?ssl=1\" alt=\"\" \/><\/a><\/p>\n<!-- \/wp:image -->\n<\/div>\n<p> <br \/>\n<\/p>\n<p>Uma <strong>idosa <\/strong>teve uma <strong>corrente de ouro roubada<\/strong> na manh\u00e3 desta quarta-feira (2), enquanto <strong>varria a cal\u00e7ada de casa<\/strong>, na esquina das ruas Jo\u00e3o Nucci e Os\u00f3rio Ferreira, no Parque dos Bandeirantes, zona Leste de <strong>Ribeir\u00e3o Preto<\/strong>.<\/p>\n<p>De acordo com o <strong>boletim de ocorr\u00eancia (BO)<\/strong>, a joia, uma corrente com medalha de ouro 18 quilates, <strong>est\u00e1 avaliada em aproximadamente R$ 5 mil<\/strong>.<\/p>\n<p>Conforme as informa\u00e7\u00f5es, o criminoso passou em frente \u00e0 resid\u00eancia em uma motocicleta e retornou pouco depois. <mark class=\"has-inline-color\"><strong>A v\u00edtima acreditou que ele faria alguma pergunta<\/strong>, mas o homem se aproximou, pediu para que ela n\u00e3o gritasse e aplicou um golpe conhecido como \u201c<strong>mata-le\u00e3o<\/strong>\u201d.<\/mark><\/p>\n<p>Em seguida, puxou a corrente do pesco\u00e7o da idosa e <strong>fugiu<\/strong>. O caso foi registrado por uma c\u00e2mera de seguran\u00e7a \u2013 veja o v\u00eddeo logo abaixo.<\/p>\n<blockquote class=\"instagram-media\" data-instgrm-permalink=\"https:\/\/www.instagram.com\/reel\/Dc0wW3Ouaus\/?utm_source=ig_embed&amp;utm_campaign=loading\" data-instgrm-version=\"14\">\n<div> <a href=\"https:\/\/www.instagram.com\/reel\/Dc0wW3Ouaus\/?utm_source=ig_embed&amp;utm_campaign=loading\" target=\"_blank\" rel=\"noopener\"> <\/p>\n<div>\n<div><\/div>\n<div>\n<div><\/div>\n<div><\/div>\n<\/div>\n<\/div>\n<div><\/div>\n<div><\/div>\n<div>\n<div>Ver essa foto no Instagram<\/div>\n<\/div>\n<div><\/div>\n<div>\n<div>\n<div><\/div>\n<div><\/div>\n<div><\/div>\n<\/div>\n<div>\n<div><\/div>\n<div><\/div>\n<\/div>\n<div>\n<div><\/div>\n<div><\/div>\n<div><\/div>\n<\/div>\n<\/div>\n<div>\n<div><\/div>\n<div><\/div>\n<\/div>\n<p><\/a><\/p>\n<p><a href=\"https:\/\/www.instagram.com\/reel\/Dc0wW3Ouaus\/?utm_source=ig_embed&amp;utm_campaign=loading\" target=\"_blank\" rel=\"noopener\">Um post compartilhado por acidade on Ribeir\u00e3o (@acidadeonribeirao)<\/a><\/p>\n<\/div>\n<\/blockquote>\n<p class=\"has-text-align-center has-cyan-bluish-gray-background-color has-background\"><em>Receba not\u00edcias do\u00a0<strong>acidade on Ribeir\u00e3o\u00a0<\/strong>no WhatsApp e fique por dentro de tudo! Basta acessar o link<a href=\"https:\/\/chat.whatsapp.com\/DfXwcjKVIddHUT3BvnQuPZ?mode=hqctshi\" target=\"_blank\" rel=\"noreferrer noopener\">\u00a0aqui<\/a>!<\/em><\/p>\n<h2 class=\"wp-block-heading\"><strong>Suspeito \u00e9 identificado e preso em Ribeir\u00e3o Preto<\/strong><\/h2>\n<p>Ap\u00f3s o roubo, equipes do <strong>Batalh\u00e3o de A\u00e7\u00f5es Especiais de Pol\u00edcia (BAEP)<\/strong> analisaram imagens de c\u00e2meras de seguran\u00e7a e conseguiram identificar a motocicleta utilizada no crime. <strong>O ve\u00edculo foi localizado posteriormente em um im\u00f3vel no bairro Cristo Redentor, zona Norte da cidade.<\/strong><\/p>\n<p>As equipes localizaram o suspeito no local e, <strong>ap\u00f3s serem autorizadas a entrar na resid\u00eancia<\/strong>, os policiais realizaram buscas e <strong>encontraram a motocicleta<\/strong>, al\u00e9m de <strong>roupas<\/strong>, <strong>capacete<\/strong>, <strong>cal\u00e7ado <\/strong>e uma <strong>bolsa <\/strong>que teriam sido utilizados durante o roubo registrado pelas c\u00e2meras.<\/p>\n<p><mark class=\"has-inline-color\">Ainda de acordo com o <strong>boletim<\/strong>, o homem admitiu o crime e disse que vendeu a corrente roubada por R$ 1 mil na regi\u00e3o central de Ribeir\u00e3o Preto.<\/mark> Ele, por\u00e9m, n\u00e3o informou onde ocorreu a negocia\u00e7\u00e3o nem quem teria comprado a joia. <strong>O objeto n\u00e3o foi localizado<\/strong>.<\/p>\n<figure class=\"wp-block-gallery has-nested-images columns-default is-cropped wp-block-gallery-1 is-layout-flex wp-block-gallery-is-layout-flex\">\n<figure class=\"wp-block-image size-large\"><figcaption class=\"wp-element-caption\">Idosa foi roubada enquanto varria a cal\u00e7ada em Ribeir\u00e3o Preto \u2013 Foto: c\u00e2mera de seguran\u00e7a.<\/figcaption><\/figure>\n<figure class=\"wp-block-image size-large\"><img data-recalc-dims=\"1\" loading=\"lazy\" decoding=\"async\" width=\"1024\" height=\"576\" data-id=\"173512\" src=\"https:\/\/i0.wp.com\/www.acidadeon.com\/ribeiraopreto\/wp-content\/uploads\/sites\/3\/2026\/09\/roubo-idosa-ribeirao-preto-1024x576.jpg?resize=1024%2C576&#038;ssl=1\" alt=\"Idosa foi roubada enquanto varria a cal\u00e7ada em Ribeir\u00e3o Preto - Foto: c\u00e2mera de seguran\u00e7a.\" class=\"wp-image-173512\" title=\"Idosa tem corrente de ouro roubada enquanto varria cal\u00e7ada em Ribeir\u00e3o Preto; V\u00cdDEO 2\"><figcaption class=\"wp-element-caption\">Idosa foi roubada enquanto varria a cal\u00e7ada em Ribeir\u00e3o Preto \u2013 Foto: c\u00e2mera de seguran\u00e7a.<\/figcaption><\/figure>\n<\/figure>\n<h2 class=\"wp-block-heading\"><strong>Pris\u00e3o ap\u00f3s roubo de corrente de ouro<\/strong><\/h2>\n<p>Ap\u00f3s ser localizado pelas equipes, o suspeito foi levado \u00e0<strong> Central de Pol\u00edcia Judici\u00e1ria (CPJ)<\/strong>, juntamente com os objetos apreendidos durante a ocorr\u00eancia. <strong>Na unidade policial, a v\u00edtima realizou o reconhecimento.<\/strong><\/p>\n<p>Ap\u00f3s analisar as informa\u00e7\u00f5es e os elementos apresentados pelos policiais, a autoridade policial ratificou a pris\u00e3o em flagrante pelo crime de roubo consumado.<\/p>\n<p>O homem permaneceu preso e foi colocado \u00e0 disposi\u00e7\u00e3o da Justi\u00e7a. O caso agora deve ser investigado pela <strong>Pol\u00edcia Civil<\/strong>, que deve apurar a venda da joia e tentar localizar a corrente de ouro roubada.<\/p>\n<figure class=\"wp-block-gallery has-nested-images columns-default is-cropped wp-block-gallery-2 is-layout-flex wp-block-gallery-is-layout-flex\">\n<figure class=\"wp-block-image size-large\"><img data-recalc-dims=\"1\" loading=\"lazy\" decoding=\"async\" width=\"1024\" height=\"576\" data-id=\"173510\" src=\"https:\/\/i0.wp.com\/www.acidadeon.com\/ribeiraopreto\/wp-content\/uploads\/sites\/3\/2026\/09\/roubo-idosa-ribeirao-preto-2-1024x576.jpg?resize=1024%2C576&#038;ssl=1\" alt=\"Idosa foi roubada enquanto varria a cal\u00e7ada em Ribeir\u00e3o Preto - Foto: c\u00e2mera de seguran\u00e7a.\" class=\"wp-image-173510\" title=\"Idosa tem corrente de ouro roubada enquanto varria cal\u00e7ada em Ribeir\u00e3o Preto; V\u00cdDEO 3\"><figcaption class=\"wp-element-caption\">Idosa foi roubada enquanto varria a cal\u00e7ada em Ribeir\u00e3o Preto \u2013 Foto: c\u00e2mera de seguran\u00e7a.<\/figcaption><\/figure>\n<figure class=\"wp-block-image size-large\"><img data-recalc-dims=\"1\" loading=\"lazy\" decoding=\"async\" width=\"1024\" height=\"576\" data-id=\"173509\" src=\"https:\/\/i0.wp.com\/www.acidadeon.com\/ribeiraopreto\/wp-content\/uploads\/sites\/3\/2026\/09\/roubo-idosa-ribeirao-preto-3-1024x576.jpg?resize=1024%2C576&#038;ssl=1\" alt=\"Idosa foi roubada enquanto varria a cal\u00e7ada em Ribeir\u00e3o Preto - Foto: c\u00e2mera de seguran\u00e7a.\" class=\"wp-image-173509\" title=\"Idosa tem corrente de ouro roubada enquanto varria cal\u00e7ada em Ribeir\u00e3o Preto; V\u00cdDEO 4\"><figcaption class=\"wp-element-caption\">Idosa foi roubada enquanto varria a cal\u00e7ada em Ribeir\u00e3o Preto \u2013 Foto: c\u00e2mera de seguran\u00e7a.<\/figcaption><\/figure>\n<\/figure>\n<p class=\"has-text-align-center has-cyan-bluish-gray-background-color has-background\"><em>Fa\u00e7a uma den\u00fancia ou sugira uma reportagem sobre\u00a0<strong>Ribeir\u00e3o Preto\u00a0<\/strong>e regi\u00e3o por meio do WhatsApp do\u00a0<strong>acidade on Ribeir\u00e3o<\/strong>: (16) 99117-7802.<\/em><\/p>\n<\/p>\n<p>O post Idosa tem corrente de ouro roubada enquanto varria cal\u00e7ada em Ribeir\u00e3o Preto; V\u00cdDEO apareceu primeiro em ACidade ON Ribeir\u00e3o Preto.<\/p>\n<p><script async src=\"\/\/www.instagram.com\/embed.js\"><\/script><br \/>\n<br \/><br \/>\n<br \/><a href=\"https:\/\/www.acidadeon.com\/ribeiraopreto\/cotidiano\/idosa-tem-corrente-de-ouro-roubada-enquanto-varria-calcada-em-ribeirao-preto-video\/\">Link para o texto original aqui <\/a><\/p>\n<!-- CONTENT END 1 -->\n","protected":false},"excerpt":{"rendered":"<p>Uma idosa teve uma corrente de ouro roubada na manh\u00e3 desta quarta-feira (2), enquanto varria a cal\u00e7ada de casa, na esquina das ruas Jo\u00e3o Nucci&#8230;<\/p>\n","protected":false},"author":1,"featured_media":91023,"comment_status":"","ping_status":"","sticky":false,"template":"","format":"standard","meta":{"advanced_seo_description":"","jetpack_seo_html_title":"","jetpack_seo_noindex":false,"jetpack_seo_schema_type":"","_jetpack_newsletter_access":"","_jetpack_dont_email_post_to_subs":false,"_jetpack_newsletter_tier_id":0,"_jetpack_memberships_contains_paywalled_content":false,"_jetpack_feature_clip_id":0,"_jetpack_memberships_contains_paid_content":false,"footnotes":"","jetpack_publicize_message":"","jetpack_publicize_feature_enabled":true,"jetpack_social_post_already_shared":true,"jetpack_social_options":{"image_generator_settings":{"template":"highway","default_image_id":0,"font":"","enabled":false},"version":2},"jetpack_post_was_ever_published":false},"categories":[11],"tags":[7050,8902,4274,1368,1445,27,26,1622,162,8903,67],"class_list":["post-91022","post","type-post","status-publish","format-standard","has-post-thumbnail","hentry","category-noticias-de-ribeirao-preto-sp-e-regiao-ismael-colosi","tag-calcada","tag-corrente","tag-enquanto","tag-idosa","tag-ouro","tag-preto","tag-ribeirao","tag-roubada","tag-tem","tag-varria","tag-video"],"jetpack_publicize_connections":[],"jetpack-related-posts":[{"id":83918,"url":"https:\/\/noticiasribeiraopreto.com.br\/index.php\/2026\/03\/28\/homem-tem-corrente-e-pulseira-de-ouro-roubadas-em-frente-a-bar-em-ribeirao-preto\/","url_meta":{"origin":91022,"position":0},"title":"Homem tem corrente e pulseira de ouro roubadas em frente a bar em Ribeir\u00e3o Preto","author":"noticiasribeiraopreto.com.br","date":"28 de March de 2026","format":false,"excerpt":"Um homem teve a corrente e a pulseira de ouro roubados enquanto estava sentado em frente a um bar, no bairro Jardim Ant\u00f4nio Palocci, na zona Leste de Ribeir\u00e3o Preto, na tarde desta sexta-feira (27). Toda a a\u00e7\u00e3o foi registrada por c\u00e2meras de seguran\u00e7a do local \u2013 veja abaixo. Nas\u2026","rel":"","context":"In &quot;Not\u00edcias de Ribeir\u00e3o Preto-SP e Regi\u00e3o&quot;","block_context":{"text":"Not\u00edcias de Ribeir\u00e3o Preto-SP e Regi\u00e3o","link":"https:\/\/noticiasribeiraopreto.com.br\/index.php\/category\/noticias-de-ribeirao-preto-sp-e-regiao-ismael-colosi\/"},"img":{"alt_text":"","src":"https:\/\/i0.wp.com\/noticiasribeiraopreto.com.br\/wp-content\/uploads\/2026\/03\/palace-10_2026-03-28_16-40-37.webp.webp?fit=1200%2C675&ssl=1&resize=350%2C200","width":350,"height":200,"srcset":"https:\/\/i0.wp.com\/noticiasribeiraopreto.com.br\/wp-content\/uploads\/2026\/03\/palace-10_2026-03-28_16-40-37.webp.webp?fit=1200%2C675&ssl=1&resize=350%2C200 1x, https:\/\/i0.wp.com\/noticiasribeiraopreto.com.br\/wp-content\/uploads\/2026\/03\/palace-10_2026-03-28_16-40-37.webp.webp?fit=1200%2C675&ssl=1&resize=525%2C300 1.5x, https:\/\/i0.wp.com\/noticiasribeiraopreto.com.br\/wp-content\/uploads\/2026\/03\/palace-10_2026-03-28_16-40-37.webp.webp?fit=1200%2C675&ssl=1&resize=700%2C400 2x, https:\/\/i0.wp.com\/noticiasribeiraopreto.com.br\/wp-content\/uploads\/2026\/03\/palace-10_2026-03-28_16-40-37.webp.webp?fit=1200%2C675&ssl=1&resize=1050%2C600 3x"},"classes":[]},{"id":77937,"url":"https:\/\/noticiasribeiraopreto.com.br\/index.php\/2025\/09\/29\/dupla-armada-mira-ouro-e-despreza-celulares-em-rp\/","url_meta":{"origin":91022,"position":1},"title":"Dupla armada mira ouro e despreza celulares em RP","author":"noticiasribeiraopreto.com.br","date":"29 de September de 2025","format":false,"excerpt":"Assaltos foram praticados nas zonas Norte e Oeste contra fam\u00edlias que conversavam na cal\u00e7ada 29 de setembro de 2025 12:4129 de setembro de 2025 12:420 Compartilhar0 Por: Adalberto Luque A Pol\u00edcia Civil est\u00e1 investigando uma dupla que pode ter praticado dois assaltos de forma semelhante, um no s\u00e1bado (27) e\u2026","rel":"","context":"In &quot;Not\u00edcias de Ribeir\u00e3o Preto-SP e Regi\u00e3o&quot;","block_context":{"text":"Not\u00edcias de Ribeir\u00e3o Preto-SP e Regi\u00e3o","link":"https:\/\/noticiasribeiraopreto.com.br\/index.php\/category\/noticias-de-ribeirao-preto-sp-e-regiao-ismael-colosi\/"},"img":{"alt_text":"","src":"https:\/\/i0.wp.com\/noticiasribeiraopreto.com.br\/wp-content\/uploads\/2025\/09\/29-set-2025-assaltoouro1-scaled.jpg?fit=1200%2C682&ssl=1&resize=350%2C200","width":350,"height":200,"srcset":"https:\/\/i0.wp.com\/noticiasribeiraopreto.com.br\/wp-content\/uploads\/2025\/09\/29-set-2025-assaltoouro1-scaled.jpg?fit=1200%2C682&ssl=1&resize=350%2C200 1x, https:\/\/i0.wp.com\/noticiasribeiraopreto.com.br\/wp-content\/uploads\/2025\/09\/29-set-2025-assaltoouro1-scaled.jpg?fit=1200%2C682&ssl=1&resize=525%2C300 1.5x, https:\/\/i0.wp.com\/noticiasribeiraopreto.com.br\/wp-content\/uploads\/2025\/09\/29-set-2025-assaltoouro1-scaled.jpg?fit=1200%2C682&ssl=1&resize=700%2C400 2x, https:\/\/i0.wp.com\/noticiasribeiraopreto.com.br\/wp-content\/uploads\/2025\/09\/29-set-2025-assaltoouro1-scaled.jpg?fit=1200%2C682&ssl=1&resize=1050%2C600 3x"},"classes":[]},{"id":62171,"url":"https:\/\/noticiasribeiraopreto.com.br\/index.php\/2025\/01\/06\/pm-prende-suspeito-de-assaltar-morador-na-frente-de-casa-em-ribeirao-preto\/","url_meta":{"origin":91022,"position":2},"title":"PM prende suspeito de assaltar morador na frente de casa em Ribeir\u00e3o Preto","author":"noticiasribeiraopreto.com.br","date":"6 de January de 2025","format":false,"excerpt":"A PM (Pol\u00edcia Militar) prendeu, nesta segunda-feira (6), um suspeito de participa\u00e7\u00e3o no assalto a um morador que estava em frente \u00e0 sua resid\u00eancia com uma amiga no Jardim S\u00e3o Jos\u00e9, zona Leste de\u00a0Ribeir\u00e3o Preto. O crime ocorreu na manh\u00e3 deste domingo (5) e foi registrado por uma c\u00e2mera de\u2026","rel":"","context":"In &quot;Not\u00edcias de Ribeir\u00e3o Preto-SP e Regi\u00e3o&quot;","block_context":{"text":"Not\u00edcias de Ribeir\u00e3o Preto-SP e Regi\u00e3o","link":"https:\/\/noticiasribeiraopreto.com.br\/index.php\/category\/noticias-de-ribeirao-preto-sp-e-regiao-ismael-colosi\/"},"img":{"alt_text":"","src":"https:\/\/i0.wp.com\/noticiasribeiraopreto.com.br\/wp-content\/uploads\/2025\/01\/WhatsApp-Image-2025-01-05-at-19.39.33_2025-01-05_22-41-26_jpeg_2025-01-05_22-41-26.webp.webp?fit=750%2C429&ssl=1&resize=350%2C200","width":350,"height":200,"srcset":"https:\/\/i0.wp.com\/noticiasribeiraopreto.com.br\/wp-content\/uploads\/2025\/01\/WhatsApp-Image-2025-01-05-at-19.39.33_2025-01-05_22-41-26_jpeg_2025-01-05_22-41-26.webp.webp?fit=750%2C429&ssl=1&resize=350%2C200 1x, https:\/\/i0.wp.com\/noticiasribeiraopreto.com.br\/wp-content\/uploads\/2025\/01\/WhatsApp-Image-2025-01-05-at-19.39.33_2025-01-05_22-41-26_jpeg_2025-01-05_22-41-26.webp.webp?fit=750%2C429&ssl=1&resize=525%2C300 1.5x, https:\/\/i0.wp.com\/noticiasribeiraopreto.com.br\/wp-content\/uploads\/2025\/01\/WhatsApp-Image-2025-01-05-at-19.39.33_2025-01-05_22-41-26_jpeg_2025-01-05_22-41-26.webp.webp?fit=750%2C429&ssl=1&resize=700%2C400 2x"},"classes":[]},{"id":86500,"url":"https:\/\/noticiasribeiraopreto.com.br\/index.php\/2026\/06\/15\/ladroes-invadem-area-de-lazer-e-atiram-durante-roubo-em-ribeirao-preto-video\/","url_meta":{"origin":91022,"position":3},"title":"Ladr\u00f5es invadem \u00e1rea de lazer e atiram durante roubo em Ribeir\u00e3o Preto; V\u00eddeo","author":"noticiasribeiraopreto.com.br","date":"15 de June de 2026","format":false,"excerpt":"Ver essa foto no Instagram Um post compartilhado por acidade on Ribeir\u00e3o (@acidadeonribeirao) Dois criminosos armados invadiram uma \u00e1rea de lazer onde uma fam\u00edlia passava o fim de semana, inclusive com um beb\u00ea, e atiraram durante um roubo no Parque S\u00e3o Sebasti\u00e3o, zona Leste de Ribeir\u00e3o Preto. O crime ocorreu\u2026","rel":"","context":"In &quot;Not\u00edcias de Ribeir\u00e3o Preto-SP e Regi\u00e3o&quot;","block_context":{"text":"Not\u00edcias de Ribeir\u00e3o Preto-SP e Regi\u00e3o","link":"https:\/\/noticiasribeiraopreto.com.br\/index.php\/category\/noticias-de-ribeirao-preto-sp-e-regiao-ismael-colosi\/"},"img":{"alt_text":"","src":"https:\/\/i0.wp.com\/noticiasribeiraopreto.com.br\/wp-content\/uploads\/2026\/06\/roubo_2026-06-15_12-53-40.webp.webp?fit=1200%2C819&ssl=1&resize=350%2C200","width":350,"height":200,"srcset":"https:\/\/i0.wp.com\/noticiasribeiraopreto.com.br\/wp-content\/uploads\/2026\/06\/roubo_2026-06-15_12-53-40.webp.webp?fit=1200%2C819&ssl=1&resize=350%2C200 1x, https:\/\/i0.wp.com\/noticiasribeiraopreto.com.br\/wp-content\/uploads\/2026\/06\/roubo_2026-06-15_12-53-40.webp.webp?fit=1200%2C819&ssl=1&resize=525%2C300 1.5x, https:\/\/i0.wp.com\/noticiasribeiraopreto.com.br\/wp-content\/uploads\/2026\/06\/roubo_2026-06-15_12-53-40.webp.webp?fit=1200%2C819&ssl=1&resize=700%2C400 2x, https:\/\/i0.wp.com\/noticiasribeiraopreto.com.br\/wp-content\/uploads\/2026\/06\/roubo_2026-06-15_12-53-40.webp.webp?fit=1200%2C819&ssl=1&resize=1050%2C600 3x"},"classes":[]},{"id":44027,"url":"https:\/\/noticiasribeiraopreto.com.br\/index.php\/2024\/03\/25\/idosa-morre-apos-atropelamento-na-zona-norte-de-ribeirao-preto\/","url_meta":{"origin":91022,"position":4},"title":"Idosa morre ap\u00f3s atropelamento na zona Norte de Ribeir\u00e3o Preto","author":"noticiasribeiraopreto.com.br","date":"25 de March de 2024","format":false,"excerpt":"Uma idosa de 82 anos morreu no \u00faltimo domingo (24) depois de ficar 17 dias internada no HC-UE (Hospital das Cl\u00ednicas \u2013 Unidade de Emerg\u00eancia) de Ribeir\u00e3o Preto. Ela foi atropelada por uma moto no dia 7 de mar\u00e7o enquanto atravessava a rua. O acidente aconteceu na rua Vicente Leandro,\u2026","rel":"","context":"In &quot;Not\u00edcias de Ribeir\u00e3o Preto-SP e Regi\u00e3o&quot;","block_context":{"text":"Not\u00edcias de Ribeir\u00e3o Preto-SP e Regi\u00e3o","link":"https:\/\/noticiasribeiraopreto.com.br\/index.php\/category\/noticias-de-ribeirao-preto-sp-e-regiao-ismael-colosi\/"},"img":{"alt_text":"","src":"https:\/\/i0.wp.com\/noticiasribeiraopreto.com.br\/wp-content\/uploads\/2024\/03\/hc_ue_1024x576_27072020163553.jpg?fit=1024%2C576&ssl=1&resize=350%2C200","width":350,"height":200,"srcset":"https:\/\/i0.wp.com\/noticiasribeiraopreto.com.br\/wp-content\/uploads\/2024\/03\/hc_ue_1024x576_27072020163553.jpg?fit=1024%2C576&ssl=1&resize=350%2C200 1x, https:\/\/i0.wp.com\/noticiasribeiraopreto.com.br\/wp-content\/uploads\/2024\/03\/hc_ue_1024x576_27072020163553.jpg?fit=1024%2C576&ssl=1&resize=525%2C300 1.5x, https:\/\/i0.wp.com\/noticiasribeiraopreto.com.br\/wp-content\/uploads\/2024\/03\/hc_ue_1024x576_27072020163553.jpg?fit=1024%2C576&ssl=1&resize=700%2C400 2x"},"classes":[]},{"id":63619,"url":"https:\/\/noticiasribeiraopreto.com.br\/index.php\/2025\/02\/18\/tragedia-no-centro-de-ribeirao-preto-idosa-perde-a-vida-apos-ser-atropelada-por-onibus\/","url_meta":{"origin":91022,"position":5},"title":"Trag\u00e9dia no Centro de Ribeir\u00e3o Preto: Idosa Perde a Vida Ap\u00f3s Ser Atropelada por \u00d4nibus","author":"noticiasribeiraopreto.com.br","date":"18 de February de 2025","format":false,"excerpt":"No cora\u00e7\u00e3o de Ribeir\u00e3o Preto, um grave acidente interrompeu a rotina da cidade. Uma idosa foi fatalmente atropelada por um \u00f4nibus enquanto transitava pelo centro, gerando profunda consterna\u00e7\u00e3o entre os presentes. O epis\u00f3dio, capturado em v\u00eddeo por testemunhas, mostra a cena chocante que ocorreu em uma \u00e1rea de grande circula\u00e7\u00e3o\u2026","rel":"","context":"In &quot;Not\u00edcias de Ribeir\u00e3o Preto-SP e Regi\u00e3o&quot;","block_context":{"text":"Not\u00edcias de Ribeir\u00e3o Preto-SP e Regi\u00e3o","link":"https:\/\/noticiasribeiraopreto.com.br\/index.php\/category\/noticias-de-ribeirao-preto-sp-e-regiao-ismael-colosi\/"},"img":{"alt_text":"","src":"https:\/\/i0.wp.com\/noticiasribeiraopreto.com.br\/wp-content\/uploads\/2025\/02\/4_fiscalizacao_corredores_central_-_foto_fernando_gonzaga_8.jpeg?fit=1200%2C800&ssl=1&resize=350%2C200","width":350,"height":200,"srcset":"https:\/\/i0.wp.com\/noticiasribeiraopreto.com.br\/wp-content\/uploads\/2025\/02\/4_fiscalizacao_corredores_central_-_foto_fernando_gonzaga_8.jpeg?fit=1200%2C800&ssl=1&resize=350%2C200 1x, https:\/\/i0.wp.com\/noticiasribeiraopreto.com.br\/wp-content\/uploads\/2025\/02\/4_fiscalizacao_corredores_central_-_foto_fernando_gonzaga_8.jpeg?fit=1200%2C800&ssl=1&resize=525%2C300 1.5x, https:\/\/i0.wp.com\/noticiasribeiraopreto.com.br\/wp-content\/uploads\/2025\/02\/4_fiscalizacao_corredores_central_-_foto_fernando_gonzaga_8.jpeg?fit=1200%2C800&ssl=1&resize=700%2C400 2x, https:\/\/i0.wp.com\/noticiasribeiraopreto.com.br\/wp-content\/uploads\/2025\/02\/4_fiscalizacao_corredores_central_-_foto_fernando_gonzaga_8.jpeg?fit=1200%2C800&ssl=1&resize=1050%2C600 3x"},"classes":[]}],"jetpack_sharing_enabled":true,"jetpack_shortlink":"https:\/\/wp.me\/peQAOb-nG6","jetpack_featured_media_url":"https:\/\/i0.wp.com\/noticiasribeiraopreto.com.br\/wp-content\/uploads\/2026\/09\/roubo-idosa-ribeirao-preto-5.jpg?fit=1200%2C675&ssl=1","_links":{"self":[{"href":"https:\/\/noticiasribeiraopreto.com.br\/index.php\/wp-json\/wp\/v2\/posts\/91022","targetHints":{"allow":["GET"]}}],"collection":[{"href":"https:\/\/noticiasribeiraopreto.com.br\/index.php\/wp-json\/wp\/v2\/posts"}],"about":[{"href":"https:\/\/noticiasribeiraopreto.com.br\/index.php\/wp-json\/wp\/v2\/types\/post"}],"author":[{"embeddable":true,"href":"https:\/\/noticiasribeiraopreto.com.br\/index.php\/wp-json\/wp\/v2\/users\/1"}],"replies":[{"embeddable":true,"href":"https:\/\/noticiasribeiraopreto.com.br\/index.php\/wp-json\/wp\/v2\/comments?post=91022"}],"version-history":[{"count":0,"href":"https:\/\/noticiasribeiraopreto.com.br\/index.php\/wp-json\/wp\/v2\/posts\/91022\/revisions"}],"wp:featuredmedia":[{"embeddable":true,"href":"https:\/\/noticiasribeiraopreto.com.br\/index.php\/wp-json\/wp\/v2\/media\/91023"}],"wp:attachment":[{"href":"https:\/\/noticiasribeiraopreto.com.br\/index.php\/wp-json\/wp\/v2\/media?parent=91022"}],"wp:term":[{"taxonomy":"category","embeddable":true,"href":"https:\/\/noticiasribeiraopreto.com.br\/index.php\/wp-json\/wp\/v2\/categories?post=91022"},{"taxonomy":"post_tag","embeddable":true,"href":"https:\/\/noticiasribeiraopreto.com.br\/index.php\/wp-json\/wp\/v2\/tags?post=91022"}],"curies":[{"name":"wp","href":"https:\/\/api.w.org\/{rel}","templated":true}]}}